{"id":29609,"date":"2026-04-29T14:03:14","date_gmt":"2026-04-29T14:03:14","guid":{"rendered":"https:\/\/dpress.ma\/fr\/?p=29609"},"modified":"2026-04-29T14:03:17","modified_gmt":"2026-04-29T14:03:17","slug":"chantier-du-port-dakhla-atlantique-journee-de-sensibilisation-a-la-sante-mentale-et-a-la-securite-au-travail","status":"publish","type":"post","link":"https:\/\/dpress.ma\/fr\/2026\/04\/29\/chantier-du-port-dakhla-atlantique-journee-de-sensibilisation-a-la-sante-mentale-et-a-la-securite-au-travail\/","title":{"rendered":"Chantier du port Dakhla Atlantique: Journ\u00e9e de sensibilisation \u00e0 la sant\u00e9 mentale et \u00e0 la s\u00e9curit\u00e9 au travail"},"content":{"rendered":"\n<p>Dpress<\/p>\n\n\n\n<p>La Direction de l\u2019am\u00e9nagement du port Dakhla Atlantique (minist\u00e8re de l\u2019\u00c9quipement et de l\u2019Eau) a organis\u00e9, mardi au chantier du port, une journ\u00e9e de sensibilisation \u00e0 la sant\u00e9 mentale et \u00e0 la s\u00e9curit\u00e9 au travail.<\/p>\n\n\n\n<p>Organis\u00e9e dans le cadre de la Journ\u00e9e internationale de la sant\u00e9 et de la s\u00e9curit\u00e9 au travail, cette initiative, qui en est \u00e0 sa troisi\u00e8me \u00e9dition, a r\u00e9uni des repr\u00e9sentants des autorit\u00e9s locales, d\u2019\u00e9tablissements publics, des entreprises intervenant sur le projet, ainsi que des cadres et ouvriers.<\/p>\n\n\n\n<p>Plac\u00e9e sous le th\u00e8me \u201cla sant\u00e9 psychologique et sociale en milieu professionnel\u201d, cette Journ\u00e9e s\u2019inscrit dans une d\u00e9marche visant \u00e0 \u00e9largir le champ de la s\u00e9curit\u00e9 au travail au-del\u00e0 des aspects techniques, pour int\u00e9grer les dimensions li\u00e9es au bien-\u00eatre des travailleurs.<\/p>\n\n\n\n<p>Dans une d\u00e9claration \u00e0 la MAP, la Directrice de l\u2019Am\u00e9nagement du Port Dakhla Atlantique, Nisrine Iouzzi, a indiqu\u00e9 que ce projet, consid\u00e9r\u00e9 parmi les principaux chantiers portuaires du Royaume, s\u2019inscrit dans le cadre des Hautes Orientations Royales visant \u00e0 renforcer la coop\u00e9ration africaine, notant que le futur Port constitue un projet phare du nouveau mod\u00e8le de d\u00e9veloppement des provinces du Sud du Royaume.<\/p>\n\n\n\n<p>Cette rencontre a mis l\u2019accent sur la sant\u00e9 et la s\u00e9curit\u00e9 au travail, notamment la sant\u00e9 psychologique et sociale des travailleurs sur le chantier, a-t-elle soulign\u00e9, relevant que plus de 18 millions d\u2019heures de travail ont \u00e9t\u00e9 r\u00e9alis\u00e9es entre 2025 et 2026 sans enregistrer aucun accident grave.<\/p>\n\n\n\n<p>Ces r\u00e9sultats sont dus \u00e0 la coordination des efforts entre les diff\u00e9rents intervenants, notamment les \u00e9quipes de supervision, les entreprises charg\u00e9es des travaux, les laboratoires, les bureaux d\u2019\u00e9tudes et les travailleurs, a-t-elle poursuivi.<\/p>\n\n\n\n<p>De son c\u00f4t\u00e9, le responsable sant\u00e9, s\u00e9curit\u00e9 et environnement du projet, Said Belkadi, a mis en avant l\u2019approche de \u201cs\u00e9curit\u00e9 bas\u00e9e sur les comportements\u201d (Behavior-Based Safety).<\/p>\n\n\n\n<p>Cette approche, a-t-il poursuivi, repose sur l\u2019implication de l\u2019ensemble des acteurs dans le sens o\u00f9 chaque intervenant est appel\u00e9 \u00e0 signaler les situations \u00e0 risque et \u00e0 encourager les comportements s\u00fbrs, aussi bien sur le chantier que dans les activit\u00e9s li\u00e9es au projet.<\/p>\n\n\n\n<p>Lors de cette rencontre, l\u2019accent a \u00e9t\u00e9 mis sur la n\u00e9cessit\u00e9 d\u2019adopter une approche bas\u00e9e sur les facteurs environnementaux, sociaux et de gouvernance (ESG), en int\u00e9grant ces dimensions dans la gestion des risques et l\u2019\u00e9valuation des performances des projets d\u2019infrastructures.<\/p>\n\n\n\n<p>Au programme de cette journ\u00e9e figurent des conf\u00e9rences, des ateliers th\u00e9matiques et des sessions d\u2019\u00e9change sur les risques psychosociaux, le cadre r\u00e9glementaire et les bonnes pratiques en mati\u00e8re de s\u00e9curit\u00e9, ainsi qu\u2019une c\u00e9r\u00e9monie de distinction des travailleurs.<\/p>\n\n\n\n<p>A noter que le chantier du port Dakhla Atlantique a enregistr\u00e9 plus de 18 millions d\u2019heures de travail, mobilisant pr\u00e8s de 1.900 travailleurs, sans enregistrer d\u2019accident mortel ou grave, ce qui refl\u00e8te l\u2019efficacit\u00e9 des mesures de pr\u00e9vention adopt\u00e9es.<\/p>\n","protected":false},"excerpt":{"rendered":"<p>Dpress La Direction de l\u2019am\u00e9nagement du port Dakhla Atlantique (minist\u00e8re de l\u2019\u00c9quipement et de l\u2019Eau) a organis\u00e9, mardi au chantier du port, une journ\u00e9e de sensibilisation \u00e0 la sant\u00e9 mentale et \u00e0 la s\u00e9curit\u00e9 au travail. Organis\u00e9e dans le cadre de la Journ\u00e9e internationale de la sant\u00e9 et de la s\u00e9curit\u00e9 au travail, cette initiative, &hellip;<\/p>\n","protected":false},"author":2,"featured_media":29610,"comment_status":"open","ping_status":"open","sticky":false,"template":"","format":"standard","meta":{"footnotes":""},"categories":[40],"tags":[],"class_list":["post-29609","post","type-post","status-publish","format-standard","has-post-thumbnail","hentry","category-societe-et-regions"],"yoast_head":"<!-- This site is optimized with the Yoast SEO plugin v27.5 - https:\/\/yoast.com\/product\/yoast-seo-wordpress\/ -->\n<title>Chantier du port Dakhla Atlantique: Journ\u00e9e de sensibilisation \u00e0 la sant\u00e9 mentale et \u00e0 la s\u00e9curit\u00e9 au travail - Dpress.ma\/fr<\/title>\n<meta name=\"robots\" content=\"index, follow, max-snippet:-1, max-image-preview:large, max-video-preview:-1\" \/>\n<link rel=\"canonical\" href=\"https:\/\/dpress.ma\/fr\/2026\/04\/29\/chantier-du-port-dakhla-atlantique-journee-de-sensibilisation-a-la-sante-mentale-et-a-la-securite-au-travail\/\" \/>\n<meta property=\"og:locale\" content=\"fr_FR\" \/>\n<meta property=\"og:type\" content=\"article\" \/>\n<meta property=\"og:title\" content=\"Chantier du port Dakhla Atlantique: Journ\u00e9e de sensibilisation \u00e0 la sant\u00e9 mentale et \u00e0 la s\u00e9curit\u00e9 au travail - Dpress.ma\/fr\" \/>\n<meta property=\"og:description\" content=\"Dpress La Direction de l\u2019am\u00e9nagement du port Dakhla Atlantique (minist\u00e8re de l\u2019\u00c9quipement et de l\u2019Eau) a organis\u00e9, mardi au chantier du port, une journ\u00e9e de sensibilisation \u00e0 la sant\u00e9 mentale et \u00e0 la s\u00e9curit\u00e9 au travail. Organis\u00e9e dans le cadre de la Journ\u00e9e internationale de la sant\u00e9 et de la s\u00e9curit\u00e9 au travail, cette initiative, &hellip;\" \/>\n<meta property=\"og:url\" content=\"https:\/\/dpress.ma\/fr\/2026\/04\/29\/chantier-du-port-dakhla-atlantique-journee-de-sensibilisation-a-la-sante-mentale-et-a-la-securite-au-travail\/\" \/>\n<meta property=\"og:site_name\" content=\"Dpress.ma\/fr\" \/>\n<meta property=\"article:published_time\" content=\"2026-04-29T14:03:14+00:00\" \/>\n<meta property=\"article:modified_time\" content=\"2026-04-29T14:03:17+00:00\" \/>\n<meta property=\"og:image\" content=\"https:\/\/dpress.ma\/fr\/wp-content\/uploads\/sites\/2\/2026\/04\/31-12.jpg\" \/>\n\t<meta property=\"og:image:width\" content=\"2539\" \/>\n\t<meta property=\"og:image:height\" content=\"1594\" \/>\n\t<meta property=\"og:image:type\" content=\"image\/jpeg\" \/>\n<meta name=\"author\" content=\"Dpress.ma\" \/>\n<meta name=\"twitter:card\" content=\"summary_large_image\" \/>\n<meta name=\"twitter:label1\" content=\"\u00c9crit par\" \/>\n\t<meta name=\"twitter:data1\" content=\"Dpress.ma\" \/>\n\t<meta name=\"twitter:label2\" content=\"Dur\u00e9e de lecture estim\u00e9e\" \/>\n\t<meta name=\"twitter:data2\" content=\"3 minutes\" \/>\n<script type=\"application\/ld+json\" class=\"yoast-schema-graph\">{\"@context\":\"https:\\\/\\\/schema.org\",\"@graph\":[{\"@type\":\"Article\",\"@id\":\"https:\\\/\\\/dpress.ma\\\/fr\\\/2026\\\/04\\\/29\\\/chantier-du-port-dakhla-atlantique-journee-de-sensibilisation-a-la-sante-mentale-et-a-la-securite-au-travail\\\/#article\",\"isPartOf\":{\"@id\":\"https:\\\/\\\/dpress.ma\\\/fr\\\/2026\\\/04\\\/29\\\/chantier-du-port-dakhla-atlantique-journee-de-sensibilisation-a-la-sante-mentale-et-a-la-securite-au-travail\\\/\"},\"author\":{\"name\":\"Dpress.ma\",\"@id\":\"https:\\\/\\\/dpress.ma\\\/fr\\\/#\\\/schema\\\/person\\\/4898febf3ccd59e6578d838656a306a0\"},\"headline\":\"Chantier du port Dakhla Atlantique: Journ\u00e9e de sensibilisation \u00e0 la sant\u00e9 mentale et \u00e0 la s\u00e9curit\u00e9 au travail\",\"datePublished\":\"2026-04-29T14:03:14+00:00\",\"dateModified\":\"2026-04-29T14:03:17+00:00\",\"mainEntityOfPage\":{\"@id\":\"https:\\\/\\\/dpress.ma\\\/fr\\\/2026\\\/04\\\/29\\\/chantier-du-port-dakhla-atlantique-journee-de-sensibilisation-a-la-sante-mentale-et-a-la-securite-au-travail\\\/\"},\"wordCount\":529,\"commentCount\":0,\"image\":{\"@id\":\"https:\\\/\\\/dpress.ma\\\/fr\\\/2026\\\/04\\\/29\\\/chantier-du-port-dakhla-atlantique-journee-de-sensibilisation-a-la-sante-mentale-et-a-la-securite-au-travail\\\/#primaryimage\"},\"thumbnailUrl\":\"https:\\\/\\\/dpress.ma\\\/fr\\\/wp-content\\\/uploads\\\/sites\\\/2\\\/2026\\\/04\\\/31-12.jpg\",\"articleSection\":[\"societe et regions\"],\"inLanguage\":\"fr-FR\",\"potentialAction\":[{\"@type\":\"CommentAction\",\"name\":\"Comment\",\"target\":[\"https:\\\/\\\/dpress.ma\\\/fr\\\/2026\\\/04\\\/29\\\/chantier-du-port-dakhla-atlantique-journee-de-sensibilisation-a-la-sante-mentale-et-a-la-securite-au-travail\\\/#respond\"]}]},{\"@type\":\"WebPage\",\"@id\":\"https:\\\/\\\/dpress.ma\\\/fr\\\/2026\\\/04\\\/29\\\/chantier-du-port-dakhla-atlantique-journee-de-sensibilisation-a-la-sante-mentale-et-a-la-securite-au-travail\\\/\",\"url\":\"https:\\\/\\\/dpress.ma\\\/fr\\\/2026\\\/04\\\/29\\\/chantier-du-port-dakhla-atlantique-journee-de-sensibilisation-a-la-sante-mentale-et-a-la-securite-au-travail\\\/\",\"name\":\"Chantier du port Dakhla Atlantique: Journ\u00e9e de sensibilisation \u00e0 la sant\u00e9 mentale et \u00e0 la s\u00e9curit\u00e9 au travail - Dpress.ma\\\/fr\",\"isPartOf\":{\"@id\":\"https:\\\/\\\/dpress.ma\\\/fr\\\/#website\"},\"primaryImageOfPage\":{\"@id\":\"https:\\\/\\\/dpress.ma\\\/fr\\\/2026\\\/04\\\/29\\\/chantier-du-port-dakhla-atlantique-journee-de-sensibilisation-a-la-sante-mentale-et-a-la-securite-au-travail\\\/#primaryimage\"},\"image\":{\"@id\":\"https:\\\/\\\/dpress.ma\\\/fr\\\/2026\\\/04\\\/29\\\/chantier-du-port-dakhla-atlantique-journee-de-sensibilisation-a-la-sante-mentale-et-a-la-securite-au-travail\\\/#primaryimage\"},\"thumbnailUrl\":\"https:\\\/\\\/dpress.ma\\\/fr\\\/wp-content\\\/uploads\\\/sites\\\/2\\\/2026\\\/04\\\/31-12.jpg\",\"datePublished\":\"2026-04-29T14:03:14+00:00\",\"dateModified\":\"2026-04-29T14:03:17+00:00\",\"author\":{\"@id\":\"https:\\\/\\\/dpress.ma\\\/fr\\\/#\\\/schema\\\/person\\\/4898febf3ccd59e6578d838656a306a0\"},\"breadcrumb\":{\"@id\":\"https:\\\/\\\/dpress.ma\\\/fr\\\/2026\\\/04\\\/29\\\/chantier-du-port-dakhla-atlantique-journee-de-sensibilisation-a-la-sante-mentale-et-a-la-securite-au-travail\\\/#breadcrumb\"},\"inLanguage\":\"fr-FR\",\"potentialAction\":[{\"@type\":\"ReadAction\",\"target\":[\"https:\\\/\\\/dpress.ma\\\/fr\\\/2026\\\/04\\\/29\\\/chantier-du-port-dakhla-atlantique-journee-de-sensibilisation-a-la-sante-mentale-et-a-la-securite-au-travail\\\/\"]}]},{\"@type\":\"ImageObject\",\"inLanguage\":\"fr-FR\",\"@id\":\"https:\\\/\\\/dpress.ma\\\/fr\\\/2026\\\/04\\\/29\\\/chantier-du-port-dakhla-atlantique-journee-de-sensibilisation-a-la-sante-mentale-et-a-la-securite-au-travail\\\/#primaryimage\",\"url\":\"https:\\\/\\\/dpress.ma\\\/fr\\\/wp-content\\\/uploads\\\/sites\\\/2\\\/2026\\\/04\\\/31-12.jpg\",\"contentUrl\":\"https:\\\/\\\/dpress.ma\\\/fr\\\/wp-content\\\/uploads\\\/sites\\\/2\\\/2026\\\/04\\\/31-12.jpg\",\"width\":2539,\"height\":1594},{\"@type\":\"BreadcrumbList\",\"@id\":\"https:\\\/\\\/dpress.ma\\\/fr\\\/2026\\\/04\\\/29\\\/chantier-du-port-dakhla-atlantique-journee-de-sensibilisation-a-la-sante-mentale-et-a-la-securite-au-travail\\\/#breadcrumb\",\"itemListElement\":[{\"@type\":\"ListItem\",\"position\":1,\"name\":\"Home\",\"item\":\"https:\\\/\\\/dpress.ma\\\/fr\\\/\"},{\"@type\":\"ListItem\",\"position\":2,\"name\":\"Chantier du port Dakhla Atlantique: Journ\u00e9e de sensibilisation \u00e0 la sant\u00e9 mentale et \u00e0 la s\u00e9curit\u00e9 au travail\"}]},{\"@type\":\"WebSite\",\"@id\":\"https:\\\/\\\/dpress.ma\\\/fr\\\/#website\",\"url\":\"https:\\\/\\\/dpress.ma\\\/fr\\\/\",\"name\":\"Dpress.ma\\\/fr\",\"description\":\"\",\"potentialAction\":[{\"@type\":\"SearchAction\",\"target\":{\"@type\":\"EntryPoint\",\"urlTemplate\":\"https:\\\/\\\/dpress.ma\\\/fr\\\/?s={search_term_string}\"},\"query-input\":{\"@type\":\"PropertyValueSpecification\",\"valueRequired\":true,\"valueName\":\"search_term_string\"}}],\"inLanguage\":\"fr-FR\"},{\"@type\":\"Person\",\"@id\":\"https:\\\/\\\/dpress.ma\\\/fr\\\/#\\\/schema\\\/person\\\/4898febf3ccd59e6578d838656a306a0\",\"name\":\"Dpress.ma\",\"image\":{\"@type\":\"ImageObject\",\"inLanguage\":\"fr-FR\",\"@id\":\"https:\\\/\\\/secure.gravatar.com\\\/avatar\\\/72ecc30e9db047a2e0e7176561eb9d564ed77c8108376495b19bd8336405198a?s=96&d=mm&r=g\",\"url\":\"https:\\\/\\\/secure.gravatar.com\\\/avatar\\\/72ecc30e9db047a2e0e7176561eb9d564ed77c8108376495b19bd8336405198a?s=96&d=mm&r=g\",\"contentUrl\":\"https:\\\/\\\/secure.gravatar.com\\\/avatar\\\/72ecc30e9db047a2e0e7176561eb9d564ed77c8108376495b19bd8336405198a?s=96&d=mm&r=g\",\"caption\":\"Dpress.ma\"},\"sameAs\":[\"https:\\\/\\\/www.dpress.ma\"],\"url\":\"https:\\\/\\\/dpress.ma\\\/fr\\\/author\\\/dpress-ma\\\/\"}]}<\/script>\n<!-- \/ Yoast SEO plugin. -->","yoast_head_json":{"title":"Chantier du port Dakhla Atlantique: Journ\u00e9e de sensibilisation \u00e0 la sant\u00e9 mentale et \u00e0 la s\u00e9curit\u00e9 au travail - Dpress.ma\/fr","robots":{"index":"index","follow":"follow","max-snippet":"max-snippet:-1","max-image-preview":"max-image-preview:large","max-video-preview":"max-video-preview:-1"},"canonical":"https:\/\/dpress.ma\/fr\/2026\/04\/29\/chantier-du-port-dakhla-atlantique-journee-de-sensibilisation-a-la-sante-mentale-et-a-la-securite-au-travail\/","og_locale":"fr_FR","og_type":"article","og_title":"Chantier du port Dakhla Atlantique: Journ\u00e9e de sensibilisation \u00e0 la sant\u00e9 mentale et \u00e0 la s\u00e9curit\u00e9 au travail - Dpress.ma\/fr","og_description":"Dpress La Direction de l\u2019am\u00e9nagement du port Dakhla Atlantique (minist\u00e8re de l\u2019\u00c9quipement et de l\u2019Eau) a organis\u00e9, mardi au chantier du port, une journ\u00e9e de sensibilisation \u00e0 la sant\u00e9 mentale et \u00e0 la s\u00e9curit\u00e9 au travail. Organis\u00e9e dans le cadre de la Journ\u00e9e internationale de la sant\u00e9 et de la s\u00e9curit\u00e9 au travail, cette initiative, &hellip;","og_url":"https:\/\/dpress.ma\/fr\/2026\/04\/29\/chantier-du-port-dakhla-atlantique-journee-de-sensibilisation-a-la-sante-mentale-et-a-la-securite-au-travail\/","og_site_name":"Dpress.ma\/fr","article_published_time":"2026-04-29T14:03:14+00:00","article_modified_time":"2026-04-29T14:03:17+00:00","og_image":[{"width":2539,"height":1594,"url":"https:\/\/dpress.ma\/fr\/wp-content\/uploads\/sites\/2\/2026\/04\/31-12.jpg","type":"image\/jpeg"}],"author":"Dpress.ma","twitter_card":"summary_large_image","twitter_misc":{"\u00c9crit par":"Dpress.ma","Dur\u00e9e de lecture estim\u00e9e":"3 minutes"},"schema":{"@context":"https:\/\/schema.org","@graph":[{"@type":"Article","@id":"https:\/\/dpress.ma\/fr\/2026\/04\/29\/chantier-du-port-dakhla-atlantique-journee-de-sensibilisation-a-la-sante-mentale-et-a-la-securite-au-travail\/#article","isPartOf":{"@id":"https:\/\/dpress.ma\/fr\/2026\/04\/29\/chantier-du-port-dakhla-atlantique-journee-de-sensibilisation-a-la-sante-mentale-et-a-la-securite-au-travail\/"},"author":{"name":"Dpress.ma","@id":"https:\/\/dpress.ma\/fr\/#\/schema\/person\/4898febf3ccd59e6578d838656a306a0"},"headline":"Chantier du port Dakhla Atlantique: Journ\u00e9e de sensibilisation \u00e0 la sant\u00e9 mentale et \u00e0 la s\u00e9curit\u00e9 au travail","datePublished":"2026-04-29T14:03:14+00:00","dateModified":"2026-04-29T14:03:17+00:00","mainEntityOfPage":{"@id":"https:\/\/dpress.ma\/fr\/2026\/04\/29\/chantier-du-port-dakhla-atlantique-journee-de-sensibilisation-a-la-sante-mentale-et-a-la-securite-au-travail\/"},"wordCount":529,"commentCount":0,"image":{"@id":"https:\/\/dpress.ma\/fr\/2026\/04\/29\/chantier-du-port-dakhla-atlantique-journee-de-sensibilisation-a-la-sante-mentale-et-a-la-securite-au-travail\/#primaryimage"},"thumbnailUrl":"https:\/\/dpress.ma\/fr\/wp-content\/uploads\/sites\/2\/2026\/04\/31-12.jpg","articleSection":["societe et regions"],"inLanguage":"fr-FR","potentialAction":[{"@type":"CommentAction","name":"Comment","target":["https:\/\/dpress.ma\/fr\/2026\/04\/29\/chantier-du-port-dakhla-atlantique-journee-de-sensibilisation-a-la-sante-mentale-et-a-la-securite-au-travail\/#respond"]}]},{"@type":"WebPage","@id":"https:\/\/dpress.ma\/fr\/2026\/04\/29\/chantier-du-port-dakhla-atlantique-journee-de-sensibilisation-a-la-sante-mentale-et-a-la-securite-au-travail\/","url":"https:\/\/dpress.ma\/fr\/2026\/04\/29\/chantier-du-port-dakhla-atlantique-journee-de-sensibilisation-a-la-sante-mentale-et-a-la-securite-au-travail\/","name":"Chantier du port Dakhla Atlantique: Journ\u00e9e de sensibilisation \u00e0 la sant\u00e9 mentale et \u00e0 la s\u00e9curit\u00e9 au travail - Dpress.ma\/fr","isPartOf":{"@id":"https:\/\/dpress.ma\/fr\/#website"},"primaryImageOfPage":{"@id":"https:\/\/dpress.ma\/fr\/2026\/04\/29\/chantier-du-port-dakhla-atlantique-journee-de-sensibilisation-a-la-sante-mentale-et-a-la-securite-au-travail\/#primaryimage"},"image":{"@id":"https:\/\/dpress.ma\/fr\/2026\/04\/29\/chantier-du-port-dakhla-atlantique-journee-de-sensibilisation-a-la-sante-mentale-et-a-la-securite-au-travail\/#primaryimage"},"thumbnailUrl":"https:\/\/dpress.ma\/fr\/wp-content\/uploads\/sites\/2\/2026\/04\/31-12.jpg","datePublished":"2026-04-29T14:03:14+00:00","dateModified":"2026-04-29T14:03:17+00:00","author":{"@id":"https:\/\/dpress.ma\/fr\/#\/schema\/person\/4898febf3ccd59e6578d838656a306a0"},"breadcrumb":{"@id":"https:\/\/dpress.ma\/fr\/2026\/04\/29\/chantier-du-port-dakhla-atlantique-journee-de-sensibilisation-a-la-sante-mentale-et-a-la-securite-au-travail\/#breadcrumb"},"inLanguage":"fr-FR","potentialAction":[{"@type":"ReadAction","target":["https:\/\/dpress.ma\/fr\/2026\/04\/29\/chantier-du-port-dakhla-atlantique-journee-de-sensibilisation-a-la-sante-mentale-et-a-la-securite-au-travail\/"]}]},{"@type":"ImageObject","inLanguage":"fr-FR","@id":"https:\/\/dpress.ma\/fr\/2026\/04\/29\/chantier-du-port-dakhla-atlantique-journee-de-sensibilisation-a-la-sante-mentale-et-a-la-securite-au-travail\/#primaryimage","url":"https:\/\/dpress.ma\/fr\/wp-content\/uploads\/sites\/2\/2026\/04\/31-12.jpg","contentUrl":"https:\/\/dpress.ma\/fr\/wp-content\/uploads\/sites\/2\/2026\/04\/31-12.jpg","width":2539,"height":1594},{"@type":"BreadcrumbList","@id":"https:\/\/dpress.ma\/fr\/2026\/04\/29\/chantier-du-port-dakhla-atlantique-journee-de-sensibilisation-a-la-sante-mentale-et-a-la-securite-au-travail\/#breadcrumb","itemListElement":[{"@type":"ListItem","position":1,"name":"Home","item":"https:\/\/dpress.ma\/fr\/"},{"@type":"ListItem","position":2,"name":"Chantier du port Dakhla Atlantique: Journ\u00e9e de sensibilisation \u00e0 la sant\u00e9 mentale et \u00e0 la s\u00e9curit\u00e9 au travail"}]},{"@type":"WebSite","@id":"https:\/\/dpress.ma\/fr\/#website","url":"https:\/\/dpress.ma\/fr\/","name":"Dpress.ma\/fr","description":"","potentialAction":[{"@type":"SearchAction","target":{"@type":"EntryPoint","urlTemplate":"https:\/\/dpress.ma\/fr\/?s={search_term_string}"},"query-input":{"@type":"PropertyValueSpecification","valueRequired":true,"valueName":"search_term_string"}}],"inLanguage":"fr-FR"},{"@type":"Person","@id":"https:\/\/dpress.ma\/fr\/#\/schema\/person\/4898febf3ccd59e6578d838656a306a0","name":"Dpress.ma","image":{"@type":"ImageObject","inLanguage":"fr-FR","@id":"https:\/\/secure.gravatar.com\/avatar\/72ecc30e9db047a2e0e7176561eb9d564ed77c8108376495b19bd8336405198a?s=96&d=mm&r=g","url":"https:\/\/secure.gravatar.com\/avatar\/72ecc30e9db047a2e0e7176561eb9d564ed77c8108376495b19bd8336405198a?s=96&d=mm&r=g","contentUrl":"https:\/\/secure.gravatar.com\/avatar\/72ecc30e9db047a2e0e7176561eb9d564ed77c8108376495b19bd8336405198a?s=96&d=mm&r=g","caption":"Dpress.ma"},"sameAs":["https:\/\/www.dpress.ma"],"url":"https:\/\/dpress.ma\/fr\/author\/dpress-ma\/"}]}},"amp_enabled":true,"_links":{"self":[{"href":"https:\/\/dpress.ma\/fr\/wp-json\/wp\/v2\/posts\/29609","targetHints":{"allow":["GET"]}}],"collection":[{"href":"https:\/\/dpress.ma\/fr\/wp-json\/wp\/v2\/posts"}],"about":[{"href":"https:\/\/dpress.ma\/fr\/wp-json\/wp\/v2\/types\/post"}],"author":[{"embeddable":true,"href":"https:\/\/dpress.ma\/fr\/wp-json\/wp\/v2\/users\/2"}],"replies":[{"embeddable":true,"href":"https:\/\/dpress.ma\/fr\/wp-json\/wp\/v2\/comments?post=29609"}],"version-history":[{"count":1,"href":"https:\/\/dpress.ma\/fr\/wp-json\/wp\/v2\/posts\/29609\/revisions"}],"predecessor-version":[{"id":29611,"href":"https:\/\/dpress.ma\/fr\/wp-json\/wp\/v2\/posts\/29609\/revisions\/29611"}],"wp:featuredmedia":[{"embeddable":true,"href":"https:\/\/dpress.ma\/fr\/wp-json\/wp\/v2\/media\/29610"}],"wp:attachment":[{"href":"https:\/\/dpress.ma\/fr\/wp-json\/wp\/v2\/media?parent=29609"}],"wp:term":[{"taxonomy":"category","embeddable":true,"href":"https:\/\/dpress.ma\/fr\/wp-json\/wp\/v2\/categories?post=29609"},{"taxonomy":"post_tag","embeddable":true,"href":"https:\/\/dpress.ma\/fr\/wp-json\/wp\/v2\/tags?post=29609"}],"curies":[{"name":"wp","href":"https:\/\/api.w.org\/{rel}","templated":true}]}}