{"id":29606,"date":"2026-04-29T14:02:16","date_gmt":"2026-04-29T14:02:16","guid":{"rendered":"https:\/\/dpress.ma\/fr\/?p=29606"},"modified":"2026-04-29T14:02:18","modified_gmt":"2026-04-29T14:02:18","slug":"hospitality-celebration-week-mise-en-place-dun-village-dhospitalite-a-laeroport-marrakech-menara","status":"publish","type":"post","link":"https:\/\/dpress.ma\/fr\/2026\/04\/29\/hospitality-celebration-week-mise-en-place-dun-village-dhospitalite-a-laeroport-marrakech-menara\/","title":{"rendered":"Hospitality Celebration Week: Mise en place d\u2019un \u201cVillage d\u2019Hospitalit\u00e9\u201d \u00e0 l\u2019A\u00e9roport Marrakech-M\u00e9nara"},"content":{"rendered":"\n<p>Dpress<\/p>\n\n\n\n<p>Un \u201cVillage d\u2019Hospitalit\u00e9\u201d a \u00e9t\u00e9 mis en place au niveau de l\u2019A\u00e9roport International Marrakech-M\u00e9nara, avec comme objectif d\u2019offrir aux voyageurs une immersion imm\u00e9diate dans l\u2019hospitalit\u00e9 marocaine d\u00e8s leur arriv\u00e9e, transformant ce premier contact avec le Maroc en une exp\u00e9rience m\u00e9morable, marqu\u00e9e par la convivialit\u00e9, le sens du partage et l\u2019attention port\u00e9e aux visiteurs et touristes du Royaume.<\/p>\n\n\n\n<p>Organis\u00e9e par la F\u00e9d\u00e9ration Nationale du Transport Touristique (FNTT), dans le cadre de la 3\u00e8 \u00e9dition de la&nbsp;Hospitality Celebration Week (Semaine de c\u00e9l\u00e9bration de l\u2019hospitalit\u00e9), cette initiative vise la valorisation de l\u2019image du Royaume en tant que destination touristique chaleureuse, authentique et ouverte sur le monde.<\/p>\n\n\n\n<p>Am\u00e9nag\u00e9 \u00e0 proximit\u00e9 de l\u2019acc\u00e8s \u00e0 l\u2019a\u00e9roport international Marrakech-M\u00e9nara, ce Village ambitionne de faire de l\u2019accueil des visiteurs une v\u00e9ritable vitrine du savoir-faire marocain.<\/p>\n\n\n\n<p>Le programme de cet \u00e9v\u00e9nement pr\u00e9voit un accueil des arriv\u00e9es \u201c\u00e0 la marocaine\u201d, avec une mise en avant des traditions locales, qui incarnent l\u2019art d\u2019accueillir propre \u00e0 une civilisation ancr\u00e9e dans l\u2019histoire.<\/p>\n\n\n\n<p>Sourires, hospitalit\u00e9 et chaleur humaine \u00e9taient au rendez-vous pour offrir aux touristes une r\u00e9ception \u00e0 la hauteur de la r\u00e9putation du Maroc en mati\u00e8re d\u2019accueil et d\u2019hospitalit\u00e9.<\/p>\n\n\n\n<p>Des animations culturelles ont \u00e9galement rythm\u00e9 cet \u00e9v\u00e9nement, mettant en lumi\u00e8re la richesse du patrimoine national \u00e0 travers des performances artistiques, et divers autres moments festifs, qui&nbsp;ont permis aux visiteurs de d\u00e9couvrir, d\u00e8s leur descente d\u2019avion, un aper\u00e7u vivant de la diversit\u00e9 culturelle marocaine.<\/p>\n\n\n\n<p>Dans une d\u00e9claration \u00e0 la MAP, le pr\u00e9sident de la FNTT, Mohamed Bamansour, a soulign\u00e9 que l\u2019hospitalit\u00e9 marocaine repr\u00e9sente un v\u00e9ritable art de vivre profond\u00e9ment ancr\u00e9 dans la culture nationale, relevant que cette valeur essentielle refl\u00e8te l\u2019identit\u00e9 du Maroc et participe pleinement \u00e0 l\u2019attractivit\u00e9 de la destination touristique, en offrant aux visiteurs une exp\u00e9rience humaine authentique d\u00e8s leur arriv\u00e9e.<\/p>\n\n\n\n<p>Dans ce cadre, il a expliqu\u00e9 que ce \u201cVillage d\u2019Hospitalit\u00e9\u201d a pour objectif de sensibiliser davantage les professionnels du secteur, notamment ceux du transport touristique, \u00e0 l\u2019importance de la promotion de la qualit\u00e9 du produit touristique national en renfor\u00e7ant les comp\u00e9tences, le professionnalisme et l\u2019engagement de tous les intervenants en contact direct avec les voyageurs.<\/p>\n\n\n\n<p>Bamansour a \u00e9galement pr\u00e9cis\u00e9 que cette d\u00e9marche illustre la volont\u00e9 collective de consolider la qualit\u00e9 de l\u2019accueil touristique et de renforcer davantage la position de Marrakech comme porte d\u2019entr\u00e9e incontournable du tourisme national et international, notant que la tenue de la 3\u00e8 \u00e9dition de la Semaine de c\u00e9l\u00e9bration de l\u2019hospitalit\u00e9&nbsp;intervient dans un contexte particuli\u00e8rement favorable pour le tourisme marocain, avec pr\u00e8s de 20 millions d\u2019arriv\u00e9es en 2025, des recettes atteignant 138 milliards de dirhams et une contribution directe au PIB de plus de 7%.<\/p>\n\n\n\n<p>Dans une d\u00e9claration similaire, Hayat Chardili, propri\u00e9taire d\u2019une soci\u00e9t\u00e9 de transport touristique, a relev\u00e9 que le transport touristique joue un r\u00f4le essentiel dans la promotion du tourisme, en constituant souvent le premier contact direct entre le visiteur et sa destination, d\u00e8s son arriv\u00e9e \u00e0 l\u2019a\u00e9roport, indiquant que le transport touristique participe activement \u00e0 l\u2019exp\u00e9rience globale du visiteur et \u00e0 la valorisation de l\u2019offre touristique.<\/p>\n\n\n\n<p>Au niveau de Marrakech, le programme de la Semaine de c\u00e9l\u00e9bration de l\u2019hospitalit\u00e9 comprend plusieurs temps forts, dont une table ronde organis\u00e9e sous le th\u00e8me \u201cComprendre, transmettre et valoriser l\u2019hospitalit\u00e9 marocaine dans les m\u00e9tiers du tourisme et des services\u201d, avec la participation d\u2019experts et de professionnels du secteur, en plus d\u2019une master class consacr\u00e9e \u00e0 la communaut\u00e9 de gestion des services de housekeeping h\u00f4telier, proposant une approche pratique des standards et exigences du m\u00e9tier.<\/p>\n\n\n\n<p>Lanc\u00e9e dans les diff\u00e9rentes r\u00e9gions du Royaume, par la Conf\u00e9d\u00e9ration nationale du tourisme (CNT), en partenariat avec le minist\u00e8re du Tourisme, de l\u2019Artisanat et de l\u2019\u00c9conomie sociale et solidaire, et en coordination avec les f\u00e9d\u00e9rations professionnelles et les acteurs r\u00e9gionaux, la 3\u00e8 \u00e9dition de la Hospitality Celebration Week, plac\u00e9e sous le th\u00e8me \u201cDiyafa marocaine : de l\u2019h\u00e9ritage \u00e0 l\u2019excellence touristique\u201d, repr\u00e9sente une occasion de renforcer l\u2019image du Maroc en tant que destination touristique exceptionnelle et de consolider la culture de l\u2019hospitalit\u00e9 comme l\u2019un des principaux \u00e9l\u00e9ments d\u2019attraction touristique et \u00e9conomique du Royaume.<\/p>\n","protected":false},"excerpt":{"rendered":"<p>Dpress Un \u201cVillage d\u2019Hospitalit\u00e9\u201d a \u00e9t\u00e9 mis en place au niveau de l\u2019A\u00e9roport International Marrakech-M\u00e9nara, avec comme objectif d\u2019offrir aux voyageurs une immersion imm\u00e9diate dans l\u2019hospitalit\u00e9 marocaine d\u00e8s leur arriv\u00e9e, transformant ce premier contact avec le Maroc en une exp\u00e9rience m\u00e9morable, marqu\u00e9e par la convivialit\u00e9, le sens du partage et l\u2019attention port\u00e9e aux visiteurs et &hellip;<\/p>\n","protected":false},"author":2,"featured_media":29607,"comment_status":"open","ping_status":"open","sticky":false,"template":"","format":"standard","meta":{"footnotes":""},"categories":[40],"tags":[],"class_list":["post-29606","post","type-post","status-publish","format-standard","has-post-thumbnail","hentry","category-societe-et-regions"],"yoast_head":"<!-- This site is optimized with the Yoast SEO plugin v27.5 - https:\/\/yoast.com\/product\/yoast-seo-wordpress\/ -->\n<title>Hospitality Celebration Week: Mise en place d\u2019un \u201cVillage d\u2019Hospitalit\u00e9\u201d \u00e0 l\u2019A\u00e9roport Marrakech-M\u00e9nara - Dpress.ma\/fr<\/title>\n<meta name=\"robots\" content=\"index, follow, max-snippet:-1, max-image-preview:large, max-video-preview:-1\" \/>\n<link rel=\"canonical\" href=\"https:\/\/dpress.ma\/fr\/2026\/04\/29\/hospitality-celebration-week-mise-en-place-dun-village-dhospitalite-a-laeroport-marrakech-menara\/\" \/>\n<meta property=\"og:locale\" content=\"fr_FR\" \/>\n<meta property=\"og:type\" content=\"article\" \/>\n<meta property=\"og:title\" content=\"Hospitality Celebration Week: Mise en place d\u2019un \u201cVillage d\u2019Hospitalit\u00e9\u201d \u00e0 l\u2019A\u00e9roport Marrakech-M\u00e9nara - Dpress.ma\/fr\" \/>\n<meta property=\"og:description\" content=\"Dpress Un \u201cVillage d\u2019Hospitalit\u00e9\u201d a \u00e9t\u00e9 mis en place au niveau de l\u2019A\u00e9roport International Marrakech-M\u00e9nara, avec comme objectif d\u2019offrir aux voyageurs une immersion imm\u00e9diate dans l\u2019hospitalit\u00e9 marocaine d\u00e8s leur arriv\u00e9e, transformant ce premier contact avec le Maroc en une exp\u00e9rience m\u00e9morable, marqu\u00e9e par la convivialit\u00e9, le sens du partage et l\u2019attention port\u00e9e aux visiteurs et &hellip;\" \/>\n<meta property=\"og:url\" content=\"https:\/\/dpress.ma\/fr\/2026\/04\/29\/hospitality-celebration-week-mise-en-place-dun-village-dhospitalite-a-laeroport-marrakech-menara\/\" \/>\n<meta property=\"og:site_name\" content=\"Dpress.ma\/fr\" \/>\n<meta property=\"article:published_time\" content=\"2026-04-29T14:02:16+00:00\" \/>\n<meta property=\"article:modified_time\" content=\"2026-04-29T14:02:18+00:00\" \/>\n<meta property=\"og:image\" content=\"https:\/\/dpress.ma\/fr\/wp-content\/uploads\/sites\/2\/2026\/04\/302.jpg\" \/>\n\t<meta property=\"og:image:width\" content=\"2539\" \/>\n\t<meta property=\"og:image:height\" content=\"1594\" \/>\n\t<meta property=\"og:image:type\" content=\"image\/jpeg\" \/>\n<meta name=\"author\" content=\"Dpress.ma\" \/>\n<meta name=\"twitter:card\" content=\"summary_large_image\" \/>\n<meta name=\"twitter:label1\" content=\"\u00c9crit par\" \/>\n\t<meta name=\"twitter:data1\" content=\"Dpress.ma\" \/>\n\t<meta name=\"twitter:label2\" content=\"Dur\u00e9e de lecture estim\u00e9e\" \/>\n\t<meta name=\"twitter:data2\" content=\"4 minutes\" \/>\n<script type=\"application\/ld+json\" class=\"yoast-schema-graph\">{\"@context\":\"https:\\\/\\\/schema.org\",\"@graph\":[{\"@type\":\"Article\",\"@id\":\"https:\\\/\\\/dpress.ma\\\/fr\\\/2026\\\/04\\\/29\\\/hospitality-celebration-week-mise-en-place-dun-village-dhospitalite-a-laeroport-marrakech-menara\\\/#article\",\"isPartOf\":{\"@id\":\"https:\\\/\\\/dpress.ma\\\/fr\\\/2026\\\/04\\\/29\\\/hospitality-celebration-week-mise-en-place-dun-village-dhospitalite-a-laeroport-marrakech-menara\\\/\"},\"author\":{\"name\":\"Dpress.ma\",\"@id\":\"https:\\\/\\\/dpress.ma\\\/fr\\\/#\\\/schema\\\/person\\\/4898febf3ccd59e6578d838656a306a0\"},\"headline\":\"Hospitality Celebration Week: Mise en place d\u2019un \u201cVillage d\u2019Hospitalit\u00e9\u201d \u00e0 l\u2019A\u00e9roport Marrakech-M\u00e9nara\",\"datePublished\":\"2026-04-29T14:02:16+00:00\",\"dateModified\":\"2026-04-29T14:02:18+00:00\",\"mainEntityOfPage\":{\"@id\":\"https:\\\/\\\/dpress.ma\\\/fr\\\/2026\\\/04\\\/29\\\/hospitality-celebration-week-mise-en-place-dun-village-dhospitalite-a-laeroport-marrakech-menara\\\/\"},\"wordCount\":781,\"commentCount\":0,\"image\":{\"@id\":\"https:\\\/\\\/dpress.ma\\\/fr\\\/2026\\\/04\\\/29\\\/hospitality-celebration-week-mise-en-place-dun-village-dhospitalite-a-laeroport-marrakech-menara\\\/#primaryimage\"},\"thumbnailUrl\":\"https:\\\/\\\/dpress.ma\\\/fr\\\/wp-content\\\/uploads\\\/sites\\\/2\\\/2026\\\/04\\\/302.jpg\",\"articleSection\":[\"societe et regions\"],\"inLanguage\":\"fr-FR\",\"potentialAction\":[{\"@type\":\"CommentAction\",\"name\":\"Comment\",\"target\":[\"https:\\\/\\\/dpress.ma\\\/fr\\\/2026\\\/04\\\/29\\\/hospitality-celebration-week-mise-en-place-dun-village-dhospitalite-a-laeroport-marrakech-menara\\\/#respond\"]}]},{\"@type\":\"WebPage\",\"@id\":\"https:\\\/\\\/dpress.ma\\\/fr\\\/2026\\\/04\\\/29\\\/hospitality-celebration-week-mise-en-place-dun-village-dhospitalite-a-laeroport-marrakech-menara\\\/\",\"url\":\"https:\\\/\\\/dpress.ma\\\/fr\\\/2026\\\/04\\\/29\\\/hospitality-celebration-week-mise-en-place-dun-village-dhospitalite-a-laeroport-marrakech-menara\\\/\",\"name\":\"Hospitality Celebration Week: Mise en place d\u2019un \u201cVillage d\u2019Hospitalit\u00e9\u201d \u00e0 l\u2019A\u00e9roport Marrakech-M\u00e9nara - Dpress.ma\\\/fr\",\"isPartOf\":{\"@id\":\"https:\\\/\\\/dpress.ma\\\/fr\\\/#website\"},\"primaryImageOfPage\":{\"@id\":\"https:\\\/\\\/dpress.ma\\\/fr\\\/2026\\\/04\\\/29\\\/hospitality-celebration-week-mise-en-place-dun-village-dhospitalite-a-laeroport-marrakech-menara\\\/#primaryimage\"},\"image\":{\"@id\":\"https:\\\/\\\/dpress.ma\\\/fr\\\/2026\\\/04\\\/29\\\/hospitality-celebration-week-mise-en-place-dun-village-dhospitalite-a-laeroport-marrakech-menara\\\/#primaryimage\"},\"thumbnailUrl\":\"https:\\\/\\\/dpress.ma\\\/fr\\\/wp-content\\\/uploads\\\/sites\\\/2\\\/2026\\\/04\\\/302.jpg\",\"datePublished\":\"2026-04-29T14:02:16+00:00\",\"dateModified\":\"2026-04-29T14:02:18+00:00\",\"author\":{\"@id\":\"https:\\\/\\\/dpress.ma\\\/fr\\\/#\\\/schema\\\/person\\\/4898febf3ccd59e6578d838656a306a0\"},\"breadcrumb\":{\"@id\":\"https:\\\/\\\/dpress.ma\\\/fr\\\/2026\\\/04\\\/29\\\/hospitality-celebration-week-mise-en-place-dun-village-dhospitalite-a-laeroport-marrakech-menara\\\/#breadcrumb\"},\"inLanguage\":\"fr-FR\",\"potentialAction\":[{\"@type\":\"ReadAction\",\"target\":[\"https:\\\/\\\/dpress.ma\\\/fr\\\/2026\\\/04\\\/29\\\/hospitality-celebration-week-mise-en-place-dun-village-dhospitalite-a-laeroport-marrakech-menara\\\/\"]}]},{\"@type\":\"ImageObject\",\"inLanguage\":\"fr-FR\",\"@id\":\"https:\\\/\\\/dpress.ma\\\/fr\\\/2026\\\/04\\\/29\\\/hospitality-celebration-week-mise-en-place-dun-village-dhospitalite-a-laeroport-marrakech-menara\\\/#primaryimage\",\"url\":\"https:\\\/\\\/dpress.ma\\\/fr\\\/wp-content\\\/uploads\\\/sites\\\/2\\\/2026\\\/04\\\/302.jpg\",\"contentUrl\":\"https:\\\/\\\/dpress.ma\\\/fr\\\/wp-content\\\/uploads\\\/sites\\\/2\\\/2026\\\/04\\\/302.jpg\",\"width\":2539,\"height\":1594},{\"@type\":\"BreadcrumbList\",\"@id\":\"https:\\\/\\\/dpress.ma\\\/fr\\\/2026\\\/04\\\/29\\\/hospitality-celebration-week-mise-en-place-dun-village-dhospitalite-a-laeroport-marrakech-menara\\\/#breadcrumb\",\"itemListElement\":[{\"@type\":\"ListItem\",\"position\":1,\"name\":\"Home\",\"item\":\"https:\\\/\\\/dpress.ma\\\/fr\\\/\"},{\"@type\":\"ListItem\",\"position\":2,\"name\":\"Hospitality Celebration Week: Mise en place d\u2019un \u201cVillage d\u2019Hospitalit\u00e9\u201d \u00e0 l\u2019A\u00e9roport Marrakech-M\u00e9nara\"}]},{\"@type\":\"WebSite\",\"@id\":\"https:\\\/\\\/dpress.ma\\\/fr\\\/#website\",\"url\":\"https:\\\/\\\/dpress.ma\\\/fr\\\/\",\"name\":\"Dpress.ma\\\/fr\",\"description\":\"\",\"potentialAction\":[{\"@type\":\"SearchAction\",\"target\":{\"@type\":\"EntryPoint\",\"urlTemplate\":\"https:\\\/\\\/dpress.ma\\\/fr\\\/?s={search_term_string}\"},\"query-input\":{\"@type\":\"PropertyValueSpecification\",\"valueRequired\":true,\"valueName\":\"search_term_string\"}}],\"inLanguage\":\"fr-FR\"},{\"@type\":\"Person\",\"@id\":\"https:\\\/\\\/dpress.ma\\\/fr\\\/#\\\/schema\\\/person\\\/4898febf3ccd59e6578d838656a306a0\",\"name\":\"Dpress.ma\",\"image\":{\"@type\":\"ImageObject\",\"inLanguage\":\"fr-FR\",\"@id\":\"https:\\\/\\\/secure.gravatar.com\\\/avatar\\\/72ecc30e9db047a2e0e7176561eb9d564ed77c8108376495b19bd8336405198a?s=96&d=mm&r=g\",\"url\":\"https:\\\/\\\/secure.gravatar.com\\\/avatar\\\/72ecc30e9db047a2e0e7176561eb9d564ed77c8108376495b19bd8336405198a?s=96&d=mm&r=g\",\"contentUrl\":\"https:\\\/\\\/secure.gravatar.com\\\/avatar\\\/72ecc30e9db047a2e0e7176561eb9d564ed77c8108376495b19bd8336405198a?s=96&d=mm&r=g\",\"caption\":\"Dpress.ma\"},\"sameAs\":[\"https:\\\/\\\/www.dpress.ma\"],\"url\":\"https:\\\/\\\/dpress.ma\\\/fr\\\/author\\\/dpress-ma\\\/\"}]}<\/script>\n<!-- \/ Yoast SEO plugin. -->","yoast_head_json":{"title":"Hospitality Celebration Week: Mise en place d\u2019un \u201cVillage d\u2019Hospitalit\u00e9\u201d \u00e0 l\u2019A\u00e9roport Marrakech-M\u00e9nara - Dpress.ma\/fr","robots":{"index":"index","follow":"follow","max-snippet":"max-snippet:-1","max-image-preview":"max-image-preview:large","max-video-preview":"max-video-preview:-1"},"canonical":"https:\/\/dpress.ma\/fr\/2026\/04\/29\/hospitality-celebration-week-mise-en-place-dun-village-dhospitalite-a-laeroport-marrakech-menara\/","og_locale":"fr_FR","og_type":"article","og_title":"Hospitality Celebration Week: Mise en place d\u2019un \u201cVillage d\u2019Hospitalit\u00e9\u201d \u00e0 l\u2019A\u00e9roport Marrakech-M\u00e9nara - Dpress.ma\/fr","og_description":"Dpress Un \u201cVillage d\u2019Hospitalit\u00e9\u201d a \u00e9t\u00e9 mis en place au niveau de l\u2019A\u00e9roport International Marrakech-M\u00e9nara, avec comme objectif d\u2019offrir aux voyageurs une immersion imm\u00e9diate dans l\u2019hospitalit\u00e9 marocaine d\u00e8s leur arriv\u00e9e, transformant ce premier contact avec le Maroc en une exp\u00e9rience m\u00e9morable, marqu\u00e9e par la convivialit\u00e9, le sens du partage et l\u2019attention port\u00e9e aux visiteurs et &hellip;","og_url":"https:\/\/dpress.ma\/fr\/2026\/04\/29\/hospitality-celebration-week-mise-en-place-dun-village-dhospitalite-a-laeroport-marrakech-menara\/","og_site_name":"Dpress.ma\/fr","article_published_time":"2026-04-29T14:02:16+00:00","article_modified_time":"2026-04-29T14:02:18+00:00","og_image":[{"width":2539,"height":1594,"url":"https:\/\/dpress.ma\/fr\/wp-content\/uploads\/sites\/2\/2026\/04\/302.jpg","type":"image\/jpeg"}],"author":"Dpress.ma","twitter_card":"summary_large_image","twitter_misc":{"\u00c9crit par":"Dpress.ma","Dur\u00e9e de lecture estim\u00e9e":"4 minutes"},"schema":{"@context":"https:\/\/schema.org","@graph":[{"@type":"Article","@id":"https:\/\/dpress.ma\/fr\/2026\/04\/29\/hospitality-celebration-week-mise-en-place-dun-village-dhospitalite-a-laeroport-marrakech-menara\/#article","isPartOf":{"@id":"https:\/\/dpress.ma\/fr\/2026\/04\/29\/hospitality-celebration-week-mise-en-place-dun-village-dhospitalite-a-laeroport-marrakech-menara\/"},"author":{"name":"Dpress.ma","@id":"https:\/\/dpress.ma\/fr\/#\/schema\/person\/4898febf3ccd59e6578d838656a306a0"},"headline":"Hospitality Celebration Week: Mise en place d\u2019un \u201cVillage d\u2019Hospitalit\u00e9\u201d \u00e0 l\u2019A\u00e9roport Marrakech-M\u00e9nara","datePublished":"2026-04-29T14:02:16+00:00","dateModified":"2026-04-29T14:02:18+00:00","mainEntityOfPage":{"@id":"https:\/\/dpress.ma\/fr\/2026\/04\/29\/hospitality-celebration-week-mise-en-place-dun-village-dhospitalite-a-laeroport-marrakech-menara\/"},"wordCount":781,"commentCount":0,"image":{"@id":"https:\/\/dpress.ma\/fr\/2026\/04\/29\/hospitality-celebration-week-mise-en-place-dun-village-dhospitalite-a-laeroport-marrakech-menara\/#primaryimage"},"thumbnailUrl":"https:\/\/dpress.ma\/fr\/wp-content\/uploads\/sites\/2\/2026\/04\/302.jpg","articleSection":["societe et regions"],"inLanguage":"fr-FR","potentialAction":[{"@type":"CommentAction","name":"Comment","target":["https:\/\/dpress.ma\/fr\/2026\/04\/29\/hospitality-celebration-week-mise-en-place-dun-village-dhospitalite-a-laeroport-marrakech-menara\/#respond"]}]},{"@type":"WebPage","@id":"https:\/\/dpress.ma\/fr\/2026\/04\/29\/hospitality-celebration-week-mise-en-place-dun-village-dhospitalite-a-laeroport-marrakech-menara\/","url":"https:\/\/dpress.ma\/fr\/2026\/04\/29\/hospitality-celebration-week-mise-en-place-dun-village-dhospitalite-a-laeroport-marrakech-menara\/","name":"Hospitality Celebration Week: Mise en place d\u2019un \u201cVillage d\u2019Hospitalit\u00e9\u201d \u00e0 l\u2019A\u00e9roport Marrakech-M\u00e9nara - Dpress.ma\/fr","isPartOf":{"@id":"https:\/\/dpress.ma\/fr\/#website"},"primaryImageOfPage":{"@id":"https:\/\/dpress.ma\/fr\/2026\/04\/29\/hospitality-celebration-week-mise-en-place-dun-village-dhospitalite-a-laeroport-marrakech-menara\/#primaryimage"},"image":{"@id":"https:\/\/dpress.ma\/fr\/2026\/04\/29\/hospitality-celebration-week-mise-en-place-dun-village-dhospitalite-a-laeroport-marrakech-menara\/#primaryimage"},"thumbnailUrl":"https:\/\/dpress.ma\/fr\/wp-content\/uploads\/sites\/2\/2026\/04\/302.jpg","datePublished":"2026-04-29T14:02:16+00:00","dateModified":"2026-04-29T14:02:18+00:00","author":{"@id":"https:\/\/dpress.ma\/fr\/#\/schema\/person\/4898febf3ccd59e6578d838656a306a0"},"breadcrumb":{"@id":"https:\/\/dpress.ma\/fr\/2026\/04\/29\/hospitality-celebration-week-mise-en-place-dun-village-dhospitalite-a-laeroport-marrakech-menara\/#breadcrumb"},"inLanguage":"fr-FR","potentialAction":[{"@type":"ReadAction","target":["https:\/\/dpress.ma\/fr\/2026\/04\/29\/hospitality-celebration-week-mise-en-place-dun-village-dhospitalite-a-laeroport-marrakech-menara\/"]}]},{"@type":"ImageObject","inLanguage":"fr-FR","@id":"https:\/\/dpress.ma\/fr\/2026\/04\/29\/hospitality-celebration-week-mise-en-place-dun-village-dhospitalite-a-laeroport-marrakech-menara\/#primaryimage","url":"https:\/\/dpress.ma\/fr\/wp-content\/uploads\/sites\/2\/2026\/04\/302.jpg","contentUrl":"https:\/\/dpress.ma\/fr\/wp-content\/uploads\/sites\/2\/2026\/04\/302.jpg","width":2539,"height":1594},{"@type":"BreadcrumbList","@id":"https:\/\/dpress.ma\/fr\/2026\/04\/29\/hospitality-celebration-week-mise-en-place-dun-village-dhospitalite-a-laeroport-marrakech-menara\/#breadcrumb","itemListElement":[{"@type":"ListItem","position":1,"name":"Home","item":"https:\/\/dpress.ma\/fr\/"},{"@type":"ListItem","position":2,"name":"Hospitality Celebration Week: Mise en place d\u2019un \u201cVillage d\u2019Hospitalit\u00e9\u201d \u00e0 l\u2019A\u00e9roport Marrakech-M\u00e9nara"}]},{"@type":"WebSite","@id":"https:\/\/dpress.ma\/fr\/#website","url":"https:\/\/dpress.ma\/fr\/","name":"Dpress.ma\/fr","description":"","potentialAction":[{"@type":"SearchAction","target":{"@type":"EntryPoint","urlTemplate":"https:\/\/dpress.ma\/fr\/?s={search_term_string}"},"query-input":{"@type":"PropertyValueSpecification","valueRequired":true,"valueName":"search_term_string"}}],"inLanguage":"fr-FR"},{"@type":"Person","@id":"https:\/\/dpress.ma\/fr\/#\/schema\/person\/4898febf3ccd59e6578d838656a306a0","name":"Dpress.ma","image":{"@type":"ImageObject","inLanguage":"fr-FR","@id":"https:\/\/secure.gravatar.com\/avatar\/72ecc30e9db047a2e0e7176561eb9d564ed77c8108376495b19bd8336405198a?s=96&d=mm&r=g","url":"https:\/\/secure.gravatar.com\/avatar\/72ecc30e9db047a2e0e7176561eb9d564ed77c8108376495b19bd8336405198a?s=96&d=mm&r=g","contentUrl":"https:\/\/secure.gravatar.com\/avatar\/72ecc30e9db047a2e0e7176561eb9d564ed77c8108376495b19bd8336405198a?s=96&d=mm&r=g","caption":"Dpress.ma"},"sameAs":["https:\/\/www.dpress.ma"],"url":"https:\/\/dpress.ma\/fr\/author\/dpress-ma\/"}]}},"amp_enabled":true,"_links":{"self":[{"href":"https:\/\/dpress.ma\/fr\/wp-json\/wp\/v2\/posts\/29606","targetHints":{"allow":["GET"]}}],"collection":[{"href":"https:\/\/dpress.ma\/fr\/wp-json\/wp\/v2\/posts"}],"about":[{"href":"https:\/\/dpress.ma\/fr\/wp-json\/wp\/v2\/types\/post"}],"author":[{"embeddable":true,"href":"https:\/\/dpress.ma\/fr\/wp-json\/wp\/v2\/users\/2"}],"replies":[{"embeddable":true,"href":"https:\/\/dpress.ma\/fr\/wp-json\/wp\/v2\/comments?post=29606"}],"version-history":[{"count":1,"href":"https:\/\/dpress.ma\/fr\/wp-json\/wp\/v2\/posts\/29606\/revisions"}],"predecessor-version":[{"id":29608,"href":"https:\/\/dpress.ma\/fr\/wp-json\/wp\/v2\/posts\/29606\/revisions\/29608"}],"wp:featuredmedia":[{"embeddable":true,"href":"https:\/\/dpress.ma\/fr\/wp-json\/wp\/v2\/media\/29607"}],"wp:attachment":[{"href":"https:\/\/dpress.ma\/fr\/wp-json\/wp\/v2\/media?parent=29606"}],"wp:term":[{"taxonomy":"category","embeddable":true,"href":"https:\/\/dpress.ma\/fr\/wp-json\/wp\/v2\/categories?post=29606"},{"taxonomy":"post_tag","embeddable":true,"href":"https:\/\/dpress.ma\/fr\/wp-json\/wp\/v2\/tags?post=29606"}],"curies":[{"name":"wp","href":"https:\/\/api.w.org\/{rel}","templated":true}]}}