{"id":29603,"date":"2026-04-29T14:00:07","date_gmt":"2026-04-29T14:00:07","guid":{"rendered":"https:\/\/dpress.ma\/fr\/?p=29603"},"modified":"2026-04-29T14:00:09","modified_gmt":"2026-04-29T14:00:09","slug":"dakhla-tenue-de-la-3e-policy-conference-de-lausaco","status":"publish","type":"post","link":"https:\/\/dpress.ma\/fr\/2026\/04\/29\/dakhla-tenue-de-la-3e-policy-conference-de-lausaco\/","title":{"rendered":"Dakhla: Tenue de la 3e Policy Conference de l\u2019AUSACO"},"content":{"rendered":"\n<p>Dpress<\/p>\n\n\n\n<p>&nbsp;La ville de Dakhla abrite, mercredi, la troisi\u00e8me Policy Conference de la Coalition pour l\u2019Autonomie au Sahara (AUSACO).<\/p>\n\n\n\n<p>Cette conf\u00e9rence de deux jours (29 et 30 avril) s\u2019inscrit cette ann\u00e9e dans un contexte in\u00e9dit impuls\u00e9 par l\u2019adoption historique de la r\u00e9solution 2797 du Conseil de s\u00e9curit\u00e9 de l\u2019ONU consacrant le plan d\u2019autonomie sous souverainet\u00e9 marocaine comme unique solution politique d\u00e9finitive au diff\u00e9rend r\u00e9gional sur le Sahara marocain.<\/p>\n\n\n\n<p>Elle sera marqu\u00e9e par la participation d\u2019\u00e9minentes personnalit\u00e9s issues de la diplomatie, de la sph\u00e8re politique, du monde acad\u00e9mique, ainsi que des repr\u00e9sentants des m\u00e9dias et de la soci\u00e9t\u00e9 civile.<\/p>\n\n\n\n<p>Plusieurs panels sont pr\u00e9vus \u00e0 cette occasion, ainsi que des visites de terrain de projets structurants qui s\u2019inscrivent dans le cadre du nouveau mod\u00e8le de d\u00e9veloppement pour les Provinces du Sud, notamment le Port Dakhla Atlantique, pour s\u2019enqu\u00e9rir de visu des avanc\u00e9es socio-\u00e9conomiques r\u00e9alis\u00e9es au niveau de la r\u00e9gion de Dakhla-Oued Eddahab.<\/p>\n\n\n\n<p>L\u2019AUSACO est une Organisation ind\u00e9pendante et autonome qui rassemble plus de 3.000 politiciens, parlementaires, diplomates, universitaires, journalistes, avocats et repr\u00e9sentants de la soci\u00e9t\u00e9 civile issus de tous les continents, \u0153uvrant pour le plaidoyer, dans les sph\u00e8res politiques, parlementaires et acad\u00e9miques, en faveur du plan marocain d\u2019autonomie comme seule solution pour parvenir \u00e0 un r\u00e8glement d\u00e9finitif de ce diff\u00e9rend r\u00e9gional.<\/p>\n","protected":false},"excerpt":{"rendered":"<p>Dpress &nbsp;La ville de Dakhla abrite, mercredi, la troisi\u00e8me Policy Conference de la Coalition pour l\u2019Autonomie au Sahara (AUSACO). Cette conf\u00e9rence de deux jours (29 et 30 avril) s\u2019inscrit cette ann\u00e9e dans un contexte in\u00e9dit impuls\u00e9 par l\u2019adoption historique de la r\u00e9solution 2797 du Conseil de s\u00e9curit\u00e9 de l\u2019ONU consacrant le plan d\u2019autonomie sous souverainet\u00e9 &hellip;<\/p>\n","protected":false},"author":2,"featured_media":29604,"comment_status":"open","ping_status":"open","sticky":false,"template":"","format":"standard","meta":{"footnotes":""},"categories":[40],"tags":[],"class_list":["post-29603","post","type-post","status-publish","format-standard","has-post-thumbnail","hentry","category-societe-et-regions"],"yoast_head":"<!-- This site is optimized with the Yoast SEO plugin v27.5 - https:\/\/yoast.com\/product\/yoast-seo-wordpress\/ -->\n<title>Dakhla: Tenue de la 3e Policy Conference de l\u2019AUSACO - Dpress.ma\/fr<\/title>\n<meta name=\"robots\" content=\"index, follow, max-snippet:-1, max-image-preview:large, max-video-preview:-1\" \/>\n<link rel=\"canonical\" href=\"https:\/\/dpress.ma\/fr\/2026\/04\/29\/dakhla-tenue-de-la-3e-policy-conference-de-lausaco\/\" \/>\n<meta property=\"og:locale\" content=\"fr_FR\" \/>\n<meta property=\"og:type\" content=\"article\" \/>\n<meta property=\"og:title\" content=\"Dakhla: Tenue de la 3e Policy Conference de l\u2019AUSACO - Dpress.ma\/fr\" \/>\n<meta property=\"og:description\" content=\"Dpress &nbsp;La ville de Dakhla abrite, mercredi, la troisi\u00e8me Policy Conference de la Coalition pour l\u2019Autonomie au Sahara (AUSACO). Cette conf\u00e9rence de deux jours (29 et 30 avril) s\u2019inscrit cette ann\u00e9e dans un contexte in\u00e9dit impuls\u00e9 par l\u2019adoption historique de la r\u00e9solution 2797 du Conseil de s\u00e9curit\u00e9 de l\u2019ONU consacrant le plan d\u2019autonomie sous souverainet\u00e9 &hellip;\" \/>\n<meta property=\"og:url\" content=\"https:\/\/dpress.ma\/fr\/2026\/04\/29\/dakhla-tenue-de-la-3e-policy-conference-de-lausaco\/\" \/>\n<meta property=\"og:site_name\" content=\"Dpress.ma\/fr\" \/>\n<meta property=\"article:published_time\" content=\"2026-04-29T14:00:07+00:00\" \/>\n<meta property=\"article:modified_time\" content=\"2026-04-29T14:00:09+00:00\" \/>\n<meta property=\"og:image\" content=\"https:\/\/dpress.ma\/fr\/wp-content\/uploads\/sites\/2\/2026\/04\/29-12.jpg\" \/>\n\t<meta property=\"og:image:width\" content=\"2539\" \/>\n\t<meta property=\"og:image:height\" content=\"1594\" \/>\n\t<meta property=\"og:image:type\" content=\"image\/jpeg\" \/>\n<meta name=\"author\" content=\"Dpress.ma\" \/>\n<meta name=\"twitter:card\" content=\"summary_large_image\" \/>\n<meta name=\"twitter:label1\" content=\"\u00c9crit par\" \/>\n\t<meta name=\"twitter:data1\" content=\"Dpress.ma\" \/>\n\t<meta name=\"twitter:label2\" content=\"Dur\u00e9e de lecture estim\u00e9e\" \/>\n\t<meta name=\"twitter:data2\" content=\"2 minutes\" \/>\n<script type=\"application\/ld+json\" class=\"yoast-schema-graph\">{\"@context\":\"https:\\\/\\\/schema.org\",\"@graph\":[{\"@type\":\"Article\",\"@id\":\"https:\\\/\\\/dpress.ma\\\/fr\\\/2026\\\/04\\\/29\\\/dakhla-tenue-de-la-3e-policy-conference-de-lausaco\\\/#article\",\"isPartOf\":{\"@id\":\"https:\\\/\\\/dpress.ma\\\/fr\\\/2026\\\/04\\\/29\\\/dakhla-tenue-de-la-3e-policy-conference-de-lausaco\\\/\"},\"author\":{\"name\":\"Dpress.ma\",\"@id\":\"https:\\\/\\\/dpress.ma\\\/fr\\\/#\\\/schema\\\/person\\\/4898febf3ccd59e6578d838656a306a0\"},\"headline\":\"Dakhla: Tenue de la 3e Policy Conference de l\u2019AUSACO\",\"datePublished\":\"2026-04-29T14:00:07+00:00\",\"dateModified\":\"2026-04-29T14:00:09+00:00\",\"mainEntityOfPage\":{\"@id\":\"https:\\\/\\\/dpress.ma\\\/fr\\\/2026\\\/04\\\/29\\\/dakhla-tenue-de-la-3e-policy-conference-de-lausaco\\\/\"},\"wordCount\":258,\"commentCount\":0,\"image\":{\"@id\":\"https:\\\/\\\/dpress.ma\\\/fr\\\/2026\\\/04\\\/29\\\/dakhla-tenue-de-la-3e-policy-conference-de-lausaco\\\/#primaryimage\"},\"thumbnailUrl\":\"https:\\\/\\\/dpress.ma\\\/fr\\\/wp-content\\\/uploads\\\/sites\\\/2\\\/2026\\\/04\\\/29-12.jpg\",\"articleSection\":[\"societe et regions\"],\"inLanguage\":\"fr-FR\",\"potentialAction\":[{\"@type\":\"CommentAction\",\"name\":\"Comment\",\"target\":[\"https:\\\/\\\/dpress.ma\\\/fr\\\/2026\\\/04\\\/29\\\/dakhla-tenue-de-la-3e-policy-conference-de-lausaco\\\/#respond\"]}]},{\"@type\":\"WebPage\",\"@id\":\"https:\\\/\\\/dpress.ma\\\/fr\\\/2026\\\/04\\\/29\\\/dakhla-tenue-de-la-3e-policy-conference-de-lausaco\\\/\",\"url\":\"https:\\\/\\\/dpress.ma\\\/fr\\\/2026\\\/04\\\/29\\\/dakhla-tenue-de-la-3e-policy-conference-de-lausaco\\\/\",\"name\":\"Dakhla: Tenue de la 3e Policy Conference de l\u2019AUSACO - Dpress.ma\\\/fr\",\"isPartOf\":{\"@id\":\"https:\\\/\\\/dpress.ma\\\/fr\\\/#website\"},\"primaryImageOfPage\":{\"@id\":\"https:\\\/\\\/dpress.ma\\\/fr\\\/2026\\\/04\\\/29\\\/dakhla-tenue-de-la-3e-policy-conference-de-lausaco\\\/#primaryimage\"},\"image\":{\"@id\":\"https:\\\/\\\/dpress.ma\\\/fr\\\/2026\\\/04\\\/29\\\/dakhla-tenue-de-la-3e-policy-conference-de-lausaco\\\/#primaryimage\"},\"thumbnailUrl\":\"https:\\\/\\\/dpress.ma\\\/fr\\\/wp-content\\\/uploads\\\/sites\\\/2\\\/2026\\\/04\\\/29-12.jpg\",\"datePublished\":\"2026-04-29T14:00:07+00:00\",\"dateModified\":\"2026-04-29T14:00:09+00:00\",\"author\":{\"@id\":\"https:\\\/\\\/dpress.ma\\\/fr\\\/#\\\/schema\\\/person\\\/4898febf3ccd59e6578d838656a306a0\"},\"breadcrumb\":{\"@id\":\"https:\\\/\\\/dpress.ma\\\/fr\\\/2026\\\/04\\\/29\\\/dakhla-tenue-de-la-3e-policy-conference-de-lausaco\\\/#breadcrumb\"},\"inLanguage\":\"fr-FR\",\"potentialAction\":[{\"@type\":\"ReadAction\",\"target\":[\"https:\\\/\\\/dpress.ma\\\/fr\\\/2026\\\/04\\\/29\\\/dakhla-tenue-de-la-3e-policy-conference-de-lausaco\\\/\"]}]},{\"@type\":\"ImageObject\",\"inLanguage\":\"fr-FR\",\"@id\":\"https:\\\/\\\/dpress.ma\\\/fr\\\/2026\\\/04\\\/29\\\/dakhla-tenue-de-la-3e-policy-conference-de-lausaco\\\/#primaryimage\",\"url\":\"https:\\\/\\\/dpress.ma\\\/fr\\\/wp-content\\\/uploads\\\/sites\\\/2\\\/2026\\\/04\\\/29-12.jpg\",\"contentUrl\":\"https:\\\/\\\/dpress.ma\\\/fr\\\/wp-content\\\/uploads\\\/sites\\\/2\\\/2026\\\/04\\\/29-12.jpg\",\"width\":2539,\"height\":1594},{\"@type\":\"BreadcrumbList\",\"@id\":\"https:\\\/\\\/dpress.ma\\\/fr\\\/2026\\\/04\\\/29\\\/dakhla-tenue-de-la-3e-policy-conference-de-lausaco\\\/#breadcrumb\",\"itemListElement\":[{\"@type\":\"ListItem\",\"position\":1,\"name\":\"Home\",\"item\":\"https:\\\/\\\/dpress.ma\\\/fr\\\/\"},{\"@type\":\"ListItem\",\"position\":2,\"name\":\"Dakhla: Tenue de la 3e Policy Conference de l\u2019AUSACO\"}]},{\"@type\":\"WebSite\",\"@id\":\"https:\\\/\\\/dpress.ma\\\/fr\\\/#website\",\"url\":\"https:\\\/\\\/dpress.ma\\\/fr\\\/\",\"name\":\"Dpress.ma\\\/fr\",\"description\":\"\",\"potentialAction\":[{\"@type\":\"SearchAction\",\"target\":{\"@type\":\"EntryPoint\",\"urlTemplate\":\"https:\\\/\\\/dpress.ma\\\/fr\\\/?s={search_term_string}\"},\"query-input\":{\"@type\":\"PropertyValueSpecification\",\"valueRequired\":true,\"valueName\":\"search_term_string\"}}],\"inLanguage\":\"fr-FR\"},{\"@type\":\"Person\",\"@id\":\"https:\\\/\\\/dpress.ma\\\/fr\\\/#\\\/schema\\\/person\\\/4898febf3ccd59e6578d838656a306a0\",\"name\":\"Dpress.ma\",\"image\":{\"@type\":\"ImageObject\",\"inLanguage\":\"fr-FR\",\"@id\":\"https:\\\/\\\/secure.gravatar.com\\\/avatar\\\/72ecc30e9db047a2e0e7176561eb9d564ed77c8108376495b19bd8336405198a?s=96&d=mm&r=g\",\"url\":\"https:\\\/\\\/secure.gravatar.com\\\/avatar\\\/72ecc30e9db047a2e0e7176561eb9d564ed77c8108376495b19bd8336405198a?s=96&d=mm&r=g\",\"contentUrl\":\"https:\\\/\\\/secure.gravatar.com\\\/avatar\\\/72ecc30e9db047a2e0e7176561eb9d564ed77c8108376495b19bd8336405198a?s=96&d=mm&r=g\",\"caption\":\"Dpress.ma\"},\"sameAs\":[\"https:\\\/\\\/www.dpress.ma\"],\"url\":\"https:\\\/\\\/dpress.ma\\\/fr\\\/author\\\/dpress-ma\\\/\"}]}<\/script>\n<!-- \/ Yoast SEO plugin. -->","yoast_head_json":{"title":"Dakhla: Tenue de la 3e Policy Conference de l\u2019AUSACO - Dpress.ma\/fr","robots":{"index":"index","follow":"follow","max-snippet":"max-snippet:-1","max-image-preview":"max-image-preview:large","max-video-preview":"max-video-preview:-1"},"canonical":"https:\/\/dpress.ma\/fr\/2026\/04\/29\/dakhla-tenue-de-la-3e-policy-conference-de-lausaco\/","og_locale":"fr_FR","og_type":"article","og_title":"Dakhla: Tenue de la 3e Policy Conference de l\u2019AUSACO - Dpress.ma\/fr","og_description":"Dpress &nbsp;La ville de Dakhla abrite, mercredi, la troisi\u00e8me Policy Conference de la Coalition pour l\u2019Autonomie au Sahara (AUSACO). Cette conf\u00e9rence de deux jours (29 et 30 avril) s\u2019inscrit cette ann\u00e9e dans un contexte in\u00e9dit impuls\u00e9 par l\u2019adoption historique de la r\u00e9solution 2797 du Conseil de s\u00e9curit\u00e9 de l\u2019ONU consacrant le plan d\u2019autonomie sous souverainet\u00e9 &hellip;","og_url":"https:\/\/dpress.ma\/fr\/2026\/04\/29\/dakhla-tenue-de-la-3e-policy-conference-de-lausaco\/","og_site_name":"Dpress.ma\/fr","article_published_time":"2026-04-29T14:00:07+00:00","article_modified_time":"2026-04-29T14:00:09+00:00","og_image":[{"width":2539,"height":1594,"url":"https:\/\/dpress.ma\/fr\/wp-content\/uploads\/sites\/2\/2026\/04\/29-12.jpg","type":"image\/jpeg"}],"author":"Dpress.ma","twitter_card":"summary_large_image","twitter_misc":{"\u00c9crit par":"Dpress.ma","Dur\u00e9e de lecture estim\u00e9e":"2 minutes"},"schema":{"@context":"https:\/\/schema.org","@graph":[{"@type":"Article","@id":"https:\/\/dpress.ma\/fr\/2026\/04\/29\/dakhla-tenue-de-la-3e-policy-conference-de-lausaco\/#article","isPartOf":{"@id":"https:\/\/dpress.ma\/fr\/2026\/04\/29\/dakhla-tenue-de-la-3e-policy-conference-de-lausaco\/"},"author":{"name":"Dpress.ma","@id":"https:\/\/dpress.ma\/fr\/#\/schema\/person\/4898febf3ccd59e6578d838656a306a0"},"headline":"Dakhla: Tenue de la 3e Policy Conference de l\u2019AUSACO","datePublished":"2026-04-29T14:00:07+00:00","dateModified":"2026-04-29T14:00:09+00:00","mainEntityOfPage":{"@id":"https:\/\/dpress.ma\/fr\/2026\/04\/29\/dakhla-tenue-de-la-3e-policy-conference-de-lausaco\/"},"wordCount":258,"commentCount":0,"image":{"@id":"https:\/\/dpress.ma\/fr\/2026\/04\/29\/dakhla-tenue-de-la-3e-policy-conference-de-lausaco\/#primaryimage"},"thumbnailUrl":"https:\/\/dpress.ma\/fr\/wp-content\/uploads\/sites\/2\/2026\/04\/29-12.jpg","articleSection":["societe et regions"],"inLanguage":"fr-FR","potentialAction":[{"@type":"CommentAction","name":"Comment","target":["https:\/\/dpress.ma\/fr\/2026\/04\/29\/dakhla-tenue-de-la-3e-policy-conference-de-lausaco\/#respond"]}]},{"@type":"WebPage","@id":"https:\/\/dpress.ma\/fr\/2026\/04\/29\/dakhla-tenue-de-la-3e-policy-conference-de-lausaco\/","url":"https:\/\/dpress.ma\/fr\/2026\/04\/29\/dakhla-tenue-de-la-3e-policy-conference-de-lausaco\/","name":"Dakhla: Tenue de la 3e Policy Conference de l\u2019AUSACO - Dpress.ma\/fr","isPartOf":{"@id":"https:\/\/dpress.ma\/fr\/#website"},"primaryImageOfPage":{"@id":"https:\/\/dpress.ma\/fr\/2026\/04\/29\/dakhla-tenue-de-la-3e-policy-conference-de-lausaco\/#primaryimage"},"image":{"@id":"https:\/\/dpress.ma\/fr\/2026\/04\/29\/dakhla-tenue-de-la-3e-policy-conference-de-lausaco\/#primaryimage"},"thumbnailUrl":"https:\/\/dpress.ma\/fr\/wp-content\/uploads\/sites\/2\/2026\/04\/29-12.jpg","datePublished":"2026-04-29T14:00:07+00:00","dateModified":"2026-04-29T14:00:09+00:00","author":{"@id":"https:\/\/dpress.ma\/fr\/#\/schema\/person\/4898febf3ccd59e6578d838656a306a0"},"breadcrumb":{"@id":"https:\/\/dpress.ma\/fr\/2026\/04\/29\/dakhla-tenue-de-la-3e-policy-conference-de-lausaco\/#breadcrumb"},"inLanguage":"fr-FR","potentialAction":[{"@type":"ReadAction","target":["https:\/\/dpress.ma\/fr\/2026\/04\/29\/dakhla-tenue-de-la-3e-policy-conference-de-lausaco\/"]}]},{"@type":"ImageObject","inLanguage":"fr-FR","@id":"https:\/\/dpress.ma\/fr\/2026\/04\/29\/dakhla-tenue-de-la-3e-policy-conference-de-lausaco\/#primaryimage","url":"https:\/\/dpress.ma\/fr\/wp-content\/uploads\/sites\/2\/2026\/04\/29-12.jpg","contentUrl":"https:\/\/dpress.ma\/fr\/wp-content\/uploads\/sites\/2\/2026\/04\/29-12.jpg","width":2539,"height":1594},{"@type":"BreadcrumbList","@id":"https:\/\/dpress.ma\/fr\/2026\/04\/29\/dakhla-tenue-de-la-3e-policy-conference-de-lausaco\/#breadcrumb","itemListElement":[{"@type":"ListItem","position":1,"name":"Home","item":"https:\/\/dpress.ma\/fr\/"},{"@type":"ListItem","position":2,"name":"Dakhla: Tenue de la 3e Policy Conference de l\u2019AUSACO"}]},{"@type":"WebSite","@id":"https:\/\/dpress.ma\/fr\/#website","url":"https:\/\/dpress.ma\/fr\/","name":"Dpress.ma\/fr","description":"","potentialAction":[{"@type":"SearchAction","target":{"@type":"EntryPoint","urlTemplate":"https:\/\/dpress.ma\/fr\/?s={search_term_string}"},"query-input":{"@type":"PropertyValueSpecification","valueRequired":true,"valueName":"search_term_string"}}],"inLanguage":"fr-FR"},{"@type":"Person","@id":"https:\/\/dpress.ma\/fr\/#\/schema\/person\/4898febf3ccd59e6578d838656a306a0","name":"Dpress.ma","image":{"@type":"ImageObject","inLanguage":"fr-FR","@id":"https:\/\/secure.gravatar.com\/avatar\/72ecc30e9db047a2e0e7176561eb9d564ed77c8108376495b19bd8336405198a?s=96&d=mm&r=g","url":"https:\/\/secure.gravatar.com\/avatar\/72ecc30e9db047a2e0e7176561eb9d564ed77c8108376495b19bd8336405198a?s=96&d=mm&r=g","contentUrl":"https:\/\/secure.gravatar.com\/avatar\/72ecc30e9db047a2e0e7176561eb9d564ed77c8108376495b19bd8336405198a?s=96&d=mm&r=g","caption":"Dpress.ma"},"sameAs":["https:\/\/www.dpress.ma"],"url":"https:\/\/dpress.ma\/fr\/author\/dpress-ma\/"}]}},"amp_enabled":true,"_links":{"self":[{"href":"https:\/\/dpress.ma\/fr\/wp-json\/wp\/v2\/posts\/29603","targetHints":{"allow":["GET"]}}],"collection":[{"href":"https:\/\/dpress.ma\/fr\/wp-json\/wp\/v2\/posts"}],"about":[{"href":"https:\/\/dpress.ma\/fr\/wp-json\/wp\/v2\/types\/post"}],"author":[{"embeddable":true,"href":"https:\/\/dpress.ma\/fr\/wp-json\/wp\/v2\/users\/2"}],"replies":[{"embeddable":true,"href":"https:\/\/dpress.ma\/fr\/wp-json\/wp\/v2\/comments?post=29603"}],"version-history":[{"count":1,"href":"https:\/\/dpress.ma\/fr\/wp-json\/wp\/v2\/posts\/29603\/revisions"}],"predecessor-version":[{"id":29605,"href":"https:\/\/dpress.ma\/fr\/wp-json\/wp\/v2\/posts\/29603\/revisions\/29605"}],"wp:featuredmedia":[{"embeddable":true,"href":"https:\/\/dpress.ma\/fr\/wp-json\/wp\/v2\/media\/29604"}],"wp:attachment":[{"href":"https:\/\/dpress.ma\/fr\/wp-json\/wp\/v2\/media?parent=29603"}],"wp:term":[{"taxonomy":"category","embeddable":true,"href":"https:\/\/dpress.ma\/fr\/wp-json\/wp\/v2\/categories?post=29603"},{"taxonomy":"post_tag","embeddable":true,"href":"https:\/\/dpress.ma\/fr\/wp-json\/wp\/v2\/tags?post=29603"}],"curies":[{"name":"wp","href":"https:\/\/api.w.org\/{rel}","templated":true}]}}