{"id":29599,"date":"2026-04-28T17:27:11","date_gmt":"2026-04-28T17:27:11","guid":{"rendered":"https:\/\/dpress.ma\/fr\/?p=29599"},"modified":"2026-04-28T17:27:13","modified_gmt":"2026-04-28T17:27:13","slug":"agadir-accueille-le-2e-congres-africain-danatomopathologie-digitale","status":"publish","type":"post","link":"https:\/\/dpress.ma\/fr\/2026\/04\/28\/agadir-accueille-le-2e-congres-africain-danatomopathologie-digitale\/","title":{"rendered":"Agadir accueille le 2\u00e8 congr\u00e8s Africain d\u2019anatomopathologie digitale"},"content":{"rendered":"\n<p>Dpress<\/p>\n\n\n\n<p>&nbsp;Les travaux de la 2\u00e8 \u00e9dition du congr\u00e8s Africain d\u2019anatomopathologie digitale se sont ouverts mardi \u00e0 Agadir, avec la participation d\u2019une pl\u00e9iade d\u2019experts repr\u00e9sentant plusieurs pays africains.<\/p>\n\n\n\n<p>Ce conclave examine trois jours durant, une s\u00e9rie de th\u00e9matiques li\u00e9es \u00e0 la digitalisation de l\u2019anatomopathologie en Afrique qui marque la transition irr\u00e9versible de la m\u00e9decine traditionnelle vers l\u2019\u00e8re de l\u2019intelligence artificielle.<\/p>\n\n\n\n<p>Selon les organisateurs de cette rencontre scientifique, la digitalisation de l\u2019anatomopathologie en Afrique avance \u00e0 des rythmes contrast\u00e9s selon les pays, mais elle repose partout sur une m\u00eame promesse : r\u00e9duire les fractures sanitaires tout en am\u00e9liorant la qualit\u00e9 et la rapidit\u00e9 du diagnostic.<\/p>\n\n\n\n<p>Et d\u2019ajouter que derri\u00e8re cette dynamique continentale, chaque nation construit progressivement son propre mod\u00e8le, oscillant entre innovations pionni\u00e8res, volont\u00e9s affirm\u00e9es et contraintes structurelles persistantes.<\/p>\n\n\n\n<p>Dans une d\u00e9claration \u00e0 la MAP, Dr Hicham El Attar, co-pr\u00e9sident de ce congr\u00e8s \u00e0 indiqu\u00e9 que ce conclave r\u00e9unit des experts en provenance de plusieurs pays africains, d\u2019Europe, du Canada et des Etats Unis, notant que cette rencontre se veut une occasion scientifique majeure pour promouvoir l\u2019\u00e9change des expertises en mati\u00e8re de la digitalisation de l\u2019anatomopathologie.<\/p>\n\n\n\n<p>La digitalisation de l\u2019anatomopathologie ne constitue pas seulement une avanc\u00e9e technologique, a-t-il soulign\u00e9, expliquant qu\u2019il s\u2019agit d\u2019une r\u00e9ponse concr\u00e8te aux in\u00e9galit\u00e9s d\u2019acc\u00e8s aux soins, un levier pour la m\u00e9decine de pr\u00e9cision et une opportunit\u00e9 de b\u00e2tir une m\u00e9decine africaine connect\u00e9e, collaborative et tourn\u00e9e vers l\u2019avenir.<\/p>\n\n\n\n<p>Pour sa part Dr Anour Cherkaoui, responsable de la communication de ce congr\u00e8s a relev\u00e9 que gr\u00e2ce \u00e0 la t\u00e9l\u00e9pathologie, un expert peut d\u00e9sormais analyser \u00e0 distance des pr\u00e9l\u00e8vements provenant de r\u00e9gions isol\u00e9es. Elle am\u00e9liore \u00e9galement la rapidit\u00e9 et la fiabilit\u00e9 du diagnostic, gr\u00e2ce au partage instantan\u00e9 des images et \u00e0 la possibilit\u00e9 de recourir \u00e0 des avis multiples.<\/p>\n\n\n\n<p>Cette technique ouvre surtout la voie \u00e0 l\u2019intelligence artificielle, capable de pr\u00e9-analyser les lames, de hi\u00e9rarchiser les cas urgents et d\u2019assister le pathologiste dans sa prise de d\u00e9cision. Elle constitue un levier majeur pour la formation et la recherche, en permettant la cr\u00e9ation de bases de donn\u00e9es d\u2019images adapt\u00e9es aux r\u00e9alit\u00e9s africaines.<\/p>\n\n\n\n<p>Prennent part \u00e0 ce congr\u00e8s des experts de plusieurs pays africains dont le Maroc, le S\u00e9n\u00e9gal, l\u2019\u00c9gypte, l\u2019\u00c9thiopie, la Libye, la Tunisie, le Soudan, la RDCongo, le Rwanda, le Congo, la Guin\u00e9e et le Kenya outre des participants internationaux<\/p>\n","protected":false},"excerpt":{"rendered":"<p>Dpress &nbsp;Les travaux de la 2\u00e8 \u00e9dition du congr\u00e8s Africain d\u2019anatomopathologie digitale se sont ouverts mardi \u00e0 Agadir, avec la participation d\u2019une pl\u00e9iade d\u2019experts repr\u00e9sentant plusieurs pays africains. Ce conclave examine trois jours durant, une s\u00e9rie de th\u00e9matiques li\u00e9es \u00e0 la digitalisation de l\u2019anatomopathologie en Afrique qui marque la transition irr\u00e9versible de la m\u00e9decine traditionnelle &hellip;<\/p>\n","protected":false},"author":2,"featured_media":29600,"comment_status":"open","ping_status":"open","sticky":false,"template":"","format":"standard","meta":{"footnotes":""},"categories":[40],"tags":[],"class_list":["post-29599","post","type-post","status-publish","format-standard","has-post-thumbnail","hentry","category-societe-et-regions"],"yoast_head":"<!-- This site is optimized with the Yoast SEO plugin v27.4 - https:\/\/yoast.com\/product\/yoast-seo-wordpress\/ -->\n<title>Agadir accueille le 2\u00e8 congr\u00e8s Africain d\u2019anatomopathologie digitale - Dpress.ma\/fr<\/title>\n<meta name=\"robots\" content=\"index, follow, max-snippet:-1, max-image-preview:large, max-video-preview:-1\" \/>\n<link rel=\"canonical\" href=\"https:\/\/dpress.ma\/fr\/2026\/04\/28\/agadir-accueille-le-2e-congres-africain-danatomopathologie-digitale\/\" \/>\n<meta property=\"og:locale\" content=\"fr_FR\" \/>\n<meta property=\"og:type\" content=\"article\" \/>\n<meta property=\"og:title\" content=\"Agadir accueille le 2\u00e8 congr\u00e8s Africain d\u2019anatomopathologie digitale - Dpress.ma\/fr\" \/>\n<meta property=\"og:description\" content=\"Dpress &nbsp;Les travaux de la 2\u00e8 \u00e9dition du congr\u00e8s Africain d\u2019anatomopathologie digitale se sont ouverts mardi \u00e0 Agadir, avec la participation d\u2019une pl\u00e9iade d\u2019experts repr\u00e9sentant plusieurs pays africains. Ce conclave examine trois jours durant, une s\u00e9rie de th\u00e9matiques li\u00e9es \u00e0 la digitalisation de l\u2019anatomopathologie en Afrique qui marque la transition irr\u00e9versible de la m\u00e9decine traditionnelle &hellip;\" \/>\n<meta property=\"og:url\" content=\"https:\/\/dpress.ma\/fr\/2026\/04\/28\/agadir-accueille-le-2e-congres-africain-danatomopathologie-digitale\/\" \/>\n<meta property=\"og:site_name\" content=\"Dpress.ma\/fr\" \/>\n<meta property=\"article:published_time\" content=\"2026-04-28T17:27:11+00:00\" \/>\n<meta property=\"article:modified_time\" content=\"2026-04-28T17:27:13+00:00\" \/>\n<meta property=\"og:image\" content=\"https:\/\/dpress.ma\/fr\/wp-content\/uploads\/sites\/2\/2026\/04\/0-5.jpg\" \/>\n\t<meta property=\"og:image:width\" content=\"2539\" \/>\n\t<meta property=\"og:image:height\" content=\"1594\" \/>\n\t<meta property=\"og:image:type\" content=\"image\/jpeg\" \/>\n<meta name=\"author\" content=\"Dpress.ma\" \/>\n<meta name=\"twitter:card\" content=\"summary_large_image\" \/>\n<meta name=\"twitter:label1\" content=\"\u00c9crit par\" \/>\n\t<meta name=\"twitter:data1\" content=\"Dpress.ma\" \/>\n\t<meta name=\"twitter:label2\" content=\"Dur\u00e9e de lecture estim\u00e9e\" \/>\n\t<meta name=\"twitter:data2\" content=\"3 minutes\" \/>\n<script type=\"application\/ld+json\" class=\"yoast-schema-graph\">{\"@context\":\"https:\\\/\\\/schema.org\",\"@graph\":[{\"@type\":\"Article\",\"@id\":\"https:\\\/\\\/dpress.ma\\\/fr\\\/2026\\\/04\\\/28\\\/agadir-accueille-le-2e-congres-africain-danatomopathologie-digitale\\\/#article\",\"isPartOf\":{\"@id\":\"https:\\\/\\\/dpress.ma\\\/fr\\\/2026\\\/04\\\/28\\\/agadir-accueille-le-2e-congres-africain-danatomopathologie-digitale\\\/\"},\"author\":{\"name\":\"Dpress.ma\",\"@id\":\"https:\\\/\\\/dpress.ma\\\/fr\\\/#\\\/schema\\\/person\\\/4898febf3ccd59e6578d838656a306a0\"},\"headline\":\"Agadir accueille le 2\u00e8 congr\u00e8s Africain d\u2019anatomopathologie digitale\",\"datePublished\":\"2026-04-28T17:27:11+00:00\",\"dateModified\":\"2026-04-28T17:27:13+00:00\",\"mainEntityOfPage\":{\"@id\":\"https:\\\/\\\/dpress.ma\\\/fr\\\/2026\\\/04\\\/28\\\/agadir-accueille-le-2e-congres-africain-danatomopathologie-digitale\\\/\"},\"wordCount\":456,\"commentCount\":0,\"image\":{\"@id\":\"https:\\\/\\\/dpress.ma\\\/fr\\\/2026\\\/04\\\/28\\\/agadir-accueille-le-2e-congres-africain-danatomopathologie-digitale\\\/#primaryimage\"},\"thumbnailUrl\":\"https:\\\/\\\/dpress.ma\\\/fr\\\/wp-content\\\/uploads\\\/sites\\\/2\\\/2026\\\/04\\\/0-5.jpg\",\"articleSection\":[\"societe et regions\"],\"inLanguage\":\"fr-FR\",\"potentialAction\":[{\"@type\":\"CommentAction\",\"name\":\"Comment\",\"target\":[\"https:\\\/\\\/dpress.ma\\\/fr\\\/2026\\\/04\\\/28\\\/agadir-accueille-le-2e-congres-africain-danatomopathologie-digitale\\\/#respond\"]}]},{\"@type\":\"WebPage\",\"@id\":\"https:\\\/\\\/dpress.ma\\\/fr\\\/2026\\\/04\\\/28\\\/agadir-accueille-le-2e-congres-africain-danatomopathologie-digitale\\\/\",\"url\":\"https:\\\/\\\/dpress.ma\\\/fr\\\/2026\\\/04\\\/28\\\/agadir-accueille-le-2e-congres-africain-danatomopathologie-digitale\\\/\",\"name\":\"Agadir accueille le 2\u00e8 congr\u00e8s Africain d\u2019anatomopathologie digitale - Dpress.ma\\\/fr\",\"isPartOf\":{\"@id\":\"https:\\\/\\\/dpress.ma\\\/fr\\\/#website\"},\"primaryImageOfPage\":{\"@id\":\"https:\\\/\\\/dpress.ma\\\/fr\\\/2026\\\/04\\\/28\\\/agadir-accueille-le-2e-congres-africain-danatomopathologie-digitale\\\/#primaryimage\"},\"image\":{\"@id\":\"https:\\\/\\\/dpress.ma\\\/fr\\\/2026\\\/04\\\/28\\\/agadir-accueille-le-2e-congres-africain-danatomopathologie-digitale\\\/#primaryimage\"},\"thumbnailUrl\":\"https:\\\/\\\/dpress.ma\\\/fr\\\/wp-content\\\/uploads\\\/sites\\\/2\\\/2026\\\/04\\\/0-5.jpg\",\"datePublished\":\"2026-04-28T17:27:11+00:00\",\"dateModified\":\"2026-04-28T17:27:13+00:00\",\"author\":{\"@id\":\"https:\\\/\\\/dpress.ma\\\/fr\\\/#\\\/schema\\\/person\\\/4898febf3ccd59e6578d838656a306a0\"},\"breadcrumb\":{\"@id\":\"https:\\\/\\\/dpress.ma\\\/fr\\\/2026\\\/04\\\/28\\\/agadir-accueille-le-2e-congres-africain-danatomopathologie-digitale\\\/#breadcrumb\"},\"inLanguage\":\"fr-FR\",\"potentialAction\":[{\"@type\":\"ReadAction\",\"target\":[\"https:\\\/\\\/dpress.ma\\\/fr\\\/2026\\\/04\\\/28\\\/agadir-accueille-le-2e-congres-africain-danatomopathologie-digitale\\\/\"]}]},{\"@type\":\"ImageObject\",\"inLanguage\":\"fr-FR\",\"@id\":\"https:\\\/\\\/dpress.ma\\\/fr\\\/2026\\\/04\\\/28\\\/agadir-accueille-le-2e-congres-africain-danatomopathologie-digitale\\\/#primaryimage\",\"url\":\"https:\\\/\\\/dpress.ma\\\/fr\\\/wp-content\\\/uploads\\\/sites\\\/2\\\/2026\\\/04\\\/0-5.jpg\",\"contentUrl\":\"https:\\\/\\\/dpress.ma\\\/fr\\\/wp-content\\\/uploads\\\/sites\\\/2\\\/2026\\\/04\\\/0-5.jpg\",\"width\":2539,\"height\":1594},{\"@type\":\"BreadcrumbList\",\"@id\":\"https:\\\/\\\/dpress.ma\\\/fr\\\/2026\\\/04\\\/28\\\/agadir-accueille-le-2e-congres-africain-danatomopathologie-digitale\\\/#breadcrumb\",\"itemListElement\":[{\"@type\":\"ListItem\",\"position\":1,\"name\":\"Home\",\"item\":\"https:\\\/\\\/dpress.ma\\\/fr\\\/\"},{\"@type\":\"ListItem\",\"position\":2,\"name\":\"Agadir accueille le 2\u00e8 congr\u00e8s Africain d\u2019anatomopathologie digitale\"}]},{\"@type\":\"WebSite\",\"@id\":\"https:\\\/\\\/dpress.ma\\\/fr\\\/#website\",\"url\":\"https:\\\/\\\/dpress.ma\\\/fr\\\/\",\"name\":\"Dpress.ma\\\/fr\",\"description\":\"\",\"potentialAction\":[{\"@type\":\"SearchAction\",\"target\":{\"@type\":\"EntryPoint\",\"urlTemplate\":\"https:\\\/\\\/dpress.ma\\\/fr\\\/?s={search_term_string}\"},\"query-input\":{\"@type\":\"PropertyValueSpecification\",\"valueRequired\":true,\"valueName\":\"search_term_string\"}}],\"inLanguage\":\"fr-FR\"},{\"@type\":\"Person\",\"@id\":\"https:\\\/\\\/dpress.ma\\\/fr\\\/#\\\/schema\\\/person\\\/4898febf3ccd59e6578d838656a306a0\",\"name\":\"Dpress.ma\",\"image\":{\"@type\":\"ImageObject\",\"inLanguage\":\"fr-FR\",\"@id\":\"https:\\\/\\\/secure.gravatar.com\\\/avatar\\\/72ecc30e9db047a2e0e7176561eb9d564ed77c8108376495b19bd8336405198a?s=96&d=mm&r=g\",\"url\":\"https:\\\/\\\/secure.gravatar.com\\\/avatar\\\/72ecc30e9db047a2e0e7176561eb9d564ed77c8108376495b19bd8336405198a?s=96&d=mm&r=g\",\"contentUrl\":\"https:\\\/\\\/secure.gravatar.com\\\/avatar\\\/72ecc30e9db047a2e0e7176561eb9d564ed77c8108376495b19bd8336405198a?s=96&d=mm&r=g\",\"caption\":\"Dpress.ma\"},\"sameAs\":[\"https:\\\/\\\/www.dpress.ma\"],\"url\":\"https:\\\/\\\/dpress.ma\\\/fr\\\/author\\\/dpress-ma\\\/\"}]}<\/script>\n<!-- \/ Yoast SEO plugin. -->","yoast_head_json":{"title":"Agadir accueille le 2\u00e8 congr\u00e8s Africain d\u2019anatomopathologie digitale - Dpress.ma\/fr","robots":{"index":"index","follow":"follow","max-snippet":"max-snippet:-1","max-image-preview":"max-image-preview:large","max-video-preview":"max-video-preview:-1"},"canonical":"https:\/\/dpress.ma\/fr\/2026\/04\/28\/agadir-accueille-le-2e-congres-africain-danatomopathologie-digitale\/","og_locale":"fr_FR","og_type":"article","og_title":"Agadir accueille le 2\u00e8 congr\u00e8s Africain d\u2019anatomopathologie digitale - Dpress.ma\/fr","og_description":"Dpress &nbsp;Les travaux de la 2\u00e8 \u00e9dition du congr\u00e8s Africain d\u2019anatomopathologie digitale se sont ouverts mardi \u00e0 Agadir, avec la participation d\u2019une pl\u00e9iade d\u2019experts repr\u00e9sentant plusieurs pays africains. Ce conclave examine trois jours durant, une s\u00e9rie de th\u00e9matiques li\u00e9es \u00e0 la digitalisation de l\u2019anatomopathologie en Afrique qui marque la transition irr\u00e9versible de la m\u00e9decine traditionnelle &hellip;","og_url":"https:\/\/dpress.ma\/fr\/2026\/04\/28\/agadir-accueille-le-2e-congres-africain-danatomopathologie-digitale\/","og_site_name":"Dpress.ma\/fr","article_published_time":"2026-04-28T17:27:11+00:00","article_modified_time":"2026-04-28T17:27:13+00:00","og_image":[{"width":2539,"height":1594,"url":"https:\/\/dpress.ma\/fr\/wp-content\/uploads\/sites\/2\/2026\/04\/0-5.jpg","type":"image\/jpeg"}],"author":"Dpress.ma","twitter_card":"summary_large_image","twitter_misc":{"\u00c9crit par":"Dpress.ma","Dur\u00e9e de lecture estim\u00e9e":"3 minutes"},"schema":{"@context":"https:\/\/schema.org","@graph":[{"@type":"Article","@id":"https:\/\/dpress.ma\/fr\/2026\/04\/28\/agadir-accueille-le-2e-congres-africain-danatomopathologie-digitale\/#article","isPartOf":{"@id":"https:\/\/dpress.ma\/fr\/2026\/04\/28\/agadir-accueille-le-2e-congres-africain-danatomopathologie-digitale\/"},"author":{"name":"Dpress.ma","@id":"https:\/\/dpress.ma\/fr\/#\/schema\/person\/4898febf3ccd59e6578d838656a306a0"},"headline":"Agadir accueille le 2\u00e8 congr\u00e8s Africain d\u2019anatomopathologie digitale","datePublished":"2026-04-28T17:27:11+00:00","dateModified":"2026-04-28T17:27:13+00:00","mainEntityOfPage":{"@id":"https:\/\/dpress.ma\/fr\/2026\/04\/28\/agadir-accueille-le-2e-congres-africain-danatomopathologie-digitale\/"},"wordCount":456,"commentCount":0,"image":{"@id":"https:\/\/dpress.ma\/fr\/2026\/04\/28\/agadir-accueille-le-2e-congres-africain-danatomopathologie-digitale\/#primaryimage"},"thumbnailUrl":"https:\/\/dpress.ma\/fr\/wp-content\/uploads\/sites\/2\/2026\/04\/0-5.jpg","articleSection":["societe et regions"],"inLanguage":"fr-FR","potentialAction":[{"@type":"CommentAction","name":"Comment","target":["https:\/\/dpress.ma\/fr\/2026\/04\/28\/agadir-accueille-le-2e-congres-africain-danatomopathologie-digitale\/#respond"]}]},{"@type":"WebPage","@id":"https:\/\/dpress.ma\/fr\/2026\/04\/28\/agadir-accueille-le-2e-congres-africain-danatomopathologie-digitale\/","url":"https:\/\/dpress.ma\/fr\/2026\/04\/28\/agadir-accueille-le-2e-congres-africain-danatomopathologie-digitale\/","name":"Agadir accueille le 2\u00e8 congr\u00e8s Africain d\u2019anatomopathologie digitale - Dpress.ma\/fr","isPartOf":{"@id":"https:\/\/dpress.ma\/fr\/#website"},"primaryImageOfPage":{"@id":"https:\/\/dpress.ma\/fr\/2026\/04\/28\/agadir-accueille-le-2e-congres-africain-danatomopathologie-digitale\/#primaryimage"},"image":{"@id":"https:\/\/dpress.ma\/fr\/2026\/04\/28\/agadir-accueille-le-2e-congres-africain-danatomopathologie-digitale\/#primaryimage"},"thumbnailUrl":"https:\/\/dpress.ma\/fr\/wp-content\/uploads\/sites\/2\/2026\/04\/0-5.jpg","datePublished":"2026-04-28T17:27:11+00:00","dateModified":"2026-04-28T17:27:13+00:00","author":{"@id":"https:\/\/dpress.ma\/fr\/#\/schema\/person\/4898febf3ccd59e6578d838656a306a0"},"breadcrumb":{"@id":"https:\/\/dpress.ma\/fr\/2026\/04\/28\/agadir-accueille-le-2e-congres-africain-danatomopathologie-digitale\/#breadcrumb"},"inLanguage":"fr-FR","potentialAction":[{"@type":"ReadAction","target":["https:\/\/dpress.ma\/fr\/2026\/04\/28\/agadir-accueille-le-2e-congres-africain-danatomopathologie-digitale\/"]}]},{"@type":"ImageObject","inLanguage":"fr-FR","@id":"https:\/\/dpress.ma\/fr\/2026\/04\/28\/agadir-accueille-le-2e-congres-africain-danatomopathologie-digitale\/#primaryimage","url":"https:\/\/dpress.ma\/fr\/wp-content\/uploads\/sites\/2\/2026\/04\/0-5.jpg","contentUrl":"https:\/\/dpress.ma\/fr\/wp-content\/uploads\/sites\/2\/2026\/04\/0-5.jpg","width":2539,"height":1594},{"@type":"BreadcrumbList","@id":"https:\/\/dpress.ma\/fr\/2026\/04\/28\/agadir-accueille-le-2e-congres-africain-danatomopathologie-digitale\/#breadcrumb","itemListElement":[{"@type":"ListItem","position":1,"name":"Home","item":"https:\/\/dpress.ma\/fr\/"},{"@type":"ListItem","position":2,"name":"Agadir accueille le 2\u00e8 congr\u00e8s Africain d\u2019anatomopathologie digitale"}]},{"@type":"WebSite","@id":"https:\/\/dpress.ma\/fr\/#website","url":"https:\/\/dpress.ma\/fr\/","name":"Dpress.ma\/fr","description":"","potentialAction":[{"@type":"SearchAction","target":{"@type":"EntryPoint","urlTemplate":"https:\/\/dpress.ma\/fr\/?s={search_term_string}"},"query-input":{"@type":"PropertyValueSpecification","valueRequired":true,"valueName":"search_term_string"}}],"inLanguage":"fr-FR"},{"@type":"Person","@id":"https:\/\/dpress.ma\/fr\/#\/schema\/person\/4898febf3ccd59e6578d838656a306a0","name":"Dpress.ma","image":{"@type":"ImageObject","inLanguage":"fr-FR","@id":"https:\/\/secure.gravatar.com\/avatar\/72ecc30e9db047a2e0e7176561eb9d564ed77c8108376495b19bd8336405198a?s=96&d=mm&r=g","url":"https:\/\/secure.gravatar.com\/avatar\/72ecc30e9db047a2e0e7176561eb9d564ed77c8108376495b19bd8336405198a?s=96&d=mm&r=g","contentUrl":"https:\/\/secure.gravatar.com\/avatar\/72ecc30e9db047a2e0e7176561eb9d564ed77c8108376495b19bd8336405198a?s=96&d=mm&r=g","caption":"Dpress.ma"},"sameAs":["https:\/\/www.dpress.ma"],"url":"https:\/\/dpress.ma\/fr\/author\/dpress-ma\/"}]}},"amp_enabled":true,"_links":{"self":[{"href":"https:\/\/dpress.ma\/fr\/wp-json\/wp\/v2\/posts\/29599","targetHints":{"allow":["GET"]}}],"collection":[{"href":"https:\/\/dpress.ma\/fr\/wp-json\/wp\/v2\/posts"}],"about":[{"href":"https:\/\/dpress.ma\/fr\/wp-json\/wp\/v2\/types\/post"}],"author":[{"embeddable":true,"href":"https:\/\/dpress.ma\/fr\/wp-json\/wp\/v2\/users\/2"}],"replies":[{"embeddable":true,"href":"https:\/\/dpress.ma\/fr\/wp-json\/wp\/v2\/comments?post=29599"}],"version-history":[{"count":1,"href":"https:\/\/dpress.ma\/fr\/wp-json\/wp\/v2\/posts\/29599\/revisions"}],"predecessor-version":[{"id":29601,"href":"https:\/\/dpress.ma\/fr\/wp-json\/wp\/v2\/posts\/29599\/revisions\/29601"}],"wp:featuredmedia":[{"embeddable":true,"href":"https:\/\/dpress.ma\/fr\/wp-json\/wp\/v2\/media\/29600"}],"wp:attachment":[{"href":"https:\/\/dpress.ma\/fr\/wp-json\/wp\/v2\/media?parent=29599"}],"wp:term":[{"taxonomy":"category","embeddable":true,"href":"https:\/\/dpress.ma\/fr\/wp-json\/wp\/v2\/categories?post=29599"},{"taxonomy":"post_tag","embeddable":true,"href":"https:\/\/dpress.ma\/fr\/wp-json\/wp\/v2\/tags?post=29599"}],"curies":[{"name":"wp","href":"https:\/\/api.w.org\/{rel}","templated":true}]}}