{"id":29596,"date":"2026-04-28T17:02:51","date_gmt":"2026-04-28T17:02:51","guid":{"rendered":"https:\/\/dpress.ma\/fr\/?p=29596"},"modified":"2026-04-28T17:02:56","modified_gmt":"2026-04-28T17:02:56","slug":"mise-en-avant-a-nairobi-de-lexperience-du-maroc-en-matiere-de-generalisation-de-la-protection-sociale-et-de-financement-du-systeme-de-sante","status":"publish","type":"post","link":"https:\/\/dpress.ma\/fr\/2026\/04\/28\/mise-en-avant-a-nairobi-de-lexperience-du-maroc-en-matiere-de-generalisation-de-la-protection-sociale-et-de-financement-du-systeme-de-sante\/","title":{"rendered":"Mise en avant \u00e0 Nairobi de l\u2019exp\u00e9rience du Maroc en mati\u00e8re de g\u00e9n\u00e9ralisation de la protection sociale et de financement du syst\u00e8me de sant\u00e9"},"content":{"rendered":"\n<p>Dpress<\/p>\n\n\n\n<p>L\u2019exp\u00e9rience du Maroc en mati\u00e8re de g\u00e9n\u00e9ralisation de la protection sociale et de financement du syst\u00e8me de sant\u00e9 a \u00e9t\u00e9 mise en avant, mardi \u00e0 Nairobi, \u00e0 l\u2019occasion de la R\u00e9union r\u00e9gionale du Sommet mondial de la sant\u00e9 qui se poursuit dans la capitale k\u00e9nyane jusqu\u2019au 29 avril.<\/p>\n\n\n\n<p>Intervenant lors du Dialogue minist\u00e9riel autour de la r\u00e9forme du financement de la sant\u00e9 en Afrique organis\u00e9 en marge de cette R\u00e9union, le secr\u00e9taire g\u00e9n\u00e9ral du minist\u00e8re de la Sant\u00e9 et de la Protection Sociale, Abdelkrim Meziane Belfkih a soulign\u00e9 que le Maroc, sous la conduite \u00e9clair\u00e9e de Sa Majest\u00e9 le Roi Mohammed VI, a engag\u00e9 une transformation profonde de son syst\u00e8me national de sant\u00e9 et de protection sociale, notant que cette nouvelle trajectoire s\u2019inscrit dans le cadre du Nouveau Mod\u00e8le de D\u00e9veloppement qui place le capital humain, la justice sociale et l\u2019\u00e9quit\u00e9 territoriale au c\u0153ur des priorit\u00e9s nationales.<\/p>\n\n\n\n<p>Le Secr\u00e9taire g\u00e9n\u00e9ral a indiqu\u00e9 que la sant\u00e9 n\u2019est de ce fait plus consid\u00e9r\u00e9e comme une charge budg\u00e9taire passive en ce sens qu\u2019elle est trait\u00e9e comme \u00e9tant un investissement strat\u00e9gique qui incarne l\u2019aspiration des citoyens au bien-\u00eatre, renforce la r\u00e9silience du pays et soutient sa dynamique \u00e9conomique et sociale.<\/p>\n\n\n\n<p>Citant les chantiers structurants engag\u00e9s par le Maroc, M. Meziane Belfkih a rappel\u00e9 l\u2019extension de la protection financi\u00e8re des citoyens contre le risque maladie, expliquant que le Royaume est pass\u00e9 d\u2019une logique d\u2019assistance m\u00e9dicale \u00e0 une logique de droit assurantiel universel.<\/p>\n\n\n\n<p>Rappelant que plus de onze millions de citoyens vuln\u00e9rables, anciennement b\u00e9n\u00e9ficiaires d\u2019un dispositif d\u2019aide m\u00e9dicale, ont \u00e9t\u00e9 int\u00e9gr\u00e9s dans un r\u00e9gime assurantiel solidaire dont l\u2019\u00c9tat assume les cotisations, M. Meziane Belfkih a fait savoir que pr\u00e8s de neuf Marocains sur dix b\u00e9n\u00e9ficient aujourd\u2019hui d\u2019une couverture par l\u2019assurance maladie obligatoire.<\/p>\n\n\n\n<p>Au volet budg\u00e9taire, il a rappel\u00e9 le choix fait par le Royaume d\u2019augmenter de mani\u00e8re soutenue les ressources publiques consacr\u00e9es \u00e0 la sant\u00e9, une progression inscrite dans une trajectoire pluriannuelle qui traduit la priorit\u00e9 accord\u00e9e \u00e0 la sant\u00e9 plac\u00e9e au sommet de l\u2019agenda des d\u00e9penses sociales du Royaume.<\/p>\n\n\n\n<p>Au sujet de la diversification des m\u00e9canismes de financement, le Royaume mobilise plusieurs instruments destin\u00e9s \u00e0 \u00e9largir l\u2019espace fiscal de la sant\u00e9 et \u00e0 diversifier ses sources de financement, a-t-il soutenu, ajoutant que le Maroc, dans le domaine de la souverainet\u00e9 pharmaceutique, d\u00e9veloppe en partenariat avec des acteurs publics et priv\u00e9s, des capacit\u00e9s nationales de production pharmaceutique et vaccinale, con\u00e7ues \u00e0 la fois pour r\u00e9pondre aux besoins nationaux, et pour contribuer, \u00e0 terme, \u00e0 la consolidation de cha\u00eenes d\u2019approvisionnement africaines.<\/p>\n\n\n\n<p>Le responsable a ajout\u00e9 que face aux divers d\u00e9fis qui se posent, la r\u00e9ponse du Royaume repose sur trois grands principes. Le premier principe se rapporte \u00e0 l\u2019efficience du syst\u00e8me national de sant\u00e9 qui d\u00e9pend d\u2019un \u00e9quilibre entre ressources et gouvernance, le 2\u00e8me, \u00e0 la solidarit\u00e9 nationale envers les populations vuln\u00e9rables qui se veut le fondement m\u00eame du contrat social, et le 3\u00e8me principe se rattachant \u00e0 l\u2019articulation entre politique \u00e9conomique et politique sociale, a-t-il expliqu\u00e9.<\/p>\n\n\n\n<p>Et de faire savoir que le Royaume entend poursuivre son action autour de quatre priorit\u00e9s op\u00e9rationnelles, la premi\u00e8re \u00e9tant la consolidation de la couverture effective de l\u2019assurance maladie, notamment \u00e0 travers la poursuite de l\u2019inclusion des travailleurs non-salari\u00e9s, de certaines populations vuln\u00e9rables et des cat\u00e9gories encore insuffisamment int\u00e9gr\u00e9es, via des m\u00e9canismes plus cibl\u00e9s de simplification administrative, d\u2019accompagnement et de recouvrement.<\/p>\n\n\n\n<p>La 2\u00e8me priorit\u00e9, poursuit-il, porte sur le renforcement de la soutenabilit\u00e9 financi\u00e8re des r\u00e9gimes, \u00e0 travers des analyses actuarielles r\u00e9guli\u00e8res, la rationalisation du panier de soins, la r\u00e9vision de la tarification nationale de r\u00e9f\u00e9rence et la ma\u00eetrise m\u00e9dicalis\u00e9e des d\u00e9penses, pr\u00e9cisant que la 3\u00e8me priorit\u00e9 concerne l\u2019ach\u00e8vement de la transformation de l\u2019offre de soins \u00e0 tous les niveaux du syst\u00e8me de sant\u00e9, avec une attention particuli\u00e8re accord\u00e9e \u00e0 la qualit\u00e9 du service rendu au citoyen.<\/p>\n\n\n\n<p>Enfin, la 4\u00e8me priorit\u00e9 vise \u00e0 renforcer le pilotage de la d\u00e9pense de sant\u00e9, en orientant davantage les financements vers les besoins prioritaires, en r\u00e9duisant les gaspillages, en encadrant mieux les co\u00fbts et en s\u2019appuyant sur les donn\u00e9es et le num\u00e9rique afin d\u2019am\u00e9liorer la qualit\u00e9, la transparence et la redevabilit\u00e9 du syst\u00e8me.<\/p>\n\n\n\n<p>Organis\u00e9e par le Sommet mondial de la sant\u00e9 et l\u2019Universit\u00e9 Aga Khan, en partenariat avec l\u2019OMS, le minist\u00e8re de la Sant\u00e9 du Kenya et les Centres africains de contr\u00f4le et de pr\u00e9vention des maladies, la r\u00e9union rassemble plus de 1.000 d\u00e9l\u00e9gu\u00e9s provenant d\u2019environ 50 pays.<\/p>\n\n\n\n<p>Cette rencontre de haut niveau qui se tient au Bureau des Nations Unies dans la capitale k\u00e9nyane se veut un espace d\u2019\u00e9changes et de r\u00e9flexion autour des d\u00e9fis sanitaires mondiaux, mettant en avant les contributions croissantes de l\u2019Afrique \u00e0 la d\u00e9finition des priorit\u00e9s de sant\u00e9.<\/p>\n\n\n\n<p>Cr\u00e9\u00e9 en 2009, le Sommet mondial de la sant\u00e9 est l\u2019une des principales plateformes mondiales en mati\u00e8re de sant\u00e9. Chaque ann\u00e9e, des r\u00e9unions r\u00e9gionales de ce Sommet sont organis\u00e9es \u00e0 travers le monde, en collaboration avec des institutions locales, afin d\u2019aborder les priorit\u00e9s sanitaires propres \u00e0 chaque r\u00e9gion tout en les inscrivant dans le cadre plus large de l\u2019agenda mondial de la sant\u00e9.<\/p>\n","protected":false},"excerpt":{"rendered":"<p>Dpress L\u2019exp\u00e9rience du Maroc en mati\u00e8re de g\u00e9n\u00e9ralisation de la protection sociale et de financement du syst\u00e8me de sant\u00e9 a \u00e9t\u00e9 mise en avant, mardi \u00e0 Nairobi, \u00e0 l\u2019occasion de la R\u00e9union r\u00e9gionale du Sommet mondial de la sant\u00e9 qui se poursuit dans la capitale k\u00e9nyane jusqu\u2019au 29 avril. Intervenant lors du Dialogue minist\u00e9riel autour &hellip;<\/p>\n","protected":false},"author":2,"featured_media":29597,"comment_status":"open","ping_status":"open","sticky":false,"template":"","format":"standard","meta":{"footnotes":""},"categories":[42],"tags":[],"class_list":["post-29596","post","type-post","status-publish","format-standard","has-post-thumbnail","hentry","category-monde"],"yoast_head":"<!-- This site is optimized with the Yoast SEO plugin v27.4 - https:\/\/yoast.com\/product\/yoast-seo-wordpress\/ -->\n<title>Mise en avant \u00e0 Nairobi de l\u2019exp\u00e9rience du Maroc en mati\u00e8re de g\u00e9n\u00e9ralisation de la protection sociale et de financement du syst\u00e8me de sant\u00e9 - Dpress.ma\/fr<\/title>\n<meta name=\"robots\" content=\"index, follow, max-snippet:-1, max-image-preview:large, max-video-preview:-1\" \/>\n<link rel=\"canonical\" href=\"https:\/\/dpress.ma\/fr\/2026\/04\/28\/mise-en-avant-a-nairobi-de-lexperience-du-maroc-en-matiere-de-generalisation-de-la-protection-sociale-et-de-financement-du-systeme-de-sante\/\" \/>\n<meta property=\"og:locale\" content=\"fr_FR\" \/>\n<meta property=\"og:type\" content=\"article\" \/>\n<meta property=\"og:title\" content=\"Mise en avant \u00e0 Nairobi de l\u2019exp\u00e9rience du Maroc en mati\u00e8re de g\u00e9n\u00e9ralisation de la protection sociale et de financement du syst\u00e8me de sant\u00e9 - Dpress.ma\/fr\" \/>\n<meta property=\"og:description\" content=\"Dpress L\u2019exp\u00e9rience du Maroc en mati\u00e8re de g\u00e9n\u00e9ralisation de la protection sociale et de financement du syst\u00e8me de sant\u00e9 a \u00e9t\u00e9 mise en avant, mardi \u00e0 Nairobi, \u00e0 l\u2019occasion de la R\u00e9union r\u00e9gionale du Sommet mondial de la sant\u00e9 qui se poursuit dans la capitale k\u00e9nyane jusqu\u2019au 29 avril. Intervenant lors du Dialogue minist\u00e9riel autour &hellip;\" \/>\n<meta property=\"og:url\" content=\"https:\/\/dpress.ma\/fr\/2026\/04\/28\/mise-en-avant-a-nairobi-de-lexperience-du-maroc-en-matiere-de-generalisation-de-la-protection-sociale-et-de-financement-du-systeme-de-sante\/\" \/>\n<meta property=\"og:site_name\" content=\"Dpress.ma\/fr\" \/>\n<meta property=\"article:published_time\" content=\"2026-04-28T17:02:51+00:00\" \/>\n<meta property=\"article:modified_time\" content=\"2026-04-28T17:02:56+00:00\" \/>\n<meta property=\"og:image\" content=\"https:\/\/dpress.ma\/fr\/wp-content\/uploads\/sites\/2\/2026\/04\/115-1.jpg\" \/>\n\t<meta property=\"og:image:width\" content=\"2539\" \/>\n\t<meta property=\"og:image:height\" content=\"1594\" \/>\n\t<meta property=\"og:image:type\" content=\"image\/jpeg\" \/>\n<meta name=\"author\" content=\"Dpress.ma\" \/>\n<meta name=\"twitter:card\" content=\"summary_large_image\" \/>\n<meta name=\"twitter:label1\" content=\"\u00c9crit par\" \/>\n\t<meta name=\"twitter:data1\" content=\"Dpress.ma\" \/>\n\t<meta name=\"twitter:label2\" content=\"Dur\u00e9e de lecture estim\u00e9e\" \/>\n\t<meta name=\"twitter:data2\" content=\"5 minutes\" \/>\n<script type=\"application\/ld+json\" class=\"yoast-schema-graph\">{\"@context\":\"https:\\\/\\\/schema.org\",\"@graph\":[{\"@type\":\"Article\",\"@id\":\"https:\\\/\\\/dpress.ma\\\/fr\\\/2026\\\/04\\\/28\\\/mise-en-avant-a-nairobi-de-lexperience-du-maroc-en-matiere-de-generalisation-de-la-protection-sociale-et-de-financement-du-systeme-de-sante\\\/#article\",\"isPartOf\":{\"@id\":\"https:\\\/\\\/dpress.ma\\\/fr\\\/2026\\\/04\\\/28\\\/mise-en-avant-a-nairobi-de-lexperience-du-maroc-en-matiere-de-generalisation-de-la-protection-sociale-et-de-financement-du-systeme-de-sante\\\/\"},\"author\":{\"name\":\"Dpress.ma\",\"@id\":\"https:\\\/\\\/dpress.ma\\\/fr\\\/#\\\/schema\\\/person\\\/4898febf3ccd59e6578d838656a306a0\"},\"headline\":\"Mise en avant \u00e0 Nairobi de l\u2019exp\u00e9rience du Maroc en mati\u00e8re de g\u00e9n\u00e9ralisation de la protection sociale et de financement du syst\u00e8me de sant\u00e9\",\"datePublished\":\"2026-04-28T17:02:51+00:00\",\"dateModified\":\"2026-04-28T17:02:56+00:00\",\"mainEntityOfPage\":{\"@id\":\"https:\\\/\\\/dpress.ma\\\/fr\\\/2026\\\/04\\\/28\\\/mise-en-avant-a-nairobi-de-lexperience-du-maroc-en-matiere-de-generalisation-de-la-protection-sociale-et-de-financement-du-systeme-de-sante\\\/\"},\"wordCount\":991,\"commentCount\":0,\"image\":{\"@id\":\"https:\\\/\\\/dpress.ma\\\/fr\\\/2026\\\/04\\\/28\\\/mise-en-avant-a-nairobi-de-lexperience-du-maroc-en-matiere-de-generalisation-de-la-protection-sociale-et-de-financement-du-systeme-de-sante\\\/#primaryimage\"},\"thumbnailUrl\":\"https:\\\/\\\/dpress.ma\\\/fr\\\/wp-content\\\/uploads\\\/sites\\\/2\\\/2026\\\/04\\\/115-1.jpg\",\"articleSection\":[\"monde\"],\"inLanguage\":\"fr-FR\",\"potentialAction\":[{\"@type\":\"CommentAction\",\"name\":\"Comment\",\"target\":[\"https:\\\/\\\/dpress.ma\\\/fr\\\/2026\\\/04\\\/28\\\/mise-en-avant-a-nairobi-de-lexperience-du-maroc-en-matiere-de-generalisation-de-la-protection-sociale-et-de-financement-du-systeme-de-sante\\\/#respond\"]}]},{\"@type\":\"WebPage\",\"@id\":\"https:\\\/\\\/dpress.ma\\\/fr\\\/2026\\\/04\\\/28\\\/mise-en-avant-a-nairobi-de-lexperience-du-maroc-en-matiere-de-generalisation-de-la-protection-sociale-et-de-financement-du-systeme-de-sante\\\/\",\"url\":\"https:\\\/\\\/dpress.ma\\\/fr\\\/2026\\\/04\\\/28\\\/mise-en-avant-a-nairobi-de-lexperience-du-maroc-en-matiere-de-generalisation-de-la-protection-sociale-et-de-financement-du-systeme-de-sante\\\/\",\"name\":\"Mise en avant \u00e0 Nairobi de l\u2019exp\u00e9rience du Maroc en mati\u00e8re de g\u00e9n\u00e9ralisation de la protection sociale et de financement du syst\u00e8me de sant\u00e9 - Dpress.ma\\\/fr\",\"isPartOf\":{\"@id\":\"https:\\\/\\\/dpress.ma\\\/fr\\\/#website\"},\"primaryImageOfPage\":{\"@id\":\"https:\\\/\\\/dpress.ma\\\/fr\\\/2026\\\/04\\\/28\\\/mise-en-avant-a-nairobi-de-lexperience-du-maroc-en-matiere-de-generalisation-de-la-protection-sociale-et-de-financement-du-systeme-de-sante\\\/#primaryimage\"},\"image\":{\"@id\":\"https:\\\/\\\/dpress.ma\\\/fr\\\/2026\\\/04\\\/28\\\/mise-en-avant-a-nairobi-de-lexperience-du-maroc-en-matiere-de-generalisation-de-la-protection-sociale-et-de-financement-du-systeme-de-sante\\\/#primaryimage\"},\"thumbnailUrl\":\"https:\\\/\\\/dpress.ma\\\/fr\\\/wp-content\\\/uploads\\\/sites\\\/2\\\/2026\\\/04\\\/115-1.jpg\",\"datePublished\":\"2026-04-28T17:02:51+00:00\",\"dateModified\":\"2026-04-28T17:02:56+00:00\",\"author\":{\"@id\":\"https:\\\/\\\/dpress.ma\\\/fr\\\/#\\\/schema\\\/person\\\/4898febf3ccd59e6578d838656a306a0\"},\"breadcrumb\":{\"@id\":\"https:\\\/\\\/dpress.ma\\\/fr\\\/2026\\\/04\\\/28\\\/mise-en-avant-a-nairobi-de-lexperience-du-maroc-en-matiere-de-generalisation-de-la-protection-sociale-et-de-financement-du-systeme-de-sante\\\/#breadcrumb\"},\"inLanguage\":\"fr-FR\",\"potentialAction\":[{\"@type\":\"ReadAction\",\"target\":[\"https:\\\/\\\/dpress.ma\\\/fr\\\/2026\\\/04\\\/28\\\/mise-en-avant-a-nairobi-de-lexperience-du-maroc-en-matiere-de-generalisation-de-la-protection-sociale-et-de-financement-du-systeme-de-sante\\\/\"]}]},{\"@type\":\"ImageObject\",\"inLanguage\":\"fr-FR\",\"@id\":\"https:\\\/\\\/dpress.ma\\\/fr\\\/2026\\\/04\\\/28\\\/mise-en-avant-a-nairobi-de-lexperience-du-maroc-en-matiere-de-generalisation-de-la-protection-sociale-et-de-financement-du-systeme-de-sante\\\/#primaryimage\",\"url\":\"https:\\\/\\\/dpress.ma\\\/fr\\\/wp-content\\\/uploads\\\/sites\\\/2\\\/2026\\\/04\\\/115-1.jpg\",\"contentUrl\":\"https:\\\/\\\/dpress.ma\\\/fr\\\/wp-content\\\/uploads\\\/sites\\\/2\\\/2026\\\/04\\\/115-1.jpg\",\"width\":2539,\"height\":1594},{\"@type\":\"BreadcrumbList\",\"@id\":\"https:\\\/\\\/dpress.ma\\\/fr\\\/2026\\\/04\\\/28\\\/mise-en-avant-a-nairobi-de-lexperience-du-maroc-en-matiere-de-generalisation-de-la-protection-sociale-et-de-financement-du-systeme-de-sante\\\/#breadcrumb\",\"itemListElement\":[{\"@type\":\"ListItem\",\"position\":1,\"name\":\"Home\",\"item\":\"https:\\\/\\\/dpress.ma\\\/fr\\\/\"},{\"@type\":\"ListItem\",\"position\":2,\"name\":\"Mise en avant \u00e0 Nairobi de l\u2019exp\u00e9rience du Maroc en mati\u00e8re de g\u00e9n\u00e9ralisation de la protection sociale et de financement du syst\u00e8me de sant\u00e9\"}]},{\"@type\":\"WebSite\",\"@id\":\"https:\\\/\\\/dpress.ma\\\/fr\\\/#website\",\"url\":\"https:\\\/\\\/dpress.ma\\\/fr\\\/\",\"name\":\"Dpress.ma\\\/fr\",\"description\":\"\",\"potentialAction\":[{\"@type\":\"SearchAction\",\"target\":{\"@type\":\"EntryPoint\",\"urlTemplate\":\"https:\\\/\\\/dpress.ma\\\/fr\\\/?s={search_term_string}\"},\"query-input\":{\"@type\":\"PropertyValueSpecification\",\"valueRequired\":true,\"valueName\":\"search_term_string\"}}],\"inLanguage\":\"fr-FR\"},{\"@type\":\"Person\",\"@id\":\"https:\\\/\\\/dpress.ma\\\/fr\\\/#\\\/schema\\\/person\\\/4898febf3ccd59e6578d838656a306a0\",\"name\":\"Dpress.ma\",\"image\":{\"@type\":\"ImageObject\",\"inLanguage\":\"fr-FR\",\"@id\":\"https:\\\/\\\/secure.gravatar.com\\\/avatar\\\/72ecc30e9db047a2e0e7176561eb9d564ed77c8108376495b19bd8336405198a?s=96&d=mm&r=g\",\"url\":\"https:\\\/\\\/secure.gravatar.com\\\/avatar\\\/72ecc30e9db047a2e0e7176561eb9d564ed77c8108376495b19bd8336405198a?s=96&d=mm&r=g\",\"contentUrl\":\"https:\\\/\\\/secure.gravatar.com\\\/avatar\\\/72ecc30e9db047a2e0e7176561eb9d564ed77c8108376495b19bd8336405198a?s=96&d=mm&r=g\",\"caption\":\"Dpress.ma\"},\"sameAs\":[\"https:\\\/\\\/www.dpress.ma\"],\"url\":\"https:\\\/\\\/dpress.ma\\\/fr\\\/author\\\/dpress-ma\\\/\"}]}<\/script>\n<!-- \/ Yoast SEO plugin. -->","yoast_head_json":{"title":"Mise en avant \u00e0 Nairobi de l\u2019exp\u00e9rience du Maroc en mati\u00e8re de g\u00e9n\u00e9ralisation de la protection sociale et de financement du syst\u00e8me de sant\u00e9 - Dpress.ma\/fr","robots":{"index":"index","follow":"follow","max-snippet":"max-snippet:-1","max-image-preview":"max-image-preview:large","max-video-preview":"max-video-preview:-1"},"canonical":"https:\/\/dpress.ma\/fr\/2026\/04\/28\/mise-en-avant-a-nairobi-de-lexperience-du-maroc-en-matiere-de-generalisation-de-la-protection-sociale-et-de-financement-du-systeme-de-sante\/","og_locale":"fr_FR","og_type":"article","og_title":"Mise en avant \u00e0 Nairobi de l\u2019exp\u00e9rience du Maroc en mati\u00e8re de g\u00e9n\u00e9ralisation de la protection sociale et de financement du syst\u00e8me de sant\u00e9 - Dpress.ma\/fr","og_description":"Dpress L\u2019exp\u00e9rience du Maroc en mati\u00e8re de g\u00e9n\u00e9ralisation de la protection sociale et de financement du syst\u00e8me de sant\u00e9 a \u00e9t\u00e9 mise en avant, mardi \u00e0 Nairobi, \u00e0 l\u2019occasion de la R\u00e9union r\u00e9gionale du Sommet mondial de la sant\u00e9 qui se poursuit dans la capitale k\u00e9nyane jusqu\u2019au 29 avril. Intervenant lors du Dialogue minist\u00e9riel autour &hellip;","og_url":"https:\/\/dpress.ma\/fr\/2026\/04\/28\/mise-en-avant-a-nairobi-de-lexperience-du-maroc-en-matiere-de-generalisation-de-la-protection-sociale-et-de-financement-du-systeme-de-sante\/","og_site_name":"Dpress.ma\/fr","article_published_time":"2026-04-28T17:02:51+00:00","article_modified_time":"2026-04-28T17:02:56+00:00","og_image":[{"width":2539,"height":1594,"url":"https:\/\/dpress.ma\/fr\/wp-content\/uploads\/sites\/2\/2026\/04\/115-1.jpg","type":"image\/jpeg"}],"author":"Dpress.ma","twitter_card":"summary_large_image","twitter_misc":{"\u00c9crit par":"Dpress.ma","Dur\u00e9e de lecture estim\u00e9e":"5 minutes"},"schema":{"@context":"https:\/\/schema.org","@graph":[{"@type":"Article","@id":"https:\/\/dpress.ma\/fr\/2026\/04\/28\/mise-en-avant-a-nairobi-de-lexperience-du-maroc-en-matiere-de-generalisation-de-la-protection-sociale-et-de-financement-du-systeme-de-sante\/#article","isPartOf":{"@id":"https:\/\/dpress.ma\/fr\/2026\/04\/28\/mise-en-avant-a-nairobi-de-lexperience-du-maroc-en-matiere-de-generalisation-de-la-protection-sociale-et-de-financement-du-systeme-de-sante\/"},"author":{"name":"Dpress.ma","@id":"https:\/\/dpress.ma\/fr\/#\/schema\/person\/4898febf3ccd59e6578d838656a306a0"},"headline":"Mise en avant \u00e0 Nairobi de l\u2019exp\u00e9rience du Maroc en mati\u00e8re de g\u00e9n\u00e9ralisation de la protection sociale et de financement du syst\u00e8me de sant\u00e9","datePublished":"2026-04-28T17:02:51+00:00","dateModified":"2026-04-28T17:02:56+00:00","mainEntityOfPage":{"@id":"https:\/\/dpress.ma\/fr\/2026\/04\/28\/mise-en-avant-a-nairobi-de-lexperience-du-maroc-en-matiere-de-generalisation-de-la-protection-sociale-et-de-financement-du-systeme-de-sante\/"},"wordCount":991,"commentCount":0,"image":{"@id":"https:\/\/dpress.ma\/fr\/2026\/04\/28\/mise-en-avant-a-nairobi-de-lexperience-du-maroc-en-matiere-de-generalisation-de-la-protection-sociale-et-de-financement-du-systeme-de-sante\/#primaryimage"},"thumbnailUrl":"https:\/\/dpress.ma\/fr\/wp-content\/uploads\/sites\/2\/2026\/04\/115-1.jpg","articleSection":["monde"],"inLanguage":"fr-FR","potentialAction":[{"@type":"CommentAction","name":"Comment","target":["https:\/\/dpress.ma\/fr\/2026\/04\/28\/mise-en-avant-a-nairobi-de-lexperience-du-maroc-en-matiere-de-generalisation-de-la-protection-sociale-et-de-financement-du-systeme-de-sante\/#respond"]}]},{"@type":"WebPage","@id":"https:\/\/dpress.ma\/fr\/2026\/04\/28\/mise-en-avant-a-nairobi-de-lexperience-du-maroc-en-matiere-de-generalisation-de-la-protection-sociale-et-de-financement-du-systeme-de-sante\/","url":"https:\/\/dpress.ma\/fr\/2026\/04\/28\/mise-en-avant-a-nairobi-de-lexperience-du-maroc-en-matiere-de-generalisation-de-la-protection-sociale-et-de-financement-du-systeme-de-sante\/","name":"Mise en avant \u00e0 Nairobi de l\u2019exp\u00e9rience du Maroc en mati\u00e8re de g\u00e9n\u00e9ralisation de la protection sociale et de financement du syst\u00e8me de sant\u00e9 - Dpress.ma\/fr","isPartOf":{"@id":"https:\/\/dpress.ma\/fr\/#website"},"primaryImageOfPage":{"@id":"https:\/\/dpress.ma\/fr\/2026\/04\/28\/mise-en-avant-a-nairobi-de-lexperience-du-maroc-en-matiere-de-generalisation-de-la-protection-sociale-et-de-financement-du-systeme-de-sante\/#primaryimage"},"image":{"@id":"https:\/\/dpress.ma\/fr\/2026\/04\/28\/mise-en-avant-a-nairobi-de-lexperience-du-maroc-en-matiere-de-generalisation-de-la-protection-sociale-et-de-financement-du-systeme-de-sante\/#primaryimage"},"thumbnailUrl":"https:\/\/dpress.ma\/fr\/wp-content\/uploads\/sites\/2\/2026\/04\/115-1.jpg","datePublished":"2026-04-28T17:02:51+00:00","dateModified":"2026-04-28T17:02:56+00:00","author":{"@id":"https:\/\/dpress.ma\/fr\/#\/schema\/person\/4898febf3ccd59e6578d838656a306a0"},"breadcrumb":{"@id":"https:\/\/dpress.ma\/fr\/2026\/04\/28\/mise-en-avant-a-nairobi-de-lexperience-du-maroc-en-matiere-de-generalisation-de-la-protection-sociale-et-de-financement-du-systeme-de-sante\/#breadcrumb"},"inLanguage":"fr-FR","potentialAction":[{"@type":"ReadAction","target":["https:\/\/dpress.ma\/fr\/2026\/04\/28\/mise-en-avant-a-nairobi-de-lexperience-du-maroc-en-matiere-de-generalisation-de-la-protection-sociale-et-de-financement-du-systeme-de-sante\/"]}]},{"@type":"ImageObject","inLanguage":"fr-FR","@id":"https:\/\/dpress.ma\/fr\/2026\/04\/28\/mise-en-avant-a-nairobi-de-lexperience-du-maroc-en-matiere-de-generalisation-de-la-protection-sociale-et-de-financement-du-systeme-de-sante\/#primaryimage","url":"https:\/\/dpress.ma\/fr\/wp-content\/uploads\/sites\/2\/2026\/04\/115-1.jpg","contentUrl":"https:\/\/dpress.ma\/fr\/wp-content\/uploads\/sites\/2\/2026\/04\/115-1.jpg","width":2539,"height":1594},{"@type":"BreadcrumbList","@id":"https:\/\/dpress.ma\/fr\/2026\/04\/28\/mise-en-avant-a-nairobi-de-lexperience-du-maroc-en-matiere-de-generalisation-de-la-protection-sociale-et-de-financement-du-systeme-de-sante\/#breadcrumb","itemListElement":[{"@type":"ListItem","position":1,"name":"Home","item":"https:\/\/dpress.ma\/fr\/"},{"@type":"ListItem","position":2,"name":"Mise en avant \u00e0 Nairobi de l\u2019exp\u00e9rience du Maroc en mati\u00e8re de g\u00e9n\u00e9ralisation de la protection sociale et de financement du syst\u00e8me de sant\u00e9"}]},{"@type":"WebSite","@id":"https:\/\/dpress.ma\/fr\/#website","url":"https:\/\/dpress.ma\/fr\/","name":"Dpress.ma\/fr","description":"","potentialAction":[{"@type":"SearchAction","target":{"@type":"EntryPoint","urlTemplate":"https:\/\/dpress.ma\/fr\/?s={search_term_string}"},"query-input":{"@type":"PropertyValueSpecification","valueRequired":true,"valueName":"search_term_string"}}],"inLanguage":"fr-FR"},{"@type":"Person","@id":"https:\/\/dpress.ma\/fr\/#\/schema\/person\/4898febf3ccd59e6578d838656a306a0","name":"Dpress.ma","image":{"@type":"ImageObject","inLanguage":"fr-FR","@id":"https:\/\/secure.gravatar.com\/avatar\/72ecc30e9db047a2e0e7176561eb9d564ed77c8108376495b19bd8336405198a?s=96&d=mm&r=g","url":"https:\/\/secure.gravatar.com\/avatar\/72ecc30e9db047a2e0e7176561eb9d564ed77c8108376495b19bd8336405198a?s=96&d=mm&r=g","contentUrl":"https:\/\/secure.gravatar.com\/avatar\/72ecc30e9db047a2e0e7176561eb9d564ed77c8108376495b19bd8336405198a?s=96&d=mm&r=g","caption":"Dpress.ma"},"sameAs":["https:\/\/www.dpress.ma"],"url":"https:\/\/dpress.ma\/fr\/author\/dpress-ma\/"}]}},"amp_enabled":true,"_links":{"self":[{"href":"https:\/\/dpress.ma\/fr\/wp-json\/wp\/v2\/posts\/29596","targetHints":{"allow":["GET"]}}],"collection":[{"href":"https:\/\/dpress.ma\/fr\/wp-json\/wp\/v2\/posts"}],"about":[{"href":"https:\/\/dpress.ma\/fr\/wp-json\/wp\/v2\/types\/post"}],"author":[{"embeddable":true,"href":"https:\/\/dpress.ma\/fr\/wp-json\/wp\/v2\/users\/2"}],"replies":[{"embeddable":true,"href":"https:\/\/dpress.ma\/fr\/wp-json\/wp\/v2\/comments?post=29596"}],"version-history":[{"count":1,"href":"https:\/\/dpress.ma\/fr\/wp-json\/wp\/v2\/posts\/29596\/revisions"}],"predecessor-version":[{"id":29598,"href":"https:\/\/dpress.ma\/fr\/wp-json\/wp\/v2\/posts\/29596\/revisions\/29598"}],"wp:featuredmedia":[{"embeddable":true,"href":"https:\/\/dpress.ma\/fr\/wp-json\/wp\/v2\/media\/29597"}],"wp:attachment":[{"href":"https:\/\/dpress.ma\/fr\/wp-json\/wp\/v2\/media?parent=29596"}],"wp:term":[{"taxonomy":"category","embeddable":true,"href":"https:\/\/dpress.ma\/fr\/wp-json\/wp\/v2\/categories?post=29596"},{"taxonomy":"post_tag","embeddable":true,"href":"https:\/\/dpress.ma\/fr\/wp-json\/wp\/v2\/tags?post=29596"}],"curies":[{"name":"wp","href":"https:\/\/api.w.org\/{rel}","templated":true}]}}