{"id":29593,"date":"2026-04-28T17:01:41","date_gmt":"2026-04-28T17:01:41","guid":{"rendered":"https:\/\/dpress.ma\/fr\/?p=29593"},"modified":"2026-04-28T17:01:43","modified_gmt":"2026-04-28T17:01:43","slug":"le-maroc-copreside-a-istanbul-le-forum-de-locde-sur-les-mineraux-critiques","status":"publish","type":"post","link":"https:\/\/dpress.ma\/fr\/2026\/04\/28\/le-maroc-copreside-a-istanbul-le-forum-de-locde-sur-les-mineraux-critiques\/","title":{"rendered":"Le Maroc copr\u00e9side \u00e0 Istanbul le Forum de l\u2019OCDE sur les min\u00e9raux critiques"},"content":{"rendered":"\n<p>Dpress<\/p>\n\n\n\n<p>Le Maroc, repr\u00e9sent\u00e9 par la ministre de la Transition \u00e9nerg\u00e9tique et du D\u00e9veloppement durable, Leila Benali, pr\u00e9side, conjointement avec la T\u00fcrkiye, les travaux du Forum de l\u2019Organisation de Coop\u00e9ration et D\u00e9veloppement \u00c9conomique (OCDE) sur les min\u00e9raux critiques, qui a ouvert ses travaux mardi \u00e0 Istanbul.<\/p>\n\n\n\n<p>Ce Forum de haut niveau, qui se d\u00e9roule sur deux jours, se tient sous le th\u00e8me \u201cmobiliser les investissements et la croissance gr\u00e2ce aux partenariats\u201d, dans un contexte international marqu\u00e9 par une demande croissante sur les ressources strat\u00e9giques li\u00e9es \u00e0 la transition \u00e9nerg\u00e9tique et industrielle mondiale.<\/p>\n\n\n\n<p>Rassemblant les repr\u00e9sentants des pays producteurs et importateurs des min\u00e9raux critiques ainsi que des experts de l\u2019OCDE et des acteurs du secteur priv\u00e9, le Forum d\u2019Istanbul constitue une plateforme multilat\u00e9rale d\u2019\u00e9change sur les politiques susceptibles de renforcer la r\u00e9silience et de diversifier les chaines d\u2019approvisionnement en min\u00e9raux critiques, stimuler l\u2019industrialisation et favoriser la diversification \u00e9conomique.<\/p>\n\n\n\n<p>La copr\u00e9sidence de cet \u00e9v\u00e9nement a \u00e9t\u00e9 confi\u00e9e au Royaume en reconnaissance de son r\u00f4le strat\u00e9gique en tant que partenaire de l\u2019OCDE, ainsi que de la place de plus en plus importante qu\u2019il occupe dans les questions li\u00e9es \u00e0 la s\u00e9curit\u00e9 \u00e9nerg\u00e9tique et aux chaines de valeur industrielles mondiales.<\/p>\n\n\n\n<p>Dans ce cadre, Mme Benali a soulign\u00e9 que cette copr\u00e9sidence du Forum sur les min\u00e9raux critiques rev\u00eat une importance particuli\u00e8re, \u00e9tant donn\u00e9 que le Royaume, malgr\u00e9 le fait qu\u2019il ne soit pas membre de cette Organisation, a d\u00e9montr\u00e9 sa capacit\u00e9 \u00e0 contribuer activement au d\u00e9bat international sur les chaines de valeur des min\u00e9raux critiques et strat\u00e9giques.<\/p>\n\n\n\n<p>Elle a relev\u00e9, dans une d\u00e9claration \u00e0 la MAP, que la tenue de ce Forum s\u2019inscrit dans un contexte international instable, marqu\u00e9 par la volatilit\u00e9 des prix de l\u2019\u00e9nergie et des m\u00e9taux, tel que le lithium et le cobalt, ce qui entrave la mise en place d\u2019investissements stables et durables dans les chaines de production et d\u2019approvisionnement.<\/p>\n\n\n\n<p>Dans ce contexte, la ministre a mis en avant l\u2019importance de la \u201cD\u00e9claration de Marrakech\u201d, adopt\u00e9e \u00e0 l\u2019issue du 2e Congr\u00e8s international sur l\u2019exploitation mini\u00e8re (IMC Maroc), tenu en novembre 2025, qui a \u00e9tabli le premier cadre africain commun en mati\u00e8re de normes environnementales, de responsabilit\u00e9 sociale et de gouvernance dans le secteur minier.<\/p>\n\n\n\n<p>Les pays africains avaient convenu, lors de ce Congr\u00e8s, d\u2019\u00e9laborer leurs propres normes pour le secteur minier, afin de permettre la mobilisation de financements durables au profit de ce secteur strat\u00e9gique, tout en garantissant que les populations locales puissent b\u00e9n\u00e9ficier des retomb\u00e9es des industries extractives, a-t-elle not\u00e9.<\/p>\n\n\n\n<p>Mme Benali a soulign\u00e9 que le Maroc, gr\u00e2ce \u00e0 la vision \u00e9clair\u00e9e de Sa Majest\u00e9 le Roi Mohammed VI, a r\u00e9ussi \u00e0 dynamiser son secteur minier et \u00e0 renforcer sa position au sein des dynamiques internationales li\u00e9es aux min\u00e9raux strat\u00e9giques.<\/p>\n\n\n\n<p>Elle a \u00e9galement relev\u00e9 que le Royaume appelle aujourd\u2019hui les pays membres de l\u2019OCDE \u00e0 renforcer la transparence au sein de ce secteur et \u00e0 adopter des approches plus \u00e9quitables et plus efficaces dans la gestion des chaines d\u2019approvisionnement mondiales.<\/p>\n\n\n\n<p>La situation actuelle exige de surmonter les barri\u00e8res douani\u00e8res et les tensions g\u00e9opolitiques qui alimentent la volatilit\u00e9 des prix et entravent le financement des chaines d\u2019approvisionnement vitales, essentielles pour l\u2019avenir de l\u2019humanit\u00e9, a conclu la ministre.<\/p>\n\n\n\n<p>La s\u00e9ance d\u2019ouverture du Forum a connu la participation du secr\u00e9taire g\u00e9n\u00e9ral de l\u2019OCDE, Mathias Cormann, aux c\u00f4t\u00e9s du ministre turc de l\u2019Energie et des Ressources naturelles, Alparslan Bayraktar et du ministre turc du Commerce, \u00d6mer Bolat, ainsi que de plusieurs hauts responsables gouvernementaux des pays participants.<\/p>\n\n\n\n<p>La premi\u00e8re journ\u00e9e du Forum sera consacr\u00e9e \u00e0 des sessions minist\u00e9rielles et \u00e0 des dialogues r\u00e9gionaux ax\u00e9s sur les dynamiques de coop\u00e9ration, d\u2019investissements, de mobilisation des financements et de cr\u00e9ation de valeur ajout\u00e9e industrielle locale dans les chaines d\u2019approvisionnement en min\u00e9raux strat\u00e9giques.<\/p>\n\n\n\n<p>Le deuxi\u00e8me jour sera consacr\u00e9 \u00e0 la tenue de sessions th\u00e9matiques autour des sujets de s\u00e9curit\u00e9 \u00e9conomique, de comp\u00e9titivit\u00e9 commerciale, d\u2019\u00e9conomie circulaire, de tra\u00e7abilit\u00e9 des chaines d\u2019approvisionnement et de pratiques responsables dans le secteur des min\u00e9raux critiques, avec la participation d\u2019experts et de repr\u00e9sentants des secteurs public et priv\u00e9.<\/p>\n\n\n\n<p>Le Forum de l\u2019OCDE sur les min\u00e9raux critiques rev\u00eat une importance particuli\u00e8re compte-tenu du r\u00f4le grandissant et strat\u00e9gique des min\u00e9raux dans les secteurs des batteries, des voitures \u00e9lectriques, des \u00e9nergies renouvelables, ainsi que des enjeux qu\u2019ils soul\u00e8vent en mati\u00e8re de s\u00e9curit\u00e9 industrielle et de transition vers une \u00e9conomie \u00e0 faible \u00e9mission de carbone.<\/p>\n","protected":false},"excerpt":{"rendered":"<p>Dpress Le Maroc, repr\u00e9sent\u00e9 par la ministre de la Transition \u00e9nerg\u00e9tique et du D\u00e9veloppement durable, Leila Benali, pr\u00e9side, conjointement avec la T\u00fcrkiye, les travaux du Forum de l\u2019Organisation de Coop\u00e9ration et D\u00e9veloppement \u00c9conomique (OCDE) sur les min\u00e9raux critiques, qui a ouvert ses travaux mardi \u00e0 Istanbul. Ce Forum de haut niveau, qui se d\u00e9roule sur &hellip;<\/p>\n","protected":false},"author":2,"featured_media":29594,"comment_status":"open","ping_status":"open","sticky":false,"template":"","format":"standard","meta":{"footnotes":""},"categories":[42],"tags":[],"class_list":["post-29593","post","type-post","status-publish","format-standard","has-post-thumbnail","hentry","category-monde"],"yoast_head":"<!-- This site is optimized with the Yoast SEO plugin v27.4 - https:\/\/yoast.com\/product\/yoast-seo-wordpress\/ -->\n<title>Le Maroc copr\u00e9side \u00e0 Istanbul le Forum de l\u2019OCDE sur les min\u00e9raux critiques - Dpress.ma\/fr<\/title>\n<meta name=\"robots\" content=\"index, follow, max-snippet:-1, max-image-preview:large, max-video-preview:-1\" \/>\n<link rel=\"canonical\" href=\"https:\/\/dpress.ma\/fr\/2026\/04\/28\/le-maroc-copreside-a-istanbul-le-forum-de-locde-sur-les-mineraux-critiques\/\" \/>\n<meta property=\"og:locale\" content=\"fr_FR\" \/>\n<meta property=\"og:type\" content=\"article\" \/>\n<meta property=\"og:title\" content=\"Le Maroc copr\u00e9side \u00e0 Istanbul le Forum de l\u2019OCDE sur les min\u00e9raux critiques - Dpress.ma\/fr\" \/>\n<meta property=\"og:description\" content=\"Dpress Le Maroc, repr\u00e9sent\u00e9 par la ministre de la Transition \u00e9nerg\u00e9tique et du D\u00e9veloppement durable, Leila Benali, pr\u00e9side, conjointement avec la T\u00fcrkiye, les travaux du Forum de l\u2019Organisation de Coop\u00e9ration et D\u00e9veloppement \u00c9conomique (OCDE) sur les min\u00e9raux critiques, qui a ouvert ses travaux mardi \u00e0 Istanbul. Ce Forum de haut niveau, qui se d\u00e9roule sur &hellip;\" \/>\n<meta property=\"og:url\" content=\"https:\/\/dpress.ma\/fr\/2026\/04\/28\/le-maroc-copreside-a-istanbul-le-forum-de-locde-sur-les-mineraux-critiques\/\" \/>\n<meta property=\"og:site_name\" content=\"Dpress.ma\/fr\" \/>\n<meta property=\"article:published_time\" content=\"2026-04-28T17:01:41+00:00\" \/>\n<meta property=\"article:modified_time\" content=\"2026-04-28T17:01:43+00:00\" \/>\n<meta property=\"og:image\" content=\"https:\/\/dpress.ma\/fr\/wp-content\/uploads\/sites\/2\/2026\/04\/114.jpg\" \/>\n\t<meta property=\"og:image:width\" content=\"2539\" \/>\n\t<meta property=\"og:image:height\" content=\"1594\" \/>\n\t<meta property=\"og:image:type\" content=\"image\/jpeg\" \/>\n<meta name=\"author\" content=\"Dpress.ma\" \/>\n<meta name=\"twitter:card\" content=\"summary_large_image\" \/>\n<meta name=\"twitter:label1\" content=\"\u00c9crit par\" \/>\n\t<meta name=\"twitter:data1\" content=\"Dpress.ma\" \/>\n\t<meta name=\"twitter:label2\" content=\"Dur\u00e9e de lecture estim\u00e9e\" \/>\n\t<meta name=\"twitter:data2\" content=\"4 minutes\" \/>\n<script type=\"application\/ld+json\" class=\"yoast-schema-graph\">{\"@context\":\"https:\\\/\\\/schema.org\",\"@graph\":[{\"@type\":\"Article\",\"@id\":\"https:\\\/\\\/dpress.ma\\\/fr\\\/2026\\\/04\\\/28\\\/le-maroc-copreside-a-istanbul-le-forum-de-locde-sur-les-mineraux-critiques\\\/#article\",\"isPartOf\":{\"@id\":\"https:\\\/\\\/dpress.ma\\\/fr\\\/2026\\\/04\\\/28\\\/le-maroc-copreside-a-istanbul-le-forum-de-locde-sur-les-mineraux-critiques\\\/\"},\"author\":{\"name\":\"Dpress.ma\",\"@id\":\"https:\\\/\\\/dpress.ma\\\/fr\\\/#\\\/schema\\\/person\\\/4898febf3ccd59e6578d838656a306a0\"},\"headline\":\"Le Maroc copr\u00e9side \u00e0 Istanbul le Forum de l\u2019OCDE sur les min\u00e9raux critiques\",\"datePublished\":\"2026-04-28T17:01:41+00:00\",\"dateModified\":\"2026-04-28T17:01:43+00:00\",\"mainEntityOfPage\":{\"@id\":\"https:\\\/\\\/dpress.ma\\\/fr\\\/2026\\\/04\\\/28\\\/le-maroc-copreside-a-istanbul-le-forum-de-locde-sur-les-mineraux-critiques\\\/\"},\"wordCount\":838,\"commentCount\":0,\"image\":{\"@id\":\"https:\\\/\\\/dpress.ma\\\/fr\\\/2026\\\/04\\\/28\\\/le-maroc-copreside-a-istanbul-le-forum-de-locde-sur-les-mineraux-critiques\\\/#primaryimage\"},\"thumbnailUrl\":\"https:\\\/\\\/dpress.ma\\\/fr\\\/wp-content\\\/uploads\\\/sites\\\/2\\\/2026\\\/04\\\/114.jpg\",\"articleSection\":[\"monde\"],\"inLanguage\":\"fr-FR\",\"potentialAction\":[{\"@type\":\"CommentAction\",\"name\":\"Comment\",\"target\":[\"https:\\\/\\\/dpress.ma\\\/fr\\\/2026\\\/04\\\/28\\\/le-maroc-copreside-a-istanbul-le-forum-de-locde-sur-les-mineraux-critiques\\\/#respond\"]}]},{\"@type\":\"WebPage\",\"@id\":\"https:\\\/\\\/dpress.ma\\\/fr\\\/2026\\\/04\\\/28\\\/le-maroc-copreside-a-istanbul-le-forum-de-locde-sur-les-mineraux-critiques\\\/\",\"url\":\"https:\\\/\\\/dpress.ma\\\/fr\\\/2026\\\/04\\\/28\\\/le-maroc-copreside-a-istanbul-le-forum-de-locde-sur-les-mineraux-critiques\\\/\",\"name\":\"Le Maroc copr\u00e9side \u00e0 Istanbul le Forum de l\u2019OCDE sur les min\u00e9raux critiques - Dpress.ma\\\/fr\",\"isPartOf\":{\"@id\":\"https:\\\/\\\/dpress.ma\\\/fr\\\/#website\"},\"primaryImageOfPage\":{\"@id\":\"https:\\\/\\\/dpress.ma\\\/fr\\\/2026\\\/04\\\/28\\\/le-maroc-copreside-a-istanbul-le-forum-de-locde-sur-les-mineraux-critiques\\\/#primaryimage\"},\"image\":{\"@id\":\"https:\\\/\\\/dpress.ma\\\/fr\\\/2026\\\/04\\\/28\\\/le-maroc-copreside-a-istanbul-le-forum-de-locde-sur-les-mineraux-critiques\\\/#primaryimage\"},\"thumbnailUrl\":\"https:\\\/\\\/dpress.ma\\\/fr\\\/wp-content\\\/uploads\\\/sites\\\/2\\\/2026\\\/04\\\/114.jpg\",\"datePublished\":\"2026-04-28T17:01:41+00:00\",\"dateModified\":\"2026-04-28T17:01:43+00:00\",\"author\":{\"@id\":\"https:\\\/\\\/dpress.ma\\\/fr\\\/#\\\/schema\\\/person\\\/4898febf3ccd59e6578d838656a306a0\"},\"breadcrumb\":{\"@id\":\"https:\\\/\\\/dpress.ma\\\/fr\\\/2026\\\/04\\\/28\\\/le-maroc-copreside-a-istanbul-le-forum-de-locde-sur-les-mineraux-critiques\\\/#breadcrumb\"},\"inLanguage\":\"fr-FR\",\"potentialAction\":[{\"@type\":\"ReadAction\",\"target\":[\"https:\\\/\\\/dpress.ma\\\/fr\\\/2026\\\/04\\\/28\\\/le-maroc-copreside-a-istanbul-le-forum-de-locde-sur-les-mineraux-critiques\\\/\"]}]},{\"@type\":\"ImageObject\",\"inLanguage\":\"fr-FR\",\"@id\":\"https:\\\/\\\/dpress.ma\\\/fr\\\/2026\\\/04\\\/28\\\/le-maroc-copreside-a-istanbul-le-forum-de-locde-sur-les-mineraux-critiques\\\/#primaryimage\",\"url\":\"https:\\\/\\\/dpress.ma\\\/fr\\\/wp-content\\\/uploads\\\/sites\\\/2\\\/2026\\\/04\\\/114.jpg\",\"contentUrl\":\"https:\\\/\\\/dpress.ma\\\/fr\\\/wp-content\\\/uploads\\\/sites\\\/2\\\/2026\\\/04\\\/114.jpg\",\"width\":2539,\"height\":1594},{\"@type\":\"BreadcrumbList\",\"@id\":\"https:\\\/\\\/dpress.ma\\\/fr\\\/2026\\\/04\\\/28\\\/le-maroc-copreside-a-istanbul-le-forum-de-locde-sur-les-mineraux-critiques\\\/#breadcrumb\",\"itemListElement\":[{\"@type\":\"ListItem\",\"position\":1,\"name\":\"Home\",\"item\":\"https:\\\/\\\/dpress.ma\\\/fr\\\/\"},{\"@type\":\"ListItem\",\"position\":2,\"name\":\"Le Maroc copr\u00e9side \u00e0 Istanbul le Forum de l\u2019OCDE sur les min\u00e9raux critiques\"}]},{\"@type\":\"WebSite\",\"@id\":\"https:\\\/\\\/dpress.ma\\\/fr\\\/#website\",\"url\":\"https:\\\/\\\/dpress.ma\\\/fr\\\/\",\"name\":\"Dpress.ma\\\/fr\",\"description\":\"\",\"potentialAction\":[{\"@type\":\"SearchAction\",\"target\":{\"@type\":\"EntryPoint\",\"urlTemplate\":\"https:\\\/\\\/dpress.ma\\\/fr\\\/?s={search_term_string}\"},\"query-input\":{\"@type\":\"PropertyValueSpecification\",\"valueRequired\":true,\"valueName\":\"search_term_string\"}}],\"inLanguage\":\"fr-FR\"},{\"@type\":\"Person\",\"@id\":\"https:\\\/\\\/dpress.ma\\\/fr\\\/#\\\/schema\\\/person\\\/4898febf3ccd59e6578d838656a306a0\",\"name\":\"Dpress.ma\",\"image\":{\"@type\":\"ImageObject\",\"inLanguage\":\"fr-FR\",\"@id\":\"https:\\\/\\\/secure.gravatar.com\\\/avatar\\\/72ecc30e9db047a2e0e7176561eb9d564ed77c8108376495b19bd8336405198a?s=96&d=mm&r=g\",\"url\":\"https:\\\/\\\/secure.gravatar.com\\\/avatar\\\/72ecc30e9db047a2e0e7176561eb9d564ed77c8108376495b19bd8336405198a?s=96&d=mm&r=g\",\"contentUrl\":\"https:\\\/\\\/secure.gravatar.com\\\/avatar\\\/72ecc30e9db047a2e0e7176561eb9d564ed77c8108376495b19bd8336405198a?s=96&d=mm&r=g\",\"caption\":\"Dpress.ma\"},\"sameAs\":[\"https:\\\/\\\/www.dpress.ma\"],\"url\":\"https:\\\/\\\/dpress.ma\\\/fr\\\/author\\\/dpress-ma\\\/\"}]}<\/script>\n<!-- \/ Yoast SEO plugin. -->","yoast_head_json":{"title":"Le Maroc copr\u00e9side \u00e0 Istanbul le Forum de l\u2019OCDE sur les min\u00e9raux critiques - Dpress.ma\/fr","robots":{"index":"index","follow":"follow","max-snippet":"max-snippet:-1","max-image-preview":"max-image-preview:large","max-video-preview":"max-video-preview:-1"},"canonical":"https:\/\/dpress.ma\/fr\/2026\/04\/28\/le-maroc-copreside-a-istanbul-le-forum-de-locde-sur-les-mineraux-critiques\/","og_locale":"fr_FR","og_type":"article","og_title":"Le Maroc copr\u00e9side \u00e0 Istanbul le Forum de l\u2019OCDE sur les min\u00e9raux critiques - Dpress.ma\/fr","og_description":"Dpress Le Maroc, repr\u00e9sent\u00e9 par la ministre de la Transition \u00e9nerg\u00e9tique et du D\u00e9veloppement durable, Leila Benali, pr\u00e9side, conjointement avec la T\u00fcrkiye, les travaux du Forum de l\u2019Organisation de Coop\u00e9ration et D\u00e9veloppement \u00c9conomique (OCDE) sur les min\u00e9raux critiques, qui a ouvert ses travaux mardi \u00e0 Istanbul. Ce Forum de haut niveau, qui se d\u00e9roule sur &hellip;","og_url":"https:\/\/dpress.ma\/fr\/2026\/04\/28\/le-maroc-copreside-a-istanbul-le-forum-de-locde-sur-les-mineraux-critiques\/","og_site_name":"Dpress.ma\/fr","article_published_time":"2026-04-28T17:01:41+00:00","article_modified_time":"2026-04-28T17:01:43+00:00","og_image":[{"width":2539,"height":1594,"url":"https:\/\/dpress.ma\/fr\/wp-content\/uploads\/sites\/2\/2026\/04\/114.jpg","type":"image\/jpeg"}],"author":"Dpress.ma","twitter_card":"summary_large_image","twitter_misc":{"\u00c9crit par":"Dpress.ma","Dur\u00e9e de lecture estim\u00e9e":"4 minutes"},"schema":{"@context":"https:\/\/schema.org","@graph":[{"@type":"Article","@id":"https:\/\/dpress.ma\/fr\/2026\/04\/28\/le-maroc-copreside-a-istanbul-le-forum-de-locde-sur-les-mineraux-critiques\/#article","isPartOf":{"@id":"https:\/\/dpress.ma\/fr\/2026\/04\/28\/le-maroc-copreside-a-istanbul-le-forum-de-locde-sur-les-mineraux-critiques\/"},"author":{"name":"Dpress.ma","@id":"https:\/\/dpress.ma\/fr\/#\/schema\/person\/4898febf3ccd59e6578d838656a306a0"},"headline":"Le Maroc copr\u00e9side \u00e0 Istanbul le Forum de l\u2019OCDE sur les min\u00e9raux critiques","datePublished":"2026-04-28T17:01:41+00:00","dateModified":"2026-04-28T17:01:43+00:00","mainEntityOfPage":{"@id":"https:\/\/dpress.ma\/fr\/2026\/04\/28\/le-maroc-copreside-a-istanbul-le-forum-de-locde-sur-les-mineraux-critiques\/"},"wordCount":838,"commentCount":0,"image":{"@id":"https:\/\/dpress.ma\/fr\/2026\/04\/28\/le-maroc-copreside-a-istanbul-le-forum-de-locde-sur-les-mineraux-critiques\/#primaryimage"},"thumbnailUrl":"https:\/\/dpress.ma\/fr\/wp-content\/uploads\/sites\/2\/2026\/04\/114.jpg","articleSection":["monde"],"inLanguage":"fr-FR","potentialAction":[{"@type":"CommentAction","name":"Comment","target":["https:\/\/dpress.ma\/fr\/2026\/04\/28\/le-maroc-copreside-a-istanbul-le-forum-de-locde-sur-les-mineraux-critiques\/#respond"]}]},{"@type":"WebPage","@id":"https:\/\/dpress.ma\/fr\/2026\/04\/28\/le-maroc-copreside-a-istanbul-le-forum-de-locde-sur-les-mineraux-critiques\/","url":"https:\/\/dpress.ma\/fr\/2026\/04\/28\/le-maroc-copreside-a-istanbul-le-forum-de-locde-sur-les-mineraux-critiques\/","name":"Le Maroc copr\u00e9side \u00e0 Istanbul le Forum de l\u2019OCDE sur les min\u00e9raux critiques - Dpress.ma\/fr","isPartOf":{"@id":"https:\/\/dpress.ma\/fr\/#website"},"primaryImageOfPage":{"@id":"https:\/\/dpress.ma\/fr\/2026\/04\/28\/le-maroc-copreside-a-istanbul-le-forum-de-locde-sur-les-mineraux-critiques\/#primaryimage"},"image":{"@id":"https:\/\/dpress.ma\/fr\/2026\/04\/28\/le-maroc-copreside-a-istanbul-le-forum-de-locde-sur-les-mineraux-critiques\/#primaryimage"},"thumbnailUrl":"https:\/\/dpress.ma\/fr\/wp-content\/uploads\/sites\/2\/2026\/04\/114.jpg","datePublished":"2026-04-28T17:01:41+00:00","dateModified":"2026-04-28T17:01:43+00:00","author":{"@id":"https:\/\/dpress.ma\/fr\/#\/schema\/person\/4898febf3ccd59e6578d838656a306a0"},"breadcrumb":{"@id":"https:\/\/dpress.ma\/fr\/2026\/04\/28\/le-maroc-copreside-a-istanbul-le-forum-de-locde-sur-les-mineraux-critiques\/#breadcrumb"},"inLanguage":"fr-FR","potentialAction":[{"@type":"ReadAction","target":["https:\/\/dpress.ma\/fr\/2026\/04\/28\/le-maroc-copreside-a-istanbul-le-forum-de-locde-sur-les-mineraux-critiques\/"]}]},{"@type":"ImageObject","inLanguage":"fr-FR","@id":"https:\/\/dpress.ma\/fr\/2026\/04\/28\/le-maroc-copreside-a-istanbul-le-forum-de-locde-sur-les-mineraux-critiques\/#primaryimage","url":"https:\/\/dpress.ma\/fr\/wp-content\/uploads\/sites\/2\/2026\/04\/114.jpg","contentUrl":"https:\/\/dpress.ma\/fr\/wp-content\/uploads\/sites\/2\/2026\/04\/114.jpg","width":2539,"height":1594},{"@type":"BreadcrumbList","@id":"https:\/\/dpress.ma\/fr\/2026\/04\/28\/le-maroc-copreside-a-istanbul-le-forum-de-locde-sur-les-mineraux-critiques\/#breadcrumb","itemListElement":[{"@type":"ListItem","position":1,"name":"Home","item":"https:\/\/dpress.ma\/fr\/"},{"@type":"ListItem","position":2,"name":"Le Maroc copr\u00e9side \u00e0 Istanbul le Forum de l\u2019OCDE sur les min\u00e9raux critiques"}]},{"@type":"WebSite","@id":"https:\/\/dpress.ma\/fr\/#website","url":"https:\/\/dpress.ma\/fr\/","name":"Dpress.ma\/fr","description":"","potentialAction":[{"@type":"SearchAction","target":{"@type":"EntryPoint","urlTemplate":"https:\/\/dpress.ma\/fr\/?s={search_term_string}"},"query-input":{"@type":"PropertyValueSpecification","valueRequired":true,"valueName":"search_term_string"}}],"inLanguage":"fr-FR"},{"@type":"Person","@id":"https:\/\/dpress.ma\/fr\/#\/schema\/person\/4898febf3ccd59e6578d838656a306a0","name":"Dpress.ma","image":{"@type":"ImageObject","inLanguage":"fr-FR","@id":"https:\/\/secure.gravatar.com\/avatar\/72ecc30e9db047a2e0e7176561eb9d564ed77c8108376495b19bd8336405198a?s=96&d=mm&r=g","url":"https:\/\/secure.gravatar.com\/avatar\/72ecc30e9db047a2e0e7176561eb9d564ed77c8108376495b19bd8336405198a?s=96&d=mm&r=g","contentUrl":"https:\/\/secure.gravatar.com\/avatar\/72ecc30e9db047a2e0e7176561eb9d564ed77c8108376495b19bd8336405198a?s=96&d=mm&r=g","caption":"Dpress.ma"},"sameAs":["https:\/\/www.dpress.ma"],"url":"https:\/\/dpress.ma\/fr\/author\/dpress-ma\/"}]}},"amp_enabled":true,"_links":{"self":[{"href":"https:\/\/dpress.ma\/fr\/wp-json\/wp\/v2\/posts\/29593","targetHints":{"allow":["GET"]}}],"collection":[{"href":"https:\/\/dpress.ma\/fr\/wp-json\/wp\/v2\/posts"}],"about":[{"href":"https:\/\/dpress.ma\/fr\/wp-json\/wp\/v2\/types\/post"}],"author":[{"embeddable":true,"href":"https:\/\/dpress.ma\/fr\/wp-json\/wp\/v2\/users\/2"}],"replies":[{"embeddable":true,"href":"https:\/\/dpress.ma\/fr\/wp-json\/wp\/v2\/comments?post=29593"}],"version-history":[{"count":1,"href":"https:\/\/dpress.ma\/fr\/wp-json\/wp\/v2\/posts\/29593\/revisions"}],"predecessor-version":[{"id":29595,"href":"https:\/\/dpress.ma\/fr\/wp-json\/wp\/v2\/posts\/29593\/revisions\/29595"}],"wp:featuredmedia":[{"embeddable":true,"href":"https:\/\/dpress.ma\/fr\/wp-json\/wp\/v2\/media\/29594"}],"wp:attachment":[{"href":"https:\/\/dpress.ma\/fr\/wp-json\/wp\/v2\/media?parent=29593"}],"wp:term":[{"taxonomy":"category","embeddable":true,"href":"https:\/\/dpress.ma\/fr\/wp-json\/wp\/v2\/categories?post=29593"},{"taxonomy":"post_tag","embeddable":true,"href":"https:\/\/dpress.ma\/fr\/wp-json\/wp\/v2\/tags?post=29593"}],"curies":[{"name":"wp","href":"https:\/\/api.w.org\/{rel}","templated":true}]}}