{"id":29584,"date":"2026-04-28T15:24:57","date_gmt":"2026-04-28T15:24:57","guid":{"rendered":"https:\/\/dpress.ma\/fr\/?p=29584"},"modified":"2026-04-28T15:24:58","modified_gmt":"2026-04-28T15:24:58","slug":"m-balaoui-sentretient-avec-le-procureur-general-de-la-republique-dazerbaidjan","status":"publish","type":"post","link":"https:\/\/dpress.ma\/fr\/2026\/04\/28\/m-balaoui-sentretient-avec-le-procureur-general-de-la-republique-dazerbaidjan\/","title":{"rendered":"M. Balaoui s\u2019entretient avec le Procureur g\u00e9n\u00e9ral de la R\u00e9publique d\u2019Azerba\u00efdjan"},"content":{"rendered":"\n<p>Dpress<\/p>\n\n\n\n<p>Le Procureur g\u00e9n\u00e9ral du Roi pr\u00e8s la Cour de cassation, Pr\u00e9sident du Minist\u00e8re public, Hicham Balaoui, s\u2019est entretenu, mardi \u00e0 Rabat, avec le Procureur g\u00e9n\u00e9ral de la R\u00e9publique d\u2019Azerba\u00efdjan, Kamran Aliyev, en visite de travail au Maroc.<\/p>\n\n\n\n<p>Lors de ces entretiens, M. Balaoui a expos\u00e9 les chantiers de r\u00e9forme engag\u00e9s par le Maroc dans le domaine de la justice, notamment en mati\u00e8re de cons\u00e9cration de l\u2019ind\u00e9pendance du pouvoir judiciaire, en tant que choix strat\u00e9gique confort\u00e9 par la Constitution de 2011.<\/p>\n\n\n\n<p>L\u2019entrevue a aussi \u00e9t\u00e9 l\u2019occasion de r\u00e9affirmer l\u2019engagement du Minist\u00e8re public \u00e0 poursuivre son ouverture sur les exp\u00e9riences compar\u00e9es et \u00e0 renforcer la coop\u00e9ration judiciaire internationale, afin de soutenir les efforts de promotion de la justice et de consolider les principes d\u2019ind\u00e9pendance, d\u2019efficience et d\u2019efficacit\u00e9, au service de la protection des droits et libert\u00e9s.<\/p>\n\n\n\n<p>Se f\u00e9licitant du niveau des relations d\u2019amiti\u00e9 et de coop\u00e9ration unissant le Royaume du Maroc et la R\u00e9publique d\u2019Azerba\u00efdjan, les deux parties ont soulign\u00e9 l\u2019importance de hisser la coop\u00e9ration bilat\u00e9rale \u00e0 des niveaux sup\u00e9rieurs, \u00e0 travers l\u2019\u00e9largissement de la coordination et l\u2019\u00e9change d\u2019expertises dans les domaines relevant du champ d\u2019action du Minist\u00e8re public.<\/p>\n\n\n\n<p>Elles ont aussi plaid\u00e9 pour la poursuite de l\u2019\u00e9change de visites entre les responsables des deux pays, compte tenu de leur r\u00f4le dans le raffermissement des relations de coop\u00e9ration institutionnelle et le partage d\u2019expertises entre les institutions judiciaires des deux pays.<\/p>\n\n\n\n<p>Dans une d\u00e9claration \u00e0 la MAP, M. Balaoui a indiqu\u00e9 que les \u00e9changes ont port\u00e9 notamment sur les leviers de renforcement de la coop\u00e9ration entre le Minist\u00e8re public et son homologue en Azerba\u00efdjan notamment dans le domaine de la lutte contre la criminalit\u00e9 sous toutes ses formes.<\/p>\n\n\n\n<p>Ces entretiens ont aussi permis de mettre en avant l\u2019\u00e9volution qu\u2019a connue le pouvoir judiciaire au Maroc et d\u2019explorer de nouvelles perspectives de coop\u00e9ration judiciaire, a-t-il pr\u00e9cis\u00e9.<\/p>\n\n\n\n<p>De son c\u00f4t\u00e9, M. Aliyev a relev\u00e9 que cette entrevue a \u00e9t\u00e9 l\u2019occasion d\u2019examiner les moyens de lutter contre la corruption et la criminalit\u00e9 organis\u00e9e et transnationale, des fl\u00e9aux qui requi\u00e8rent la conjugaison des efforts.<\/p>\n\n\n\n<p>Se f\u00e9licitant du niveau de la coop\u00e9ration judiciaire \u201cfructueuse\u201d entre les deux pays, il a fait part de la volont\u00e9 commune des deux Minist\u00e8res publics de renforcer davantage leur coop\u00e9ration dans les domaines d\u2019int\u00e9r\u00eat commun, pr\u00e9cisant qu\u2019il a \u00e9t\u00e9 convenu d\u2019organiser des \u00e9changes de visites au profit des magistrats marocains et azerba\u00efdjanais.<\/p>\n\n\n\n<p>Le Procureur g\u00e9n\u00e9ral de la R\u00e9publique d\u2019Azerba\u00efdjan, Kamran Aliyev, accompagn\u00e9 d\u2019une d\u00e9l\u00e9gation de haut niveau, effectue actuellement une visite de travail au Maroc dans le cadre du renforcement des relations de coop\u00e9ration judiciaire avec les parquets des pays fr\u00e8res et amis.<\/p>\n\n\n\n<p>Cette visite ambitionne de favoriser l\u2019\u00e9change d\u2019expertises et des meilleures pratiques dans les domaines d\u2019int\u00e9r\u00eat commun, notamment en mati\u00e8re de modernisation des services du Minist\u00e8re public et de d\u00e9veloppement des m\u00e9canismes de coop\u00e9ration judiciaire internationale.<\/p>\n","protected":false},"excerpt":{"rendered":"<p>Dpress Le Procureur g\u00e9n\u00e9ral du Roi pr\u00e8s la Cour de cassation, Pr\u00e9sident du Minist\u00e8re public, Hicham Balaoui, s\u2019est entretenu, mardi \u00e0 Rabat, avec le Procureur g\u00e9n\u00e9ral de la R\u00e9publique d\u2019Azerba\u00efdjan, Kamran Aliyev, en visite de travail au Maroc. Lors de ces entretiens, M. Balaoui a expos\u00e9 les chantiers de r\u00e9forme engag\u00e9s par le Maroc dans &hellip;<\/p>\n","protected":false},"author":2,"featured_media":29585,"comment_status":"open","ping_status":"open","sticky":false,"template":"","format":"standard","meta":{"footnotes":""},"categories":[26],"tags":[],"class_list":["post-29584","post","type-post","status-publish","format-standard","has-post-thumbnail","hentry","category-politiques"],"yoast_head":"<!-- This site is optimized with the Yoast SEO plugin v27.4 - https:\/\/yoast.com\/product\/yoast-seo-wordpress\/ -->\n<title>M. Balaoui s\u2019entretient avec le Procureur g\u00e9n\u00e9ral de la R\u00e9publique d\u2019Azerba\u00efdjan - Dpress.ma\/fr<\/title>\n<meta name=\"robots\" content=\"index, follow, max-snippet:-1, max-image-preview:large, max-video-preview:-1\" \/>\n<link rel=\"canonical\" href=\"https:\/\/dpress.ma\/fr\/2026\/04\/28\/m-balaoui-sentretient-avec-le-procureur-general-de-la-republique-dazerbaidjan\/\" \/>\n<meta property=\"og:locale\" content=\"fr_FR\" \/>\n<meta property=\"og:type\" content=\"article\" \/>\n<meta property=\"og:title\" content=\"M. Balaoui s\u2019entretient avec le Procureur g\u00e9n\u00e9ral de la R\u00e9publique d\u2019Azerba\u00efdjan - Dpress.ma\/fr\" \/>\n<meta property=\"og:description\" content=\"Dpress Le Procureur g\u00e9n\u00e9ral du Roi pr\u00e8s la Cour de cassation, Pr\u00e9sident du Minist\u00e8re public, Hicham Balaoui, s\u2019est entretenu, mardi \u00e0 Rabat, avec le Procureur g\u00e9n\u00e9ral de la R\u00e9publique d\u2019Azerba\u00efdjan, Kamran Aliyev, en visite de travail au Maroc. Lors de ces entretiens, M. Balaoui a expos\u00e9 les chantiers de r\u00e9forme engag\u00e9s par le Maroc dans &hellip;\" \/>\n<meta property=\"og:url\" content=\"https:\/\/dpress.ma\/fr\/2026\/04\/28\/m-balaoui-sentretient-avec-le-procureur-general-de-la-republique-dazerbaidjan\/\" \/>\n<meta property=\"og:site_name\" content=\"Dpress.ma\/fr\" \/>\n<meta property=\"article:published_time\" content=\"2026-04-28T15:24:57+00:00\" \/>\n<meta property=\"article:modified_time\" content=\"2026-04-28T15:24:58+00:00\" \/>\n<meta property=\"og:image\" content=\"https:\/\/dpress.ma\/fr\/wp-content\/uploads\/sites\/2\/2026\/04\/96.jpg\" \/>\n\t<meta property=\"og:image:width\" content=\"2539\" \/>\n\t<meta property=\"og:image:height\" content=\"1594\" \/>\n\t<meta property=\"og:image:type\" content=\"image\/jpeg\" \/>\n<meta name=\"author\" content=\"Dpress.ma\" \/>\n<meta name=\"twitter:card\" content=\"summary_large_image\" \/>\n<meta name=\"twitter:label1\" content=\"\u00c9crit par\" \/>\n\t<meta name=\"twitter:data1\" content=\"Dpress.ma\" \/>\n\t<meta name=\"twitter:label2\" content=\"Dur\u00e9e de lecture estim\u00e9e\" \/>\n\t<meta name=\"twitter:data2\" content=\"3 minutes\" \/>\n<script type=\"application\/ld+json\" class=\"yoast-schema-graph\">{\"@context\":\"https:\\\/\\\/schema.org\",\"@graph\":[{\"@type\":\"Article\",\"@id\":\"https:\\\/\\\/dpress.ma\\\/fr\\\/2026\\\/04\\\/28\\\/m-balaoui-sentretient-avec-le-procureur-general-de-la-republique-dazerbaidjan\\\/#article\",\"isPartOf\":{\"@id\":\"https:\\\/\\\/dpress.ma\\\/fr\\\/2026\\\/04\\\/28\\\/m-balaoui-sentretient-avec-le-procureur-general-de-la-republique-dazerbaidjan\\\/\"},\"author\":{\"name\":\"Dpress.ma\",\"@id\":\"https:\\\/\\\/dpress.ma\\\/fr\\\/#\\\/schema\\\/person\\\/4898febf3ccd59e6578d838656a306a0\"},\"headline\":\"M. Balaoui s\u2019entretient avec le Procureur g\u00e9n\u00e9ral de la R\u00e9publique d\u2019Azerba\u00efdjan\",\"datePublished\":\"2026-04-28T15:24:57+00:00\",\"dateModified\":\"2026-04-28T15:24:58+00:00\",\"mainEntityOfPage\":{\"@id\":\"https:\\\/\\\/dpress.ma\\\/fr\\\/2026\\\/04\\\/28\\\/m-balaoui-sentretient-avec-le-procureur-general-de-la-republique-dazerbaidjan\\\/\"},\"wordCount\":572,\"commentCount\":0,\"image\":{\"@id\":\"https:\\\/\\\/dpress.ma\\\/fr\\\/2026\\\/04\\\/28\\\/m-balaoui-sentretient-avec-le-procureur-general-de-la-republique-dazerbaidjan\\\/#primaryimage\"},\"thumbnailUrl\":\"https:\\\/\\\/dpress.ma\\\/fr\\\/wp-content\\\/uploads\\\/sites\\\/2\\\/2026\\\/04\\\/96.jpg\",\"articleSection\":[\"Politiques\"],\"inLanguage\":\"fr-FR\",\"potentialAction\":[{\"@type\":\"CommentAction\",\"name\":\"Comment\",\"target\":[\"https:\\\/\\\/dpress.ma\\\/fr\\\/2026\\\/04\\\/28\\\/m-balaoui-sentretient-avec-le-procureur-general-de-la-republique-dazerbaidjan\\\/#respond\"]}]},{\"@type\":\"WebPage\",\"@id\":\"https:\\\/\\\/dpress.ma\\\/fr\\\/2026\\\/04\\\/28\\\/m-balaoui-sentretient-avec-le-procureur-general-de-la-republique-dazerbaidjan\\\/\",\"url\":\"https:\\\/\\\/dpress.ma\\\/fr\\\/2026\\\/04\\\/28\\\/m-balaoui-sentretient-avec-le-procureur-general-de-la-republique-dazerbaidjan\\\/\",\"name\":\"M. Balaoui s\u2019entretient avec le Procureur g\u00e9n\u00e9ral de la R\u00e9publique d\u2019Azerba\u00efdjan - Dpress.ma\\\/fr\",\"isPartOf\":{\"@id\":\"https:\\\/\\\/dpress.ma\\\/fr\\\/#website\"},\"primaryImageOfPage\":{\"@id\":\"https:\\\/\\\/dpress.ma\\\/fr\\\/2026\\\/04\\\/28\\\/m-balaoui-sentretient-avec-le-procureur-general-de-la-republique-dazerbaidjan\\\/#primaryimage\"},\"image\":{\"@id\":\"https:\\\/\\\/dpress.ma\\\/fr\\\/2026\\\/04\\\/28\\\/m-balaoui-sentretient-avec-le-procureur-general-de-la-republique-dazerbaidjan\\\/#primaryimage\"},\"thumbnailUrl\":\"https:\\\/\\\/dpress.ma\\\/fr\\\/wp-content\\\/uploads\\\/sites\\\/2\\\/2026\\\/04\\\/96.jpg\",\"datePublished\":\"2026-04-28T15:24:57+00:00\",\"dateModified\":\"2026-04-28T15:24:58+00:00\",\"author\":{\"@id\":\"https:\\\/\\\/dpress.ma\\\/fr\\\/#\\\/schema\\\/person\\\/4898febf3ccd59e6578d838656a306a0\"},\"breadcrumb\":{\"@id\":\"https:\\\/\\\/dpress.ma\\\/fr\\\/2026\\\/04\\\/28\\\/m-balaoui-sentretient-avec-le-procureur-general-de-la-republique-dazerbaidjan\\\/#breadcrumb\"},\"inLanguage\":\"fr-FR\",\"potentialAction\":[{\"@type\":\"ReadAction\",\"target\":[\"https:\\\/\\\/dpress.ma\\\/fr\\\/2026\\\/04\\\/28\\\/m-balaoui-sentretient-avec-le-procureur-general-de-la-republique-dazerbaidjan\\\/\"]}]},{\"@type\":\"ImageObject\",\"inLanguage\":\"fr-FR\",\"@id\":\"https:\\\/\\\/dpress.ma\\\/fr\\\/2026\\\/04\\\/28\\\/m-balaoui-sentretient-avec-le-procureur-general-de-la-republique-dazerbaidjan\\\/#primaryimage\",\"url\":\"https:\\\/\\\/dpress.ma\\\/fr\\\/wp-content\\\/uploads\\\/sites\\\/2\\\/2026\\\/04\\\/96.jpg\",\"contentUrl\":\"https:\\\/\\\/dpress.ma\\\/fr\\\/wp-content\\\/uploads\\\/sites\\\/2\\\/2026\\\/04\\\/96.jpg\",\"width\":2539,\"height\":1594},{\"@type\":\"BreadcrumbList\",\"@id\":\"https:\\\/\\\/dpress.ma\\\/fr\\\/2026\\\/04\\\/28\\\/m-balaoui-sentretient-avec-le-procureur-general-de-la-republique-dazerbaidjan\\\/#breadcrumb\",\"itemListElement\":[{\"@type\":\"ListItem\",\"position\":1,\"name\":\"Home\",\"item\":\"https:\\\/\\\/dpress.ma\\\/fr\\\/\"},{\"@type\":\"ListItem\",\"position\":2,\"name\":\"M. Balaoui s\u2019entretient avec le Procureur g\u00e9n\u00e9ral de la R\u00e9publique d\u2019Azerba\u00efdjan\"}]},{\"@type\":\"WebSite\",\"@id\":\"https:\\\/\\\/dpress.ma\\\/fr\\\/#website\",\"url\":\"https:\\\/\\\/dpress.ma\\\/fr\\\/\",\"name\":\"Dpress.ma\\\/fr\",\"description\":\"\",\"potentialAction\":[{\"@type\":\"SearchAction\",\"target\":{\"@type\":\"EntryPoint\",\"urlTemplate\":\"https:\\\/\\\/dpress.ma\\\/fr\\\/?s={search_term_string}\"},\"query-input\":{\"@type\":\"PropertyValueSpecification\",\"valueRequired\":true,\"valueName\":\"search_term_string\"}}],\"inLanguage\":\"fr-FR\"},{\"@type\":\"Person\",\"@id\":\"https:\\\/\\\/dpress.ma\\\/fr\\\/#\\\/schema\\\/person\\\/4898febf3ccd59e6578d838656a306a0\",\"name\":\"Dpress.ma\",\"image\":{\"@type\":\"ImageObject\",\"inLanguage\":\"fr-FR\",\"@id\":\"https:\\\/\\\/secure.gravatar.com\\\/avatar\\\/72ecc30e9db047a2e0e7176561eb9d564ed77c8108376495b19bd8336405198a?s=96&d=mm&r=g\",\"url\":\"https:\\\/\\\/secure.gravatar.com\\\/avatar\\\/72ecc30e9db047a2e0e7176561eb9d564ed77c8108376495b19bd8336405198a?s=96&d=mm&r=g\",\"contentUrl\":\"https:\\\/\\\/secure.gravatar.com\\\/avatar\\\/72ecc30e9db047a2e0e7176561eb9d564ed77c8108376495b19bd8336405198a?s=96&d=mm&r=g\",\"caption\":\"Dpress.ma\"},\"sameAs\":[\"https:\\\/\\\/www.dpress.ma\"],\"url\":\"https:\\\/\\\/dpress.ma\\\/fr\\\/author\\\/dpress-ma\\\/\"}]}<\/script>\n<!-- \/ Yoast SEO plugin. -->","yoast_head_json":{"title":"M. Balaoui s\u2019entretient avec le Procureur g\u00e9n\u00e9ral de la R\u00e9publique d\u2019Azerba\u00efdjan - Dpress.ma\/fr","robots":{"index":"index","follow":"follow","max-snippet":"max-snippet:-1","max-image-preview":"max-image-preview:large","max-video-preview":"max-video-preview:-1"},"canonical":"https:\/\/dpress.ma\/fr\/2026\/04\/28\/m-balaoui-sentretient-avec-le-procureur-general-de-la-republique-dazerbaidjan\/","og_locale":"fr_FR","og_type":"article","og_title":"M. Balaoui s\u2019entretient avec le Procureur g\u00e9n\u00e9ral de la R\u00e9publique d\u2019Azerba\u00efdjan - Dpress.ma\/fr","og_description":"Dpress Le Procureur g\u00e9n\u00e9ral du Roi pr\u00e8s la Cour de cassation, Pr\u00e9sident du Minist\u00e8re public, Hicham Balaoui, s\u2019est entretenu, mardi \u00e0 Rabat, avec le Procureur g\u00e9n\u00e9ral de la R\u00e9publique d\u2019Azerba\u00efdjan, Kamran Aliyev, en visite de travail au Maroc. Lors de ces entretiens, M. Balaoui a expos\u00e9 les chantiers de r\u00e9forme engag\u00e9s par le Maroc dans &hellip;","og_url":"https:\/\/dpress.ma\/fr\/2026\/04\/28\/m-balaoui-sentretient-avec-le-procureur-general-de-la-republique-dazerbaidjan\/","og_site_name":"Dpress.ma\/fr","article_published_time":"2026-04-28T15:24:57+00:00","article_modified_time":"2026-04-28T15:24:58+00:00","og_image":[{"width":2539,"height":1594,"url":"https:\/\/dpress.ma\/fr\/wp-content\/uploads\/sites\/2\/2026\/04\/96.jpg","type":"image\/jpeg"}],"author":"Dpress.ma","twitter_card":"summary_large_image","twitter_misc":{"\u00c9crit par":"Dpress.ma","Dur\u00e9e de lecture estim\u00e9e":"3 minutes"},"schema":{"@context":"https:\/\/schema.org","@graph":[{"@type":"Article","@id":"https:\/\/dpress.ma\/fr\/2026\/04\/28\/m-balaoui-sentretient-avec-le-procureur-general-de-la-republique-dazerbaidjan\/#article","isPartOf":{"@id":"https:\/\/dpress.ma\/fr\/2026\/04\/28\/m-balaoui-sentretient-avec-le-procureur-general-de-la-republique-dazerbaidjan\/"},"author":{"name":"Dpress.ma","@id":"https:\/\/dpress.ma\/fr\/#\/schema\/person\/4898febf3ccd59e6578d838656a306a0"},"headline":"M. Balaoui s\u2019entretient avec le Procureur g\u00e9n\u00e9ral de la R\u00e9publique d\u2019Azerba\u00efdjan","datePublished":"2026-04-28T15:24:57+00:00","dateModified":"2026-04-28T15:24:58+00:00","mainEntityOfPage":{"@id":"https:\/\/dpress.ma\/fr\/2026\/04\/28\/m-balaoui-sentretient-avec-le-procureur-general-de-la-republique-dazerbaidjan\/"},"wordCount":572,"commentCount":0,"image":{"@id":"https:\/\/dpress.ma\/fr\/2026\/04\/28\/m-balaoui-sentretient-avec-le-procureur-general-de-la-republique-dazerbaidjan\/#primaryimage"},"thumbnailUrl":"https:\/\/dpress.ma\/fr\/wp-content\/uploads\/sites\/2\/2026\/04\/96.jpg","articleSection":["Politiques"],"inLanguage":"fr-FR","potentialAction":[{"@type":"CommentAction","name":"Comment","target":["https:\/\/dpress.ma\/fr\/2026\/04\/28\/m-balaoui-sentretient-avec-le-procureur-general-de-la-republique-dazerbaidjan\/#respond"]}]},{"@type":"WebPage","@id":"https:\/\/dpress.ma\/fr\/2026\/04\/28\/m-balaoui-sentretient-avec-le-procureur-general-de-la-republique-dazerbaidjan\/","url":"https:\/\/dpress.ma\/fr\/2026\/04\/28\/m-balaoui-sentretient-avec-le-procureur-general-de-la-republique-dazerbaidjan\/","name":"M. Balaoui s\u2019entretient avec le Procureur g\u00e9n\u00e9ral de la R\u00e9publique d\u2019Azerba\u00efdjan - Dpress.ma\/fr","isPartOf":{"@id":"https:\/\/dpress.ma\/fr\/#website"},"primaryImageOfPage":{"@id":"https:\/\/dpress.ma\/fr\/2026\/04\/28\/m-balaoui-sentretient-avec-le-procureur-general-de-la-republique-dazerbaidjan\/#primaryimage"},"image":{"@id":"https:\/\/dpress.ma\/fr\/2026\/04\/28\/m-balaoui-sentretient-avec-le-procureur-general-de-la-republique-dazerbaidjan\/#primaryimage"},"thumbnailUrl":"https:\/\/dpress.ma\/fr\/wp-content\/uploads\/sites\/2\/2026\/04\/96.jpg","datePublished":"2026-04-28T15:24:57+00:00","dateModified":"2026-04-28T15:24:58+00:00","author":{"@id":"https:\/\/dpress.ma\/fr\/#\/schema\/person\/4898febf3ccd59e6578d838656a306a0"},"breadcrumb":{"@id":"https:\/\/dpress.ma\/fr\/2026\/04\/28\/m-balaoui-sentretient-avec-le-procureur-general-de-la-republique-dazerbaidjan\/#breadcrumb"},"inLanguage":"fr-FR","potentialAction":[{"@type":"ReadAction","target":["https:\/\/dpress.ma\/fr\/2026\/04\/28\/m-balaoui-sentretient-avec-le-procureur-general-de-la-republique-dazerbaidjan\/"]}]},{"@type":"ImageObject","inLanguage":"fr-FR","@id":"https:\/\/dpress.ma\/fr\/2026\/04\/28\/m-balaoui-sentretient-avec-le-procureur-general-de-la-republique-dazerbaidjan\/#primaryimage","url":"https:\/\/dpress.ma\/fr\/wp-content\/uploads\/sites\/2\/2026\/04\/96.jpg","contentUrl":"https:\/\/dpress.ma\/fr\/wp-content\/uploads\/sites\/2\/2026\/04\/96.jpg","width":2539,"height":1594},{"@type":"BreadcrumbList","@id":"https:\/\/dpress.ma\/fr\/2026\/04\/28\/m-balaoui-sentretient-avec-le-procureur-general-de-la-republique-dazerbaidjan\/#breadcrumb","itemListElement":[{"@type":"ListItem","position":1,"name":"Home","item":"https:\/\/dpress.ma\/fr\/"},{"@type":"ListItem","position":2,"name":"M. Balaoui s\u2019entretient avec le Procureur g\u00e9n\u00e9ral de la R\u00e9publique d\u2019Azerba\u00efdjan"}]},{"@type":"WebSite","@id":"https:\/\/dpress.ma\/fr\/#website","url":"https:\/\/dpress.ma\/fr\/","name":"Dpress.ma\/fr","description":"","potentialAction":[{"@type":"SearchAction","target":{"@type":"EntryPoint","urlTemplate":"https:\/\/dpress.ma\/fr\/?s={search_term_string}"},"query-input":{"@type":"PropertyValueSpecification","valueRequired":true,"valueName":"search_term_string"}}],"inLanguage":"fr-FR"},{"@type":"Person","@id":"https:\/\/dpress.ma\/fr\/#\/schema\/person\/4898febf3ccd59e6578d838656a306a0","name":"Dpress.ma","image":{"@type":"ImageObject","inLanguage":"fr-FR","@id":"https:\/\/secure.gravatar.com\/avatar\/72ecc30e9db047a2e0e7176561eb9d564ed77c8108376495b19bd8336405198a?s=96&d=mm&r=g","url":"https:\/\/secure.gravatar.com\/avatar\/72ecc30e9db047a2e0e7176561eb9d564ed77c8108376495b19bd8336405198a?s=96&d=mm&r=g","contentUrl":"https:\/\/secure.gravatar.com\/avatar\/72ecc30e9db047a2e0e7176561eb9d564ed77c8108376495b19bd8336405198a?s=96&d=mm&r=g","caption":"Dpress.ma"},"sameAs":["https:\/\/www.dpress.ma"],"url":"https:\/\/dpress.ma\/fr\/author\/dpress-ma\/"}]}},"amp_enabled":true,"_links":{"self":[{"href":"https:\/\/dpress.ma\/fr\/wp-json\/wp\/v2\/posts\/29584","targetHints":{"allow":["GET"]}}],"collection":[{"href":"https:\/\/dpress.ma\/fr\/wp-json\/wp\/v2\/posts"}],"about":[{"href":"https:\/\/dpress.ma\/fr\/wp-json\/wp\/v2\/types\/post"}],"author":[{"embeddable":true,"href":"https:\/\/dpress.ma\/fr\/wp-json\/wp\/v2\/users\/2"}],"replies":[{"embeddable":true,"href":"https:\/\/dpress.ma\/fr\/wp-json\/wp\/v2\/comments?post=29584"}],"version-history":[{"count":1,"href":"https:\/\/dpress.ma\/fr\/wp-json\/wp\/v2\/posts\/29584\/revisions"}],"predecessor-version":[{"id":29586,"href":"https:\/\/dpress.ma\/fr\/wp-json\/wp\/v2\/posts\/29584\/revisions\/29586"}],"wp:featuredmedia":[{"embeddable":true,"href":"https:\/\/dpress.ma\/fr\/wp-json\/wp\/v2\/media\/29585"}],"wp:attachment":[{"href":"https:\/\/dpress.ma\/fr\/wp-json\/wp\/v2\/media?parent=29584"}],"wp:term":[{"taxonomy":"category","embeddable":true,"href":"https:\/\/dpress.ma\/fr\/wp-json\/wp\/v2\/categories?post=29584"},{"taxonomy":"post_tag","embeddable":true,"href":"https:\/\/dpress.ma\/fr\/wp-json\/wp\/v2\/tags?post=29584"}],"curies":[{"name":"wp","href":"https:\/\/api.w.org\/{rel}","templated":true}]}}