{"id":29581,"date":"2026-04-28T15:13:40","date_gmt":"2026-04-28T15:13:40","guid":{"rendered":"https:\/\/dpress.ma\/fr\/?p=29581"},"modified":"2026-04-28T15:13:42","modified_gmt":"2026-04-28T15:13:42","slug":"aires-marines-protegees-levier-strategique-pour-une-economie-bleue-durable-et-inclusive","status":"publish","type":"post","link":"https:\/\/dpress.ma\/fr\/2026\/04\/28\/aires-marines-protegees-levier-strategique-pour-une-economie-bleue-durable-et-inclusive\/","title":{"rendered":"Aires marines prot\u00e9g\u00e9es : levier strat\u00e9gique pour une \u00e9conomie bleue durable et inclusive"},"content":{"rendered":"\n<p>Dpress<\/p>\n\n\n\n<p>Les aires marines prot\u00e9g\u00e9es (AMP) constituent un levier strat\u00e9gique pour concilier pr\u00e9servation des \u00e9cosyst\u00e8mes marins et d\u00e9veloppement d\u2019une \u00e9conomie bleue durable et inclusive, a affirm\u00e9, mardi \u00e0 Rabat, la secr\u00e9taire d\u2019Etat charg\u00e9e de la P\u00eache Maritime, Zakia Driouich.<\/p>\n\n\n\n<p>S\u2019exprimant \u00e0 l\u2019ouverture d\u2019une conf\u00e9rence tenue sous le th\u00e8me \u201cAires marines prot\u00e9g\u00e9es et \u00e9conomie bleue : enjeux et d\u00e9fis\u201d, \u00e0 l\u2019initiative du secr\u00e9tariat d\u2019Etat charg\u00e9 de la P\u00eache maritime, en collaboration avec l\u2019ONG Global Fishing Watch, Mme Driouich a soulign\u00e9 que la protection du milieu marin et le d\u00e9veloppement \u00e9conomique durable sont deux exigences compl\u00e9mentaires appel\u00e9es \u00e0 progresser de concert.<\/p>\n\n\n\n<p>Elle a, dans ce sens, rappel\u00e9 que le Royaume, fort de sa vocation maritime et de son double ancrage atlantique et m\u00e9diterran\u00e9en, dispose d\u2019un capital marin important, confront\u00e9 toutefois \u00e0 des d\u00e9fis croissants, notamment la pression sur les ressources halieutiques, les effets du changement climatique, la d\u00e9gradation de certains habitats et l\u2019intensification des usages du littoral.<\/p>\n\n\n\n<p>Pour Mme Driouich, les AMP apparaissent ainsi comme des instruments de gouvernance, de r\u00e9silience et de valorisation durable, permettant de prot\u00e9ger les habitats sensibles, de restaurer les \u00e9cosyst\u00e8mes fragiles et de favoriser la r\u00e9g\u00e9n\u00e9ration des stocks halieutiques.<\/p>\n\n\n\n<p>Cette orientation, a-t-elle poursuivi, s\u2019inscrit dans la vision Royale qui a plac\u00e9 la protection de l\u2019environnement marin au c\u0153ur des priorit\u00e9s strat\u00e9giques du Royaume.<\/p>\n\n\n\n<p>En outre, la secr\u00e9taire d\u2019Etat charg\u00e9e de la P\u00eache maritime a mis en avant le r\u00f4le de l\u2019\u00e9conomie bleue en tant que levier de croissance inclusive, rappelant la cr\u00e9ation, en 2023, d\u2019une Commission nationale interminist\u00e9rielle d\u00e9di\u00e9e, charg\u00e9e d\u2019assurer la convergence des politiques publiques et le suivi des projets structurants li\u00e9s aux activit\u00e9s marines.<\/p>\n\n\n\n<p>Elle a fait savoir que le secr\u00e9tariat d\u2019Etat a \u00e9labor\u00e9 une feuille de route sectorielle 2025-2027 visant \u00e0 \u00e9riger le Maroc en r\u00e9f\u00e9rence mondiale en mati\u00e8re de croissance bleue inclusive.<\/p>\n\n\n\n<p>Cette strat\u00e9gie pr\u00e9voit notamment le renforcement du r\u00e9seau national des AMP, avec l\u2019objectif de porter la superficie des espaces marins prot\u00e9g\u00e9s de moins de 1% actuellement \u00e0 10% des eaux nationales, a expliqu\u00e9 Mme Driouich, ajoutant que huit aires marines prot\u00e9g\u00e9es ont d\u00e9j\u00e0 \u00e9t\u00e9 cr\u00e9\u00e9es au niveau des deux fa\u00e7ades maritimes, avec l\u2019ambition d\u2019\u00e9tendre ce r\u00e9seau \u00e0 douze nouvelles aires.<\/p>\n\n\n\n<p>De son c\u00f4t\u00e9, Maria Graziano, Senior Manager Europe et M\u00e9diterran\u00e9e de Global Fishing Watch, a indiqu\u00e9 que l\u2019oc\u00e9an se trouve d\u00e9sormais au c\u0153ur des d\u00e9fis mondiaux, allant de la s\u00e9curit\u00e9 alimentaire au d\u00e9veloppement \u00e9conomique et aux solutions climatiques, tout en subissant des pressions croissantes li\u00e9es \u00e0 la surexploitation, \u00e0 la pollution et au changement climatique.<\/p>\n\n\n\n<p>Les aires marines prot\u00e9g\u00e9es, lorsqu\u2019elles sont bien con\u00e7ues et efficacement g\u00e9r\u00e9es, ne constituent pas des restrictions, mais des atouts permettant de soutenir la reconstitution des p\u00eacheries, de renforcer la conservation et de g\u00e9n\u00e9rer des b\u00e9n\u00e9fices \u00e9conomiques durables, a-t-elle not\u00e9.<\/p>\n\n\n\n<p>L\u2019atteinte de ces objectifs passe par une approche scientifique int\u00e9gr\u00e9e tenant compte de l\u2019interconnexion entre les \u00e9cosyst\u00e8mes marins, les activit\u00e9s \u00e9conomiques et les dynamiques sociales, ainsi que par un recours accru aux technologies de pointe, a d\u00e9taill\u00e9 Mme Graziano.<\/p>\n\n\n\n<p>\u00c0 cet \u00e9gard, elle a mis en avant le r\u00f4le de la surveillance par satellite, de l\u2019intelligence artificielle et de l\u2019analyse de donn\u00e9es, qui permettent de cartographier l\u2019activit\u00e9 humaine en mer, d\u2019identifier les zones \u00e0 forte valeur de biodiversit\u00e9 et d\u2019am\u00e9liorer la gestion et le contr\u00f4le des AMP.<\/p>\n\n\n\n<p>La responsable a insist\u00e9 aussi sur la n\u00e9cessit\u00e9 de promouvoir une gouvernance int\u00e9gr\u00e9e fond\u00e9e sur la collaboration entre les pouvoirs publics, le monde acad\u00e9mique et le secteur priv\u00e9, ainsi que sur l\u2019importance de la planification \u00e0 long terme pour anticiper les pressions futures sur les \u00e9cosyst\u00e8mes marins.<\/p>\n\n\n\n<p>R\u00e9unissant des repr\u00e9sentants des d\u00e9partements concern\u00e9s, des institutions partenaires, des professionnels du secteur de la p\u00eache maritime, ainsi que des experts, chercheurs et acteurs de la soci\u00e9t\u00e9 civile, cette conf\u00e9rence s\u2019inscrit dans le cadre du renforcement des efforts nationaux en mati\u00e8re de pr\u00e9servation des \u00e9cosyst\u00e8mes marins et de promotion de l\u2019\u00e9conomie bleue durable.<\/p>\n\n\n\n<p>Elle vise \u00e0 sensibiliser les parties prenantes \u00e0 l\u2019importance strat\u00e9gique des AMP en tant qu\u2019outil de protection de la biodiversit\u00e9 marine, de pr\u00e9servation des ressources halieutiques et de soutien au d\u00e9veloppement socio-\u00e9conomique des territoires c\u00f4tiers.<\/p>\n","protected":false},"excerpt":{"rendered":"<p>Dpress Les aires marines prot\u00e9g\u00e9es (AMP) constituent un levier strat\u00e9gique pour concilier pr\u00e9servation des \u00e9cosyst\u00e8mes marins et d\u00e9veloppement d\u2019une \u00e9conomie bleue durable et inclusive, a affirm\u00e9, mardi \u00e0 Rabat, la secr\u00e9taire d\u2019Etat charg\u00e9e de la P\u00eache Maritime, Zakia Driouich. S\u2019exprimant \u00e0 l\u2019ouverture d\u2019une conf\u00e9rence tenue sous le th\u00e8me \u201cAires marines prot\u00e9g\u00e9es et \u00e9conomie bleue : &hellip;<\/p>\n","protected":false},"author":2,"featured_media":29582,"comment_status":"open","ping_status":"open","sticky":false,"template":"","format":"standard","meta":{"footnotes":""},"categories":[25],"tags":[],"class_list":["post-29581","post","type-post","status-publish","format-standard","has-post-thumbnail","hentry","category-economie"],"yoast_head":"<!-- This site is optimized with the Yoast SEO plugin v27.4 - https:\/\/yoast.com\/product\/yoast-seo-wordpress\/ -->\n<title>Aires marines prot\u00e9g\u00e9es : levier strat\u00e9gique pour une \u00e9conomie bleue durable et inclusive - Dpress.ma\/fr<\/title>\n<meta name=\"robots\" content=\"index, follow, max-snippet:-1, max-image-preview:large, max-video-preview:-1\" \/>\n<link rel=\"canonical\" href=\"https:\/\/dpress.ma\/fr\/2026\/04\/28\/aires-marines-protegees-levier-strategique-pour-une-economie-bleue-durable-et-inclusive\/\" \/>\n<meta property=\"og:locale\" content=\"fr_FR\" \/>\n<meta property=\"og:type\" content=\"article\" \/>\n<meta property=\"og:title\" content=\"Aires marines prot\u00e9g\u00e9es : levier strat\u00e9gique pour une \u00e9conomie bleue durable et inclusive - Dpress.ma\/fr\" \/>\n<meta property=\"og:description\" content=\"Dpress Les aires marines prot\u00e9g\u00e9es (AMP) constituent un levier strat\u00e9gique pour concilier pr\u00e9servation des \u00e9cosyst\u00e8mes marins et d\u00e9veloppement d\u2019une \u00e9conomie bleue durable et inclusive, a affirm\u00e9, mardi \u00e0 Rabat, la secr\u00e9taire d\u2019Etat charg\u00e9e de la P\u00eache Maritime, Zakia Driouich. S\u2019exprimant \u00e0 l\u2019ouverture d\u2019une conf\u00e9rence tenue sous le th\u00e8me \u201cAires marines prot\u00e9g\u00e9es et \u00e9conomie bleue : &hellip;\" \/>\n<meta property=\"og:url\" content=\"https:\/\/dpress.ma\/fr\/2026\/04\/28\/aires-marines-protegees-levier-strategique-pour-une-economie-bleue-durable-et-inclusive\/\" \/>\n<meta property=\"og:site_name\" content=\"Dpress.ma\/fr\" \/>\n<meta property=\"article:published_time\" content=\"2026-04-28T15:13:40+00:00\" \/>\n<meta property=\"article:modified_time\" content=\"2026-04-28T15:13:42+00:00\" \/>\n<meta property=\"og:image\" content=\"https:\/\/dpress.ma\/fr\/wp-content\/uploads\/sites\/2\/2026\/04\/95.jpg\" \/>\n\t<meta property=\"og:image:width\" content=\"2539\" \/>\n\t<meta property=\"og:image:height\" content=\"1594\" \/>\n\t<meta property=\"og:image:type\" content=\"image\/jpeg\" \/>\n<meta name=\"author\" content=\"Dpress.ma\" \/>\n<meta name=\"twitter:card\" content=\"summary_large_image\" \/>\n<meta name=\"twitter:label1\" content=\"\u00c9crit par\" \/>\n\t<meta name=\"twitter:data1\" content=\"Dpress.ma\" \/>\n\t<meta name=\"twitter:label2\" content=\"Dur\u00e9e de lecture estim\u00e9e\" \/>\n\t<meta name=\"twitter:data2\" content=\"4 minutes\" \/>\n<script type=\"application\/ld+json\" class=\"yoast-schema-graph\">{\"@context\":\"https:\\\/\\\/schema.org\",\"@graph\":[{\"@type\":\"Article\",\"@id\":\"https:\\\/\\\/dpress.ma\\\/fr\\\/2026\\\/04\\\/28\\\/aires-marines-protegees-levier-strategique-pour-une-economie-bleue-durable-et-inclusive\\\/#article\",\"isPartOf\":{\"@id\":\"https:\\\/\\\/dpress.ma\\\/fr\\\/2026\\\/04\\\/28\\\/aires-marines-protegees-levier-strategique-pour-une-economie-bleue-durable-et-inclusive\\\/\"},\"author\":{\"name\":\"Dpress.ma\",\"@id\":\"https:\\\/\\\/dpress.ma\\\/fr\\\/#\\\/schema\\\/person\\\/4898febf3ccd59e6578d838656a306a0\"},\"headline\":\"Aires marines prot\u00e9g\u00e9es : levier strat\u00e9gique pour une \u00e9conomie bleue durable et inclusive\",\"datePublished\":\"2026-04-28T15:13:40+00:00\",\"dateModified\":\"2026-04-28T15:13:42+00:00\",\"mainEntityOfPage\":{\"@id\":\"https:\\\/\\\/dpress.ma\\\/fr\\\/2026\\\/04\\\/28\\\/aires-marines-protegees-levier-strategique-pour-une-economie-bleue-durable-et-inclusive\\\/\"},\"wordCount\":813,\"commentCount\":0,\"image\":{\"@id\":\"https:\\\/\\\/dpress.ma\\\/fr\\\/2026\\\/04\\\/28\\\/aires-marines-protegees-levier-strategique-pour-une-economie-bleue-durable-et-inclusive\\\/#primaryimage\"},\"thumbnailUrl\":\"https:\\\/\\\/dpress.ma\\\/fr\\\/wp-content\\\/uploads\\\/sites\\\/2\\\/2026\\\/04\\\/95.jpg\",\"articleSection\":[\"\u00c9conomie\"],\"inLanguage\":\"fr-FR\",\"potentialAction\":[{\"@type\":\"CommentAction\",\"name\":\"Comment\",\"target\":[\"https:\\\/\\\/dpress.ma\\\/fr\\\/2026\\\/04\\\/28\\\/aires-marines-protegees-levier-strategique-pour-une-economie-bleue-durable-et-inclusive\\\/#respond\"]}]},{\"@type\":\"WebPage\",\"@id\":\"https:\\\/\\\/dpress.ma\\\/fr\\\/2026\\\/04\\\/28\\\/aires-marines-protegees-levier-strategique-pour-une-economie-bleue-durable-et-inclusive\\\/\",\"url\":\"https:\\\/\\\/dpress.ma\\\/fr\\\/2026\\\/04\\\/28\\\/aires-marines-protegees-levier-strategique-pour-une-economie-bleue-durable-et-inclusive\\\/\",\"name\":\"Aires marines prot\u00e9g\u00e9es : levier strat\u00e9gique pour une \u00e9conomie bleue durable et inclusive - Dpress.ma\\\/fr\",\"isPartOf\":{\"@id\":\"https:\\\/\\\/dpress.ma\\\/fr\\\/#website\"},\"primaryImageOfPage\":{\"@id\":\"https:\\\/\\\/dpress.ma\\\/fr\\\/2026\\\/04\\\/28\\\/aires-marines-protegees-levier-strategique-pour-une-economie-bleue-durable-et-inclusive\\\/#primaryimage\"},\"image\":{\"@id\":\"https:\\\/\\\/dpress.ma\\\/fr\\\/2026\\\/04\\\/28\\\/aires-marines-protegees-levier-strategique-pour-une-economie-bleue-durable-et-inclusive\\\/#primaryimage\"},\"thumbnailUrl\":\"https:\\\/\\\/dpress.ma\\\/fr\\\/wp-content\\\/uploads\\\/sites\\\/2\\\/2026\\\/04\\\/95.jpg\",\"datePublished\":\"2026-04-28T15:13:40+00:00\",\"dateModified\":\"2026-04-28T15:13:42+00:00\",\"author\":{\"@id\":\"https:\\\/\\\/dpress.ma\\\/fr\\\/#\\\/schema\\\/person\\\/4898febf3ccd59e6578d838656a306a0\"},\"breadcrumb\":{\"@id\":\"https:\\\/\\\/dpress.ma\\\/fr\\\/2026\\\/04\\\/28\\\/aires-marines-protegees-levier-strategique-pour-une-economie-bleue-durable-et-inclusive\\\/#breadcrumb\"},\"inLanguage\":\"fr-FR\",\"potentialAction\":[{\"@type\":\"ReadAction\",\"target\":[\"https:\\\/\\\/dpress.ma\\\/fr\\\/2026\\\/04\\\/28\\\/aires-marines-protegees-levier-strategique-pour-une-economie-bleue-durable-et-inclusive\\\/\"]}]},{\"@type\":\"ImageObject\",\"inLanguage\":\"fr-FR\",\"@id\":\"https:\\\/\\\/dpress.ma\\\/fr\\\/2026\\\/04\\\/28\\\/aires-marines-protegees-levier-strategique-pour-une-economie-bleue-durable-et-inclusive\\\/#primaryimage\",\"url\":\"https:\\\/\\\/dpress.ma\\\/fr\\\/wp-content\\\/uploads\\\/sites\\\/2\\\/2026\\\/04\\\/95.jpg\",\"contentUrl\":\"https:\\\/\\\/dpress.ma\\\/fr\\\/wp-content\\\/uploads\\\/sites\\\/2\\\/2026\\\/04\\\/95.jpg\",\"width\":2539,\"height\":1594},{\"@type\":\"BreadcrumbList\",\"@id\":\"https:\\\/\\\/dpress.ma\\\/fr\\\/2026\\\/04\\\/28\\\/aires-marines-protegees-levier-strategique-pour-une-economie-bleue-durable-et-inclusive\\\/#breadcrumb\",\"itemListElement\":[{\"@type\":\"ListItem\",\"position\":1,\"name\":\"Home\",\"item\":\"https:\\\/\\\/dpress.ma\\\/fr\\\/\"},{\"@type\":\"ListItem\",\"position\":2,\"name\":\"Aires marines prot\u00e9g\u00e9es : levier strat\u00e9gique pour une \u00e9conomie bleue durable et inclusive\"}]},{\"@type\":\"WebSite\",\"@id\":\"https:\\\/\\\/dpress.ma\\\/fr\\\/#website\",\"url\":\"https:\\\/\\\/dpress.ma\\\/fr\\\/\",\"name\":\"Dpress.ma\\\/fr\",\"description\":\"\",\"potentialAction\":[{\"@type\":\"SearchAction\",\"target\":{\"@type\":\"EntryPoint\",\"urlTemplate\":\"https:\\\/\\\/dpress.ma\\\/fr\\\/?s={search_term_string}\"},\"query-input\":{\"@type\":\"PropertyValueSpecification\",\"valueRequired\":true,\"valueName\":\"search_term_string\"}}],\"inLanguage\":\"fr-FR\"},{\"@type\":\"Person\",\"@id\":\"https:\\\/\\\/dpress.ma\\\/fr\\\/#\\\/schema\\\/person\\\/4898febf3ccd59e6578d838656a306a0\",\"name\":\"Dpress.ma\",\"image\":{\"@type\":\"ImageObject\",\"inLanguage\":\"fr-FR\",\"@id\":\"https:\\\/\\\/secure.gravatar.com\\\/avatar\\\/72ecc30e9db047a2e0e7176561eb9d564ed77c8108376495b19bd8336405198a?s=96&d=mm&r=g\",\"url\":\"https:\\\/\\\/secure.gravatar.com\\\/avatar\\\/72ecc30e9db047a2e0e7176561eb9d564ed77c8108376495b19bd8336405198a?s=96&d=mm&r=g\",\"contentUrl\":\"https:\\\/\\\/secure.gravatar.com\\\/avatar\\\/72ecc30e9db047a2e0e7176561eb9d564ed77c8108376495b19bd8336405198a?s=96&d=mm&r=g\",\"caption\":\"Dpress.ma\"},\"sameAs\":[\"https:\\\/\\\/www.dpress.ma\"],\"url\":\"https:\\\/\\\/dpress.ma\\\/fr\\\/author\\\/dpress-ma\\\/\"}]}<\/script>\n<!-- \/ Yoast SEO plugin. -->","yoast_head_json":{"title":"Aires marines prot\u00e9g\u00e9es : levier strat\u00e9gique pour une \u00e9conomie bleue durable et inclusive - Dpress.ma\/fr","robots":{"index":"index","follow":"follow","max-snippet":"max-snippet:-1","max-image-preview":"max-image-preview:large","max-video-preview":"max-video-preview:-1"},"canonical":"https:\/\/dpress.ma\/fr\/2026\/04\/28\/aires-marines-protegees-levier-strategique-pour-une-economie-bleue-durable-et-inclusive\/","og_locale":"fr_FR","og_type":"article","og_title":"Aires marines prot\u00e9g\u00e9es : levier strat\u00e9gique pour une \u00e9conomie bleue durable et inclusive - Dpress.ma\/fr","og_description":"Dpress Les aires marines prot\u00e9g\u00e9es (AMP) constituent un levier strat\u00e9gique pour concilier pr\u00e9servation des \u00e9cosyst\u00e8mes marins et d\u00e9veloppement d\u2019une \u00e9conomie bleue durable et inclusive, a affirm\u00e9, mardi \u00e0 Rabat, la secr\u00e9taire d\u2019Etat charg\u00e9e de la P\u00eache Maritime, Zakia Driouich. S\u2019exprimant \u00e0 l\u2019ouverture d\u2019une conf\u00e9rence tenue sous le th\u00e8me \u201cAires marines prot\u00e9g\u00e9es et \u00e9conomie bleue : &hellip;","og_url":"https:\/\/dpress.ma\/fr\/2026\/04\/28\/aires-marines-protegees-levier-strategique-pour-une-economie-bleue-durable-et-inclusive\/","og_site_name":"Dpress.ma\/fr","article_published_time":"2026-04-28T15:13:40+00:00","article_modified_time":"2026-04-28T15:13:42+00:00","og_image":[{"width":2539,"height":1594,"url":"https:\/\/dpress.ma\/fr\/wp-content\/uploads\/sites\/2\/2026\/04\/95.jpg","type":"image\/jpeg"}],"author":"Dpress.ma","twitter_card":"summary_large_image","twitter_misc":{"\u00c9crit par":"Dpress.ma","Dur\u00e9e de lecture estim\u00e9e":"4 minutes"},"schema":{"@context":"https:\/\/schema.org","@graph":[{"@type":"Article","@id":"https:\/\/dpress.ma\/fr\/2026\/04\/28\/aires-marines-protegees-levier-strategique-pour-une-economie-bleue-durable-et-inclusive\/#article","isPartOf":{"@id":"https:\/\/dpress.ma\/fr\/2026\/04\/28\/aires-marines-protegees-levier-strategique-pour-une-economie-bleue-durable-et-inclusive\/"},"author":{"name":"Dpress.ma","@id":"https:\/\/dpress.ma\/fr\/#\/schema\/person\/4898febf3ccd59e6578d838656a306a0"},"headline":"Aires marines prot\u00e9g\u00e9es : levier strat\u00e9gique pour une \u00e9conomie bleue durable et inclusive","datePublished":"2026-04-28T15:13:40+00:00","dateModified":"2026-04-28T15:13:42+00:00","mainEntityOfPage":{"@id":"https:\/\/dpress.ma\/fr\/2026\/04\/28\/aires-marines-protegees-levier-strategique-pour-une-economie-bleue-durable-et-inclusive\/"},"wordCount":813,"commentCount":0,"image":{"@id":"https:\/\/dpress.ma\/fr\/2026\/04\/28\/aires-marines-protegees-levier-strategique-pour-une-economie-bleue-durable-et-inclusive\/#primaryimage"},"thumbnailUrl":"https:\/\/dpress.ma\/fr\/wp-content\/uploads\/sites\/2\/2026\/04\/95.jpg","articleSection":["\u00c9conomie"],"inLanguage":"fr-FR","potentialAction":[{"@type":"CommentAction","name":"Comment","target":["https:\/\/dpress.ma\/fr\/2026\/04\/28\/aires-marines-protegees-levier-strategique-pour-une-economie-bleue-durable-et-inclusive\/#respond"]}]},{"@type":"WebPage","@id":"https:\/\/dpress.ma\/fr\/2026\/04\/28\/aires-marines-protegees-levier-strategique-pour-une-economie-bleue-durable-et-inclusive\/","url":"https:\/\/dpress.ma\/fr\/2026\/04\/28\/aires-marines-protegees-levier-strategique-pour-une-economie-bleue-durable-et-inclusive\/","name":"Aires marines prot\u00e9g\u00e9es : levier strat\u00e9gique pour une \u00e9conomie bleue durable et inclusive - Dpress.ma\/fr","isPartOf":{"@id":"https:\/\/dpress.ma\/fr\/#website"},"primaryImageOfPage":{"@id":"https:\/\/dpress.ma\/fr\/2026\/04\/28\/aires-marines-protegees-levier-strategique-pour-une-economie-bleue-durable-et-inclusive\/#primaryimage"},"image":{"@id":"https:\/\/dpress.ma\/fr\/2026\/04\/28\/aires-marines-protegees-levier-strategique-pour-une-economie-bleue-durable-et-inclusive\/#primaryimage"},"thumbnailUrl":"https:\/\/dpress.ma\/fr\/wp-content\/uploads\/sites\/2\/2026\/04\/95.jpg","datePublished":"2026-04-28T15:13:40+00:00","dateModified":"2026-04-28T15:13:42+00:00","author":{"@id":"https:\/\/dpress.ma\/fr\/#\/schema\/person\/4898febf3ccd59e6578d838656a306a0"},"breadcrumb":{"@id":"https:\/\/dpress.ma\/fr\/2026\/04\/28\/aires-marines-protegees-levier-strategique-pour-une-economie-bleue-durable-et-inclusive\/#breadcrumb"},"inLanguage":"fr-FR","potentialAction":[{"@type":"ReadAction","target":["https:\/\/dpress.ma\/fr\/2026\/04\/28\/aires-marines-protegees-levier-strategique-pour-une-economie-bleue-durable-et-inclusive\/"]}]},{"@type":"ImageObject","inLanguage":"fr-FR","@id":"https:\/\/dpress.ma\/fr\/2026\/04\/28\/aires-marines-protegees-levier-strategique-pour-une-economie-bleue-durable-et-inclusive\/#primaryimage","url":"https:\/\/dpress.ma\/fr\/wp-content\/uploads\/sites\/2\/2026\/04\/95.jpg","contentUrl":"https:\/\/dpress.ma\/fr\/wp-content\/uploads\/sites\/2\/2026\/04\/95.jpg","width":2539,"height":1594},{"@type":"BreadcrumbList","@id":"https:\/\/dpress.ma\/fr\/2026\/04\/28\/aires-marines-protegees-levier-strategique-pour-une-economie-bleue-durable-et-inclusive\/#breadcrumb","itemListElement":[{"@type":"ListItem","position":1,"name":"Home","item":"https:\/\/dpress.ma\/fr\/"},{"@type":"ListItem","position":2,"name":"Aires marines prot\u00e9g\u00e9es : levier strat\u00e9gique pour une \u00e9conomie bleue durable et inclusive"}]},{"@type":"WebSite","@id":"https:\/\/dpress.ma\/fr\/#website","url":"https:\/\/dpress.ma\/fr\/","name":"Dpress.ma\/fr","description":"","potentialAction":[{"@type":"SearchAction","target":{"@type":"EntryPoint","urlTemplate":"https:\/\/dpress.ma\/fr\/?s={search_term_string}"},"query-input":{"@type":"PropertyValueSpecification","valueRequired":true,"valueName":"search_term_string"}}],"inLanguage":"fr-FR"},{"@type":"Person","@id":"https:\/\/dpress.ma\/fr\/#\/schema\/person\/4898febf3ccd59e6578d838656a306a0","name":"Dpress.ma","image":{"@type":"ImageObject","inLanguage":"fr-FR","@id":"https:\/\/secure.gravatar.com\/avatar\/72ecc30e9db047a2e0e7176561eb9d564ed77c8108376495b19bd8336405198a?s=96&d=mm&r=g","url":"https:\/\/secure.gravatar.com\/avatar\/72ecc30e9db047a2e0e7176561eb9d564ed77c8108376495b19bd8336405198a?s=96&d=mm&r=g","contentUrl":"https:\/\/secure.gravatar.com\/avatar\/72ecc30e9db047a2e0e7176561eb9d564ed77c8108376495b19bd8336405198a?s=96&d=mm&r=g","caption":"Dpress.ma"},"sameAs":["https:\/\/www.dpress.ma"],"url":"https:\/\/dpress.ma\/fr\/author\/dpress-ma\/"}]}},"amp_enabled":true,"_links":{"self":[{"href":"https:\/\/dpress.ma\/fr\/wp-json\/wp\/v2\/posts\/29581","targetHints":{"allow":["GET"]}}],"collection":[{"href":"https:\/\/dpress.ma\/fr\/wp-json\/wp\/v2\/posts"}],"about":[{"href":"https:\/\/dpress.ma\/fr\/wp-json\/wp\/v2\/types\/post"}],"author":[{"embeddable":true,"href":"https:\/\/dpress.ma\/fr\/wp-json\/wp\/v2\/users\/2"}],"replies":[{"embeddable":true,"href":"https:\/\/dpress.ma\/fr\/wp-json\/wp\/v2\/comments?post=29581"}],"version-history":[{"count":1,"href":"https:\/\/dpress.ma\/fr\/wp-json\/wp\/v2\/posts\/29581\/revisions"}],"predecessor-version":[{"id":29583,"href":"https:\/\/dpress.ma\/fr\/wp-json\/wp\/v2\/posts\/29581\/revisions\/29583"}],"wp:featuredmedia":[{"embeddable":true,"href":"https:\/\/dpress.ma\/fr\/wp-json\/wp\/v2\/media\/29582"}],"wp:attachment":[{"href":"https:\/\/dpress.ma\/fr\/wp-json\/wp\/v2\/media?parent=29581"}],"wp:term":[{"taxonomy":"category","embeddable":true,"href":"https:\/\/dpress.ma\/fr\/wp-json\/wp\/v2\/categories?post=29581"},{"taxonomy":"post_tag","embeddable":true,"href":"https:\/\/dpress.ma\/fr\/wp-json\/wp\/v2\/tags?post=29581"}],"curies":[{"name":"wp","href":"https:\/\/api.w.org\/{rel}","templated":true}]}}