{"id":29578,"date":"2026-04-28T15:11:45","date_gmt":"2026-04-28T15:11:45","guid":{"rendered":"https:\/\/dpress.ma\/fr\/?p=29578"},"modified":"2026-04-28T15:11:46","modified_gmt":"2026-04-28T15:11:46","slug":"un-budget-de-150-mdh-alloue-au-programme-prevention-et-de-lutte-contre-les-incendies","status":"publish","type":"post","link":"https:\/\/dpress.ma\/fr\/2026\/04\/28\/un-budget-de-150-mdh-alloue-au-programme-prevention-et-de-lutte-contre-les-incendies\/","title":{"rendered":"Un budget de 150 MDH allou\u00e9 au programme pr\u00e9vention et de lutte contre les incendies"},"content":{"rendered":"\n<p>Dpress<\/p>\n\n\n\n<p>Un budget de 150 millions de dirhams (MDH) a \u00e9t\u00e9 allou\u00e9 au programme de pr\u00e9vention et de lutte contre les incendies au titre de la campagne 2026, a indiqu\u00e9, mardi \u00e0 Rabat, le Directeur g\u00e9n\u00e9ral de l\u2019Agence nationale des Eaux et for\u00eats (ANEF), Abderrahim Houmy.<\/p>\n\n\n\n<p>S\u2019exprimant \u00e0 l\u2019occasion de la r\u00e9union du Comit\u00e9 directeur national de pr\u00e9vention et de lutte contre les incendies de for\u00eats, M. Houmy a affirm\u00e9 que dans la perspective de la campagne 2026, marqu\u00e9e par une biomasse v\u00e9g\u00e9tale abondante et hautement inflammable \u00e0 la suite des pr\u00e9cipitations r\u00e9centes, ledit budget concerne un programme d\u2019action couvrant un ensemble d\u2019actions structurantes, incluant l\u2019entretien des tranch\u00e9es pare-feu et l\u2019am\u00e9nagement de points d\u2019eau.<\/p>\n\n\n\n<p>Ce programme porte \u00e9galement sur l\u2019ouverture et la r\u00e9habilitation des pistes foresti\u00e8res, la mise en \u0153uvre de la sylviculture pr\u00e9ventive et le renforcement des moyens humains et mat\u00e9riels d\u2019intervention, a-t-il soulign\u00e9, notant qu\u2019il s\u2019appuie sur les r\u00e9sultats d\u2019une exp\u00e9rience accumul\u00e9e sur de longues ann\u00e9es, tout en se focalisant sur les questions li\u00e9es aux raisons des d\u00e9parts de feu.<\/p>\n\n\n\n<p>Dans ce contexte, ce programme qui s\u2019inscrit dans une logique de consolidation et d\u2019am\u00e9lioration continue met l\u2019accent sur le renforcement de la pr\u00e9vention et de la gestion de la biomasse, le renforcement des m\u00e9canismes d\u2019investigation des causes, le d\u00e9veloppement de la coordination interinstitutionnelle et la r\u00e9habilitation des zones sinistr\u00e9es, a-t-il pr\u00e9cis\u00e9.<\/p>\n\n\n\n<p>Pour sa part, le directeur de la reforestation et des risques climatiques et environnementaux \u00e0 l\u2019ANEF, Fouad Assali, a fait savoir que le bilan de la campagne 2025 de lutte contre les incendies au Maroc est globalement positif et encourageant, \u00e9tant donn\u00e9 que les superficies parcourues par le feu sont rest\u00e9es nettement inf\u00e9rieures \u00e0 la moyenne d\u00e9cennale (-65%), confirmant ainsi l\u2019efficacit\u00e9 du dispositif national mis en place.<\/p>\n\n\n\n<p>Face \u00e0 une pression croissante des risques climatiques, a-t-il relev\u00e9, la strat\u00e9gie nationale doit continuer \u00e0 \u00e9voluer vers une approche plus int\u00e9gr\u00e9e, proactive et bas\u00e9e sur la connaissance du risque, afin de garantir la r\u00e9silience durable des \u00e9cosyst\u00e8mes forestiers et la protection des populations.<\/p>\n\n\n\n<p>Se f\u00e9licitant de l\u2019efficacit\u00e9 des interventions et de la coordination des diff\u00e9rents acteurs concern\u00e9s, notamment le minist\u00e8re de l\u2019Int\u00e9rieur, l\u2019ANEF, la Gendarmerie Royale, les Forces Royales Air (FRA), les Forces Arm\u00e9es Royales (FAR) et les Forces auxiliaires, M. Assali a appel\u00e9 l\u2019ensemble des citoyens et des usagers des espaces forestiers \u00e0 faire preuve de responsabilit\u00e9 et de vigilance en \u00e9vitant tout usage du feu durant la p\u00e9riode estivale et en signalant imm\u00e9diatement toute situation suspecte.<\/p>\n\n\n\n<p>S\u2019inscrivant dans le cadre de la pr\u00e9paration de la campagne estivale de cette ann\u00e9e, cette r\u00e9union, pr\u00e9sid\u00e9e par le directeur g\u00e9n\u00e9ral de l\u2019Agence a permis d\u2019\u00e9tablir un bilan approfondi des incendies enregistr\u00e9s en 2025, d\u2019en trier les principaux enseignements et d\u2019\u00e9valuer l\u2019efficacit\u00e9 des dispositifs d\u00e9ploy\u00e9s.<\/p>\n\n\n\n<p>Les travaux ont \u00e9galement port\u00e9 sur le renforcement des mesures pr\u00e9ventives et op\u00e9rationnelles ainsi que sur la mobilisation des moyens n\u00e9cessaires pour faire face aux risques attendus durant la prochaine saison estivale.<\/p>\n","protected":false},"excerpt":{"rendered":"<p>Dpress Un budget de 150 millions de dirhams (MDH) a \u00e9t\u00e9 allou\u00e9 au programme de pr\u00e9vention et de lutte contre les incendies au titre de la campagne 2026, a indiqu\u00e9, mardi \u00e0 Rabat, le Directeur g\u00e9n\u00e9ral de l\u2019Agence nationale des Eaux et for\u00eats (ANEF), Abderrahim Houmy. S\u2019exprimant \u00e0 l\u2019occasion de la r\u00e9union du Comit\u00e9 directeur &hellip;<\/p>\n","protected":false},"author":2,"featured_media":29579,"comment_status":"open","ping_status":"open","sticky":false,"template":"","format":"standard","meta":{"footnotes":""},"categories":[40],"tags":[],"class_list":["post-29578","post","type-post","status-publish","format-standard","has-post-thumbnail","hentry","category-societe-et-regions"],"yoast_head":"<!-- This site is optimized with the Yoast SEO plugin v27.4 - https:\/\/yoast.com\/product\/yoast-seo-wordpress\/ -->\n<title>Un budget de 150 MDH allou\u00e9 au programme pr\u00e9vention et de lutte contre les incendies - Dpress.ma\/fr<\/title>\n<meta name=\"robots\" content=\"index, follow, max-snippet:-1, max-image-preview:large, max-video-preview:-1\" \/>\n<link rel=\"canonical\" href=\"https:\/\/dpress.ma\/fr\/2026\/04\/28\/un-budget-de-150-mdh-alloue-au-programme-prevention-et-de-lutte-contre-les-incendies\/\" \/>\n<meta property=\"og:locale\" content=\"fr_FR\" \/>\n<meta property=\"og:type\" content=\"article\" \/>\n<meta property=\"og:title\" content=\"Un budget de 150 MDH allou\u00e9 au programme pr\u00e9vention et de lutte contre les incendies - Dpress.ma\/fr\" \/>\n<meta property=\"og:description\" content=\"Dpress Un budget de 150 millions de dirhams (MDH) a \u00e9t\u00e9 allou\u00e9 au programme de pr\u00e9vention et de lutte contre les incendies au titre de la campagne 2026, a indiqu\u00e9, mardi \u00e0 Rabat, le Directeur g\u00e9n\u00e9ral de l\u2019Agence nationale des Eaux et for\u00eats (ANEF), Abderrahim Houmy. S\u2019exprimant \u00e0 l\u2019occasion de la r\u00e9union du Comit\u00e9 directeur &hellip;\" \/>\n<meta property=\"og:url\" content=\"https:\/\/dpress.ma\/fr\/2026\/04\/28\/un-budget-de-150-mdh-alloue-au-programme-prevention-et-de-lutte-contre-les-incendies\/\" \/>\n<meta property=\"og:site_name\" content=\"Dpress.ma\/fr\" \/>\n<meta property=\"article:published_time\" content=\"2026-04-28T15:11:45+00:00\" \/>\n<meta property=\"article:modified_time\" content=\"2026-04-28T15:11:46+00:00\" \/>\n<meta property=\"og:image\" content=\"https:\/\/dpress.ma\/fr\/wp-content\/uploads\/sites\/2\/2026\/04\/94.jpg\" \/>\n\t<meta property=\"og:image:width\" content=\"2539\" \/>\n\t<meta property=\"og:image:height\" content=\"1594\" \/>\n\t<meta property=\"og:image:type\" content=\"image\/jpeg\" \/>\n<meta name=\"author\" content=\"Dpress.ma\" \/>\n<meta name=\"twitter:card\" content=\"summary_large_image\" \/>\n<meta name=\"twitter:label1\" content=\"\u00c9crit par\" \/>\n\t<meta name=\"twitter:data1\" content=\"Dpress.ma\" \/>\n\t<meta name=\"twitter:label2\" content=\"Dur\u00e9e de lecture estim\u00e9e\" \/>\n\t<meta name=\"twitter:data2\" content=\"3 minutes\" \/>\n<script type=\"application\/ld+json\" class=\"yoast-schema-graph\">{\"@context\":\"https:\\\/\\\/schema.org\",\"@graph\":[{\"@type\":\"Article\",\"@id\":\"https:\\\/\\\/dpress.ma\\\/fr\\\/2026\\\/04\\\/28\\\/un-budget-de-150-mdh-alloue-au-programme-prevention-et-de-lutte-contre-les-incendies\\\/#article\",\"isPartOf\":{\"@id\":\"https:\\\/\\\/dpress.ma\\\/fr\\\/2026\\\/04\\\/28\\\/un-budget-de-150-mdh-alloue-au-programme-prevention-et-de-lutte-contre-les-incendies\\\/\"},\"author\":{\"name\":\"Dpress.ma\",\"@id\":\"https:\\\/\\\/dpress.ma\\\/fr\\\/#\\\/schema\\\/person\\\/4898febf3ccd59e6578d838656a306a0\"},\"headline\":\"Un budget de 150 MDH allou\u00e9 au programme pr\u00e9vention et de lutte contre les incendies\",\"datePublished\":\"2026-04-28T15:11:45+00:00\",\"dateModified\":\"2026-04-28T15:11:46+00:00\",\"mainEntityOfPage\":{\"@id\":\"https:\\\/\\\/dpress.ma\\\/fr\\\/2026\\\/04\\\/28\\\/un-budget-de-150-mdh-alloue-au-programme-prevention-et-de-lutte-contre-les-incendies\\\/\"},\"wordCount\":578,\"commentCount\":0,\"image\":{\"@id\":\"https:\\\/\\\/dpress.ma\\\/fr\\\/2026\\\/04\\\/28\\\/un-budget-de-150-mdh-alloue-au-programme-prevention-et-de-lutte-contre-les-incendies\\\/#primaryimage\"},\"thumbnailUrl\":\"https:\\\/\\\/dpress.ma\\\/fr\\\/wp-content\\\/uploads\\\/sites\\\/2\\\/2026\\\/04\\\/94.jpg\",\"articleSection\":[\"societe et regions\"],\"inLanguage\":\"fr-FR\",\"potentialAction\":[{\"@type\":\"CommentAction\",\"name\":\"Comment\",\"target\":[\"https:\\\/\\\/dpress.ma\\\/fr\\\/2026\\\/04\\\/28\\\/un-budget-de-150-mdh-alloue-au-programme-prevention-et-de-lutte-contre-les-incendies\\\/#respond\"]}]},{\"@type\":\"WebPage\",\"@id\":\"https:\\\/\\\/dpress.ma\\\/fr\\\/2026\\\/04\\\/28\\\/un-budget-de-150-mdh-alloue-au-programme-prevention-et-de-lutte-contre-les-incendies\\\/\",\"url\":\"https:\\\/\\\/dpress.ma\\\/fr\\\/2026\\\/04\\\/28\\\/un-budget-de-150-mdh-alloue-au-programme-prevention-et-de-lutte-contre-les-incendies\\\/\",\"name\":\"Un budget de 150 MDH allou\u00e9 au programme pr\u00e9vention et de lutte contre les incendies - Dpress.ma\\\/fr\",\"isPartOf\":{\"@id\":\"https:\\\/\\\/dpress.ma\\\/fr\\\/#website\"},\"primaryImageOfPage\":{\"@id\":\"https:\\\/\\\/dpress.ma\\\/fr\\\/2026\\\/04\\\/28\\\/un-budget-de-150-mdh-alloue-au-programme-prevention-et-de-lutte-contre-les-incendies\\\/#primaryimage\"},\"image\":{\"@id\":\"https:\\\/\\\/dpress.ma\\\/fr\\\/2026\\\/04\\\/28\\\/un-budget-de-150-mdh-alloue-au-programme-prevention-et-de-lutte-contre-les-incendies\\\/#primaryimage\"},\"thumbnailUrl\":\"https:\\\/\\\/dpress.ma\\\/fr\\\/wp-content\\\/uploads\\\/sites\\\/2\\\/2026\\\/04\\\/94.jpg\",\"datePublished\":\"2026-04-28T15:11:45+00:00\",\"dateModified\":\"2026-04-28T15:11:46+00:00\",\"author\":{\"@id\":\"https:\\\/\\\/dpress.ma\\\/fr\\\/#\\\/schema\\\/person\\\/4898febf3ccd59e6578d838656a306a0\"},\"breadcrumb\":{\"@id\":\"https:\\\/\\\/dpress.ma\\\/fr\\\/2026\\\/04\\\/28\\\/un-budget-de-150-mdh-alloue-au-programme-prevention-et-de-lutte-contre-les-incendies\\\/#breadcrumb\"},\"inLanguage\":\"fr-FR\",\"potentialAction\":[{\"@type\":\"ReadAction\",\"target\":[\"https:\\\/\\\/dpress.ma\\\/fr\\\/2026\\\/04\\\/28\\\/un-budget-de-150-mdh-alloue-au-programme-prevention-et-de-lutte-contre-les-incendies\\\/\"]}]},{\"@type\":\"ImageObject\",\"inLanguage\":\"fr-FR\",\"@id\":\"https:\\\/\\\/dpress.ma\\\/fr\\\/2026\\\/04\\\/28\\\/un-budget-de-150-mdh-alloue-au-programme-prevention-et-de-lutte-contre-les-incendies\\\/#primaryimage\",\"url\":\"https:\\\/\\\/dpress.ma\\\/fr\\\/wp-content\\\/uploads\\\/sites\\\/2\\\/2026\\\/04\\\/94.jpg\",\"contentUrl\":\"https:\\\/\\\/dpress.ma\\\/fr\\\/wp-content\\\/uploads\\\/sites\\\/2\\\/2026\\\/04\\\/94.jpg\",\"width\":2539,\"height\":1594},{\"@type\":\"BreadcrumbList\",\"@id\":\"https:\\\/\\\/dpress.ma\\\/fr\\\/2026\\\/04\\\/28\\\/un-budget-de-150-mdh-alloue-au-programme-prevention-et-de-lutte-contre-les-incendies\\\/#breadcrumb\",\"itemListElement\":[{\"@type\":\"ListItem\",\"position\":1,\"name\":\"Home\",\"item\":\"https:\\\/\\\/dpress.ma\\\/fr\\\/\"},{\"@type\":\"ListItem\",\"position\":2,\"name\":\"Un budget de 150 MDH allou\u00e9 au programme pr\u00e9vention et de lutte contre les incendies\"}]},{\"@type\":\"WebSite\",\"@id\":\"https:\\\/\\\/dpress.ma\\\/fr\\\/#website\",\"url\":\"https:\\\/\\\/dpress.ma\\\/fr\\\/\",\"name\":\"Dpress.ma\\\/fr\",\"description\":\"\",\"potentialAction\":[{\"@type\":\"SearchAction\",\"target\":{\"@type\":\"EntryPoint\",\"urlTemplate\":\"https:\\\/\\\/dpress.ma\\\/fr\\\/?s={search_term_string}\"},\"query-input\":{\"@type\":\"PropertyValueSpecification\",\"valueRequired\":true,\"valueName\":\"search_term_string\"}}],\"inLanguage\":\"fr-FR\"},{\"@type\":\"Person\",\"@id\":\"https:\\\/\\\/dpress.ma\\\/fr\\\/#\\\/schema\\\/person\\\/4898febf3ccd59e6578d838656a306a0\",\"name\":\"Dpress.ma\",\"image\":{\"@type\":\"ImageObject\",\"inLanguage\":\"fr-FR\",\"@id\":\"https:\\\/\\\/secure.gravatar.com\\\/avatar\\\/72ecc30e9db047a2e0e7176561eb9d564ed77c8108376495b19bd8336405198a?s=96&d=mm&r=g\",\"url\":\"https:\\\/\\\/secure.gravatar.com\\\/avatar\\\/72ecc30e9db047a2e0e7176561eb9d564ed77c8108376495b19bd8336405198a?s=96&d=mm&r=g\",\"contentUrl\":\"https:\\\/\\\/secure.gravatar.com\\\/avatar\\\/72ecc30e9db047a2e0e7176561eb9d564ed77c8108376495b19bd8336405198a?s=96&d=mm&r=g\",\"caption\":\"Dpress.ma\"},\"sameAs\":[\"https:\\\/\\\/www.dpress.ma\"],\"url\":\"https:\\\/\\\/dpress.ma\\\/fr\\\/author\\\/dpress-ma\\\/\"}]}<\/script>\n<!-- \/ Yoast SEO plugin. -->","yoast_head_json":{"title":"Un budget de 150 MDH allou\u00e9 au programme pr\u00e9vention et de lutte contre les incendies - Dpress.ma\/fr","robots":{"index":"index","follow":"follow","max-snippet":"max-snippet:-1","max-image-preview":"max-image-preview:large","max-video-preview":"max-video-preview:-1"},"canonical":"https:\/\/dpress.ma\/fr\/2026\/04\/28\/un-budget-de-150-mdh-alloue-au-programme-prevention-et-de-lutte-contre-les-incendies\/","og_locale":"fr_FR","og_type":"article","og_title":"Un budget de 150 MDH allou\u00e9 au programme pr\u00e9vention et de lutte contre les incendies - Dpress.ma\/fr","og_description":"Dpress Un budget de 150 millions de dirhams (MDH) a \u00e9t\u00e9 allou\u00e9 au programme de pr\u00e9vention et de lutte contre les incendies au titre de la campagne 2026, a indiqu\u00e9, mardi \u00e0 Rabat, le Directeur g\u00e9n\u00e9ral de l\u2019Agence nationale des Eaux et for\u00eats (ANEF), Abderrahim Houmy. S\u2019exprimant \u00e0 l\u2019occasion de la r\u00e9union du Comit\u00e9 directeur &hellip;","og_url":"https:\/\/dpress.ma\/fr\/2026\/04\/28\/un-budget-de-150-mdh-alloue-au-programme-prevention-et-de-lutte-contre-les-incendies\/","og_site_name":"Dpress.ma\/fr","article_published_time":"2026-04-28T15:11:45+00:00","article_modified_time":"2026-04-28T15:11:46+00:00","og_image":[{"width":2539,"height":1594,"url":"https:\/\/dpress.ma\/fr\/wp-content\/uploads\/sites\/2\/2026\/04\/94.jpg","type":"image\/jpeg"}],"author":"Dpress.ma","twitter_card":"summary_large_image","twitter_misc":{"\u00c9crit par":"Dpress.ma","Dur\u00e9e de lecture estim\u00e9e":"3 minutes"},"schema":{"@context":"https:\/\/schema.org","@graph":[{"@type":"Article","@id":"https:\/\/dpress.ma\/fr\/2026\/04\/28\/un-budget-de-150-mdh-alloue-au-programme-prevention-et-de-lutte-contre-les-incendies\/#article","isPartOf":{"@id":"https:\/\/dpress.ma\/fr\/2026\/04\/28\/un-budget-de-150-mdh-alloue-au-programme-prevention-et-de-lutte-contre-les-incendies\/"},"author":{"name":"Dpress.ma","@id":"https:\/\/dpress.ma\/fr\/#\/schema\/person\/4898febf3ccd59e6578d838656a306a0"},"headline":"Un budget de 150 MDH allou\u00e9 au programme pr\u00e9vention et de lutte contre les incendies","datePublished":"2026-04-28T15:11:45+00:00","dateModified":"2026-04-28T15:11:46+00:00","mainEntityOfPage":{"@id":"https:\/\/dpress.ma\/fr\/2026\/04\/28\/un-budget-de-150-mdh-alloue-au-programme-prevention-et-de-lutte-contre-les-incendies\/"},"wordCount":578,"commentCount":0,"image":{"@id":"https:\/\/dpress.ma\/fr\/2026\/04\/28\/un-budget-de-150-mdh-alloue-au-programme-prevention-et-de-lutte-contre-les-incendies\/#primaryimage"},"thumbnailUrl":"https:\/\/dpress.ma\/fr\/wp-content\/uploads\/sites\/2\/2026\/04\/94.jpg","articleSection":["societe et regions"],"inLanguage":"fr-FR","potentialAction":[{"@type":"CommentAction","name":"Comment","target":["https:\/\/dpress.ma\/fr\/2026\/04\/28\/un-budget-de-150-mdh-alloue-au-programme-prevention-et-de-lutte-contre-les-incendies\/#respond"]}]},{"@type":"WebPage","@id":"https:\/\/dpress.ma\/fr\/2026\/04\/28\/un-budget-de-150-mdh-alloue-au-programme-prevention-et-de-lutte-contre-les-incendies\/","url":"https:\/\/dpress.ma\/fr\/2026\/04\/28\/un-budget-de-150-mdh-alloue-au-programme-prevention-et-de-lutte-contre-les-incendies\/","name":"Un budget de 150 MDH allou\u00e9 au programme pr\u00e9vention et de lutte contre les incendies - Dpress.ma\/fr","isPartOf":{"@id":"https:\/\/dpress.ma\/fr\/#website"},"primaryImageOfPage":{"@id":"https:\/\/dpress.ma\/fr\/2026\/04\/28\/un-budget-de-150-mdh-alloue-au-programme-prevention-et-de-lutte-contre-les-incendies\/#primaryimage"},"image":{"@id":"https:\/\/dpress.ma\/fr\/2026\/04\/28\/un-budget-de-150-mdh-alloue-au-programme-prevention-et-de-lutte-contre-les-incendies\/#primaryimage"},"thumbnailUrl":"https:\/\/dpress.ma\/fr\/wp-content\/uploads\/sites\/2\/2026\/04\/94.jpg","datePublished":"2026-04-28T15:11:45+00:00","dateModified":"2026-04-28T15:11:46+00:00","author":{"@id":"https:\/\/dpress.ma\/fr\/#\/schema\/person\/4898febf3ccd59e6578d838656a306a0"},"breadcrumb":{"@id":"https:\/\/dpress.ma\/fr\/2026\/04\/28\/un-budget-de-150-mdh-alloue-au-programme-prevention-et-de-lutte-contre-les-incendies\/#breadcrumb"},"inLanguage":"fr-FR","potentialAction":[{"@type":"ReadAction","target":["https:\/\/dpress.ma\/fr\/2026\/04\/28\/un-budget-de-150-mdh-alloue-au-programme-prevention-et-de-lutte-contre-les-incendies\/"]}]},{"@type":"ImageObject","inLanguage":"fr-FR","@id":"https:\/\/dpress.ma\/fr\/2026\/04\/28\/un-budget-de-150-mdh-alloue-au-programme-prevention-et-de-lutte-contre-les-incendies\/#primaryimage","url":"https:\/\/dpress.ma\/fr\/wp-content\/uploads\/sites\/2\/2026\/04\/94.jpg","contentUrl":"https:\/\/dpress.ma\/fr\/wp-content\/uploads\/sites\/2\/2026\/04\/94.jpg","width":2539,"height":1594},{"@type":"BreadcrumbList","@id":"https:\/\/dpress.ma\/fr\/2026\/04\/28\/un-budget-de-150-mdh-alloue-au-programme-prevention-et-de-lutte-contre-les-incendies\/#breadcrumb","itemListElement":[{"@type":"ListItem","position":1,"name":"Home","item":"https:\/\/dpress.ma\/fr\/"},{"@type":"ListItem","position":2,"name":"Un budget de 150 MDH allou\u00e9 au programme pr\u00e9vention et de lutte contre les incendies"}]},{"@type":"WebSite","@id":"https:\/\/dpress.ma\/fr\/#website","url":"https:\/\/dpress.ma\/fr\/","name":"Dpress.ma\/fr","description":"","potentialAction":[{"@type":"SearchAction","target":{"@type":"EntryPoint","urlTemplate":"https:\/\/dpress.ma\/fr\/?s={search_term_string}"},"query-input":{"@type":"PropertyValueSpecification","valueRequired":true,"valueName":"search_term_string"}}],"inLanguage":"fr-FR"},{"@type":"Person","@id":"https:\/\/dpress.ma\/fr\/#\/schema\/person\/4898febf3ccd59e6578d838656a306a0","name":"Dpress.ma","image":{"@type":"ImageObject","inLanguage":"fr-FR","@id":"https:\/\/secure.gravatar.com\/avatar\/72ecc30e9db047a2e0e7176561eb9d564ed77c8108376495b19bd8336405198a?s=96&d=mm&r=g","url":"https:\/\/secure.gravatar.com\/avatar\/72ecc30e9db047a2e0e7176561eb9d564ed77c8108376495b19bd8336405198a?s=96&d=mm&r=g","contentUrl":"https:\/\/secure.gravatar.com\/avatar\/72ecc30e9db047a2e0e7176561eb9d564ed77c8108376495b19bd8336405198a?s=96&d=mm&r=g","caption":"Dpress.ma"},"sameAs":["https:\/\/www.dpress.ma"],"url":"https:\/\/dpress.ma\/fr\/author\/dpress-ma\/"}]}},"amp_enabled":true,"_links":{"self":[{"href":"https:\/\/dpress.ma\/fr\/wp-json\/wp\/v2\/posts\/29578","targetHints":{"allow":["GET"]}}],"collection":[{"href":"https:\/\/dpress.ma\/fr\/wp-json\/wp\/v2\/posts"}],"about":[{"href":"https:\/\/dpress.ma\/fr\/wp-json\/wp\/v2\/types\/post"}],"author":[{"embeddable":true,"href":"https:\/\/dpress.ma\/fr\/wp-json\/wp\/v2\/users\/2"}],"replies":[{"embeddable":true,"href":"https:\/\/dpress.ma\/fr\/wp-json\/wp\/v2\/comments?post=29578"}],"version-history":[{"count":1,"href":"https:\/\/dpress.ma\/fr\/wp-json\/wp\/v2\/posts\/29578\/revisions"}],"predecessor-version":[{"id":29580,"href":"https:\/\/dpress.ma\/fr\/wp-json\/wp\/v2\/posts\/29578\/revisions\/29580"}],"wp:featuredmedia":[{"embeddable":true,"href":"https:\/\/dpress.ma\/fr\/wp-json\/wp\/v2\/media\/29579"}],"wp:attachment":[{"href":"https:\/\/dpress.ma\/fr\/wp-json\/wp\/v2\/media?parent=29578"}],"wp:term":[{"taxonomy":"category","embeddable":true,"href":"https:\/\/dpress.ma\/fr\/wp-json\/wp\/v2\/categories?post=29578"},{"taxonomy":"post_tag","embeddable":true,"href":"https:\/\/dpress.ma\/fr\/wp-json\/wp\/v2\/tags?post=29578"}],"curies":[{"name":"wp","href":"https:\/\/api.w.org\/{rel}","templated":true}]}}