{"id":29575,"date":"2026-04-28T15:09:53","date_gmt":"2026-04-28T15:09:53","guid":{"rendered":"https:\/\/dpress.ma\/fr\/?p=29575"},"modified":"2026-04-28T15:09:54","modified_gmt":"2026-04-28T15:09:54","slug":"lameii-tient-son-4e-congres-international-a-marrakech","status":"publish","type":"post","link":"https:\/\/dpress.ma\/fr\/2026\/04\/28\/lameii-tient-son-4e-congres-international-a-marrakech\/","title":{"rendered":"L\u2019AMEII tient son 4e congr\u00e8s international \u00e0 Marrakech"},"content":{"rendered":"\n<p>Dpress<\/p>\n\n\n\n<p>Les travaux du 4e Congr\u00e8s international de l\u2019Association marocaine des \u00e9tudes ib\u00e9riques et ib\u00e9ro-am\u00e9ricaines (AMEII) ont d\u00e9but\u00e9 mardi \u00e0 Marrakech, sous le th\u00e8me \u201cLa litt\u00e9rature marocaine d\u2019expression espagnole : un nouvel imaginaire litt\u00e9raire au Maghreb\u201d.<\/p>\n\n\n\n<p>Cet \u00e9v\u00e9nement scientifique r\u00e9unit une pl\u00e9iade de chercheurs et d\u2019universitaires marocains et \u00e9trangers sp\u00e9cialis\u00e9s dans les \u00e9tudes hispaniques, venus d\u00e9battre et analyser les diff\u00e9rentes dimensions de cette production litt\u00e9raire en plein essor, ainsi que ses interactions culturelles et identitaires dans l\u2019espace maghr\u00e9bin.<\/p>\n\n\n\n<p>Organis\u00e9 durant trois jours, ce congr\u00e8s intervient dans un contexte marqu\u00e9 par le raffermissement des relations entre le Maroc et l\u2019Espagne, ouvrant la voie \u00e0 de nouvelles perspectives de coop\u00e9ration acad\u00e9mique et culturelle, notamment dans la perspective de l\u2019organisation conjointe de la Coupe du monde 2030 aux c\u00f4t\u00e9s du Portugal.<\/p>\n\n\n\n<p>Intervenant \u00e0 cette occasion, le pr\u00e9sident de l\u2019Universit\u00e9 Cadi Ayyad de Marrakech, Bela\u00efd Bougadir, a soulign\u00e9 que la tenue de ce congr\u00e8s refl\u00e8te la dynamique scientifique et l\u2019ouverture internationale de l\u2019Universit\u00e9, mettant en avant son engagement \u00e0 promouvoir la recherche acad\u00e9mique dans des domaines \u00e0 forte dimension interculturelle.<\/p>\n\n\n\n<p>Il a ajout\u00e9 que cette rencontre constitue une plateforme d\u2019\u00e9change et de dialogue entre chercheurs de divers horizons, favorisant le croisement des approches et contribuant \u00e0 enrichir la r\u00e9flexion autour des mutations que conna\u00eet la litt\u00e9rature marocaine d\u2019expression \u00e9trang\u00e8re.<\/p>\n\n\n\n<p>Pour sa part, le pr\u00e9sident de l\u2019AMEII, Mohamed Abrighach, a indiqu\u00e9 que ce congr\u00e8s s\u2019inscrit dans le cadre des efforts d\u00e9ploy\u00e9s par l\u2019association pour renforcer une diplomatie acad\u00e9mique et culturelle parall\u00e8le, \u00e0 travers la consolidation des liens avec les institutions universitaires du monde ib\u00e9rique et ib\u00e9ro-am\u00e9ricain.<\/p>\n\n\n\n<p>Il a relev\u00e9 que la th\u00e9matique choisie met en lumi\u00e8re un champ litt\u00e9raire en pleine \u00e9mergence, porteur de nouvelles formes d\u2019expression et de repr\u00e9sentations, tout en offrant un espace de r\u00e9flexion sur les enjeux identitaires, linguistiques et culturels au sein du Maghreb.<\/p>\n\n\n\n<p>Au programme de cette \u00e9dition figurent plusieurs sessions scientifiques articul\u00e9es autour de th\u00e9matiques vari\u00e9es, notamment les probl\u00e9matiques conceptuelles li\u00e9es \u00e0 la litt\u00e9rature marocaine d\u2019expression espagnole, la po\u00e9sie, la mini-fiction et le th\u00e9\u00e2tre, ainsi que les dynamiques romanesques contemporaines.<\/p>\n\n\n\n<p>Les d\u00e9bats portent \u00e9galement sur les questions d\u2019intertextualit\u00e9, d\u2019hybridisme linguistique et culturel, ainsi que sur les enjeux de migration, d\u2019identit\u00e9 et d\u2019interculturalit\u00e9 dans les productions litt\u00e9raires.<\/p>\n\n\n\n<p>Les travaux se poursuivent avec des conf\u00e9rences et des panels d\u00e9di\u00e9s \u00e0 l\u2019alt\u00e9rit\u00e9 et au dialogue entre les deux rives, en plus d\u2019analyses portant sur la pr\u00e9sence du Maroc dans la litt\u00e9rature hispanique et les repr\u00e9sentations litt\u00e9raires li\u00e9es \u00e0 la m\u00e9moire, \u00e0 la diaspora et aux transformations sociales.<\/p>\n","protected":false},"excerpt":{"rendered":"<p>Dpress Les travaux du 4e Congr\u00e8s international de l\u2019Association marocaine des \u00e9tudes ib\u00e9riques et ib\u00e9ro-am\u00e9ricaines (AMEII) ont d\u00e9but\u00e9 mardi \u00e0 Marrakech, sous le th\u00e8me \u201cLa litt\u00e9rature marocaine d\u2019expression espagnole : un nouvel imaginaire litt\u00e9raire au Maghreb\u201d. Cet \u00e9v\u00e9nement scientifique r\u00e9unit une pl\u00e9iade de chercheurs et d\u2019universitaires marocains et \u00e9trangers sp\u00e9cialis\u00e9s dans les \u00e9tudes hispaniques, venus &hellip;<\/p>\n","protected":false},"author":2,"featured_media":29576,"comment_status":"open","ping_status":"open","sticky":false,"template":"","format":"standard","meta":{"footnotes":""},"categories":[40],"tags":[],"class_list":["post-29575","post","type-post","status-publish","format-standard","has-post-thumbnail","hentry","category-societe-et-regions"],"yoast_head":"<!-- This site is optimized with the Yoast SEO plugin v27.4 - https:\/\/yoast.com\/product\/yoast-seo-wordpress\/ -->\n<title>L\u2019AMEII tient son 4e congr\u00e8s international \u00e0 Marrakech - Dpress.ma\/fr<\/title>\n<meta name=\"robots\" content=\"index, follow, max-snippet:-1, max-image-preview:large, max-video-preview:-1\" \/>\n<link rel=\"canonical\" href=\"https:\/\/dpress.ma\/fr\/2026\/04\/28\/lameii-tient-son-4e-congres-international-a-marrakech\/\" \/>\n<meta property=\"og:locale\" content=\"fr_FR\" \/>\n<meta property=\"og:type\" content=\"article\" \/>\n<meta property=\"og:title\" content=\"L\u2019AMEII tient son 4e congr\u00e8s international \u00e0 Marrakech - Dpress.ma\/fr\" \/>\n<meta property=\"og:description\" content=\"Dpress Les travaux du 4e Congr\u00e8s international de l\u2019Association marocaine des \u00e9tudes ib\u00e9riques et ib\u00e9ro-am\u00e9ricaines (AMEII) ont d\u00e9but\u00e9 mardi \u00e0 Marrakech, sous le th\u00e8me \u201cLa litt\u00e9rature marocaine d\u2019expression espagnole : un nouvel imaginaire litt\u00e9raire au Maghreb\u201d. Cet \u00e9v\u00e9nement scientifique r\u00e9unit une pl\u00e9iade de chercheurs et d\u2019universitaires marocains et \u00e9trangers sp\u00e9cialis\u00e9s dans les \u00e9tudes hispaniques, venus &hellip;\" \/>\n<meta property=\"og:url\" content=\"https:\/\/dpress.ma\/fr\/2026\/04\/28\/lameii-tient-son-4e-congres-international-a-marrakech\/\" \/>\n<meta property=\"og:site_name\" content=\"Dpress.ma\/fr\" \/>\n<meta property=\"article:published_time\" content=\"2026-04-28T15:09:53+00:00\" \/>\n<meta property=\"article:modified_time\" content=\"2026-04-28T15:09:54+00:00\" \/>\n<meta property=\"og:image\" content=\"https:\/\/dpress.ma\/fr\/wp-content\/uploads\/sites\/2\/2026\/04\/93.jpg\" \/>\n\t<meta property=\"og:image:width\" content=\"2539\" \/>\n\t<meta property=\"og:image:height\" content=\"1594\" \/>\n\t<meta property=\"og:image:type\" content=\"image\/jpeg\" \/>\n<meta name=\"author\" content=\"Dpress.ma\" \/>\n<meta name=\"twitter:card\" content=\"summary_large_image\" \/>\n<meta name=\"twitter:label1\" content=\"\u00c9crit par\" \/>\n\t<meta name=\"twitter:data1\" content=\"Dpress.ma\" \/>\n\t<meta name=\"twitter:label2\" content=\"Dur\u00e9e de lecture estim\u00e9e\" \/>\n\t<meta name=\"twitter:data2\" content=\"3 minutes\" \/>\n<script type=\"application\/ld+json\" class=\"yoast-schema-graph\">{\"@context\":\"https:\\\/\\\/schema.org\",\"@graph\":[{\"@type\":\"Article\",\"@id\":\"https:\\\/\\\/dpress.ma\\\/fr\\\/2026\\\/04\\\/28\\\/lameii-tient-son-4e-congres-international-a-marrakech\\\/#article\",\"isPartOf\":{\"@id\":\"https:\\\/\\\/dpress.ma\\\/fr\\\/2026\\\/04\\\/28\\\/lameii-tient-son-4e-congres-international-a-marrakech\\\/\"},\"author\":{\"name\":\"Dpress.ma\",\"@id\":\"https:\\\/\\\/dpress.ma\\\/fr\\\/#\\\/schema\\\/person\\\/4898febf3ccd59e6578d838656a306a0\"},\"headline\":\"L\u2019AMEII tient son 4e congr\u00e8s international \u00e0 Marrakech\",\"datePublished\":\"2026-04-28T15:09:53+00:00\",\"dateModified\":\"2026-04-28T15:09:54+00:00\",\"mainEntityOfPage\":{\"@id\":\"https:\\\/\\\/dpress.ma\\\/fr\\\/2026\\\/04\\\/28\\\/lameii-tient-son-4e-congres-international-a-marrakech\\\/\"},\"wordCount\":498,\"commentCount\":0,\"image\":{\"@id\":\"https:\\\/\\\/dpress.ma\\\/fr\\\/2026\\\/04\\\/28\\\/lameii-tient-son-4e-congres-international-a-marrakech\\\/#primaryimage\"},\"thumbnailUrl\":\"https:\\\/\\\/dpress.ma\\\/fr\\\/wp-content\\\/uploads\\\/sites\\\/2\\\/2026\\\/04\\\/93.jpg\",\"articleSection\":[\"societe et regions\"],\"inLanguage\":\"fr-FR\",\"potentialAction\":[{\"@type\":\"CommentAction\",\"name\":\"Comment\",\"target\":[\"https:\\\/\\\/dpress.ma\\\/fr\\\/2026\\\/04\\\/28\\\/lameii-tient-son-4e-congres-international-a-marrakech\\\/#respond\"]}]},{\"@type\":\"WebPage\",\"@id\":\"https:\\\/\\\/dpress.ma\\\/fr\\\/2026\\\/04\\\/28\\\/lameii-tient-son-4e-congres-international-a-marrakech\\\/\",\"url\":\"https:\\\/\\\/dpress.ma\\\/fr\\\/2026\\\/04\\\/28\\\/lameii-tient-son-4e-congres-international-a-marrakech\\\/\",\"name\":\"L\u2019AMEII tient son 4e congr\u00e8s international \u00e0 Marrakech - Dpress.ma\\\/fr\",\"isPartOf\":{\"@id\":\"https:\\\/\\\/dpress.ma\\\/fr\\\/#website\"},\"primaryImageOfPage\":{\"@id\":\"https:\\\/\\\/dpress.ma\\\/fr\\\/2026\\\/04\\\/28\\\/lameii-tient-son-4e-congres-international-a-marrakech\\\/#primaryimage\"},\"image\":{\"@id\":\"https:\\\/\\\/dpress.ma\\\/fr\\\/2026\\\/04\\\/28\\\/lameii-tient-son-4e-congres-international-a-marrakech\\\/#primaryimage\"},\"thumbnailUrl\":\"https:\\\/\\\/dpress.ma\\\/fr\\\/wp-content\\\/uploads\\\/sites\\\/2\\\/2026\\\/04\\\/93.jpg\",\"datePublished\":\"2026-04-28T15:09:53+00:00\",\"dateModified\":\"2026-04-28T15:09:54+00:00\",\"author\":{\"@id\":\"https:\\\/\\\/dpress.ma\\\/fr\\\/#\\\/schema\\\/person\\\/4898febf3ccd59e6578d838656a306a0\"},\"breadcrumb\":{\"@id\":\"https:\\\/\\\/dpress.ma\\\/fr\\\/2026\\\/04\\\/28\\\/lameii-tient-son-4e-congres-international-a-marrakech\\\/#breadcrumb\"},\"inLanguage\":\"fr-FR\",\"potentialAction\":[{\"@type\":\"ReadAction\",\"target\":[\"https:\\\/\\\/dpress.ma\\\/fr\\\/2026\\\/04\\\/28\\\/lameii-tient-son-4e-congres-international-a-marrakech\\\/\"]}]},{\"@type\":\"ImageObject\",\"inLanguage\":\"fr-FR\",\"@id\":\"https:\\\/\\\/dpress.ma\\\/fr\\\/2026\\\/04\\\/28\\\/lameii-tient-son-4e-congres-international-a-marrakech\\\/#primaryimage\",\"url\":\"https:\\\/\\\/dpress.ma\\\/fr\\\/wp-content\\\/uploads\\\/sites\\\/2\\\/2026\\\/04\\\/93.jpg\",\"contentUrl\":\"https:\\\/\\\/dpress.ma\\\/fr\\\/wp-content\\\/uploads\\\/sites\\\/2\\\/2026\\\/04\\\/93.jpg\",\"width\":2539,\"height\":1594},{\"@type\":\"BreadcrumbList\",\"@id\":\"https:\\\/\\\/dpress.ma\\\/fr\\\/2026\\\/04\\\/28\\\/lameii-tient-son-4e-congres-international-a-marrakech\\\/#breadcrumb\",\"itemListElement\":[{\"@type\":\"ListItem\",\"position\":1,\"name\":\"Home\",\"item\":\"https:\\\/\\\/dpress.ma\\\/fr\\\/\"},{\"@type\":\"ListItem\",\"position\":2,\"name\":\"L\u2019AMEII tient son 4e congr\u00e8s international \u00e0 Marrakech\"}]},{\"@type\":\"WebSite\",\"@id\":\"https:\\\/\\\/dpress.ma\\\/fr\\\/#website\",\"url\":\"https:\\\/\\\/dpress.ma\\\/fr\\\/\",\"name\":\"Dpress.ma\\\/fr\",\"description\":\"\",\"potentialAction\":[{\"@type\":\"SearchAction\",\"target\":{\"@type\":\"EntryPoint\",\"urlTemplate\":\"https:\\\/\\\/dpress.ma\\\/fr\\\/?s={search_term_string}\"},\"query-input\":{\"@type\":\"PropertyValueSpecification\",\"valueRequired\":true,\"valueName\":\"search_term_string\"}}],\"inLanguage\":\"fr-FR\"},{\"@type\":\"Person\",\"@id\":\"https:\\\/\\\/dpress.ma\\\/fr\\\/#\\\/schema\\\/person\\\/4898febf3ccd59e6578d838656a306a0\",\"name\":\"Dpress.ma\",\"image\":{\"@type\":\"ImageObject\",\"inLanguage\":\"fr-FR\",\"@id\":\"https:\\\/\\\/secure.gravatar.com\\\/avatar\\\/72ecc30e9db047a2e0e7176561eb9d564ed77c8108376495b19bd8336405198a?s=96&d=mm&r=g\",\"url\":\"https:\\\/\\\/secure.gravatar.com\\\/avatar\\\/72ecc30e9db047a2e0e7176561eb9d564ed77c8108376495b19bd8336405198a?s=96&d=mm&r=g\",\"contentUrl\":\"https:\\\/\\\/secure.gravatar.com\\\/avatar\\\/72ecc30e9db047a2e0e7176561eb9d564ed77c8108376495b19bd8336405198a?s=96&d=mm&r=g\",\"caption\":\"Dpress.ma\"},\"sameAs\":[\"https:\\\/\\\/www.dpress.ma\"],\"url\":\"https:\\\/\\\/dpress.ma\\\/fr\\\/author\\\/dpress-ma\\\/\"}]}<\/script>\n<!-- \/ Yoast SEO plugin. -->","yoast_head_json":{"title":"L\u2019AMEII tient son 4e congr\u00e8s international \u00e0 Marrakech - Dpress.ma\/fr","robots":{"index":"index","follow":"follow","max-snippet":"max-snippet:-1","max-image-preview":"max-image-preview:large","max-video-preview":"max-video-preview:-1"},"canonical":"https:\/\/dpress.ma\/fr\/2026\/04\/28\/lameii-tient-son-4e-congres-international-a-marrakech\/","og_locale":"fr_FR","og_type":"article","og_title":"L\u2019AMEII tient son 4e congr\u00e8s international \u00e0 Marrakech - Dpress.ma\/fr","og_description":"Dpress Les travaux du 4e Congr\u00e8s international de l\u2019Association marocaine des \u00e9tudes ib\u00e9riques et ib\u00e9ro-am\u00e9ricaines (AMEII) ont d\u00e9but\u00e9 mardi \u00e0 Marrakech, sous le th\u00e8me \u201cLa litt\u00e9rature marocaine d\u2019expression espagnole : un nouvel imaginaire litt\u00e9raire au Maghreb\u201d. Cet \u00e9v\u00e9nement scientifique r\u00e9unit une pl\u00e9iade de chercheurs et d\u2019universitaires marocains et \u00e9trangers sp\u00e9cialis\u00e9s dans les \u00e9tudes hispaniques, venus &hellip;","og_url":"https:\/\/dpress.ma\/fr\/2026\/04\/28\/lameii-tient-son-4e-congres-international-a-marrakech\/","og_site_name":"Dpress.ma\/fr","article_published_time":"2026-04-28T15:09:53+00:00","article_modified_time":"2026-04-28T15:09:54+00:00","og_image":[{"width":2539,"height":1594,"url":"https:\/\/dpress.ma\/fr\/wp-content\/uploads\/sites\/2\/2026\/04\/93.jpg","type":"image\/jpeg"}],"author":"Dpress.ma","twitter_card":"summary_large_image","twitter_misc":{"\u00c9crit par":"Dpress.ma","Dur\u00e9e de lecture estim\u00e9e":"3 minutes"},"schema":{"@context":"https:\/\/schema.org","@graph":[{"@type":"Article","@id":"https:\/\/dpress.ma\/fr\/2026\/04\/28\/lameii-tient-son-4e-congres-international-a-marrakech\/#article","isPartOf":{"@id":"https:\/\/dpress.ma\/fr\/2026\/04\/28\/lameii-tient-son-4e-congres-international-a-marrakech\/"},"author":{"name":"Dpress.ma","@id":"https:\/\/dpress.ma\/fr\/#\/schema\/person\/4898febf3ccd59e6578d838656a306a0"},"headline":"L\u2019AMEII tient son 4e congr\u00e8s international \u00e0 Marrakech","datePublished":"2026-04-28T15:09:53+00:00","dateModified":"2026-04-28T15:09:54+00:00","mainEntityOfPage":{"@id":"https:\/\/dpress.ma\/fr\/2026\/04\/28\/lameii-tient-son-4e-congres-international-a-marrakech\/"},"wordCount":498,"commentCount":0,"image":{"@id":"https:\/\/dpress.ma\/fr\/2026\/04\/28\/lameii-tient-son-4e-congres-international-a-marrakech\/#primaryimage"},"thumbnailUrl":"https:\/\/dpress.ma\/fr\/wp-content\/uploads\/sites\/2\/2026\/04\/93.jpg","articleSection":["societe et regions"],"inLanguage":"fr-FR","potentialAction":[{"@type":"CommentAction","name":"Comment","target":["https:\/\/dpress.ma\/fr\/2026\/04\/28\/lameii-tient-son-4e-congres-international-a-marrakech\/#respond"]}]},{"@type":"WebPage","@id":"https:\/\/dpress.ma\/fr\/2026\/04\/28\/lameii-tient-son-4e-congres-international-a-marrakech\/","url":"https:\/\/dpress.ma\/fr\/2026\/04\/28\/lameii-tient-son-4e-congres-international-a-marrakech\/","name":"L\u2019AMEII tient son 4e congr\u00e8s international \u00e0 Marrakech - Dpress.ma\/fr","isPartOf":{"@id":"https:\/\/dpress.ma\/fr\/#website"},"primaryImageOfPage":{"@id":"https:\/\/dpress.ma\/fr\/2026\/04\/28\/lameii-tient-son-4e-congres-international-a-marrakech\/#primaryimage"},"image":{"@id":"https:\/\/dpress.ma\/fr\/2026\/04\/28\/lameii-tient-son-4e-congres-international-a-marrakech\/#primaryimage"},"thumbnailUrl":"https:\/\/dpress.ma\/fr\/wp-content\/uploads\/sites\/2\/2026\/04\/93.jpg","datePublished":"2026-04-28T15:09:53+00:00","dateModified":"2026-04-28T15:09:54+00:00","author":{"@id":"https:\/\/dpress.ma\/fr\/#\/schema\/person\/4898febf3ccd59e6578d838656a306a0"},"breadcrumb":{"@id":"https:\/\/dpress.ma\/fr\/2026\/04\/28\/lameii-tient-son-4e-congres-international-a-marrakech\/#breadcrumb"},"inLanguage":"fr-FR","potentialAction":[{"@type":"ReadAction","target":["https:\/\/dpress.ma\/fr\/2026\/04\/28\/lameii-tient-son-4e-congres-international-a-marrakech\/"]}]},{"@type":"ImageObject","inLanguage":"fr-FR","@id":"https:\/\/dpress.ma\/fr\/2026\/04\/28\/lameii-tient-son-4e-congres-international-a-marrakech\/#primaryimage","url":"https:\/\/dpress.ma\/fr\/wp-content\/uploads\/sites\/2\/2026\/04\/93.jpg","contentUrl":"https:\/\/dpress.ma\/fr\/wp-content\/uploads\/sites\/2\/2026\/04\/93.jpg","width":2539,"height":1594},{"@type":"BreadcrumbList","@id":"https:\/\/dpress.ma\/fr\/2026\/04\/28\/lameii-tient-son-4e-congres-international-a-marrakech\/#breadcrumb","itemListElement":[{"@type":"ListItem","position":1,"name":"Home","item":"https:\/\/dpress.ma\/fr\/"},{"@type":"ListItem","position":2,"name":"L\u2019AMEII tient son 4e congr\u00e8s international \u00e0 Marrakech"}]},{"@type":"WebSite","@id":"https:\/\/dpress.ma\/fr\/#website","url":"https:\/\/dpress.ma\/fr\/","name":"Dpress.ma\/fr","description":"","potentialAction":[{"@type":"SearchAction","target":{"@type":"EntryPoint","urlTemplate":"https:\/\/dpress.ma\/fr\/?s={search_term_string}"},"query-input":{"@type":"PropertyValueSpecification","valueRequired":true,"valueName":"search_term_string"}}],"inLanguage":"fr-FR"},{"@type":"Person","@id":"https:\/\/dpress.ma\/fr\/#\/schema\/person\/4898febf3ccd59e6578d838656a306a0","name":"Dpress.ma","image":{"@type":"ImageObject","inLanguage":"fr-FR","@id":"https:\/\/secure.gravatar.com\/avatar\/72ecc30e9db047a2e0e7176561eb9d564ed77c8108376495b19bd8336405198a?s=96&d=mm&r=g","url":"https:\/\/secure.gravatar.com\/avatar\/72ecc30e9db047a2e0e7176561eb9d564ed77c8108376495b19bd8336405198a?s=96&d=mm&r=g","contentUrl":"https:\/\/secure.gravatar.com\/avatar\/72ecc30e9db047a2e0e7176561eb9d564ed77c8108376495b19bd8336405198a?s=96&d=mm&r=g","caption":"Dpress.ma"},"sameAs":["https:\/\/www.dpress.ma"],"url":"https:\/\/dpress.ma\/fr\/author\/dpress-ma\/"}]}},"amp_enabled":true,"_links":{"self":[{"href":"https:\/\/dpress.ma\/fr\/wp-json\/wp\/v2\/posts\/29575","targetHints":{"allow":["GET"]}}],"collection":[{"href":"https:\/\/dpress.ma\/fr\/wp-json\/wp\/v2\/posts"}],"about":[{"href":"https:\/\/dpress.ma\/fr\/wp-json\/wp\/v2\/types\/post"}],"author":[{"embeddable":true,"href":"https:\/\/dpress.ma\/fr\/wp-json\/wp\/v2\/users\/2"}],"replies":[{"embeddable":true,"href":"https:\/\/dpress.ma\/fr\/wp-json\/wp\/v2\/comments?post=29575"}],"version-history":[{"count":1,"href":"https:\/\/dpress.ma\/fr\/wp-json\/wp\/v2\/posts\/29575\/revisions"}],"predecessor-version":[{"id":29577,"href":"https:\/\/dpress.ma\/fr\/wp-json\/wp\/v2\/posts\/29575\/revisions\/29577"}],"wp:featuredmedia":[{"embeddable":true,"href":"https:\/\/dpress.ma\/fr\/wp-json\/wp\/v2\/media\/29576"}],"wp:attachment":[{"href":"https:\/\/dpress.ma\/fr\/wp-json\/wp\/v2\/media?parent=29575"}],"wp:term":[{"taxonomy":"category","embeddable":true,"href":"https:\/\/dpress.ma\/fr\/wp-json\/wp\/v2\/categories?post=29575"},{"taxonomy":"post_tag","embeddable":true,"href":"https:\/\/dpress.ma\/fr\/wp-json\/wp\/v2\/tags?post=29575"}],"curies":[{"name":"wp","href":"https:\/\/api.w.org\/{rel}","templated":true}]}}