{"id":29572,"date":"2026-04-28T14:55:47","date_gmt":"2026-04-28T14:55:47","guid":{"rendered":"https:\/\/dpress.ma\/fr\/?p=29572"},"modified":"2026-04-28T14:55:52","modified_gmt":"2026-04-28T14:55:52","slug":"la-cooperation-scientifique-et-economique-entre-le-maroc-et-lallemagne-au-centre-dun-forum-a-dusseldorf","status":"publish","type":"post","link":"https:\/\/dpress.ma\/fr\/2026\/04\/28\/la-cooperation-scientifique-et-economique-entre-le-maroc-et-lallemagne-au-centre-dun-forum-a-dusseldorf\/","title":{"rendered":"La coop\u00e9ration scientifique et \u00e9conomique entre le Maroc et l\u2019Allemagne au centre d\u2019un forum \u00e0 D\u00fcsseldorf"},"content":{"rendered":"\n<p>Dpress<\/p>\n\n\n\n<p>La ville allemande de D\u00fcsseldorf, capitale de la Rh\u00e9nanie-du-Nord-Westphalie, a abrit\u00e9 r\u00e9cemment les travaux du Forum international des \u00e9tudiants et dipl\u00f4m\u00e9s marocains en Allemagne, plac\u00e9 sous le th\u00e8me \u201cLa coop\u00e9ration maroco-allemande dans les domaines des sciences et de l\u2019\u00e9conomie : vers une nouvelle g\u00e9n\u00e9ration de comp\u00e9tences marocaines en Allemagne\u201d.<\/p>\n\n\n\n<p>Organis\u00e9 \u00e0 l\u2019initiative de l\u2019Association des \u00e9tudiants et dipl\u00f4m\u00e9s marocains en Allemagne, en partenariat avec le Conseil de la communaut\u00e9 marocaine \u00e0 l\u2019\u00e9tranger (CCME) et le d\u00e9partement des Marocains r\u00e9sidant \u00e0 l\u2019\u00e9tranger relevant du minist\u00e8re des Affaires \u00e9trang\u00e8res, de la Coop\u00e9ration africaine et des Marocains r\u00e9sidant \u00e0 l\u2019\u00e9tranger, cet \u00e9v\u00e9nement a r\u00e9uni plus de 200 comp\u00e9tences marocaines \u00e9tablies en Allemagne, en pr\u00e9sence du pr\u00e9sident du CCME, Driss El Yazami, ainsi que de la Consule g\u00e9n\u00e9rale du Royaume du Maroc \u00e0 D\u00fcsseldorf, Boutaina Bouabid.<\/p>\n\n\n\n<p>Les participants ont pris part \u00e0 des \u00e9changes et des pr\u00e9sentations sur les opportunit\u00e9s de coop\u00e9ration scientifique et \u00e9conomique entre le Maroc et l\u2019Allemagne, ainsi que sur les perspectives offertes aux comp\u00e9tences marocaines dans des domaines en \u00e9volution, notamment la recherche scientifique, l\u2019\u00e9conomie num\u00e9rique et l\u2019intelligence artificielle.<\/p>\n\n\n\n<p>Le pr\u00e9sident de l\u2019Association des \u00e9tudiants et dipl\u00f4m\u00e9s marocains en Allemagne, Said Mhani, estime que ce Forum refl\u00e8te l\u2019engagement de son Association et des institutions marocaines participantes \u00e0 accompagner les comp\u00e9tences marocaines \u00e0 l\u2019\u00e9tranger et \u00e0 renforcer leur contribution au d\u00e9veloppement national, \u00e0 travers la cr\u00e9ation d\u2019espaces de dialogue et d\u2019\u00e9change et l\u2019ouverture de nouvelles perspectives de coop\u00e9ration entre le Maroc et l\u2019Allemagne.<\/p>\n\n\n\n<p>Un accent particulier a \u00e9t\u00e9 mis \u00e0 cette occasion sur le r\u00f4le central des comp\u00e9tences marocaines d\u2019Allemagne en tant qu\u2019acteurs strat\u00e9giques dans la mise en \u0153uvre du nouveau mod\u00e8le de d\u00e9veloppement du Royaume, gr\u00e2ce \u00e0 leurs contributions scientifiques et \u00e9conomiques et \u00e0 leur engagement dans des projets \u00e0 fort potentiel.<\/p>\n\n\n\n<p>Les discussions, qui ont port\u00e9 sur les questions d\u2019identit\u00e9 et de culture ainsi que sur les perspectives de coop\u00e9ration bilat\u00e9rale, ont aussi permis de d\u00e9gager des pistes de r\u00e9flexion en vue de l\u2019\u00e9laboration d\u2019une feuille de route visant \u00e0 traduire cette dynamique en initiatives concr\u00e8tes et en projets communs.<\/p>\n\n\n\n<p>Selon les organisateurs, ce Forum s\u2019inscrit dans une dynamique de renforcement des liens entre les comp\u00e9tences marocaines \u00e9tablies en Allemagne, les institutions nationales et les associations de la soci\u00e9t\u00e9 civile, avec pour objectif de favoriser l\u2019\u00e9mergence de partenariats scientifiques, culturels et \u00e9conomiques durables entre les deux pays.<\/p>\n","protected":false},"excerpt":{"rendered":"<p>Dpress La ville allemande de D\u00fcsseldorf, capitale de la Rh\u00e9nanie-du-Nord-Westphalie, a abrit\u00e9 r\u00e9cemment les travaux du Forum international des \u00e9tudiants et dipl\u00f4m\u00e9s marocains en Allemagne, plac\u00e9 sous le th\u00e8me \u201cLa coop\u00e9ration maroco-allemande dans les domaines des sciences et de l\u2019\u00e9conomie : vers une nouvelle g\u00e9n\u00e9ration de comp\u00e9tences marocaines en Allemagne\u201d. Organis\u00e9 \u00e0 l\u2019initiative de l\u2019Association &hellip;<\/p>\n","protected":false},"author":2,"featured_media":29573,"comment_status":"open","ping_status":"open","sticky":false,"template":"","format":"standard","meta":{"footnotes":""},"categories":[42],"tags":[],"class_list":["post-29572","post","type-post","status-publish","format-standard","has-post-thumbnail","hentry","category-monde"],"yoast_head":"<!-- This site is optimized with the Yoast SEO plugin v27.4 - https:\/\/yoast.com\/product\/yoast-seo-wordpress\/ -->\n<title>La coop\u00e9ration scientifique et \u00e9conomique entre le Maroc et l\u2019Allemagne au centre d\u2019un forum \u00e0 D\u00fcsseldorf - Dpress.ma\/fr<\/title>\n<meta name=\"robots\" content=\"index, follow, max-snippet:-1, max-image-preview:large, max-video-preview:-1\" \/>\n<link rel=\"canonical\" href=\"https:\/\/dpress.ma\/fr\/2026\/04\/28\/la-cooperation-scientifique-et-economique-entre-le-maroc-et-lallemagne-au-centre-dun-forum-a-dusseldorf\/\" \/>\n<meta property=\"og:locale\" content=\"fr_FR\" \/>\n<meta property=\"og:type\" content=\"article\" \/>\n<meta property=\"og:title\" content=\"La coop\u00e9ration scientifique et \u00e9conomique entre le Maroc et l\u2019Allemagne au centre d\u2019un forum \u00e0 D\u00fcsseldorf - Dpress.ma\/fr\" \/>\n<meta property=\"og:description\" content=\"Dpress La ville allemande de D\u00fcsseldorf, capitale de la Rh\u00e9nanie-du-Nord-Westphalie, a abrit\u00e9 r\u00e9cemment les travaux du Forum international des \u00e9tudiants et dipl\u00f4m\u00e9s marocains en Allemagne, plac\u00e9 sous le th\u00e8me \u201cLa coop\u00e9ration maroco-allemande dans les domaines des sciences et de l\u2019\u00e9conomie : vers une nouvelle g\u00e9n\u00e9ration de comp\u00e9tences marocaines en Allemagne\u201d. Organis\u00e9 \u00e0 l\u2019initiative de l\u2019Association &hellip;\" \/>\n<meta property=\"og:url\" content=\"https:\/\/dpress.ma\/fr\/2026\/04\/28\/la-cooperation-scientifique-et-economique-entre-le-maroc-et-lallemagne-au-centre-dun-forum-a-dusseldorf\/\" \/>\n<meta property=\"og:site_name\" content=\"Dpress.ma\/fr\" \/>\n<meta property=\"article:published_time\" content=\"2026-04-28T14:55:47+00:00\" \/>\n<meta property=\"article:modified_time\" content=\"2026-04-28T14:55:52+00:00\" \/>\n<meta property=\"og:image\" content=\"https:\/\/dpress.ma\/fr\/wp-content\/uploads\/sites\/2\/2026\/04\/90.jpg\" \/>\n\t<meta property=\"og:image:width\" content=\"2539\" \/>\n\t<meta property=\"og:image:height\" content=\"1594\" \/>\n\t<meta property=\"og:image:type\" content=\"image\/jpeg\" \/>\n<meta name=\"author\" content=\"Dpress.ma\" \/>\n<meta name=\"twitter:card\" content=\"summary_large_image\" \/>\n<meta name=\"twitter:label1\" content=\"\u00c9crit par\" \/>\n\t<meta name=\"twitter:data1\" content=\"Dpress.ma\" \/>\n\t<meta name=\"twitter:label2\" content=\"Dur\u00e9e de lecture estim\u00e9e\" \/>\n\t<meta name=\"twitter:data2\" content=\"3 minutes\" \/>\n<script type=\"application\/ld+json\" class=\"yoast-schema-graph\">{\"@context\":\"https:\\\/\\\/schema.org\",\"@graph\":[{\"@type\":\"Article\",\"@id\":\"https:\\\/\\\/dpress.ma\\\/fr\\\/2026\\\/04\\\/28\\\/la-cooperation-scientifique-et-economique-entre-le-maroc-et-lallemagne-au-centre-dun-forum-a-dusseldorf\\\/#article\",\"isPartOf\":{\"@id\":\"https:\\\/\\\/dpress.ma\\\/fr\\\/2026\\\/04\\\/28\\\/la-cooperation-scientifique-et-economique-entre-le-maroc-et-lallemagne-au-centre-dun-forum-a-dusseldorf\\\/\"},\"author\":{\"name\":\"Dpress.ma\",\"@id\":\"https:\\\/\\\/dpress.ma\\\/fr\\\/#\\\/schema\\\/person\\\/4898febf3ccd59e6578d838656a306a0\"},\"headline\":\"La coop\u00e9ration scientifique et \u00e9conomique entre le Maroc et l\u2019Allemagne au centre d\u2019un forum \u00e0 D\u00fcsseldorf\",\"datePublished\":\"2026-04-28T14:55:47+00:00\",\"dateModified\":\"2026-04-28T14:55:52+00:00\",\"mainEntityOfPage\":{\"@id\":\"https:\\\/\\\/dpress.ma\\\/fr\\\/2026\\\/04\\\/28\\\/la-cooperation-scientifique-et-economique-entre-le-maroc-et-lallemagne-au-centre-dun-forum-a-dusseldorf\\\/\"},\"wordCount\":466,\"commentCount\":0,\"image\":{\"@id\":\"https:\\\/\\\/dpress.ma\\\/fr\\\/2026\\\/04\\\/28\\\/la-cooperation-scientifique-et-economique-entre-le-maroc-et-lallemagne-au-centre-dun-forum-a-dusseldorf\\\/#primaryimage\"},\"thumbnailUrl\":\"https:\\\/\\\/dpress.ma\\\/fr\\\/wp-content\\\/uploads\\\/sites\\\/2\\\/2026\\\/04\\\/90.jpg\",\"articleSection\":[\"monde\"],\"inLanguage\":\"fr-FR\",\"potentialAction\":[{\"@type\":\"CommentAction\",\"name\":\"Comment\",\"target\":[\"https:\\\/\\\/dpress.ma\\\/fr\\\/2026\\\/04\\\/28\\\/la-cooperation-scientifique-et-economique-entre-le-maroc-et-lallemagne-au-centre-dun-forum-a-dusseldorf\\\/#respond\"]}]},{\"@type\":\"WebPage\",\"@id\":\"https:\\\/\\\/dpress.ma\\\/fr\\\/2026\\\/04\\\/28\\\/la-cooperation-scientifique-et-economique-entre-le-maroc-et-lallemagne-au-centre-dun-forum-a-dusseldorf\\\/\",\"url\":\"https:\\\/\\\/dpress.ma\\\/fr\\\/2026\\\/04\\\/28\\\/la-cooperation-scientifique-et-economique-entre-le-maroc-et-lallemagne-au-centre-dun-forum-a-dusseldorf\\\/\",\"name\":\"La coop\u00e9ration scientifique et \u00e9conomique entre le Maroc et l\u2019Allemagne au centre d\u2019un forum \u00e0 D\u00fcsseldorf - Dpress.ma\\\/fr\",\"isPartOf\":{\"@id\":\"https:\\\/\\\/dpress.ma\\\/fr\\\/#website\"},\"primaryImageOfPage\":{\"@id\":\"https:\\\/\\\/dpress.ma\\\/fr\\\/2026\\\/04\\\/28\\\/la-cooperation-scientifique-et-economique-entre-le-maroc-et-lallemagne-au-centre-dun-forum-a-dusseldorf\\\/#primaryimage\"},\"image\":{\"@id\":\"https:\\\/\\\/dpress.ma\\\/fr\\\/2026\\\/04\\\/28\\\/la-cooperation-scientifique-et-economique-entre-le-maroc-et-lallemagne-au-centre-dun-forum-a-dusseldorf\\\/#primaryimage\"},\"thumbnailUrl\":\"https:\\\/\\\/dpress.ma\\\/fr\\\/wp-content\\\/uploads\\\/sites\\\/2\\\/2026\\\/04\\\/90.jpg\",\"datePublished\":\"2026-04-28T14:55:47+00:00\",\"dateModified\":\"2026-04-28T14:55:52+00:00\",\"author\":{\"@id\":\"https:\\\/\\\/dpress.ma\\\/fr\\\/#\\\/schema\\\/person\\\/4898febf3ccd59e6578d838656a306a0\"},\"breadcrumb\":{\"@id\":\"https:\\\/\\\/dpress.ma\\\/fr\\\/2026\\\/04\\\/28\\\/la-cooperation-scientifique-et-economique-entre-le-maroc-et-lallemagne-au-centre-dun-forum-a-dusseldorf\\\/#breadcrumb\"},\"inLanguage\":\"fr-FR\",\"potentialAction\":[{\"@type\":\"ReadAction\",\"target\":[\"https:\\\/\\\/dpress.ma\\\/fr\\\/2026\\\/04\\\/28\\\/la-cooperation-scientifique-et-economique-entre-le-maroc-et-lallemagne-au-centre-dun-forum-a-dusseldorf\\\/\"]}]},{\"@type\":\"ImageObject\",\"inLanguage\":\"fr-FR\",\"@id\":\"https:\\\/\\\/dpress.ma\\\/fr\\\/2026\\\/04\\\/28\\\/la-cooperation-scientifique-et-economique-entre-le-maroc-et-lallemagne-au-centre-dun-forum-a-dusseldorf\\\/#primaryimage\",\"url\":\"https:\\\/\\\/dpress.ma\\\/fr\\\/wp-content\\\/uploads\\\/sites\\\/2\\\/2026\\\/04\\\/90.jpg\",\"contentUrl\":\"https:\\\/\\\/dpress.ma\\\/fr\\\/wp-content\\\/uploads\\\/sites\\\/2\\\/2026\\\/04\\\/90.jpg\",\"width\":2539,\"height\":1594},{\"@type\":\"BreadcrumbList\",\"@id\":\"https:\\\/\\\/dpress.ma\\\/fr\\\/2026\\\/04\\\/28\\\/la-cooperation-scientifique-et-economique-entre-le-maroc-et-lallemagne-au-centre-dun-forum-a-dusseldorf\\\/#breadcrumb\",\"itemListElement\":[{\"@type\":\"ListItem\",\"position\":1,\"name\":\"Home\",\"item\":\"https:\\\/\\\/dpress.ma\\\/fr\\\/\"},{\"@type\":\"ListItem\",\"position\":2,\"name\":\"La coop\u00e9ration scientifique et \u00e9conomique entre le Maroc et l\u2019Allemagne au centre d\u2019un forum \u00e0 D\u00fcsseldorf\"}]},{\"@type\":\"WebSite\",\"@id\":\"https:\\\/\\\/dpress.ma\\\/fr\\\/#website\",\"url\":\"https:\\\/\\\/dpress.ma\\\/fr\\\/\",\"name\":\"Dpress.ma\\\/fr\",\"description\":\"\",\"potentialAction\":[{\"@type\":\"SearchAction\",\"target\":{\"@type\":\"EntryPoint\",\"urlTemplate\":\"https:\\\/\\\/dpress.ma\\\/fr\\\/?s={search_term_string}\"},\"query-input\":{\"@type\":\"PropertyValueSpecification\",\"valueRequired\":true,\"valueName\":\"search_term_string\"}}],\"inLanguage\":\"fr-FR\"},{\"@type\":\"Person\",\"@id\":\"https:\\\/\\\/dpress.ma\\\/fr\\\/#\\\/schema\\\/person\\\/4898febf3ccd59e6578d838656a306a0\",\"name\":\"Dpress.ma\",\"image\":{\"@type\":\"ImageObject\",\"inLanguage\":\"fr-FR\",\"@id\":\"https:\\\/\\\/secure.gravatar.com\\\/avatar\\\/72ecc30e9db047a2e0e7176561eb9d564ed77c8108376495b19bd8336405198a?s=96&d=mm&r=g\",\"url\":\"https:\\\/\\\/secure.gravatar.com\\\/avatar\\\/72ecc30e9db047a2e0e7176561eb9d564ed77c8108376495b19bd8336405198a?s=96&d=mm&r=g\",\"contentUrl\":\"https:\\\/\\\/secure.gravatar.com\\\/avatar\\\/72ecc30e9db047a2e0e7176561eb9d564ed77c8108376495b19bd8336405198a?s=96&d=mm&r=g\",\"caption\":\"Dpress.ma\"},\"sameAs\":[\"https:\\\/\\\/www.dpress.ma\"],\"url\":\"https:\\\/\\\/dpress.ma\\\/fr\\\/author\\\/dpress-ma\\\/\"}]}<\/script>\n<!-- \/ Yoast SEO plugin. -->","yoast_head_json":{"title":"La coop\u00e9ration scientifique et \u00e9conomique entre le Maroc et l\u2019Allemagne au centre d\u2019un forum \u00e0 D\u00fcsseldorf - Dpress.ma\/fr","robots":{"index":"index","follow":"follow","max-snippet":"max-snippet:-1","max-image-preview":"max-image-preview:large","max-video-preview":"max-video-preview:-1"},"canonical":"https:\/\/dpress.ma\/fr\/2026\/04\/28\/la-cooperation-scientifique-et-economique-entre-le-maroc-et-lallemagne-au-centre-dun-forum-a-dusseldorf\/","og_locale":"fr_FR","og_type":"article","og_title":"La coop\u00e9ration scientifique et \u00e9conomique entre le Maroc et l\u2019Allemagne au centre d\u2019un forum \u00e0 D\u00fcsseldorf - Dpress.ma\/fr","og_description":"Dpress La ville allemande de D\u00fcsseldorf, capitale de la Rh\u00e9nanie-du-Nord-Westphalie, a abrit\u00e9 r\u00e9cemment les travaux du Forum international des \u00e9tudiants et dipl\u00f4m\u00e9s marocains en Allemagne, plac\u00e9 sous le th\u00e8me \u201cLa coop\u00e9ration maroco-allemande dans les domaines des sciences et de l\u2019\u00e9conomie : vers une nouvelle g\u00e9n\u00e9ration de comp\u00e9tences marocaines en Allemagne\u201d. Organis\u00e9 \u00e0 l\u2019initiative de l\u2019Association &hellip;","og_url":"https:\/\/dpress.ma\/fr\/2026\/04\/28\/la-cooperation-scientifique-et-economique-entre-le-maroc-et-lallemagne-au-centre-dun-forum-a-dusseldorf\/","og_site_name":"Dpress.ma\/fr","article_published_time":"2026-04-28T14:55:47+00:00","article_modified_time":"2026-04-28T14:55:52+00:00","og_image":[{"width":2539,"height":1594,"url":"https:\/\/dpress.ma\/fr\/wp-content\/uploads\/sites\/2\/2026\/04\/90.jpg","type":"image\/jpeg"}],"author":"Dpress.ma","twitter_card":"summary_large_image","twitter_misc":{"\u00c9crit par":"Dpress.ma","Dur\u00e9e de lecture estim\u00e9e":"3 minutes"},"schema":{"@context":"https:\/\/schema.org","@graph":[{"@type":"Article","@id":"https:\/\/dpress.ma\/fr\/2026\/04\/28\/la-cooperation-scientifique-et-economique-entre-le-maroc-et-lallemagne-au-centre-dun-forum-a-dusseldorf\/#article","isPartOf":{"@id":"https:\/\/dpress.ma\/fr\/2026\/04\/28\/la-cooperation-scientifique-et-economique-entre-le-maroc-et-lallemagne-au-centre-dun-forum-a-dusseldorf\/"},"author":{"name":"Dpress.ma","@id":"https:\/\/dpress.ma\/fr\/#\/schema\/person\/4898febf3ccd59e6578d838656a306a0"},"headline":"La coop\u00e9ration scientifique et \u00e9conomique entre le Maroc et l\u2019Allemagne au centre d\u2019un forum \u00e0 D\u00fcsseldorf","datePublished":"2026-04-28T14:55:47+00:00","dateModified":"2026-04-28T14:55:52+00:00","mainEntityOfPage":{"@id":"https:\/\/dpress.ma\/fr\/2026\/04\/28\/la-cooperation-scientifique-et-economique-entre-le-maroc-et-lallemagne-au-centre-dun-forum-a-dusseldorf\/"},"wordCount":466,"commentCount":0,"image":{"@id":"https:\/\/dpress.ma\/fr\/2026\/04\/28\/la-cooperation-scientifique-et-economique-entre-le-maroc-et-lallemagne-au-centre-dun-forum-a-dusseldorf\/#primaryimage"},"thumbnailUrl":"https:\/\/dpress.ma\/fr\/wp-content\/uploads\/sites\/2\/2026\/04\/90.jpg","articleSection":["monde"],"inLanguage":"fr-FR","potentialAction":[{"@type":"CommentAction","name":"Comment","target":["https:\/\/dpress.ma\/fr\/2026\/04\/28\/la-cooperation-scientifique-et-economique-entre-le-maroc-et-lallemagne-au-centre-dun-forum-a-dusseldorf\/#respond"]}]},{"@type":"WebPage","@id":"https:\/\/dpress.ma\/fr\/2026\/04\/28\/la-cooperation-scientifique-et-economique-entre-le-maroc-et-lallemagne-au-centre-dun-forum-a-dusseldorf\/","url":"https:\/\/dpress.ma\/fr\/2026\/04\/28\/la-cooperation-scientifique-et-economique-entre-le-maroc-et-lallemagne-au-centre-dun-forum-a-dusseldorf\/","name":"La coop\u00e9ration scientifique et \u00e9conomique entre le Maroc et l\u2019Allemagne au centre d\u2019un forum \u00e0 D\u00fcsseldorf - Dpress.ma\/fr","isPartOf":{"@id":"https:\/\/dpress.ma\/fr\/#website"},"primaryImageOfPage":{"@id":"https:\/\/dpress.ma\/fr\/2026\/04\/28\/la-cooperation-scientifique-et-economique-entre-le-maroc-et-lallemagne-au-centre-dun-forum-a-dusseldorf\/#primaryimage"},"image":{"@id":"https:\/\/dpress.ma\/fr\/2026\/04\/28\/la-cooperation-scientifique-et-economique-entre-le-maroc-et-lallemagne-au-centre-dun-forum-a-dusseldorf\/#primaryimage"},"thumbnailUrl":"https:\/\/dpress.ma\/fr\/wp-content\/uploads\/sites\/2\/2026\/04\/90.jpg","datePublished":"2026-04-28T14:55:47+00:00","dateModified":"2026-04-28T14:55:52+00:00","author":{"@id":"https:\/\/dpress.ma\/fr\/#\/schema\/person\/4898febf3ccd59e6578d838656a306a0"},"breadcrumb":{"@id":"https:\/\/dpress.ma\/fr\/2026\/04\/28\/la-cooperation-scientifique-et-economique-entre-le-maroc-et-lallemagne-au-centre-dun-forum-a-dusseldorf\/#breadcrumb"},"inLanguage":"fr-FR","potentialAction":[{"@type":"ReadAction","target":["https:\/\/dpress.ma\/fr\/2026\/04\/28\/la-cooperation-scientifique-et-economique-entre-le-maroc-et-lallemagne-au-centre-dun-forum-a-dusseldorf\/"]}]},{"@type":"ImageObject","inLanguage":"fr-FR","@id":"https:\/\/dpress.ma\/fr\/2026\/04\/28\/la-cooperation-scientifique-et-economique-entre-le-maroc-et-lallemagne-au-centre-dun-forum-a-dusseldorf\/#primaryimage","url":"https:\/\/dpress.ma\/fr\/wp-content\/uploads\/sites\/2\/2026\/04\/90.jpg","contentUrl":"https:\/\/dpress.ma\/fr\/wp-content\/uploads\/sites\/2\/2026\/04\/90.jpg","width":2539,"height":1594},{"@type":"BreadcrumbList","@id":"https:\/\/dpress.ma\/fr\/2026\/04\/28\/la-cooperation-scientifique-et-economique-entre-le-maroc-et-lallemagne-au-centre-dun-forum-a-dusseldorf\/#breadcrumb","itemListElement":[{"@type":"ListItem","position":1,"name":"Home","item":"https:\/\/dpress.ma\/fr\/"},{"@type":"ListItem","position":2,"name":"La coop\u00e9ration scientifique et \u00e9conomique entre le Maroc et l\u2019Allemagne au centre d\u2019un forum \u00e0 D\u00fcsseldorf"}]},{"@type":"WebSite","@id":"https:\/\/dpress.ma\/fr\/#website","url":"https:\/\/dpress.ma\/fr\/","name":"Dpress.ma\/fr","description":"","potentialAction":[{"@type":"SearchAction","target":{"@type":"EntryPoint","urlTemplate":"https:\/\/dpress.ma\/fr\/?s={search_term_string}"},"query-input":{"@type":"PropertyValueSpecification","valueRequired":true,"valueName":"search_term_string"}}],"inLanguage":"fr-FR"},{"@type":"Person","@id":"https:\/\/dpress.ma\/fr\/#\/schema\/person\/4898febf3ccd59e6578d838656a306a0","name":"Dpress.ma","image":{"@type":"ImageObject","inLanguage":"fr-FR","@id":"https:\/\/secure.gravatar.com\/avatar\/72ecc30e9db047a2e0e7176561eb9d564ed77c8108376495b19bd8336405198a?s=96&d=mm&r=g","url":"https:\/\/secure.gravatar.com\/avatar\/72ecc30e9db047a2e0e7176561eb9d564ed77c8108376495b19bd8336405198a?s=96&d=mm&r=g","contentUrl":"https:\/\/secure.gravatar.com\/avatar\/72ecc30e9db047a2e0e7176561eb9d564ed77c8108376495b19bd8336405198a?s=96&d=mm&r=g","caption":"Dpress.ma"},"sameAs":["https:\/\/www.dpress.ma"],"url":"https:\/\/dpress.ma\/fr\/author\/dpress-ma\/"}]}},"amp_enabled":true,"_links":{"self":[{"href":"https:\/\/dpress.ma\/fr\/wp-json\/wp\/v2\/posts\/29572","targetHints":{"allow":["GET"]}}],"collection":[{"href":"https:\/\/dpress.ma\/fr\/wp-json\/wp\/v2\/posts"}],"about":[{"href":"https:\/\/dpress.ma\/fr\/wp-json\/wp\/v2\/types\/post"}],"author":[{"embeddable":true,"href":"https:\/\/dpress.ma\/fr\/wp-json\/wp\/v2\/users\/2"}],"replies":[{"embeddable":true,"href":"https:\/\/dpress.ma\/fr\/wp-json\/wp\/v2\/comments?post=29572"}],"version-history":[{"count":1,"href":"https:\/\/dpress.ma\/fr\/wp-json\/wp\/v2\/posts\/29572\/revisions"}],"predecessor-version":[{"id":29574,"href":"https:\/\/dpress.ma\/fr\/wp-json\/wp\/v2\/posts\/29572\/revisions\/29574"}],"wp:featuredmedia":[{"embeddable":true,"href":"https:\/\/dpress.ma\/fr\/wp-json\/wp\/v2\/media\/29573"}],"wp:attachment":[{"href":"https:\/\/dpress.ma\/fr\/wp-json\/wp\/v2\/media?parent=29572"}],"wp:term":[{"taxonomy":"category","embeddable":true,"href":"https:\/\/dpress.ma\/fr\/wp-json\/wp\/v2\/categories?post=29572"},{"taxonomy":"post_tag","embeddable":true,"href":"https:\/\/dpress.ma\/fr\/wp-json\/wp\/v2\/tags?post=29572"}],"curies":[{"name":"wp","href":"https:\/\/api.w.org\/{rel}","templated":true}]}}