{"id":29569,"date":"2026-04-28T13:35:20","date_gmt":"2026-04-28T13:35:20","guid":{"rendered":"https:\/\/dpress.ma\/fr\/?p=29569"},"modified":"2026-04-28T13:35:22","modified_gmt":"2026-04-28T13:35:22","slug":"lua-salue-la-contribution-strategique-du-maroc-a-la-paix-a-la-securite-et-a-la-gouvernance-en-afrique","status":"publish","type":"post","link":"https:\/\/dpress.ma\/fr\/2026\/04\/28\/lua-salue-la-contribution-strategique-du-maroc-a-la-paix-a-la-securite-et-a-la-gouvernance-en-afrique\/","title":{"rendered":"L\u2019UA salue la contribution strat\u00e9gique du Maroc \u00e0 la paix, \u00e0 la s\u00e9curit\u00e9 et \u00e0 la gouvernance en Afrique"},"content":{"rendered":"\n<p>Dpress<\/p>\n\n\n\n<p>L\u2019Union Africaine (UA) a salu\u00e9 mardi la contribution strat\u00e9gique du Maroc \u00e0 la paix, \u00e0 la s\u00e9curit\u00e9 et \u00e0 la gouvernance en Afrique.<\/p>\n\n\n\n<p>\u201cL\u2019UA salue la contribution strat\u00e9gique du Maroc \u00e0 la paix, \u00e0 la s\u00e9curit\u00e9 et \u00e0 la gouvernance en Afrique, tout en promouvant conjointement l\u2019int\u00e9grit\u00e9 \u00e9lectorale et la d\u00e9mocratie num\u00e9rique\u201d, a indiqu\u00e9 l\u2019organisation panafricaine dans un tweet publi\u00e9 mardi sur X, \u00e0 l\u2019occasion de la tenue du 20 au 24 avril \u00e0 Rabat de la 5e \u00e9dition de la formation conjointe sp\u00e9cialis\u00e9e pour les observateurs \u00e9lectoraux de l\u2019UA.<\/p>\n\n\n\n<p>Cette formation, reconnue \u00e0 l\u2019\u00e9chelle africaine, marque une \u00e9tape historique en c\u00e9l\u00e9brant une demi-d\u00e9cennie de partenariat strat\u00e9gique entre le Maroc et le D\u00e9partement des Affaires Politiques, de la Paix et de la S\u00e9curit\u00e9 (D-PAPS) de l\u2019UA.<\/p>\n\n\n\n<p>Lanc\u00e9e conjointement en 2022, cette initiative s\u2019est impos\u00e9e comme levier de r\u00e9f\u00e9rence pour le renforcement des capacit\u00e9s \u00e9lectorales et la promotion d\u2019une gouvernance transparente sur le continent.<\/p>\n\n\n\n<p>La 5e Formation des observateurs \u00e9lectoraux a \u00e9t\u00e9 ainsi l\u2019occasion pour l\u2019UA de reconna\u00eetre le leadership du Maroc en faveur de la gouvernance d\u00e9mocratique en Afrique.<\/p>\n","protected":false},"excerpt":{"rendered":"<p>Dpress L\u2019Union Africaine (UA) a salu\u00e9 mardi la contribution strat\u00e9gique du Maroc \u00e0 la paix, \u00e0 la s\u00e9curit\u00e9 et \u00e0 la gouvernance en Afrique. \u201cL\u2019UA salue la contribution strat\u00e9gique du Maroc \u00e0 la paix, \u00e0 la s\u00e9curit\u00e9 et \u00e0 la gouvernance en Afrique, tout en promouvant conjointement l\u2019int\u00e9grit\u00e9 \u00e9lectorale et la d\u00e9mocratie num\u00e9rique\u201d, a indiqu\u00e9 &hellip;<\/p>\n","protected":false},"author":2,"featured_media":29567,"comment_status":"open","ping_status":"open","sticky":false,"template":"","format":"standard","meta":{"footnotes":""},"categories":[42,26],"tags":[],"class_list":["post-29569","post","type-post","status-publish","format-standard","has-post-thumbnail","hentry","category-monde","category-politiques"],"yoast_head":"<!-- This site is optimized with the Yoast SEO plugin v27.4 - https:\/\/yoast.com\/product\/yoast-seo-wordpress\/ -->\n<title>L\u2019UA salue la contribution strat\u00e9gique du Maroc \u00e0 la paix, \u00e0 la s\u00e9curit\u00e9 et \u00e0 la gouvernance en Afrique - Dpress.ma\/fr<\/title>\n<meta name=\"robots\" content=\"index, follow, max-snippet:-1, max-image-preview:large, max-video-preview:-1\" \/>\n<link rel=\"canonical\" href=\"https:\/\/dpress.ma\/fr\/2026\/04\/28\/lua-salue-la-contribution-strategique-du-maroc-a-la-paix-a-la-securite-et-a-la-gouvernance-en-afrique\/\" \/>\n<meta property=\"og:locale\" content=\"fr_FR\" \/>\n<meta property=\"og:type\" content=\"article\" \/>\n<meta property=\"og:title\" content=\"L\u2019UA salue la contribution strat\u00e9gique du Maroc \u00e0 la paix, \u00e0 la s\u00e9curit\u00e9 et \u00e0 la gouvernance en Afrique - Dpress.ma\/fr\" \/>\n<meta property=\"og:description\" content=\"Dpress L\u2019Union Africaine (UA) a salu\u00e9 mardi la contribution strat\u00e9gique du Maroc \u00e0 la paix, \u00e0 la s\u00e9curit\u00e9 et \u00e0 la gouvernance en Afrique. \u201cL\u2019UA salue la contribution strat\u00e9gique du Maroc \u00e0 la paix, \u00e0 la s\u00e9curit\u00e9 et \u00e0 la gouvernance en Afrique, tout en promouvant conjointement l\u2019int\u00e9grit\u00e9 \u00e9lectorale et la d\u00e9mocratie num\u00e9rique\u201d, a indiqu\u00e9 &hellip;\" \/>\n<meta property=\"og:url\" content=\"https:\/\/dpress.ma\/fr\/2026\/04\/28\/lua-salue-la-contribution-strategique-du-maroc-a-la-paix-a-la-securite-et-a-la-gouvernance-en-afrique\/\" \/>\n<meta property=\"og:site_name\" content=\"Dpress.ma\/fr\" \/>\n<meta property=\"article:published_time\" content=\"2026-04-28T13:35:20+00:00\" \/>\n<meta property=\"article:modified_time\" content=\"2026-04-28T13:35:22+00:00\" \/>\n<meta property=\"og:image\" content=\"https:\/\/dpress.ma\/fr\/wp-content\/uploads\/sites\/2\/2026\/04\/80.jpg\" \/>\n\t<meta property=\"og:image:width\" content=\"2539\" \/>\n\t<meta property=\"og:image:height\" content=\"1594\" \/>\n\t<meta property=\"og:image:type\" content=\"image\/jpeg\" \/>\n<meta name=\"author\" content=\"Dpress.ma\" \/>\n<meta name=\"twitter:card\" content=\"summary_large_image\" \/>\n<meta name=\"twitter:label1\" content=\"\u00c9crit par\" \/>\n\t<meta name=\"twitter:data1\" content=\"Dpress.ma\" \/>\n\t<meta name=\"twitter:label2\" content=\"Dur\u00e9e de lecture estim\u00e9e\" \/>\n\t<meta name=\"twitter:data2\" content=\"2 minutes\" \/>\n<script type=\"application\/ld+json\" class=\"yoast-schema-graph\">{\"@context\":\"https:\\\/\\\/schema.org\",\"@graph\":[{\"@type\":\"Article\",\"@id\":\"https:\\\/\\\/dpress.ma\\\/fr\\\/2026\\\/04\\\/28\\\/lua-salue-la-contribution-strategique-du-maroc-a-la-paix-a-la-securite-et-a-la-gouvernance-en-afrique\\\/#article\",\"isPartOf\":{\"@id\":\"https:\\\/\\\/dpress.ma\\\/fr\\\/2026\\\/04\\\/28\\\/lua-salue-la-contribution-strategique-du-maroc-a-la-paix-a-la-securite-et-a-la-gouvernance-en-afrique\\\/\"},\"author\":{\"name\":\"Dpress.ma\",\"@id\":\"https:\\\/\\\/dpress.ma\\\/fr\\\/#\\\/schema\\\/person\\\/4898febf3ccd59e6578d838656a306a0\"},\"headline\":\"L\u2019UA salue la contribution strat\u00e9gique du Maroc \u00e0 la paix, \u00e0 la s\u00e9curit\u00e9 et \u00e0 la gouvernance en Afrique\",\"datePublished\":\"2026-04-28T13:35:20+00:00\",\"dateModified\":\"2026-04-28T13:35:22+00:00\",\"mainEntityOfPage\":{\"@id\":\"https:\\\/\\\/dpress.ma\\\/fr\\\/2026\\\/04\\\/28\\\/lua-salue-la-contribution-strategique-du-maroc-a-la-paix-a-la-securite-et-a-la-gouvernance-en-afrique\\\/\"},\"wordCount\":221,\"commentCount\":0,\"image\":{\"@id\":\"https:\\\/\\\/dpress.ma\\\/fr\\\/2026\\\/04\\\/28\\\/lua-salue-la-contribution-strategique-du-maroc-a-la-paix-a-la-securite-et-a-la-gouvernance-en-afrique\\\/#primaryimage\"},\"thumbnailUrl\":\"https:\\\/\\\/dpress.ma\\\/fr\\\/wp-content\\\/uploads\\\/sites\\\/2\\\/2026\\\/04\\\/80.jpg\",\"articleSection\":[\"monde\",\"Politiques\"],\"inLanguage\":\"fr-FR\",\"potentialAction\":[{\"@type\":\"CommentAction\",\"name\":\"Comment\",\"target\":[\"https:\\\/\\\/dpress.ma\\\/fr\\\/2026\\\/04\\\/28\\\/lua-salue-la-contribution-strategique-du-maroc-a-la-paix-a-la-securite-et-a-la-gouvernance-en-afrique\\\/#respond\"]}]},{\"@type\":\"WebPage\",\"@id\":\"https:\\\/\\\/dpress.ma\\\/fr\\\/2026\\\/04\\\/28\\\/lua-salue-la-contribution-strategique-du-maroc-a-la-paix-a-la-securite-et-a-la-gouvernance-en-afrique\\\/\",\"url\":\"https:\\\/\\\/dpress.ma\\\/fr\\\/2026\\\/04\\\/28\\\/lua-salue-la-contribution-strategique-du-maroc-a-la-paix-a-la-securite-et-a-la-gouvernance-en-afrique\\\/\",\"name\":\"L\u2019UA salue la contribution strat\u00e9gique du Maroc \u00e0 la paix, \u00e0 la s\u00e9curit\u00e9 et \u00e0 la gouvernance en Afrique - Dpress.ma\\\/fr\",\"isPartOf\":{\"@id\":\"https:\\\/\\\/dpress.ma\\\/fr\\\/#website\"},\"primaryImageOfPage\":{\"@id\":\"https:\\\/\\\/dpress.ma\\\/fr\\\/2026\\\/04\\\/28\\\/lua-salue-la-contribution-strategique-du-maroc-a-la-paix-a-la-securite-et-a-la-gouvernance-en-afrique\\\/#primaryimage\"},\"image\":{\"@id\":\"https:\\\/\\\/dpress.ma\\\/fr\\\/2026\\\/04\\\/28\\\/lua-salue-la-contribution-strategique-du-maroc-a-la-paix-a-la-securite-et-a-la-gouvernance-en-afrique\\\/#primaryimage\"},\"thumbnailUrl\":\"https:\\\/\\\/dpress.ma\\\/fr\\\/wp-content\\\/uploads\\\/sites\\\/2\\\/2026\\\/04\\\/80.jpg\",\"datePublished\":\"2026-04-28T13:35:20+00:00\",\"dateModified\":\"2026-04-28T13:35:22+00:00\",\"author\":{\"@id\":\"https:\\\/\\\/dpress.ma\\\/fr\\\/#\\\/schema\\\/person\\\/4898febf3ccd59e6578d838656a306a0\"},\"breadcrumb\":{\"@id\":\"https:\\\/\\\/dpress.ma\\\/fr\\\/2026\\\/04\\\/28\\\/lua-salue-la-contribution-strategique-du-maroc-a-la-paix-a-la-securite-et-a-la-gouvernance-en-afrique\\\/#breadcrumb\"},\"inLanguage\":\"fr-FR\",\"potentialAction\":[{\"@type\":\"ReadAction\",\"target\":[\"https:\\\/\\\/dpress.ma\\\/fr\\\/2026\\\/04\\\/28\\\/lua-salue-la-contribution-strategique-du-maroc-a-la-paix-a-la-securite-et-a-la-gouvernance-en-afrique\\\/\"]}]},{\"@type\":\"ImageObject\",\"inLanguage\":\"fr-FR\",\"@id\":\"https:\\\/\\\/dpress.ma\\\/fr\\\/2026\\\/04\\\/28\\\/lua-salue-la-contribution-strategique-du-maroc-a-la-paix-a-la-securite-et-a-la-gouvernance-en-afrique\\\/#primaryimage\",\"url\":\"https:\\\/\\\/dpress.ma\\\/fr\\\/wp-content\\\/uploads\\\/sites\\\/2\\\/2026\\\/04\\\/80.jpg\",\"contentUrl\":\"https:\\\/\\\/dpress.ma\\\/fr\\\/wp-content\\\/uploads\\\/sites\\\/2\\\/2026\\\/04\\\/80.jpg\",\"width\":2539,\"height\":1594},{\"@type\":\"BreadcrumbList\",\"@id\":\"https:\\\/\\\/dpress.ma\\\/fr\\\/2026\\\/04\\\/28\\\/lua-salue-la-contribution-strategique-du-maroc-a-la-paix-a-la-securite-et-a-la-gouvernance-en-afrique\\\/#breadcrumb\",\"itemListElement\":[{\"@type\":\"ListItem\",\"position\":1,\"name\":\"Home\",\"item\":\"https:\\\/\\\/dpress.ma\\\/fr\\\/\"},{\"@type\":\"ListItem\",\"position\":2,\"name\":\"L\u2019UA salue la contribution strat\u00e9gique du Maroc \u00e0 la paix, \u00e0 la s\u00e9curit\u00e9 et \u00e0 la gouvernance en Afrique\"}]},{\"@type\":\"WebSite\",\"@id\":\"https:\\\/\\\/dpress.ma\\\/fr\\\/#website\",\"url\":\"https:\\\/\\\/dpress.ma\\\/fr\\\/\",\"name\":\"Dpress.ma\\\/fr\",\"description\":\"\",\"potentialAction\":[{\"@type\":\"SearchAction\",\"target\":{\"@type\":\"EntryPoint\",\"urlTemplate\":\"https:\\\/\\\/dpress.ma\\\/fr\\\/?s={search_term_string}\"},\"query-input\":{\"@type\":\"PropertyValueSpecification\",\"valueRequired\":true,\"valueName\":\"search_term_string\"}}],\"inLanguage\":\"fr-FR\"},{\"@type\":\"Person\",\"@id\":\"https:\\\/\\\/dpress.ma\\\/fr\\\/#\\\/schema\\\/person\\\/4898febf3ccd59e6578d838656a306a0\",\"name\":\"Dpress.ma\",\"image\":{\"@type\":\"ImageObject\",\"inLanguage\":\"fr-FR\",\"@id\":\"https:\\\/\\\/secure.gravatar.com\\\/avatar\\\/72ecc30e9db047a2e0e7176561eb9d564ed77c8108376495b19bd8336405198a?s=96&d=mm&r=g\",\"url\":\"https:\\\/\\\/secure.gravatar.com\\\/avatar\\\/72ecc30e9db047a2e0e7176561eb9d564ed77c8108376495b19bd8336405198a?s=96&d=mm&r=g\",\"contentUrl\":\"https:\\\/\\\/secure.gravatar.com\\\/avatar\\\/72ecc30e9db047a2e0e7176561eb9d564ed77c8108376495b19bd8336405198a?s=96&d=mm&r=g\",\"caption\":\"Dpress.ma\"},\"sameAs\":[\"https:\\\/\\\/www.dpress.ma\"],\"url\":\"https:\\\/\\\/dpress.ma\\\/fr\\\/author\\\/dpress-ma\\\/\"}]}<\/script>\n<!-- \/ Yoast SEO plugin. -->","yoast_head_json":{"title":"L\u2019UA salue la contribution strat\u00e9gique du Maroc \u00e0 la paix, \u00e0 la s\u00e9curit\u00e9 et \u00e0 la gouvernance en Afrique - Dpress.ma\/fr","robots":{"index":"index","follow":"follow","max-snippet":"max-snippet:-1","max-image-preview":"max-image-preview:large","max-video-preview":"max-video-preview:-1"},"canonical":"https:\/\/dpress.ma\/fr\/2026\/04\/28\/lua-salue-la-contribution-strategique-du-maroc-a-la-paix-a-la-securite-et-a-la-gouvernance-en-afrique\/","og_locale":"fr_FR","og_type":"article","og_title":"L\u2019UA salue la contribution strat\u00e9gique du Maroc \u00e0 la paix, \u00e0 la s\u00e9curit\u00e9 et \u00e0 la gouvernance en Afrique - Dpress.ma\/fr","og_description":"Dpress L\u2019Union Africaine (UA) a salu\u00e9 mardi la contribution strat\u00e9gique du Maroc \u00e0 la paix, \u00e0 la s\u00e9curit\u00e9 et \u00e0 la gouvernance en Afrique. \u201cL\u2019UA salue la contribution strat\u00e9gique du Maroc \u00e0 la paix, \u00e0 la s\u00e9curit\u00e9 et \u00e0 la gouvernance en Afrique, tout en promouvant conjointement l\u2019int\u00e9grit\u00e9 \u00e9lectorale et la d\u00e9mocratie num\u00e9rique\u201d, a indiqu\u00e9 &hellip;","og_url":"https:\/\/dpress.ma\/fr\/2026\/04\/28\/lua-salue-la-contribution-strategique-du-maroc-a-la-paix-a-la-securite-et-a-la-gouvernance-en-afrique\/","og_site_name":"Dpress.ma\/fr","article_published_time":"2026-04-28T13:35:20+00:00","article_modified_time":"2026-04-28T13:35:22+00:00","og_image":[{"width":2539,"height":1594,"url":"https:\/\/dpress.ma\/fr\/wp-content\/uploads\/sites\/2\/2026\/04\/80.jpg","type":"image\/jpeg"}],"author":"Dpress.ma","twitter_card":"summary_large_image","twitter_misc":{"\u00c9crit par":"Dpress.ma","Dur\u00e9e de lecture estim\u00e9e":"2 minutes"},"schema":{"@context":"https:\/\/schema.org","@graph":[{"@type":"Article","@id":"https:\/\/dpress.ma\/fr\/2026\/04\/28\/lua-salue-la-contribution-strategique-du-maroc-a-la-paix-a-la-securite-et-a-la-gouvernance-en-afrique\/#article","isPartOf":{"@id":"https:\/\/dpress.ma\/fr\/2026\/04\/28\/lua-salue-la-contribution-strategique-du-maroc-a-la-paix-a-la-securite-et-a-la-gouvernance-en-afrique\/"},"author":{"name":"Dpress.ma","@id":"https:\/\/dpress.ma\/fr\/#\/schema\/person\/4898febf3ccd59e6578d838656a306a0"},"headline":"L\u2019UA salue la contribution strat\u00e9gique du Maroc \u00e0 la paix, \u00e0 la s\u00e9curit\u00e9 et \u00e0 la gouvernance en Afrique","datePublished":"2026-04-28T13:35:20+00:00","dateModified":"2026-04-28T13:35:22+00:00","mainEntityOfPage":{"@id":"https:\/\/dpress.ma\/fr\/2026\/04\/28\/lua-salue-la-contribution-strategique-du-maroc-a-la-paix-a-la-securite-et-a-la-gouvernance-en-afrique\/"},"wordCount":221,"commentCount":0,"image":{"@id":"https:\/\/dpress.ma\/fr\/2026\/04\/28\/lua-salue-la-contribution-strategique-du-maroc-a-la-paix-a-la-securite-et-a-la-gouvernance-en-afrique\/#primaryimage"},"thumbnailUrl":"https:\/\/dpress.ma\/fr\/wp-content\/uploads\/sites\/2\/2026\/04\/80.jpg","articleSection":["monde","Politiques"],"inLanguage":"fr-FR","potentialAction":[{"@type":"CommentAction","name":"Comment","target":["https:\/\/dpress.ma\/fr\/2026\/04\/28\/lua-salue-la-contribution-strategique-du-maroc-a-la-paix-a-la-securite-et-a-la-gouvernance-en-afrique\/#respond"]}]},{"@type":"WebPage","@id":"https:\/\/dpress.ma\/fr\/2026\/04\/28\/lua-salue-la-contribution-strategique-du-maroc-a-la-paix-a-la-securite-et-a-la-gouvernance-en-afrique\/","url":"https:\/\/dpress.ma\/fr\/2026\/04\/28\/lua-salue-la-contribution-strategique-du-maroc-a-la-paix-a-la-securite-et-a-la-gouvernance-en-afrique\/","name":"L\u2019UA salue la contribution strat\u00e9gique du Maroc \u00e0 la paix, \u00e0 la s\u00e9curit\u00e9 et \u00e0 la gouvernance en Afrique - Dpress.ma\/fr","isPartOf":{"@id":"https:\/\/dpress.ma\/fr\/#website"},"primaryImageOfPage":{"@id":"https:\/\/dpress.ma\/fr\/2026\/04\/28\/lua-salue-la-contribution-strategique-du-maroc-a-la-paix-a-la-securite-et-a-la-gouvernance-en-afrique\/#primaryimage"},"image":{"@id":"https:\/\/dpress.ma\/fr\/2026\/04\/28\/lua-salue-la-contribution-strategique-du-maroc-a-la-paix-a-la-securite-et-a-la-gouvernance-en-afrique\/#primaryimage"},"thumbnailUrl":"https:\/\/dpress.ma\/fr\/wp-content\/uploads\/sites\/2\/2026\/04\/80.jpg","datePublished":"2026-04-28T13:35:20+00:00","dateModified":"2026-04-28T13:35:22+00:00","author":{"@id":"https:\/\/dpress.ma\/fr\/#\/schema\/person\/4898febf3ccd59e6578d838656a306a0"},"breadcrumb":{"@id":"https:\/\/dpress.ma\/fr\/2026\/04\/28\/lua-salue-la-contribution-strategique-du-maroc-a-la-paix-a-la-securite-et-a-la-gouvernance-en-afrique\/#breadcrumb"},"inLanguage":"fr-FR","potentialAction":[{"@type":"ReadAction","target":["https:\/\/dpress.ma\/fr\/2026\/04\/28\/lua-salue-la-contribution-strategique-du-maroc-a-la-paix-a-la-securite-et-a-la-gouvernance-en-afrique\/"]}]},{"@type":"ImageObject","inLanguage":"fr-FR","@id":"https:\/\/dpress.ma\/fr\/2026\/04\/28\/lua-salue-la-contribution-strategique-du-maroc-a-la-paix-a-la-securite-et-a-la-gouvernance-en-afrique\/#primaryimage","url":"https:\/\/dpress.ma\/fr\/wp-content\/uploads\/sites\/2\/2026\/04\/80.jpg","contentUrl":"https:\/\/dpress.ma\/fr\/wp-content\/uploads\/sites\/2\/2026\/04\/80.jpg","width":2539,"height":1594},{"@type":"BreadcrumbList","@id":"https:\/\/dpress.ma\/fr\/2026\/04\/28\/lua-salue-la-contribution-strategique-du-maroc-a-la-paix-a-la-securite-et-a-la-gouvernance-en-afrique\/#breadcrumb","itemListElement":[{"@type":"ListItem","position":1,"name":"Home","item":"https:\/\/dpress.ma\/fr\/"},{"@type":"ListItem","position":2,"name":"L\u2019UA salue la contribution strat\u00e9gique du Maroc \u00e0 la paix, \u00e0 la s\u00e9curit\u00e9 et \u00e0 la gouvernance en Afrique"}]},{"@type":"WebSite","@id":"https:\/\/dpress.ma\/fr\/#website","url":"https:\/\/dpress.ma\/fr\/","name":"Dpress.ma\/fr","description":"","potentialAction":[{"@type":"SearchAction","target":{"@type":"EntryPoint","urlTemplate":"https:\/\/dpress.ma\/fr\/?s={search_term_string}"},"query-input":{"@type":"PropertyValueSpecification","valueRequired":true,"valueName":"search_term_string"}}],"inLanguage":"fr-FR"},{"@type":"Person","@id":"https:\/\/dpress.ma\/fr\/#\/schema\/person\/4898febf3ccd59e6578d838656a306a0","name":"Dpress.ma","image":{"@type":"ImageObject","inLanguage":"fr-FR","@id":"https:\/\/secure.gravatar.com\/avatar\/72ecc30e9db047a2e0e7176561eb9d564ed77c8108376495b19bd8336405198a?s=96&d=mm&r=g","url":"https:\/\/secure.gravatar.com\/avatar\/72ecc30e9db047a2e0e7176561eb9d564ed77c8108376495b19bd8336405198a?s=96&d=mm&r=g","contentUrl":"https:\/\/secure.gravatar.com\/avatar\/72ecc30e9db047a2e0e7176561eb9d564ed77c8108376495b19bd8336405198a?s=96&d=mm&r=g","caption":"Dpress.ma"},"sameAs":["https:\/\/www.dpress.ma"],"url":"https:\/\/dpress.ma\/fr\/author\/dpress-ma\/"}]}},"amp_enabled":true,"_links":{"self":[{"href":"https:\/\/dpress.ma\/fr\/wp-json\/wp\/v2\/posts\/29569","targetHints":{"allow":["GET"]}}],"collection":[{"href":"https:\/\/dpress.ma\/fr\/wp-json\/wp\/v2\/posts"}],"about":[{"href":"https:\/\/dpress.ma\/fr\/wp-json\/wp\/v2\/types\/post"}],"author":[{"embeddable":true,"href":"https:\/\/dpress.ma\/fr\/wp-json\/wp\/v2\/users\/2"}],"replies":[{"embeddable":true,"href":"https:\/\/dpress.ma\/fr\/wp-json\/wp\/v2\/comments?post=29569"}],"version-history":[{"count":1,"href":"https:\/\/dpress.ma\/fr\/wp-json\/wp\/v2\/posts\/29569\/revisions"}],"predecessor-version":[{"id":29570,"href":"https:\/\/dpress.ma\/fr\/wp-json\/wp\/v2\/posts\/29569\/revisions\/29570"}],"wp:featuredmedia":[{"embeddable":true,"href":"https:\/\/dpress.ma\/fr\/wp-json\/wp\/v2\/media\/29567"}],"wp:attachment":[{"href":"https:\/\/dpress.ma\/fr\/wp-json\/wp\/v2\/media?parent=29569"}],"wp:term":[{"taxonomy":"category","embeddable":true,"href":"https:\/\/dpress.ma\/fr\/wp-json\/wp\/v2\/categories?post=29569"},{"taxonomy":"post_tag","embeddable":true,"href":"https:\/\/dpress.ma\/fr\/wp-json\/wp\/v2\/tags?post=29569"}],"curies":[{"name":"wp","href":"https:\/\/api.w.org\/{rel}","templated":true}]}}