{"id":29545,"date":"2026-04-28T11:20:45","date_gmt":"2026-04-28T11:20:45","guid":{"rendered":"https:\/\/dpress.ma\/fr\/?p=29545"},"modified":"2026-04-28T11:20:49","modified_gmt":"2026-04-28T11:20:49","slug":"fes-le-dg-de-lires-pour-une-gouvernance-de-lia-souveraine-anticipatrice-et-participative","status":"publish","type":"post","link":"https:\/\/dpress.ma\/fr\/2026\/04\/28\/fes-le-dg-de-lires-pour-une-gouvernance-de-lia-souveraine-anticipatrice-et-participative\/","title":{"rendered":"F\u00e8s: Le DG de l\u2019IRES pour une gouvernance de l\u2019IA \u201dsouveraine, anticipatrice et participative\u201d"},"content":{"rendered":"\n<p>Dpress<\/p>\n\n\n\n<p>Le Directeur G\u00e9n\u00e9ral de l\u2019Institut Royal des Etudes Strat\u00e9giques (IRES), Mohammed Tawfik Mouline, a soulign\u00e9, lundi \u00e0 F\u00e8s, la n\u00e9cessit\u00e9 de promouvoir une gouvernance de l\u2019intelligence artificielle, qui soit \u00e0 la fois \u201dsouveraine, anticipatrice et participative\u201d.<\/p>\n\n\n\n<p>\u201dL\u2019IA doit prot\u00e9ger les int\u00e9r\u00eats vitaux, les valeurs et les sp\u00e9cificit\u00e9s des Nations, int\u00e9grer les impacts futurs sur l\u2019emploi, la science, les secteurs \u00e9conomiques et la coh\u00e9sion sociale, et associer les institutions, les universit\u00e9s, les entreprises et les citoyens \u00e0 la d\u00e9finition des usages souhaitables de cette technologie\u201d, a expliqu\u00e9 M. Tawfik Mouline, qui intervenait \u00e0 une pl\u00e9ni\u00e8re dans le cadre des Rencontres de l\u2019Universit\u00e9 euro-m\u00e9diterran\u00e9enne de F\u00e8s sur l\u2019alliance des civilisations, qui se sont ouvertes lundi.<\/p>\n\n\n\n<p>Dans un contexte international travers\u00e9 par de fortes tensions g\u00e9opolitiques, \u00e9conomiques, sociales et culturelles, a-t-il estim\u00e9, l\u2019intelligence artificielle peut ainsi devenir soit un support de dialogue entre les civilisations, soit un acc\u00e9l\u00e9rateur de conflictualit\u00e9s.<\/p>\n\n\n\n<p>Pour faire de l\u2019intelligence artificielle un v\u00e9ritable levier au service de l\u2019alliance des civilisations, le DG de l\u2019IRES a recommand\u00e9 notamment de fonder le d\u00e9veloppement de l\u2019intelligence artificielle sur un socle \u00e9thique universel, ax\u00e9 sur la dignit\u00e9 humaine, les droits fondamentaux, l\u2019\u00e9galit\u00e9 et le respect de la diversit\u00e9 culturelle.<\/p>\n\n\n\n<p>Il a soulign\u00e9, dans ce cadre, la n\u00e9cessit\u00e9 de mettre en place une gouvernance internationale inclusive de l\u2019intelligence artificielle, bas\u00e9e sur le multilat\u00e9ralisme et ouverte \u00e0 l\u2019ensemble des parties prenantes et garantir l\u2019int\u00e9gration effective de la pluralit\u00e9 des langues, des cultures et des r\u00e9f\u00e9rents civilisationnels dans la conception, l\u2019entra\u00eenement et le d\u00e9ploiement des syst\u00e8mes d\u2019intelligence artificielle.<\/p>\n\n\n\n<p>Il s\u2019agit aussi, selon lui, d\u2019orienter prioritairement l\u2019intelligence artificielle vers des usages favorisant le dialogue interculturel, l\u2019\u00e9ducation, la traduction, la circulation des savoirs et la pr\u00e9servation du patrimoine humain, en soumettant \u00e0 un encadrement rigoureux les usages de l\u2019IA susceptibles de nourrir la d\u00e9sinformation, les discours de haine, les manipulations informationnelles et la polarisation des soci\u00e9t\u00e9s.<\/p>\n\n\n\n<p>M. Tawfik Mouline a mis l\u2019accent sur la n\u00e9cessit\u00e9 de d\u00e9velopper une \u00e9ducation critique au num\u00e9rique et \u00e0 l\u2019intelligence artificielle, propre \u00e0 renforcer le discernement, la responsabilit\u00e9 et la culture du dialogue, favoriser une coop\u00e9ration entre les communaut\u00e9s scientifiques et techniques, les sciences humaines et sociales, les institutions \u00e9ducatives, les acteurs culturels et les responsables publics et faire de l\u2019intelligence artificielle un instrument au service de la paix, de la coop\u00e9ration et de la confiance entre les peuples.<\/p>\n\n\n\n<p>Et de poursuivre qu\u2019il importe non seulement de r\u00e9guler l\u2019intelligence artificielle, mais aussi de faire en sorte que le progr\u00e8s technique demeure au service de l\u2019humanit\u00e9, du dialogue entre les peuples, de la pr\u00e9servation des biens communs et de la construction d\u2019un avenir partag\u00e9.<\/p>\n\n\n\n<p>L\u2019intelligence artificielle ne doit pas seulement \u00eatre puissante ou efficace, mais aussi juste et digne de confiance, a-t-il conclu.<\/p>\n\n\n\n<p>De son c\u00f4t\u00e9, le secr\u00e9taire perp\u00e9tuel de l\u2019Acad\u00e9mie Hassan II des sciences et techniques, Omar Fassi Fihri a indiqu\u00e9 que l\u2019IA, \u2013probablement la technologie la plus transformatrice de l\u2019histoire humaine r\u00e9cente -comme toute technologie de rupture- amplifie les capacit\u00e9s et aussi les risques\u201d.<\/p>\n\n\n\n<p>L\u2019IA s\u2019impose comme une technologie \u00e0 usage g\u00e9n\u00e9ral au m\u00eame titre que l\u2019\u00e9lectricit\u00e9 et Internet, capable de transformer simultan\u00e9ment l\u2019\u00e9conomie, la science et les structures sociales, a-t-il not\u00e9, relevant que pour le Maroc, la question n\u2019est pas seulement technologique, mais strat\u00e9gique, civilisationnelle et souveraine.<\/p>\n\n\n\n<p>Pour lui, les enjeux strat\u00e9giques pour la civilisation humaine reposent sur un cadre global et une gouvernance mondiale de l\u2019IA, une souverainet\u00e9 scientifique permettant la maitrise des donn\u00e9es, des mod\u00e8les et des infrastructures et un investissement dans le capital humain, outre une \u00e9thique transcendante.<\/p>\n\n\n\n<p>\u00c0 l\u2019\u00e8re de l\u2019IA, a-t-il relev\u00e9, la v\u00e9ritable richesse des nations ne r\u00e9sidera pas seulement dans leur richesse naturelle, mais dans leur capacit\u00e9 \u00e0 former des intelligences humaines capables de comprendre, d\u2019innover et de gouverner les technologies de demain.<\/p>\n\n\n\n<p>L\u2019avenir de la civilisation humaine sera d\u00e9termin\u00e9 ainsi par la mani\u00e8re dont les pays choisiront de les int\u00e9grer dans leurs projets de soci\u00e9t\u00e9, a dit M. Omar Fassi Fihri.<\/p>\n\n\n\n<p>Les Rencontres de l\u2019Universit\u00e9 euro-m\u00e9diterran\u00e9enne de F\u00e8s sur l\u2019Alliance des civilisations, organis\u00e9es sur deux jours sous le Haut Patronage de Sa Majest\u00e9 le Roi Mohammed VI, sous le th\u00e8me \u201cL\u2019avenir de la civilisation humaine \u00e0 l\u2019\u00e9preuve de l\u2019intelligence artificielle\u201d, r\u00e9unissent des personnalit\u00e9s acad\u00e9miques, scientifiques et diplomatiques de haut niveau issues des cinq continents, ainsi que plus de 1.400 jeunes repr\u00e9sentant pr\u00e8s de 50 pays.<\/p>\n\n\n\n<p>Cet \u00e9v\u00e9nement, initi\u00e9 par l\u2019Universit\u00e9 euro-m\u00e9diterran\u00e9enne de F\u00e8s en collaboration avec la Chaire des Nations unies pour l\u2019Alliance des civilisations, la Ligue islamique mondiale et l\u2019Alliance des civilisations des Nations unies, ambitionne de constituer une plateforme strat\u00e9gique de dialogue et de r\u00e9flexion sur les grandes mutations impos\u00e9es par l\u2019intelligence artificielle.<\/p>\n","protected":false},"excerpt":{"rendered":"<p>Dpress Le Directeur G\u00e9n\u00e9ral de l\u2019Institut Royal des Etudes Strat\u00e9giques (IRES), Mohammed Tawfik Mouline, a soulign\u00e9, lundi \u00e0 F\u00e8s, la n\u00e9cessit\u00e9 de promouvoir une gouvernance de l\u2019intelligence artificielle, qui soit \u00e0 la fois \u201dsouveraine, anticipatrice et participative\u201d. \u201dL\u2019IA doit prot\u00e9ger les int\u00e9r\u00eats vitaux, les valeurs et les sp\u00e9cificit\u00e9s des Nations, int\u00e9grer les impacts futurs sur &hellip;<\/p>\n","protected":false},"author":2,"featured_media":29546,"comment_status":"open","ping_status":"open","sticky":false,"template":"","format":"standard","meta":{"footnotes":""},"categories":[40],"tags":[],"class_list":["post-29545","post","type-post","status-publish","format-standard","has-post-thumbnail","hentry","category-societe-et-regions"],"yoast_head":"<!-- This site is optimized with the Yoast SEO plugin v27.4 - https:\/\/yoast.com\/product\/yoast-seo-wordpress\/ -->\n<title>F\u00e8s: Le DG de l\u2019IRES pour une gouvernance de l\u2019IA \u201dsouveraine, anticipatrice et participative\u201d - Dpress.ma\/fr<\/title>\n<meta name=\"robots\" content=\"index, follow, max-snippet:-1, max-image-preview:large, max-video-preview:-1\" \/>\n<link rel=\"canonical\" href=\"https:\/\/dpress.ma\/fr\/2026\/04\/28\/fes-le-dg-de-lires-pour-une-gouvernance-de-lia-souveraine-anticipatrice-et-participative\/\" \/>\n<meta property=\"og:locale\" content=\"fr_FR\" \/>\n<meta property=\"og:type\" content=\"article\" \/>\n<meta property=\"og:title\" content=\"F\u00e8s: Le DG de l\u2019IRES pour une gouvernance de l\u2019IA \u201dsouveraine, anticipatrice et participative\u201d - Dpress.ma\/fr\" \/>\n<meta property=\"og:description\" content=\"Dpress Le Directeur G\u00e9n\u00e9ral de l\u2019Institut Royal des Etudes Strat\u00e9giques (IRES), Mohammed Tawfik Mouline, a soulign\u00e9, lundi \u00e0 F\u00e8s, la n\u00e9cessit\u00e9 de promouvoir une gouvernance de l\u2019intelligence artificielle, qui soit \u00e0 la fois \u201dsouveraine, anticipatrice et participative\u201d. \u201dL\u2019IA doit prot\u00e9ger les int\u00e9r\u00eats vitaux, les valeurs et les sp\u00e9cificit\u00e9s des Nations, int\u00e9grer les impacts futurs sur &hellip;\" \/>\n<meta property=\"og:url\" content=\"https:\/\/dpress.ma\/fr\/2026\/04\/28\/fes-le-dg-de-lires-pour-une-gouvernance-de-lia-souveraine-anticipatrice-et-participative\/\" \/>\n<meta property=\"og:site_name\" content=\"Dpress.ma\/fr\" \/>\n<meta property=\"article:published_time\" content=\"2026-04-28T11:20:45+00:00\" \/>\n<meta property=\"article:modified_time\" content=\"2026-04-28T11:20:49+00:00\" \/>\n<meta property=\"og:image\" content=\"https:\/\/dpress.ma\/fr\/wp-content\/uploads\/sites\/2\/2026\/04\/65-2.jpg\" \/>\n\t<meta property=\"og:image:width\" content=\"2539\" \/>\n\t<meta property=\"og:image:height\" content=\"1594\" \/>\n\t<meta property=\"og:image:type\" content=\"image\/jpeg\" \/>\n<meta name=\"author\" content=\"Dpress.ma\" \/>\n<meta name=\"twitter:card\" content=\"summary_large_image\" \/>\n<meta name=\"twitter:label1\" content=\"\u00c9crit par\" \/>\n\t<meta name=\"twitter:data1\" content=\"Dpress.ma\" \/>\n\t<meta name=\"twitter:label2\" content=\"Dur\u00e9e de lecture estim\u00e9e\" \/>\n\t<meta name=\"twitter:data2\" content=\"5 minutes\" \/>\n<script type=\"application\/ld+json\" class=\"yoast-schema-graph\">{\"@context\":\"https:\\\/\\\/schema.org\",\"@graph\":[{\"@type\":\"Article\",\"@id\":\"https:\\\/\\\/dpress.ma\\\/fr\\\/2026\\\/04\\\/28\\\/fes-le-dg-de-lires-pour-une-gouvernance-de-lia-souveraine-anticipatrice-et-participative\\\/#article\",\"isPartOf\":{\"@id\":\"https:\\\/\\\/dpress.ma\\\/fr\\\/2026\\\/04\\\/28\\\/fes-le-dg-de-lires-pour-une-gouvernance-de-lia-souveraine-anticipatrice-et-participative\\\/\"},\"author\":{\"name\":\"Dpress.ma\",\"@id\":\"https:\\\/\\\/dpress.ma\\\/fr\\\/#\\\/schema\\\/person\\\/4898febf3ccd59e6578d838656a306a0\"},\"headline\":\"F\u00e8s: Le DG de l\u2019IRES pour une gouvernance de l\u2019IA \u201dsouveraine, anticipatrice et participative\u201d\",\"datePublished\":\"2026-04-28T11:20:45+00:00\",\"dateModified\":\"2026-04-28T11:20:49+00:00\",\"mainEntityOfPage\":{\"@id\":\"https:\\\/\\\/dpress.ma\\\/fr\\\/2026\\\/04\\\/28\\\/fes-le-dg-de-lires-pour-une-gouvernance-de-lia-souveraine-anticipatrice-et-participative\\\/\"},\"wordCount\":902,\"commentCount\":0,\"image\":{\"@id\":\"https:\\\/\\\/dpress.ma\\\/fr\\\/2026\\\/04\\\/28\\\/fes-le-dg-de-lires-pour-une-gouvernance-de-lia-souveraine-anticipatrice-et-participative\\\/#primaryimage\"},\"thumbnailUrl\":\"https:\\\/\\\/dpress.ma\\\/fr\\\/wp-content\\\/uploads\\\/sites\\\/2\\\/2026\\\/04\\\/65-2.jpg\",\"articleSection\":[\"societe et regions\"],\"inLanguage\":\"fr-FR\",\"potentialAction\":[{\"@type\":\"CommentAction\",\"name\":\"Comment\",\"target\":[\"https:\\\/\\\/dpress.ma\\\/fr\\\/2026\\\/04\\\/28\\\/fes-le-dg-de-lires-pour-une-gouvernance-de-lia-souveraine-anticipatrice-et-participative\\\/#respond\"]}]},{\"@type\":\"WebPage\",\"@id\":\"https:\\\/\\\/dpress.ma\\\/fr\\\/2026\\\/04\\\/28\\\/fes-le-dg-de-lires-pour-une-gouvernance-de-lia-souveraine-anticipatrice-et-participative\\\/\",\"url\":\"https:\\\/\\\/dpress.ma\\\/fr\\\/2026\\\/04\\\/28\\\/fes-le-dg-de-lires-pour-une-gouvernance-de-lia-souveraine-anticipatrice-et-participative\\\/\",\"name\":\"F\u00e8s: Le DG de l\u2019IRES pour une gouvernance de l\u2019IA \u201dsouveraine, anticipatrice et participative\u201d - Dpress.ma\\\/fr\",\"isPartOf\":{\"@id\":\"https:\\\/\\\/dpress.ma\\\/fr\\\/#website\"},\"primaryImageOfPage\":{\"@id\":\"https:\\\/\\\/dpress.ma\\\/fr\\\/2026\\\/04\\\/28\\\/fes-le-dg-de-lires-pour-une-gouvernance-de-lia-souveraine-anticipatrice-et-participative\\\/#primaryimage\"},\"image\":{\"@id\":\"https:\\\/\\\/dpress.ma\\\/fr\\\/2026\\\/04\\\/28\\\/fes-le-dg-de-lires-pour-une-gouvernance-de-lia-souveraine-anticipatrice-et-participative\\\/#primaryimage\"},\"thumbnailUrl\":\"https:\\\/\\\/dpress.ma\\\/fr\\\/wp-content\\\/uploads\\\/sites\\\/2\\\/2026\\\/04\\\/65-2.jpg\",\"datePublished\":\"2026-04-28T11:20:45+00:00\",\"dateModified\":\"2026-04-28T11:20:49+00:00\",\"author\":{\"@id\":\"https:\\\/\\\/dpress.ma\\\/fr\\\/#\\\/schema\\\/person\\\/4898febf3ccd59e6578d838656a306a0\"},\"breadcrumb\":{\"@id\":\"https:\\\/\\\/dpress.ma\\\/fr\\\/2026\\\/04\\\/28\\\/fes-le-dg-de-lires-pour-une-gouvernance-de-lia-souveraine-anticipatrice-et-participative\\\/#breadcrumb\"},\"inLanguage\":\"fr-FR\",\"potentialAction\":[{\"@type\":\"ReadAction\",\"target\":[\"https:\\\/\\\/dpress.ma\\\/fr\\\/2026\\\/04\\\/28\\\/fes-le-dg-de-lires-pour-une-gouvernance-de-lia-souveraine-anticipatrice-et-participative\\\/\"]}]},{\"@type\":\"ImageObject\",\"inLanguage\":\"fr-FR\",\"@id\":\"https:\\\/\\\/dpress.ma\\\/fr\\\/2026\\\/04\\\/28\\\/fes-le-dg-de-lires-pour-une-gouvernance-de-lia-souveraine-anticipatrice-et-participative\\\/#primaryimage\",\"url\":\"https:\\\/\\\/dpress.ma\\\/fr\\\/wp-content\\\/uploads\\\/sites\\\/2\\\/2026\\\/04\\\/65-2.jpg\",\"contentUrl\":\"https:\\\/\\\/dpress.ma\\\/fr\\\/wp-content\\\/uploads\\\/sites\\\/2\\\/2026\\\/04\\\/65-2.jpg\",\"width\":2539,\"height\":1594},{\"@type\":\"BreadcrumbList\",\"@id\":\"https:\\\/\\\/dpress.ma\\\/fr\\\/2026\\\/04\\\/28\\\/fes-le-dg-de-lires-pour-une-gouvernance-de-lia-souveraine-anticipatrice-et-participative\\\/#breadcrumb\",\"itemListElement\":[{\"@type\":\"ListItem\",\"position\":1,\"name\":\"Home\",\"item\":\"https:\\\/\\\/dpress.ma\\\/fr\\\/\"},{\"@type\":\"ListItem\",\"position\":2,\"name\":\"F\u00e8s: Le DG de l\u2019IRES pour une gouvernance de l\u2019IA \u201dsouveraine, anticipatrice et participative\u201d\"}]},{\"@type\":\"WebSite\",\"@id\":\"https:\\\/\\\/dpress.ma\\\/fr\\\/#website\",\"url\":\"https:\\\/\\\/dpress.ma\\\/fr\\\/\",\"name\":\"Dpress.ma\\\/fr\",\"description\":\"\",\"potentialAction\":[{\"@type\":\"SearchAction\",\"target\":{\"@type\":\"EntryPoint\",\"urlTemplate\":\"https:\\\/\\\/dpress.ma\\\/fr\\\/?s={search_term_string}\"},\"query-input\":{\"@type\":\"PropertyValueSpecification\",\"valueRequired\":true,\"valueName\":\"search_term_string\"}}],\"inLanguage\":\"fr-FR\"},{\"@type\":\"Person\",\"@id\":\"https:\\\/\\\/dpress.ma\\\/fr\\\/#\\\/schema\\\/person\\\/4898febf3ccd59e6578d838656a306a0\",\"name\":\"Dpress.ma\",\"image\":{\"@type\":\"ImageObject\",\"inLanguage\":\"fr-FR\",\"@id\":\"https:\\\/\\\/secure.gravatar.com\\\/avatar\\\/72ecc30e9db047a2e0e7176561eb9d564ed77c8108376495b19bd8336405198a?s=96&d=mm&r=g\",\"url\":\"https:\\\/\\\/secure.gravatar.com\\\/avatar\\\/72ecc30e9db047a2e0e7176561eb9d564ed77c8108376495b19bd8336405198a?s=96&d=mm&r=g\",\"contentUrl\":\"https:\\\/\\\/secure.gravatar.com\\\/avatar\\\/72ecc30e9db047a2e0e7176561eb9d564ed77c8108376495b19bd8336405198a?s=96&d=mm&r=g\",\"caption\":\"Dpress.ma\"},\"sameAs\":[\"https:\\\/\\\/www.dpress.ma\"],\"url\":\"https:\\\/\\\/dpress.ma\\\/fr\\\/author\\\/dpress-ma\\\/\"}]}<\/script>\n<!-- \/ Yoast SEO plugin. -->","yoast_head_json":{"title":"F\u00e8s: Le DG de l\u2019IRES pour une gouvernance de l\u2019IA \u201dsouveraine, anticipatrice et participative\u201d - Dpress.ma\/fr","robots":{"index":"index","follow":"follow","max-snippet":"max-snippet:-1","max-image-preview":"max-image-preview:large","max-video-preview":"max-video-preview:-1"},"canonical":"https:\/\/dpress.ma\/fr\/2026\/04\/28\/fes-le-dg-de-lires-pour-une-gouvernance-de-lia-souveraine-anticipatrice-et-participative\/","og_locale":"fr_FR","og_type":"article","og_title":"F\u00e8s: Le DG de l\u2019IRES pour une gouvernance de l\u2019IA \u201dsouveraine, anticipatrice et participative\u201d - Dpress.ma\/fr","og_description":"Dpress Le Directeur G\u00e9n\u00e9ral de l\u2019Institut Royal des Etudes Strat\u00e9giques (IRES), Mohammed Tawfik Mouline, a soulign\u00e9, lundi \u00e0 F\u00e8s, la n\u00e9cessit\u00e9 de promouvoir une gouvernance de l\u2019intelligence artificielle, qui soit \u00e0 la fois \u201dsouveraine, anticipatrice et participative\u201d. \u201dL\u2019IA doit prot\u00e9ger les int\u00e9r\u00eats vitaux, les valeurs et les sp\u00e9cificit\u00e9s des Nations, int\u00e9grer les impacts futurs sur &hellip;","og_url":"https:\/\/dpress.ma\/fr\/2026\/04\/28\/fes-le-dg-de-lires-pour-une-gouvernance-de-lia-souveraine-anticipatrice-et-participative\/","og_site_name":"Dpress.ma\/fr","article_published_time":"2026-04-28T11:20:45+00:00","article_modified_time":"2026-04-28T11:20:49+00:00","og_image":[{"width":2539,"height":1594,"url":"https:\/\/dpress.ma\/fr\/wp-content\/uploads\/sites\/2\/2026\/04\/65-2.jpg","type":"image\/jpeg"}],"author":"Dpress.ma","twitter_card":"summary_large_image","twitter_misc":{"\u00c9crit par":"Dpress.ma","Dur\u00e9e de lecture estim\u00e9e":"5 minutes"},"schema":{"@context":"https:\/\/schema.org","@graph":[{"@type":"Article","@id":"https:\/\/dpress.ma\/fr\/2026\/04\/28\/fes-le-dg-de-lires-pour-une-gouvernance-de-lia-souveraine-anticipatrice-et-participative\/#article","isPartOf":{"@id":"https:\/\/dpress.ma\/fr\/2026\/04\/28\/fes-le-dg-de-lires-pour-une-gouvernance-de-lia-souveraine-anticipatrice-et-participative\/"},"author":{"name":"Dpress.ma","@id":"https:\/\/dpress.ma\/fr\/#\/schema\/person\/4898febf3ccd59e6578d838656a306a0"},"headline":"F\u00e8s: Le DG de l\u2019IRES pour une gouvernance de l\u2019IA \u201dsouveraine, anticipatrice et participative\u201d","datePublished":"2026-04-28T11:20:45+00:00","dateModified":"2026-04-28T11:20:49+00:00","mainEntityOfPage":{"@id":"https:\/\/dpress.ma\/fr\/2026\/04\/28\/fes-le-dg-de-lires-pour-une-gouvernance-de-lia-souveraine-anticipatrice-et-participative\/"},"wordCount":902,"commentCount":0,"image":{"@id":"https:\/\/dpress.ma\/fr\/2026\/04\/28\/fes-le-dg-de-lires-pour-une-gouvernance-de-lia-souveraine-anticipatrice-et-participative\/#primaryimage"},"thumbnailUrl":"https:\/\/dpress.ma\/fr\/wp-content\/uploads\/sites\/2\/2026\/04\/65-2.jpg","articleSection":["societe et regions"],"inLanguage":"fr-FR","potentialAction":[{"@type":"CommentAction","name":"Comment","target":["https:\/\/dpress.ma\/fr\/2026\/04\/28\/fes-le-dg-de-lires-pour-une-gouvernance-de-lia-souveraine-anticipatrice-et-participative\/#respond"]}]},{"@type":"WebPage","@id":"https:\/\/dpress.ma\/fr\/2026\/04\/28\/fes-le-dg-de-lires-pour-une-gouvernance-de-lia-souveraine-anticipatrice-et-participative\/","url":"https:\/\/dpress.ma\/fr\/2026\/04\/28\/fes-le-dg-de-lires-pour-une-gouvernance-de-lia-souveraine-anticipatrice-et-participative\/","name":"F\u00e8s: Le DG de l\u2019IRES pour une gouvernance de l\u2019IA \u201dsouveraine, anticipatrice et participative\u201d - Dpress.ma\/fr","isPartOf":{"@id":"https:\/\/dpress.ma\/fr\/#website"},"primaryImageOfPage":{"@id":"https:\/\/dpress.ma\/fr\/2026\/04\/28\/fes-le-dg-de-lires-pour-une-gouvernance-de-lia-souveraine-anticipatrice-et-participative\/#primaryimage"},"image":{"@id":"https:\/\/dpress.ma\/fr\/2026\/04\/28\/fes-le-dg-de-lires-pour-une-gouvernance-de-lia-souveraine-anticipatrice-et-participative\/#primaryimage"},"thumbnailUrl":"https:\/\/dpress.ma\/fr\/wp-content\/uploads\/sites\/2\/2026\/04\/65-2.jpg","datePublished":"2026-04-28T11:20:45+00:00","dateModified":"2026-04-28T11:20:49+00:00","author":{"@id":"https:\/\/dpress.ma\/fr\/#\/schema\/person\/4898febf3ccd59e6578d838656a306a0"},"breadcrumb":{"@id":"https:\/\/dpress.ma\/fr\/2026\/04\/28\/fes-le-dg-de-lires-pour-une-gouvernance-de-lia-souveraine-anticipatrice-et-participative\/#breadcrumb"},"inLanguage":"fr-FR","potentialAction":[{"@type":"ReadAction","target":["https:\/\/dpress.ma\/fr\/2026\/04\/28\/fes-le-dg-de-lires-pour-une-gouvernance-de-lia-souveraine-anticipatrice-et-participative\/"]}]},{"@type":"ImageObject","inLanguage":"fr-FR","@id":"https:\/\/dpress.ma\/fr\/2026\/04\/28\/fes-le-dg-de-lires-pour-une-gouvernance-de-lia-souveraine-anticipatrice-et-participative\/#primaryimage","url":"https:\/\/dpress.ma\/fr\/wp-content\/uploads\/sites\/2\/2026\/04\/65-2.jpg","contentUrl":"https:\/\/dpress.ma\/fr\/wp-content\/uploads\/sites\/2\/2026\/04\/65-2.jpg","width":2539,"height":1594},{"@type":"BreadcrumbList","@id":"https:\/\/dpress.ma\/fr\/2026\/04\/28\/fes-le-dg-de-lires-pour-une-gouvernance-de-lia-souveraine-anticipatrice-et-participative\/#breadcrumb","itemListElement":[{"@type":"ListItem","position":1,"name":"Home","item":"https:\/\/dpress.ma\/fr\/"},{"@type":"ListItem","position":2,"name":"F\u00e8s: Le DG de l\u2019IRES pour une gouvernance de l\u2019IA \u201dsouveraine, anticipatrice et participative\u201d"}]},{"@type":"WebSite","@id":"https:\/\/dpress.ma\/fr\/#website","url":"https:\/\/dpress.ma\/fr\/","name":"Dpress.ma\/fr","description":"","potentialAction":[{"@type":"SearchAction","target":{"@type":"EntryPoint","urlTemplate":"https:\/\/dpress.ma\/fr\/?s={search_term_string}"},"query-input":{"@type":"PropertyValueSpecification","valueRequired":true,"valueName":"search_term_string"}}],"inLanguage":"fr-FR"},{"@type":"Person","@id":"https:\/\/dpress.ma\/fr\/#\/schema\/person\/4898febf3ccd59e6578d838656a306a0","name":"Dpress.ma","image":{"@type":"ImageObject","inLanguage":"fr-FR","@id":"https:\/\/secure.gravatar.com\/avatar\/72ecc30e9db047a2e0e7176561eb9d564ed77c8108376495b19bd8336405198a?s=96&d=mm&r=g","url":"https:\/\/secure.gravatar.com\/avatar\/72ecc30e9db047a2e0e7176561eb9d564ed77c8108376495b19bd8336405198a?s=96&d=mm&r=g","contentUrl":"https:\/\/secure.gravatar.com\/avatar\/72ecc30e9db047a2e0e7176561eb9d564ed77c8108376495b19bd8336405198a?s=96&d=mm&r=g","caption":"Dpress.ma"},"sameAs":["https:\/\/www.dpress.ma"],"url":"https:\/\/dpress.ma\/fr\/author\/dpress-ma\/"}]}},"amp_enabled":true,"_links":{"self":[{"href":"https:\/\/dpress.ma\/fr\/wp-json\/wp\/v2\/posts\/29545","targetHints":{"allow":["GET"]}}],"collection":[{"href":"https:\/\/dpress.ma\/fr\/wp-json\/wp\/v2\/posts"}],"about":[{"href":"https:\/\/dpress.ma\/fr\/wp-json\/wp\/v2\/types\/post"}],"author":[{"embeddable":true,"href":"https:\/\/dpress.ma\/fr\/wp-json\/wp\/v2\/users\/2"}],"replies":[{"embeddable":true,"href":"https:\/\/dpress.ma\/fr\/wp-json\/wp\/v2\/comments?post=29545"}],"version-history":[{"count":1,"href":"https:\/\/dpress.ma\/fr\/wp-json\/wp\/v2\/posts\/29545\/revisions"}],"predecessor-version":[{"id":29547,"href":"https:\/\/dpress.ma\/fr\/wp-json\/wp\/v2\/posts\/29545\/revisions\/29547"}],"wp:featuredmedia":[{"embeddable":true,"href":"https:\/\/dpress.ma\/fr\/wp-json\/wp\/v2\/media\/29546"}],"wp:attachment":[{"href":"https:\/\/dpress.ma\/fr\/wp-json\/wp\/v2\/media?parent=29545"}],"wp:term":[{"taxonomy":"category","embeddable":true,"href":"https:\/\/dpress.ma\/fr\/wp-json\/wp\/v2\/categories?post=29545"},{"taxonomy":"post_tag","embeddable":true,"href":"https:\/\/dpress.ma\/fr\/wp-json\/wp\/v2\/tags?post=29545"}],"curies":[{"name":"wp","href":"https:\/\/api.w.org\/{rel}","templated":true}]}}