{"id":29538,"date":"2026-04-28T11:05:59","date_gmt":"2026-04-28T11:05:59","guid":{"rendered":"https:\/\/dpress.ma\/fr\/?p=29538"},"modified":"2026-04-28T11:08:08","modified_gmt":"2026-04-28T11:08:08","slug":"le-club-diplomatique-marocain-organise-un-colloque-de-haut-niveau-au-ministere-des-affaires-etrangeres-a-loccasion-de-la-journee-nationale-de-la-diplomatie-marocaine","status":"publish","type":"post","link":"https:\/\/dpress.ma\/fr\/2026\/04\/28\/le-club-diplomatique-marocain-organise-un-colloque-de-haut-niveau-au-ministere-des-affaires-etrangeres-a-loccasion-de-la-journee-nationale-de-la-diplomatie-marocaine\/","title":{"rendered":"Le Club diplomatique marocain organise un colloque de haut niveau au Minist\u00e8re des Affaires \u00e9trang\u00e8res \u00e0 l\u2019occasion de la Journ\u00e9e nationale de la diplomatie marocaine"},"content":{"rendered":"\n<p>Dpress<\/p>\n\n\n\n<p>La c\u00e9l\u00e9bration de la Journ\u00e9e nationale de la diplomatie marocaine a \u00e9t\u00e9 marqu\u00e9e par l\u2019organisation d\u2019un \u00e9v\u00e9nement scientifique distingu\u00e9, consistant en un colloque intellectuel de haut niveau intitul\u00e9 : <em>\u00ab Les souverains alaouites et l\u2019Afrique : de la lib\u00e9ration nationale aux partenariats strat\u00e9giques \u00bb<\/em>, tenu le lundi 27 avril 2026 dans la salle Ahmed Balafrej, relevant du Minist\u00e8re des Affaires \u00e9trang\u00e8res, de la Coop\u00e9ration africaine et des Marocains r\u00e9sidant \u00e0 l\u2019\u00e9tranger.<\/p>\n\n\n\n<p>Cette rencontre a \u00e9t\u00e9 organis\u00e9e par le Club diplomatique marocain, pr\u00e9sid\u00e9 par l\u2019ambassadeur Abdelwahab Bellouki, qui a ouvert les travaux par une allocution de bienvenue mettant en avant la port\u00e9e symbolique de cet \u00e9v\u00e9nement, notamment en ce qu\u2019il permet de rappeler la profondeur africaine de la politique \u00e9trang\u00e8re du Maroc et de consacrer le r\u00f4le de la diplomatie nationale dans le renforcement des liens historiques et strat\u00e9giques avec le continent africain.<\/p>\n\n\n\n<figure class=\"wp-block-image size-large\"><img loading=\"lazy\" decoding=\"async\" width=\"1024\" height=\"643\" src=\"https:\/\/dpress.ma\/fr\/wp-content\/uploads\/sites\/2\/2026\/04\/60-5-1024x643.jpg\" alt=\"\" class=\"wp-image-29539\" srcset=\"https:\/\/dpress.ma\/fr\/wp-content\/uploads\/sites\/2\/2026\/04\/60-5-1024x643.jpg 1024w, https:\/\/dpress.ma\/fr\/wp-content\/uploads\/sites\/2\/2026\/04\/60-5-300x188.jpg 300w, https:\/\/dpress.ma\/fr\/wp-content\/uploads\/sites\/2\/2026\/04\/60-5-768x482.jpg 768w, https:\/\/dpress.ma\/fr\/wp-content\/uploads\/sites\/2\/2026\/04\/60-5-1536x964.jpg 1536w, https:\/\/dpress.ma\/fr\/wp-content\/uploads\/sites\/2\/2026\/04\/60-5-2048x1286.jpg 2048w\" sizes=\"auto, (max-width: 1024px) 100vw, 1024px\" \/><\/figure>\n\n\n\n<p>Le colloque s\u2019est distingu\u00e9 par son caract\u00e8re acad\u00e9mique et analytique, ses interventions \u00e9tant structur\u00e9es autour de trois grandes p\u00e9riodes historiques illustrant l\u2019\u00e9volution de la pr\u00e9sence marocaine en Afrique \u00e0 travers les diff\u00e9rents r\u00e8gnes. Dans ce cadre, l\u2019ambassadeur Farhat Bouazza a pr\u00e9sent\u00e9 une intervention consacr\u00e9e \u00e0 l\u2019\u00e9poque de feu Sa Majest\u00e9 le Roi Mohammed V, mettant en lumi\u00e8re le r\u00f4le pionnier qu\u2019il a jou\u00e9 dans le soutien aux mouvements de lib\u00e9ration nationale africains, ainsi que dans la consolidation des valeurs de solidarit\u00e9 et d\u2019unit\u00e9 entre les peuples africains dans le contexte de la lutte contre le colonialisme. Il a soulign\u00e9 que cette p\u00e9riode constitue une r\u00e9f\u00e9rence fondatrice des relations Marco-africaines, fond\u00e9es sur une l\u00e9gitimit\u00e9 historique et un engagement de principe envers les causes du continent.<\/p>\n\n\n\n<p>Pour sa part, l\u2019ambassadeur Hassan Hami s\u2019est pench\u00e9 sur la p\u00e9riode de feu Sa Majest\u00e9 le Roi Hassan II, mettant en exergue la transformation qualitative qu\u2019a connue la diplomatie marocaine durant cette \u00e8re, passant d\u2019une logique de soutien politique aux luttes de lib\u00e9ration \u00e0 une dynamique de coop\u00e9ration institutionnelle multidimensionnelle, englobant les aspects \u00e9conomiques, culturels et religieux. Cette \u00e9volution a contribu\u00e9 \u00e0 asseoir la position du Maroc en tant qu\u2019acteur central sur le continent africain.<\/p>\n\n\n\n<p>En cl\u00f4ture du colloque, le professeur Mohammed Benhammou a propos\u00e9 une analyse des r\u00e9alisations de Sa Majest\u00e9 le Roi Mohammed VI en Afrique, mettant en avant la dynamique renouvel\u00e9e de la politique africaine du Royaume, fond\u00e9e sur une approche globale ax\u00e9e sur les partenariats strat\u00e9giques Sud-Sud, le renforcement de la coop\u00e9ration \u00e9conomique et des investissements, ainsi que l\u2019implication active dans les enjeux de d\u00e9veloppement et de s\u00e9curit\u00e9 du continent. Il a \u00e9galement soulign\u00e9 que cette vision royale a permis de repositionner le Maroc au sein de l\u2019espace africain et de renforcer son rayonnement r\u00e9gional et international.<\/p>\n\n\n\n<figure class=\"wp-block-image size-large\"><img loading=\"lazy\" decoding=\"async\" width=\"1024\" height=\"643\" src=\"https:\/\/dpress.ma\/fr\/wp-content\/uploads\/sites\/2\/2026\/04\/59-7-1024x643.jpg\" alt=\"\" class=\"wp-image-29540\" srcset=\"https:\/\/dpress.ma\/fr\/wp-content\/uploads\/sites\/2\/2026\/04\/59-7-1024x643.jpg 1024w, https:\/\/dpress.ma\/fr\/wp-content\/uploads\/sites\/2\/2026\/04\/59-7-300x188.jpg 300w, https:\/\/dpress.ma\/fr\/wp-content\/uploads\/sites\/2\/2026\/04\/59-7-768x482.jpg 768w, https:\/\/dpress.ma\/fr\/wp-content\/uploads\/sites\/2\/2026\/04\/59-7-1536x964.jpg 1536w, https:\/\/dpress.ma\/fr\/wp-content\/uploads\/sites\/2\/2026\/04\/59-7-2048x1286.jpg 2048w\" sizes=\"auto, (max-width: 1024px) 100vw, 1024px\" \/><\/figure>\n\n\n\n<p>Cet \u00e9v\u00e9nement a connu la participation remarqu\u00e9e de personnalit\u00e9s diplomatiques \u00e9trang\u00e8res et d\u2019ambassadeurs accr\u00e9dit\u00e9s, ainsi que la pr\u00e9sence du Forum de la diplomatie parall\u00e8le, repr\u00e9sent\u00e9 par son pr\u00e9sident et les membres de son bureau ex\u00e9cutif, ce qui a conf\u00e9r\u00e9 au colloque une dimension interactive refl\u00e9tant l\u2019importance de la diplomatie parall\u00e8le dans l\u2019appui \u00e0 l\u2019action diplomatique officielle.<\/p>\n\n\n\n<p>La rencontre s\u2019est achev\u00e9e par l\u2019organisation d\u2019une r\u00e9ception (th\u00e9) en l\u2019honneur des participants, offrant une opportunit\u00e9 de renforcer les \u00e9changes et de partager les points de vue entre les diff\u00e9rents acteurs, dans une atmosph\u00e8re refl\u00e9tant la profondeur des traditions diplomatiques marocaines fond\u00e9es sur le dialogue et l\u2019ouverture.<\/p>\n\n\n\n<p>Ainsi, ce colloque peut \u00eatre consid\u00e9r\u00e9 comme un mod\u00e8le r\u00e9ussi de convergence entre r\u00e9flexion acad\u00e9mique et pratique diplomatique. Il a permis de revisiter le parcours des relations Maroc-africaines \u00e0 la lumi\u00e8re des mutations actuelles et de confirmer la continuit\u00e9 de la vision strat\u00e9gique du Royaume dans l\u2019ancrage de partenariats \u00e9quilibr\u00e9s et durables avec son environnement africain.<\/p>\n","protected":false},"excerpt":{"rendered":"<p>Dpress La c\u00e9l\u00e9bration de la Journ\u00e9e nationale de la diplomatie marocaine a \u00e9t\u00e9 marqu\u00e9e par l\u2019organisation d\u2019un \u00e9v\u00e9nement scientifique distingu\u00e9, consistant en un colloque intellectuel de haut niveau intitul\u00e9 : \u00ab Les souverains alaouites et l\u2019Afrique : de la lib\u00e9ration nationale aux partenariats strat\u00e9giques \u00bb, tenu le lundi 27 avril 2026 dans la salle Ahmed &hellip;<\/p>\n","protected":false},"author":2,"featured_media":29541,"comment_status":"open","ping_status":"open","sticky":false,"template":"","format":"standard","meta":{"footnotes":""},"categories":[44,43],"tags":[],"class_list":["post-29538","post","type-post","status-publish","format-standard","has-post-thumbnail","hentry","category-espace-du-forum-de-la-diplomatie-parallele","category-espace-forum-diplomatie-parallele"],"yoast_head":"<!-- This site is optimized with the Yoast SEO plugin v27.4 - https:\/\/yoast.com\/product\/yoast-seo-wordpress\/ -->\n<title>Le Club diplomatique marocain organise un colloque de haut niveau au Minist\u00e8re des Affaires \u00e9trang\u00e8res \u00e0 l\u2019occasion de la Journ\u00e9e nationale de la diplomatie marocaine - Dpress.ma\/fr<\/title>\n<meta name=\"robots\" content=\"index, follow, max-snippet:-1, max-image-preview:large, max-video-preview:-1\" \/>\n<link rel=\"canonical\" href=\"https:\/\/dpress.ma\/fr\/2026\/04\/28\/le-club-diplomatique-marocain-organise-un-colloque-de-haut-niveau-au-ministere-des-affaires-etrangeres-a-loccasion-de-la-journee-nationale-de-la-diplomatie-marocaine\/\" \/>\n<meta property=\"og:locale\" content=\"fr_FR\" \/>\n<meta property=\"og:type\" content=\"article\" \/>\n<meta property=\"og:title\" content=\"Le Club diplomatique marocain organise un colloque de haut niveau au Minist\u00e8re des Affaires \u00e9trang\u00e8res \u00e0 l\u2019occasion de la Journ\u00e9e nationale de la diplomatie marocaine - Dpress.ma\/fr\" \/>\n<meta property=\"og:description\" content=\"Dpress La c\u00e9l\u00e9bration de la Journ\u00e9e nationale de la diplomatie marocaine a \u00e9t\u00e9 marqu\u00e9e par l\u2019organisation d\u2019un \u00e9v\u00e9nement scientifique distingu\u00e9, consistant en un colloque intellectuel de haut niveau intitul\u00e9 : \u00ab Les souverains alaouites et l\u2019Afrique : de la lib\u00e9ration nationale aux partenariats strat\u00e9giques \u00bb, tenu le lundi 27 avril 2026 dans la salle Ahmed &hellip;\" \/>\n<meta property=\"og:url\" content=\"https:\/\/dpress.ma\/fr\/2026\/04\/28\/le-club-diplomatique-marocain-organise-un-colloque-de-haut-niveau-au-ministere-des-affaires-etrangeres-a-loccasion-de-la-journee-nationale-de-la-diplomatie-marocaine\/\" \/>\n<meta property=\"og:site_name\" content=\"Dpress.ma\/fr\" \/>\n<meta property=\"article:published_time\" content=\"2026-04-28T11:05:59+00:00\" \/>\n<meta property=\"article:modified_time\" content=\"2026-04-28T11:08:08+00:00\" \/>\n<meta property=\"og:image\" content=\"https:\/\/dpress.ma\/fr\/wp-content\/uploads\/sites\/2\/2026\/04\/61-6.jpg\" \/>\n\t<meta property=\"og:image:width\" content=\"2539\" \/>\n\t<meta property=\"og:image:height\" content=\"1594\" \/>\n\t<meta property=\"og:image:type\" content=\"image\/jpeg\" \/>\n<meta name=\"author\" content=\"Dpress.ma\" \/>\n<meta name=\"twitter:card\" content=\"summary_large_image\" \/>\n<meta name=\"twitter:label1\" content=\"\u00c9crit par\" \/>\n\t<meta name=\"twitter:data1\" content=\"Dpress.ma\" \/>\n\t<meta name=\"twitter:label2\" content=\"Dur\u00e9e de lecture estim\u00e9e\" \/>\n\t<meta name=\"twitter:data2\" content=\"4 minutes\" \/>\n<script type=\"application\/ld+json\" class=\"yoast-schema-graph\">{\"@context\":\"https:\\\/\\\/schema.org\",\"@graph\":[{\"@type\":\"Article\",\"@id\":\"https:\\\/\\\/dpress.ma\\\/fr\\\/2026\\\/04\\\/28\\\/le-club-diplomatique-marocain-organise-un-colloque-de-haut-niveau-au-ministere-des-affaires-etrangeres-a-loccasion-de-la-journee-nationale-de-la-diplomatie-marocaine\\\/#article\",\"isPartOf\":{\"@id\":\"https:\\\/\\\/dpress.ma\\\/fr\\\/2026\\\/04\\\/28\\\/le-club-diplomatique-marocain-organise-un-colloque-de-haut-niveau-au-ministere-des-affaires-etrangeres-a-loccasion-de-la-journee-nationale-de-la-diplomatie-marocaine\\\/\"},\"author\":{\"name\":\"Dpress.ma\",\"@id\":\"https:\\\/\\\/dpress.ma\\\/fr\\\/#\\\/schema\\\/person\\\/4898febf3ccd59e6578d838656a306a0\"},\"headline\":\"Le Club diplomatique marocain organise un colloque de haut niveau au Minist\u00e8re des Affaires \u00e9trang\u00e8res \u00e0 l\u2019occasion de la Journ\u00e9e nationale de la diplomatie marocaine\",\"datePublished\":\"2026-04-28T11:05:59+00:00\",\"dateModified\":\"2026-04-28T11:08:08+00:00\",\"mainEntityOfPage\":{\"@id\":\"https:\\\/\\\/dpress.ma\\\/fr\\\/2026\\\/04\\\/28\\\/le-club-diplomatique-marocain-organise-un-colloque-de-haut-niveau-au-ministere-des-affaires-etrangeres-a-loccasion-de-la-journee-nationale-de-la-diplomatie-marocaine\\\/\"},\"wordCount\":717,\"commentCount\":0,\"image\":{\"@id\":\"https:\\\/\\\/dpress.ma\\\/fr\\\/2026\\\/04\\\/28\\\/le-club-diplomatique-marocain-organise-un-colloque-de-haut-niveau-au-ministere-des-affaires-etrangeres-a-loccasion-de-la-journee-nationale-de-la-diplomatie-marocaine\\\/#primaryimage\"},\"thumbnailUrl\":\"https:\\\/\\\/dpress.ma\\\/fr\\\/wp-content\\\/uploads\\\/sites\\\/2\\\/2026\\\/04\\\/61-6.jpg\",\"articleSection\":[\"Espace du Forum de la Diplomatie Parall\u00e8le\",\"Espace du Forum diplomatie parall\u00e8le\"],\"inLanguage\":\"fr-FR\",\"potentialAction\":[{\"@type\":\"CommentAction\",\"name\":\"Comment\",\"target\":[\"https:\\\/\\\/dpress.ma\\\/fr\\\/2026\\\/04\\\/28\\\/le-club-diplomatique-marocain-organise-un-colloque-de-haut-niveau-au-ministere-des-affaires-etrangeres-a-loccasion-de-la-journee-nationale-de-la-diplomatie-marocaine\\\/#respond\"]}]},{\"@type\":\"WebPage\",\"@id\":\"https:\\\/\\\/dpress.ma\\\/fr\\\/2026\\\/04\\\/28\\\/le-club-diplomatique-marocain-organise-un-colloque-de-haut-niveau-au-ministere-des-affaires-etrangeres-a-loccasion-de-la-journee-nationale-de-la-diplomatie-marocaine\\\/\",\"url\":\"https:\\\/\\\/dpress.ma\\\/fr\\\/2026\\\/04\\\/28\\\/le-club-diplomatique-marocain-organise-un-colloque-de-haut-niveau-au-ministere-des-affaires-etrangeres-a-loccasion-de-la-journee-nationale-de-la-diplomatie-marocaine\\\/\",\"name\":\"Le Club diplomatique marocain organise un colloque de haut niveau au Minist\u00e8re des Affaires \u00e9trang\u00e8res \u00e0 l\u2019occasion de la Journ\u00e9e nationale de la diplomatie marocaine - Dpress.ma\\\/fr\",\"isPartOf\":{\"@id\":\"https:\\\/\\\/dpress.ma\\\/fr\\\/#website\"},\"primaryImageOfPage\":{\"@id\":\"https:\\\/\\\/dpress.ma\\\/fr\\\/2026\\\/04\\\/28\\\/le-club-diplomatique-marocain-organise-un-colloque-de-haut-niveau-au-ministere-des-affaires-etrangeres-a-loccasion-de-la-journee-nationale-de-la-diplomatie-marocaine\\\/#primaryimage\"},\"image\":{\"@id\":\"https:\\\/\\\/dpress.ma\\\/fr\\\/2026\\\/04\\\/28\\\/le-club-diplomatique-marocain-organise-un-colloque-de-haut-niveau-au-ministere-des-affaires-etrangeres-a-loccasion-de-la-journee-nationale-de-la-diplomatie-marocaine\\\/#primaryimage\"},\"thumbnailUrl\":\"https:\\\/\\\/dpress.ma\\\/fr\\\/wp-content\\\/uploads\\\/sites\\\/2\\\/2026\\\/04\\\/61-6.jpg\",\"datePublished\":\"2026-04-28T11:05:59+00:00\",\"dateModified\":\"2026-04-28T11:08:08+00:00\",\"author\":{\"@id\":\"https:\\\/\\\/dpress.ma\\\/fr\\\/#\\\/schema\\\/person\\\/4898febf3ccd59e6578d838656a306a0\"},\"breadcrumb\":{\"@id\":\"https:\\\/\\\/dpress.ma\\\/fr\\\/2026\\\/04\\\/28\\\/le-club-diplomatique-marocain-organise-un-colloque-de-haut-niveau-au-ministere-des-affaires-etrangeres-a-loccasion-de-la-journee-nationale-de-la-diplomatie-marocaine\\\/#breadcrumb\"},\"inLanguage\":\"fr-FR\",\"potentialAction\":[{\"@type\":\"ReadAction\",\"target\":[\"https:\\\/\\\/dpress.ma\\\/fr\\\/2026\\\/04\\\/28\\\/le-club-diplomatique-marocain-organise-un-colloque-de-haut-niveau-au-ministere-des-affaires-etrangeres-a-loccasion-de-la-journee-nationale-de-la-diplomatie-marocaine\\\/\"]}]},{\"@type\":\"ImageObject\",\"inLanguage\":\"fr-FR\",\"@id\":\"https:\\\/\\\/dpress.ma\\\/fr\\\/2026\\\/04\\\/28\\\/le-club-diplomatique-marocain-organise-un-colloque-de-haut-niveau-au-ministere-des-affaires-etrangeres-a-loccasion-de-la-journee-nationale-de-la-diplomatie-marocaine\\\/#primaryimage\",\"url\":\"https:\\\/\\\/dpress.ma\\\/fr\\\/wp-content\\\/uploads\\\/sites\\\/2\\\/2026\\\/04\\\/61-6.jpg\",\"contentUrl\":\"https:\\\/\\\/dpress.ma\\\/fr\\\/wp-content\\\/uploads\\\/sites\\\/2\\\/2026\\\/04\\\/61-6.jpg\",\"width\":2539,\"height\":1594},{\"@type\":\"BreadcrumbList\",\"@id\":\"https:\\\/\\\/dpress.ma\\\/fr\\\/2026\\\/04\\\/28\\\/le-club-diplomatique-marocain-organise-un-colloque-de-haut-niveau-au-ministere-des-affaires-etrangeres-a-loccasion-de-la-journee-nationale-de-la-diplomatie-marocaine\\\/#breadcrumb\",\"itemListElement\":[{\"@type\":\"ListItem\",\"position\":1,\"name\":\"Home\",\"item\":\"https:\\\/\\\/dpress.ma\\\/fr\\\/\"},{\"@type\":\"ListItem\",\"position\":2,\"name\":\"Le Club diplomatique marocain organise un colloque de haut niveau au Minist\u00e8re des Affaires \u00e9trang\u00e8res \u00e0 l\u2019occasion de la Journ\u00e9e nationale de la diplomatie marocaine\"}]},{\"@type\":\"WebSite\",\"@id\":\"https:\\\/\\\/dpress.ma\\\/fr\\\/#website\",\"url\":\"https:\\\/\\\/dpress.ma\\\/fr\\\/\",\"name\":\"Dpress.ma\\\/fr\",\"description\":\"\",\"potentialAction\":[{\"@type\":\"SearchAction\",\"target\":{\"@type\":\"EntryPoint\",\"urlTemplate\":\"https:\\\/\\\/dpress.ma\\\/fr\\\/?s={search_term_string}\"},\"query-input\":{\"@type\":\"PropertyValueSpecification\",\"valueRequired\":true,\"valueName\":\"search_term_string\"}}],\"inLanguage\":\"fr-FR\"},{\"@type\":\"Person\",\"@id\":\"https:\\\/\\\/dpress.ma\\\/fr\\\/#\\\/schema\\\/person\\\/4898febf3ccd59e6578d838656a306a0\",\"name\":\"Dpress.ma\",\"image\":{\"@type\":\"ImageObject\",\"inLanguage\":\"fr-FR\",\"@id\":\"https:\\\/\\\/secure.gravatar.com\\\/avatar\\\/72ecc30e9db047a2e0e7176561eb9d564ed77c8108376495b19bd8336405198a?s=96&d=mm&r=g\",\"url\":\"https:\\\/\\\/secure.gravatar.com\\\/avatar\\\/72ecc30e9db047a2e0e7176561eb9d564ed77c8108376495b19bd8336405198a?s=96&d=mm&r=g\",\"contentUrl\":\"https:\\\/\\\/secure.gravatar.com\\\/avatar\\\/72ecc30e9db047a2e0e7176561eb9d564ed77c8108376495b19bd8336405198a?s=96&d=mm&r=g\",\"caption\":\"Dpress.ma\"},\"sameAs\":[\"https:\\\/\\\/www.dpress.ma\"],\"url\":\"https:\\\/\\\/dpress.ma\\\/fr\\\/author\\\/dpress-ma\\\/\"}]}<\/script>\n<!-- \/ Yoast SEO plugin. -->","yoast_head_json":{"title":"Le Club diplomatique marocain organise un colloque de haut niveau au Minist\u00e8re des Affaires \u00e9trang\u00e8res \u00e0 l\u2019occasion de la Journ\u00e9e nationale de la diplomatie marocaine - Dpress.ma\/fr","robots":{"index":"index","follow":"follow","max-snippet":"max-snippet:-1","max-image-preview":"max-image-preview:large","max-video-preview":"max-video-preview:-1"},"canonical":"https:\/\/dpress.ma\/fr\/2026\/04\/28\/le-club-diplomatique-marocain-organise-un-colloque-de-haut-niveau-au-ministere-des-affaires-etrangeres-a-loccasion-de-la-journee-nationale-de-la-diplomatie-marocaine\/","og_locale":"fr_FR","og_type":"article","og_title":"Le Club diplomatique marocain organise un colloque de haut niveau au Minist\u00e8re des Affaires \u00e9trang\u00e8res \u00e0 l\u2019occasion de la Journ\u00e9e nationale de la diplomatie marocaine - Dpress.ma\/fr","og_description":"Dpress La c\u00e9l\u00e9bration de la Journ\u00e9e nationale de la diplomatie marocaine a \u00e9t\u00e9 marqu\u00e9e par l\u2019organisation d\u2019un \u00e9v\u00e9nement scientifique distingu\u00e9, consistant en un colloque intellectuel de haut niveau intitul\u00e9 : \u00ab Les souverains alaouites et l\u2019Afrique : de la lib\u00e9ration nationale aux partenariats strat\u00e9giques \u00bb, tenu le lundi 27 avril 2026 dans la salle Ahmed &hellip;","og_url":"https:\/\/dpress.ma\/fr\/2026\/04\/28\/le-club-diplomatique-marocain-organise-un-colloque-de-haut-niveau-au-ministere-des-affaires-etrangeres-a-loccasion-de-la-journee-nationale-de-la-diplomatie-marocaine\/","og_site_name":"Dpress.ma\/fr","article_published_time":"2026-04-28T11:05:59+00:00","article_modified_time":"2026-04-28T11:08:08+00:00","og_image":[{"width":2539,"height":1594,"url":"https:\/\/dpress.ma\/fr\/wp-content\/uploads\/sites\/2\/2026\/04\/61-6.jpg","type":"image\/jpeg"}],"author":"Dpress.ma","twitter_card":"summary_large_image","twitter_misc":{"\u00c9crit par":"Dpress.ma","Dur\u00e9e de lecture estim\u00e9e":"4 minutes"},"schema":{"@context":"https:\/\/schema.org","@graph":[{"@type":"Article","@id":"https:\/\/dpress.ma\/fr\/2026\/04\/28\/le-club-diplomatique-marocain-organise-un-colloque-de-haut-niveau-au-ministere-des-affaires-etrangeres-a-loccasion-de-la-journee-nationale-de-la-diplomatie-marocaine\/#article","isPartOf":{"@id":"https:\/\/dpress.ma\/fr\/2026\/04\/28\/le-club-diplomatique-marocain-organise-un-colloque-de-haut-niveau-au-ministere-des-affaires-etrangeres-a-loccasion-de-la-journee-nationale-de-la-diplomatie-marocaine\/"},"author":{"name":"Dpress.ma","@id":"https:\/\/dpress.ma\/fr\/#\/schema\/person\/4898febf3ccd59e6578d838656a306a0"},"headline":"Le Club diplomatique marocain organise un colloque de haut niveau au Minist\u00e8re des Affaires \u00e9trang\u00e8res \u00e0 l\u2019occasion de la Journ\u00e9e nationale de la diplomatie marocaine","datePublished":"2026-04-28T11:05:59+00:00","dateModified":"2026-04-28T11:08:08+00:00","mainEntityOfPage":{"@id":"https:\/\/dpress.ma\/fr\/2026\/04\/28\/le-club-diplomatique-marocain-organise-un-colloque-de-haut-niveau-au-ministere-des-affaires-etrangeres-a-loccasion-de-la-journee-nationale-de-la-diplomatie-marocaine\/"},"wordCount":717,"commentCount":0,"image":{"@id":"https:\/\/dpress.ma\/fr\/2026\/04\/28\/le-club-diplomatique-marocain-organise-un-colloque-de-haut-niveau-au-ministere-des-affaires-etrangeres-a-loccasion-de-la-journee-nationale-de-la-diplomatie-marocaine\/#primaryimage"},"thumbnailUrl":"https:\/\/dpress.ma\/fr\/wp-content\/uploads\/sites\/2\/2026\/04\/61-6.jpg","articleSection":["Espace du Forum de la Diplomatie Parall\u00e8le","Espace du Forum diplomatie parall\u00e8le"],"inLanguage":"fr-FR","potentialAction":[{"@type":"CommentAction","name":"Comment","target":["https:\/\/dpress.ma\/fr\/2026\/04\/28\/le-club-diplomatique-marocain-organise-un-colloque-de-haut-niveau-au-ministere-des-affaires-etrangeres-a-loccasion-de-la-journee-nationale-de-la-diplomatie-marocaine\/#respond"]}]},{"@type":"WebPage","@id":"https:\/\/dpress.ma\/fr\/2026\/04\/28\/le-club-diplomatique-marocain-organise-un-colloque-de-haut-niveau-au-ministere-des-affaires-etrangeres-a-loccasion-de-la-journee-nationale-de-la-diplomatie-marocaine\/","url":"https:\/\/dpress.ma\/fr\/2026\/04\/28\/le-club-diplomatique-marocain-organise-un-colloque-de-haut-niveau-au-ministere-des-affaires-etrangeres-a-loccasion-de-la-journee-nationale-de-la-diplomatie-marocaine\/","name":"Le Club diplomatique marocain organise un colloque de haut niveau au Minist\u00e8re des Affaires \u00e9trang\u00e8res \u00e0 l\u2019occasion de la Journ\u00e9e nationale de la diplomatie marocaine - Dpress.ma\/fr","isPartOf":{"@id":"https:\/\/dpress.ma\/fr\/#website"},"primaryImageOfPage":{"@id":"https:\/\/dpress.ma\/fr\/2026\/04\/28\/le-club-diplomatique-marocain-organise-un-colloque-de-haut-niveau-au-ministere-des-affaires-etrangeres-a-loccasion-de-la-journee-nationale-de-la-diplomatie-marocaine\/#primaryimage"},"image":{"@id":"https:\/\/dpress.ma\/fr\/2026\/04\/28\/le-club-diplomatique-marocain-organise-un-colloque-de-haut-niveau-au-ministere-des-affaires-etrangeres-a-loccasion-de-la-journee-nationale-de-la-diplomatie-marocaine\/#primaryimage"},"thumbnailUrl":"https:\/\/dpress.ma\/fr\/wp-content\/uploads\/sites\/2\/2026\/04\/61-6.jpg","datePublished":"2026-04-28T11:05:59+00:00","dateModified":"2026-04-28T11:08:08+00:00","author":{"@id":"https:\/\/dpress.ma\/fr\/#\/schema\/person\/4898febf3ccd59e6578d838656a306a0"},"breadcrumb":{"@id":"https:\/\/dpress.ma\/fr\/2026\/04\/28\/le-club-diplomatique-marocain-organise-un-colloque-de-haut-niveau-au-ministere-des-affaires-etrangeres-a-loccasion-de-la-journee-nationale-de-la-diplomatie-marocaine\/#breadcrumb"},"inLanguage":"fr-FR","potentialAction":[{"@type":"ReadAction","target":["https:\/\/dpress.ma\/fr\/2026\/04\/28\/le-club-diplomatique-marocain-organise-un-colloque-de-haut-niveau-au-ministere-des-affaires-etrangeres-a-loccasion-de-la-journee-nationale-de-la-diplomatie-marocaine\/"]}]},{"@type":"ImageObject","inLanguage":"fr-FR","@id":"https:\/\/dpress.ma\/fr\/2026\/04\/28\/le-club-diplomatique-marocain-organise-un-colloque-de-haut-niveau-au-ministere-des-affaires-etrangeres-a-loccasion-de-la-journee-nationale-de-la-diplomatie-marocaine\/#primaryimage","url":"https:\/\/dpress.ma\/fr\/wp-content\/uploads\/sites\/2\/2026\/04\/61-6.jpg","contentUrl":"https:\/\/dpress.ma\/fr\/wp-content\/uploads\/sites\/2\/2026\/04\/61-6.jpg","width":2539,"height":1594},{"@type":"BreadcrumbList","@id":"https:\/\/dpress.ma\/fr\/2026\/04\/28\/le-club-diplomatique-marocain-organise-un-colloque-de-haut-niveau-au-ministere-des-affaires-etrangeres-a-loccasion-de-la-journee-nationale-de-la-diplomatie-marocaine\/#breadcrumb","itemListElement":[{"@type":"ListItem","position":1,"name":"Home","item":"https:\/\/dpress.ma\/fr\/"},{"@type":"ListItem","position":2,"name":"Le Club diplomatique marocain organise un colloque de haut niveau au Minist\u00e8re des Affaires \u00e9trang\u00e8res \u00e0 l\u2019occasion de la Journ\u00e9e nationale de la diplomatie marocaine"}]},{"@type":"WebSite","@id":"https:\/\/dpress.ma\/fr\/#website","url":"https:\/\/dpress.ma\/fr\/","name":"Dpress.ma\/fr","description":"","potentialAction":[{"@type":"SearchAction","target":{"@type":"EntryPoint","urlTemplate":"https:\/\/dpress.ma\/fr\/?s={search_term_string}"},"query-input":{"@type":"PropertyValueSpecification","valueRequired":true,"valueName":"search_term_string"}}],"inLanguage":"fr-FR"},{"@type":"Person","@id":"https:\/\/dpress.ma\/fr\/#\/schema\/person\/4898febf3ccd59e6578d838656a306a0","name":"Dpress.ma","image":{"@type":"ImageObject","inLanguage":"fr-FR","@id":"https:\/\/secure.gravatar.com\/avatar\/72ecc30e9db047a2e0e7176561eb9d564ed77c8108376495b19bd8336405198a?s=96&d=mm&r=g","url":"https:\/\/secure.gravatar.com\/avatar\/72ecc30e9db047a2e0e7176561eb9d564ed77c8108376495b19bd8336405198a?s=96&d=mm&r=g","contentUrl":"https:\/\/secure.gravatar.com\/avatar\/72ecc30e9db047a2e0e7176561eb9d564ed77c8108376495b19bd8336405198a?s=96&d=mm&r=g","caption":"Dpress.ma"},"sameAs":["https:\/\/www.dpress.ma"],"url":"https:\/\/dpress.ma\/fr\/author\/dpress-ma\/"}]}},"amp_enabled":true,"_links":{"self":[{"href":"https:\/\/dpress.ma\/fr\/wp-json\/wp\/v2\/posts\/29538","targetHints":{"allow":["GET"]}}],"collection":[{"href":"https:\/\/dpress.ma\/fr\/wp-json\/wp\/v2\/posts"}],"about":[{"href":"https:\/\/dpress.ma\/fr\/wp-json\/wp\/v2\/types\/post"}],"author":[{"embeddable":true,"href":"https:\/\/dpress.ma\/fr\/wp-json\/wp\/v2\/users\/2"}],"replies":[{"embeddable":true,"href":"https:\/\/dpress.ma\/fr\/wp-json\/wp\/v2\/comments?post=29538"}],"version-history":[{"count":2,"href":"https:\/\/dpress.ma\/fr\/wp-json\/wp\/v2\/posts\/29538\/revisions"}],"predecessor-version":[{"id":29543,"href":"https:\/\/dpress.ma\/fr\/wp-json\/wp\/v2\/posts\/29538\/revisions\/29543"}],"wp:featuredmedia":[{"embeddable":true,"href":"https:\/\/dpress.ma\/fr\/wp-json\/wp\/v2\/media\/29541"}],"wp:attachment":[{"href":"https:\/\/dpress.ma\/fr\/wp-json\/wp\/v2\/media?parent=29538"}],"wp:term":[{"taxonomy":"category","embeddable":true,"href":"https:\/\/dpress.ma\/fr\/wp-json\/wp\/v2\/categories?post=29538"},{"taxonomy":"post_tag","embeddable":true,"href":"https:\/\/dpress.ma\/fr\/wp-json\/wp\/v2\/tags?post=29538"}],"curies":[{"name":"wp","href":"https:\/\/api.w.org\/{rel}","templated":true}]}}