{"id":29535,"date":"2026-04-28T10:16:21","date_gmt":"2026-04-28T10:16:21","guid":{"rendered":"https:\/\/dpress.ma\/fr\/?p=29535"},"modified":"2026-04-28T10:16:23","modified_gmt":"2026-04-28T10:16:23","slug":"18eme-siam-draa-tafilalet-devoile-une-terre-de-savoir-faire-et-de-resilience","status":"publish","type":"post","link":"https:\/\/dpress.ma\/fr\/2026\/04\/28\/18eme-siam-draa-tafilalet-devoile-une-terre-de-savoir-faire-et-de-resilience\/","title":{"rendered":"18\u00e8me SIAM : Dr\u00e2a-Tafilalet d\u00e9voile une terre de savoir-faire et de r\u00e9silience"},"content":{"rendered":"\n<p>Dpress<\/p>\n\n\n\n<p>Au c\u0153ur de l\u2019effervescence du 18\u00e8me Salon International de l\u2019Agriculture au Maroc (SIAM), entre stands anim\u00e9s et effluves de produits du terroir, la r\u00e9gion de Dr\u00e2a-Tafilalet attire l\u2019attention par la richesse et la diversit\u00e9 de son pavillon. Ici, l\u2019agriculture se vit, s\u2019expose et se transmet comme un h\u00e9ritage.<\/p>\n\n\n\n<p>Pr\u00e9sente dans plusieurs p\u00f4les du Salon, la r\u00e9gion met en valeur l\u2019ensemble de ses atouts, allant des productions v\u00e9g\u00e9tales aux fili\u00e8res d\u2019\u00e9levage.<\/p>\n\n\n\n<p>Dans le p\u00f4le \u201cR\u00e9gions\u201d, le visiteur est d\u2019abord frapp\u00e9 par l\u2019ampleur des potentialit\u00e9s agricoles mises en sc\u00e8ne. Cartes, donn\u00e9es et produits s\u2019entrelacent&nbsp;pour dessiner le portrait d\u2019une r\u00e9gion \u00e0 la fois aride et g\u00e9n\u00e9reuse.<\/p>\n\n\n\n<p>\u201cNous avons voulu montrer tout ce que rec\u00e8le la r\u00e9gion\u201d, confie \u00e0 la MAP, Jamal Mimouni, directeur r\u00e9gional de l\u2019Agriculture de Dr\u00e2a-Tafilalet. \u201cIl s\u2019agit autant de valoriser nos ressources que d\u2019expliquer notre vision de d\u00e9veloppement\u201d.<\/p>\n\n\n\n<p>Cette vision s\u2019inscrit pleinement dans le th\u00e8me de ce SIAM, consacr\u00e9 \u00e0 la durabilit\u00e9 de la production animale et \u00e0 la souverainet\u00e9 alimentaire. \u00c0 travers des donn\u00e9es pr\u00e9cises, Dr\u00e2a-Tafilalet met en lumi\u00e8re son cheptel et, surtout, la richesse de ses races locales.<\/p>\n\n\n\n<p>\u201cLa r\u00e9gion se caract\u00e9rise par la pr\u00e9sence de races d\u2019importance, notamment la D\u2019man, dont le berceau se situe \u00e0 Midelt et qui se distingue par sa forte prolificit\u00e9, ainsi que les races Siroua, blanche et noire, reconnues pour leur qualit\u00e9 et prim\u00e9es \u00e0 plusieurs reprises\u201d, a fait valoir M. Mimouni.<\/p>\n\n\n\n<p>Il a \u00e9galement mis en avant les efforts d\u00e9ploy\u00e9s par le minist\u00e8re de l\u2019Agriculture en faveur des \u00e9leveurs, en particulier les populations nomades, \u00e0 travers des programmes portant sur l\u2019am\u00e9lioration des parcours pastoraux, la cr\u00e9ation de points d\u2019eau, le d\u00e9veloppement des ressources fourrag\u00e8res et le renforcement du suivi sanitaire.<\/p>\n\n\n\n<p>Parall\u00e8lement, Dr\u00e2a-Tafilalet valorise ses produits agricoles phares, confirmant ainsi son poids au niveau national.<\/p>\n\n\n\n<p>\u201cCette participation constitue \u00e9galement une opportunit\u00e9 pour mettre en lumi\u00e8re des productions embl\u00e9matiques de la r\u00e9gion, notamment les dattes, dont elle assure pr\u00e8s de 80% de la production nationale, les pommes \u00e0 hauteur de 55%, les roses \u00e0 parfum \u00e0 100%, ainsi que le safran\u201d, a poursuivi M. Mimouni, \u00e9voquant aussi d\u2019autres produits tels que les olives, les amandes, le miel ou encore le henn\u00e9.<\/p>\n\n\n\n<p>Dans les all\u00e9es du p\u00f4le \u201cProduits du terroir\u201d, cette richesse prend une dimension encore plus tangible. Les stands, anim\u00e9s et color\u00e9s, racontent chacun une histoire, celle de coop\u00e9ratives ancr\u00e9es dans leurs territoires et r\u00e9solument tourn\u00e9es vers l\u2019avenir. Trente-neuf structures, repr\u00e9sentant l\u2019ensemble des provinces de la r\u00e9gion, y exposent une palette diversifi\u00e9e de produits, tous certifi\u00e9s et valoris\u00e9s avec un soin particulier.<\/p>\n\n\n\n<p>Entre dattes soigneusement conditionn\u00e9es, miels aux ar\u00f4mes subtils, huiles parfum\u00e9es et produits transform\u00e9s innovants, les visiteurs d\u00e9couvrent une agriculture qui conjugue authenticit\u00e9 et exigence de qualit\u00e9.<\/p>\n\n\n\n<p>Plus qu\u2019une simple exposition, le SIAM s\u2019impose comme un v\u00e9ritable carrefour d\u2019\u00e9changes et de transmission. Les coop\u00e9ratives y puisent une source d\u2019inspiration, confrontent leurs pratiques et affinent leurs strat\u00e9gies.<\/p>\n\n\n\n<p>\u201cCet \u00e9v\u00e9nement offre aux coop\u00e9ratives l\u2019opportunit\u00e9 de partager leurs exp\u00e9riences avec leurs homologues d\u2019autres r\u00e9gions, notamment en mati\u00e8re de valorisation des produits, de conditionnement et de commercialisation\u201d, a relev\u00e9 le responsable r\u00e9gional, soulignant l\u2019importance de ces interactions dans la mont\u00e9e en comp\u00e9tence des acteurs locaux.<\/p>\n\n\n\n<p>Juste \u00e0 c\u00f4t\u00e9, dans le p\u00f4le \u201cElevage\u201d, Dr\u00e2a-Tafilalet affirme une nouvelle fois son savoir-faire. Les \u00e9leveurs, fiers de leurs troupeaux, pr\u00e9sentent des sp\u00e9cimens issus de races locales soigneusement s\u00e9lectionn\u00e9es.<\/p>\n\n\n\n<p>Les distinctions obtenues, notamment quatre m\u00e9dailles lors des comp\u00e9titions, viennent consacrer des ann\u00e9es de travail, de patience et de transmission. Derri\u00e8re ces r\u00e9compenses, se dessine l\u2019engagement d\u2019hommes et de femmes qui \u0153uvrent, au quotidien, \u00e0 l\u2019am\u00e9lioration des races et \u00e0 la pr\u00e9servation d\u2019un patrimoine vivant.<\/p>\n\n\n\n<p>Au fil des rencontres, une autre ambition se dessine en filigrane. Il s\u2019agit de l\u2019investissement. Le stand de Dr\u00e2a-Tafilalet dans le p\u00f4le \u201cR\u00e9gions\u201d devient ainsi un espace de dialogue, o\u00f9 porteurs de projets et investisseurs sont invit\u00e9s \u00e0 d\u00e9couvrir les opportunit\u00e9s offertes par la r\u00e9gion.<\/p>\n\n\n\n<p>\u201cNous accueillons \u00e9galement des investisseurs afin de leur pr\u00e9senter les potentialit\u00e9s de la r\u00e9gion et de les accompagner pour concr\u00e9tiser leurs projets dans la r\u00e9gion\u201d, a indiqu\u00e9 M. Mimouni.<\/p>\n\n\n\n<p>Entre traditions s\u00e9culaires et dynamiques d\u2019innovation, Dr\u00e2a-Tafilalet s\u2019affirme ainsi, au SIAM 2026, comme une r\u00e9gion en pleine mutation. Une terre de contrastes, o\u00f9 la raret\u00e9 des ressources n\u2019entrave pas l\u2019ambition, mais la fa\u00e7onne, donnant naissance \u00e0 un mod\u00e8le agricole r\u00e9silient, profond\u00e9ment enracin\u00e9 et r\u00e9solument tourn\u00e9 vers l\u2019avenir.<\/p>\n","protected":false},"excerpt":{"rendered":"<p>Dpress Au c\u0153ur de l\u2019effervescence du 18\u00e8me Salon International de l\u2019Agriculture au Maroc (SIAM), entre stands anim\u00e9s et effluves de produits du terroir, la r\u00e9gion de Dr\u00e2a-Tafilalet attire l\u2019attention par la richesse et la diversit\u00e9 de son pavillon. Ici, l\u2019agriculture se vit, s\u2019expose et se transmet comme un h\u00e9ritage. Pr\u00e9sente dans plusieurs p\u00f4les du Salon, &hellip;<\/p>\n","protected":false},"author":2,"featured_media":29536,"comment_status":"open","ping_status":"open","sticky":false,"template":"","format":"standard","meta":{"footnotes":""},"categories":[25],"tags":[],"class_list":["post-29535","post","type-post","status-publish","format-standard","has-post-thumbnail","hentry","category-economie"],"yoast_head":"<!-- This site is optimized with the Yoast SEO plugin v27.4 - https:\/\/yoast.com\/product\/yoast-seo-wordpress\/ -->\n<title>18\u00e8me SIAM : Dr\u00e2a-Tafilalet d\u00e9voile une terre de savoir-faire et de r\u00e9silience - Dpress.ma\/fr<\/title>\n<meta name=\"robots\" content=\"index, follow, max-snippet:-1, max-image-preview:large, max-video-preview:-1\" \/>\n<link rel=\"canonical\" href=\"https:\/\/dpress.ma\/fr\/2026\/04\/28\/18eme-siam-draa-tafilalet-devoile-une-terre-de-savoir-faire-et-de-resilience\/\" \/>\n<meta property=\"og:locale\" content=\"fr_FR\" \/>\n<meta property=\"og:type\" content=\"article\" \/>\n<meta property=\"og:title\" content=\"18\u00e8me SIAM : Dr\u00e2a-Tafilalet d\u00e9voile une terre de savoir-faire et de r\u00e9silience - Dpress.ma\/fr\" \/>\n<meta property=\"og:description\" content=\"Dpress Au c\u0153ur de l\u2019effervescence du 18\u00e8me Salon International de l\u2019Agriculture au Maroc (SIAM), entre stands anim\u00e9s et effluves de produits du terroir, la r\u00e9gion de Dr\u00e2a-Tafilalet attire l\u2019attention par la richesse et la diversit\u00e9 de son pavillon. Ici, l\u2019agriculture se vit, s\u2019expose et se transmet comme un h\u00e9ritage. Pr\u00e9sente dans plusieurs p\u00f4les du Salon, &hellip;\" \/>\n<meta property=\"og:url\" content=\"https:\/\/dpress.ma\/fr\/2026\/04\/28\/18eme-siam-draa-tafilalet-devoile-une-terre-de-savoir-faire-et-de-resilience\/\" \/>\n<meta property=\"og:site_name\" content=\"Dpress.ma\/fr\" \/>\n<meta property=\"article:published_time\" content=\"2026-04-28T10:16:21+00:00\" \/>\n<meta property=\"article:modified_time\" content=\"2026-04-28T10:16:23+00:00\" \/>\n<meta property=\"og:image\" content=\"https:\/\/dpress.ma\/fr\/wp-content\/uploads\/sites\/2\/2026\/04\/44-14.jpg\" \/>\n\t<meta property=\"og:image:width\" content=\"2539\" \/>\n\t<meta property=\"og:image:height\" content=\"1594\" \/>\n\t<meta property=\"og:image:type\" content=\"image\/jpeg\" \/>\n<meta name=\"author\" content=\"Dpress.ma\" \/>\n<meta name=\"twitter:card\" content=\"summary_large_image\" \/>\n<meta name=\"twitter:label1\" content=\"\u00c9crit par\" \/>\n\t<meta name=\"twitter:data1\" content=\"Dpress.ma\" \/>\n\t<meta name=\"twitter:label2\" content=\"Dur\u00e9e de lecture estim\u00e9e\" \/>\n\t<meta name=\"twitter:data2\" content=\"4 minutes\" \/>\n<script type=\"application\/ld+json\" class=\"yoast-schema-graph\">{\"@context\":\"https:\\\/\\\/schema.org\",\"@graph\":[{\"@type\":\"Article\",\"@id\":\"https:\\\/\\\/dpress.ma\\\/fr\\\/2026\\\/04\\\/28\\\/18eme-siam-draa-tafilalet-devoile-une-terre-de-savoir-faire-et-de-resilience\\\/#article\",\"isPartOf\":{\"@id\":\"https:\\\/\\\/dpress.ma\\\/fr\\\/2026\\\/04\\\/28\\\/18eme-siam-draa-tafilalet-devoile-une-terre-de-savoir-faire-et-de-resilience\\\/\"},\"author\":{\"name\":\"Dpress.ma\",\"@id\":\"https:\\\/\\\/dpress.ma\\\/fr\\\/#\\\/schema\\\/person\\\/4898febf3ccd59e6578d838656a306a0\"},\"headline\":\"18\u00e8me SIAM : Dr\u00e2a-Tafilalet d\u00e9voile une terre de savoir-faire et de r\u00e9silience\",\"datePublished\":\"2026-04-28T10:16:21+00:00\",\"dateModified\":\"2026-04-28T10:16:23+00:00\",\"mainEntityOfPage\":{\"@id\":\"https:\\\/\\\/dpress.ma\\\/fr\\\/2026\\\/04\\\/28\\\/18eme-siam-draa-tafilalet-devoile-une-terre-de-savoir-faire-et-de-resilience\\\/\"},\"wordCount\":861,\"commentCount\":0,\"image\":{\"@id\":\"https:\\\/\\\/dpress.ma\\\/fr\\\/2026\\\/04\\\/28\\\/18eme-siam-draa-tafilalet-devoile-une-terre-de-savoir-faire-et-de-resilience\\\/#primaryimage\"},\"thumbnailUrl\":\"https:\\\/\\\/dpress.ma\\\/fr\\\/wp-content\\\/uploads\\\/sites\\\/2\\\/2026\\\/04\\\/44-14.jpg\",\"articleSection\":[\"\u00c9conomie\"],\"inLanguage\":\"fr-FR\",\"potentialAction\":[{\"@type\":\"CommentAction\",\"name\":\"Comment\",\"target\":[\"https:\\\/\\\/dpress.ma\\\/fr\\\/2026\\\/04\\\/28\\\/18eme-siam-draa-tafilalet-devoile-une-terre-de-savoir-faire-et-de-resilience\\\/#respond\"]}]},{\"@type\":\"WebPage\",\"@id\":\"https:\\\/\\\/dpress.ma\\\/fr\\\/2026\\\/04\\\/28\\\/18eme-siam-draa-tafilalet-devoile-une-terre-de-savoir-faire-et-de-resilience\\\/\",\"url\":\"https:\\\/\\\/dpress.ma\\\/fr\\\/2026\\\/04\\\/28\\\/18eme-siam-draa-tafilalet-devoile-une-terre-de-savoir-faire-et-de-resilience\\\/\",\"name\":\"18\u00e8me SIAM : Dr\u00e2a-Tafilalet d\u00e9voile une terre de savoir-faire et de r\u00e9silience - Dpress.ma\\\/fr\",\"isPartOf\":{\"@id\":\"https:\\\/\\\/dpress.ma\\\/fr\\\/#website\"},\"primaryImageOfPage\":{\"@id\":\"https:\\\/\\\/dpress.ma\\\/fr\\\/2026\\\/04\\\/28\\\/18eme-siam-draa-tafilalet-devoile-une-terre-de-savoir-faire-et-de-resilience\\\/#primaryimage\"},\"image\":{\"@id\":\"https:\\\/\\\/dpress.ma\\\/fr\\\/2026\\\/04\\\/28\\\/18eme-siam-draa-tafilalet-devoile-une-terre-de-savoir-faire-et-de-resilience\\\/#primaryimage\"},\"thumbnailUrl\":\"https:\\\/\\\/dpress.ma\\\/fr\\\/wp-content\\\/uploads\\\/sites\\\/2\\\/2026\\\/04\\\/44-14.jpg\",\"datePublished\":\"2026-04-28T10:16:21+00:00\",\"dateModified\":\"2026-04-28T10:16:23+00:00\",\"author\":{\"@id\":\"https:\\\/\\\/dpress.ma\\\/fr\\\/#\\\/schema\\\/person\\\/4898febf3ccd59e6578d838656a306a0\"},\"breadcrumb\":{\"@id\":\"https:\\\/\\\/dpress.ma\\\/fr\\\/2026\\\/04\\\/28\\\/18eme-siam-draa-tafilalet-devoile-une-terre-de-savoir-faire-et-de-resilience\\\/#breadcrumb\"},\"inLanguage\":\"fr-FR\",\"potentialAction\":[{\"@type\":\"ReadAction\",\"target\":[\"https:\\\/\\\/dpress.ma\\\/fr\\\/2026\\\/04\\\/28\\\/18eme-siam-draa-tafilalet-devoile-une-terre-de-savoir-faire-et-de-resilience\\\/\"]}]},{\"@type\":\"ImageObject\",\"inLanguage\":\"fr-FR\",\"@id\":\"https:\\\/\\\/dpress.ma\\\/fr\\\/2026\\\/04\\\/28\\\/18eme-siam-draa-tafilalet-devoile-une-terre-de-savoir-faire-et-de-resilience\\\/#primaryimage\",\"url\":\"https:\\\/\\\/dpress.ma\\\/fr\\\/wp-content\\\/uploads\\\/sites\\\/2\\\/2026\\\/04\\\/44-14.jpg\",\"contentUrl\":\"https:\\\/\\\/dpress.ma\\\/fr\\\/wp-content\\\/uploads\\\/sites\\\/2\\\/2026\\\/04\\\/44-14.jpg\",\"width\":2539,\"height\":1594},{\"@type\":\"BreadcrumbList\",\"@id\":\"https:\\\/\\\/dpress.ma\\\/fr\\\/2026\\\/04\\\/28\\\/18eme-siam-draa-tafilalet-devoile-une-terre-de-savoir-faire-et-de-resilience\\\/#breadcrumb\",\"itemListElement\":[{\"@type\":\"ListItem\",\"position\":1,\"name\":\"Home\",\"item\":\"https:\\\/\\\/dpress.ma\\\/fr\\\/\"},{\"@type\":\"ListItem\",\"position\":2,\"name\":\"18\u00e8me SIAM : Dr\u00e2a-Tafilalet d\u00e9voile une terre de savoir-faire et de r\u00e9silience\"}]},{\"@type\":\"WebSite\",\"@id\":\"https:\\\/\\\/dpress.ma\\\/fr\\\/#website\",\"url\":\"https:\\\/\\\/dpress.ma\\\/fr\\\/\",\"name\":\"Dpress.ma\\\/fr\",\"description\":\"\",\"potentialAction\":[{\"@type\":\"SearchAction\",\"target\":{\"@type\":\"EntryPoint\",\"urlTemplate\":\"https:\\\/\\\/dpress.ma\\\/fr\\\/?s={search_term_string}\"},\"query-input\":{\"@type\":\"PropertyValueSpecification\",\"valueRequired\":true,\"valueName\":\"search_term_string\"}}],\"inLanguage\":\"fr-FR\"},{\"@type\":\"Person\",\"@id\":\"https:\\\/\\\/dpress.ma\\\/fr\\\/#\\\/schema\\\/person\\\/4898febf3ccd59e6578d838656a306a0\",\"name\":\"Dpress.ma\",\"image\":{\"@type\":\"ImageObject\",\"inLanguage\":\"fr-FR\",\"@id\":\"https:\\\/\\\/secure.gravatar.com\\\/avatar\\\/72ecc30e9db047a2e0e7176561eb9d564ed77c8108376495b19bd8336405198a?s=96&d=mm&r=g\",\"url\":\"https:\\\/\\\/secure.gravatar.com\\\/avatar\\\/72ecc30e9db047a2e0e7176561eb9d564ed77c8108376495b19bd8336405198a?s=96&d=mm&r=g\",\"contentUrl\":\"https:\\\/\\\/secure.gravatar.com\\\/avatar\\\/72ecc30e9db047a2e0e7176561eb9d564ed77c8108376495b19bd8336405198a?s=96&d=mm&r=g\",\"caption\":\"Dpress.ma\"},\"sameAs\":[\"https:\\\/\\\/www.dpress.ma\"],\"url\":\"https:\\\/\\\/dpress.ma\\\/fr\\\/author\\\/dpress-ma\\\/\"}]}<\/script>\n<!-- \/ Yoast SEO plugin. -->","yoast_head_json":{"title":"18\u00e8me SIAM : Dr\u00e2a-Tafilalet d\u00e9voile une terre de savoir-faire et de r\u00e9silience - Dpress.ma\/fr","robots":{"index":"index","follow":"follow","max-snippet":"max-snippet:-1","max-image-preview":"max-image-preview:large","max-video-preview":"max-video-preview:-1"},"canonical":"https:\/\/dpress.ma\/fr\/2026\/04\/28\/18eme-siam-draa-tafilalet-devoile-une-terre-de-savoir-faire-et-de-resilience\/","og_locale":"fr_FR","og_type":"article","og_title":"18\u00e8me SIAM : Dr\u00e2a-Tafilalet d\u00e9voile une terre de savoir-faire et de r\u00e9silience - Dpress.ma\/fr","og_description":"Dpress Au c\u0153ur de l\u2019effervescence du 18\u00e8me Salon International de l\u2019Agriculture au Maroc (SIAM), entre stands anim\u00e9s et effluves de produits du terroir, la r\u00e9gion de Dr\u00e2a-Tafilalet attire l\u2019attention par la richesse et la diversit\u00e9 de son pavillon. Ici, l\u2019agriculture se vit, s\u2019expose et se transmet comme un h\u00e9ritage. Pr\u00e9sente dans plusieurs p\u00f4les du Salon, &hellip;","og_url":"https:\/\/dpress.ma\/fr\/2026\/04\/28\/18eme-siam-draa-tafilalet-devoile-une-terre-de-savoir-faire-et-de-resilience\/","og_site_name":"Dpress.ma\/fr","article_published_time":"2026-04-28T10:16:21+00:00","article_modified_time":"2026-04-28T10:16:23+00:00","og_image":[{"width":2539,"height":1594,"url":"https:\/\/dpress.ma\/fr\/wp-content\/uploads\/sites\/2\/2026\/04\/44-14.jpg","type":"image\/jpeg"}],"author":"Dpress.ma","twitter_card":"summary_large_image","twitter_misc":{"\u00c9crit par":"Dpress.ma","Dur\u00e9e de lecture estim\u00e9e":"4 minutes"},"schema":{"@context":"https:\/\/schema.org","@graph":[{"@type":"Article","@id":"https:\/\/dpress.ma\/fr\/2026\/04\/28\/18eme-siam-draa-tafilalet-devoile-une-terre-de-savoir-faire-et-de-resilience\/#article","isPartOf":{"@id":"https:\/\/dpress.ma\/fr\/2026\/04\/28\/18eme-siam-draa-tafilalet-devoile-une-terre-de-savoir-faire-et-de-resilience\/"},"author":{"name":"Dpress.ma","@id":"https:\/\/dpress.ma\/fr\/#\/schema\/person\/4898febf3ccd59e6578d838656a306a0"},"headline":"18\u00e8me SIAM : Dr\u00e2a-Tafilalet d\u00e9voile une terre de savoir-faire et de r\u00e9silience","datePublished":"2026-04-28T10:16:21+00:00","dateModified":"2026-04-28T10:16:23+00:00","mainEntityOfPage":{"@id":"https:\/\/dpress.ma\/fr\/2026\/04\/28\/18eme-siam-draa-tafilalet-devoile-une-terre-de-savoir-faire-et-de-resilience\/"},"wordCount":861,"commentCount":0,"image":{"@id":"https:\/\/dpress.ma\/fr\/2026\/04\/28\/18eme-siam-draa-tafilalet-devoile-une-terre-de-savoir-faire-et-de-resilience\/#primaryimage"},"thumbnailUrl":"https:\/\/dpress.ma\/fr\/wp-content\/uploads\/sites\/2\/2026\/04\/44-14.jpg","articleSection":["\u00c9conomie"],"inLanguage":"fr-FR","potentialAction":[{"@type":"CommentAction","name":"Comment","target":["https:\/\/dpress.ma\/fr\/2026\/04\/28\/18eme-siam-draa-tafilalet-devoile-une-terre-de-savoir-faire-et-de-resilience\/#respond"]}]},{"@type":"WebPage","@id":"https:\/\/dpress.ma\/fr\/2026\/04\/28\/18eme-siam-draa-tafilalet-devoile-une-terre-de-savoir-faire-et-de-resilience\/","url":"https:\/\/dpress.ma\/fr\/2026\/04\/28\/18eme-siam-draa-tafilalet-devoile-une-terre-de-savoir-faire-et-de-resilience\/","name":"18\u00e8me SIAM : Dr\u00e2a-Tafilalet d\u00e9voile une terre de savoir-faire et de r\u00e9silience - Dpress.ma\/fr","isPartOf":{"@id":"https:\/\/dpress.ma\/fr\/#website"},"primaryImageOfPage":{"@id":"https:\/\/dpress.ma\/fr\/2026\/04\/28\/18eme-siam-draa-tafilalet-devoile-une-terre-de-savoir-faire-et-de-resilience\/#primaryimage"},"image":{"@id":"https:\/\/dpress.ma\/fr\/2026\/04\/28\/18eme-siam-draa-tafilalet-devoile-une-terre-de-savoir-faire-et-de-resilience\/#primaryimage"},"thumbnailUrl":"https:\/\/dpress.ma\/fr\/wp-content\/uploads\/sites\/2\/2026\/04\/44-14.jpg","datePublished":"2026-04-28T10:16:21+00:00","dateModified":"2026-04-28T10:16:23+00:00","author":{"@id":"https:\/\/dpress.ma\/fr\/#\/schema\/person\/4898febf3ccd59e6578d838656a306a0"},"breadcrumb":{"@id":"https:\/\/dpress.ma\/fr\/2026\/04\/28\/18eme-siam-draa-tafilalet-devoile-une-terre-de-savoir-faire-et-de-resilience\/#breadcrumb"},"inLanguage":"fr-FR","potentialAction":[{"@type":"ReadAction","target":["https:\/\/dpress.ma\/fr\/2026\/04\/28\/18eme-siam-draa-tafilalet-devoile-une-terre-de-savoir-faire-et-de-resilience\/"]}]},{"@type":"ImageObject","inLanguage":"fr-FR","@id":"https:\/\/dpress.ma\/fr\/2026\/04\/28\/18eme-siam-draa-tafilalet-devoile-une-terre-de-savoir-faire-et-de-resilience\/#primaryimage","url":"https:\/\/dpress.ma\/fr\/wp-content\/uploads\/sites\/2\/2026\/04\/44-14.jpg","contentUrl":"https:\/\/dpress.ma\/fr\/wp-content\/uploads\/sites\/2\/2026\/04\/44-14.jpg","width":2539,"height":1594},{"@type":"BreadcrumbList","@id":"https:\/\/dpress.ma\/fr\/2026\/04\/28\/18eme-siam-draa-tafilalet-devoile-une-terre-de-savoir-faire-et-de-resilience\/#breadcrumb","itemListElement":[{"@type":"ListItem","position":1,"name":"Home","item":"https:\/\/dpress.ma\/fr\/"},{"@type":"ListItem","position":2,"name":"18\u00e8me SIAM : Dr\u00e2a-Tafilalet d\u00e9voile une terre de savoir-faire et de r\u00e9silience"}]},{"@type":"WebSite","@id":"https:\/\/dpress.ma\/fr\/#website","url":"https:\/\/dpress.ma\/fr\/","name":"Dpress.ma\/fr","description":"","potentialAction":[{"@type":"SearchAction","target":{"@type":"EntryPoint","urlTemplate":"https:\/\/dpress.ma\/fr\/?s={search_term_string}"},"query-input":{"@type":"PropertyValueSpecification","valueRequired":true,"valueName":"search_term_string"}}],"inLanguage":"fr-FR"},{"@type":"Person","@id":"https:\/\/dpress.ma\/fr\/#\/schema\/person\/4898febf3ccd59e6578d838656a306a0","name":"Dpress.ma","image":{"@type":"ImageObject","inLanguage":"fr-FR","@id":"https:\/\/secure.gravatar.com\/avatar\/72ecc30e9db047a2e0e7176561eb9d564ed77c8108376495b19bd8336405198a?s=96&d=mm&r=g","url":"https:\/\/secure.gravatar.com\/avatar\/72ecc30e9db047a2e0e7176561eb9d564ed77c8108376495b19bd8336405198a?s=96&d=mm&r=g","contentUrl":"https:\/\/secure.gravatar.com\/avatar\/72ecc30e9db047a2e0e7176561eb9d564ed77c8108376495b19bd8336405198a?s=96&d=mm&r=g","caption":"Dpress.ma"},"sameAs":["https:\/\/www.dpress.ma"],"url":"https:\/\/dpress.ma\/fr\/author\/dpress-ma\/"}]}},"amp_enabled":true,"_links":{"self":[{"href":"https:\/\/dpress.ma\/fr\/wp-json\/wp\/v2\/posts\/29535","targetHints":{"allow":["GET"]}}],"collection":[{"href":"https:\/\/dpress.ma\/fr\/wp-json\/wp\/v2\/posts"}],"about":[{"href":"https:\/\/dpress.ma\/fr\/wp-json\/wp\/v2\/types\/post"}],"author":[{"embeddable":true,"href":"https:\/\/dpress.ma\/fr\/wp-json\/wp\/v2\/users\/2"}],"replies":[{"embeddable":true,"href":"https:\/\/dpress.ma\/fr\/wp-json\/wp\/v2\/comments?post=29535"}],"version-history":[{"count":1,"href":"https:\/\/dpress.ma\/fr\/wp-json\/wp\/v2\/posts\/29535\/revisions"}],"predecessor-version":[{"id":29537,"href":"https:\/\/dpress.ma\/fr\/wp-json\/wp\/v2\/posts\/29535\/revisions\/29537"}],"wp:featuredmedia":[{"embeddable":true,"href":"https:\/\/dpress.ma\/fr\/wp-json\/wp\/v2\/media\/29536"}],"wp:attachment":[{"href":"https:\/\/dpress.ma\/fr\/wp-json\/wp\/v2\/media?parent=29535"}],"wp:term":[{"taxonomy":"category","embeddable":true,"href":"https:\/\/dpress.ma\/fr\/wp-json\/wp\/v2\/categories?post=29535"},{"taxonomy":"post_tag","embeddable":true,"href":"https:\/\/dpress.ma\/fr\/wp-json\/wp\/v2\/tags?post=29535"}],"curies":[{"name":"wp","href":"https:\/\/api.w.org\/{rel}","templated":true}]}}