{"id":29518,"date":"2026-04-28T09:30:50","date_gmt":"2026-04-28T09:30:50","guid":{"rendered":"https:\/\/dpress.ma\/fr\/?p=29518"},"modified":"2026-04-28T09:30:52","modified_gmt":"2026-04-28T09:30:52","slug":"defis-de-lia-le-maroc-a-opte-pour-une-modernisation-maitrisee-ethique-et-inclusive","status":"publish","type":"post","link":"https:\/\/dpress.ma\/fr\/2026\/04\/28\/defis-de-lia-le-maroc-a-opte-pour-une-modernisation-maitrisee-ethique-et-inclusive\/","title":{"rendered":"D\u00e9fis de l\u2019IA : le Maroc a opt\u00e9 pour une \u201cmodernisation ma\u00eetris\u00e9e, \u00e9thique et inclusive\u201d"},"content":{"rendered":"\n<p>Dpress<\/p>\n\n\n\n<p>Le Maroc, conform\u00e9ment \u00e0 la Vision \u00e9clair\u00e9e de Sa Majest\u00e9 le Roi Mohammed VI, qui place l\u2019humain au c\u0153ur du d\u00e9veloppement, a choisi la voie d\u2019une \u201cmodernisation ma\u00eetris\u00e9e, \u00e9thique et inclusive\u201d pour faire face aux d\u00e9fis que soul\u00e8ve l\u2019intelligence artificielle (IA), a soulign\u00e9, lundi \u00e0 F\u00e8s, le ministre de l\u2019Inclusion \u00e9conomique, de la Petite entreprise, de l\u2019Emploi et des Comp\u00e9tences, Younes Sekkouri.<\/p>\n\n\n\n<p>\u201cLe Maroc n\u2019est pas neutre dans le d\u00e9bat sur l\u2019IA. (\u2026) Il a fait un choix d\u00e9lib\u00e9r\u00e9 : Ni le repli technologique, ni la solution au march\u00e9, mais une troisi\u00e8me voie, celle d\u2019une modernisation ma\u00eetris\u00e9e, \u00e9thique et inclusive\u201d, a dit le ministre, qui s\u2019exprimait en ouverture des Rencontres de l\u2019Universit\u00e9 Euromed de F\u00e8s (UEMF) sur l\u2019alliance des civilisations, organis\u00e9es sous le Haut Patronage de Sa Majest\u00e9 le Roi Mohammed VI autour de \u201cl\u2019avenir de la civilisation humaine \u00e0 l\u2019\u00e9preuve de l\u2019intelligence artificielle\u201d (IA).<\/p>\n\n\n\n<p>Car, a-t-il relev\u00e9, l\u2019intelligence artificielle n\u2019est pas simplement une r\u00e9volution technologique, mais une \u201c\u00e9preuve politique de notre capacit\u00e9 collective \u00e0 d\u00e9cider et non \u00e0 subir\u201d.<\/p>\n\n\n\n<p>Face \u00e0 la posture de panique, qui consid\u00e8re que le travail humain est condamn\u00e9, et celle de l\u2019enthousiasme, qui estime que l\u2019IA va tout r\u00e9soudre, il convient d\u2019emprunter la troisi\u00e8me voie et faire en sorte que l\u2019Homme prenne ses responsabilit\u00e9s, pour mieux orienter la marche de l\u2019intelligence artificielle, a indiqu\u00e9 M. Sekkouri.<\/p>\n\n\n\n<p>\u201cL\u2019IA ne remplacera pas le travail humain. Ce sont les humains qui ne ma\u00eetrisent pas la technologie qui se retrouveront \u00e0 c\u00f4t\u00e9 de la marche de l\u2019histoire. Le vrai risque n\u2019est pas l\u2019IA, mais c\u2019est la d\u00e9cision politique absente et qui laisse la place \u00e0 une d\u00e9cision m\u00e9canique qui va la remplacer\u201d, a-t-il soutenu, notant que les comp\u00e9tences de demain ne sont pas techniques, mais d\u2019abord humaines.<\/p>\n\n\n\n<p>Il a insist\u00e9, \u00e0 cet \u00e9gard, sur la pens\u00e9e cr\u00e9ative, le leadership, la pens\u00e9e analytique et la capacit\u00e9 \u00e0 collaborer.<\/p>\n\n\n\n<p>Le ministre a, par ailleurs, soulign\u00e9 l\u2019importance de l\u2019approche politique pour pouvoir prendre l\u2019IA en main. \u201cSi les Nations unies ont plaid\u00e9 pour un nouveau contrat social qui dialogue avec la technologie et l\u2019IA, les instruments de la d\u00e9cision publique qui donnent \u00e0 ce contrat social tout son prolongement ne sont pas encore pr\u00e9sents, et c\u2019est l\u00e0 o\u00f9 il faudra agir d\u2019urgence\u201d, a-t-il dit.<\/p>\n\n\n\n<p>Il a appel\u00e9 les jeunes \u00e0 apprendre \u00e0 poser les bonnes questions, car, selon lui, le dialogue n\u2019est pas tellement avec l\u2019IA, mais avec l\u2019intelligence humaine, par rapport \u00e0 sa propre d\u00e9finition.<\/p>\n\n\n\n<p>Organis\u00e9es en collaboration avec la Chaire des Nations unies pour l\u2019Alliance des Civilisations et en partenariat avec la Ligue islamique mondiale (Muslim World League) et l\u2019Alliance des Civilisations des Nations unies (UNAOC), ces rencontres sont con\u00e7ues comme une \u2018\u2019plateforme strat\u00e9gique\u2019\u2019 de dialogue et de r\u00e9flexion sur les mutations majeures induites par l\u2019IA.<\/p>\n","protected":false},"excerpt":{"rendered":"<p>Dpress Le Maroc, conform\u00e9ment \u00e0 la Vision \u00e9clair\u00e9e de Sa Majest\u00e9 le Roi Mohammed VI, qui place l\u2019humain au c\u0153ur du d\u00e9veloppement, a choisi la voie d\u2019une \u201cmodernisation ma\u00eetris\u00e9e, \u00e9thique et inclusive\u201d pour faire face aux d\u00e9fis que soul\u00e8ve l\u2019intelligence artificielle (IA), a soulign\u00e9, lundi \u00e0 F\u00e8s, le ministre de l\u2019Inclusion \u00e9conomique, de la Petite &hellip;<\/p>\n","protected":false},"author":2,"featured_media":29519,"comment_status":"open","ping_status":"open","sticky":false,"template":"","format":"standard","meta":{"footnotes":""},"categories":[41],"tags":[],"class_list":["post-29518","post","type-post","status-publish","format-standard","has-post-thumbnail","hentry","category-opinions-et-debats"],"yoast_head":"<!-- This site is optimized with the Yoast SEO plugin v27.4 - https:\/\/yoast.com\/product\/yoast-seo-wordpress\/ -->\n<title>D\u00e9fis de l\u2019IA : le Maroc a opt\u00e9 pour une \u201cmodernisation ma\u00eetris\u00e9e, \u00e9thique et inclusive\u201d - Dpress.ma\/fr<\/title>\n<meta name=\"robots\" content=\"index, follow, max-snippet:-1, max-image-preview:large, max-video-preview:-1\" \/>\n<link rel=\"canonical\" href=\"https:\/\/dpress.ma\/fr\/2026\/04\/28\/defis-de-lia-le-maroc-a-opte-pour-une-modernisation-maitrisee-ethique-et-inclusive\/\" \/>\n<meta property=\"og:locale\" content=\"fr_FR\" \/>\n<meta property=\"og:type\" content=\"article\" \/>\n<meta property=\"og:title\" content=\"D\u00e9fis de l\u2019IA : le Maroc a opt\u00e9 pour une \u201cmodernisation ma\u00eetris\u00e9e, \u00e9thique et inclusive\u201d - Dpress.ma\/fr\" \/>\n<meta property=\"og:description\" content=\"Dpress Le Maroc, conform\u00e9ment \u00e0 la Vision \u00e9clair\u00e9e de Sa Majest\u00e9 le Roi Mohammed VI, qui place l\u2019humain au c\u0153ur du d\u00e9veloppement, a choisi la voie d\u2019une \u201cmodernisation ma\u00eetris\u00e9e, \u00e9thique et inclusive\u201d pour faire face aux d\u00e9fis que soul\u00e8ve l\u2019intelligence artificielle (IA), a soulign\u00e9, lundi \u00e0 F\u00e8s, le ministre de l\u2019Inclusion \u00e9conomique, de la Petite &hellip;\" \/>\n<meta property=\"og:url\" content=\"https:\/\/dpress.ma\/fr\/2026\/04\/28\/defis-de-lia-le-maroc-a-opte-pour-une-modernisation-maitrisee-ethique-et-inclusive\/\" \/>\n<meta property=\"og:site_name\" content=\"Dpress.ma\/fr\" \/>\n<meta property=\"article:published_time\" content=\"2026-04-28T09:30:50+00:00\" \/>\n<meta property=\"article:modified_time\" content=\"2026-04-28T09:30:52+00:00\" \/>\n<meta property=\"og:image\" content=\"https:\/\/dpress.ma\/fr\/wp-content\/uploads\/sites\/2\/2026\/04\/33-11.jpg\" \/>\n\t<meta property=\"og:image:width\" content=\"2539\" \/>\n\t<meta property=\"og:image:height\" content=\"1594\" \/>\n\t<meta property=\"og:image:type\" content=\"image\/jpeg\" \/>\n<meta name=\"author\" content=\"Dpress.ma\" \/>\n<meta name=\"twitter:card\" content=\"summary_large_image\" \/>\n<meta name=\"twitter:label1\" content=\"\u00c9crit par\" \/>\n\t<meta name=\"twitter:data1\" content=\"Dpress.ma\" \/>\n\t<meta name=\"twitter:label2\" content=\"Dur\u00e9e de lecture estim\u00e9e\" \/>\n\t<meta name=\"twitter:data2\" content=\"3 minutes\" \/>\n<script type=\"application\/ld+json\" class=\"yoast-schema-graph\">{\"@context\":\"https:\\\/\\\/schema.org\",\"@graph\":[{\"@type\":\"Article\",\"@id\":\"https:\\\/\\\/dpress.ma\\\/fr\\\/2026\\\/04\\\/28\\\/defis-de-lia-le-maroc-a-opte-pour-une-modernisation-maitrisee-ethique-et-inclusive\\\/#article\",\"isPartOf\":{\"@id\":\"https:\\\/\\\/dpress.ma\\\/fr\\\/2026\\\/04\\\/28\\\/defis-de-lia-le-maroc-a-opte-pour-une-modernisation-maitrisee-ethique-et-inclusive\\\/\"},\"author\":{\"name\":\"Dpress.ma\",\"@id\":\"https:\\\/\\\/dpress.ma\\\/fr\\\/#\\\/schema\\\/person\\\/4898febf3ccd59e6578d838656a306a0\"},\"headline\":\"D\u00e9fis de l\u2019IA : le Maroc a opt\u00e9 pour une \u201cmodernisation ma\u00eetris\u00e9e, \u00e9thique et inclusive\u201d\",\"datePublished\":\"2026-04-28T09:30:50+00:00\",\"dateModified\":\"2026-04-28T09:30:52+00:00\",\"mainEntityOfPage\":{\"@id\":\"https:\\\/\\\/dpress.ma\\\/fr\\\/2026\\\/04\\\/28\\\/defis-de-lia-le-maroc-a-opte-pour-une-modernisation-maitrisee-ethique-et-inclusive\\\/\"},\"wordCount\":539,\"commentCount\":0,\"image\":{\"@id\":\"https:\\\/\\\/dpress.ma\\\/fr\\\/2026\\\/04\\\/28\\\/defis-de-lia-le-maroc-a-opte-pour-une-modernisation-maitrisee-ethique-et-inclusive\\\/#primaryimage\"},\"thumbnailUrl\":\"https:\\\/\\\/dpress.ma\\\/fr\\\/wp-content\\\/uploads\\\/sites\\\/2\\\/2026\\\/04\\\/33-11.jpg\",\"articleSection\":[\"opinions-et-debats\"],\"inLanguage\":\"fr-FR\",\"potentialAction\":[{\"@type\":\"CommentAction\",\"name\":\"Comment\",\"target\":[\"https:\\\/\\\/dpress.ma\\\/fr\\\/2026\\\/04\\\/28\\\/defis-de-lia-le-maroc-a-opte-pour-une-modernisation-maitrisee-ethique-et-inclusive\\\/#respond\"]}]},{\"@type\":\"WebPage\",\"@id\":\"https:\\\/\\\/dpress.ma\\\/fr\\\/2026\\\/04\\\/28\\\/defis-de-lia-le-maroc-a-opte-pour-une-modernisation-maitrisee-ethique-et-inclusive\\\/\",\"url\":\"https:\\\/\\\/dpress.ma\\\/fr\\\/2026\\\/04\\\/28\\\/defis-de-lia-le-maroc-a-opte-pour-une-modernisation-maitrisee-ethique-et-inclusive\\\/\",\"name\":\"D\u00e9fis de l\u2019IA : le Maroc a opt\u00e9 pour une \u201cmodernisation ma\u00eetris\u00e9e, \u00e9thique et inclusive\u201d - Dpress.ma\\\/fr\",\"isPartOf\":{\"@id\":\"https:\\\/\\\/dpress.ma\\\/fr\\\/#website\"},\"primaryImageOfPage\":{\"@id\":\"https:\\\/\\\/dpress.ma\\\/fr\\\/2026\\\/04\\\/28\\\/defis-de-lia-le-maroc-a-opte-pour-une-modernisation-maitrisee-ethique-et-inclusive\\\/#primaryimage\"},\"image\":{\"@id\":\"https:\\\/\\\/dpress.ma\\\/fr\\\/2026\\\/04\\\/28\\\/defis-de-lia-le-maroc-a-opte-pour-une-modernisation-maitrisee-ethique-et-inclusive\\\/#primaryimage\"},\"thumbnailUrl\":\"https:\\\/\\\/dpress.ma\\\/fr\\\/wp-content\\\/uploads\\\/sites\\\/2\\\/2026\\\/04\\\/33-11.jpg\",\"datePublished\":\"2026-04-28T09:30:50+00:00\",\"dateModified\":\"2026-04-28T09:30:52+00:00\",\"author\":{\"@id\":\"https:\\\/\\\/dpress.ma\\\/fr\\\/#\\\/schema\\\/person\\\/4898febf3ccd59e6578d838656a306a0\"},\"breadcrumb\":{\"@id\":\"https:\\\/\\\/dpress.ma\\\/fr\\\/2026\\\/04\\\/28\\\/defis-de-lia-le-maroc-a-opte-pour-une-modernisation-maitrisee-ethique-et-inclusive\\\/#breadcrumb\"},\"inLanguage\":\"fr-FR\",\"potentialAction\":[{\"@type\":\"ReadAction\",\"target\":[\"https:\\\/\\\/dpress.ma\\\/fr\\\/2026\\\/04\\\/28\\\/defis-de-lia-le-maroc-a-opte-pour-une-modernisation-maitrisee-ethique-et-inclusive\\\/\"]}]},{\"@type\":\"ImageObject\",\"inLanguage\":\"fr-FR\",\"@id\":\"https:\\\/\\\/dpress.ma\\\/fr\\\/2026\\\/04\\\/28\\\/defis-de-lia-le-maroc-a-opte-pour-une-modernisation-maitrisee-ethique-et-inclusive\\\/#primaryimage\",\"url\":\"https:\\\/\\\/dpress.ma\\\/fr\\\/wp-content\\\/uploads\\\/sites\\\/2\\\/2026\\\/04\\\/33-11.jpg\",\"contentUrl\":\"https:\\\/\\\/dpress.ma\\\/fr\\\/wp-content\\\/uploads\\\/sites\\\/2\\\/2026\\\/04\\\/33-11.jpg\",\"width\":2539,\"height\":1594},{\"@type\":\"BreadcrumbList\",\"@id\":\"https:\\\/\\\/dpress.ma\\\/fr\\\/2026\\\/04\\\/28\\\/defis-de-lia-le-maroc-a-opte-pour-une-modernisation-maitrisee-ethique-et-inclusive\\\/#breadcrumb\",\"itemListElement\":[{\"@type\":\"ListItem\",\"position\":1,\"name\":\"Home\",\"item\":\"https:\\\/\\\/dpress.ma\\\/fr\\\/\"},{\"@type\":\"ListItem\",\"position\":2,\"name\":\"D\u00e9fis de l\u2019IA : le Maroc a opt\u00e9 pour une \u201cmodernisation ma\u00eetris\u00e9e, \u00e9thique et inclusive\u201d\"}]},{\"@type\":\"WebSite\",\"@id\":\"https:\\\/\\\/dpress.ma\\\/fr\\\/#website\",\"url\":\"https:\\\/\\\/dpress.ma\\\/fr\\\/\",\"name\":\"Dpress.ma\\\/fr\",\"description\":\"\",\"potentialAction\":[{\"@type\":\"SearchAction\",\"target\":{\"@type\":\"EntryPoint\",\"urlTemplate\":\"https:\\\/\\\/dpress.ma\\\/fr\\\/?s={search_term_string}\"},\"query-input\":{\"@type\":\"PropertyValueSpecification\",\"valueRequired\":true,\"valueName\":\"search_term_string\"}}],\"inLanguage\":\"fr-FR\"},{\"@type\":\"Person\",\"@id\":\"https:\\\/\\\/dpress.ma\\\/fr\\\/#\\\/schema\\\/person\\\/4898febf3ccd59e6578d838656a306a0\",\"name\":\"Dpress.ma\",\"image\":{\"@type\":\"ImageObject\",\"inLanguage\":\"fr-FR\",\"@id\":\"https:\\\/\\\/secure.gravatar.com\\\/avatar\\\/72ecc30e9db047a2e0e7176561eb9d564ed77c8108376495b19bd8336405198a?s=96&d=mm&r=g\",\"url\":\"https:\\\/\\\/secure.gravatar.com\\\/avatar\\\/72ecc30e9db047a2e0e7176561eb9d564ed77c8108376495b19bd8336405198a?s=96&d=mm&r=g\",\"contentUrl\":\"https:\\\/\\\/secure.gravatar.com\\\/avatar\\\/72ecc30e9db047a2e0e7176561eb9d564ed77c8108376495b19bd8336405198a?s=96&d=mm&r=g\",\"caption\":\"Dpress.ma\"},\"sameAs\":[\"https:\\\/\\\/www.dpress.ma\"],\"url\":\"https:\\\/\\\/dpress.ma\\\/fr\\\/author\\\/dpress-ma\\\/\"}]}<\/script>\n<!-- \/ Yoast SEO plugin. -->","yoast_head_json":{"title":"D\u00e9fis de l\u2019IA : le Maroc a opt\u00e9 pour une \u201cmodernisation ma\u00eetris\u00e9e, \u00e9thique et inclusive\u201d - Dpress.ma\/fr","robots":{"index":"index","follow":"follow","max-snippet":"max-snippet:-1","max-image-preview":"max-image-preview:large","max-video-preview":"max-video-preview:-1"},"canonical":"https:\/\/dpress.ma\/fr\/2026\/04\/28\/defis-de-lia-le-maroc-a-opte-pour-une-modernisation-maitrisee-ethique-et-inclusive\/","og_locale":"fr_FR","og_type":"article","og_title":"D\u00e9fis de l\u2019IA : le Maroc a opt\u00e9 pour une \u201cmodernisation ma\u00eetris\u00e9e, \u00e9thique et inclusive\u201d - Dpress.ma\/fr","og_description":"Dpress Le Maroc, conform\u00e9ment \u00e0 la Vision \u00e9clair\u00e9e de Sa Majest\u00e9 le Roi Mohammed VI, qui place l\u2019humain au c\u0153ur du d\u00e9veloppement, a choisi la voie d\u2019une \u201cmodernisation ma\u00eetris\u00e9e, \u00e9thique et inclusive\u201d pour faire face aux d\u00e9fis que soul\u00e8ve l\u2019intelligence artificielle (IA), a soulign\u00e9, lundi \u00e0 F\u00e8s, le ministre de l\u2019Inclusion \u00e9conomique, de la Petite &hellip;","og_url":"https:\/\/dpress.ma\/fr\/2026\/04\/28\/defis-de-lia-le-maroc-a-opte-pour-une-modernisation-maitrisee-ethique-et-inclusive\/","og_site_name":"Dpress.ma\/fr","article_published_time":"2026-04-28T09:30:50+00:00","article_modified_time":"2026-04-28T09:30:52+00:00","og_image":[{"width":2539,"height":1594,"url":"https:\/\/dpress.ma\/fr\/wp-content\/uploads\/sites\/2\/2026\/04\/33-11.jpg","type":"image\/jpeg"}],"author":"Dpress.ma","twitter_card":"summary_large_image","twitter_misc":{"\u00c9crit par":"Dpress.ma","Dur\u00e9e de lecture estim\u00e9e":"3 minutes"},"schema":{"@context":"https:\/\/schema.org","@graph":[{"@type":"Article","@id":"https:\/\/dpress.ma\/fr\/2026\/04\/28\/defis-de-lia-le-maroc-a-opte-pour-une-modernisation-maitrisee-ethique-et-inclusive\/#article","isPartOf":{"@id":"https:\/\/dpress.ma\/fr\/2026\/04\/28\/defis-de-lia-le-maroc-a-opte-pour-une-modernisation-maitrisee-ethique-et-inclusive\/"},"author":{"name":"Dpress.ma","@id":"https:\/\/dpress.ma\/fr\/#\/schema\/person\/4898febf3ccd59e6578d838656a306a0"},"headline":"D\u00e9fis de l\u2019IA : le Maroc a opt\u00e9 pour une \u201cmodernisation ma\u00eetris\u00e9e, \u00e9thique et inclusive\u201d","datePublished":"2026-04-28T09:30:50+00:00","dateModified":"2026-04-28T09:30:52+00:00","mainEntityOfPage":{"@id":"https:\/\/dpress.ma\/fr\/2026\/04\/28\/defis-de-lia-le-maroc-a-opte-pour-une-modernisation-maitrisee-ethique-et-inclusive\/"},"wordCount":539,"commentCount":0,"image":{"@id":"https:\/\/dpress.ma\/fr\/2026\/04\/28\/defis-de-lia-le-maroc-a-opte-pour-une-modernisation-maitrisee-ethique-et-inclusive\/#primaryimage"},"thumbnailUrl":"https:\/\/dpress.ma\/fr\/wp-content\/uploads\/sites\/2\/2026\/04\/33-11.jpg","articleSection":["opinions-et-debats"],"inLanguage":"fr-FR","potentialAction":[{"@type":"CommentAction","name":"Comment","target":["https:\/\/dpress.ma\/fr\/2026\/04\/28\/defis-de-lia-le-maroc-a-opte-pour-une-modernisation-maitrisee-ethique-et-inclusive\/#respond"]}]},{"@type":"WebPage","@id":"https:\/\/dpress.ma\/fr\/2026\/04\/28\/defis-de-lia-le-maroc-a-opte-pour-une-modernisation-maitrisee-ethique-et-inclusive\/","url":"https:\/\/dpress.ma\/fr\/2026\/04\/28\/defis-de-lia-le-maroc-a-opte-pour-une-modernisation-maitrisee-ethique-et-inclusive\/","name":"D\u00e9fis de l\u2019IA : le Maroc a opt\u00e9 pour une \u201cmodernisation ma\u00eetris\u00e9e, \u00e9thique et inclusive\u201d - Dpress.ma\/fr","isPartOf":{"@id":"https:\/\/dpress.ma\/fr\/#website"},"primaryImageOfPage":{"@id":"https:\/\/dpress.ma\/fr\/2026\/04\/28\/defis-de-lia-le-maroc-a-opte-pour-une-modernisation-maitrisee-ethique-et-inclusive\/#primaryimage"},"image":{"@id":"https:\/\/dpress.ma\/fr\/2026\/04\/28\/defis-de-lia-le-maroc-a-opte-pour-une-modernisation-maitrisee-ethique-et-inclusive\/#primaryimage"},"thumbnailUrl":"https:\/\/dpress.ma\/fr\/wp-content\/uploads\/sites\/2\/2026\/04\/33-11.jpg","datePublished":"2026-04-28T09:30:50+00:00","dateModified":"2026-04-28T09:30:52+00:00","author":{"@id":"https:\/\/dpress.ma\/fr\/#\/schema\/person\/4898febf3ccd59e6578d838656a306a0"},"breadcrumb":{"@id":"https:\/\/dpress.ma\/fr\/2026\/04\/28\/defis-de-lia-le-maroc-a-opte-pour-une-modernisation-maitrisee-ethique-et-inclusive\/#breadcrumb"},"inLanguage":"fr-FR","potentialAction":[{"@type":"ReadAction","target":["https:\/\/dpress.ma\/fr\/2026\/04\/28\/defis-de-lia-le-maroc-a-opte-pour-une-modernisation-maitrisee-ethique-et-inclusive\/"]}]},{"@type":"ImageObject","inLanguage":"fr-FR","@id":"https:\/\/dpress.ma\/fr\/2026\/04\/28\/defis-de-lia-le-maroc-a-opte-pour-une-modernisation-maitrisee-ethique-et-inclusive\/#primaryimage","url":"https:\/\/dpress.ma\/fr\/wp-content\/uploads\/sites\/2\/2026\/04\/33-11.jpg","contentUrl":"https:\/\/dpress.ma\/fr\/wp-content\/uploads\/sites\/2\/2026\/04\/33-11.jpg","width":2539,"height":1594},{"@type":"BreadcrumbList","@id":"https:\/\/dpress.ma\/fr\/2026\/04\/28\/defis-de-lia-le-maroc-a-opte-pour-une-modernisation-maitrisee-ethique-et-inclusive\/#breadcrumb","itemListElement":[{"@type":"ListItem","position":1,"name":"Home","item":"https:\/\/dpress.ma\/fr\/"},{"@type":"ListItem","position":2,"name":"D\u00e9fis de l\u2019IA : le Maroc a opt\u00e9 pour une \u201cmodernisation ma\u00eetris\u00e9e, \u00e9thique et inclusive\u201d"}]},{"@type":"WebSite","@id":"https:\/\/dpress.ma\/fr\/#website","url":"https:\/\/dpress.ma\/fr\/","name":"Dpress.ma\/fr","description":"","potentialAction":[{"@type":"SearchAction","target":{"@type":"EntryPoint","urlTemplate":"https:\/\/dpress.ma\/fr\/?s={search_term_string}"},"query-input":{"@type":"PropertyValueSpecification","valueRequired":true,"valueName":"search_term_string"}}],"inLanguage":"fr-FR"},{"@type":"Person","@id":"https:\/\/dpress.ma\/fr\/#\/schema\/person\/4898febf3ccd59e6578d838656a306a0","name":"Dpress.ma","image":{"@type":"ImageObject","inLanguage":"fr-FR","@id":"https:\/\/secure.gravatar.com\/avatar\/72ecc30e9db047a2e0e7176561eb9d564ed77c8108376495b19bd8336405198a?s=96&d=mm&r=g","url":"https:\/\/secure.gravatar.com\/avatar\/72ecc30e9db047a2e0e7176561eb9d564ed77c8108376495b19bd8336405198a?s=96&d=mm&r=g","contentUrl":"https:\/\/secure.gravatar.com\/avatar\/72ecc30e9db047a2e0e7176561eb9d564ed77c8108376495b19bd8336405198a?s=96&d=mm&r=g","caption":"Dpress.ma"},"sameAs":["https:\/\/www.dpress.ma"],"url":"https:\/\/dpress.ma\/fr\/author\/dpress-ma\/"}]}},"amp_enabled":true,"_links":{"self":[{"href":"https:\/\/dpress.ma\/fr\/wp-json\/wp\/v2\/posts\/29518","targetHints":{"allow":["GET"]}}],"collection":[{"href":"https:\/\/dpress.ma\/fr\/wp-json\/wp\/v2\/posts"}],"about":[{"href":"https:\/\/dpress.ma\/fr\/wp-json\/wp\/v2\/types\/post"}],"author":[{"embeddable":true,"href":"https:\/\/dpress.ma\/fr\/wp-json\/wp\/v2\/users\/2"}],"replies":[{"embeddable":true,"href":"https:\/\/dpress.ma\/fr\/wp-json\/wp\/v2\/comments?post=29518"}],"version-history":[{"count":1,"href":"https:\/\/dpress.ma\/fr\/wp-json\/wp\/v2\/posts\/29518\/revisions"}],"predecessor-version":[{"id":29520,"href":"https:\/\/dpress.ma\/fr\/wp-json\/wp\/v2\/posts\/29518\/revisions\/29520"}],"wp:featuredmedia":[{"embeddable":true,"href":"https:\/\/dpress.ma\/fr\/wp-json\/wp\/v2\/media\/29519"}],"wp:attachment":[{"href":"https:\/\/dpress.ma\/fr\/wp-json\/wp\/v2\/media?parent=29518"}],"wp:term":[{"taxonomy":"category","embeddable":true,"href":"https:\/\/dpress.ma\/fr\/wp-json\/wp\/v2\/categories?post=29518"},{"taxonomy":"post_tag","embeddable":true,"href":"https:\/\/dpress.ma\/fr\/wp-json\/wp\/v2\/tags?post=29518"}],"curies":[{"name":"wp","href":"https:\/\/api.w.org\/{rel}","templated":true}]}}