{"id":29515,"date":"2026-04-28T09:27:34","date_gmt":"2026-04-28T09:27:34","guid":{"rendered":"https:\/\/dpress.ma\/fr\/?p=29515"},"modified":"2026-04-28T09:27:35","modified_gmt":"2026-04-28T09:27:35","slug":"colloque-a-rabat-sur-le-role-de-lindustrie-de-ledition-dans-le-renforcement-de-la-conscience-societale","status":"publish","type":"post","link":"https:\/\/dpress.ma\/fr\/2026\/04\/28\/colloque-a-rabat-sur-le-role-de-lindustrie-de-ledition-dans-le-renforcement-de-la-conscience-societale\/","title":{"rendered":"Colloque \u00e0 Rabat sur le r\u00f4le de l\u2019industrie de l\u2019\u00e9dition dans le renforcement de la conscience soci\u00e9tale"},"content":{"rendered":"\n<p>Dpress<\/p>\n\n\n\n<p>Un colloque international sur le r\u00f4le de l\u2019\u00e9dition dans le renforcement de la conscience soci\u00e9tale et de la s\u00e9curit\u00e9 intellectuelle s\u2019est ouvert lundi \u00e0 Rabat, \u00e0 l\u2019initiative de l\u2019Organisation islamique pour l\u2019\u00e9ducation, les sciences et la culture (ICESCO), dans le cadre du programme \u201cRabat, Capitale mondiale du livre 2026\u201d.<\/p>\n\n\n\n<p>Organis\u00e9 en partenariat avec l\u2019Universit\u00e9 arabe Naif des sciences de la s\u00e9curit\u00e9, cet \u00e9v\u00e9nement vise \u00e0 sensibiliser au r\u00f4le de l\u2019industrie de l\u2019\u00e9dition face aux d\u00e9fis intellectuels et culturels contemporains, ainsi qu\u2019\u00e0 promouvoir la s\u00e9curit\u00e9 intellectuelle et soci\u00e9tale, \u00e0 travers le d\u00e9veloppement d\u2019un contenu responsable contribuant \u00e0 consolider les valeurs de tol\u00e9rance et d\u2019ouverture, \u00e0 lutter contre les discours de haine et l\u2019extr\u00e9misme, et \u00e0 combattre la d\u00e9sinformation dans les espaces traditionnels et num\u00e9riques.<\/p>\n\n\n\n<p>A cette occasion, le directeur g\u00e9n\u00e9ral de l\u2019ICESCO, Salim bin Mohamed Al-Malik, a affirm\u00e9 que l\u2019Organisation poursuit ses efforts en vue de soutenir l\u2019\u00e9dition scientifique et culturelle, promouvoir une culture de la v\u00e9rification et \u00e9largir l\u2019acc\u00e8s \u00e0 des connaissances fiables, \u00e0 la faveur des partenariats scientifiques dans ce domaine.<\/p>\n\n\n\n<p>Il a \u00e9galement mis en avant l\u2019importance d\u2019\u00e9tablir une d\u00e9ontologie propre au secteur de l\u2019\u00e9dition fond\u00e9e sur la fiabilit\u00e9, la pr\u00e9cision et le respect de l\u2019intelligence du lecteur, tout en incitant les jeunes g\u00e9n\u00e9rations \u00e0 v\u00e9rifier leurs sources.<\/p>\n\n\n\n<p>Dans le cadre de la c\u00e9l\u00e9bration du programme \u201cRabat, Capitale mondiale du livre 2026\u201d, M. Al-Malik a appel\u00e9 \u00e0 l\u2019\u00e9laboration d\u2019une feuille de route associant les acteurs concern\u00e9s pour un code de d\u00e9ontologie responsable, un programme d\u2019\u00e9ducation \u00e0 la connaissance destin\u00e9 aux jeunes et une plateforme num\u00e9rique d\u00e9di\u00e9e \u00e0 l\u2019\u00e9dition scientifique, \u00e0 m\u00eame d\u2019ouvrir de nouvelles perspectives pour consolider la qualit\u00e9 et l\u2019\u00e9thique de l\u2019\u00e9dition.<\/p>\n\n\n\n<p>Pour sa part, le secr\u00e9taire du Conseil supr\u00eame de l\u2019Universit\u00e9 Arabe Naif des sciences de la s\u00e9curit\u00e9, Khalid bin Abdulaziz Alharfash a mis en exergue l\u2019importance de ce colloque dans la prise de conscience profonde du r\u00f4le central de l\u2019\u00e9dition dans l\u2019\u00e9dification d\u2019une soci\u00e9t\u00e9 du savoir mondiale, en tant que passerelle pour l\u2019\u00e9change d\u2019id\u00e9es et le transfert des sciences et levier pour renforcer la conscience soci\u00e9tale et consacrer les valeurs de mod\u00e9ration.<\/p>\n\n\n\n<p>Dans un contexte mondial marqu\u00e9 par l\u2019essor num\u00e9rique, notamment dans le secteur de l\u2019\u00e9dition, les donn\u00e9es de 2025 font \u00e9tat de changements fondamentaux, particuli\u00e8rement un recours croissant au contenu digital et l\u2019expansion des plateformes interactives, a-t-il dit.<\/p>\n\n\n\n<p>De son c\u00f4t\u00e9, le ministre de la Jeunesse, de la Culture et de la Communication, Mohamed Mehdi Bensaid, a fait savoir que la question de la s\u00e9curit\u00e9 intellectuelle est principalement li\u00e9e \u00e0 la \u201cconstruction de la conscience\u201d, sachant que le livre constitue le premier rempart prot\u00e9geant l\u2019esprit des jeunes contre les id\u00e9es extr\u00e9mistes et erron\u00e9es.<\/p>\n\n\n\n<p>Dans une allocution lue en son nom par la directrice du livre, des biblioth\u00e8ques et des archives au minist\u00e8re, Ghizlane Drous, M. Bensaid a jug\u00e9 important de conjuguer les efforts en vue de la diffusion de contenus \u00e9difiants et instructifs, \u00e0 m\u00eame de consacrer les valeurs de tol\u00e9rance et de coexistence.<\/p>\n\n\n\n<p>Le ministre de la Justice, Abdellatif Ouahbi a, quant \u00e0 lui, fait observer que le Maroc ambitionne, dans le cadre de sa strat\u00e9gie visant \u00e0 prot\u00e9ger les informations, \u00e0 garantir la s\u00e9curit\u00e9 de la publication et \u00e0 pr\u00e9server les int\u00e9r\u00eats prot\u00e9g\u00e9s par la loi.<\/p>\n\n\n\n<p>Dans une allocution lue en son nom par le directeur des affaires p\u00e9nales, des gr\u00e2ces et de la d\u00e9tection de la criminalit\u00e9 au minist\u00e8re de la Justice, Hicham Mellati, le ministre rappel\u00e9 que les mesures prises \u00e0 cet effet s\u2019articulent autour de trois axes fondamentaux, \u00e0 savoir l\u2019adoption d\u2019une s\u00e9rie de conventions, la modernisation du cadre juridique et le d\u00e9veloppement institutionnel.<\/p>\n\n\n\n<p>Ce colloque de deux jours, marqu\u00e9 par la participation de responsables gouvernementaux et d\u2019experts, comprend six tables rondes, ainsi qu\u2019un atelier de formation sp\u00e9cialis\u00e9 sous le th\u00e8me \u201c\u00c9dition et s\u00e9curit\u00e9 intellectuelle : de la protection des contenus \u00e0 la construction de la conscience soci\u00e9tale\u201d.<\/p>\n","protected":false},"excerpt":{"rendered":"<p>Dpress Un colloque international sur le r\u00f4le de l\u2019\u00e9dition dans le renforcement de la conscience soci\u00e9tale et de la s\u00e9curit\u00e9 intellectuelle s\u2019est ouvert lundi \u00e0 Rabat, \u00e0 l\u2019initiative de l\u2019Organisation islamique pour l\u2019\u00e9ducation, les sciences et la culture (ICESCO), dans le cadre du programme \u201cRabat, Capitale mondiale du livre 2026\u201d. Organis\u00e9 en partenariat avec l\u2019Universit\u00e9 &hellip;<\/p>\n","protected":false},"author":2,"featured_media":29516,"comment_status":"open","ping_status":"open","sticky":false,"template":"","format":"standard","meta":{"footnotes":""},"categories":[31],"tags":[],"class_list":["post-29515","post","type-post","status-publish","format-standard","has-post-thumbnail","hentry","category-art-et-culture"],"yoast_head":"<!-- This site is optimized with the Yoast SEO plugin v27.4 - https:\/\/yoast.com\/product\/yoast-seo-wordpress\/ -->\n<title>Colloque \u00e0 Rabat sur le r\u00f4le de l\u2019industrie de l\u2019\u00e9dition dans le renforcement de la conscience soci\u00e9tale - Dpress.ma\/fr<\/title>\n<meta name=\"robots\" content=\"index, follow, max-snippet:-1, max-image-preview:large, max-video-preview:-1\" \/>\n<link rel=\"canonical\" href=\"https:\/\/dpress.ma\/fr\/2026\/04\/28\/colloque-a-rabat-sur-le-role-de-lindustrie-de-ledition-dans-le-renforcement-de-la-conscience-societale\/\" \/>\n<meta property=\"og:locale\" content=\"fr_FR\" \/>\n<meta property=\"og:type\" content=\"article\" \/>\n<meta property=\"og:title\" content=\"Colloque \u00e0 Rabat sur le r\u00f4le de l\u2019industrie de l\u2019\u00e9dition dans le renforcement de la conscience soci\u00e9tale - Dpress.ma\/fr\" \/>\n<meta property=\"og:description\" content=\"Dpress Un colloque international sur le r\u00f4le de l\u2019\u00e9dition dans le renforcement de la conscience soci\u00e9tale et de la s\u00e9curit\u00e9 intellectuelle s\u2019est ouvert lundi \u00e0 Rabat, \u00e0 l\u2019initiative de l\u2019Organisation islamique pour l\u2019\u00e9ducation, les sciences et la culture (ICESCO), dans le cadre du programme \u201cRabat, Capitale mondiale du livre 2026\u201d. Organis\u00e9 en partenariat avec l\u2019Universit\u00e9 &hellip;\" \/>\n<meta property=\"og:url\" content=\"https:\/\/dpress.ma\/fr\/2026\/04\/28\/colloque-a-rabat-sur-le-role-de-lindustrie-de-ledition-dans-le-renforcement-de-la-conscience-societale\/\" \/>\n<meta property=\"og:site_name\" content=\"Dpress.ma\/fr\" \/>\n<meta property=\"article:published_time\" content=\"2026-04-28T09:27:34+00:00\" \/>\n<meta property=\"article:modified_time\" content=\"2026-04-28T09:27:35+00:00\" \/>\n<meta property=\"og:image\" content=\"https:\/\/dpress.ma\/fr\/wp-content\/uploads\/sites\/2\/2026\/04\/32-12.jpg\" \/>\n\t<meta property=\"og:image:width\" content=\"2539\" \/>\n\t<meta property=\"og:image:height\" content=\"1594\" \/>\n\t<meta property=\"og:image:type\" content=\"image\/jpeg\" \/>\n<meta name=\"author\" content=\"Dpress.ma\" \/>\n<meta name=\"twitter:card\" content=\"summary_large_image\" \/>\n<meta name=\"twitter:label1\" content=\"\u00c9crit par\" \/>\n\t<meta name=\"twitter:data1\" content=\"Dpress.ma\" \/>\n\t<meta name=\"twitter:label2\" content=\"Dur\u00e9e de lecture estim\u00e9e\" \/>\n\t<meta name=\"twitter:data2\" content=\"4 minutes\" \/>\n<script type=\"application\/ld+json\" class=\"yoast-schema-graph\">{\"@context\":\"https:\\\/\\\/schema.org\",\"@graph\":[{\"@type\":\"Article\",\"@id\":\"https:\\\/\\\/dpress.ma\\\/fr\\\/2026\\\/04\\\/28\\\/colloque-a-rabat-sur-le-role-de-lindustrie-de-ledition-dans-le-renforcement-de-la-conscience-societale\\\/#article\",\"isPartOf\":{\"@id\":\"https:\\\/\\\/dpress.ma\\\/fr\\\/2026\\\/04\\\/28\\\/colloque-a-rabat-sur-le-role-de-lindustrie-de-ledition-dans-le-renforcement-de-la-conscience-societale\\\/\"},\"author\":{\"name\":\"Dpress.ma\",\"@id\":\"https:\\\/\\\/dpress.ma\\\/fr\\\/#\\\/schema\\\/person\\\/4898febf3ccd59e6578d838656a306a0\"},\"headline\":\"Colloque \u00e0 Rabat sur le r\u00f4le de l\u2019industrie de l\u2019\u00e9dition dans le renforcement de la conscience soci\u00e9tale\",\"datePublished\":\"2026-04-28T09:27:34+00:00\",\"dateModified\":\"2026-04-28T09:27:35+00:00\",\"mainEntityOfPage\":{\"@id\":\"https:\\\/\\\/dpress.ma\\\/fr\\\/2026\\\/04\\\/28\\\/colloque-a-rabat-sur-le-role-de-lindustrie-de-ledition-dans-le-renforcement-de-la-conscience-societale\\\/\"},\"wordCount\":747,\"commentCount\":0,\"image\":{\"@id\":\"https:\\\/\\\/dpress.ma\\\/fr\\\/2026\\\/04\\\/28\\\/colloque-a-rabat-sur-le-role-de-lindustrie-de-ledition-dans-le-renforcement-de-la-conscience-societale\\\/#primaryimage\"},\"thumbnailUrl\":\"https:\\\/\\\/dpress.ma\\\/fr\\\/wp-content\\\/uploads\\\/sites\\\/2\\\/2026\\\/04\\\/32-12.jpg\",\"articleSection\":[\"Art et Culture\"],\"inLanguage\":\"fr-FR\",\"potentialAction\":[{\"@type\":\"CommentAction\",\"name\":\"Comment\",\"target\":[\"https:\\\/\\\/dpress.ma\\\/fr\\\/2026\\\/04\\\/28\\\/colloque-a-rabat-sur-le-role-de-lindustrie-de-ledition-dans-le-renforcement-de-la-conscience-societale\\\/#respond\"]}]},{\"@type\":\"WebPage\",\"@id\":\"https:\\\/\\\/dpress.ma\\\/fr\\\/2026\\\/04\\\/28\\\/colloque-a-rabat-sur-le-role-de-lindustrie-de-ledition-dans-le-renforcement-de-la-conscience-societale\\\/\",\"url\":\"https:\\\/\\\/dpress.ma\\\/fr\\\/2026\\\/04\\\/28\\\/colloque-a-rabat-sur-le-role-de-lindustrie-de-ledition-dans-le-renforcement-de-la-conscience-societale\\\/\",\"name\":\"Colloque \u00e0 Rabat sur le r\u00f4le de l\u2019industrie de l\u2019\u00e9dition dans le renforcement de la conscience soci\u00e9tale - Dpress.ma\\\/fr\",\"isPartOf\":{\"@id\":\"https:\\\/\\\/dpress.ma\\\/fr\\\/#website\"},\"primaryImageOfPage\":{\"@id\":\"https:\\\/\\\/dpress.ma\\\/fr\\\/2026\\\/04\\\/28\\\/colloque-a-rabat-sur-le-role-de-lindustrie-de-ledition-dans-le-renforcement-de-la-conscience-societale\\\/#primaryimage\"},\"image\":{\"@id\":\"https:\\\/\\\/dpress.ma\\\/fr\\\/2026\\\/04\\\/28\\\/colloque-a-rabat-sur-le-role-de-lindustrie-de-ledition-dans-le-renforcement-de-la-conscience-societale\\\/#primaryimage\"},\"thumbnailUrl\":\"https:\\\/\\\/dpress.ma\\\/fr\\\/wp-content\\\/uploads\\\/sites\\\/2\\\/2026\\\/04\\\/32-12.jpg\",\"datePublished\":\"2026-04-28T09:27:34+00:00\",\"dateModified\":\"2026-04-28T09:27:35+00:00\",\"author\":{\"@id\":\"https:\\\/\\\/dpress.ma\\\/fr\\\/#\\\/schema\\\/person\\\/4898febf3ccd59e6578d838656a306a0\"},\"breadcrumb\":{\"@id\":\"https:\\\/\\\/dpress.ma\\\/fr\\\/2026\\\/04\\\/28\\\/colloque-a-rabat-sur-le-role-de-lindustrie-de-ledition-dans-le-renforcement-de-la-conscience-societale\\\/#breadcrumb\"},\"inLanguage\":\"fr-FR\",\"potentialAction\":[{\"@type\":\"ReadAction\",\"target\":[\"https:\\\/\\\/dpress.ma\\\/fr\\\/2026\\\/04\\\/28\\\/colloque-a-rabat-sur-le-role-de-lindustrie-de-ledition-dans-le-renforcement-de-la-conscience-societale\\\/\"]}]},{\"@type\":\"ImageObject\",\"inLanguage\":\"fr-FR\",\"@id\":\"https:\\\/\\\/dpress.ma\\\/fr\\\/2026\\\/04\\\/28\\\/colloque-a-rabat-sur-le-role-de-lindustrie-de-ledition-dans-le-renforcement-de-la-conscience-societale\\\/#primaryimage\",\"url\":\"https:\\\/\\\/dpress.ma\\\/fr\\\/wp-content\\\/uploads\\\/sites\\\/2\\\/2026\\\/04\\\/32-12.jpg\",\"contentUrl\":\"https:\\\/\\\/dpress.ma\\\/fr\\\/wp-content\\\/uploads\\\/sites\\\/2\\\/2026\\\/04\\\/32-12.jpg\",\"width\":2539,\"height\":1594},{\"@type\":\"BreadcrumbList\",\"@id\":\"https:\\\/\\\/dpress.ma\\\/fr\\\/2026\\\/04\\\/28\\\/colloque-a-rabat-sur-le-role-de-lindustrie-de-ledition-dans-le-renforcement-de-la-conscience-societale\\\/#breadcrumb\",\"itemListElement\":[{\"@type\":\"ListItem\",\"position\":1,\"name\":\"Home\",\"item\":\"https:\\\/\\\/dpress.ma\\\/fr\\\/\"},{\"@type\":\"ListItem\",\"position\":2,\"name\":\"Colloque \u00e0 Rabat sur le r\u00f4le de l\u2019industrie de l\u2019\u00e9dition dans le renforcement de la conscience soci\u00e9tale\"}]},{\"@type\":\"WebSite\",\"@id\":\"https:\\\/\\\/dpress.ma\\\/fr\\\/#website\",\"url\":\"https:\\\/\\\/dpress.ma\\\/fr\\\/\",\"name\":\"Dpress.ma\\\/fr\",\"description\":\"\",\"potentialAction\":[{\"@type\":\"SearchAction\",\"target\":{\"@type\":\"EntryPoint\",\"urlTemplate\":\"https:\\\/\\\/dpress.ma\\\/fr\\\/?s={search_term_string}\"},\"query-input\":{\"@type\":\"PropertyValueSpecification\",\"valueRequired\":true,\"valueName\":\"search_term_string\"}}],\"inLanguage\":\"fr-FR\"},{\"@type\":\"Person\",\"@id\":\"https:\\\/\\\/dpress.ma\\\/fr\\\/#\\\/schema\\\/person\\\/4898febf3ccd59e6578d838656a306a0\",\"name\":\"Dpress.ma\",\"image\":{\"@type\":\"ImageObject\",\"inLanguage\":\"fr-FR\",\"@id\":\"https:\\\/\\\/secure.gravatar.com\\\/avatar\\\/72ecc30e9db047a2e0e7176561eb9d564ed77c8108376495b19bd8336405198a?s=96&d=mm&r=g\",\"url\":\"https:\\\/\\\/secure.gravatar.com\\\/avatar\\\/72ecc30e9db047a2e0e7176561eb9d564ed77c8108376495b19bd8336405198a?s=96&d=mm&r=g\",\"contentUrl\":\"https:\\\/\\\/secure.gravatar.com\\\/avatar\\\/72ecc30e9db047a2e0e7176561eb9d564ed77c8108376495b19bd8336405198a?s=96&d=mm&r=g\",\"caption\":\"Dpress.ma\"},\"sameAs\":[\"https:\\\/\\\/www.dpress.ma\"],\"url\":\"https:\\\/\\\/dpress.ma\\\/fr\\\/author\\\/dpress-ma\\\/\"}]}<\/script>\n<!-- \/ Yoast SEO plugin. -->","yoast_head_json":{"title":"Colloque \u00e0 Rabat sur le r\u00f4le de l\u2019industrie de l\u2019\u00e9dition dans le renforcement de la conscience soci\u00e9tale - Dpress.ma\/fr","robots":{"index":"index","follow":"follow","max-snippet":"max-snippet:-1","max-image-preview":"max-image-preview:large","max-video-preview":"max-video-preview:-1"},"canonical":"https:\/\/dpress.ma\/fr\/2026\/04\/28\/colloque-a-rabat-sur-le-role-de-lindustrie-de-ledition-dans-le-renforcement-de-la-conscience-societale\/","og_locale":"fr_FR","og_type":"article","og_title":"Colloque \u00e0 Rabat sur le r\u00f4le de l\u2019industrie de l\u2019\u00e9dition dans le renforcement de la conscience soci\u00e9tale - Dpress.ma\/fr","og_description":"Dpress Un colloque international sur le r\u00f4le de l\u2019\u00e9dition dans le renforcement de la conscience soci\u00e9tale et de la s\u00e9curit\u00e9 intellectuelle s\u2019est ouvert lundi \u00e0 Rabat, \u00e0 l\u2019initiative de l\u2019Organisation islamique pour l\u2019\u00e9ducation, les sciences et la culture (ICESCO), dans le cadre du programme \u201cRabat, Capitale mondiale du livre 2026\u201d. Organis\u00e9 en partenariat avec l\u2019Universit\u00e9 &hellip;","og_url":"https:\/\/dpress.ma\/fr\/2026\/04\/28\/colloque-a-rabat-sur-le-role-de-lindustrie-de-ledition-dans-le-renforcement-de-la-conscience-societale\/","og_site_name":"Dpress.ma\/fr","article_published_time":"2026-04-28T09:27:34+00:00","article_modified_time":"2026-04-28T09:27:35+00:00","og_image":[{"width":2539,"height":1594,"url":"https:\/\/dpress.ma\/fr\/wp-content\/uploads\/sites\/2\/2026\/04\/32-12.jpg","type":"image\/jpeg"}],"author":"Dpress.ma","twitter_card":"summary_large_image","twitter_misc":{"\u00c9crit par":"Dpress.ma","Dur\u00e9e de lecture estim\u00e9e":"4 minutes"},"schema":{"@context":"https:\/\/schema.org","@graph":[{"@type":"Article","@id":"https:\/\/dpress.ma\/fr\/2026\/04\/28\/colloque-a-rabat-sur-le-role-de-lindustrie-de-ledition-dans-le-renforcement-de-la-conscience-societale\/#article","isPartOf":{"@id":"https:\/\/dpress.ma\/fr\/2026\/04\/28\/colloque-a-rabat-sur-le-role-de-lindustrie-de-ledition-dans-le-renforcement-de-la-conscience-societale\/"},"author":{"name":"Dpress.ma","@id":"https:\/\/dpress.ma\/fr\/#\/schema\/person\/4898febf3ccd59e6578d838656a306a0"},"headline":"Colloque \u00e0 Rabat sur le r\u00f4le de l\u2019industrie de l\u2019\u00e9dition dans le renforcement de la conscience soci\u00e9tale","datePublished":"2026-04-28T09:27:34+00:00","dateModified":"2026-04-28T09:27:35+00:00","mainEntityOfPage":{"@id":"https:\/\/dpress.ma\/fr\/2026\/04\/28\/colloque-a-rabat-sur-le-role-de-lindustrie-de-ledition-dans-le-renforcement-de-la-conscience-societale\/"},"wordCount":747,"commentCount":0,"image":{"@id":"https:\/\/dpress.ma\/fr\/2026\/04\/28\/colloque-a-rabat-sur-le-role-de-lindustrie-de-ledition-dans-le-renforcement-de-la-conscience-societale\/#primaryimage"},"thumbnailUrl":"https:\/\/dpress.ma\/fr\/wp-content\/uploads\/sites\/2\/2026\/04\/32-12.jpg","articleSection":["Art et Culture"],"inLanguage":"fr-FR","potentialAction":[{"@type":"CommentAction","name":"Comment","target":["https:\/\/dpress.ma\/fr\/2026\/04\/28\/colloque-a-rabat-sur-le-role-de-lindustrie-de-ledition-dans-le-renforcement-de-la-conscience-societale\/#respond"]}]},{"@type":"WebPage","@id":"https:\/\/dpress.ma\/fr\/2026\/04\/28\/colloque-a-rabat-sur-le-role-de-lindustrie-de-ledition-dans-le-renforcement-de-la-conscience-societale\/","url":"https:\/\/dpress.ma\/fr\/2026\/04\/28\/colloque-a-rabat-sur-le-role-de-lindustrie-de-ledition-dans-le-renforcement-de-la-conscience-societale\/","name":"Colloque \u00e0 Rabat sur le r\u00f4le de l\u2019industrie de l\u2019\u00e9dition dans le renforcement de la conscience soci\u00e9tale - Dpress.ma\/fr","isPartOf":{"@id":"https:\/\/dpress.ma\/fr\/#website"},"primaryImageOfPage":{"@id":"https:\/\/dpress.ma\/fr\/2026\/04\/28\/colloque-a-rabat-sur-le-role-de-lindustrie-de-ledition-dans-le-renforcement-de-la-conscience-societale\/#primaryimage"},"image":{"@id":"https:\/\/dpress.ma\/fr\/2026\/04\/28\/colloque-a-rabat-sur-le-role-de-lindustrie-de-ledition-dans-le-renforcement-de-la-conscience-societale\/#primaryimage"},"thumbnailUrl":"https:\/\/dpress.ma\/fr\/wp-content\/uploads\/sites\/2\/2026\/04\/32-12.jpg","datePublished":"2026-04-28T09:27:34+00:00","dateModified":"2026-04-28T09:27:35+00:00","author":{"@id":"https:\/\/dpress.ma\/fr\/#\/schema\/person\/4898febf3ccd59e6578d838656a306a0"},"breadcrumb":{"@id":"https:\/\/dpress.ma\/fr\/2026\/04\/28\/colloque-a-rabat-sur-le-role-de-lindustrie-de-ledition-dans-le-renforcement-de-la-conscience-societale\/#breadcrumb"},"inLanguage":"fr-FR","potentialAction":[{"@type":"ReadAction","target":["https:\/\/dpress.ma\/fr\/2026\/04\/28\/colloque-a-rabat-sur-le-role-de-lindustrie-de-ledition-dans-le-renforcement-de-la-conscience-societale\/"]}]},{"@type":"ImageObject","inLanguage":"fr-FR","@id":"https:\/\/dpress.ma\/fr\/2026\/04\/28\/colloque-a-rabat-sur-le-role-de-lindustrie-de-ledition-dans-le-renforcement-de-la-conscience-societale\/#primaryimage","url":"https:\/\/dpress.ma\/fr\/wp-content\/uploads\/sites\/2\/2026\/04\/32-12.jpg","contentUrl":"https:\/\/dpress.ma\/fr\/wp-content\/uploads\/sites\/2\/2026\/04\/32-12.jpg","width":2539,"height":1594},{"@type":"BreadcrumbList","@id":"https:\/\/dpress.ma\/fr\/2026\/04\/28\/colloque-a-rabat-sur-le-role-de-lindustrie-de-ledition-dans-le-renforcement-de-la-conscience-societale\/#breadcrumb","itemListElement":[{"@type":"ListItem","position":1,"name":"Home","item":"https:\/\/dpress.ma\/fr\/"},{"@type":"ListItem","position":2,"name":"Colloque \u00e0 Rabat sur le r\u00f4le de l\u2019industrie de l\u2019\u00e9dition dans le renforcement de la conscience soci\u00e9tale"}]},{"@type":"WebSite","@id":"https:\/\/dpress.ma\/fr\/#website","url":"https:\/\/dpress.ma\/fr\/","name":"Dpress.ma\/fr","description":"","potentialAction":[{"@type":"SearchAction","target":{"@type":"EntryPoint","urlTemplate":"https:\/\/dpress.ma\/fr\/?s={search_term_string}"},"query-input":{"@type":"PropertyValueSpecification","valueRequired":true,"valueName":"search_term_string"}}],"inLanguage":"fr-FR"},{"@type":"Person","@id":"https:\/\/dpress.ma\/fr\/#\/schema\/person\/4898febf3ccd59e6578d838656a306a0","name":"Dpress.ma","image":{"@type":"ImageObject","inLanguage":"fr-FR","@id":"https:\/\/secure.gravatar.com\/avatar\/72ecc30e9db047a2e0e7176561eb9d564ed77c8108376495b19bd8336405198a?s=96&d=mm&r=g","url":"https:\/\/secure.gravatar.com\/avatar\/72ecc30e9db047a2e0e7176561eb9d564ed77c8108376495b19bd8336405198a?s=96&d=mm&r=g","contentUrl":"https:\/\/secure.gravatar.com\/avatar\/72ecc30e9db047a2e0e7176561eb9d564ed77c8108376495b19bd8336405198a?s=96&d=mm&r=g","caption":"Dpress.ma"},"sameAs":["https:\/\/www.dpress.ma"],"url":"https:\/\/dpress.ma\/fr\/author\/dpress-ma\/"}]}},"amp_enabled":true,"_links":{"self":[{"href":"https:\/\/dpress.ma\/fr\/wp-json\/wp\/v2\/posts\/29515","targetHints":{"allow":["GET"]}}],"collection":[{"href":"https:\/\/dpress.ma\/fr\/wp-json\/wp\/v2\/posts"}],"about":[{"href":"https:\/\/dpress.ma\/fr\/wp-json\/wp\/v2\/types\/post"}],"author":[{"embeddable":true,"href":"https:\/\/dpress.ma\/fr\/wp-json\/wp\/v2\/users\/2"}],"replies":[{"embeddable":true,"href":"https:\/\/dpress.ma\/fr\/wp-json\/wp\/v2\/comments?post=29515"}],"version-history":[{"count":1,"href":"https:\/\/dpress.ma\/fr\/wp-json\/wp\/v2\/posts\/29515\/revisions"}],"predecessor-version":[{"id":29517,"href":"https:\/\/dpress.ma\/fr\/wp-json\/wp\/v2\/posts\/29515\/revisions\/29517"}],"wp:featuredmedia":[{"embeddable":true,"href":"https:\/\/dpress.ma\/fr\/wp-json\/wp\/v2\/media\/29516"}],"wp:attachment":[{"href":"https:\/\/dpress.ma\/fr\/wp-json\/wp\/v2\/media?parent=29515"}],"wp:term":[{"taxonomy":"category","embeddable":true,"href":"https:\/\/dpress.ma\/fr\/wp-json\/wp\/v2\/categories?post=29515"},{"taxonomy":"post_tag","embeddable":true,"href":"https:\/\/dpress.ma\/fr\/wp-json\/wp\/v2\/tags?post=29515"}],"curies":[{"name":"wp","href":"https:\/\/api.w.org\/{rel}","templated":true}]}}