{"id":29512,"date":"2026-04-28T09:25:57","date_gmt":"2026-04-28T09:25:57","guid":{"rendered":"https:\/\/dpress.ma\/fr\/?p=29512"},"modified":"2026-04-28T09:25:59","modified_gmt":"2026-04-28T09:25:59","slug":"forum-national-du-commerce-plaidoyer-pour-le-renforcement-de-la-digitalisation-et-la-promotion-du-e-commerce","status":"publish","type":"post","link":"https:\/\/dpress.ma\/fr\/2026\/04\/28\/forum-national-du-commerce-plaidoyer-pour-le-renforcement-de-la-digitalisation-et-la-promotion-du-e-commerce\/","title":{"rendered":"Forum national du commerce : Plaidoyer pour le renforcement de la digitalisation et la promotion du e-commerce"},"content":{"rendered":"\n<p>Dpress<\/p>\n\n\n\n<p>Les participants au Forum national du commerce, tenu lundi \u00e0 Marrakech, ont plaid\u00e9 en faveur du renforcement de la digitalisation, de la promotion du e-commerce et de l\u2019acc\u00e9l\u00e9ration de l\u2019inclusion financi\u00e8re.<\/p>\n\n\n\n<p>Dans des recommandations sanctionnant les travaux de cette rencontre, les intervenants ont appel\u00e9 \u00e0 moderniser le cadre juridique r\u00e9gissant le secteur du commerce, tout en accordant une attention particuli\u00e8re \u00e0 la restructuration de la r\u00e9partition g\u00e9ographique des activit\u00e9s commerciales.<\/p>\n\n\n\n<p>De m\u00eame, ils ont soulign\u00e9 la n\u00e9cessit\u00e9 de la mise \u00e0 niveau et de la modernisation des plateformes commerciales, ainsi que du d\u00e9veloppement des comp\u00e9tences, \u00e0 travers la formation continue, et de l\u2019am\u00e9lioration des services sociaux au profit de cette cat\u00e9gorie professionnelle.<\/p>\n\n\n\n<p>Il a \u00e9galement \u00e9t\u00e9 recommand\u00e9 d\u2019optimiser et d\u2019appuyer le d\u00e9veloppement du commerce rural, de donner un coup de pouce au commerce de proximit\u00e9 et de consolider l\u2019efficacit\u00e9 logistique et des cha\u00eenes d\u2019approvisionnement courtes, tout en promouvant le label \u201cMade in Morocco\u201d et en \u0153uvrant pour la structuration des marques commerciales et le d\u00e9veloppement du syst\u00e8me de franchise.<\/p>\n\n\n\n<p>Plac\u00e9 sous le Haut Patronage de Sa Majest\u00e9 le Roi Mohammed VI, le forum national du commerce, initi\u00e9 par le minist\u00e8re de l\u2019Industrie et du Commerce en partenariat avec la F\u00e9d\u00e9ration des Chambres de commerce, d\u2019industrie et de services et les associations professionnelles de commer\u00e7ants, a r\u00e9uni plus de 1.500 participants, dont des acteurs institutionnels, publics et priv\u00e9s, ainsi que des experts, universitaires et repr\u00e9sentants des commer\u00e7ants, dans le but d\u2019instaurer un dialogue participatif et constructif visant \u00e0 renforcer la Feuille de route du secteur du commerce \u00e0 l\u2019horizon 2030.<\/p>\n\n\n\n<p>Ce rendez-vous a \u00e9galement mis en lumi\u00e8re les progr\u00e8s significatifs r\u00e9alis\u00e9s par le Royaume dans ce secteur crucial, gr\u00e2ce \u00e0 la vision \u00e9clair\u00e9e de Sa Majest\u00e9 le Roi Mohammed VI, ainsi qu\u2019\u00e0 la dynamique de r\u00e9forme engag\u00e9e depuis 2019 \u00e0 travers une feuille de route int\u00e9gr\u00e9e issue du Forum national du commerce tenu la m\u00eame ann\u00e9e.<\/p>\n\n\n\n<p>Cette strat\u00e9gie repose sur quatre axes principaux, \u00e0 savoir la protection sociale, la digitalisation, l\u2019inclusion financi\u00e8re et l\u2019am\u00e9lioration de l\u2019approvisionnement, d\u00e9clin\u00e9s au niveau territorial en partenariat avec les diff\u00e9rents intervenants.<\/p>\n\n\n\n<p>Selon des donn\u00e9es du minist\u00e8re de l\u2019Industrie et du commerce, dans le cadre du chantier de g\u00e9n\u00e9ralisation de la couverture sociale, plus de 483.000 commer\u00e7ants ont b\u00e9n\u00e9fici\u00e9 de l\u2019Assurance maladie obligatoire (AMO), en application des Hautes Orientations Royales.<\/p>\n\n\n\n<p>Parall\u00e8lement, le minist\u00e8re a lanc\u00e9, en partenariat avec des institutions de r\u00e9f\u00e9rence, un programme ambitieux de digitalisation ayant pour but d\u2019\u00e9largir l\u2019acc\u00e8s des commer\u00e7ants aux solutions num\u00e9riques. Ainsi, la plateforme d\u2019acc\u00e9l\u00e9ration de la digitalisation du secteur du commerce \u201cMRTB\u201d a \u00e9t\u00e9 mise en place, en partenariat avec l\u2019Universit\u00e9 Mohammed VI Polytechnique (UM6P) et la Fondation OCP.<\/p>\n\n\n\n<p>La deuxi\u00e8me phase de ce programme, couvrant la p\u00e9riode 2025-2027, adoptera une approche r\u00e9gionale visant \u00e0 accompagner 300 startups et \u00e0 permettre \u00e0 100.000 commer\u00e7ants suppl\u00e9mentaires de b\u00e9n\u00e9ficier de solutions num\u00e9riques.<\/p>\n\n\n\n<p>L\u2019inclusion financi\u00e8re a \u00e9galement \u00e9t\u00e9 renforc\u00e9e \u00e0 travers des offres bancaires innovantes et le lancement, \u00e0 l\u2019\u00e9chelle nationale, de la \u201cCaravane nationale de l\u2019inclusion financi\u00e8re des commer\u00e7ants\u201d. Dans ce cadre, des partenariats strat\u00e9giques ont \u00e9t\u00e9 conclus afin d\u2019am\u00e9liorer les conditions de financement et de d\u00e9velopper les cha\u00eenes d\u2019approvisionnement.<\/p>\n\n\n\n<p>Lors de ce forum, plusieurs questions importantes relatives \u00e0 ce secteur ont \u00e9t\u00e9 d\u00e9battues, notamment le financement et la digitalisation, le renforcement du cadre r\u00e9glementaire pour cr\u00e9er un environnement favorable aux commer\u00e7ants, les strat\u00e9gies d\u2019urbanisme commercial, l\u2019\u00e9mergence d\u2019une nouvelle g\u00e9n\u00e9ration de plateformes commerciales, ainsi que la qualification du commer\u00e7ant, allant du d\u00e9veloppement des comp\u00e9tences \u00e0 l\u2019am\u00e9lioration des services sociaux, sans oublier la promotion du commerce rural au service du d\u00e9veloppement territorial.<\/p>\n\n\n\n<p>Ce processus participatif, entam\u00e9 lors des consultations r\u00e9gionales et couronn\u00e9 par ce Forum, a abouti \u00e0 l\u2019\u00e9laboration de 1.200 recommandations portant sur 11 axes prioritaires, prenant en compte les sp\u00e9cificit\u00e9s territoriales, les d\u00e9fis pratiques et les attentes des acteurs de terrain.<\/p>\n\n\n\n<p>Il convient de rappeler que le secteur du commerce a contribu\u00e9 en 2024 \u00e0 hauteur de 169 milliards de dirhams au produit int\u00e9rieur brut (PIB), soit pr\u00e8s de 10,6%, et constitue l\u2019un des principaux secteurs pourvoyeurs d\u2019emplois, avec plus de 1,6 million de postes d\u2019emploi.<\/p>\n","protected":false},"excerpt":{"rendered":"<p>Dpress Les participants au Forum national du commerce, tenu lundi \u00e0 Marrakech, ont plaid\u00e9 en faveur du renforcement de la digitalisation, de la promotion du e-commerce et de l\u2019acc\u00e9l\u00e9ration de l\u2019inclusion financi\u00e8re. Dans des recommandations sanctionnant les travaux de cette rencontre, les intervenants ont appel\u00e9 \u00e0 moderniser le cadre juridique r\u00e9gissant le secteur du commerce, &hellip;<\/p>\n","protected":false},"author":2,"featured_media":29513,"comment_status":"open","ping_status":"open","sticky":false,"template":"","format":"standard","meta":{"footnotes":""},"categories":[25],"tags":[],"class_list":["post-29512","post","type-post","status-publish","format-standard","has-post-thumbnail","hentry","category-economie"],"yoast_head":"<!-- This site is optimized with the Yoast SEO plugin v27.4 - https:\/\/yoast.com\/product\/yoast-seo-wordpress\/ -->\n<title>Forum national du commerce : Plaidoyer pour le renforcement de la digitalisation et la promotion du e-commerce - Dpress.ma\/fr<\/title>\n<meta name=\"robots\" content=\"index, follow, max-snippet:-1, max-image-preview:large, max-video-preview:-1\" \/>\n<link rel=\"canonical\" href=\"https:\/\/dpress.ma\/fr\/2026\/04\/28\/forum-national-du-commerce-plaidoyer-pour-le-renforcement-de-la-digitalisation-et-la-promotion-du-e-commerce\/\" \/>\n<meta property=\"og:locale\" content=\"fr_FR\" \/>\n<meta property=\"og:type\" content=\"article\" \/>\n<meta property=\"og:title\" content=\"Forum national du commerce : Plaidoyer pour le renforcement de la digitalisation et la promotion du e-commerce - Dpress.ma\/fr\" \/>\n<meta property=\"og:description\" content=\"Dpress Les participants au Forum national du commerce, tenu lundi \u00e0 Marrakech, ont plaid\u00e9 en faveur du renforcement de la digitalisation, de la promotion du e-commerce et de l\u2019acc\u00e9l\u00e9ration de l\u2019inclusion financi\u00e8re. Dans des recommandations sanctionnant les travaux de cette rencontre, les intervenants ont appel\u00e9 \u00e0 moderniser le cadre juridique r\u00e9gissant le secteur du commerce, &hellip;\" \/>\n<meta property=\"og:url\" content=\"https:\/\/dpress.ma\/fr\/2026\/04\/28\/forum-national-du-commerce-plaidoyer-pour-le-renforcement-de-la-digitalisation-et-la-promotion-du-e-commerce\/\" \/>\n<meta property=\"og:site_name\" content=\"Dpress.ma\/fr\" \/>\n<meta property=\"article:published_time\" content=\"2026-04-28T09:25:57+00:00\" \/>\n<meta property=\"article:modified_time\" content=\"2026-04-28T09:25:59+00:00\" \/>\n<meta property=\"og:image\" content=\"https:\/\/dpress.ma\/fr\/wp-content\/uploads\/sites\/2\/2026\/04\/31-11.jpg\" \/>\n\t<meta property=\"og:image:width\" content=\"2539\" \/>\n\t<meta property=\"og:image:height\" content=\"1594\" \/>\n\t<meta property=\"og:image:type\" content=\"image\/jpeg\" \/>\n<meta name=\"author\" content=\"Dpress.ma\" \/>\n<meta name=\"twitter:card\" content=\"summary_large_image\" \/>\n<meta name=\"twitter:label1\" content=\"\u00c9crit par\" \/>\n\t<meta name=\"twitter:data1\" content=\"Dpress.ma\" \/>\n\t<meta name=\"twitter:label2\" content=\"Dur\u00e9e de lecture estim\u00e9e\" \/>\n\t<meta name=\"twitter:data2\" content=\"4 minutes\" \/>\n<script type=\"application\/ld+json\" class=\"yoast-schema-graph\">{\"@context\":\"https:\\\/\\\/schema.org\",\"@graph\":[{\"@type\":\"Article\",\"@id\":\"https:\\\/\\\/dpress.ma\\\/fr\\\/2026\\\/04\\\/28\\\/forum-national-du-commerce-plaidoyer-pour-le-renforcement-de-la-digitalisation-et-la-promotion-du-e-commerce\\\/#article\",\"isPartOf\":{\"@id\":\"https:\\\/\\\/dpress.ma\\\/fr\\\/2026\\\/04\\\/28\\\/forum-national-du-commerce-plaidoyer-pour-le-renforcement-de-la-digitalisation-et-la-promotion-du-e-commerce\\\/\"},\"author\":{\"name\":\"Dpress.ma\",\"@id\":\"https:\\\/\\\/dpress.ma\\\/fr\\\/#\\\/schema\\\/person\\\/4898febf3ccd59e6578d838656a306a0\"},\"headline\":\"Forum national du commerce : Plaidoyer pour le renforcement de la digitalisation et la promotion du e-commerce\",\"datePublished\":\"2026-04-28T09:25:57+00:00\",\"dateModified\":\"2026-04-28T09:25:59+00:00\",\"mainEntityOfPage\":{\"@id\":\"https:\\\/\\\/dpress.ma\\\/fr\\\/2026\\\/04\\\/28\\\/forum-national-du-commerce-plaidoyer-pour-le-renforcement-de-la-digitalisation-et-la-promotion-du-e-commerce\\\/\"},\"wordCount\":789,\"commentCount\":0,\"image\":{\"@id\":\"https:\\\/\\\/dpress.ma\\\/fr\\\/2026\\\/04\\\/28\\\/forum-national-du-commerce-plaidoyer-pour-le-renforcement-de-la-digitalisation-et-la-promotion-du-e-commerce\\\/#primaryimage\"},\"thumbnailUrl\":\"https:\\\/\\\/dpress.ma\\\/fr\\\/wp-content\\\/uploads\\\/sites\\\/2\\\/2026\\\/04\\\/31-11.jpg\",\"articleSection\":[\"\u00c9conomie\"],\"inLanguage\":\"fr-FR\",\"potentialAction\":[{\"@type\":\"CommentAction\",\"name\":\"Comment\",\"target\":[\"https:\\\/\\\/dpress.ma\\\/fr\\\/2026\\\/04\\\/28\\\/forum-national-du-commerce-plaidoyer-pour-le-renforcement-de-la-digitalisation-et-la-promotion-du-e-commerce\\\/#respond\"]}]},{\"@type\":\"WebPage\",\"@id\":\"https:\\\/\\\/dpress.ma\\\/fr\\\/2026\\\/04\\\/28\\\/forum-national-du-commerce-plaidoyer-pour-le-renforcement-de-la-digitalisation-et-la-promotion-du-e-commerce\\\/\",\"url\":\"https:\\\/\\\/dpress.ma\\\/fr\\\/2026\\\/04\\\/28\\\/forum-national-du-commerce-plaidoyer-pour-le-renforcement-de-la-digitalisation-et-la-promotion-du-e-commerce\\\/\",\"name\":\"Forum national du commerce : Plaidoyer pour le renforcement de la digitalisation et la promotion du e-commerce - Dpress.ma\\\/fr\",\"isPartOf\":{\"@id\":\"https:\\\/\\\/dpress.ma\\\/fr\\\/#website\"},\"primaryImageOfPage\":{\"@id\":\"https:\\\/\\\/dpress.ma\\\/fr\\\/2026\\\/04\\\/28\\\/forum-national-du-commerce-plaidoyer-pour-le-renforcement-de-la-digitalisation-et-la-promotion-du-e-commerce\\\/#primaryimage\"},\"image\":{\"@id\":\"https:\\\/\\\/dpress.ma\\\/fr\\\/2026\\\/04\\\/28\\\/forum-national-du-commerce-plaidoyer-pour-le-renforcement-de-la-digitalisation-et-la-promotion-du-e-commerce\\\/#primaryimage\"},\"thumbnailUrl\":\"https:\\\/\\\/dpress.ma\\\/fr\\\/wp-content\\\/uploads\\\/sites\\\/2\\\/2026\\\/04\\\/31-11.jpg\",\"datePublished\":\"2026-04-28T09:25:57+00:00\",\"dateModified\":\"2026-04-28T09:25:59+00:00\",\"author\":{\"@id\":\"https:\\\/\\\/dpress.ma\\\/fr\\\/#\\\/schema\\\/person\\\/4898febf3ccd59e6578d838656a306a0\"},\"breadcrumb\":{\"@id\":\"https:\\\/\\\/dpress.ma\\\/fr\\\/2026\\\/04\\\/28\\\/forum-national-du-commerce-plaidoyer-pour-le-renforcement-de-la-digitalisation-et-la-promotion-du-e-commerce\\\/#breadcrumb\"},\"inLanguage\":\"fr-FR\",\"potentialAction\":[{\"@type\":\"ReadAction\",\"target\":[\"https:\\\/\\\/dpress.ma\\\/fr\\\/2026\\\/04\\\/28\\\/forum-national-du-commerce-plaidoyer-pour-le-renforcement-de-la-digitalisation-et-la-promotion-du-e-commerce\\\/\"]}]},{\"@type\":\"ImageObject\",\"inLanguage\":\"fr-FR\",\"@id\":\"https:\\\/\\\/dpress.ma\\\/fr\\\/2026\\\/04\\\/28\\\/forum-national-du-commerce-plaidoyer-pour-le-renforcement-de-la-digitalisation-et-la-promotion-du-e-commerce\\\/#primaryimage\",\"url\":\"https:\\\/\\\/dpress.ma\\\/fr\\\/wp-content\\\/uploads\\\/sites\\\/2\\\/2026\\\/04\\\/31-11.jpg\",\"contentUrl\":\"https:\\\/\\\/dpress.ma\\\/fr\\\/wp-content\\\/uploads\\\/sites\\\/2\\\/2026\\\/04\\\/31-11.jpg\",\"width\":2539,\"height\":1594},{\"@type\":\"BreadcrumbList\",\"@id\":\"https:\\\/\\\/dpress.ma\\\/fr\\\/2026\\\/04\\\/28\\\/forum-national-du-commerce-plaidoyer-pour-le-renforcement-de-la-digitalisation-et-la-promotion-du-e-commerce\\\/#breadcrumb\",\"itemListElement\":[{\"@type\":\"ListItem\",\"position\":1,\"name\":\"Home\",\"item\":\"https:\\\/\\\/dpress.ma\\\/fr\\\/\"},{\"@type\":\"ListItem\",\"position\":2,\"name\":\"Forum national du commerce : Plaidoyer pour le renforcement de la digitalisation et la promotion du e-commerce\"}]},{\"@type\":\"WebSite\",\"@id\":\"https:\\\/\\\/dpress.ma\\\/fr\\\/#website\",\"url\":\"https:\\\/\\\/dpress.ma\\\/fr\\\/\",\"name\":\"Dpress.ma\\\/fr\",\"description\":\"\",\"potentialAction\":[{\"@type\":\"SearchAction\",\"target\":{\"@type\":\"EntryPoint\",\"urlTemplate\":\"https:\\\/\\\/dpress.ma\\\/fr\\\/?s={search_term_string}\"},\"query-input\":{\"@type\":\"PropertyValueSpecification\",\"valueRequired\":true,\"valueName\":\"search_term_string\"}}],\"inLanguage\":\"fr-FR\"},{\"@type\":\"Person\",\"@id\":\"https:\\\/\\\/dpress.ma\\\/fr\\\/#\\\/schema\\\/person\\\/4898febf3ccd59e6578d838656a306a0\",\"name\":\"Dpress.ma\",\"image\":{\"@type\":\"ImageObject\",\"inLanguage\":\"fr-FR\",\"@id\":\"https:\\\/\\\/secure.gravatar.com\\\/avatar\\\/72ecc30e9db047a2e0e7176561eb9d564ed77c8108376495b19bd8336405198a?s=96&d=mm&r=g\",\"url\":\"https:\\\/\\\/secure.gravatar.com\\\/avatar\\\/72ecc30e9db047a2e0e7176561eb9d564ed77c8108376495b19bd8336405198a?s=96&d=mm&r=g\",\"contentUrl\":\"https:\\\/\\\/secure.gravatar.com\\\/avatar\\\/72ecc30e9db047a2e0e7176561eb9d564ed77c8108376495b19bd8336405198a?s=96&d=mm&r=g\",\"caption\":\"Dpress.ma\"},\"sameAs\":[\"https:\\\/\\\/www.dpress.ma\"],\"url\":\"https:\\\/\\\/dpress.ma\\\/fr\\\/author\\\/dpress-ma\\\/\"}]}<\/script>\n<!-- \/ Yoast SEO plugin. -->","yoast_head_json":{"title":"Forum national du commerce : Plaidoyer pour le renforcement de la digitalisation et la promotion du e-commerce - Dpress.ma\/fr","robots":{"index":"index","follow":"follow","max-snippet":"max-snippet:-1","max-image-preview":"max-image-preview:large","max-video-preview":"max-video-preview:-1"},"canonical":"https:\/\/dpress.ma\/fr\/2026\/04\/28\/forum-national-du-commerce-plaidoyer-pour-le-renforcement-de-la-digitalisation-et-la-promotion-du-e-commerce\/","og_locale":"fr_FR","og_type":"article","og_title":"Forum national du commerce : Plaidoyer pour le renforcement de la digitalisation et la promotion du e-commerce - Dpress.ma\/fr","og_description":"Dpress Les participants au Forum national du commerce, tenu lundi \u00e0 Marrakech, ont plaid\u00e9 en faveur du renforcement de la digitalisation, de la promotion du e-commerce et de l\u2019acc\u00e9l\u00e9ration de l\u2019inclusion financi\u00e8re. Dans des recommandations sanctionnant les travaux de cette rencontre, les intervenants ont appel\u00e9 \u00e0 moderniser le cadre juridique r\u00e9gissant le secteur du commerce, &hellip;","og_url":"https:\/\/dpress.ma\/fr\/2026\/04\/28\/forum-national-du-commerce-plaidoyer-pour-le-renforcement-de-la-digitalisation-et-la-promotion-du-e-commerce\/","og_site_name":"Dpress.ma\/fr","article_published_time":"2026-04-28T09:25:57+00:00","article_modified_time":"2026-04-28T09:25:59+00:00","og_image":[{"width":2539,"height":1594,"url":"https:\/\/dpress.ma\/fr\/wp-content\/uploads\/sites\/2\/2026\/04\/31-11.jpg","type":"image\/jpeg"}],"author":"Dpress.ma","twitter_card":"summary_large_image","twitter_misc":{"\u00c9crit par":"Dpress.ma","Dur\u00e9e de lecture estim\u00e9e":"4 minutes"},"schema":{"@context":"https:\/\/schema.org","@graph":[{"@type":"Article","@id":"https:\/\/dpress.ma\/fr\/2026\/04\/28\/forum-national-du-commerce-plaidoyer-pour-le-renforcement-de-la-digitalisation-et-la-promotion-du-e-commerce\/#article","isPartOf":{"@id":"https:\/\/dpress.ma\/fr\/2026\/04\/28\/forum-national-du-commerce-plaidoyer-pour-le-renforcement-de-la-digitalisation-et-la-promotion-du-e-commerce\/"},"author":{"name":"Dpress.ma","@id":"https:\/\/dpress.ma\/fr\/#\/schema\/person\/4898febf3ccd59e6578d838656a306a0"},"headline":"Forum national du commerce : Plaidoyer pour le renforcement de la digitalisation et la promotion du e-commerce","datePublished":"2026-04-28T09:25:57+00:00","dateModified":"2026-04-28T09:25:59+00:00","mainEntityOfPage":{"@id":"https:\/\/dpress.ma\/fr\/2026\/04\/28\/forum-national-du-commerce-plaidoyer-pour-le-renforcement-de-la-digitalisation-et-la-promotion-du-e-commerce\/"},"wordCount":789,"commentCount":0,"image":{"@id":"https:\/\/dpress.ma\/fr\/2026\/04\/28\/forum-national-du-commerce-plaidoyer-pour-le-renforcement-de-la-digitalisation-et-la-promotion-du-e-commerce\/#primaryimage"},"thumbnailUrl":"https:\/\/dpress.ma\/fr\/wp-content\/uploads\/sites\/2\/2026\/04\/31-11.jpg","articleSection":["\u00c9conomie"],"inLanguage":"fr-FR","potentialAction":[{"@type":"CommentAction","name":"Comment","target":["https:\/\/dpress.ma\/fr\/2026\/04\/28\/forum-national-du-commerce-plaidoyer-pour-le-renforcement-de-la-digitalisation-et-la-promotion-du-e-commerce\/#respond"]}]},{"@type":"WebPage","@id":"https:\/\/dpress.ma\/fr\/2026\/04\/28\/forum-national-du-commerce-plaidoyer-pour-le-renforcement-de-la-digitalisation-et-la-promotion-du-e-commerce\/","url":"https:\/\/dpress.ma\/fr\/2026\/04\/28\/forum-national-du-commerce-plaidoyer-pour-le-renforcement-de-la-digitalisation-et-la-promotion-du-e-commerce\/","name":"Forum national du commerce : Plaidoyer pour le renforcement de la digitalisation et la promotion du e-commerce - Dpress.ma\/fr","isPartOf":{"@id":"https:\/\/dpress.ma\/fr\/#website"},"primaryImageOfPage":{"@id":"https:\/\/dpress.ma\/fr\/2026\/04\/28\/forum-national-du-commerce-plaidoyer-pour-le-renforcement-de-la-digitalisation-et-la-promotion-du-e-commerce\/#primaryimage"},"image":{"@id":"https:\/\/dpress.ma\/fr\/2026\/04\/28\/forum-national-du-commerce-plaidoyer-pour-le-renforcement-de-la-digitalisation-et-la-promotion-du-e-commerce\/#primaryimage"},"thumbnailUrl":"https:\/\/dpress.ma\/fr\/wp-content\/uploads\/sites\/2\/2026\/04\/31-11.jpg","datePublished":"2026-04-28T09:25:57+00:00","dateModified":"2026-04-28T09:25:59+00:00","author":{"@id":"https:\/\/dpress.ma\/fr\/#\/schema\/person\/4898febf3ccd59e6578d838656a306a0"},"breadcrumb":{"@id":"https:\/\/dpress.ma\/fr\/2026\/04\/28\/forum-national-du-commerce-plaidoyer-pour-le-renforcement-de-la-digitalisation-et-la-promotion-du-e-commerce\/#breadcrumb"},"inLanguage":"fr-FR","potentialAction":[{"@type":"ReadAction","target":["https:\/\/dpress.ma\/fr\/2026\/04\/28\/forum-national-du-commerce-plaidoyer-pour-le-renforcement-de-la-digitalisation-et-la-promotion-du-e-commerce\/"]}]},{"@type":"ImageObject","inLanguage":"fr-FR","@id":"https:\/\/dpress.ma\/fr\/2026\/04\/28\/forum-national-du-commerce-plaidoyer-pour-le-renforcement-de-la-digitalisation-et-la-promotion-du-e-commerce\/#primaryimage","url":"https:\/\/dpress.ma\/fr\/wp-content\/uploads\/sites\/2\/2026\/04\/31-11.jpg","contentUrl":"https:\/\/dpress.ma\/fr\/wp-content\/uploads\/sites\/2\/2026\/04\/31-11.jpg","width":2539,"height":1594},{"@type":"BreadcrumbList","@id":"https:\/\/dpress.ma\/fr\/2026\/04\/28\/forum-national-du-commerce-plaidoyer-pour-le-renforcement-de-la-digitalisation-et-la-promotion-du-e-commerce\/#breadcrumb","itemListElement":[{"@type":"ListItem","position":1,"name":"Home","item":"https:\/\/dpress.ma\/fr\/"},{"@type":"ListItem","position":2,"name":"Forum national du commerce : Plaidoyer pour le renforcement de la digitalisation et la promotion du e-commerce"}]},{"@type":"WebSite","@id":"https:\/\/dpress.ma\/fr\/#website","url":"https:\/\/dpress.ma\/fr\/","name":"Dpress.ma\/fr","description":"","potentialAction":[{"@type":"SearchAction","target":{"@type":"EntryPoint","urlTemplate":"https:\/\/dpress.ma\/fr\/?s={search_term_string}"},"query-input":{"@type":"PropertyValueSpecification","valueRequired":true,"valueName":"search_term_string"}}],"inLanguage":"fr-FR"},{"@type":"Person","@id":"https:\/\/dpress.ma\/fr\/#\/schema\/person\/4898febf3ccd59e6578d838656a306a0","name":"Dpress.ma","image":{"@type":"ImageObject","inLanguage":"fr-FR","@id":"https:\/\/secure.gravatar.com\/avatar\/72ecc30e9db047a2e0e7176561eb9d564ed77c8108376495b19bd8336405198a?s=96&d=mm&r=g","url":"https:\/\/secure.gravatar.com\/avatar\/72ecc30e9db047a2e0e7176561eb9d564ed77c8108376495b19bd8336405198a?s=96&d=mm&r=g","contentUrl":"https:\/\/secure.gravatar.com\/avatar\/72ecc30e9db047a2e0e7176561eb9d564ed77c8108376495b19bd8336405198a?s=96&d=mm&r=g","caption":"Dpress.ma"},"sameAs":["https:\/\/www.dpress.ma"],"url":"https:\/\/dpress.ma\/fr\/author\/dpress-ma\/"}]}},"amp_enabled":true,"_links":{"self":[{"href":"https:\/\/dpress.ma\/fr\/wp-json\/wp\/v2\/posts\/29512","targetHints":{"allow":["GET"]}}],"collection":[{"href":"https:\/\/dpress.ma\/fr\/wp-json\/wp\/v2\/posts"}],"about":[{"href":"https:\/\/dpress.ma\/fr\/wp-json\/wp\/v2\/types\/post"}],"author":[{"embeddable":true,"href":"https:\/\/dpress.ma\/fr\/wp-json\/wp\/v2\/users\/2"}],"replies":[{"embeddable":true,"href":"https:\/\/dpress.ma\/fr\/wp-json\/wp\/v2\/comments?post=29512"}],"version-history":[{"count":1,"href":"https:\/\/dpress.ma\/fr\/wp-json\/wp\/v2\/posts\/29512\/revisions"}],"predecessor-version":[{"id":29514,"href":"https:\/\/dpress.ma\/fr\/wp-json\/wp\/v2\/posts\/29512\/revisions\/29514"}],"wp:featuredmedia":[{"embeddable":true,"href":"https:\/\/dpress.ma\/fr\/wp-json\/wp\/v2\/media\/29513"}],"wp:attachment":[{"href":"https:\/\/dpress.ma\/fr\/wp-json\/wp\/v2\/media?parent=29512"}],"wp:term":[{"taxonomy":"category","embeddable":true,"href":"https:\/\/dpress.ma\/fr\/wp-json\/wp\/v2\/categories?post=29512"},{"taxonomy":"post_tag","embeddable":true,"href":"https:\/\/dpress.ma\/fr\/wp-json\/wp\/v2\/tags?post=29512"}],"curies":[{"name":"wp","href":"https:\/\/api.w.org\/{rel}","templated":true}]}}