{"id":29509,"date":"2026-04-28T09:24:37","date_gmt":"2026-04-28T09:24:37","guid":{"rendered":"https:\/\/dpress.ma\/fr\/?p=29509"},"modified":"2026-04-28T09:24:38","modified_gmt":"2026-04-28T09:24:38","slug":"forum-national-du-commerce-un-panel-met-en-lumiere-les-principaux-defis-faconnant-lavenir-du-commerce-de-proximite","status":"publish","type":"post","link":"https:\/\/dpress.ma\/fr\/2026\/04\/28\/forum-national-du-commerce-un-panel-met-en-lumiere-les-principaux-defis-faconnant-lavenir-du-commerce-de-proximite\/","title":{"rendered":"Forum national du commerce: Un panel met en lumi\u00e8re les principaux d\u00e9fis fa\u00e7onnant l\u2019avenir du commerce de proximit\u00e9"},"content":{"rendered":"\n<p>Dpress<\/p>\n\n\n\n<p>Les participants \u00e0 un panel, organis\u00e9 lundi \u00e0 Marrakech dans le cadre du Forum national du Commerce, ont mis en lumi\u00e8re les principaux d\u00e9fis et opportunit\u00e9s qui fa\u00e7onnent l\u2019avenir du commerce de proximit\u00e9 au Maroc.<\/p>\n\n\n\n<p>Lors de cette session, tenue sous le th\u00e8me \u201cQuel mod\u00e8le de commerce de proximit\u00e9 \u00e0 l\u2019horizon 2030?\u201d, les intervenants ont soulign\u00e9 la n\u00e9cessit\u00e9 d\u2019adopter une vision strat\u00e9gique capable d\u2019accompagner les mutations profondes que conna\u00eet le secteur, notamment l\u2019\u00e9volution des modes de consommation, l\u2019\u00e9mergence du e-commerce et la modernisation des circuits de distribution.<\/p>\n\n\n\n<p>Ainsi, les pan\u00e9listes ont attir\u00e9 l\u2019attention sur l\u2019importance de relever les d\u00e9fis li\u00e9s aux autorisations, souvent per\u00e7ues comme un frein au d\u00e9veloppement des activit\u00e9s commerciales, ainsi que sur la simplification des proc\u00e9dures, qui repr\u00e9sentent des leviers indispensables pour encourager l\u2019initiative priv\u00e9e, renforcer la comp\u00e9titivit\u00e9 des commer\u00e7ants et am\u00e9liorer l\u2019attractivit\u00e9 du secteur.<\/p>\n\n\n\n<p>La digitalisation a \u00e9galement occup\u00e9 une place centrale dans les \u00e9changes, en tant qu\u2019outil incontournable pour moderniser le commerce et consolider sa r\u00e9silience face aux transformations \u00e9conomiques, \u00e9lever la performance du commerce de proximit\u00e9 et pr\u00e9parer le secteur aux exigences de l\u2019horizon 2030.<\/p>\n\n\n\n<p>S\u2019exprimant \u00e0 cette occasion, le ministre de l\u2019industrie et du commerce, Ryad Mezzour, a relev\u00e9 que son d\u00e9partement s\u2019att\u00e8le, en partenariat avec le minist\u00e8re de l\u2019Int\u00e9rieur, \u00e0 trouver des solutions ad\u00e9quates pour la question des autorisations afin de permettre aux commer\u00e7ants de proximit\u00e9 de b\u00e9n\u00e9ficier de la dynamique de d\u00e9veloppement tous azimuts que conna\u00eet le Maroc, insistant aussi sur la formation continue des professionnels \u00e0 travers des plateformes digitales d\u00e9di\u00e9es, pour \u00eatre en mesure de s\u2019adapter aux mutations acc\u00e9l\u00e9r\u00e9es du secteur et permettre aux commer\u00e7ants d\u2019augmenter leurs revenus.<\/p>\n\n\n\n<p>M. Mezzour a aussi pass\u00e9 en revue les efforts consentis en vue de mettre \u00e0 niveau les souks hebdomadaires en milieu rural en partenariat avec les collectivit\u00e9s territoriales, de g\u00e9n\u00e9raliser les solutions de paiement \u00e9lectronique \u00e0 travers la r\u00e9duction des co\u00fbts au profit des commer\u00e7ants et de faciliter les proc\u00e9dures.<\/p>\n\n\n\n<p>Et d\u2019ajouter que le minist\u00e8re de l\u2019industrie et du commerce s\u2019efforce de cr\u00e9er des centres de commerce de gros qui offrent l\u2019opportunit\u00e9 aux commer\u00e7ants de s\u2019approvisionner en produits \u00e0 des prix concurrentiels et de profiter des marges b\u00e9n\u00e9ficiaires.<\/p>\n\n\n\n<p>De son c\u00f4t\u00e9, le pr\u00e9sident de la F\u00e9d\u00e9ration des Chambres de commerce, d\u2019industrie et de services, Hassan Alioui, a mis l\u2019accent sur la n\u00e9cessit\u00e9 de consolider le r\u00f4le des Chambres de commerce en tant qu\u2019institutions \u00e9lues de proximit\u00e9, capables d\u2019accompagner efficacement les commer\u00e7ants et les professionnels dans leurs d\u00e9marches quotidiennes, notant que ces structures doivent disposer de davantage de pr\u00e9rogatives et de moyens afin de mieux r\u00e9pondre aux attentes des acteurs \u00e9conomiques et de contribuer activement \u00e0 la dynamique de d\u00e9veloppement territorial.<\/p>\n\n\n\n<p>Pour sa part, Moulay Ahmed Afilal, repr\u00e9sentant de la coordination professionnelle des commer\u00e7ants, a soulev\u00e9 la question de la cr\u00e9ation de centres de vente en gros d\u00e9di\u00e9s aux commer\u00e7ants, estimant qu\u2019il s\u2019agit d\u2019une mesure importante pour am\u00e9liorer leurs conditions d\u2019approvisionnement et permettre aux professionnels d\u2019acc\u00e9der aux produits \u00e0 des prix concurrentiels, tout en r\u00e9duisant les co\u00fbts li\u00e9s aux interm\u00e9diaires et aux fluctuations du march\u00e9.<\/p>\n\n\n\n<p>Cette initiative contribuerait \u00e0 renforcer la comp\u00e9titivit\u00e9 des commer\u00e7ants, souvent confront\u00e9s \u00e0 des difficult\u00e9s pour maintenir des marges b\u00e9n\u00e9ficiaires suffisantes, a-t-il ajout\u00e9.<\/p>\n\n\n\n<p>A son tour, Rachid Jkini, \u00e9galement repr\u00e9sentant de la coordination professionnelle des commer\u00e7ants, s\u2019est f\u00e9licit\u00e9 de l\u2019approche participative adopt\u00e9e par le minist\u00e8re de l\u2019Industrie et du Commerce, saluant une m\u00e9thode de travail fond\u00e9e sur l\u2019\u00e9coute et la concertation avec les diff\u00e9rents acteurs du secteur.<\/p>\n\n\n\n<p>Il a fait remarquer que cette d\u00e9marche favorise une meilleure compr\u00e9hension des probl\u00e9matiques r\u00e9elles rencontr\u00e9es par les commer\u00e7ants et permet l\u2019\u00e9laboration de solutions plus adapt\u00e9es, appelant, par ailleurs, \u00e0 consentir davantage d\u2019efforts pour l\u2019harmonisation des taxes locales.<\/p>\n\n\n\n<p>Plac\u00e9 sous le Haut Patronage de Sa Majest\u00e9 le Roi Mohammed VI, le Forum national du commerce, initi\u00e9 par le minist\u00e8re de l\u2019Industrie et du Commerce en partenariat avec la F\u00e9d\u00e9ration des Chambres de commerce, d\u2019industrie et de services et les associations professionnelles de commer\u00e7ants, a pour objectifs de faire la lumi\u00e8re sur les transformations que conna\u00eet le secteur, d\u2019en anticiper les perspectives d\u2019\u00e9volution et de favoriser l\u2019\u00e9change d\u2019expertises ainsi que le dialogue entre les diff\u00e9rents acteurs \u00e9conomiques et institutionnels.<\/p>\n\n\n\n<p>Cet \u00e9v\u00e9nement, organis\u00e9 sous le th\u00e8me \u201cCommerce du Maroc 2030\u201d, se veut \u00e9galement une plateforme d\u2019\u00e9change et de mobilisation visant \u00e0 consolider le r\u00f4le du commerce dans le d\u00e9veloppement des provinces et des r\u00e9gions, \u00e0 travers sa mise \u00e0 niveau et sa modernisation, en ad\u00e9quation avec les \u00e9volutions \u00e9conomiques, contribuant ainsi \u00e0 une croissance inclusive et durable au service du citoyen.<\/p>\n","protected":false},"excerpt":{"rendered":"<p>Dpress Les participants \u00e0 un panel, organis\u00e9 lundi \u00e0 Marrakech dans le cadre du Forum national du Commerce, ont mis en lumi\u00e8re les principaux d\u00e9fis et opportunit\u00e9s qui fa\u00e7onnent l\u2019avenir du commerce de proximit\u00e9 au Maroc. Lors de cette session, tenue sous le th\u00e8me \u201cQuel mod\u00e8le de commerce de proximit\u00e9 \u00e0 l\u2019horizon 2030?\u201d, les intervenants &hellip;<\/p>\n","protected":false},"author":2,"featured_media":29510,"comment_status":"open","ping_status":"open","sticky":false,"template":"","format":"standard","meta":{"footnotes":""},"categories":[25],"tags":[],"class_list":["post-29509","post","type-post","status-publish","format-standard","has-post-thumbnail","hentry","category-economie"],"yoast_head":"<!-- This site is optimized with the Yoast SEO plugin v27.4 - https:\/\/yoast.com\/product\/yoast-seo-wordpress\/ -->\n<title>Forum national du commerce: Un panel met en lumi\u00e8re les principaux d\u00e9fis fa\u00e7onnant l\u2019avenir du commerce de proximit\u00e9 - Dpress.ma\/fr<\/title>\n<meta name=\"robots\" content=\"index, follow, max-snippet:-1, max-image-preview:large, max-video-preview:-1\" \/>\n<link rel=\"canonical\" href=\"https:\/\/dpress.ma\/fr\/2026\/04\/28\/forum-national-du-commerce-un-panel-met-en-lumiere-les-principaux-defis-faconnant-lavenir-du-commerce-de-proximite\/\" \/>\n<meta property=\"og:locale\" content=\"fr_FR\" \/>\n<meta property=\"og:type\" content=\"article\" \/>\n<meta property=\"og:title\" content=\"Forum national du commerce: Un panel met en lumi\u00e8re les principaux d\u00e9fis fa\u00e7onnant l\u2019avenir du commerce de proximit\u00e9 - Dpress.ma\/fr\" \/>\n<meta property=\"og:description\" content=\"Dpress Les participants \u00e0 un panel, organis\u00e9 lundi \u00e0 Marrakech dans le cadre du Forum national du Commerce, ont mis en lumi\u00e8re les principaux d\u00e9fis et opportunit\u00e9s qui fa\u00e7onnent l\u2019avenir du commerce de proximit\u00e9 au Maroc. Lors de cette session, tenue sous le th\u00e8me \u201cQuel mod\u00e8le de commerce de proximit\u00e9 \u00e0 l\u2019horizon 2030?\u201d, les intervenants &hellip;\" \/>\n<meta property=\"og:url\" content=\"https:\/\/dpress.ma\/fr\/2026\/04\/28\/forum-national-du-commerce-un-panel-met-en-lumiere-les-principaux-defis-faconnant-lavenir-du-commerce-de-proximite\/\" \/>\n<meta property=\"og:site_name\" content=\"Dpress.ma\/fr\" \/>\n<meta property=\"article:published_time\" content=\"2026-04-28T09:24:37+00:00\" \/>\n<meta property=\"article:modified_time\" content=\"2026-04-28T09:24:38+00:00\" \/>\n<meta property=\"og:image\" content=\"https:\/\/dpress.ma\/fr\/wp-content\/uploads\/sites\/2\/2026\/04\/30-8.jpg\" \/>\n\t<meta property=\"og:image:width\" content=\"2539\" \/>\n\t<meta property=\"og:image:height\" content=\"1594\" \/>\n\t<meta property=\"og:image:type\" content=\"image\/jpeg\" \/>\n<meta name=\"author\" content=\"Dpress.ma\" \/>\n<meta name=\"twitter:card\" content=\"summary_large_image\" \/>\n<meta name=\"twitter:label1\" content=\"\u00c9crit par\" \/>\n\t<meta name=\"twitter:data1\" content=\"Dpress.ma\" \/>\n\t<meta name=\"twitter:label2\" content=\"Dur\u00e9e de lecture estim\u00e9e\" \/>\n\t<meta name=\"twitter:data2\" content=\"4 minutes\" \/>\n<script type=\"application\/ld+json\" class=\"yoast-schema-graph\">{\"@context\":\"https:\\\/\\\/schema.org\",\"@graph\":[{\"@type\":\"Article\",\"@id\":\"https:\\\/\\\/dpress.ma\\\/fr\\\/2026\\\/04\\\/28\\\/forum-national-du-commerce-un-panel-met-en-lumiere-les-principaux-defis-faconnant-lavenir-du-commerce-de-proximite\\\/#article\",\"isPartOf\":{\"@id\":\"https:\\\/\\\/dpress.ma\\\/fr\\\/2026\\\/04\\\/28\\\/forum-national-du-commerce-un-panel-met-en-lumiere-les-principaux-defis-faconnant-lavenir-du-commerce-de-proximite\\\/\"},\"author\":{\"name\":\"Dpress.ma\",\"@id\":\"https:\\\/\\\/dpress.ma\\\/fr\\\/#\\\/schema\\\/person\\\/4898febf3ccd59e6578d838656a306a0\"},\"headline\":\"Forum national du commerce: Un panel met en lumi\u00e8re les principaux d\u00e9fis fa\u00e7onnant l\u2019avenir du commerce de proximit\u00e9\",\"datePublished\":\"2026-04-28T09:24:37+00:00\",\"dateModified\":\"2026-04-28T09:24:38+00:00\",\"mainEntityOfPage\":{\"@id\":\"https:\\\/\\\/dpress.ma\\\/fr\\\/2026\\\/04\\\/28\\\/forum-national-du-commerce-un-panel-met-en-lumiere-les-principaux-defis-faconnant-lavenir-du-commerce-de-proximite\\\/\"},\"wordCount\":903,\"commentCount\":0,\"image\":{\"@id\":\"https:\\\/\\\/dpress.ma\\\/fr\\\/2026\\\/04\\\/28\\\/forum-national-du-commerce-un-panel-met-en-lumiere-les-principaux-defis-faconnant-lavenir-du-commerce-de-proximite\\\/#primaryimage\"},\"thumbnailUrl\":\"https:\\\/\\\/dpress.ma\\\/fr\\\/wp-content\\\/uploads\\\/sites\\\/2\\\/2026\\\/04\\\/30-8.jpg\",\"articleSection\":[\"\u00c9conomie\"],\"inLanguage\":\"fr-FR\",\"potentialAction\":[{\"@type\":\"CommentAction\",\"name\":\"Comment\",\"target\":[\"https:\\\/\\\/dpress.ma\\\/fr\\\/2026\\\/04\\\/28\\\/forum-national-du-commerce-un-panel-met-en-lumiere-les-principaux-defis-faconnant-lavenir-du-commerce-de-proximite\\\/#respond\"]}]},{\"@type\":\"WebPage\",\"@id\":\"https:\\\/\\\/dpress.ma\\\/fr\\\/2026\\\/04\\\/28\\\/forum-national-du-commerce-un-panel-met-en-lumiere-les-principaux-defis-faconnant-lavenir-du-commerce-de-proximite\\\/\",\"url\":\"https:\\\/\\\/dpress.ma\\\/fr\\\/2026\\\/04\\\/28\\\/forum-national-du-commerce-un-panel-met-en-lumiere-les-principaux-defis-faconnant-lavenir-du-commerce-de-proximite\\\/\",\"name\":\"Forum national du commerce: Un panel met en lumi\u00e8re les principaux d\u00e9fis fa\u00e7onnant l\u2019avenir du commerce de proximit\u00e9 - Dpress.ma\\\/fr\",\"isPartOf\":{\"@id\":\"https:\\\/\\\/dpress.ma\\\/fr\\\/#website\"},\"primaryImageOfPage\":{\"@id\":\"https:\\\/\\\/dpress.ma\\\/fr\\\/2026\\\/04\\\/28\\\/forum-national-du-commerce-un-panel-met-en-lumiere-les-principaux-defis-faconnant-lavenir-du-commerce-de-proximite\\\/#primaryimage\"},\"image\":{\"@id\":\"https:\\\/\\\/dpress.ma\\\/fr\\\/2026\\\/04\\\/28\\\/forum-national-du-commerce-un-panel-met-en-lumiere-les-principaux-defis-faconnant-lavenir-du-commerce-de-proximite\\\/#primaryimage\"},\"thumbnailUrl\":\"https:\\\/\\\/dpress.ma\\\/fr\\\/wp-content\\\/uploads\\\/sites\\\/2\\\/2026\\\/04\\\/30-8.jpg\",\"datePublished\":\"2026-04-28T09:24:37+00:00\",\"dateModified\":\"2026-04-28T09:24:38+00:00\",\"author\":{\"@id\":\"https:\\\/\\\/dpress.ma\\\/fr\\\/#\\\/schema\\\/person\\\/4898febf3ccd59e6578d838656a306a0\"},\"breadcrumb\":{\"@id\":\"https:\\\/\\\/dpress.ma\\\/fr\\\/2026\\\/04\\\/28\\\/forum-national-du-commerce-un-panel-met-en-lumiere-les-principaux-defis-faconnant-lavenir-du-commerce-de-proximite\\\/#breadcrumb\"},\"inLanguage\":\"fr-FR\",\"potentialAction\":[{\"@type\":\"ReadAction\",\"target\":[\"https:\\\/\\\/dpress.ma\\\/fr\\\/2026\\\/04\\\/28\\\/forum-national-du-commerce-un-panel-met-en-lumiere-les-principaux-defis-faconnant-lavenir-du-commerce-de-proximite\\\/\"]}]},{\"@type\":\"ImageObject\",\"inLanguage\":\"fr-FR\",\"@id\":\"https:\\\/\\\/dpress.ma\\\/fr\\\/2026\\\/04\\\/28\\\/forum-national-du-commerce-un-panel-met-en-lumiere-les-principaux-defis-faconnant-lavenir-du-commerce-de-proximite\\\/#primaryimage\",\"url\":\"https:\\\/\\\/dpress.ma\\\/fr\\\/wp-content\\\/uploads\\\/sites\\\/2\\\/2026\\\/04\\\/30-8.jpg\",\"contentUrl\":\"https:\\\/\\\/dpress.ma\\\/fr\\\/wp-content\\\/uploads\\\/sites\\\/2\\\/2026\\\/04\\\/30-8.jpg\",\"width\":2539,\"height\":1594},{\"@type\":\"BreadcrumbList\",\"@id\":\"https:\\\/\\\/dpress.ma\\\/fr\\\/2026\\\/04\\\/28\\\/forum-national-du-commerce-un-panel-met-en-lumiere-les-principaux-defis-faconnant-lavenir-du-commerce-de-proximite\\\/#breadcrumb\",\"itemListElement\":[{\"@type\":\"ListItem\",\"position\":1,\"name\":\"Home\",\"item\":\"https:\\\/\\\/dpress.ma\\\/fr\\\/\"},{\"@type\":\"ListItem\",\"position\":2,\"name\":\"Forum national du commerce: Un panel met en lumi\u00e8re les principaux d\u00e9fis fa\u00e7onnant l\u2019avenir du commerce de proximit\u00e9\"}]},{\"@type\":\"WebSite\",\"@id\":\"https:\\\/\\\/dpress.ma\\\/fr\\\/#website\",\"url\":\"https:\\\/\\\/dpress.ma\\\/fr\\\/\",\"name\":\"Dpress.ma\\\/fr\",\"description\":\"\",\"potentialAction\":[{\"@type\":\"SearchAction\",\"target\":{\"@type\":\"EntryPoint\",\"urlTemplate\":\"https:\\\/\\\/dpress.ma\\\/fr\\\/?s={search_term_string}\"},\"query-input\":{\"@type\":\"PropertyValueSpecification\",\"valueRequired\":true,\"valueName\":\"search_term_string\"}}],\"inLanguage\":\"fr-FR\"},{\"@type\":\"Person\",\"@id\":\"https:\\\/\\\/dpress.ma\\\/fr\\\/#\\\/schema\\\/person\\\/4898febf3ccd59e6578d838656a306a0\",\"name\":\"Dpress.ma\",\"image\":{\"@type\":\"ImageObject\",\"inLanguage\":\"fr-FR\",\"@id\":\"https:\\\/\\\/secure.gravatar.com\\\/avatar\\\/72ecc30e9db047a2e0e7176561eb9d564ed77c8108376495b19bd8336405198a?s=96&d=mm&r=g\",\"url\":\"https:\\\/\\\/secure.gravatar.com\\\/avatar\\\/72ecc30e9db047a2e0e7176561eb9d564ed77c8108376495b19bd8336405198a?s=96&d=mm&r=g\",\"contentUrl\":\"https:\\\/\\\/secure.gravatar.com\\\/avatar\\\/72ecc30e9db047a2e0e7176561eb9d564ed77c8108376495b19bd8336405198a?s=96&d=mm&r=g\",\"caption\":\"Dpress.ma\"},\"sameAs\":[\"https:\\\/\\\/www.dpress.ma\"],\"url\":\"https:\\\/\\\/dpress.ma\\\/fr\\\/author\\\/dpress-ma\\\/\"}]}<\/script>\n<!-- \/ Yoast SEO plugin. -->","yoast_head_json":{"title":"Forum national du commerce: Un panel met en lumi\u00e8re les principaux d\u00e9fis fa\u00e7onnant l\u2019avenir du commerce de proximit\u00e9 - Dpress.ma\/fr","robots":{"index":"index","follow":"follow","max-snippet":"max-snippet:-1","max-image-preview":"max-image-preview:large","max-video-preview":"max-video-preview:-1"},"canonical":"https:\/\/dpress.ma\/fr\/2026\/04\/28\/forum-national-du-commerce-un-panel-met-en-lumiere-les-principaux-defis-faconnant-lavenir-du-commerce-de-proximite\/","og_locale":"fr_FR","og_type":"article","og_title":"Forum national du commerce: Un panel met en lumi\u00e8re les principaux d\u00e9fis fa\u00e7onnant l\u2019avenir du commerce de proximit\u00e9 - Dpress.ma\/fr","og_description":"Dpress Les participants \u00e0 un panel, organis\u00e9 lundi \u00e0 Marrakech dans le cadre du Forum national du Commerce, ont mis en lumi\u00e8re les principaux d\u00e9fis et opportunit\u00e9s qui fa\u00e7onnent l\u2019avenir du commerce de proximit\u00e9 au Maroc. Lors de cette session, tenue sous le th\u00e8me \u201cQuel mod\u00e8le de commerce de proximit\u00e9 \u00e0 l\u2019horizon 2030?\u201d, les intervenants &hellip;","og_url":"https:\/\/dpress.ma\/fr\/2026\/04\/28\/forum-national-du-commerce-un-panel-met-en-lumiere-les-principaux-defis-faconnant-lavenir-du-commerce-de-proximite\/","og_site_name":"Dpress.ma\/fr","article_published_time":"2026-04-28T09:24:37+00:00","article_modified_time":"2026-04-28T09:24:38+00:00","og_image":[{"width":2539,"height":1594,"url":"https:\/\/dpress.ma\/fr\/wp-content\/uploads\/sites\/2\/2026\/04\/30-8.jpg","type":"image\/jpeg"}],"author":"Dpress.ma","twitter_card":"summary_large_image","twitter_misc":{"\u00c9crit par":"Dpress.ma","Dur\u00e9e de lecture estim\u00e9e":"4 minutes"},"schema":{"@context":"https:\/\/schema.org","@graph":[{"@type":"Article","@id":"https:\/\/dpress.ma\/fr\/2026\/04\/28\/forum-national-du-commerce-un-panel-met-en-lumiere-les-principaux-defis-faconnant-lavenir-du-commerce-de-proximite\/#article","isPartOf":{"@id":"https:\/\/dpress.ma\/fr\/2026\/04\/28\/forum-national-du-commerce-un-panel-met-en-lumiere-les-principaux-defis-faconnant-lavenir-du-commerce-de-proximite\/"},"author":{"name":"Dpress.ma","@id":"https:\/\/dpress.ma\/fr\/#\/schema\/person\/4898febf3ccd59e6578d838656a306a0"},"headline":"Forum national du commerce: Un panel met en lumi\u00e8re les principaux d\u00e9fis fa\u00e7onnant l\u2019avenir du commerce de proximit\u00e9","datePublished":"2026-04-28T09:24:37+00:00","dateModified":"2026-04-28T09:24:38+00:00","mainEntityOfPage":{"@id":"https:\/\/dpress.ma\/fr\/2026\/04\/28\/forum-national-du-commerce-un-panel-met-en-lumiere-les-principaux-defis-faconnant-lavenir-du-commerce-de-proximite\/"},"wordCount":903,"commentCount":0,"image":{"@id":"https:\/\/dpress.ma\/fr\/2026\/04\/28\/forum-national-du-commerce-un-panel-met-en-lumiere-les-principaux-defis-faconnant-lavenir-du-commerce-de-proximite\/#primaryimage"},"thumbnailUrl":"https:\/\/dpress.ma\/fr\/wp-content\/uploads\/sites\/2\/2026\/04\/30-8.jpg","articleSection":["\u00c9conomie"],"inLanguage":"fr-FR","potentialAction":[{"@type":"CommentAction","name":"Comment","target":["https:\/\/dpress.ma\/fr\/2026\/04\/28\/forum-national-du-commerce-un-panel-met-en-lumiere-les-principaux-defis-faconnant-lavenir-du-commerce-de-proximite\/#respond"]}]},{"@type":"WebPage","@id":"https:\/\/dpress.ma\/fr\/2026\/04\/28\/forum-national-du-commerce-un-panel-met-en-lumiere-les-principaux-defis-faconnant-lavenir-du-commerce-de-proximite\/","url":"https:\/\/dpress.ma\/fr\/2026\/04\/28\/forum-national-du-commerce-un-panel-met-en-lumiere-les-principaux-defis-faconnant-lavenir-du-commerce-de-proximite\/","name":"Forum national du commerce: Un panel met en lumi\u00e8re les principaux d\u00e9fis fa\u00e7onnant l\u2019avenir du commerce de proximit\u00e9 - Dpress.ma\/fr","isPartOf":{"@id":"https:\/\/dpress.ma\/fr\/#website"},"primaryImageOfPage":{"@id":"https:\/\/dpress.ma\/fr\/2026\/04\/28\/forum-national-du-commerce-un-panel-met-en-lumiere-les-principaux-defis-faconnant-lavenir-du-commerce-de-proximite\/#primaryimage"},"image":{"@id":"https:\/\/dpress.ma\/fr\/2026\/04\/28\/forum-national-du-commerce-un-panel-met-en-lumiere-les-principaux-defis-faconnant-lavenir-du-commerce-de-proximite\/#primaryimage"},"thumbnailUrl":"https:\/\/dpress.ma\/fr\/wp-content\/uploads\/sites\/2\/2026\/04\/30-8.jpg","datePublished":"2026-04-28T09:24:37+00:00","dateModified":"2026-04-28T09:24:38+00:00","author":{"@id":"https:\/\/dpress.ma\/fr\/#\/schema\/person\/4898febf3ccd59e6578d838656a306a0"},"breadcrumb":{"@id":"https:\/\/dpress.ma\/fr\/2026\/04\/28\/forum-national-du-commerce-un-panel-met-en-lumiere-les-principaux-defis-faconnant-lavenir-du-commerce-de-proximite\/#breadcrumb"},"inLanguage":"fr-FR","potentialAction":[{"@type":"ReadAction","target":["https:\/\/dpress.ma\/fr\/2026\/04\/28\/forum-national-du-commerce-un-panel-met-en-lumiere-les-principaux-defis-faconnant-lavenir-du-commerce-de-proximite\/"]}]},{"@type":"ImageObject","inLanguage":"fr-FR","@id":"https:\/\/dpress.ma\/fr\/2026\/04\/28\/forum-national-du-commerce-un-panel-met-en-lumiere-les-principaux-defis-faconnant-lavenir-du-commerce-de-proximite\/#primaryimage","url":"https:\/\/dpress.ma\/fr\/wp-content\/uploads\/sites\/2\/2026\/04\/30-8.jpg","contentUrl":"https:\/\/dpress.ma\/fr\/wp-content\/uploads\/sites\/2\/2026\/04\/30-8.jpg","width":2539,"height":1594},{"@type":"BreadcrumbList","@id":"https:\/\/dpress.ma\/fr\/2026\/04\/28\/forum-national-du-commerce-un-panel-met-en-lumiere-les-principaux-defis-faconnant-lavenir-du-commerce-de-proximite\/#breadcrumb","itemListElement":[{"@type":"ListItem","position":1,"name":"Home","item":"https:\/\/dpress.ma\/fr\/"},{"@type":"ListItem","position":2,"name":"Forum national du commerce: Un panel met en lumi\u00e8re les principaux d\u00e9fis fa\u00e7onnant l\u2019avenir du commerce de proximit\u00e9"}]},{"@type":"WebSite","@id":"https:\/\/dpress.ma\/fr\/#website","url":"https:\/\/dpress.ma\/fr\/","name":"Dpress.ma\/fr","description":"","potentialAction":[{"@type":"SearchAction","target":{"@type":"EntryPoint","urlTemplate":"https:\/\/dpress.ma\/fr\/?s={search_term_string}"},"query-input":{"@type":"PropertyValueSpecification","valueRequired":true,"valueName":"search_term_string"}}],"inLanguage":"fr-FR"},{"@type":"Person","@id":"https:\/\/dpress.ma\/fr\/#\/schema\/person\/4898febf3ccd59e6578d838656a306a0","name":"Dpress.ma","image":{"@type":"ImageObject","inLanguage":"fr-FR","@id":"https:\/\/secure.gravatar.com\/avatar\/72ecc30e9db047a2e0e7176561eb9d564ed77c8108376495b19bd8336405198a?s=96&d=mm&r=g","url":"https:\/\/secure.gravatar.com\/avatar\/72ecc30e9db047a2e0e7176561eb9d564ed77c8108376495b19bd8336405198a?s=96&d=mm&r=g","contentUrl":"https:\/\/secure.gravatar.com\/avatar\/72ecc30e9db047a2e0e7176561eb9d564ed77c8108376495b19bd8336405198a?s=96&d=mm&r=g","caption":"Dpress.ma"},"sameAs":["https:\/\/www.dpress.ma"],"url":"https:\/\/dpress.ma\/fr\/author\/dpress-ma\/"}]}},"amp_enabled":true,"_links":{"self":[{"href":"https:\/\/dpress.ma\/fr\/wp-json\/wp\/v2\/posts\/29509","targetHints":{"allow":["GET"]}}],"collection":[{"href":"https:\/\/dpress.ma\/fr\/wp-json\/wp\/v2\/posts"}],"about":[{"href":"https:\/\/dpress.ma\/fr\/wp-json\/wp\/v2\/types\/post"}],"author":[{"embeddable":true,"href":"https:\/\/dpress.ma\/fr\/wp-json\/wp\/v2\/users\/2"}],"replies":[{"embeddable":true,"href":"https:\/\/dpress.ma\/fr\/wp-json\/wp\/v2\/comments?post=29509"}],"version-history":[{"count":1,"href":"https:\/\/dpress.ma\/fr\/wp-json\/wp\/v2\/posts\/29509\/revisions"}],"predecessor-version":[{"id":29511,"href":"https:\/\/dpress.ma\/fr\/wp-json\/wp\/v2\/posts\/29509\/revisions\/29511"}],"wp:featuredmedia":[{"embeddable":true,"href":"https:\/\/dpress.ma\/fr\/wp-json\/wp\/v2\/media\/29510"}],"wp:attachment":[{"href":"https:\/\/dpress.ma\/fr\/wp-json\/wp\/v2\/media?parent=29509"}],"wp:term":[{"taxonomy":"category","embeddable":true,"href":"https:\/\/dpress.ma\/fr\/wp-json\/wp\/v2\/categories?post=29509"},{"taxonomy":"post_tag","embeddable":true,"href":"https:\/\/dpress.ma\/fr\/wp-json\/wp\/v2\/tags?post=29509"}],"curies":[{"name":"wp","href":"https:\/\/api.w.org\/{rel}","templated":true}]}}