{"id":29493,"date":"2026-04-28T09:17:43","date_gmt":"2026-04-28T09:17:43","guid":{"rendered":"https:\/\/dpress.ma\/fr\/?p=29493"},"modified":"2026-04-28T09:17:46","modified_gmt":"2026-04-28T09:17:46","slug":"entretiens-maroco-autrichiens-sur-le-renforcement-du-partenariat-dans-le-domaine-de-la-justice","status":"publish","type":"post","link":"https:\/\/dpress.ma\/fr\/2026\/04\/28\/entretiens-maroco-autrichiens-sur-le-renforcement-du-partenariat-dans-le-domaine-de-la-justice\/","title":{"rendered":"Entretiens maroco-autrichiens sur le renforcement du partenariat dans le domaine de la justice"},"content":{"rendered":"\n<p class=\"wp-block-paragraph\">Dpress<\/p>\n\n\n\n<p class=\"wp-block-paragraph\">Le renforcement de la coop\u00e9ration judiciaire et l\u2019\u00e9change d\u2019exp\u00e9riences dans le domaine de la justice ont \u00e9t\u00e9 au centre des entretiens, lundi \u00e0 Rabat, entre le ministre de la Justice Abdellatif Ouahbi et la Procureure g\u00e9n\u00e9rale de la R\u00e9publique d\u2019Autriche Margret Wachberger, en visite de travail au Maroc \u00e0 la t\u00eate d\u2019une d\u00e9l\u00e9gation de haut niveau.<\/p>\n\n\n\n<p class=\"wp-block-paragraph\">Cette rencontre a \u00e9t\u00e9 l\u2019occasion de r\u00e9affirmer la solidit\u00e9 des relations d\u2019amiti\u00e9 et de coop\u00e9ration liant les deux pays ainsi que leur volont\u00e9 d\u2019en hisser le niveau, notamment dans le domaine judiciaire afin d\u2019accompagner les mutations acc\u00e9l\u00e9r\u00e9es que conna\u00eet le secteur de la justice aux niveaux national et international.<\/p>\n\n\n\n<p class=\"wp-block-paragraph\">Les deux parties ont pass\u00e9 en revue les principaux chantiers de r\u00e9forme en cours dans le secteur de la justice dans chacun des deux pays. A cet effet, le ministre a expos\u00e9 les efforts d\u00e9ploy\u00e9s par le Maroc pour moderniser son syst\u00e8me judiciaire, particuli\u00e8rement la digitalisation, le renforcement de l\u2019efficacit\u00e9 judiciaire et la cons\u00e9cration des principes de bonne gouvernance. Il s\u2019agit aussi de faciliter l\u2019acc\u00e8s des citoyens \u00e0 la justice et de d\u00e9velopper des m\u00e9canismes de formation continue au profit des magistrats et des cadres de l\u2019administration judiciaire.<\/p>\n\n\n\n<p class=\"wp-block-paragraph\">La rencontre a aussi permis d\u2019\u00e9changer sur plusieurs questions d\u2019int\u00e9r\u00eat commun, dont le renforcement de la coop\u00e9ration dans le domaine de la justice p\u00e9nale, le d\u00e9veloppement de m\u00e9canismes de lutte contre le crime organis\u00e9 et transfrontalier, l\u2019assistance judiciaire internationale ainsi que l\u2019exploitation des perspectives qu\u2019offrent les nouvelles technologies en mati\u00e8re de gestion du service judiciaire.<\/p>\n\n\n\n<p class=\"wp-block-paragraph\">Les deux responsables ont soulign\u00e9 l\u2019importance de poursuivre la coordination et d\u2019intensifier les canaux de communication institutionnelle de mani\u00e8re \u00e0 permettre un \u00e9change r\u00e9gulier des exp\u00e9riences et des expertises, tout en contribuant au renforcement de l\u2019efficacit\u00e9 des syst\u00e8mes judiciaires et \u00e0 la cons\u00e9cration des principes de confiance mutuelle et de primaut\u00e9 du droit.<\/p>\n\n\n\n<p class=\"wp-block-paragraph\">Selon M. Ouahbi, cette rencontre \u201ctraduit les liens solides de coop\u00e9ration entre le Maroc et l\u2019Autriche et incarne notre volont\u00e9 commune de renforcer le partenariat dans le domaine judiciaire, gr\u00e2ce \u00e0 l\u2019\u00e9change d\u2019expertises et au partage des exp\u00e9riences r\u00e9ussies, de sorte \u00e0 contribuer au d\u00e9veloppement des syst\u00e8mes de justice en r\u00e9ponse aux d\u00e9fis actuels\u201d.<\/p>\n\n\n\n<p class=\"wp-block-paragraph\">De son c\u00f4t\u00e9, Mme Wachberger a not\u00e9 que cette visite \u201cconstitue une occasion importante pour approfondir le dialogue avec les partenaires marocains et de s\u2019enqu\u00e9rir des exp\u00e9riences du secteur de la justice\u201d, notant qu\u2019elle \u201crefl\u00e8te \u00e9galement notre engagement commun \u00e0 renforcer la coop\u00e9ration judiciaire et l\u2019\u00e9change des bonnes pratiques dans l\u2019int\u00e9r\u00eat de la justice dans les deux pays\u201d.<\/p>\n\n\n\n<p class=\"wp-block-paragraph\">Accompagn\u00e9e d\u2019une d\u00e9l\u00e9gation de haut niveau, Mme Wachberger effectue une visite de travail au Maroc (26-28 avril), dans le cadre du renforcement des relations de coop\u00e9ration entre les Minist\u00e8res publics des deux pays.<\/p>\n","protected":false},"excerpt":{"rendered":"<p>Dpress Le renforcement de la coop\u00e9ration judiciaire et l\u2019\u00e9change d\u2019exp\u00e9riences dans le domaine de la justice ont \u00e9t\u00e9 au centre des entretiens, lundi \u00e0 Rabat, entre le ministre de la Justice Abdellatif Ouahbi et la Procureure g\u00e9n\u00e9rale de la R\u00e9publique d\u2019Autriche Margret Wachberger, en visite de travail au Maroc \u00e0 la t\u00eate d\u2019une d\u00e9l\u00e9gation de &hellip;<\/p>\n","protected":false},"author":2,"featured_media":29494,"comment_status":"open","ping_status":"open","sticky":false,"template":"","format":"standard","meta":{"footnotes":""},"categories":[33],"tags":[],"class_list":["post-29493","post","type-post","status-publish","format-standard","has-post-thumbnail","hentry","category-diplomatie-parallele"],"yoast_head":"<!-- This site is optimized with the Yoast SEO plugin v28.0 - https:\/\/yoast.com\/product\/yoast-seo-wordpress\/ -->\n<title>Entretiens maroco-autrichiens sur le renforcement du partenariat dans le domaine de la justice - Dpress.ma\/fr<\/title>\n<meta name=\"robots\" content=\"index, follow, max-snippet:-1, max-image-preview:large, max-video-preview:-1\" \/>\n<link rel=\"canonical\" href=\"https:\/\/dpress.ma\/fr\/2026\/04\/28\/entretiens-maroco-autrichiens-sur-le-renforcement-du-partenariat-dans-le-domaine-de-la-justice\/\" \/>\n<meta property=\"og:locale\" content=\"fr_FR\" \/>\n<meta property=\"og:type\" content=\"article\" \/>\n<meta property=\"og:title\" content=\"Entretiens maroco-autrichiens sur le renforcement du partenariat dans le domaine de la justice - Dpress.ma\/fr\" \/>\n<meta property=\"og:description\" content=\"Dpress Le renforcement de la coop\u00e9ration judiciaire et l\u2019\u00e9change d\u2019exp\u00e9riences dans le domaine de la justice ont \u00e9t\u00e9 au centre des entretiens, lundi \u00e0 Rabat, entre le ministre de la Justice Abdellatif Ouahbi et la Procureure g\u00e9n\u00e9rale de la R\u00e9publique d\u2019Autriche Margret Wachberger, en visite de travail au Maroc \u00e0 la t\u00eate d\u2019une d\u00e9l\u00e9gation de &hellip;\" \/>\n<meta property=\"og:url\" content=\"https:\/\/dpress.ma\/fr\/2026\/04\/28\/entretiens-maroco-autrichiens-sur-le-renforcement-du-partenariat-dans-le-domaine-de-la-justice\/\" \/>\n<meta property=\"og:site_name\" content=\"Dpress.ma\/fr\" \/>\n<meta property=\"article:published_time\" content=\"2026-04-28T09:17:43+00:00\" \/>\n<meta property=\"article:modified_time\" content=\"2026-04-28T09:17:46+00:00\" \/>\n<meta property=\"og:image\" content=\"https:\/\/dpress.ma\/fr\/wp-content\/uploads\/sites\/2\/2026\/04\/26-10.jpg\" \/>\n\t<meta property=\"og:image:width\" content=\"2539\" \/>\n\t<meta property=\"og:image:height\" content=\"1594\" \/>\n\t<meta property=\"og:image:type\" content=\"image\/jpeg\" \/>\n<meta name=\"author\" content=\"Dpress.ma\" \/>\n<meta name=\"twitter:card\" content=\"summary_large_image\" \/>\n<meta name=\"twitter:label1\" content=\"\u00c9crit par\" \/>\n\t<meta name=\"twitter:data1\" content=\"Dpress.ma\" \/>\n\t<meta name=\"twitter:label2\" content=\"Dur\u00e9e de lecture estim\u00e9e\" \/>\n\t<meta name=\"twitter:data2\" content=\"3 minutes\" \/>\n<script type=\"application\/ld+json\" class=\"yoast-schema-graph\">{\"@context\":\"https:\\\/\\\/schema.org\",\"@graph\":[{\"@type\":\"Article\",\"@id\":\"https:\\\/\\\/dpress.ma\\\/fr\\\/2026\\\/04\\\/28\\\/entretiens-maroco-autrichiens-sur-le-renforcement-du-partenariat-dans-le-domaine-de-la-justice\\\/#article\",\"isPartOf\":{\"@id\":\"https:\\\/\\\/dpress.ma\\\/fr\\\/2026\\\/04\\\/28\\\/entretiens-maroco-autrichiens-sur-le-renforcement-du-partenariat-dans-le-domaine-de-la-justice\\\/\"},\"author\":{\"name\":\"Dpress.ma\",\"@id\":\"https:\\\/\\\/dpress.ma\\\/fr\\\/#\\\/schema\\\/person\\\/4898febf3ccd59e6578d838656a306a0\"},\"headline\":\"Entretiens maroco-autrichiens sur le renforcement du partenariat dans le domaine de la justice\",\"datePublished\":\"2026-04-28T09:17:43+00:00\",\"dateModified\":\"2026-04-28T09:17:46+00:00\",\"mainEntityOfPage\":{\"@id\":\"https:\\\/\\\/dpress.ma\\\/fr\\\/2026\\\/04\\\/28\\\/entretiens-maroco-autrichiens-sur-le-renforcement-du-partenariat-dans-le-domaine-de-la-justice\\\/\"},\"wordCount\":535,\"commentCount\":0,\"image\":{\"@id\":\"https:\\\/\\\/dpress.ma\\\/fr\\\/2026\\\/04\\\/28\\\/entretiens-maroco-autrichiens-sur-le-renforcement-du-partenariat-dans-le-domaine-de-la-justice\\\/#primaryimage\"},\"thumbnailUrl\":\"https:\\\/\\\/dpress.ma\\\/fr\\\/wp-content\\\/uploads\\\/sites\\\/2\\\/2026\\\/04\\\/26-10.jpg\",\"articleSection\":[\"Diplomatie Parall\u00e8le\"],\"inLanguage\":\"fr-FR\",\"potentialAction\":[{\"@type\":\"CommentAction\",\"name\":\"Comment\",\"target\":[\"https:\\\/\\\/dpress.ma\\\/fr\\\/2026\\\/04\\\/28\\\/entretiens-maroco-autrichiens-sur-le-renforcement-du-partenariat-dans-le-domaine-de-la-justice\\\/#respond\"]}]},{\"@type\":\"WebPage\",\"@id\":\"https:\\\/\\\/dpress.ma\\\/fr\\\/2026\\\/04\\\/28\\\/entretiens-maroco-autrichiens-sur-le-renforcement-du-partenariat-dans-le-domaine-de-la-justice\\\/\",\"url\":\"https:\\\/\\\/dpress.ma\\\/fr\\\/2026\\\/04\\\/28\\\/entretiens-maroco-autrichiens-sur-le-renforcement-du-partenariat-dans-le-domaine-de-la-justice\\\/\",\"name\":\"Entretiens maroco-autrichiens sur le renforcement du partenariat dans le domaine de la justice - Dpress.ma\\\/fr\",\"isPartOf\":{\"@id\":\"https:\\\/\\\/dpress.ma\\\/fr\\\/#website\"},\"primaryImageOfPage\":{\"@id\":\"https:\\\/\\\/dpress.ma\\\/fr\\\/2026\\\/04\\\/28\\\/entretiens-maroco-autrichiens-sur-le-renforcement-du-partenariat-dans-le-domaine-de-la-justice\\\/#primaryimage\"},\"image\":{\"@id\":\"https:\\\/\\\/dpress.ma\\\/fr\\\/2026\\\/04\\\/28\\\/entretiens-maroco-autrichiens-sur-le-renforcement-du-partenariat-dans-le-domaine-de-la-justice\\\/#primaryimage\"},\"thumbnailUrl\":\"https:\\\/\\\/dpress.ma\\\/fr\\\/wp-content\\\/uploads\\\/sites\\\/2\\\/2026\\\/04\\\/26-10.jpg\",\"datePublished\":\"2026-04-28T09:17:43+00:00\",\"dateModified\":\"2026-04-28T09:17:46+00:00\",\"author\":{\"@id\":\"https:\\\/\\\/dpress.ma\\\/fr\\\/#\\\/schema\\\/person\\\/4898febf3ccd59e6578d838656a306a0\"},\"breadcrumb\":{\"@id\":\"https:\\\/\\\/dpress.ma\\\/fr\\\/2026\\\/04\\\/28\\\/entretiens-maroco-autrichiens-sur-le-renforcement-du-partenariat-dans-le-domaine-de-la-justice\\\/#breadcrumb\"},\"inLanguage\":\"fr-FR\",\"potentialAction\":[{\"@type\":\"ReadAction\",\"target\":[\"https:\\\/\\\/dpress.ma\\\/fr\\\/2026\\\/04\\\/28\\\/entretiens-maroco-autrichiens-sur-le-renforcement-du-partenariat-dans-le-domaine-de-la-justice\\\/\"]}]},{\"@type\":\"ImageObject\",\"inLanguage\":\"fr-FR\",\"@id\":\"https:\\\/\\\/dpress.ma\\\/fr\\\/2026\\\/04\\\/28\\\/entretiens-maroco-autrichiens-sur-le-renforcement-du-partenariat-dans-le-domaine-de-la-justice\\\/#primaryimage\",\"url\":\"https:\\\/\\\/dpress.ma\\\/fr\\\/wp-content\\\/uploads\\\/sites\\\/2\\\/2026\\\/04\\\/26-10.jpg\",\"contentUrl\":\"https:\\\/\\\/dpress.ma\\\/fr\\\/wp-content\\\/uploads\\\/sites\\\/2\\\/2026\\\/04\\\/26-10.jpg\",\"width\":2539,\"height\":1594},{\"@type\":\"BreadcrumbList\",\"@id\":\"https:\\\/\\\/dpress.ma\\\/fr\\\/2026\\\/04\\\/28\\\/entretiens-maroco-autrichiens-sur-le-renforcement-du-partenariat-dans-le-domaine-de-la-justice\\\/#breadcrumb\",\"itemListElement\":[{\"@type\":\"ListItem\",\"position\":1,\"name\":\"Home\",\"item\":\"https:\\\/\\\/dpress.ma\\\/fr\\\/\"},{\"@type\":\"ListItem\",\"position\":2,\"name\":\"Entretiens maroco-autrichiens sur le renforcement du partenariat dans le domaine de la justice\"}]},{\"@type\":\"WebSite\",\"@id\":\"https:\\\/\\\/dpress.ma\\\/fr\\\/#website\",\"url\":\"https:\\\/\\\/dpress.ma\\\/fr\\\/\",\"name\":\"Dpress.ma\\\/fr\",\"description\":\"\",\"potentialAction\":[{\"@type\":\"SearchAction\",\"target\":{\"@type\":\"EntryPoint\",\"urlTemplate\":\"https:\\\/\\\/dpress.ma\\\/fr\\\/?s={search_term_string}\"},\"query-input\":{\"@type\":\"PropertyValueSpecification\",\"valueRequired\":true,\"valueName\":\"search_term_string\"}}],\"inLanguage\":\"fr-FR\"},{\"@type\":\"Person\",\"@id\":\"https:\\\/\\\/dpress.ma\\\/fr\\\/#\\\/schema\\\/person\\\/4898febf3ccd59e6578d838656a306a0\",\"name\":\"Dpress.ma\",\"image\":{\"@type\":\"ImageObject\",\"inLanguage\":\"fr-FR\",\"@id\":\"https:\\\/\\\/secure.gravatar.com\\\/avatar\\\/72ecc30e9db047a2e0e7176561eb9d564ed77c8108376495b19bd8336405198a?s=96&d=mm&r=g\",\"url\":\"https:\\\/\\\/secure.gravatar.com\\\/avatar\\\/72ecc30e9db047a2e0e7176561eb9d564ed77c8108376495b19bd8336405198a?s=96&d=mm&r=g\",\"contentUrl\":\"https:\\\/\\\/secure.gravatar.com\\\/avatar\\\/72ecc30e9db047a2e0e7176561eb9d564ed77c8108376495b19bd8336405198a?s=96&d=mm&r=g\",\"caption\":\"Dpress.ma\"},\"sameAs\":[\"https:\\\/\\\/www.dpress.ma\"],\"url\":\"https:\\\/\\\/dpress.ma\\\/fr\\\/author\\\/dpress-ma\\\/\"}]}<\/script>\n<!-- \/ Yoast SEO plugin. -->","yoast_head_json":{"title":"Entretiens maroco-autrichiens sur le renforcement du partenariat dans le domaine de la justice - Dpress.ma\/fr","robots":{"index":"index","follow":"follow","max-snippet":"max-snippet:-1","max-image-preview":"max-image-preview:large","max-video-preview":"max-video-preview:-1"},"canonical":"https:\/\/dpress.ma\/fr\/2026\/04\/28\/entretiens-maroco-autrichiens-sur-le-renforcement-du-partenariat-dans-le-domaine-de-la-justice\/","og_locale":"fr_FR","og_type":"article","og_title":"Entretiens maroco-autrichiens sur le renforcement du partenariat dans le domaine de la justice - Dpress.ma\/fr","og_description":"Dpress Le renforcement de la coop\u00e9ration judiciaire et l\u2019\u00e9change d\u2019exp\u00e9riences dans le domaine de la justice ont \u00e9t\u00e9 au centre des entretiens, lundi \u00e0 Rabat, entre le ministre de la Justice Abdellatif Ouahbi et la Procureure g\u00e9n\u00e9rale de la R\u00e9publique d\u2019Autriche Margret Wachberger, en visite de travail au Maroc \u00e0 la t\u00eate d\u2019une d\u00e9l\u00e9gation de &hellip;","og_url":"https:\/\/dpress.ma\/fr\/2026\/04\/28\/entretiens-maroco-autrichiens-sur-le-renforcement-du-partenariat-dans-le-domaine-de-la-justice\/","og_site_name":"Dpress.ma\/fr","article_published_time":"2026-04-28T09:17:43+00:00","article_modified_time":"2026-04-28T09:17:46+00:00","og_image":[{"width":2539,"height":1594,"url":"https:\/\/dpress.ma\/fr\/wp-content\/uploads\/sites\/2\/2026\/04\/26-10.jpg","type":"image\/jpeg"}],"author":"Dpress.ma","twitter_card":"summary_large_image","twitter_misc":{"\u00c9crit par":"Dpress.ma","Dur\u00e9e de lecture estim\u00e9e":"3 minutes"},"schema":{"@context":"https:\/\/schema.org","@graph":[{"@type":"Article","@id":"https:\/\/dpress.ma\/fr\/2026\/04\/28\/entretiens-maroco-autrichiens-sur-le-renforcement-du-partenariat-dans-le-domaine-de-la-justice\/#article","isPartOf":{"@id":"https:\/\/dpress.ma\/fr\/2026\/04\/28\/entretiens-maroco-autrichiens-sur-le-renforcement-du-partenariat-dans-le-domaine-de-la-justice\/"},"author":{"name":"Dpress.ma","@id":"https:\/\/dpress.ma\/fr\/#\/schema\/person\/4898febf3ccd59e6578d838656a306a0"},"headline":"Entretiens maroco-autrichiens sur le renforcement du partenariat dans le domaine de la justice","datePublished":"2026-04-28T09:17:43+00:00","dateModified":"2026-04-28T09:17:46+00:00","mainEntityOfPage":{"@id":"https:\/\/dpress.ma\/fr\/2026\/04\/28\/entretiens-maroco-autrichiens-sur-le-renforcement-du-partenariat-dans-le-domaine-de-la-justice\/"},"wordCount":535,"commentCount":0,"image":{"@id":"https:\/\/dpress.ma\/fr\/2026\/04\/28\/entretiens-maroco-autrichiens-sur-le-renforcement-du-partenariat-dans-le-domaine-de-la-justice\/#primaryimage"},"thumbnailUrl":"https:\/\/dpress.ma\/fr\/wp-content\/uploads\/sites\/2\/2026\/04\/26-10.jpg","articleSection":["Diplomatie Parall\u00e8le"],"inLanguage":"fr-FR","potentialAction":[{"@type":"CommentAction","name":"Comment","target":["https:\/\/dpress.ma\/fr\/2026\/04\/28\/entretiens-maroco-autrichiens-sur-le-renforcement-du-partenariat-dans-le-domaine-de-la-justice\/#respond"]}]},{"@type":"WebPage","@id":"https:\/\/dpress.ma\/fr\/2026\/04\/28\/entretiens-maroco-autrichiens-sur-le-renforcement-du-partenariat-dans-le-domaine-de-la-justice\/","url":"https:\/\/dpress.ma\/fr\/2026\/04\/28\/entretiens-maroco-autrichiens-sur-le-renforcement-du-partenariat-dans-le-domaine-de-la-justice\/","name":"Entretiens maroco-autrichiens sur le renforcement du partenariat dans le domaine de la justice - Dpress.ma\/fr","isPartOf":{"@id":"https:\/\/dpress.ma\/fr\/#website"},"primaryImageOfPage":{"@id":"https:\/\/dpress.ma\/fr\/2026\/04\/28\/entretiens-maroco-autrichiens-sur-le-renforcement-du-partenariat-dans-le-domaine-de-la-justice\/#primaryimage"},"image":{"@id":"https:\/\/dpress.ma\/fr\/2026\/04\/28\/entretiens-maroco-autrichiens-sur-le-renforcement-du-partenariat-dans-le-domaine-de-la-justice\/#primaryimage"},"thumbnailUrl":"https:\/\/dpress.ma\/fr\/wp-content\/uploads\/sites\/2\/2026\/04\/26-10.jpg","datePublished":"2026-04-28T09:17:43+00:00","dateModified":"2026-04-28T09:17:46+00:00","author":{"@id":"https:\/\/dpress.ma\/fr\/#\/schema\/person\/4898febf3ccd59e6578d838656a306a0"},"breadcrumb":{"@id":"https:\/\/dpress.ma\/fr\/2026\/04\/28\/entretiens-maroco-autrichiens-sur-le-renforcement-du-partenariat-dans-le-domaine-de-la-justice\/#breadcrumb"},"inLanguage":"fr-FR","potentialAction":[{"@type":"ReadAction","target":["https:\/\/dpress.ma\/fr\/2026\/04\/28\/entretiens-maroco-autrichiens-sur-le-renforcement-du-partenariat-dans-le-domaine-de-la-justice\/"]}]},{"@type":"ImageObject","inLanguage":"fr-FR","@id":"https:\/\/dpress.ma\/fr\/2026\/04\/28\/entretiens-maroco-autrichiens-sur-le-renforcement-du-partenariat-dans-le-domaine-de-la-justice\/#primaryimage","url":"https:\/\/dpress.ma\/fr\/wp-content\/uploads\/sites\/2\/2026\/04\/26-10.jpg","contentUrl":"https:\/\/dpress.ma\/fr\/wp-content\/uploads\/sites\/2\/2026\/04\/26-10.jpg","width":2539,"height":1594},{"@type":"BreadcrumbList","@id":"https:\/\/dpress.ma\/fr\/2026\/04\/28\/entretiens-maroco-autrichiens-sur-le-renforcement-du-partenariat-dans-le-domaine-de-la-justice\/#breadcrumb","itemListElement":[{"@type":"ListItem","position":1,"name":"Home","item":"https:\/\/dpress.ma\/fr\/"},{"@type":"ListItem","position":2,"name":"Entretiens maroco-autrichiens sur le renforcement du partenariat dans le domaine de la justice"}]},{"@type":"WebSite","@id":"https:\/\/dpress.ma\/fr\/#website","url":"https:\/\/dpress.ma\/fr\/","name":"Dpress.ma\/fr","description":"","potentialAction":[{"@type":"SearchAction","target":{"@type":"EntryPoint","urlTemplate":"https:\/\/dpress.ma\/fr\/?s={search_term_string}"},"query-input":{"@type":"PropertyValueSpecification","valueRequired":true,"valueName":"search_term_string"}}],"inLanguage":"fr-FR"},{"@type":"Person","@id":"https:\/\/dpress.ma\/fr\/#\/schema\/person\/4898febf3ccd59e6578d838656a306a0","name":"Dpress.ma","image":{"@type":"ImageObject","inLanguage":"fr-FR","@id":"https:\/\/secure.gravatar.com\/avatar\/72ecc30e9db047a2e0e7176561eb9d564ed77c8108376495b19bd8336405198a?s=96&d=mm&r=g","url":"https:\/\/secure.gravatar.com\/avatar\/72ecc30e9db047a2e0e7176561eb9d564ed77c8108376495b19bd8336405198a?s=96&d=mm&r=g","contentUrl":"https:\/\/secure.gravatar.com\/avatar\/72ecc30e9db047a2e0e7176561eb9d564ed77c8108376495b19bd8336405198a?s=96&d=mm&r=g","caption":"Dpress.ma"},"sameAs":["https:\/\/www.dpress.ma"],"url":"https:\/\/dpress.ma\/fr\/author\/dpress-ma\/"}]}},"amp_enabled":true,"_links":{"self":[{"href":"https:\/\/dpress.ma\/fr\/wp-json\/wp\/v2\/posts\/29493","targetHints":{"allow":["GET"]}}],"collection":[{"href":"https:\/\/dpress.ma\/fr\/wp-json\/wp\/v2\/posts"}],"about":[{"href":"https:\/\/dpress.ma\/fr\/wp-json\/wp\/v2\/types\/post"}],"author":[{"embeddable":true,"href":"https:\/\/dpress.ma\/fr\/wp-json\/wp\/v2\/users\/2"}],"replies":[{"embeddable":true,"href":"https:\/\/dpress.ma\/fr\/wp-json\/wp\/v2\/comments?post=29493"}],"version-history":[{"count":1,"href":"https:\/\/dpress.ma\/fr\/wp-json\/wp\/v2\/posts\/29493\/revisions"}],"predecessor-version":[{"id":29495,"href":"https:\/\/dpress.ma\/fr\/wp-json\/wp\/v2\/posts\/29493\/revisions\/29495"}],"wp:featuredmedia":[{"embeddable":true,"href":"https:\/\/dpress.ma\/fr\/wp-json\/wp\/v2\/media\/29494"}],"wp:attachment":[{"href":"https:\/\/dpress.ma\/fr\/wp-json\/wp\/v2\/media?parent=29493"}],"wp:term":[{"taxonomy":"category","embeddable":true,"href":"https:\/\/dpress.ma\/fr\/wp-json\/wp\/v2\/categories?post=29493"},{"taxonomy":"post_tag","embeddable":true,"href":"https:\/\/dpress.ma\/fr\/wp-json\/wp\/v2\/tags?post=29493"}],"curies":[{"name":"wp","href":"https:\/\/api.w.org\/{rel}","templated":true}]}}