{"id":29490,"date":"2026-04-28T09:16:30","date_gmt":"2026-04-28T09:16:30","guid":{"rendered":"https:\/\/dpress.ma\/fr\/?p=29490"},"modified":"2026-04-28T09:16:35","modified_gmt":"2026-04-28T09:16:35","slug":"lancement-de-la-6e-edition-du-prix-de-la-presse-parlementaire","status":"publish","type":"post","link":"https:\/\/dpress.ma\/fr\/2026\/04\/28\/lancement-de-la-6e-edition-du-prix-de-la-presse-parlementaire\/","title":{"rendered":"Lancement de la 6e \u00e9dition du Prix de la presse parlementaire"},"content":{"rendered":"\n<p>Dpress<\/p>\n\n\n\n<p>Les deux Chambres du Parlement ont annonc\u00e9, lundi, le lancement de la 6e \u00e9dition du Prix de la presse parlementaire au titre de 2026.<\/p>\n\n\n\n<p>Organis\u00e9 annuellement conform\u00e9ment \u00e0 la d\u00e9cision des Bureaux des Chambres des repr\u00e9sentants et des conseillers, le Prix vise \u00e0 encourager et \u00e0 rendre hommage aux comp\u00e9tences m\u00e9diatiques marocaines pour leurs efforts individuels ou collectifs et leur contribution au d\u00e9veloppement et \u00e0 la promotion de l\u2019action parlementaire, au renforcement de la participation politique et \u00e0 la consolidation de l\u2019\u00c9tat des institutions, indique un communiqu\u00e9 du Parlement.<\/p>\n\n\n\n<p>Il s\u2019agit du Prix de reconnaissance du parcours d\u2019un journaliste s\u2019int\u00e9ressant sp\u00e9cialement \u00e0 la chose parlementaire ainsi que des Prix de la presse \u00e9crite, \u00e9lectronique, visuelle, audio et photographique.<\/p>\n\n\n\n<p>Les organismes m\u00e9diatiques nationaux (t\u00e9l\u00e9visions, radios, agence de presse, journaux et sites \u00e9lectroniques) peuvent concourir dans toutes les cat\u00e9gories pr\u00e9cit\u00e9es.<\/p>\n\n\n\n<p>Les Prix sont ouverts aux candidats (es) de nationalit\u00e9 marocaine, titulaire de la carte de presse au titre de l\u2019ann\u00e9e 2025 ou disposant d\u2019une attestation de travail d\u00e9livr\u00e9e par leur entreprise m\u00e9diatique au titre de 2026. Les int\u00e9ress\u00e9s peuvent concourir \u00e0 titre individuel ou collectif, \u00e0 condition de ne pas faire partie des laur\u00e9ats de la pr\u00e9c\u00e9dente \u00e9dition.<\/p>\n\n\n\n<p>Les organismes m\u00e9diatiques peuvent nominer une personne ou une \u00e9quipe et les travaux doivent \u00eatre soumis tels qu\u2019ils ont \u00e9t\u00e9 publi\u00e9s ou diffus\u00e9s originalement sur un m\u00e9dia national entre le 01 juin 2025 et le 31 mai 2026.<\/p>\n\n\n\n<p>Pour la presse \u00e9lectronique, les travaux en lice doivent \u00eatre conserv\u00e9s sur le site jusqu\u2019\u00e0 l\u2019annonce officielle des laur\u00e9ats.<\/p>\n\n\n\n<p>Les candidats sont appel\u00e9s \u00e0 pr\u00e9senter leurs travaux en six exemplaires au bureau d\u2019ordre de la Chambre des repr\u00e9sentants ou de la Chambre des conseillers comme ils peuvent les envoyer par courrier \u00e9lectronique sur l\u2019adresse : prixpresse2026@parlement.ma, entre le 28 avril et 31 mai.<\/p>\n\n\n\n<p>Le formulaire de participation est t\u00e9l\u00e9chargeable et le r\u00e8glement du Prix consultable sur le site officiel du Parlement : www.parlement.ma ou sur les sites des deux chambres (www.chambredesrepresentants.ma et www.chambredesconseillers.ma).<\/p>\n\n\n\n<p>Pour plus d\u2019informations, les int\u00e9ress\u00e9s peuvent contacter par t\u00e9l\u00e9phone le secr\u00e9tariat du comit\u00e9 organisateur du Prix sur les num\u00e9ros 05.37.67.96.90 et 05.37.67.96.50 ou par courrier \u00e9lectronique via l\u2019adresse pr\u00e9cit\u00e9e.<\/p>\n","protected":false},"excerpt":{"rendered":"<p>Dpress Les deux Chambres du Parlement ont annonc\u00e9, lundi, le lancement de la 6e \u00e9dition du Prix de la presse parlementaire au titre de 2026. Organis\u00e9 annuellement conform\u00e9ment \u00e0 la d\u00e9cision des Bureaux des Chambres des repr\u00e9sentants et des conseillers, le Prix vise \u00e0 encourager et \u00e0 rendre hommage aux comp\u00e9tences m\u00e9diatiques marocaines pour leurs &hellip;<\/p>\n","protected":false},"author":2,"featured_media":29491,"comment_status":"open","ping_status":"open","sticky":false,"template":"","format":"standard","meta":{"footnotes":""},"categories":[26],"tags":[],"class_list":["post-29490","post","type-post","status-publish","format-standard","has-post-thumbnail","hentry","category-politiques"],"yoast_head":"<!-- This site is optimized with the Yoast SEO plugin v27.4 - https:\/\/yoast.com\/product\/yoast-seo-wordpress\/ -->\n<title>Lancement de la 6e \u00e9dition du Prix de la presse parlementaire - Dpress.ma\/fr<\/title>\n<meta name=\"robots\" content=\"index, follow, max-snippet:-1, max-image-preview:large, max-video-preview:-1\" \/>\n<link rel=\"canonical\" href=\"https:\/\/dpress.ma\/fr\/2026\/04\/28\/lancement-de-la-6e-edition-du-prix-de-la-presse-parlementaire\/\" \/>\n<meta property=\"og:locale\" content=\"fr_FR\" \/>\n<meta property=\"og:type\" content=\"article\" \/>\n<meta property=\"og:title\" content=\"Lancement de la 6e \u00e9dition du Prix de la presse parlementaire - Dpress.ma\/fr\" \/>\n<meta property=\"og:description\" content=\"Dpress Les deux Chambres du Parlement ont annonc\u00e9, lundi, le lancement de la 6e \u00e9dition du Prix de la presse parlementaire au titre de 2026. Organis\u00e9 annuellement conform\u00e9ment \u00e0 la d\u00e9cision des Bureaux des Chambres des repr\u00e9sentants et des conseillers, le Prix vise \u00e0 encourager et \u00e0 rendre hommage aux comp\u00e9tences m\u00e9diatiques marocaines pour leurs &hellip;\" \/>\n<meta property=\"og:url\" content=\"https:\/\/dpress.ma\/fr\/2026\/04\/28\/lancement-de-la-6e-edition-du-prix-de-la-presse-parlementaire\/\" \/>\n<meta property=\"og:site_name\" content=\"Dpress.ma\/fr\" \/>\n<meta property=\"article:published_time\" content=\"2026-04-28T09:16:30+00:00\" \/>\n<meta property=\"article:modified_time\" content=\"2026-04-28T09:16:35+00:00\" \/>\n<meta property=\"og:image\" content=\"https:\/\/dpress.ma\/fr\/wp-content\/uploads\/sites\/2\/2026\/04\/25-12.jpg\" \/>\n\t<meta property=\"og:image:width\" content=\"2539\" \/>\n\t<meta property=\"og:image:height\" content=\"1594\" \/>\n\t<meta property=\"og:image:type\" content=\"image\/jpeg\" \/>\n<meta name=\"author\" content=\"Dpress.ma\" \/>\n<meta name=\"twitter:card\" content=\"summary_large_image\" \/>\n<meta name=\"twitter:label1\" content=\"\u00c9crit par\" \/>\n\t<meta name=\"twitter:data1\" content=\"Dpress.ma\" \/>\n\t<meta name=\"twitter:label2\" content=\"Dur\u00e9e de lecture estim\u00e9e\" \/>\n\t<meta name=\"twitter:data2\" content=\"3 minutes\" \/>\n<script type=\"application\/ld+json\" class=\"yoast-schema-graph\">{\"@context\":\"https:\\\/\\\/schema.org\",\"@graph\":[{\"@type\":\"Article\",\"@id\":\"https:\\\/\\\/dpress.ma\\\/fr\\\/2026\\\/04\\\/28\\\/lancement-de-la-6e-edition-du-prix-de-la-presse-parlementaire\\\/#article\",\"isPartOf\":{\"@id\":\"https:\\\/\\\/dpress.ma\\\/fr\\\/2026\\\/04\\\/28\\\/lancement-de-la-6e-edition-du-prix-de-la-presse-parlementaire\\\/\"},\"author\":{\"name\":\"Dpress.ma\",\"@id\":\"https:\\\/\\\/dpress.ma\\\/fr\\\/#\\\/schema\\\/person\\\/4898febf3ccd59e6578d838656a306a0\"},\"headline\":\"Lancement de la 6e \u00e9dition du Prix de la presse parlementaire\",\"datePublished\":\"2026-04-28T09:16:30+00:00\",\"dateModified\":\"2026-04-28T09:16:35+00:00\",\"mainEntityOfPage\":{\"@id\":\"https:\\\/\\\/dpress.ma\\\/fr\\\/2026\\\/04\\\/28\\\/lancement-de-la-6e-edition-du-prix-de-la-presse-parlementaire\\\/\"},\"wordCount\":410,\"commentCount\":0,\"image\":{\"@id\":\"https:\\\/\\\/dpress.ma\\\/fr\\\/2026\\\/04\\\/28\\\/lancement-de-la-6e-edition-du-prix-de-la-presse-parlementaire\\\/#primaryimage\"},\"thumbnailUrl\":\"https:\\\/\\\/dpress.ma\\\/fr\\\/wp-content\\\/uploads\\\/sites\\\/2\\\/2026\\\/04\\\/25-12.jpg\",\"articleSection\":[\"Politiques\"],\"inLanguage\":\"fr-FR\",\"potentialAction\":[{\"@type\":\"CommentAction\",\"name\":\"Comment\",\"target\":[\"https:\\\/\\\/dpress.ma\\\/fr\\\/2026\\\/04\\\/28\\\/lancement-de-la-6e-edition-du-prix-de-la-presse-parlementaire\\\/#respond\"]}]},{\"@type\":\"WebPage\",\"@id\":\"https:\\\/\\\/dpress.ma\\\/fr\\\/2026\\\/04\\\/28\\\/lancement-de-la-6e-edition-du-prix-de-la-presse-parlementaire\\\/\",\"url\":\"https:\\\/\\\/dpress.ma\\\/fr\\\/2026\\\/04\\\/28\\\/lancement-de-la-6e-edition-du-prix-de-la-presse-parlementaire\\\/\",\"name\":\"Lancement de la 6e \u00e9dition du Prix de la presse parlementaire - Dpress.ma\\\/fr\",\"isPartOf\":{\"@id\":\"https:\\\/\\\/dpress.ma\\\/fr\\\/#website\"},\"primaryImageOfPage\":{\"@id\":\"https:\\\/\\\/dpress.ma\\\/fr\\\/2026\\\/04\\\/28\\\/lancement-de-la-6e-edition-du-prix-de-la-presse-parlementaire\\\/#primaryimage\"},\"image\":{\"@id\":\"https:\\\/\\\/dpress.ma\\\/fr\\\/2026\\\/04\\\/28\\\/lancement-de-la-6e-edition-du-prix-de-la-presse-parlementaire\\\/#primaryimage\"},\"thumbnailUrl\":\"https:\\\/\\\/dpress.ma\\\/fr\\\/wp-content\\\/uploads\\\/sites\\\/2\\\/2026\\\/04\\\/25-12.jpg\",\"datePublished\":\"2026-04-28T09:16:30+00:00\",\"dateModified\":\"2026-04-28T09:16:35+00:00\",\"author\":{\"@id\":\"https:\\\/\\\/dpress.ma\\\/fr\\\/#\\\/schema\\\/person\\\/4898febf3ccd59e6578d838656a306a0\"},\"breadcrumb\":{\"@id\":\"https:\\\/\\\/dpress.ma\\\/fr\\\/2026\\\/04\\\/28\\\/lancement-de-la-6e-edition-du-prix-de-la-presse-parlementaire\\\/#breadcrumb\"},\"inLanguage\":\"fr-FR\",\"potentialAction\":[{\"@type\":\"ReadAction\",\"target\":[\"https:\\\/\\\/dpress.ma\\\/fr\\\/2026\\\/04\\\/28\\\/lancement-de-la-6e-edition-du-prix-de-la-presse-parlementaire\\\/\"]}]},{\"@type\":\"ImageObject\",\"inLanguage\":\"fr-FR\",\"@id\":\"https:\\\/\\\/dpress.ma\\\/fr\\\/2026\\\/04\\\/28\\\/lancement-de-la-6e-edition-du-prix-de-la-presse-parlementaire\\\/#primaryimage\",\"url\":\"https:\\\/\\\/dpress.ma\\\/fr\\\/wp-content\\\/uploads\\\/sites\\\/2\\\/2026\\\/04\\\/25-12.jpg\",\"contentUrl\":\"https:\\\/\\\/dpress.ma\\\/fr\\\/wp-content\\\/uploads\\\/sites\\\/2\\\/2026\\\/04\\\/25-12.jpg\",\"width\":2539,\"height\":1594},{\"@type\":\"BreadcrumbList\",\"@id\":\"https:\\\/\\\/dpress.ma\\\/fr\\\/2026\\\/04\\\/28\\\/lancement-de-la-6e-edition-du-prix-de-la-presse-parlementaire\\\/#breadcrumb\",\"itemListElement\":[{\"@type\":\"ListItem\",\"position\":1,\"name\":\"Home\",\"item\":\"https:\\\/\\\/dpress.ma\\\/fr\\\/\"},{\"@type\":\"ListItem\",\"position\":2,\"name\":\"Lancement de la 6e \u00e9dition du Prix de la presse parlementaire\"}]},{\"@type\":\"WebSite\",\"@id\":\"https:\\\/\\\/dpress.ma\\\/fr\\\/#website\",\"url\":\"https:\\\/\\\/dpress.ma\\\/fr\\\/\",\"name\":\"Dpress.ma\\\/fr\",\"description\":\"\",\"potentialAction\":[{\"@type\":\"SearchAction\",\"target\":{\"@type\":\"EntryPoint\",\"urlTemplate\":\"https:\\\/\\\/dpress.ma\\\/fr\\\/?s={search_term_string}\"},\"query-input\":{\"@type\":\"PropertyValueSpecification\",\"valueRequired\":true,\"valueName\":\"search_term_string\"}}],\"inLanguage\":\"fr-FR\"},{\"@type\":\"Person\",\"@id\":\"https:\\\/\\\/dpress.ma\\\/fr\\\/#\\\/schema\\\/person\\\/4898febf3ccd59e6578d838656a306a0\",\"name\":\"Dpress.ma\",\"image\":{\"@type\":\"ImageObject\",\"inLanguage\":\"fr-FR\",\"@id\":\"https:\\\/\\\/secure.gravatar.com\\\/avatar\\\/72ecc30e9db047a2e0e7176561eb9d564ed77c8108376495b19bd8336405198a?s=96&d=mm&r=g\",\"url\":\"https:\\\/\\\/secure.gravatar.com\\\/avatar\\\/72ecc30e9db047a2e0e7176561eb9d564ed77c8108376495b19bd8336405198a?s=96&d=mm&r=g\",\"contentUrl\":\"https:\\\/\\\/secure.gravatar.com\\\/avatar\\\/72ecc30e9db047a2e0e7176561eb9d564ed77c8108376495b19bd8336405198a?s=96&d=mm&r=g\",\"caption\":\"Dpress.ma\"},\"sameAs\":[\"https:\\\/\\\/www.dpress.ma\"],\"url\":\"https:\\\/\\\/dpress.ma\\\/fr\\\/author\\\/dpress-ma\\\/\"}]}<\/script>\n<!-- \/ Yoast SEO plugin. -->","yoast_head_json":{"title":"Lancement de la 6e \u00e9dition du Prix de la presse parlementaire - Dpress.ma\/fr","robots":{"index":"index","follow":"follow","max-snippet":"max-snippet:-1","max-image-preview":"max-image-preview:large","max-video-preview":"max-video-preview:-1"},"canonical":"https:\/\/dpress.ma\/fr\/2026\/04\/28\/lancement-de-la-6e-edition-du-prix-de-la-presse-parlementaire\/","og_locale":"fr_FR","og_type":"article","og_title":"Lancement de la 6e \u00e9dition du Prix de la presse parlementaire - Dpress.ma\/fr","og_description":"Dpress Les deux Chambres du Parlement ont annonc\u00e9, lundi, le lancement de la 6e \u00e9dition du Prix de la presse parlementaire au titre de 2026. Organis\u00e9 annuellement conform\u00e9ment \u00e0 la d\u00e9cision des Bureaux des Chambres des repr\u00e9sentants et des conseillers, le Prix vise \u00e0 encourager et \u00e0 rendre hommage aux comp\u00e9tences m\u00e9diatiques marocaines pour leurs &hellip;","og_url":"https:\/\/dpress.ma\/fr\/2026\/04\/28\/lancement-de-la-6e-edition-du-prix-de-la-presse-parlementaire\/","og_site_name":"Dpress.ma\/fr","article_published_time":"2026-04-28T09:16:30+00:00","article_modified_time":"2026-04-28T09:16:35+00:00","og_image":[{"width":2539,"height":1594,"url":"https:\/\/dpress.ma\/fr\/wp-content\/uploads\/sites\/2\/2026\/04\/25-12.jpg","type":"image\/jpeg"}],"author":"Dpress.ma","twitter_card":"summary_large_image","twitter_misc":{"\u00c9crit par":"Dpress.ma","Dur\u00e9e de lecture estim\u00e9e":"3 minutes"},"schema":{"@context":"https:\/\/schema.org","@graph":[{"@type":"Article","@id":"https:\/\/dpress.ma\/fr\/2026\/04\/28\/lancement-de-la-6e-edition-du-prix-de-la-presse-parlementaire\/#article","isPartOf":{"@id":"https:\/\/dpress.ma\/fr\/2026\/04\/28\/lancement-de-la-6e-edition-du-prix-de-la-presse-parlementaire\/"},"author":{"name":"Dpress.ma","@id":"https:\/\/dpress.ma\/fr\/#\/schema\/person\/4898febf3ccd59e6578d838656a306a0"},"headline":"Lancement de la 6e \u00e9dition du Prix de la presse parlementaire","datePublished":"2026-04-28T09:16:30+00:00","dateModified":"2026-04-28T09:16:35+00:00","mainEntityOfPage":{"@id":"https:\/\/dpress.ma\/fr\/2026\/04\/28\/lancement-de-la-6e-edition-du-prix-de-la-presse-parlementaire\/"},"wordCount":410,"commentCount":0,"image":{"@id":"https:\/\/dpress.ma\/fr\/2026\/04\/28\/lancement-de-la-6e-edition-du-prix-de-la-presse-parlementaire\/#primaryimage"},"thumbnailUrl":"https:\/\/dpress.ma\/fr\/wp-content\/uploads\/sites\/2\/2026\/04\/25-12.jpg","articleSection":["Politiques"],"inLanguage":"fr-FR","potentialAction":[{"@type":"CommentAction","name":"Comment","target":["https:\/\/dpress.ma\/fr\/2026\/04\/28\/lancement-de-la-6e-edition-du-prix-de-la-presse-parlementaire\/#respond"]}]},{"@type":"WebPage","@id":"https:\/\/dpress.ma\/fr\/2026\/04\/28\/lancement-de-la-6e-edition-du-prix-de-la-presse-parlementaire\/","url":"https:\/\/dpress.ma\/fr\/2026\/04\/28\/lancement-de-la-6e-edition-du-prix-de-la-presse-parlementaire\/","name":"Lancement de la 6e \u00e9dition du Prix de la presse parlementaire - Dpress.ma\/fr","isPartOf":{"@id":"https:\/\/dpress.ma\/fr\/#website"},"primaryImageOfPage":{"@id":"https:\/\/dpress.ma\/fr\/2026\/04\/28\/lancement-de-la-6e-edition-du-prix-de-la-presse-parlementaire\/#primaryimage"},"image":{"@id":"https:\/\/dpress.ma\/fr\/2026\/04\/28\/lancement-de-la-6e-edition-du-prix-de-la-presse-parlementaire\/#primaryimage"},"thumbnailUrl":"https:\/\/dpress.ma\/fr\/wp-content\/uploads\/sites\/2\/2026\/04\/25-12.jpg","datePublished":"2026-04-28T09:16:30+00:00","dateModified":"2026-04-28T09:16:35+00:00","author":{"@id":"https:\/\/dpress.ma\/fr\/#\/schema\/person\/4898febf3ccd59e6578d838656a306a0"},"breadcrumb":{"@id":"https:\/\/dpress.ma\/fr\/2026\/04\/28\/lancement-de-la-6e-edition-du-prix-de-la-presse-parlementaire\/#breadcrumb"},"inLanguage":"fr-FR","potentialAction":[{"@type":"ReadAction","target":["https:\/\/dpress.ma\/fr\/2026\/04\/28\/lancement-de-la-6e-edition-du-prix-de-la-presse-parlementaire\/"]}]},{"@type":"ImageObject","inLanguage":"fr-FR","@id":"https:\/\/dpress.ma\/fr\/2026\/04\/28\/lancement-de-la-6e-edition-du-prix-de-la-presse-parlementaire\/#primaryimage","url":"https:\/\/dpress.ma\/fr\/wp-content\/uploads\/sites\/2\/2026\/04\/25-12.jpg","contentUrl":"https:\/\/dpress.ma\/fr\/wp-content\/uploads\/sites\/2\/2026\/04\/25-12.jpg","width":2539,"height":1594},{"@type":"BreadcrumbList","@id":"https:\/\/dpress.ma\/fr\/2026\/04\/28\/lancement-de-la-6e-edition-du-prix-de-la-presse-parlementaire\/#breadcrumb","itemListElement":[{"@type":"ListItem","position":1,"name":"Home","item":"https:\/\/dpress.ma\/fr\/"},{"@type":"ListItem","position":2,"name":"Lancement de la 6e \u00e9dition du Prix de la presse parlementaire"}]},{"@type":"WebSite","@id":"https:\/\/dpress.ma\/fr\/#website","url":"https:\/\/dpress.ma\/fr\/","name":"Dpress.ma\/fr","description":"","potentialAction":[{"@type":"SearchAction","target":{"@type":"EntryPoint","urlTemplate":"https:\/\/dpress.ma\/fr\/?s={search_term_string}"},"query-input":{"@type":"PropertyValueSpecification","valueRequired":true,"valueName":"search_term_string"}}],"inLanguage":"fr-FR"},{"@type":"Person","@id":"https:\/\/dpress.ma\/fr\/#\/schema\/person\/4898febf3ccd59e6578d838656a306a0","name":"Dpress.ma","image":{"@type":"ImageObject","inLanguage":"fr-FR","@id":"https:\/\/secure.gravatar.com\/avatar\/72ecc30e9db047a2e0e7176561eb9d564ed77c8108376495b19bd8336405198a?s=96&d=mm&r=g","url":"https:\/\/secure.gravatar.com\/avatar\/72ecc30e9db047a2e0e7176561eb9d564ed77c8108376495b19bd8336405198a?s=96&d=mm&r=g","contentUrl":"https:\/\/secure.gravatar.com\/avatar\/72ecc30e9db047a2e0e7176561eb9d564ed77c8108376495b19bd8336405198a?s=96&d=mm&r=g","caption":"Dpress.ma"},"sameAs":["https:\/\/www.dpress.ma"],"url":"https:\/\/dpress.ma\/fr\/author\/dpress-ma\/"}]}},"amp_enabled":true,"_links":{"self":[{"href":"https:\/\/dpress.ma\/fr\/wp-json\/wp\/v2\/posts\/29490","targetHints":{"allow":["GET"]}}],"collection":[{"href":"https:\/\/dpress.ma\/fr\/wp-json\/wp\/v2\/posts"}],"about":[{"href":"https:\/\/dpress.ma\/fr\/wp-json\/wp\/v2\/types\/post"}],"author":[{"embeddable":true,"href":"https:\/\/dpress.ma\/fr\/wp-json\/wp\/v2\/users\/2"}],"replies":[{"embeddable":true,"href":"https:\/\/dpress.ma\/fr\/wp-json\/wp\/v2\/comments?post=29490"}],"version-history":[{"count":1,"href":"https:\/\/dpress.ma\/fr\/wp-json\/wp\/v2\/posts\/29490\/revisions"}],"predecessor-version":[{"id":29492,"href":"https:\/\/dpress.ma\/fr\/wp-json\/wp\/v2\/posts\/29490\/revisions\/29492"}],"wp:featuredmedia":[{"embeddable":true,"href":"https:\/\/dpress.ma\/fr\/wp-json\/wp\/v2\/media\/29491"}],"wp:attachment":[{"href":"https:\/\/dpress.ma\/fr\/wp-json\/wp\/v2\/media?parent=29490"}],"wp:term":[{"taxonomy":"category","embeddable":true,"href":"https:\/\/dpress.ma\/fr\/wp-json\/wp\/v2\/categories?post=29490"},{"taxonomy":"post_tag","embeddable":true,"href":"https:\/\/dpress.ma\/fr\/wp-json\/wp\/v2\/tags?post=29490"}],"curies":[{"name":"wp","href":"https:\/\/api.w.org\/{rel}","templated":true}]}}