{"id":29485,"date":"2026-04-28T09:12:53","date_gmt":"2026-04-28T09:12:53","guid":{"rendered":"https:\/\/dpress.ma\/fr\/?p=29485"},"modified":"2026-04-28T09:12:55","modified_gmt":"2026-04-28T09:12:55","slug":"hausse-des-prix-des-carburants-le-gouvernement-agit-avec-sens-social-et-responsabilite-financiere","status":"publish","type":"post","link":"https:\/\/dpress.ma\/fr\/2026\/04\/28\/hausse-des-prix-des-carburants-le-gouvernement-agit-avec-sens-social-et-responsabilite-financiere\/","title":{"rendered":"Hausse des prix des carburants : le gouvernement agit avec sens social et responsabilit\u00e9 financi\u00e8re"},"content":{"rendered":"\n<p class=\"wp-block-paragraph\">Dpress<\/p>\n\n\n\n<p class=\"wp-block-paragraph\">La ministre de l\u2019\u00c9conomie et des Finances, Nadia Fettah, a affirm\u00e9, lundi \u00e0 la Chambre des repr\u00e9sentants, que le gouvernement traite la question de la hausse des prix des carburants avec un sens social et une responsabilit\u00e9 financi\u00e8re et \u00e9conomique.<\/p>\n\n\n\n<p class=\"wp-block-paragraph\">En r\u00e9ponse \u00e0 une question orale sur \u201cla hausse des prix des carburants\u201d, Mme Fettah a expliqu\u00e9 que l\u2019Ex\u00e9cutif est conscient des r\u00e9percussions de cette augmentation sur les co\u00fbts de transport et les cha\u00eenes d\u2019approvisionnement, ainsi que de leurs impacts sur le pouvoir d\u2019achat des citoyens.<\/p>\n\n\n\n<p class=\"wp-block-paragraph\">Elle a soulign\u00e9 que le gouvernement n\u2019adopte pas une approche purement technique ou chiffr\u00e9e, mais privil\u00e9gie une d\u00e9marche tenant compte des dimensions sociales et \u00e9conomiques.<\/p>\n\n\n\n<p class=\"wp-block-paragraph\">Cette hausse, a fait remarquer Mme Fettah, s\u2019inscrit dans un contexte international particulier, marqu\u00e9 par une augmentation comprise entre 40% et 65% des prix du p\u00e9trole, lesquels ont atteint entre 100 et 110 dollars le baril.<\/p>\n\n\n\n<p class=\"wp-block-paragraph\">Elle a ajout\u00e9 que l\u2019intervention du gouvernement depuis le 15 mars repr\u00e9sente un co\u00fbt mensuel d\u2019environ 1,6 milliard de dirhams.<\/p>\n\n\n\n<p class=\"wp-block-paragraph\">Mme Fettah a insist\u00e9 sur le fait que \u201cle choix du gouvernement est un choix responsable\u201d, visant, au-del\u00e0 des mesures conjoncturelles, \u00e0 d\u00e9gager des marges pour traiter plusieurs dossiers structurants, notamment l\u2019acc\u00e9l\u00e9ration des investissements dans les \u00e9nergies renouvelables.<\/p>\n\n\n\n<p class=\"wp-block-paragraph\">En r\u00e9ponse \u00e0 une autre question relative \u00e0 la r\u00e9forme des r\u00e9gimes de retraite, la ministre a indiqu\u00e9 que le gouvernement a travaill\u00e9 sur un ensemble de solutions qui ont atteint un stade avanc\u00e9 de pr\u00e9paration.<\/p>\n\n\n\n<p class=\"wp-block-paragraph\">Elle a fait remarquer que le temps n\u00e9cessaire a \u00e9t\u00e9 consacr\u00e9 \u00e0 la concertation avec les partenaires sociaux et les syndicats, avec un examen approfondi du dossier caisse par caisse.<\/p>\n\n\n\n<p class=\"wp-block-paragraph\">Ce dossier est \u201ccomplexe\u201d et n\u00e9cessite une approche fond\u00e9e sur des donn\u00e9es chiffr\u00e9es, d\u2019apr\u00e8s Mme Fettah qui a insist\u00e9 sur l\u2019importance de pr\u00e9senter les informations \u00e0 la soci\u00e9t\u00e9 avec responsabilit\u00e9 et transparence, afin de d\u00e9fendre les int\u00e9r\u00eats des citoyens, des retrait\u00e9s, ainsi que des cat\u00e9gories ne b\u00e9n\u00e9ficiant pas de couverture retraite, \u00e0 travers des solutions compl\u00e9mentaires en cours d\u2019\u00e9laboration.<\/p>\n","protected":false},"excerpt":{"rendered":"<p>Dpress La ministre de l\u2019\u00c9conomie et des Finances, Nadia Fettah, a affirm\u00e9, lundi \u00e0 la Chambre des repr\u00e9sentants, que le gouvernement traite la question de la hausse des prix des carburants avec un sens social et une responsabilit\u00e9 financi\u00e8re et \u00e9conomique. En r\u00e9ponse \u00e0 une question orale sur \u201cla hausse des prix des carburants\u201d, Mme &hellip;<\/p>\n","protected":false},"author":2,"featured_media":29483,"comment_status":"open","ping_status":"open","sticky":false,"template":"","format":"standard","meta":{"footnotes":""},"categories":[26],"tags":[],"class_list":["post-29485","post","type-post","status-publish","format-standard","has-post-thumbnail","hentry","category-politiques"],"yoast_head":"<!-- This site is optimized with the Yoast SEO plugin v28.0 - https:\/\/yoast.com\/product\/yoast-seo-wordpress\/ -->\n<title>Hausse des prix des carburants : le gouvernement agit avec sens social et responsabilit\u00e9 financi\u00e8re - Dpress.ma\/fr<\/title>\n<meta name=\"robots\" content=\"index, follow, max-snippet:-1, max-image-preview:large, max-video-preview:-1\" \/>\n<link rel=\"canonical\" href=\"https:\/\/dpress.ma\/fr\/2026\/04\/28\/hausse-des-prix-des-carburants-le-gouvernement-agit-avec-sens-social-et-responsabilite-financiere\/\" \/>\n<meta property=\"og:locale\" content=\"fr_FR\" \/>\n<meta property=\"og:type\" content=\"article\" \/>\n<meta property=\"og:title\" content=\"Hausse des prix des carburants : le gouvernement agit avec sens social et responsabilit\u00e9 financi\u00e8re - Dpress.ma\/fr\" \/>\n<meta property=\"og:description\" content=\"Dpress La ministre de l\u2019\u00c9conomie et des Finances, Nadia Fettah, a affirm\u00e9, lundi \u00e0 la Chambre des repr\u00e9sentants, que le gouvernement traite la question de la hausse des prix des carburants avec un sens social et une responsabilit\u00e9 financi\u00e8re et \u00e9conomique. En r\u00e9ponse \u00e0 une question orale sur \u201cla hausse des prix des carburants\u201d, Mme &hellip;\" \/>\n<meta property=\"og:url\" content=\"https:\/\/dpress.ma\/fr\/2026\/04\/28\/hausse-des-prix-des-carburants-le-gouvernement-agit-avec-sens-social-et-responsabilite-financiere\/\" \/>\n<meta property=\"og:site_name\" content=\"Dpress.ma\/fr\" \/>\n<meta property=\"article:published_time\" content=\"2026-04-28T09:12:53+00:00\" \/>\n<meta property=\"article:modified_time\" content=\"2026-04-28T09:12:55+00:00\" \/>\n<meta property=\"og:image\" content=\"https:\/\/dpress.ma\/fr\/wp-content\/uploads\/sites\/2\/2026\/04\/23-9.jpg\" \/>\n\t<meta property=\"og:image:width\" content=\"2539\" \/>\n\t<meta property=\"og:image:height\" content=\"1594\" \/>\n\t<meta property=\"og:image:type\" content=\"image\/jpeg\" \/>\n<meta name=\"author\" content=\"Dpress.ma\" \/>\n<meta name=\"twitter:card\" content=\"summary_large_image\" \/>\n<meta name=\"twitter:label1\" content=\"\u00c9crit par\" \/>\n\t<meta name=\"twitter:data1\" content=\"Dpress.ma\" \/>\n\t<meta name=\"twitter:label2\" content=\"Dur\u00e9e de lecture estim\u00e9e\" \/>\n\t<meta name=\"twitter:data2\" content=\"2 minutes\" \/>\n<script type=\"application\/ld+json\" class=\"yoast-schema-graph\">{\"@context\":\"https:\\\/\\\/schema.org\",\"@graph\":[{\"@type\":\"Article\",\"@id\":\"https:\\\/\\\/dpress.ma\\\/fr\\\/2026\\\/04\\\/28\\\/hausse-des-prix-des-carburants-le-gouvernement-agit-avec-sens-social-et-responsabilite-financiere\\\/#article\",\"isPartOf\":{\"@id\":\"https:\\\/\\\/dpress.ma\\\/fr\\\/2026\\\/04\\\/28\\\/hausse-des-prix-des-carburants-le-gouvernement-agit-avec-sens-social-et-responsabilite-financiere\\\/\"},\"author\":{\"name\":\"Dpress.ma\",\"@id\":\"https:\\\/\\\/dpress.ma\\\/fr\\\/#\\\/schema\\\/person\\\/4898febf3ccd59e6578d838656a306a0\"},\"headline\":\"Hausse des prix des carburants : le gouvernement agit avec sens social et responsabilit\u00e9 financi\u00e8re\",\"datePublished\":\"2026-04-28T09:12:53+00:00\",\"dateModified\":\"2026-04-28T09:12:55+00:00\",\"mainEntityOfPage\":{\"@id\":\"https:\\\/\\\/dpress.ma\\\/fr\\\/2026\\\/04\\\/28\\\/hausse-des-prix-des-carburants-le-gouvernement-agit-avec-sens-social-et-responsabilite-financiere\\\/\"},\"wordCount\":380,\"commentCount\":0,\"image\":{\"@id\":\"https:\\\/\\\/dpress.ma\\\/fr\\\/2026\\\/04\\\/28\\\/hausse-des-prix-des-carburants-le-gouvernement-agit-avec-sens-social-et-responsabilite-financiere\\\/#primaryimage\"},\"thumbnailUrl\":\"https:\\\/\\\/dpress.ma\\\/fr\\\/wp-content\\\/uploads\\\/sites\\\/2\\\/2026\\\/04\\\/23-9.jpg\",\"articleSection\":[\"Politiques\"],\"inLanguage\":\"fr-FR\",\"potentialAction\":[{\"@type\":\"CommentAction\",\"name\":\"Comment\",\"target\":[\"https:\\\/\\\/dpress.ma\\\/fr\\\/2026\\\/04\\\/28\\\/hausse-des-prix-des-carburants-le-gouvernement-agit-avec-sens-social-et-responsabilite-financiere\\\/#respond\"]}]},{\"@type\":\"WebPage\",\"@id\":\"https:\\\/\\\/dpress.ma\\\/fr\\\/2026\\\/04\\\/28\\\/hausse-des-prix-des-carburants-le-gouvernement-agit-avec-sens-social-et-responsabilite-financiere\\\/\",\"url\":\"https:\\\/\\\/dpress.ma\\\/fr\\\/2026\\\/04\\\/28\\\/hausse-des-prix-des-carburants-le-gouvernement-agit-avec-sens-social-et-responsabilite-financiere\\\/\",\"name\":\"Hausse des prix des carburants : le gouvernement agit avec sens social et responsabilit\u00e9 financi\u00e8re - Dpress.ma\\\/fr\",\"isPartOf\":{\"@id\":\"https:\\\/\\\/dpress.ma\\\/fr\\\/#website\"},\"primaryImageOfPage\":{\"@id\":\"https:\\\/\\\/dpress.ma\\\/fr\\\/2026\\\/04\\\/28\\\/hausse-des-prix-des-carburants-le-gouvernement-agit-avec-sens-social-et-responsabilite-financiere\\\/#primaryimage\"},\"image\":{\"@id\":\"https:\\\/\\\/dpress.ma\\\/fr\\\/2026\\\/04\\\/28\\\/hausse-des-prix-des-carburants-le-gouvernement-agit-avec-sens-social-et-responsabilite-financiere\\\/#primaryimage\"},\"thumbnailUrl\":\"https:\\\/\\\/dpress.ma\\\/fr\\\/wp-content\\\/uploads\\\/sites\\\/2\\\/2026\\\/04\\\/23-9.jpg\",\"datePublished\":\"2026-04-28T09:12:53+00:00\",\"dateModified\":\"2026-04-28T09:12:55+00:00\",\"author\":{\"@id\":\"https:\\\/\\\/dpress.ma\\\/fr\\\/#\\\/schema\\\/person\\\/4898febf3ccd59e6578d838656a306a0\"},\"breadcrumb\":{\"@id\":\"https:\\\/\\\/dpress.ma\\\/fr\\\/2026\\\/04\\\/28\\\/hausse-des-prix-des-carburants-le-gouvernement-agit-avec-sens-social-et-responsabilite-financiere\\\/#breadcrumb\"},\"inLanguage\":\"fr-FR\",\"potentialAction\":[{\"@type\":\"ReadAction\",\"target\":[\"https:\\\/\\\/dpress.ma\\\/fr\\\/2026\\\/04\\\/28\\\/hausse-des-prix-des-carburants-le-gouvernement-agit-avec-sens-social-et-responsabilite-financiere\\\/\"]}]},{\"@type\":\"ImageObject\",\"inLanguage\":\"fr-FR\",\"@id\":\"https:\\\/\\\/dpress.ma\\\/fr\\\/2026\\\/04\\\/28\\\/hausse-des-prix-des-carburants-le-gouvernement-agit-avec-sens-social-et-responsabilite-financiere\\\/#primaryimage\",\"url\":\"https:\\\/\\\/dpress.ma\\\/fr\\\/wp-content\\\/uploads\\\/sites\\\/2\\\/2026\\\/04\\\/23-9.jpg\",\"contentUrl\":\"https:\\\/\\\/dpress.ma\\\/fr\\\/wp-content\\\/uploads\\\/sites\\\/2\\\/2026\\\/04\\\/23-9.jpg\",\"width\":2539,\"height\":1594},{\"@type\":\"BreadcrumbList\",\"@id\":\"https:\\\/\\\/dpress.ma\\\/fr\\\/2026\\\/04\\\/28\\\/hausse-des-prix-des-carburants-le-gouvernement-agit-avec-sens-social-et-responsabilite-financiere\\\/#breadcrumb\",\"itemListElement\":[{\"@type\":\"ListItem\",\"position\":1,\"name\":\"Home\",\"item\":\"https:\\\/\\\/dpress.ma\\\/fr\\\/\"},{\"@type\":\"ListItem\",\"position\":2,\"name\":\"Hausse des prix des carburants : le gouvernement agit avec sens social et responsabilit\u00e9 financi\u00e8re\"}]},{\"@type\":\"WebSite\",\"@id\":\"https:\\\/\\\/dpress.ma\\\/fr\\\/#website\",\"url\":\"https:\\\/\\\/dpress.ma\\\/fr\\\/\",\"name\":\"Dpress.ma\\\/fr\",\"description\":\"\",\"potentialAction\":[{\"@type\":\"SearchAction\",\"target\":{\"@type\":\"EntryPoint\",\"urlTemplate\":\"https:\\\/\\\/dpress.ma\\\/fr\\\/?s={search_term_string}\"},\"query-input\":{\"@type\":\"PropertyValueSpecification\",\"valueRequired\":true,\"valueName\":\"search_term_string\"}}],\"inLanguage\":\"fr-FR\"},{\"@type\":\"Person\",\"@id\":\"https:\\\/\\\/dpress.ma\\\/fr\\\/#\\\/schema\\\/person\\\/4898febf3ccd59e6578d838656a306a0\",\"name\":\"Dpress.ma\",\"image\":{\"@type\":\"ImageObject\",\"inLanguage\":\"fr-FR\",\"@id\":\"https:\\\/\\\/secure.gravatar.com\\\/avatar\\\/72ecc30e9db047a2e0e7176561eb9d564ed77c8108376495b19bd8336405198a?s=96&d=mm&r=g\",\"url\":\"https:\\\/\\\/secure.gravatar.com\\\/avatar\\\/72ecc30e9db047a2e0e7176561eb9d564ed77c8108376495b19bd8336405198a?s=96&d=mm&r=g\",\"contentUrl\":\"https:\\\/\\\/secure.gravatar.com\\\/avatar\\\/72ecc30e9db047a2e0e7176561eb9d564ed77c8108376495b19bd8336405198a?s=96&d=mm&r=g\",\"caption\":\"Dpress.ma\"},\"sameAs\":[\"https:\\\/\\\/www.dpress.ma\"],\"url\":\"https:\\\/\\\/dpress.ma\\\/fr\\\/author\\\/dpress-ma\\\/\"}]}<\/script>\n<!-- \/ Yoast SEO plugin. -->","yoast_head_json":{"title":"Hausse des prix des carburants : le gouvernement agit avec sens social et responsabilit\u00e9 financi\u00e8re - Dpress.ma\/fr","robots":{"index":"index","follow":"follow","max-snippet":"max-snippet:-1","max-image-preview":"max-image-preview:large","max-video-preview":"max-video-preview:-1"},"canonical":"https:\/\/dpress.ma\/fr\/2026\/04\/28\/hausse-des-prix-des-carburants-le-gouvernement-agit-avec-sens-social-et-responsabilite-financiere\/","og_locale":"fr_FR","og_type":"article","og_title":"Hausse des prix des carburants : le gouvernement agit avec sens social et responsabilit\u00e9 financi\u00e8re - Dpress.ma\/fr","og_description":"Dpress La ministre de l\u2019\u00c9conomie et des Finances, Nadia Fettah, a affirm\u00e9, lundi \u00e0 la Chambre des repr\u00e9sentants, que le gouvernement traite la question de la hausse des prix des carburants avec un sens social et une responsabilit\u00e9 financi\u00e8re et \u00e9conomique. En r\u00e9ponse \u00e0 une question orale sur \u201cla hausse des prix des carburants\u201d, Mme &hellip;","og_url":"https:\/\/dpress.ma\/fr\/2026\/04\/28\/hausse-des-prix-des-carburants-le-gouvernement-agit-avec-sens-social-et-responsabilite-financiere\/","og_site_name":"Dpress.ma\/fr","article_published_time":"2026-04-28T09:12:53+00:00","article_modified_time":"2026-04-28T09:12:55+00:00","og_image":[{"width":2539,"height":1594,"url":"https:\/\/dpress.ma\/fr\/wp-content\/uploads\/sites\/2\/2026\/04\/23-9.jpg","type":"image\/jpeg"}],"author":"Dpress.ma","twitter_card":"summary_large_image","twitter_misc":{"\u00c9crit par":"Dpress.ma","Dur\u00e9e de lecture estim\u00e9e":"2 minutes"},"schema":{"@context":"https:\/\/schema.org","@graph":[{"@type":"Article","@id":"https:\/\/dpress.ma\/fr\/2026\/04\/28\/hausse-des-prix-des-carburants-le-gouvernement-agit-avec-sens-social-et-responsabilite-financiere\/#article","isPartOf":{"@id":"https:\/\/dpress.ma\/fr\/2026\/04\/28\/hausse-des-prix-des-carburants-le-gouvernement-agit-avec-sens-social-et-responsabilite-financiere\/"},"author":{"name":"Dpress.ma","@id":"https:\/\/dpress.ma\/fr\/#\/schema\/person\/4898febf3ccd59e6578d838656a306a0"},"headline":"Hausse des prix des carburants : le gouvernement agit avec sens social et responsabilit\u00e9 financi\u00e8re","datePublished":"2026-04-28T09:12:53+00:00","dateModified":"2026-04-28T09:12:55+00:00","mainEntityOfPage":{"@id":"https:\/\/dpress.ma\/fr\/2026\/04\/28\/hausse-des-prix-des-carburants-le-gouvernement-agit-avec-sens-social-et-responsabilite-financiere\/"},"wordCount":380,"commentCount":0,"image":{"@id":"https:\/\/dpress.ma\/fr\/2026\/04\/28\/hausse-des-prix-des-carburants-le-gouvernement-agit-avec-sens-social-et-responsabilite-financiere\/#primaryimage"},"thumbnailUrl":"https:\/\/dpress.ma\/fr\/wp-content\/uploads\/sites\/2\/2026\/04\/23-9.jpg","articleSection":["Politiques"],"inLanguage":"fr-FR","potentialAction":[{"@type":"CommentAction","name":"Comment","target":["https:\/\/dpress.ma\/fr\/2026\/04\/28\/hausse-des-prix-des-carburants-le-gouvernement-agit-avec-sens-social-et-responsabilite-financiere\/#respond"]}]},{"@type":"WebPage","@id":"https:\/\/dpress.ma\/fr\/2026\/04\/28\/hausse-des-prix-des-carburants-le-gouvernement-agit-avec-sens-social-et-responsabilite-financiere\/","url":"https:\/\/dpress.ma\/fr\/2026\/04\/28\/hausse-des-prix-des-carburants-le-gouvernement-agit-avec-sens-social-et-responsabilite-financiere\/","name":"Hausse des prix des carburants : le gouvernement agit avec sens social et responsabilit\u00e9 financi\u00e8re - Dpress.ma\/fr","isPartOf":{"@id":"https:\/\/dpress.ma\/fr\/#website"},"primaryImageOfPage":{"@id":"https:\/\/dpress.ma\/fr\/2026\/04\/28\/hausse-des-prix-des-carburants-le-gouvernement-agit-avec-sens-social-et-responsabilite-financiere\/#primaryimage"},"image":{"@id":"https:\/\/dpress.ma\/fr\/2026\/04\/28\/hausse-des-prix-des-carburants-le-gouvernement-agit-avec-sens-social-et-responsabilite-financiere\/#primaryimage"},"thumbnailUrl":"https:\/\/dpress.ma\/fr\/wp-content\/uploads\/sites\/2\/2026\/04\/23-9.jpg","datePublished":"2026-04-28T09:12:53+00:00","dateModified":"2026-04-28T09:12:55+00:00","author":{"@id":"https:\/\/dpress.ma\/fr\/#\/schema\/person\/4898febf3ccd59e6578d838656a306a0"},"breadcrumb":{"@id":"https:\/\/dpress.ma\/fr\/2026\/04\/28\/hausse-des-prix-des-carburants-le-gouvernement-agit-avec-sens-social-et-responsabilite-financiere\/#breadcrumb"},"inLanguage":"fr-FR","potentialAction":[{"@type":"ReadAction","target":["https:\/\/dpress.ma\/fr\/2026\/04\/28\/hausse-des-prix-des-carburants-le-gouvernement-agit-avec-sens-social-et-responsabilite-financiere\/"]}]},{"@type":"ImageObject","inLanguage":"fr-FR","@id":"https:\/\/dpress.ma\/fr\/2026\/04\/28\/hausse-des-prix-des-carburants-le-gouvernement-agit-avec-sens-social-et-responsabilite-financiere\/#primaryimage","url":"https:\/\/dpress.ma\/fr\/wp-content\/uploads\/sites\/2\/2026\/04\/23-9.jpg","contentUrl":"https:\/\/dpress.ma\/fr\/wp-content\/uploads\/sites\/2\/2026\/04\/23-9.jpg","width":2539,"height":1594},{"@type":"BreadcrumbList","@id":"https:\/\/dpress.ma\/fr\/2026\/04\/28\/hausse-des-prix-des-carburants-le-gouvernement-agit-avec-sens-social-et-responsabilite-financiere\/#breadcrumb","itemListElement":[{"@type":"ListItem","position":1,"name":"Home","item":"https:\/\/dpress.ma\/fr\/"},{"@type":"ListItem","position":2,"name":"Hausse des prix des carburants : le gouvernement agit avec sens social et responsabilit\u00e9 financi\u00e8re"}]},{"@type":"WebSite","@id":"https:\/\/dpress.ma\/fr\/#website","url":"https:\/\/dpress.ma\/fr\/","name":"Dpress.ma\/fr","description":"","potentialAction":[{"@type":"SearchAction","target":{"@type":"EntryPoint","urlTemplate":"https:\/\/dpress.ma\/fr\/?s={search_term_string}"},"query-input":{"@type":"PropertyValueSpecification","valueRequired":true,"valueName":"search_term_string"}}],"inLanguage":"fr-FR"},{"@type":"Person","@id":"https:\/\/dpress.ma\/fr\/#\/schema\/person\/4898febf3ccd59e6578d838656a306a0","name":"Dpress.ma","image":{"@type":"ImageObject","inLanguage":"fr-FR","@id":"https:\/\/secure.gravatar.com\/avatar\/72ecc30e9db047a2e0e7176561eb9d564ed77c8108376495b19bd8336405198a?s=96&d=mm&r=g","url":"https:\/\/secure.gravatar.com\/avatar\/72ecc30e9db047a2e0e7176561eb9d564ed77c8108376495b19bd8336405198a?s=96&d=mm&r=g","contentUrl":"https:\/\/secure.gravatar.com\/avatar\/72ecc30e9db047a2e0e7176561eb9d564ed77c8108376495b19bd8336405198a?s=96&d=mm&r=g","caption":"Dpress.ma"},"sameAs":["https:\/\/www.dpress.ma"],"url":"https:\/\/dpress.ma\/fr\/author\/dpress-ma\/"}]}},"amp_enabled":true,"_links":{"self":[{"href":"https:\/\/dpress.ma\/fr\/wp-json\/wp\/v2\/posts\/29485","targetHints":{"allow":["GET"]}}],"collection":[{"href":"https:\/\/dpress.ma\/fr\/wp-json\/wp\/v2\/posts"}],"about":[{"href":"https:\/\/dpress.ma\/fr\/wp-json\/wp\/v2\/types\/post"}],"author":[{"embeddable":true,"href":"https:\/\/dpress.ma\/fr\/wp-json\/wp\/v2\/users\/2"}],"replies":[{"embeddable":true,"href":"https:\/\/dpress.ma\/fr\/wp-json\/wp\/v2\/comments?post=29485"}],"version-history":[{"count":1,"href":"https:\/\/dpress.ma\/fr\/wp-json\/wp\/v2\/posts\/29485\/revisions"}],"predecessor-version":[{"id":29486,"href":"https:\/\/dpress.ma\/fr\/wp-json\/wp\/v2\/posts\/29485\/revisions\/29486"}],"wp:featuredmedia":[{"embeddable":true,"href":"https:\/\/dpress.ma\/fr\/wp-json\/wp\/v2\/media\/29483"}],"wp:attachment":[{"href":"https:\/\/dpress.ma\/fr\/wp-json\/wp\/v2\/media?parent=29485"}],"wp:term":[{"taxonomy":"category","embeddable":true,"href":"https:\/\/dpress.ma\/fr\/wp-json\/wp\/v2\/categories?post=29485"},{"taxonomy":"post_tag","embeddable":true,"href":"https:\/\/dpress.ma\/fr\/wp-json\/wp\/v2\/tags?post=29485"}],"curies":[{"name":"wp","href":"https:\/\/api.w.org\/{rel}","templated":true}]}}