{"id":29477,"date":"2026-04-27T17:17:43","date_gmt":"2026-04-27T17:17:43","guid":{"rendered":"https:\/\/dpress.ma\/fr\/?p=29477"},"modified":"2026-04-27T17:17:54","modified_gmt":"2026-04-27T17:17:54","slug":"protection-de-lenfance-le-cese-appelle-a-un-renforcement-coherent-et-integre-du-cadre-institutionnel-et-des-dispositifs-de-prise-en-charge","status":"publish","type":"post","link":"https:\/\/dpress.ma\/fr\/2026\/04\/27\/protection-de-lenfance-le-cese-appelle-a-un-renforcement-coherent-et-integre-du-cadre-institutionnel-et-des-dispositifs-de-prise-en-charge\/","title":{"rendered":"Protection de l\u2019enfance : le CESE appelle \u00e0 un renforcement coh\u00e9rent et int\u00e9gr\u00e9 du cadre institutionnel et des dispositifs de prise en charge"},"content":{"rendered":"\n<p class=\"wp-block-paragraph\">Dpress<\/p>\n\n\n\n<p class=\"wp-block-paragraph\">Le Conseil \u00e9conomique, social et environnemental (CESE) a appel\u00e9 \u00e0 un renforcement coh\u00e9rent et int\u00e9gr\u00e9 du cadre institutionnel et des dispositifs de prise en charge relatifs \u00e0 la protection de l\u2019enfance.<\/p>\n\n\n\n<p class=\"wp-block-paragraph\">Cet appel a \u00e9t\u00e9 formul\u00e9 par le CESE dans son avis sur le projet de loi n\u00b0 29.24 portant cr\u00e9ation de l\u2019agence nationale pour la protection de l\u2019enfance, ainsi que des centres de protection de l\u2019enfance et des \u00e9tablissements de prise en charge sociale d\u00e9di\u00e9s aux enfants, \u00e9labor\u00e9 suite \u00e0 la saisine du Pr\u00e9sident de la Chambre des repr\u00e9sentants re\u00e7ue le 8 janvier 2026.<\/p>\n\n\n\n<p class=\"wp-block-paragraph\">Dans un communiqu\u00e9, le CESE a indiqu\u00e9 avoir examin\u00e9 \u00e0 travers cet avis, les dispositions de ce projet de loi en se r\u00e9f\u00e9rant \u00e0 la Constitution du Royaume, \u00e0 la politique publique int\u00e9gr\u00e9e de protection de l\u2019enfance ainsi qu\u2019aux engagements internationaux du Royaume, notamment ceux consacr\u00e9s par la Convention internationale relative aux droits de l\u2019enfant, et au regard des \u00e9volutions observ\u00e9es \u00e0 l\u2019\u00e9chelle internationale en la mati\u00e8re. Il a formul\u00e9, \u00e0 ce titre, un ensemble de leviers susceptibles d\u2019assurer les conditions d\u2019une mise en \u0153uvre optimale de ce texte l\u00e9gislatif.<\/p>\n\n\n\n<p class=\"wp-block-paragraph\">Le projet de loi n\u00b0 29.24 vise \u00e0 renforcer le cadre juridique et institutionnel de la protection de l\u2019enfance, en adaptant la prise en charge aux besoins sp\u00e9cifiques des enfants en situation de vuln\u00e9rabilit\u00e9, rel\u00e8ve la m\u00eame source, notant que le texte distingue, \u00e0 ce titre, trois types de structures : les centres \u00e0 syst\u00e8me \u201cferm\u00e9\u201d, les centres \u00e0 syst\u00e8me \u201couvert\u201d et les \u00e9tablissements de protection sociale, chacun r\u00e9pondant \u00e0 des situations et besoins diff\u00e9renci\u00e9s.<\/p>\n\n\n\n<p class=\"wp-block-paragraph\">Tout en soulignant la port\u00e9e structurante de la cr\u00e9ation de l\u2019agence nationale pour la protection de l\u2019enfance, le CESE attire l\u2019attention sur plusieurs enjeux et points de vigilance dont la prise en consid\u00e9ration est de nature \u00e0 renforcer l\u2019efficacit\u00e9 et la pertinence de ce dispositif l\u00e9gislatif important.<\/p>\n\n\n\n<p class=\"wp-block-paragraph\">Le Conseil rel\u00e8ve notamment que l\u2019intitul\u00e9 du projet de loi pourrait laisser entendre que l\u2019agence est charg\u00e9e, holistiquement, de l\u2019ensemble de la politique publique en mati\u00e8re de protection de l\u2019enfance, alors que celle-ci se focaliserait principalement sur l\u2019administration et la gestion des centres de protection de l\u2019enfance et des \u00e9tablissements de protection sociale accueillant des enfants plac\u00e9s, sans couvrir d\u2019autres volets essentiels tels que le soutien aux familles, le d\u00e9veloppement de solutions alternatives au placement en institution, la pr\u00e9vention des risques ou la structuration des dispositifs territoriaux. Cet \u00e9tat de fait convoque l\u2019importance d\u2019harmoniser le libell\u00e9 du titre de ce projet de loi avec la port\u00e9e et le champ d\u2019action de l\u2019agence.<\/p>\n\n\n\n<p class=\"wp-block-paragraph\">Le Conseil, poursuit le communiqu\u00e9, note \u00e9galement l\u2019absence d\u2019une \u00e9tude pr\u00e9alable, comme le stipule la loi-cadre n\u00b0 50-21 relative \u00e0 la r\u00e9forme des \u00e9tablissements et entreprises publics, qui aurait permis de fournir des \u00e9l\u00e9ments probants justifiant l\u2019opportunit\u00e9 de cr\u00e9er l\u2019agence, ainsi que les impacts escompt\u00e9s sur le syst\u00e8me national de protection de l\u2019enfance ainsi que sur les incidences pr\u00e9visionnelles sur le budget g\u00e9n\u00e9ral de l\u2019Etat.<\/p>\n\n\n\n<p class=\"wp-block-paragraph\">Par ailleurs, le CESE observe que le projet de loi ne pr\u00e9voit pas de dispositions visant \u00e0 renforcer les garanties l\u00e9gislatives en faveur des \u00e9tablissements de protection sociale pour enfants, ni de mesures d\u2019accompagnement, se limitant \u00e0 l\u2019\u00e9nonc\u00e9 de sanctions en cas de manquements, ce qui ne favorise pas pleinement la mobilisation des acteurs de terrain, pourtant maillon essentiel du dispositif de protection.<\/p>\n\n\n\n<p class=\"wp-block-paragraph\">Il rel\u00e8ve \u00e9galement que la mise en \u0153uvre d\u2019un ensemble de dispositions renvoie \u00e0 des textes r\u00e9glementaires (pr\u00e8s de 20 dispositions), sans pr\u00e9cision des d\u00e9lais de leur publication, ce qui pourrait retarder la mise en \u0153uvre effective du projet de loi dans son ensemble. S\u2019agissant des \u00e9tablissements de protection sociale pour enfants, le projet de loi pr\u00e9voit un d\u00e9lai de 24 mois pour leur mise en conformit\u00e9 avec ses dispositions, \u00e0 compter de la publication des textes d\u2019application et de l\u2019entr\u00e9e en vigueur de la loi, ce qui traduit une d\u00e9pendance \u00e0 une phase transitoire prolong\u00e9e, sans horizon temporel clairement d\u00e9fini.<\/p>\n\n\n\n<p class=\"wp-block-paragraph\">\u00c0 la lumi\u00e8re de ces \u00e9l\u00e9ments, et de bien d\u2019autres d\u00e9velopp\u00e9s dans son avis, le Conseil \u00e9conomique, social et environnemental consid\u00e8re que ce texte m\u00e9riterait d\u2019\u00eatre r\u00e9vis\u00e9 sur la base d\u2019une r\u00e9flexion approfondie sur ses principes directeurs et ses finalit\u00e9s, dans le cadre d\u2019une vision structur\u00e9e, coh\u00e9rente et partag\u00e9e, pleinement articul\u00e9e avec les objectifs, axes et programmes de la politique publique int\u00e9gr\u00e9e de protection de l\u2019enfance.<\/p>\n\n\n\n<p class=\"wp-block-paragraph\">Dans cette optique, le Conseil recommande de r\u00e9examiner le projet de loi n\u00b0 29.24 \u00e0 la lumi\u00e8re des r\u00e9sultats d\u2019une \u00e9tude pr\u00e9alable \u00e0 r\u00e9aliser au regard des exigences de la loi-cadre n\u00b0 50-21, aux fins d\u2019appr\u00e9cier l\u2019opportunit\u00e9 et la pertinence de la cr\u00e9ation d\u2019une agence nationale pour la protection de l\u2019enfance.<\/p>\n\n\n\n<p class=\"wp-block-paragraph\">Il propose aussi de doter l\u2019agence, au cas o\u00f9 sa cr\u00e9ation serait jug\u00e9e n\u00e9cessaire, de comp\u00e9tences \u00e9largies couvrant l\u2019ensemble des dimensions de la protection de l\u2019enfance, incluant la pr\u00e9vention, le contr\u00f4le et l\u2019adaptation des mesures alternatives au placement institutionnel, conform\u00e9ment aux standards internationaux, dans le sens d\u2019en faire un levier institutionnel efficace pour la mise en \u0153uvre de la politique publique int\u00e9gr\u00e9e.<\/p>\n\n\n\n<p class=\"wp-block-paragraph\">En outre, le CESE pr\u00e9conise d\u2019harmoniser les dispositions l\u00e9gales en mati\u00e8re de justice des mineurs, en privil\u00e9giant les mesures alternatives aux sanctions privatives de libert\u00e9 pour les enfants en conflit avec la loi, telles que leur participation \u00e0 des services communautaires, la libert\u00e9 surveill\u00e9e, la limitation de certains droits, ou des mesures de suivi et de r\u00e9insertion (accompagnement \u00e9ducatif, prise en charge sanitaire ou psychologique, poursuite des \u00e9tudes ou formation professionnelle), afin de concilier protection, responsabilisation et r\u00e9insertion des mineurs.<\/p>\n\n\n\n<p class=\"wp-block-paragraph\"><\/p>\n","protected":false},"excerpt":{"rendered":"<p>Dpress Le Conseil \u00e9conomique, social et environnemental (CESE) a appel\u00e9 \u00e0 un renforcement coh\u00e9rent et int\u00e9gr\u00e9 du cadre institutionnel et des dispositifs de prise en charge relatifs \u00e0 la protection de l\u2019enfance. Cet appel a \u00e9t\u00e9 formul\u00e9 par le CESE dans son avis sur le projet de loi n\u00b0 29.24 portant cr\u00e9ation de l\u2019agence nationale &hellip;<\/p>\n","protected":false},"author":2,"featured_media":29346,"comment_status":"open","ping_status":"open","sticky":false,"template":"","format":"standard","meta":{"footnotes":""},"categories":[25],"tags":[],"class_list":["post-29477","post","type-post","status-publish","format-standard","has-post-thumbnail","hentry","category-economie"],"yoast_head":"<!-- This site is optimized with the Yoast SEO plugin v28.0 - https:\/\/yoast.com\/product\/yoast-seo-wordpress\/ -->\n<title>Protection de l\u2019enfance : le CESE appelle \u00e0 un renforcement coh\u00e9rent et int\u00e9gr\u00e9 du cadre institutionnel et des dispositifs de prise en charge - Dpress.ma\/fr<\/title>\n<meta name=\"robots\" content=\"index, follow, max-snippet:-1, max-image-preview:large, max-video-preview:-1\" \/>\n<link rel=\"canonical\" href=\"https:\/\/dpress.ma\/fr\/2026\/04\/27\/protection-de-lenfance-le-cese-appelle-a-un-renforcement-coherent-et-integre-du-cadre-institutionnel-et-des-dispositifs-de-prise-en-charge\/\" \/>\n<meta property=\"og:locale\" content=\"fr_FR\" \/>\n<meta property=\"og:type\" content=\"article\" \/>\n<meta property=\"og:title\" content=\"Protection de l\u2019enfance : le CESE appelle \u00e0 un renforcement coh\u00e9rent et int\u00e9gr\u00e9 du cadre institutionnel et des dispositifs de prise en charge - Dpress.ma\/fr\" \/>\n<meta property=\"og:description\" content=\"Dpress Le Conseil \u00e9conomique, social et environnemental (CESE) a appel\u00e9 \u00e0 un renforcement coh\u00e9rent et int\u00e9gr\u00e9 du cadre institutionnel et des dispositifs de prise en charge relatifs \u00e0 la protection de l\u2019enfance. Cet appel a \u00e9t\u00e9 formul\u00e9 par le CESE dans son avis sur le projet de loi n\u00b0 29.24 portant cr\u00e9ation de l\u2019agence nationale &hellip;\" \/>\n<meta property=\"og:url\" content=\"https:\/\/dpress.ma\/fr\/2026\/04\/27\/protection-de-lenfance-le-cese-appelle-a-un-renforcement-coherent-et-integre-du-cadre-institutionnel-et-des-dispositifs-de-prise-en-charge\/\" \/>\n<meta property=\"og:site_name\" content=\"Dpress.ma\/fr\" \/>\n<meta property=\"article:published_time\" content=\"2026-04-27T17:17:43+00:00\" \/>\n<meta property=\"article:modified_time\" content=\"2026-04-27T17:17:54+00:00\" \/>\n<meta property=\"og:image\" content=\"https:\/\/dpress.ma\/fr\/wp-content\/uploads\/sites\/2\/2026\/04\/33-10.jpg\" \/>\n\t<meta property=\"og:image:width\" content=\"2539\" \/>\n\t<meta property=\"og:image:height\" content=\"1594\" \/>\n\t<meta property=\"og:image:type\" content=\"image\/jpeg\" \/>\n<meta name=\"author\" content=\"Dpress.ma\" \/>\n<meta name=\"twitter:card\" content=\"summary_large_image\" \/>\n<meta name=\"twitter:label1\" content=\"\u00c9crit par\" \/>\n\t<meta name=\"twitter:data1\" content=\"Dpress.ma\" \/>\n\t<meta name=\"twitter:label2\" content=\"Dur\u00e9e de lecture estim\u00e9e\" \/>\n\t<meta name=\"twitter:data2\" content=\"5 minutes\" \/>\n<script type=\"application\/ld+json\" class=\"yoast-schema-graph\">{\"@context\":\"https:\\\/\\\/schema.org\",\"@graph\":[{\"@type\":\"Article\",\"@id\":\"https:\\\/\\\/dpress.ma\\\/fr\\\/2026\\\/04\\\/27\\\/protection-de-lenfance-le-cese-appelle-a-un-renforcement-coherent-et-integre-du-cadre-institutionnel-et-des-dispositifs-de-prise-en-charge\\\/#article\",\"isPartOf\":{\"@id\":\"https:\\\/\\\/dpress.ma\\\/fr\\\/2026\\\/04\\\/27\\\/protection-de-lenfance-le-cese-appelle-a-un-renforcement-coherent-et-integre-du-cadre-institutionnel-et-des-dispositifs-de-prise-en-charge\\\/\"},\"author\":{\"name\":\"Dpress.ma\",\"@id\":\"https:\\\/\\\/dpress.ma\\\/fr\\\/#\\\/schema\\\/person\\\/4898febf3ccd59e6578d838656a306a0\"},\"headline\":\"Protection de l\u2019enfance : le CESE appelle \u00e0 un renforcement coh\u00e9rent et int\u00e9gr\u00e9 du cadre institutionnel et des dispositifs de prise en charge\",\"datePublished\":\"2026-04-27T17:17:43+00:00\",\"dateModified\":\"2026-04-27T17:17:54+00:00\",\"mainEntityOfPage\":{\"@id\":\"https:\\\/\\\/dpress.ma\\\/fr\\\/2026\\\/04\\\/27\\\/protection-de-lenfance-le-cese-appelle-a-un-renforcement-coherent-et-integre-du-cadre-institutionnel-et-des-dispositifs-de-prise-en-charge\\\/\"},\"wordCount\":1050,\"commentCount\":0,\"image\":{\"@id\":\"https:\\\/\\\/dpress.ma\\\/fr\\\/2026\\\/04\\\/27\\\/protection-de-lenfance-le-cese-appelle-a-un-renforcement-coherent-et-integre-du-cadre-institutionnel-et-des-dispositifs-de-prise-en-charge\\\/#primaryimage\"},\"thumbnailUrl\":\"https:\\\/\\\/dpress.ma\\\/fr\\\/wp-content\\\/uploads\\\/sites\\\/2\\\/2026\\\/04\\\/33-10.jpg\",\"articleSection\":[\"\u00c9conomie\"],\"inLanguage\":\"fr-FR\",\"potentialAction\":[{\"@type\":\"CommentAction\",\"name\":\"Comment\",\"target\":[\"https:\\\/\\\/dpress.ma\\\/fr\\\/2026\\\/04\\\/27\\\/protection-de-lenfance-le-cese-appelle-a-un-renforcement-coherent-et-integre-du-cadre-institutionnel-et-des-dispositifs-de-prise-en-charge\\\/#respond\"]}]},{\"@type\":\"WebPage\",\"@id\":\"https:\\\/\\\/dpress.ma\\\/fr\\\/2026\\\/04\\\/27\\\/protection-de-lenfance-le-cese-appelle-a-un-renforcement-coherent-et-integre-du-cadre-institutionnel-et-des-dispositifs-de-prise-en-charge\\\/\",\"url\":\"https:\\\/\\\/dpress.ma\\\/fr\\\/2026\\\/04\\\/27\\\/protection-de-lenfance-le-cese-appelle-a-un-renforcement-coherent-et-integre-du-cadre-institutionnel-et-des-dispositifs-de-prise-en-charge\\\/\",\"name\":\"Protection de l\u2019enfance : le CESE appelle \u00e0 un renforcement coh\u00e9rent et int\u00e9gr\u00e9 du cadre institutionnel et des dispositifs de prise en charge - Dpress.ma\\\/fr\",\"isPartOf\":{\"@id\":\"https:\\\/\\\/dpress.ma\\\/fr\\\/#website\"},\"primaryImageOfPage\":{\"@id\":\"https:\\\/\\\/dpress.ma\\\/fr\\\/2026\\\/04\\\/27\\\/protection-de-lenfance-le-cese-appelle-a-un-renforcement-coherent-et-integre-du-cadre-institutionnel-et-des-dispositifs-de-prise-en-charge\\\/#primaryimage\"},\"image\":{\"@id\":\"https:\\\/\\\/dpress.ma\\\/fr\\\/2026\\\/04\\\/27\\\/protection-de-lenfance-le-cese-appelle-a-un-renforcement-coherent-et-integre-du-cadre-institutionnel-et-des-dispositifs-de-prise-en-charge\\\/#primaryimage\"},\"thumbnailUrl\":\"https:\\\/\\\/dpress.ma\\\/fr\\\/wp-content\\\/uploads\\\/sites\\\/2\\\/2026\\\/04\\\/33-10.jpg\",\"datePublished\":\"2026-04-27T17:17:43+00:00\",\"dateModified\":\"2026-04-27T17:17:54+00:00\",\"author\":{\"@id\":\"https:\\\/\\\/dpress.ma\\\/fr\\\/#\\\/schema\\\/person\\\/4898febf3ccd59e6578d838656a306a0\"},\"breadcrumb\":{\"@id\":\"https:\\\/\\\/dpress.ma\\\/fr\\\/2026\\\/04\\\/27\\\/protection-de-lenfance-le-cese-appelle-a-un-renforcement-coherent-et-integre-du-cadre-institutionnel-et-des-dispositifs-de-prise-en-charge\\\/#breadcrumb\"},\"inLanguage\":\"fr-FR\",\"potentialAction\":[{\"@type\":\"ReadAction\",\"target\":[\"https:\\\/\\\/dpress.ma\\\/fr\\\/2026\\\/04\\\/27\\\/protection-de-lenfance-le-cese-appelle-a-un-renforcement-coherent-et-integre-du-cadre-institutionnel-et-des-dispositifs-de-prise-en-charge\\\/\"]}]},{\"@type\":\"ImageObject\",\"inLanguage\":\"fr-FR\",\"@id\":\"https:\\\/\\\/dpress.ma\\\/fr\\\/2026\\\/04\\\/27\\\/protection-de-lenfance-le-cese-appelle-a-un-renforcement-coherent-et-integre-du-cadre-institutionnel-et-des-dispositifs-de-prise-en-charge\\\/#primaryimage\",\"url\":\"https:\\\/\\\/dpress.ma\\\/fr\\\/wp-content\\\/uploads\\\/sites\\\/2\\\/2026\\\/04\\\/33-10.jpg\",\"contentUrl\":\"https:\\\/\\\/dpress.ma\\\/fr\\\/wp-content\\\/uploads\\\/sites\\\/2\\\/2026\\\/04\\\/33-10.jpg\",\"width\":2539,\"height\":1594},{\"@type\":\"BreadcrumbList\",\"@id\":\"https:\\\/\\\/dpress.ma\\\/fr\\\/2026\\\/04\\\/27\\\/protection-de-lenfance-le-cese-appelle-a-un-renforcement-coherent-et-integre-du-cadre-institutionnel-et-des-dispositifs-de-prise-en-charge\\\/#breadcrumb\",\"itemListElement\":[{\"@type\":\"ListItem\",\"position\":1,\"name\":\"Home\",\"item\":\"https:\\\/\\\/dpress.ma\\\/fr\\\/\"},{\"@type\":\"ListItem\",\"position\":2,\"name\":\"Protection de l\u2019enfance : le CESE appelle \u00e0 un renforcement coh\u00e9rent et int\u00e9gr\u00e9 du cadre institutionnel et des dispositifs de prise en charge\"}]},{\"@type\":\"WebSite\",\"@id\":\"https:\\\/\\\/dpress.ma\\\/fr\\\/#website\",\"url\":\"https:\\\/\\\/dpress.ma\\\/fr\\\/\",\"name\":\"Dpress.ma\\\/fr\",\"description\":\"\",\"potentialAction\":[{\"@type\":\"SearchAction\",\"target\":{\"@type\":\"EntryPoint\",\"urlTemplate\":\"https:\\\/\\\/dpress.ma\\\/fr\\\/?s={search_term_string}\"},\"query-input\":{\"@type\":\"PropertyValueSpecification\",\"valueRequired\":true,\"valueName\":\"search_term_string\"}}],\"inLanguage\":\"fr-FR\"},{\"@type\":\"Person\",\"@id\":\"https:\\\/\\\/dpress.ma\\\/fr\\\/#\\\/schema\\\/person\\\/4898febf3ccd59e6578d838656a306a0\",\"name\":\"Dpress.ma\",\"image\":{\"@type\":\"ImageObject\",\"inLanguage\":\"fr-FR\",\"@id\":\"https:\\\/\\\/secure.gravatar.com\\\/avatar\\\/72ecc30e9db047a2e0e7176561eb9d564ed77c8108376495b19bd8336405198a?s=96&d=mm&r=g\",\"url\":\"https:\\\/\\\/secure.gravatar.com\\\/avatar\\\/72ecc30e9db047a2e0e7176561eb9d564ed77c8108376495b19bd8336405198a?s=96&d=mm&r=g\",\"contentUrl\":\"https:\\\/\\\/secure.gravatar.com\\\/avatar\\\/72ecc30e9db047a2e0e7176561eb9d564ed77c8108376495b19bd8336405198a?s=96&d=mm&r=g\",\"caption\":\"Dpress.ma\"},\"sameAs\":[\"https:\\\/\\\/www.dpress.ma\"],\"url\":\"https:\\\/\\\/dpress.ma\\\/fr\\\/author\\\/dpress-ma\\\/\"}]}<\/script>\n<!-- \/ Yoast SEO plugin. -->","yoast_head_json":{"title":"Protection de l\u2019enfance : le CESE appelle \u00e0 un renforcement coh\u00e9rent et int\u00e9gr\u00e9 du cadre institutionnel et des dispositifs de prise en charge - Dpress.ma\/fr","robots":{"index":"index","follow":"follow","max-snippet":"max-snippet:-1","max-image-preview":"max-image-preview:large","max-video-preview":"max-video-preview:-1"},"canonical":"https:\/\/dpress.ma\/fr\/2026\/04\/27\/protection-de-lenfance-le-cese-appelle-a-un-renforcement-coherent-et-integre-du-cadre-institutionnel-et-des-dispositifs-de-prise-en-charge\/","og_locale":"fr_FR","og_type":"article","og_title":"Protection de l\u2019enfance : le CESE appelle \u00e0 un renforcement coh\u00e9rent et int\u00e9gr\u00e9 du cadre institutionnel et des dispositifs de prise en charge - Dpress.ma\/fr","og_description":"Dpress Le Conseil \u00e9conomique, social et environnemental (CESE) a appel\u00e9 \u00e0 un renforcement coh\u00e9rent et int\u00e9gr\u00e9 du cadre institutionnel et des dispositifs de prise en charge relatifs \u00e0 la protection de l\u2019enfance. Cet appel a \u00e9t\u00e9 formul\u00e9 par le CESE dans son avis sur le projet de loi n\u00b0 29.24 portant cr\u00e9ation de l\u2019agence nationale &hellip;","og_url":"https:\/\/dpress.ma\/fr\/2026\/04\/27\/protection-de-lenfance-le-cese-appelle-a-un-renforcement-coherent-et-integre-du-cadre-institutionnel-et-des-dispositifs-de-prise-en-charge\/","og_site_name":"Dpress.ma\/fr","article_published_time":"2026-04-27T17:17:43+00:00","article_modified_time":"2026-04-27T17:17:54+00:00","og_image":[{"width":2539,"height":1594,"url":"https:\/\/dpress.ma\/fr\/wp-content\/uploads\/sites\/2\/2026\/04\/33-10.jpg","type":"image\/jpeg"}],"author":"Dpress.ma","twitter_card":"summary_large_image","twitter_misc":{"\u00c9crit par":"Dpress.ma","Dur\u00e9e de lecture estim\u00e9e":"5 minutes"},"schema":{"@context":"https:\/\/schema.org","@graph":[{"@type":"Article","@id":"https:\/\/dpress.ma\/fr\/2026\/04\/27\/protection-de-lenfance-le-cese-appelle-a-un-renforcement-coherent-et-integre-du-cadre-institutionnel-et-des-dispositifs-de-prise-en-charge\/#article","isPartOf":{"@id":"https:\/\/dpress.ma\/fr\/2026\/04\/27\/protection-de-lenfance-le-cese-appelle-a-un-renforcement-coherent-et-integre-du-cadre-institutionnel-et-des-dispositifs-de-prise-en-charge\/"},"author":{"name":"Dpress.ma","@id":"https:\/\/dpress.ma\/fr\/#\/schema\/person\/4898febf3ccd59e6578d838656a306a0"},"headline":"Protection de l\u2019enfance : le CESE appelle \u00e0 un renforcement coh\u00e9rent et int\u00e9gr\u00e9 du cadre institutionnel et des dispositifs de prise en charge","datePublished":"2026-04-27T17:17:43+00:00","dateModified":"2026-04-27T17:17:54+00:00","mainEntityOfPage":{"@id":"https:\/\/dpress.ma\/fr\/2026\/04\/27\/protection-de-lenfance-le-cese-appelle-a-un-renforcement-coherent-et-integre-du-cadre-institutionnel-et-des-dispositifs-de-prise-en-charge\/"},"wordCount":1050,"commentCount":0,"image":{"@id":"https:\/\/dpress.ma\/fr\/2026\/04\/27\/protection-de-lenfance-le-cese-appelle-a-un-renforcement-coherent-et-integre-du-cadre-institutionnel-et-des-dispositifs-de-prise-en-charge\/#primaryimage"},"thumbnailUrl":"https:\/\/dpress.ma\/fr\/wp-content\/uploads\/sites\/2\/2026\/04\/33-10.jpg","articleSection":["\u00c9conomie"],"inLanguage":"fr-FR","potentialAction":[{"@type":"CommentAction","name":"Comment","target":["https:\/\/dpress.ma\/fr\/2026\/04\/27\/protection-de-lenfance-le-cese-appelle-a-un-renforcement-coherent-et-integre-du-cadre-institutionnel-et-des-dispositifs-de-prise-en-charge\/#respond"]}]},{"@type":"WebPage","@id":"https:\/\/dpress.ma\/fr\/2026\/04\/27\/protection-de-lenfance-le-cese-appelle-a-un-renforcement-coherent-et-integre-du-cadre-institutionnel-et-des-dispositifs-de-prise-en-charge\/","url":"https:\/\/dpress.ma\/fr\/2026\/04\/27\/protection-de-lenfance-le-cese-appelle-a-un-renforcement-coherent-et-integre-du-cadre-institutionnel-et-des-dispositifs-de-prise-en-charge\/","name":"Protection de l\u2019enfance : le CESE appelle \u00e0 un renforcement coh\u00e9rent et int\u00e9gr\u00e9 du cadre institutionnel et des dispositifs de prise en charge - Dpress.ma\/fr","isPartOf":{"@id":"https:\/\/dpress.ma\/fr\/#website"},"primaryImageOfPage":{"@id":"https:\/\/dpress.ma\/fr\/2026\/04\/27\/protection-de-lenfance-le-cese-appelle-a-un-renforcement-coherent-et-integre-du-cadre-institutionnel-et-des-dispositifs-de-prise-en-charge\/#primaryimage"},"image":{"@id":"https:\/\/dpress.ma\/fr\/2026\/04\/27\/protection-de-lenfance-le-cese-appelle-a-un-renforcement-coherent-et-integre-du-cadre-institutionnel-et-des-dispositifs-de-prise-en-charge\/#primaryimage"},"thumbnailUrl":"https:\/\/dpress.ma\/fr\/wp-content\/uploads\/sites\/2\/2026\/04\/33-10.jpg","datePublished":"2026-04-27T17:17:43+00:00","dateModified":"2026-04-27T17:17:54+00:00","author":{"@id":"https:\/\/dpress.ma\/fr\/#\/schema\/person\/4898febf3ccd59e6578d838656a306a0"},"breadcrumb":{"@id":"https:\/\/dpress.ma\/fr\/2026\/04\/27\/protection-de-lenfance-le-cese-appelle-a-un-renforcement-coherent-et-integre-du-cadre-institutionnel-et-des-dispositifs-de-prise-en-charge\/#breadcrumb"},"inLanguage":"fr-FR","potentialAction":[{"@type":"ReadAction","target":["https:\/\/dpress.ma\/fr\/2026\/04\/27\/protection-de-lenfance-le-cese-appelle-a-un-renforcement-coherent-et-integre-du-cadre-institutionnel-et-des-dispositifs-de-prise-en-charge\/"]}]},{"@type":"ImageObject","inLanguage":"fr-FR","@id":"https:\/\/dpress.ma\/fr\/2026\/04\/27\/protection-de-lenfance-le-cese-appelle-a-un-renforcement-coherent-et-integre-du-cadre-institutionnel-et-des-dispositifs-de-prise-en-charge\/#primaryimage","url":"https:\/\/dpress.ma\/fr\/wp-content\/uploads\/sites\/2\/2026\/04\/33-10.jpg","contentUrl":"https:\/\/dpress.ma\/fr\/wp-content\/uploads\/sites\/2\/2026\/04\/33-10.jpg","width":2539,"height":1594},{"@type":"BreadcrumbList","@id":"https:\/\/dpress.ma\/fr\/2026\/04\/27\/protection-de-lenfance-le-cese-appelle-a-un-renforcement-coherent-et-integre-du-cadre-institutionnel-et-des-dispositifs-de-prise-en-charge\/#breadcrumb","itemListElement":[{"@type":"ListItem","position":1,"name":"Home","item":"https:\/\/dpress.ma\/fr\/"},{"@type":"ListItem","position":2,"name":"Protection de l\u2019enfance : le CESE appelle \u00e0 un renforcement coh\u00e9rent et int\u00e9gr\u00e9 du cadre institutionnel et des dispositifs de prise en charge"}]},{"@type":"WebSite","@id":"https:\/\/dpress.ma\/fr\/#website","url":"https:\/\/dpress.ma\/fr\/","name":"Dpress.ma\/fr","description":"","potentialAction":[{"@type":"SearchAction","target":{"@type":"EntryPoint","urlTemplate":"https:\/\/dpress.ma\/fr\/?s={search_term_string}"},"query-input":{"@type":"PropertyValueSpecification","valueRequired":true,"valueName":"search_term_string"}}],"inLanguage":"fr-FR"},{"@type":"Person","@id":"https:\/\/dpress.ma\/fr\/#\/schema\/person\/4898febf3ccd59e6578d838656a306a0","name":"Dpress.ma","image":{"@type":"ImageObject","inLanguage":"fr-FR","@id":"https:\/\/secure.gravatar.com\/avatar\/72ecc30e9db047a2e0e7176561eb9d564ed77c8108376495b19bd8336405198a?s=96&d=mm&r=g","url":"https:\/\/secure.gravatar.com\/avatar\/72ecc30e9db047a2e0e7176561eb9d564ed77c8108376495b19bd8336405198a?s=96&d=mm&r=g","contentUrl":"https:\/\/secure.gravatar.com\/avatar\/72ecc30e9db047a2e0e7176561eb9d564ed77c8108376495b19bd8336405198a?s=96&d=mm&r=g","caption":"Dpress.ma"},"sameAs":["https:\/\/www.dpress.ma"],"url":"https:\/\/dpress.ma\/fr\/author\/dpress-ma\/"}]}},"amp_enabled":true,"_links":{"self":[{"href":"https:\/\/dpress.ma\/fr\/wp-json\/wp\/v2\/posts\/29477","targetHints":{"allow":["GET"]}}],"collection":[{"href":"https:\/\/dpress.ma\/fr\/wp-json\/wp\/v2\/posts"}],"about":[{"href":"https:\/\/dpress.ma\/fr\/wp-json\/wp\/v2\/types\/post"}],"author":[{"embeddable":true,"href":"https:\/\/dpress.ma\/fr\/wp-json\/wp\/v2\/users\/2"}],"replies":[{"embeddable":true,"href":"https:\/\/dpress.ma\/fr\/wp-json\/wp\/v2\/comments?post=29477"}],"version-history":[{"count":1,"href":"https:\/\/dpress.ma\/fr\/wp-json\/wp\/v2\/posts\/29477\/revisions"}],"predecessor-version":[{"id":29478,"href":"https:\/\/dpress.ma\/fr\/wp-json\/wp\/v2\/posts\/29477\/revisions\/29478"}],"wp:featuredmedia":[{"embeddable":true,"href":"https:\/\/dpress.ma\/fr\/wp-json\/wp\/v2\/media\/29346"}],"wp:attachment":[{"href":"https:\/\/dpress.ma\/fr\/wp-json\/wp\/v2\/media?parent=29477"}],"wp:term":[{"taxonomy":"category","embeddable":true,"href":"https:\/\/dpress.ma\/fr\/wp-json\/wp\/v2\/categories?post=29477"},{"taxonomy":"post_tag","embeddable":true,"href":"https:\/\/dpress.ma\/fr\/wp-json\/wp\/v2\/tags?post=29477"}],"curies":[{"name":"wp","href":"https:\/\/api.w.org\/{rel}","templated":true}]}}