{"id":29474,"date":"2026-04-27T17:14:07","date_gmt":"2026-04-27T17:14:07","guid":{"rendered":"https:\/\/dpress.ma\/fr\/?p=29474"},"modified":"2026-04-27T17:14:23","modified_gmt":"2026-04-27T17:14:23","slug":"marrakech-signature-de-deux-protocoles-daccord-pour-la-mise-a-niveau-et-la-modernisation-du-commerce","status":"publish","type":"post","link":"https:\/\/dpress.ma\/fr\/2026\/04\/27\/marrakech-signature-de-deux-protocoles-daccord-pour-la-mise-a-niveau-et-la-modernisation-du-commerce\/","title":{"rendered":"Marrakech : Signature de deux protocoles d\u2019accord pour la mise \u00e0 niveau et la modernisation du commerce"},"content":{"rendered":"\n<p class=\"wp-block-paragraph\">Dpress<\/p>\n\n\n\n<p class=\"wp-block-paragraph\">Deux protocoles d\u2019accord visant la mise \u00e0 niveau du secteur du commerce et le renforcement de sa modernisation ont \u00e9t\u00e9 sign\u00e9s, lundi \u00e0 Marrakech, dans le cadre des efforts d\u00e9ploy\u00e9s pour la num\u00e9risation du secteur et l\u2019am\u00e9lioration de sa comp\u00e9titivit\u00e9.<\/p>\n\n\n\n<p class=\"wp-block-paragraph\">Sign\u00e9s en marge du Forum national du commerce, plac\u00e9 sous le Haut Patronage de Sa Majest\u00e9 le Roi Mohammed VI, ces protocoles d\u2019accord s\u2019inscrivent dans une approche participative associant secteur public, \u00e9tablissements publics et secteur priv\u00e9, en vue de poser les bases op\u00e9rationnelles de la mise \u00e0 niveau du commerce et de concr\u00e9tiser les programmes et visions strat\u00e9giques.<\/p>\n\n\n\n<p class=\"wp-block-paragraph\">Ainsi, le premier protocole d\u2019accord, sign\u00e9 par le ministre de l\u2019Industrie et du Commerce, Ryad Mezzour, le directeur g\u00e9n\u00e9ral de l\u2019Agence nationale de promotion de l\u2019emploi et des comp\u00e9tences (ANAPEC), Abdellah Ahouich, ainsi que le directeur g\u00e9n\u00e9ral de la soci\u00e9t\u00e9 One Retail, Hicham Kettani, vise \u00e0 \u00e9tablir un partenariat op\u00e9rationnel pour accompagner le d\u00e9veloppement du secteur du commerce, \u00e0 travers la cr\u00e9ation d\u2019emplois qualifi\u00e9s et durables, l\u2019\u00e9laboration de programmes de formation adapt\u00e9s aux besoins du march\u00e9 du travail et la mobilisation des m\u00e9canismes de soutien \u00e0 l\u2019emploi et \u00e0 la formation.<\/p>\n\n\n\n<p class=\"wp-block-paragraph\">Le second protocole d\u2019accord portant sur un partenariat d\u00e9di\u00e9 \u00e0 l\u2019accompagnement de la digitalisation du commerce de proximit\u00e9, a \u00e9t\u00e9 sign\u00e9 par M. Mezzour, le pr\u00e9sident du directoire de Barid Bank, Al Amine Nejjar, le directeur g\u00e9n\u00e9ral de Barid Cash, Mohamed Adil Chraibi, ainsi que le pr\u00e9sident-directeur g\u00e9n\u00e9ral de la plateforme Chari.ma, Ismail Belkhayat.<\/p>\n\n\n\n<p class=\"wp-block-paragraph\">Ce partenariat entend acc\u00e9l\u00e9rer l\u2019int\u00e9gration des commer\u00e7ants dans l\u2019\u00e9cosyst\u00e8me num\u00e9rique et financier, notamment en permettant \u00e0 pr\u00e8s de 100.000 commer\u00e7ants de proximit\u00e9 d\u2019adopter les moyens de paiement \u00e9lectroniques et d\u2019acc\u00e9der \u00e0 des solutions num\u00e9riques de gestion et de paiement, tout en d\u00e9veloppant des services financiers adapt\u00e9s.<\/p>\n\n\n\n<p class=\"wp-block-paragraph\">Dans une d\u00e9claration \u00e0 la MAP, le directeur du commerce int\u00e9rieur et de la distribution au minist\u00e8re de l\u2019Industrie et du Commerce, Abdelilah Boutaybi, a indiqu\u00e9 que la signature de ces protocoles d\u2019accord illustre la nouvelle dynamique que conna\u00eet le commerce int\u00e9rieur, fond\u00e9e sur la consolidation des partenariats entre acteurs publics et priv\u00e9s.<\/p>\n\n\n\n<p class=\"wp-block-paragraph\">Cette dynamique, a-t-il ajout\u00e9, contribuera \u00e0 l\u2019\u00e9mergence d\u2019un commerce plus structur\u00e9 et performant, \u00e0 m\u00eame de cr\u00e9er de la valeur et de l\u2019emploi, tout en favorisant l\u2019int\u00e9gration des commer\u00e7ants, notamment de proximit\u00e9, dans l\u2019\u00e9conomie moderne.<\/p>\n\n\n\n<p class=\"wp-block-paragraph\">Organis\u00e9 par le minist\u00e8re de l\u2019Industrie et du Commerce en partenariat avec la F\u00e9d\u00e9ration des Chambres de commerce, d\u2019industrie et de services et les associations professionnelles de commer\u00e7ants, sous le th\u00e8me \u201cCommerce du Maroc 2030\u201d, ce forum constitue une plateforme nationale pour mettre en lumi\u00e8re les transformations du secteur et renforcer le dialogue entre les diff\u00e9rents acteurs \u00e9conomiques et institutionnels.<\/p>\n","protected":false},"excerpt":{"rendered":"<p>Dpress Deux protocoles d\u2019accord visant la mise \u00e0 niveau du secteur du commerce et le renforcement de sa modernisation ont \u00e9t\u00e9 sign\u00e9s, lundi \u00e0 Marrakech, dans le cadre des efforts d\u00e9ploy\u00e9s pour la num\u00e9risation du secteur et l\u2019am\u00e9lioration de sa comp\u00e9titivit\u00e9. Sign\u00e9s en marge du Forum national du commerce, plac\u00e9 sous le Haut Patronage de &hellip;<\/p>\n","protected":false},"author":2,"featured_media":29475,"comment_status":"open","ping_status":"open","sticky":false,"template":"","format":"standard","meta":{"footnotes":""},"categories":[25],"tags":[],"class_list":["post-29474","post","type-post","status-publish","format-standard","has-post-thumbnail","hentry","category-economie"],"yoast_head":"<!-- This site is optimized with the Yoast SEO plugin v28.0 - https:\/\/yoast.com\/product\/yoast-seo-wordpress\/ -->\n<title>Marrakech : Signature de deux protocoles d\u2019accord pour la mise \u00e0 niveau et la modernisation du commerce - Dpress.ma\/fr<\/title>\n<meta name=\"robots\" content=\"index, follow, max-snippet:-1, max-image-preview:large, max-video-preview:-1\" \/>\n<link rel=\"canonical\" href=\"https:\/\/dpress.ma\/fr\/2026\/04\/27\/marrakech-signature-de-deux-protocoles-daccord-pour-la-mise-a-niveau-et-la-modernisation-du-commerce\/\" \/>\n<meta property=\"og:locale\" content=\"fr_FR\" \/>\n<meta property=\"og:type\" content=\"article\" \/>\n<meta property=\"og:title\" content=\"Marrakech : Signature de deux protocoles d\u2019accord pour la mise \u00e0 niveau et la modernisation du commerce - Dpress.ma\/fr\" \/>\n<meta property=\"og:description\" content=\"Dpress Deux protocoles d\u2019accord visant la mise \u00e0 niveau du secteur du commerce et le renforcement de sa modernisation ont \u00e9t\u00e9 sign\u00e9s, lundi \u00e0 Marrakech, dans le cadre des efforts d\u00e9ploy\u00e9s pour la num\u00e9risation du secteur et l\u2019am\u00e9lioration de sa comp\u00e9titivit\u00e9. Sign\u00e9s en marge du Forum national du commerce, plac\u00e9 sous le Haut Patronage de &hellip;\" \/>\n<meta property=\"og:url\" content=\"https:\/\/dpress.ma\/fr\/2026\/04\/27\/marrakech-signature-de-deux-protocoles-daccord-pour-la-mise-a-niveau-et-la-modernisation-du-commerce\/\" \/>\n<meta property=\"og:site_name\" content=\"Dpress.ma\/fr\" \/>\n<meta property=\"article:published_time\" content=\"2026-04-27T17:14:07+00:00\" \/>\n<meta property=\"article:modified_time\" content=\"2026-04-27T17:14:23+00:00\" \/>\n<meta property=\"og:image\" content=\"https:\/\/dpress.ma\/fr\/wp-content\/uploads\/sites\/2\/2026\/04\/63-5.jpg\" \/>\n\t<meta property=\"og:image:width\" content=\"2539\" \/>\n\t<meta property=\"og:image:height\" content=\"1594\" \/>\n\t<meta property=\"og:image:type\" content=\"image\/jpeg\" \/>\n<meta name=\"author\" content=\"Dpress.ma\" \/>\n<meta name=\"twitter:card\" content=\"summary_large_image\" \/>\n<meta name=\"twitter:label1\" content=\"\u00c9crit par\" \/>\n\t<meta name=\"twitter:data1\" content=\"Dpress.ma\" \/>\n\t<meta name=\"twitter:label2\" content=\"Dur\u00e9e de lecture estim\u00e9e\" \/>\n\t<meta name=\"twitter:data2\" content=\"3 minutes\" \/>\n<script type=\"application\/ld+json\" class=\"yoast-schema-graph\">{\"@context\":\"https:\\\/\\\/schema.org\",\"@graph\":[{\"@type\":\"Article\",\"@id\":\"https:\\\/\\\/dpress.ma\\\/fr\\\/2026\\\/04\\\/27\\\/marrakech-signature-de-deux-protocoles-daccord-pour-la-mise-a-niveau-et-la-modernisation-du-commerce\\\/#article\",\"isPartOf\":{\"@id\":\"https:\\\/\\\/dpress.ma\\\/fr\\\/2026\\\/04\\\/27\\\/marrakech-signature-de-deux-protocoles-daccord-pour-la-mise-a-niveau-et-la-modernisation-du-commerce\\\/\"},\"author\":{\"name\":\"Dpress.ma\",\"@id\":\"https:\\\/\\\/dpress.ma\\\/fr\\\/#\\\/schema\\\/person\\\/4898febf3ccd59e6578d838656a306a0\"},\"headline\":\"Marrakech : Signature de deux protocoles d\u2019accord pour la mise \u00e0 niveau et la modernisation du commerce\",\"datePublished\":\"2026-04-27T17:14:07+00:00\",\"dateModified\":\"2026-04-27T17:14:23+00:00\",\"mainEntityOfPage\":{\"@id\":\"https:\\\/\\\/dpress.ma\\\/fr\\\/2026\\\/04\\\/27\\\/marrakech-signature-de-deux-protocoles-daccord-pour-la-mise-a-niveau-et-la-modernisation-du-commerce\\\/\"},\"wordCount\":525,\"commentCount\":0,\"image\":{\"@id\":\"https:\\\/\\\/dpress.ma\\\/fr\\\/2026\\\/04\\\/27\\\/marrakech-signature-de-deux-protocoles-daccord-pour-la-mise-a-niveau-et-la-modernisation-du-commerce\\\/#primaryimage\"},\"thumbnailUrl\":\"https:\\\/\\\/dpress.ma\\\/fr\\\/wp-content\\\/uploads\\\/sites\\\/2\\\/2026\\\/04\\\/63-5.jpg\",\"articleSection\":[\"\u00c9conomie\"],\"inLanguage\":\"fr-FR\",\"potentialAction\":[{\"@type\":\"CommentAction\",\"name\":\"Comment\",\"target\":[\"https:\\\/\\\/dpress.ma\\\/fr\\\/2026\\\/04\\\/27\\\/marrakech-signature-de-deux-protocoles-daccord-pour-la-mise-a-niveau-et-la-modernisation-du-commerce\\\/#respond\"]}]},{\"@type\":\"WebPage\",\"@id\":\"https:\\\/\\\/dpress.ma\\\/fr\\\/2026\\\/04\\\/27\\\/marrakech-signature-de-deux-protocoles-daccord-pour-la-mise-a-niveau-et-la-modernisation-du-commerce\\\/\",\"url\":\"https:\\\/\\\/dpress.ma\\\/fr\\\/2026\\\/04\\\/27\\\/marrakech-signature-de-deux-protocoles-daccord-pour-la-mise-a-niveau-et-la-modernisation-du-commerce\\\/\",\"name\":\"Marrakech : Signature de deux protocoles d\u2019accord pour la mise \u00e0 niveau et la modernisation du commerce - Dpress.ma\\\/fr\",\"isPartOf\":{\"@id\":\"https:\\\/\\\/dpress.ma\\\/fr\\\/#website\"},\"primaryImageOfPage\":{\"@id\":\"https:\\\/\\\/dpress.ma\\\/fr\\\/2026\\\/04\\\/27\\\/marrakech-signature-de-deux-protocoles-daccord-pour-la-mise-a-niveau-et-la-modernisation-du-commerce\\\/#primaryimage\"},\"image\":{\"@id\":\"https:\\\/\\\/dpress.ma\\\/fr\\\/2026\\\/04\\\/27\\\/marrakech-signature-de-deux-protocoles-daccord-pour-la-mise-a-niveau-et-la-modernisation-du-commerce\\\/#primaryimage\"},\"thumbnailUrl\":\"https:\\\/\\\/dpress.ma\\\/fr\\\/wp-content\\\/uploads\\\/sites\\\/2\\\/2026\\\/04\\\/63-5.jpg\",\"datePublished\":\"2026-04-27T17:14:07+00:00\",\"dateModified\":\"2026-04-27T17:14:23+00:00\",\"author\":{\"@id\":\"https:\\\/\\\/dpress.ma\\\/fr\\\/#\\\/schema\\\/person\\\/4898febf3ccd59e6578d838656a306a0\"},\"breadcrumb\":{\"@id\":\"https:\\\/\\\/dpress.ma\\\/fr\\\/2026\\\/04\\\/27\\\/marrakech-signature-de-deux-protocoles-daccord-pour-la-mise-a-niveau-et-la-modernisation-du-commerce\\\/#breadcrumb\"},\"inLanguage\":\"fr-FR\",\"potentialAction\":[{\"@type\":\"ReadAction\",\"target\":[\"https:\\\/\\\/dpress.ma\\\/fr\\\/2026\\\/04\\\/27\\\/marrakech-signature-de-deux-protocoles-daccord-pour-la-mise-a-niveau-et-la-modernisation-du-commerce\\\/\"]}]},{\"@type\":\"ImageObject\",\"inLanguage\":\"fr-FR\",\"@id\":\"https:\\\/\\\/dpress.ma\\\/fr\\\/2026\\\/04\\\/27\\\/marrakech-signature-de-deux-protocoles-daccord-pour-la-mise-a-niveau-et-la-modernisation-du-commerce\\\/#primaryimage\",\"url\":\"https:\\\/\\\/dpress.ma\\\/fr\\\/wp-content\\\/uploads\\\/sites\\\/2\\\/2026\\\/04\\\/63-5.jpg\",\"contentUrl\":\"https:\\\/\\\/dpress.ma\\\/fr\\\/wp-content\\\/uploads\\\/sites\\\/2\\\/2026\\\/04\\\/63-5.jpg\",\"width\":2539,\"height\":1594},{\"@type\":\"BreadcrumbList\",\"@id\":\"https:\\\/\\\/dpress.ma\\\/fr\\\/2026\\\/04\\\/27\\\/marrakech-signature-de-deux-protocoles-daccord-pour-la-mise-a-niveau-et-la-modernisation-du-commerce\\\/#breadcrumb\",\"itemListElement\":[{\"@type\":\"ListItem\",\"position\":1,\"name\":\"Home\",\"item\":\"https:\\\/\\\/dpress.ma\\\/fr\\\/\"},{\"@type\":\"ListItem\",\"position\":2,\"name\":\"Marrakech : Signature de deux protocoles d\u2019accord pour la mise \u00e0 niveau et la modernisation du commerce\"}]},{\"@type\":\"WebSite\",\"@id\":\"https:\\\/\\\/dpress.ma\\\/fr\\\/#website\",\"url\":\"https:\\\/\\\/dpress.ma\\\/fr\\\/\",\"name\":\"Dpress.ma\\\/fr\",\"description\":\"\",\"potentialAction\":[{\"@type\":\"SearchAction\",\"target\":{\"@type\":\"EntryPoint\",\"urlTemplate\":\"https:\\\/\\\/dpress.ma\\\/fr\\\/?s={search_term_string}\"},\"query-input\":{\"@type\":\"PropertyValueSpecification\",\"valueRequired\":true,\"valueName\":\"search_term_string\"}}],\"inLanguage\":\"fr-FR\"},{\"@type\":\"Person\",\"@id\":\"https:\\\/\\\/dpress.ma\\\/fr\\\/#\\\/schema\\\/person\\\/4898febf3ccd59e6578d838656a306a0\",\"name\":\"Dpress.ma\",\"image\":{\"@type\":\"ImageObject\",\"inLanguage\":\"fr-FR\",\"@id\":\"https:\\\/\\\/secure.gravatar.com\\\/avatar\\\/72ecc30e9db047a2e0e7176561eb9d564ed77c8108376495b19bd8336405198a?s=96&d=mm&r=g\",\"url\":\"https:\\\/\\\/secure.gravatar.com\\\/avatar\\\/72ecc30e9db047a2e0e7176561eb9d564ed77c8108376495b19bd8336405198a?s=96&d=mm&r=g\",\"contentUrl\":\"https:\\\/\\\/secure.gravatar.com\\\/avatar\\\/72ecc30e9db047a2e0e7176561eb9d564ed77c8108376495b19bd8336405198a?s=96&d=mm&r=g\",\"caption\":\"Dpress.ma\"},\"sameAs\":[\"https:\\\/\\\/www.dpress.ma\"],\"url\":\"https:\\\/\\\/dpress.ma\\\/fr\\\/author\\\/dpress-ma\\\/\"}]}<\/script>\n<!-- \/ Yoast SEO plugin. -->","yoast_head_json":{"title":"Marrakech : Signature de deux protocoles d\u2019accord pour la mise \u00e0 niveau et la modernisation du commerce - Dpress.ma\/fr","robots":{"index":"index","follow":"follow","max-snippet":"max-snippet:-1","max-image-preview":"max-image-preview:large","max-video-preview":"max-video-preview:-1"},"canonical":"https:\/\/dpress.ma\/fr\/2026\/04\/27\/marrakech-signature-de-deux-protocoles-daccord-pour-la-mise-a-niveau-et-la-modernisation-du-commerce\/","og_locale":"fr_FR","og_type":"article","og_title":"Marrakech : Signature de deux protocoles d\u2019accord pour la mise \u00e0 niveau et la modernisation du commerce - Dpress.ma\/fr","og_description":"Dpress Deux protocoles d\u2019accord visant la mise \u00e0 niveau du secteur du commerce et le renforcement de sa modernisation ont \u00e9t\u00e9 sign\u00e9s, lundi \u00e0 Marrakech, dans le cadre des efforts d\u00e9ploy\u00e9s pour la num\u00e9risation du secteur et l\u2019am\u00e9lioration de sa comp\u00e9titivit\u00e9. Sign\u00e9s en marge du Forum national du commerce, plac\u00e9 sous le Haut Patronage de &hellip;","og_url":"https:\/\/dpress.ma\/fr\/2026\/04\/27\/marrakech-signature-de-deux-protocoles-daccord-pour-la-mise-a-niveau-et-la-modernisation-du-commerce\/","og_site_name":"Dpress.ma\/fr","article_published_time":"2026-04-27T17:14:07+00:00","article_modified_time":"2026-04-27T17:14:23+00:00","og_image":[{"width":2539,"height":1594,"url":"https:\/\/dpress.ma\/fr\/wp-content\/uploads\/sites\/2\/2026\/04\/63-5.jpg","type":"image\/jpeg"}],"author":"Dpress.ma","twitter_card":"summary_large_image","twitter_misc":{"\u00c9crit par":"Dpress.ma","Dur\u00e9e de lecture estim\u00e9e":"3 minutes"},"schema":{"@context":"https:\/\/schema.org","@graph":[{"@type":"Article","@id":"https:\/\/dpress.ma\/fr\/2026\/04\/27\/marrakech-signature-de-deux-protocoles-daccord-pour-la-mise-a-niveau-et-la-modernisation-du-commerce\/#article","isPartOf":{"@id":"https:\/\/dpress.ma\/fr\/2026\/04\/27\/marrakech-signature-de-deux-protocoles-daccord-pour-la-mise-a-niveau-et-la-modernisation-du-commerce\/"},"author":{"name":"Dpress.ma","@id":"https:\/\/dpress.ma\/fr\/#\/schema\/person\/4898febf3ccd59e6578d838656a306a0"},"headline":"Marrakech : Signature de deux protocoles d\u2019accord pour la mise \u00e0 niveau et la modernisation du commerce","datePublished":"2026-04-27T17:14:07+00:00","dateModified":"2026-04-27T17:14:23+00:00","mainEntityOfPage":{"@id":"https:\/\/dpress.ma\/fr\/2026\/04\/27\/marrakech-signature-de-deux-protocoles-daccord-pour-la-mise-a-niveau-et-la-modernisation-du-commerce\/"},"wordCount":525,"commentCount":0,"image":{"@id":"https:\/\/dpress.ma\/fr\/2026\/04\/27\/marrakech-signature-de-deux-protocoles-daccord-pour-la-mise-a-niveau-et-la-modernisation-du-commerce\/#primaryimage"},"thumbnailUrl":"https:\/\/dpress.ma\/fr\/wp-content\/uploads\/sites\/2\/2026\/04\/63-5.jpg","articleSection":["\u00c9conomie"],"inLanguage":"fr-FR","potentialAction":[{"@type":"CommentAction","name":"Comment","target":["https:\/\/dpress.ma\/fr\/2026\/04\/27\/marrakech-signature-de-deux-protocoles-daccord-pour-la-mise-a-niveau-et-la-modernisation-du-commerce\/#respond"]}]},{"@type":"WebPage","@id":"https:\/\/dpress.ma\/fr\/2026\/04\/27\/marrakech-signature-de-deux-protocoles-daccord-pour-la-mise-a-niveau-et-la-modernisation-du-commerce\/","url":"https:\/\/dpress.ma\/fr\/2026\/04\/27\/marrakech-signature-de-deux-protocoles-daccord-pour-la-mise-a-niveau-et-la-modernisation-du-commerce\/","name":"Marrakech : Signature de deux protocoles d\u2019accord pour la mise \u00e0 niveau et la modernisation du commerce - Dpress.ma\/fr","isPartOf":{"@id":"https:\/\/dpress.ma\/fr\/#website"},"primaryImageOfPage":{"@id":"https:\/\/dpress.ma\/fr\/2026\/04\/27\/marrakech-signature-de-deux-protocoles-daccord-pour-la-mise-a-niveau-et-la-modernisation-du-commerce\/#primaryimage"},"image":{"@id":"https:\/\/dpress.ma\/fr\/2026\/04\/27\/marrakech-signature-de-deux-protocoles-daccord-pour-la-mise-a-niveau-et-la-modernisation-du-commerce\/#primaryimage"},"thumbnailUrl":"https:\/\/dpress.ma\/fr\/wp-content\/uploads\/sites\/2\/2026\/04\/63-5.jpg","datePublished":"2026-04-27T17:14:07+00:00","dateModified":"2026-04-27T17:14:23+00:00","author":{"@id":"https:\/\/dpress.ma\/fr\/#\/schema\/person\/4898febf3ccd59e6578d838656a306a0"},"breadcrumb":{"@id":"https:\/\/dpress.ma\/fr\/2026\/04\/27\/marrakech-signature-de-deux-protocoles-daccord-pour-la-mise-a-niveau-et-la-modernisation-du-commerce\/#breadcrumb"},"inLanguage":"fr-FR","potentialAction":[{"@type":"ReadAction","target":["https:\/\/dpress.ma\/fr\/2026\/04\/27\/marrakech-signature-de-deux-protocoles-daccord-pour-la-mise-a-niveau-et-la-modernisation-du-commerce\/"]}]},{"@type":"ImageObject","inLanguage":"fr-FR","@id":"https:\/\/dpress.ma\/fr\/2026\/04\/27\/marrakech-signature-de-deux-protocoles-daccord-pour-la-mise-a-niveau-et-la-modernisation-du-commerce\/#primaryimage","url":"https:\/\/dpress.ma\/fr\/wp-content\/uploads\/sites\/2\/2026\/04\/63-5.jpg","contentUrl":"https:\/\/dpress.ma\/fr\/wp-content\/uploads\/sites\/2\/2026\/04\/63-5.jpg","width":2539,"height":1594},{"@type":"BreadcrumbList","@id":"https:\/\/dpress.ma\/fr\/2026\/04\/27\/marrakech-signature-de-deux-protocoles-daccord-pour-la-mise-a-niveau-et-la-modernisation-du-commerce\/#breadcrumb","itemListElement":[{"@type":"ListItem","position":1,"name":"Home","item":"https:\/\/dpress.ma\/fr\/"},{"@type":"ListItem","position":2,"name":"Marrakech : Signature de deux protocoles d\u2019accord pour la mise \u00e0 niveau et la modernisation du commerce"}]},{"@type":"WebSite","@id":"https:\/\/dpress.ma\/fr\/#website","url":"https:\/\/dpress.ma\/fr\/","name":"Dpress.ma\/fr","description":"","potentialAction":[{"@type":"SearchAction","target":{"@type":"EntryPoint","urlTemplate":"https:\/\/dpress.ma\/fr\/?s={search_term_string}"},"query-input":{"@type":"PropertyValueSpecification","valueRequired":true,"valueName":"search_term_string"}}],"inLanguage":"fr-FR"},{"@type":"Person","@id":"https:\/\/dpress.ma\/fr\/#\/schema\/person\/4898febf3ccd59e6578d838656a306a0","name":"Dpress.ma","image":{"@type":"ImageObject","inLanguage":"fr-FR","@id":"https:\/\/secure.gravatar.com\/avatar\/72ecc30e9db047a2e0e7176561eb9d564ed77c8108376495b19bd8336405198a?s=96&d=mm&r=g","url":"https:\/\/secure.gravatar.com\/avatar\/72ecc30e9db047a2e0e7176561eb9d564ed77c8108376495b19bd8336405198a?s=96&d=mm&r=g","contentUrl":"https:\/\/secure.gravatar.com\/avatar\/72ecc30e9db047a2e0e7176561eb9d564ed77c8108376495b19bd8336405198a?s=96&d=mm&r=g","caption":"Dpress.ma"},"sameAs":["https:\/\/www.dpress.ma"],"url":"https:\/\/dpress.ma\/fr\/author\/dpress-ma\/"}]}},"amp_enabled":true,"_links":{"self":[{"href":"https:\/\/dpress.ma\/fr\/wp-json\/wp\/v2\/posts\/29474","targetHints":{"allow":["GET"]}}],"collection":[{"href":"https:\/\/dpress.ma\/fr\/wp-json\/wp\/v2\/posts"}],"about":[{"href":"https:\/\/dpress.ma\/fr\/wp-json\/wp\/v2\/types\/post"}],"author":[{"embeddable":true,"href":"https:\/\/dpress.ma\/fr\/wp-json\/wp\/v2\/users\/2"}],"replies":[{"embeddable":true,"href":"https:\/\/dpress.ma\/fr\/wp-json\/wp\/v2\/comments?post=29474"}],"version-history":[{"count":1,"href":"https:\/\/dpress.ma\/fr\/wp-json\/wp\/v2\/posts\/29474\/revisions"}],"predecessor-version":[{"id":29476,"href":"https:\/\/dpress.ma\/fr\/wp-json\/wp\/v2\/posts\/29474\/revisions\/29476"}],"wp:featuredmedia":[{"embeddable":true,"href":"https:\/\/dpress.ma\/fr\/wp-json\/wp\/v2\/media\/29475"}],"wp:attachment":[{"href":"https:\/\/dpress.ma\/fr\/wp-json\/wp\/v2\/media?parent=29474"}],"wp:term":[{"taxonomy":"category","embeddable":true,"href":"https:\/\/dpress.ma\/fr\/wp-json\/wp\/v2\/categories?post=29474"},{"taxonomy":"post_tag","embeddable":true,"href":"https:\/\/dpress.ma\/fr\/wp-json\/wp\/v2\/tags?post=29474"}],"curies":[{"name":"wp","href":"https:\/\/api.w.org\/{rel}","templated":true}]}}