{"id":29471,"date":"2026-04-27T16:53:00","date_gmt":"2026-04-27T16:53:00","guid":{"rendered":"https:\/\/dpress.ma\/fr\/?p=29471"},"modified":"2026-04-27T16:53:05","modified_gmt":"2026-04-27T16:53:05","slug":"fes-amal-el-fallah-seghrouchni-mohamad-al-issa-et-lunaoc-laureats-des-prix-mediterranee-2026","status":"publish","type":"post","link":"https:\/\/dpress.ma\/fr\/2026\/04\/27\/fes-amal-el-fallah-seghrouchni-mohamad-al-issa-et-lunaoc-laureats-des-prix-mediterranee-2026\/","title":{"rendered":"F\u00e8s : Amal El Fallah Seghrouchni, Mohamad Al-Issa et l\u2019UNAOC laur\u00e9ats des Prix \u201cM\u00e9diterran\u00e9e 2026\u201d"},"content":{"rendered":"\n<p class=\"wp-block-paragraph\">Dpress<\/p>\n\n\n\n<p class=\"wp-block-paragraph\">Les \u201cPrix M\u00e9diterran\u00e9e 2026\u201d ont \u00e9t\u00e9 d\u00e9cern\u00e9s, lundi \u00e0 F\u00e8s, \u00e0 la ministre d\u00e9l\u00e9gu\u00e9e charg\u00e9e de la Transition num\u00e9rique et de la R\u00e9forme de l\u2019administration, Amal El Fallah Seghrouchni, au Secr\u00e9taire g\u00e9n\u00e9ral de la Ligue islamique mondiale, Mohamad Bin Abdoulkarim Alissa, et \u00e0 l\u2019Alliance des civilisations des Nations unies (UNAOC), repr\u00e9sent\u00e9e par son Haut-Repr\u00e9sentant, Miguel \u064eAngel Moratinos.<\/p>\n\n\n\n<p class=\"wp-block-paragraph\">Ces distinctions, attribu\u00e9es par l\u2019organisation internationale \u201cEtats-Unis du Monde\u201d et sa Fondation m\u00e9diterran\u00e9enne, ont \u00e9t\u00e9 remises en marge des Rencontres de l\u2019Universit\u00e9 Euromed de F\u00e8s (UEMF) sur l\u2019alliance des civilisations, organis\u00e9es sous le Haut Patronage de Sa Majest\u00e9 le Roi Mohammed VI, autour du th\u00e8me \u201cl\u2019avenir de la civilisation humaine \u00e0 l\u2019\u00e9preuve de l\u2019intelligence artificielle\u201d (IA).<\/p>\n\n\n\n<p class=\"wp-block-paragraph\">Les \u201cPrix M\u00e9diterran\u00e9e 2026\u201d r\u00e9compensent des personnalit\u00e9s du pourtour m\u00e9diterran\u00e9en qui apportent des contributions remarquables au service du d\u00e9veloppement, de la paix et de l\u2019innovation.<\/p>\n\n\n\n<p class=\"wp-block-paragraph\">Les laur\u00e9ats de cette ann\u00e9e l\u2019ont \u00e9t\u00e9 dans les cat\u00e9gories \u201cD\u00e9veloppement\u201d pour Mme Seghrouchni, \u201cPaix et juste milieu\u201d pour M. Mohamad Bin Abdoulkarim Alissa, et \u201cinstitutions\u201d pour l\u2019UNAOC.<\/p>\n\n\n\n<p class=\"wp-block-paragraph\">\u201cNous rendons hommage aujourd\u2019hui \u00e0 des hommes et des femmes porteurs d\u2019\u00e9thique et de vision, qui \u00e9clairent notre \u00e9poque et qui \u0153uvrent en faveur de la paix et de la dignit\u00e9 humaine\u201d, a d\u00e9clar\u00e9 \u00e0 cette occasion Michele Capasso, Secr\u00e9taire g\u00e9n\u00e9ral des \u201cEtats-Unis du Monde\u201d.<\/p>\n\n\n\n<p class=\"wp-block-paragraph\">Selon lui, cette ann\u00e9e, la remise de ces prix a une signification particuli\u00e8re, car elle s\u2019inscrit dans un contexte historique marqu\u00e9 par des mutations technologiques acc\u00e9l\u00e9r\u00e9es, des tensions g\u00e9opolitiques persistantes et recompositions politiques dans le monde.<\/p>\n\n\n\n<p class=\"wp-block-paragraph\">\u201cFace \u00e0 ces temps difficiles, aux tentations de pouvoir et d\u2019\u00e9go\u00efsme qui contamine l\u2019humanit\u00e9, nous nous dressons aux c\u00f4t\u00e9s des jeunes et valorisons l\u2019engagement humain par l\u2019intelligence humaine, plut\u00f4t qu\u2019artificielle, une intelligence qui doit \u00eatre un outil et un pont entre les peuples\u201d, a-t-il ajout\u00e9.<\/p>\n\n\n\n<p class=\"wp-block-paragraph\">Cr\u00e9\u00e9 en 1995 par les \u201cEtats-Unis du Monde\u201d avec la Fondazione Mediterraneo et l\u2019Acad\u00e9mie de la M\u00e9diterran\u00e9e, le \u201cPrix M\u00e9diterran\u00e9e\u201d, avec ses nombreuses cat\u00e9gories, est d\u00e9cern\u00e9 annuellement \u00e0 des personnalit\u00e9s du monde politique, religieux, culturel et artistique qui ont contribu\u00e9, avec leurs actions, \u00e0 r\u00e9duire les tensions et \u00e0 amorcer un processus de valorisation des diff\u00e9rences culturelles et des valeurs partag\u00e9es dans la zone de la Grande M\u00e9diterran\u00e9e et du monde entier.<\/p>\n","protected":false},"excerpt":{"rendered":"<p>Dpress Les \u201cPrix M\u00e9diterran\u00e9e 2026\u201d ont \u00e9t\u00e9 d\u00e9cern\u00e9s, lundi \u00e0 F\u00e8s, \u00e0 la ministre d\u00e9l\u00e9gu\u00e9e charg\u00e9e de la Transition num\u00e9rique et de la R\u00e9forme de l\u2019administration, Amal El Fallah Seghrouchni, au Secr\u00e9taire g\u00e9n\u00e9ral de la Ligue islamique mondiale, Mohamad Bin Abdoulkarim Alissa, et \u00e0 l\u2019Alliance des civilisations des Nations unies (UNAOC), repr\u00e9sent\u00e9e par son Haut-Repr\u00e9sentant, &hellip;<\/p>\n","protected":false},"author":2,"featured_media":29472,"comment_status":"open","ping_status":"open","sticky":false,"template":"","format":"standard","meta":{"footnotes":""},"categories":[40],"tags":[],"class_list":["post-29471","post","type-post","status-publish","format-standard","has-post-thumbnail","hentry","category-societe-et-regions"],"yoast_head":"<!-- This site is optimized with the Yoast SEO plugin v28.0 - https:\/\/yoast.com\/product\/yoast-seo-wordpress\/ -->\n<title>F\u00e8s : Amal El Fallah Seghrouchni, Mohamad Al-Issa et l\u2019UNAOC laur\u00e9ats des Prix \u201cM\u00e9diterran\u00e9e 2026\u201d - Dpress.ma\/fr<\/title>\n<meta name=\"robots\" content=\"index, follow, max-snippet:-1, max-image-preview:large, max-video-preview:-1\" \/>\n<link rel=\"canonical\" href=\"https:\/\/dpress.ma\/fr\/2026\/04\/27\/fes-amal-el-fallah-seghrouchni-mohamad-al-issa-et-lunaoc-laureats-des-prix-mediterranee-2026\/\" \/>\n<meta property=\"og:locale\" content=\"fr_FR\" \/>\n<meta property=\"og:type\" content=\"article\" \/>\n<meta property=\"og:title\" content=\"F\u00e8s : Amal El Fallah Seghrouchni, Mohamad Al-Issa et l\u2019UNAOC laur\u00e9ats des Prix \u201cM\u00e9diterran\u00e9e 2026\u201d - Dpress.ma\/fr\" \/>\n<meta property=\"og:description\" content=\"Dpress Les \u201cPrix M\u00e9diterran\u00e9e 2026\u201d ont \u00e9t\u00e9 d\u00e9cern\u00e9s, lundi \u00e0 F\u00e8s, \u00e0 la ministre d\u00e9l\u00e9gu\u00e9e charg\u00e9e de la Transition num\u00e9rique et de la R\u00e9forme de l\u2019administration, Amal El Fallah Seghrouchni, au Secr\u00e9taire g\u00e9n\u00e9ral de la Ligue islamique mondiale, Mohamad Bin Abdoulkarim Alissa, et \u00e0 l\u2019Alliance des civilisations des Nations unies (UNAOC), repr\u00e9sent\u00e9e par son Haut-Repr\u00e9sentant, &hellip;\" \/>\n<meta property=\"og:url\" content=\"https:\/\/dpress.ma\/fr\/2026\/04\/27\/fes-amal-el-fallah-seghrouchni-mohamad-al-issa-et-lunaoc-laureats-des-prix-mediterranee-2026\/\" \/>\n<meta property=\"og:site_name\" content=\"Dpress.ma\/fr\" \/>\n<meta property=\"article:published_time\" content=\"2026-04-27T16:53:00+00:00\" \/>\n<meta property=\"article:modified_time\" content=\"2026-04-27T16:53:05+00:00\" \/>\n<meta property=\"og:image\" content=\"https:\/\/dpress.ma\/fr\/wp-content\/uploads\/sites\/2\/2026\/04\/62-5.jpg\" \/>\n\t<meta property=\"og:image:width\" content=\"2539\" \/>\n\t<meta property=\"og:image:height\" content=\"1594\" \/>\n\t<meta property=\"og:image:type\" content=\"image\/jpeg\" \/>\n<meta name=\"author\" content=\"Dpress.ma\" \/>\n<meta name=\"twitter:card\" content=\"summary_large_image\" \/>\n<meta name=\"twitter:label1\" content=\"\u00c9crit par\" \/>\n\t<meta name=\"twitter:data1\" content=\"Dpress.ma\" \/>\n\t<meta name=\"twitter:label2\" content=\"Dur\u00e9e de lecture estim\u00e9e\" \/>\n\t<meta name=\"twitter:data2\" content=\"2 minutes\" \/>\n<script type=\"application\/ld+json\" class=\"yoast-schema-graph\">{\"@context\":\"https:\\\/\\\/schema.org\",\"@graph\":[{\"@type\":\"Article\",\"@id\":\"https:\\\/\\\/dpress.ma\\\/fr\\\/2026\\\/04\\\/27\\\/fes-amal-el-fallah-seghrouchni-mohamad-al-issa-et-lunaoc-laureats-des-prix-mediterranee-2026\\\/#article\",\"isPartOf\":{\"@id\":\"https:\\\/\\\/dpress.ma\\\/fr\\\/2026\\\/04\\\/27\\\/fes-amal-el-fallah-seghrouchni-mohamad-al-issa-et-lunaoc-laureats-des-prix-mediterranee-2026\\\/\"},\"author\":{\"name\":\"Dpress.ma\",\"@id\":\"https:\\\/\\\/dpress.ma\\\/fr\\\/#\\\/schema\\\/person\\\/4898febf3ccd59e6578d838656a306a0\"},\"headline\":\"F\u00e8s : Amal El Fallah Seghrouchni, Mohamad Al-Issa et l\u2019UNAOC laur\u00e9ats des Prix \u201cM\u00e9diterran\u00e9e 2026\u201d\",\"datePublished\":\"2026-04-27T16:53:00+00:00\",\"dateModified\":\"2026-04-27T16:53:05+00:00\",\"mainEntityOfPage\":{\"@id\":\"https:\\\/\\\/dpress.ma\\\/fr\\\/2026\\\/04\\\/27\\\/fes-amal-el-fallah-seghrouchni-mohamad-al-issa-et-lunaoc-laureats-des-prix-mediterranee-2026\\\/\"},\"wordCount\":451,\"commentCount\":0,\"image\":{\"@id\":\"https:\\\/\\\/dpress.ma\\\/fr\\\/2026\\\/04\\\/27\\\/fes-amal-el-fallah-seghrouchni-mohamad-al-issa-et-lunaoc-laureats-des-prix-mediterranee-2026\\\/#primaryimage\"},\"thumbnailUrl\":\"https:\\\/\\\/dpress.ma\\\/fr\\\/wp-content\\\/uploads\\\/sites\\\/2\\\/2026\\\/04\\\/62-5.jpg\",\"articleSection\":[\"societe et regions\"],\"inLanguage\":\"fr-FR\",\"potentialAction\":[{\"@type\":\"CommentAction\",\"name\":\"Comment\",\"target\":[\"https:\\\/\\\/dpress.ma\\\/fr\\\/2026\\\/04\\\/27\\\/fes-amal-el-fallah-seghrouchni-mohamad-al-issa-et-lunaoc-laureats-des-prix-mediterranee-2026\\\/#respond\"]}]},{\"@type\":\"WebPage\",\"@id\":\"https:\\\/\\\/dpress.ma\\\/fr\\\/2026\\\/04\\\/27\\\/fes-amal-el-fallah-seghrouchni-mohamad-al-issa-et-lunaoc-laureats-des-prix-mediterranee-2026\\\/\",\"url\":\"https:\\\/\\\/dpress.ma\\\/fr\\\/2026\\\/04\\\/27\\\/fes-amal-el-fallah-seghrouchni-mohamad-al-issa-et-lunaoc-laureats-des-prix-mediterranee-2026\\\/\",\"name\":\"F\u00e8s : Amal El Fallah Seghrouchni, Mohamad Al-Issa et l\u2019UNAOC laur\u00e9ats des Prix \u201cM\u00e9diterran\u00e9e 2026\u201d - Dpress.ma\\\/fr\",\"isPartOf\":{\"@id\":\"https:\\\/\\\/dpress.ma\\\/fr\\\/#website\"},\"primaryImageOfPage\":{\"@id\":\"https:\\\/\\\/dpress.ma\\\/fr\\\/2026\\\/04\\\/27\\\/fes-amal-el-fallah-seghrouchni-mohamad-al-issa-et-lunaoc-laureats-des-prix-mediterranee-2026\\\/#primaryimage\"},\"image\":{\"@id\":\"https:\\\/\\\/dpress.ma\\\/fr\\\/2026\\\/04\\\/27\\\/fes-amal-el-fallah-seghrouchni-mohamad-al-issa-et-lunaoc-laureats-des-prix-mediterranee-2026\\\/#primaryimage\"},\"thumbnailUrl\":\"https:\\\/\\\/dpress.ma\\\/fr\\\/wp-content\\\/uploads\\\/sites\\\/2\\\/2026\\\/04\\\/62-5.jpg\",\"datePublished\":\"2026-04-27T16:53:00+00:00\",\"dateModified\":\"2026-04-27T16:53:05+00:00\",\"author\":{\"@id\":\"https:\\\/\\\/dpress.ma\\\/fr\\\/#\\\/schema\\\/person\\\/4898febf3ccd59e6578d838656a306a0\"},\"breadcrumb\":{\"@id\":\"https:\\\/\\\/dpress.ma\\\/fr\\\/2026\\\/04\\\/27\\\/fes-amal-el-fallah-seghrouchni-mohamad-al-issa-et-lunaoc-laureats-des-prix-mediterranee-2026\\\/#breadcrumb\"},\"inLanguage\":\"fr-FR\",\"potentialAction\":[{\"@type\":\"ReadAction\",\"target\":[\"https:\\\/\\\/dpress.ma\\\/fr\\\/2026\\\/04\\\/27\\\/fes-amal-el-fallah-seghrouchni-mohamad-al-issa-et-lunaoc-laureats-des-prix-mediterranee-2026\\\/\"]}]},{\"@type\":\"ImageObject\",\"inLanguage\":\"fr-FR\",\"@id\":\"https:\\\/\\\/dpress.ma\\\/fr\\\/2026\\\/04\\\/27\\\/fes-amal-el-fallah-seghrouchni-mohamad-al-issa-et-lunaoc-laureats-des-prix-mediterranee-2026\\\/#primaryimage\",\"url\":\"https:\\\/\\\/dpress.ma\\\/fr\\\/wp-content\\\/uploads\\\/sites\\\/2\\\/2026\\\/04\\\/62-5.jpg\",\"contentUrl\":\"https:\\\/\\\/dpress.ma\\\/fr\\\/wp-content\\\/uploads\\\/sites\\\/2\\\/2026\\\/04\\\/62-5.jpg\",\"width\":2539,\"height\":1594},{\"@type\":\"BreadcrumbList\",\"@id\":\"https:\\\/\\\/dpress.ma\\\/fr\\\/2026\\\/04\\\/27\\\/fes-amal-el-fallah-seghrouchni-mohamad-al-issa-et-lunaoc-laureats-des-prix-mediterranee-2026\\\/#breadcrumb\",\"itemListElement\":[{\"@type\":\"ListItem\",\"position\":1,\"name\":\"Home\",\"item\":\"https:\\\/\\\/dpress.ma\\\/fr\\\/\"},{\"@type\":\"ListItem\",\"position\":2,\"name\":\"F\u00e8s : Amal El Fallah Seghrouchni, Mohamad Al-Issa et l\u2019UNAOC laur\u00e9ats des Prix \u201cM\u00e9diterran\u00e9e 2026\u201d\"}]},{\"@type\":\"WebSite\",\"@id\":\"https:\\\/\\\/dpress.ma\\\/fr\\\/#website\",\"url\":\"https:\\\/\\\/dpress.ma\\\/fr\\\/\",\"name\":\"Dpress.ma\\\/fr\",\"description\":\"\",\"potentialAction\":[{\"@type\":\"SearchAction\",\"target\":{\"@type\":\"EntryPoint\",\"urlTemplate\":\"https:\\\/\\\/dpress.ma\\\/fr\\\/?s={search_term_string}\"},\"query-input\":{\"@type\":\"PropertyValueSpecification\",\"valueRequired\":true,\"valueName\":\"search_term_string\"}}],\"inLanguage\":\"fr-FR\"},{\"@type\":\"Person\",\"@id\":\"https:\\\/\\\/dpress.ma\\\/fr\\\/#\\\/schema\\\/person\\\/4898febf3ccd59e6578d838656a306a0\",\"name\":\"Dpress.ma\",\"image\":{\"@type\":\"ImageObject\",\"inLanguage\":\"fr-FR\",\"@id\":\"https:\\\/\\\/secure.gravatar.com\\\/avatar\\\/72ecc30e9db047a2e0e7176561eb9d564ed77c8108376495b19bd8336405198a?s=96&d=mm&r=g\",\"url\":\"https:\\\/\\\/secure.gravatar.com\\\/avatar\\\/72ecc30e9db047a2e0e7176561eb9d564ed77c8108376495b19bd8336405198a?s=96&d=mm&r=g\",\"contentUrl\":\"https:\\\/\\\/secure.gravatar.com\\\/avatar\\\/72ecc30e9db047a2e0e7176561eb9d564ed77c8108376495b19bd8336405198a?s=96&d=mm&r=g\",\"caption\":\"Dpress.ma\"},\"sameAs\":[\"https:\\\/\\\/www.dpress.ma\"],\"url\":\"https:\\\/\\\/dpress.ma\\\/fr\\\/author\\\/dpress-ma\\\/\"}]}<\/script>\n<!-- \/ Yoast SEO plugin. -->","yoast_head_json":{"title":"F\u00e8s : Amal El Fallah Seghrouchni, Mohamad Al-Issa et l\u2019UNAOC laur\u00e9ats des Prix \u201cM\u00e9diterran\u00e9e 2026\u201d - Dpress.ma\/fr","robots":{"index":"index","follow":"follow","max-snippet":"max-snippet:-1","max-image-preview":"max-image-preview:large","max-video-preview":"max-video-preview:-1"},"canonical":"https:\/\/dpress.ma\/fr\/2026\/04\/27\/fes-amal-el-fallah-seghrouchni-mohamad-al-issa-et-lunaoc-laureats-des-prix-mediterranee-2026\/","og_locale":"fr_FR","og_type":"article","og_title":"F\u00e8s : Amal El Fallah Seghrouchni, Mohamad Al-Issa et l\u2019UNAOC laur\u00e9ats des Prix \u201cM\u00e9diterran\u00e9e 2026\u201d - Dpress.ma\/fr","og_description":"Dpress Les \u201cPrix M\u00e9diterran\u00e9e 2026\u201d ont \u00e9t\u00e9 d\u00e9cern\u00e9s, lundi \u00e0 F\u00e8s, \u00e0 la ministre d\u00e9l\u00e9gu\u00e9e charg\u00e9e de la Transition num\u00e9rique et de la R\u00e9forme de l\u2019administration, Amal El Fallah Seghrouchni, au Secr\u00e9taire g\u00e9n\u00e9ral de la Ligue islamique mondiale, Mohamad Bin Abdoulkarim Alissa, et \u00e0 l\u2019Alliance des civilisations des Nations unies (UNAOC), repr\u00e9sent\u00e9e par son Haut-Repr\u00e9sentant, &hellip;","og_url":"https:\/\/dpress.ma\/fr\/2026\/04\/27\/fes-amal-el-fallah-seghrouchni-mohamad-al-issa-et-lunaoc-laureats-des-prix-mediterranee-2026\/","og_site_name":"Dpress.ma\/fr","article_published_time":"2026-04-27T16:53:00+00:00","article_modified_time":"2026-04-27T16:53:05+00:00","og_image":[{"width":2539,"height":1594,"url":"https:\/\/dpress.ma\/fr\/wp-content\/uploads\/sites\/2\/2026\/04\/62-5.jpg","type":"image\/jpeg"}],"author":"Dpress.ma","twitter_card":"summary_large_image","twitter_misc":{"\u00c9crit par":"Dpress.ma","Dur\u00e9e de lecture estim\u00e9e":"2 minutes"},"schema":{"@context":"https:\/\/schema.org","@graph":[{"@type":"Article","@id":"https:\/\/dpress.ma\/fr\/2026\/04\/27\/fes-amal-el-fallah-seghrouchni-mohamad-al-issa-et-lunaoc-laureats-des-prix-mediterranee-2026\/#article","isPartOf":{"@id":"https:\/\/dpress.ma\/fr\/2026\/04\/27\/fes-amal-el-fallah-seghrouchni-mohamad-al-issa-et-lunaoc-laureats-des-prix-mediterranee-2026\/"},"author":{"name":"Dpress.ma","@id":"https:\/\/dpress.ma\/fr\/#\/schema\/person\/4898febf3ccd59e6578d838656a306a0"},"headline":"F\u00e8s : Amal El Fallah Seghrouchni, Mohamad Al-Issa et l\u2019UNAOC laur\u00e9ats des Prix \u201cM\u00e9diterran\u00e9e 2026\u201d","datePublished":"2026-04-27T16:53:00+00:00","dateModified":"2026-04-27T16:53:05+00:00","mainEntityOfPage":{"@id":"https:\/\/dpress.ma\/fr\/2026\/04\/27\/fes-amal-el-fallah-seghrouchni-mohamad-al-issa-et-lunaoc-laureats-des-prix-mediterranee-2026\/"},"wordCount":451,"commentCount":0,"image":{"@id":"https:\/\/dpress.ma\/fr\/2026\/04\/27\/fes-amal-el-fallah-seghrouchni-mohamad-al-issa-et-lunaoc-laureats-des-prix-mediterranee-2026\/#primaryimage"},"thumbnailUrl":"https:\/\/dpress.ma\/fr\/wp-content\/uploads\/sites\/2\/2026\/04\/62-5.jpg","articleSection":["societe et regions"],"inLanguage":"fr-FR","potentialAction":[{"@type":"CommentAction","name":"Comment","target":["https:\/\/dpress.ma\/fr\/2026\/04\/27\/fes-amal-el-fallah-seghrouchni-mohamad-al-issa-et-lunaoc-laureats-des-prix-mediterranee-2026\/#respond"]}]},{"@type":"WebPage","@id":"https:\/\/dpress.ma\/fr\/2026\/04\/27\/fes-amal-el-fallah-seghrouchni-mohamad-al-issa-et-lunaoc-laureats-des-prix-mediterranee-2026\/","url":"https:\/\/dpress.ma\/fr\/2026\/04\/27\/fes-amal-el-fallah-seghrouchni-mohamad-al-issa-et-lunaoc-laureats-des-prix-mediterranee-2026\/","name":"F\u00e8s : Amal El Fallah Seghrouchni, Mohamad Al-Issa et l\u2019UNAOC laur\u00e9ats des Prix \u201cM\u00e9diterran\u00e9e 2026\u201d - Dpress.ma\/fr","isPartOf":{"@id":"https:\/\/dpress.ma\/fr\/#website"},"primaryImageOfPage":{"@id":"https:\/\/dpress.ma\/fr\/2026\/04\/27\/fes-amal-el-fallah-seghrouchni-mohamad-al-issa-et-lunaoc-laureats-des-prix-mediterranee-2026\/#primaryimage"},"image":{"@id":"https:\/\/dpress.ma\/fr\/2026\/04\/27\/fes-amal-el-fallah-seghrouchni-mohamad-al-issa-et-lunaoc-laureats-des-prix-mediterranee-2026\/#primaryimage"},"thumbnailUrl":"https:\/\/dpress.ma\/fr\/wp-content\/uploads\/sites\/2\/2026\/04\/62-5.jpg","datePublished":"2026-04-27T16:53:00+00:00","dateModified":"2026-04-27T16:53:05+00:00","author":{"@id":"https:\/\/dpress.ma\/fr\/#\/schema\/person\/4898febf3ccd59e6578d838656a306a0"},"breadcrumb":{"@id":"https:\/\/dpress.ma\/fr\/2026\/04\/27\/fes-amal-el-fallah-seghrouchni-mohamad-al-issa-et-lunaoc-laureats-des-prix-mediterranee-2026\/#breadcrumb"},"inLanguage":"fr-FR","potentialAction":[{"@type":"ReadAction","target":["https:\/\/dpress.ma\/fr\/2026\/04\/27\/fes-amal-el-fallah-seghrouchni-mohamad-al-issa-et-lunaoc-laureats-des-prix-mediterranee-2026\/"]}]},{"@type":"ImageObject","inLanguage":"fr-FR","@id":"https:\/\/dpress.ma\/fr\/2026\/04\/27\/fes-amal-el-fallah-seghrouchni-mohamad-al-issa-et-lunaoc-laureats-des-prix-mediterranee-2026\/#primaryimage","url":"https:\/\/dpress.ma\/fr\/wp-content\/uploads\/sites\/2\/2026\/04\/62-5.jpg","contentUrl":"https:\/\/dpress.ma\/fr\/wp-content\/uploads\/sites\/2\/2026\/04\/62-5.jpg","width":2539,"height":1594},{"@type":"BreadcrumbList","@id":"https:\/\/dpress.ma\/fr\/2026\/04\/27\/fes-amal-el-fallah-seghrouchni-mohamad-al-issa-et-lunaoc-laureats-des-prix-mediterranee-2026\/#breadcrumb","itemListElement":[{"@type":"ListItem","position":1,"name":"Home","item":"https:\/\/dpress.ma\/fr\/"},{"@type":"ListItem","position":2,"name":"F\u00e8s : Amal El Fallah Seghrouchni, Mohamad Al-Issa et l\u2019UNAOC laur\u00e9ats des Prix \u201cM\u00e9diterran\u00e9e 2026\u201d"}]},{"@type":"WebSite","@id":"https:\/\/dpress.ma\/fr\/#website","url":"https:\/\/dpress.ma\/fr\/","name":"Dpress.ma\/fr","description":"","potentialAction":[{"@type":"SearchAction","target":{"@type":"EntryPoint","urlTemplate":"https:\/\/dpress.ma\/fr\/?s={search_term_string}"},"query-input":{"@type":"PropertyValueSpecification","valueRequired":true,"valueName":"search_term_string"}}],"inLanguage":"fr-FR"},{"@type":"Person","@id":"https:\/\/dpress.ma\/fr\/#\/schema\/person\/4898febf3ccd59e6578d838656a306a0","name":"Dpress.ma","image":{"@type":"ImageObject","inLanguage":"fr-FR","@id":"https:\/\/secure.gravatar.com\/avatar\/72ecc30e9db047a2e0e7176561eb9d564ed77c8108376495b19bd8336405198a?s=96&d=mm&r=g","url":"https:\/\/secure.gravatar.com\/avatar\/72ecc30e9db047a2e0e7176561eb9d564ed77c8108376495b19bd8336405198a?s=96&d=mm&r=g","contentUrl":"https:\/\/secure.gravatar.com\/avatar\/72ecc30e9db047a2e0e7176561eb9d564ed77c8108376495b19bd8336405198a?s=96&d=mm&r=g","caption":"Dpress.ma"},"sameAs":["https:\/\/www.dpress.ma"],"url":"https:\/\/dpress.ma\/fr\/author\/dpress-ma\/"}]}},"amp_enabled":true,"_links":{"self":[{"href":"https:\/\/dpress.ma\/fr\/wp-json\/wp\/v2\/posts\/29471","targetHints":{"allow":["GET"]}}],"collection":[{"href":"https:\/\/dpress.ma\/fr\/wp-json\/wp\/v2\/posts"}],"about":[{"href":"https:\/\/dpress.ma\/fr\/wp-json\/wp\/v2\/types\/post"}],"author":[{"embeddable":true,"href":"https:\/\/dpress.ma\/fr\/wp-json\/wp\/v2\/users\/2"}],"replies":[{"embeddable":true,"href":"https:\/\/dpress.ma\/fr\/wp-json\/wp\/v2\/comments?post=29471"}],"version-history":[{"count":1,"href":"https:\/\/dpress.ma\/fr\/wp-json\/wp\/v2\/posts\/29471\/revisions"}],"predecessor-version":[{"id":29473,"href":"https:\/\/dpress.ma\/fr\/wp-json\/wp\/v2\/posts\/29471\/revisions\/29473"}],"wp:featuredmedia":[{"embeddable":true,"href":"https:\/\/dpress.ma\/fr\/wp-json\/wp\/v2\/media\/29472"}],"wp:attachment":[{"href":"https:\/\/dpress.ma\/fr\/wp-json\/wp\/v2\/media?parent=29471"}],"wp:term":[{"taxonomy":"category","embeddable":true,"href":"https:\/\/dpress.ma\/fr\/wp-json\/wp\/v2\/categories?post=29471"},{"taxonomy":"post_tag","embeddable":true,"href":"https:\/\/dpress.ma\/fr\/wp-json\/wp\/v2\/tags?post=29471"}],"curies":[{"name":"wp","href":"https:\/\/api.w.org\/{rel}","templated":true}]}}