{"id":29468,"date":"2026-04-27T16:50:29","date_gmt":"2026-04-27T16:50:29","guid":{"rendered":"https:\/\/dpress.ma\/fr\/?p=29468"},"modified":"2026-04-27T16:50:39","modified_gmt":"2026-04-27T16:50:39","slug":"agadir-lancement-officiel-de-la-22eme-edition-de-lexercice-african-lion","status":"publish","type":"post","link":"https:\/\/dpress.ma\/fr\/2026\/04\/27\/agadir-lancement-officiel-de-la-22eme-edition-de-lexercice-african-lion\/","title":{"rendered":"Agadir : Lancement officiel de la 22\u00e8me \u00e9dition de l\u2019exercice \u201cAfrican Lion\u201d"},"content":{"rendered":"\n<p class=\"wp-block-paragraph\">Dpress<\/p>\n\n\n\n<p class=\"wp-block-paragraph\">Conform\u00e9ment aux Hautes Instructions de Sa Majest\u00e9 le Roi, Chef Supr\u00eame et Chef d\u2019\u00c9tat-Major G\u00e9n\u00e9ral des Forces Arm\u00e9es Royales, les Forces marocaines et am\u00e9ricaines co-organisent, jusqu\u2019au 08 mai, la 22\u00e8me \u00e9dition de l\u2019exercice \u201cAfrican Lion\u201d.<\/p>\n\n\n\n<p class=\"wp-block-paragraph\">Au si\u00e8ge de l\u2019\u00c9tat-Major de la Zone Sud \u00e0 Agadir, une c\u00e9r\u00e9monie d\u2019ouverture a \u00e9t\u00e9 organis\u00e9e lundi annon\u00e7ant le lancement officiel de cet exercice multinational interarm\u00e9es en pr\u00e9sence des repr\u00e9sentants de pays participants.<\/p>\n\n\n\n<p class=\"wp-block-paragraph\">Lors de cette c\u00e9r\u00e9monie co-pr\u00e9sid\u00e9e par le G\u00e9n\u00e9ral de Division Mohammed Benlouali, Chef d\u2019\u00c9tat-major de la Zone Sud et le G\u00e9n\u00e9ral de Brigade Daniel Cederman, adjoint au commandant de la Force op\u00e9rationnelle de l\u2019arm\u00e9e am\u00e9ricaine pour l\u2019Europe du Sud et l\u2019Afrique (SETAF-AF), le concept global de l\u2019exercice et les activit\u00e9s y aff\u00e9rentes de cette 22\u00e8me \u00e9dition ont \u00e9t\u00e9 pr\u00e9sent\u00e9s.<\/p>\n\n\n\n<p class=\"wp-block-paragraph\">S\u2019exprimant \u00e0 cette occasion, le G\u00e9n\u00e9ral de Division Mohammed Benlouali, a indiqu\u00e9 que cet \u00e9v\u00e9nement constitue une \u00e9tape strat\u00e9gique avanc\u00e9e dans le processus de consolidation du partenariat militaire constructif entre les FAR et les Forces arm\u00e9es am\u00e9ricaines, dans toutes leurs composantes, ainsi qu\u2019avec leurs homologues des pays fr\u00e8res et amis participants.<\/p>\n\n\n\n<p class=\"wp-block-paragraph\">Cet exercice vise \u00e0 renforcer le partenariat et l\u2019int\u00e9gration dans les domaines de la planification, \u00e0 \u00e9lever le niveau de pr\u00e9paration op\u00e9rationnelle, contribuant ainsi \u00e0 l\u2019am\u00e9lioration progressive des performances op\u00e9rationnelles, \u00e0 l\u2019\u00e9largissement des champs de coop\u00e9ration, ainsi qu\u2019au perfectionnement des expertises et des comp\u00e9tences \u00e0 diff\u00e9rents niveaux et dans diverses sp\u00e9cialit\u00e9s, a-t-il ajout\u00e9.<\/p>\n\n\n\n<p class=\"wp-block-paragraph\">Pour sa part, le G\u00e9n\u00e9ral de Brigade Daniel Cederman a soulign\u00e9 que le partenariat constitue le fondement de l\u2019exercice\u201dAfrican Lion\u201d , notant que les objectifs de cette ann\u00e9e sont clairs :\u201d accro\u00eetre l\u2019\u00e9tat de pr\u00e9paration, renforcer l\u2019interop\u00e9rabilit\u00e9 et am\u00e9liorer notre capacit\u00e9 \u00e0 ex\u00e9cuter des missions conjointes dans des environnements complexes\u201d.<\/p>\n\n\n\n<p class=\"wp-block-paragraph\">Et d\u2019ajouter que \u201cNous construisons des forces capables de r\u00e9pondre rapidement et efficacement aux d\u00e9fis communs\u201d.<\/p>\n\n\n\n<p class=\"wp-block-paragraph\">Plus de 5.000 \u00e9l\u00e9ments des forces arm\u00e9es provenant d\u2019environ 40 pays participants et observateurs, prennent part aux c\u00f4t\u00e9s des FAR et des Forces arm\u00e9es am\u00e9ricaines, \u00e0 ces man\u0153uvres militaires innovantes.<\/p>\n\n\n\n<p class=\"wp-block-paragraph\">Pr\u00e9vu se d\u00e9rouler au niveau de Bengu\u00e9rir, Agadir, Tan-Tan, Taroudant, Dakhla et Tifnit, l\u2019exercice \u201cAfrican Lion 2026\u201d comporte plusieurs activit\u00e9s dont des exercices tactiques, terrestres, maritimes et a\u00e9riens, combin\u00e9s, de jour et de nuit, un exercice des forces sp\u00e9ciales, des op\u00e9rations a\u00e9roport\u00e9es, ainsi qu\u2019un exercice de commandement terrain.<\/p>\n\n\n\n<p class=\"wp-block-paragraph\">L\u2019\u00e9dition en cours se distingue par une extension vers des domaines en pleine mutation, notamment l\u2019espace extra-atmosph\u00e9rique, la guerre \u00e9lectromagn\u00e9tique et le cyberespace, avec l\u2019int\u00e9gration des syst\u00e8mes a\u00e9riens sans pilote dans la planification et la conduite des op\u00e9rations.<\/p>\n\n\n\n<p class=\"wp-block-paragraph\">Cette vingt deuxi\u00e8me \u00e9dition comprend \u00e9galement des entra\u00eenements de lutte contre les armes de destruction massive et des prestations m\u00e9dico-chirurgicales et sociales fournies au profit de la population de la r\u00e9gion d\u2019El-Faid (Taroudant) par un H\u00f4pital militaire de campagne et autres prestations \u00e0 Dakhla.<\/p>\n\n\n\n<p class=\"wp-block-paragraph\">En guise de pr\u00e9paration \u00e0 l\u2019exercice, des formations acad\u00e9miques, lanc\u00e9es le 20 courant et se poursuivront jusqu\u2019au 30 avril, visent \u00e0 pr\u00e9parer efficacement les exercices de commandement et les man\u0153uvres \u00e0 venir, en permettant aux participants de se familiariser avec les contenus qu\u2019ils mettront en \u0153uvre lors des phases de planification et d\u2019ex\u00e9cution.<\/p>\n\n\n\n<p class=\"wp-block-paragraph\">Cette phase initiale dite \u201cacademics\u201d, qui constitue la base de l\u2019exercice, s\u2019articule autour de 20 modules sp\u00e9cialis\u00e9s d\u00e9di\u00e9s \u00e0 la ma\u00eetrise coordonn\u00e9e de technologies \u00e9mergentes (syst\u00e8mes a\u00e9riens sans pilote, Cybers\u00e9curit\u00e9, op\u00e9rations satellitaires, \u2026..).<\/p>\n\n\n\n<p class=\"wp-block-paragraph\">Contribuant au renforcement de l\u2019interop\u00e9rabilit\u00e9 op\u00e9rationnelle, technique et proc\u00e9durale, entre les arm\u00e9es participantes, l\u2019exercice \u201cAfrican Lion 2026\u201d, le plus grand exercice conduit en Afrique, reste un rendez-vous incontournable o\u00f9 se c\u00f4toient les cadres militaires pour \u00e9changer les proc\u00e9dures et les exp\u00e9riences notamment en mati\u00e8re de formation et d\u2019entra\u00eenement interarm\u00e9es combin\u00e9.<\/p>\n\n\n\n<p class=\"wp-block-paragraph\">Cette vingt deuxi\u00e8me \u00e9dition t\u00e9moigne de la p\u00e9rennit\u00e9 qui caract\u00e9rise la coop\u00e9ration entre les FAR et les Forces Arm\u00e9es Am\u00e9ricaines \u00e0 l\u2019image des liens historiques et solides qui lient les deux pays.<\/p>\n","protected":false},"excerpt":{"rendered":"<p>Dpress Conform\u00e9ment aux Hautes Instructions de Sa Majest\u00e9 le Roi, Chef Supr\u00eame et Chef d\u2019\u00c9tat-Major G\u00e9n\u00e9ral des Forces Arm\u00e9es Royales, les Forces marocaines et am\u00e9ricaines co-organisent, jusqu\u2019au 08 mai, la 22\u00e8me \u00e9dition de l\u2019exercice \u201cAfrican Lion\u201d. Au si\u00e8ge de l\u2019\u00c9tat-Major de la Zone Sud \u00e0 Agadir, une c\u00e9r\u00e9monie d\u2019ouverture a \u00e9t\u00e9 organis\u00e9e lundi annon\u00e7ant le &hellip;<\/p>\n","protected":false},"author":2,"featured_media":29469,"comment_status":"open","ping_status":"open","sticky":false,"template":"","format":"standard","meta":{"footnotes":""},"categories":[40],"tags":[],"class_list":["post-29468","post","type-post","status-publish","format-standard","has-post-thumbnail","hentry","category-societe-et-regions"],"yoast_head":"<!-- This site is optimized with the Yoast SEO plugin v28.0 - https:\/\/yoast.com\/product\/yoast-seo-wordpress\/ -->\n<title>Agadir : Lancement officiel de la 22\u00e8me \u00e9dition de l\u2019exercice \u201cAfrican Lion\u201d - Dpress.ma\/fr<\/title>\n<meta name=\"robots\" content=\"index, follow, max-snippet:-1, max-image-preview:large, max-video-preview:-1\" \/>\n<link rel=\"canonical\" href=\"https:\/\/dpress.ma\/fr\/2026\/04\/27\/agadir-lancement-officiel-de-la-22eme-edition-de-lexercice-african-lion\/\" \/>\n<meta property=\"og:locale\" content=\"fr_FR\" \/>\n<meta property=\"og:type\" content=\"article\" \/>\n<meta property=\"og:title\" content=\"Agadir : Lancement officiel de la 22\u00e8me \u00e9dition de l\u2019exercice \u201cAfrican Lion\u201d - Dpress.ma\/fr\" \/>\n<meta property=\"og:description\" content=\"Dpress Conform\u00e9ment aux Hautes Instructions de Sa Majest\u00e9 le Roi, Chef Supr\u00eame et Chef d\u2019\u00c9tat-Major G\u00e9n\u00e9ral des Forces Arm\u00e9es Royales, les Forces marocaines et am\u00e9ricaines co-organisent, jusqu\u2019au 08 mai, la 22\u00e8me \u00e9dition de l\u2019exercice \u201cAfrican Lion\u201d. Au si\u00e8ge de l\u2019\u00c9tat-Major de la Zone Sud \u00e0 Agadir, une c\u00e9r\u00e9monie d\u2019ouverture a \u00e9t\u00e9 organis\u00e9e lundi annon\u00e7ant le &hellip;\" \/>\n<meta property=\"og:url\" content=\"https:\/\/dpress.ma\/fr\/2026\/04\/27\/agadir-lancement-officiel-de-la-22eme-edition-de-lexercice-african-lion\/\" \/>\n<meta property=\"og:site_name\" content=\"Dpress.ma\/fr\" \/>\n<meta property=\"article:published_time\" content=\"2026-04-27T16:50:29+00:00\" \/>\n<meta property=\"article:modified_time\" content=\"2026-04-27T16:50:39+00:00\" \/>\n<meta property=\"og:image\" content=\"https:\/\/dpress.ma\/fr\/wp-content\/uploads\/sites\/2\/2026\/04\/61-5.jpg\" \/>\n\t<meta property=\"og:image:width\" content=\"2539\" \/>\n\t<meta property=\"og:image:height\" content=\"1594\" \/>\n\t<meta property=\"og:image:type\" content=\"image\/jpeg\" \/>\n<meta name=\"author\" content=\"Dpress.ma\" \/>\n<meta name=\"twitter:card\" content=\"summary_large_image\" \/>\n<meta name=\"twitter:label1\" content=\"\u00c9crit par\" \/>\n\t<meta name=\"twitter:data1\" content=\"Dpress.ma\" \/>\n\t<meta name=\"twitter:label2\" content=\"Dur\u00e9e de lecture estim\u00e9e\" \/>\n\t<meta name=\"twitter:data2\" content=\"4 minutes\" \/>\n<script type=\"application\/ld+json\" class=\"yoast-schema-graph\">{\"@context\":\"https:\\\/\\\/schema.org\",\"@graph\":[{\"@type\":\"Article\",\"@id\":\"https:\\\/\\\/dpress.ma\\\/fr\\\/2026\\\/04\\\/27\\\/agadir-lancement-officiel-de-la-22eme-edition-de-lexercice-african-lion\\\/#article\",\"isPartOf\":{\"@id\":\"https:\\\/\\\/dpress.ma\\\/fr\\\/2026\\\/04\\\/27\\\/agadir-lancement-officiel-de-la-22eme-edition-de-lexercice-african-lion\\\/\"},\"author\":{\"name\":\"Dpress.ma\",\"@id\":\"https:\\\/\\\/dpress.ma\\\/fr\\\/#\\\/schema\\\/person\\\/4898febf3ccd59e6578d838656a306a0\"},\"headline\":\"Agadir : Lancement officiel de la 22\u00e8me \u00e9dition de l\u2019exercice \u201cAfrican Lion\u201d\",\"datePublished\":\"2026-04-27T16:50:29+00:00\",\"dateModified\":\"2026-04-27T16:50:39+00:00\",\"mainEntityOfPage\":{\"@id\":\"https:\\\/\\\/dpress.ma\\\/fr\\\/2026\\\/04\\\/27\\\/agadir-lancement-officiel-de-la-22eme-edition-de-lexercice-african-lion\\\/\"},\"wordCount\":768,\"commentCount\":0,\"image\":{\"@id\":\"https:\\\/\\\/dpress.ma\\\/fr\\\/2026\\\/04\\\/27\\\/agadir-lancement-officiel-de-la-22eme-edition-de-lexercice-african-lion\\\/#primaryimage\"},\"thumbnailUrl\":\"https:\\\/\\\/dpress.ma\\\/fr\\\/wp-content\\\/uploads\\\/sites\\\/2\\\/2026\\\/04\\\/61-5.jpg\",\"articleSection\":[\"societe et regions\"],\"inLanguage\":\"fr-FR\",\"potentialAction\":[{\"@type\":\"CommentAction\",\"name\":\"Comment\",\"target\":[\"https:\\\/\\\/dpress.ma\\\/fr\\\/2026\\\/04\\\/27\\\/agadir-lancement-officiel-de-la-22eme-edition-de-lexercice-african-lion\\\/#respond\"]}]},{\"@type\":\"WebPage\",\"@id\":\"https:\\\/\\\/dpress.ma\\\/fr\\\/2026\\\/04\\\/27\\\/agadir-lancement-officiel-de-la-22eme-edition-de-lexercice-african-lion\\\/\",\"url\":\"https:\\\/\\\/dpress.ma\\\/fr\\\/2026\\\/04\\\/27\\\/agadir-lancement-officiel-de-la-22eme-edition-de-lexercice-african-lion\\\/\",\"name\":\"Agadir : Lancement officiel de la 22\u00e8me \u00e9dition de l\u2019exercice \u201cAfrican Lion\u201d - Dpress.ma\\\/fr\",\"isPartOf\":{\"@id\":\"https:\\\/\\\/dpress.ma\\\/fr\\\/#website\"},\"primaryImageOfPage\":{\"@id\":\"https:\\\/\\\/dpress.ma\\\/fr\\\/2026\\\/04\\\/27\\\/agadir-lancement-officiel-de-la-22eme-edition-de-lexercice-african-lion\\\/#primaryimage\"},\"image\":{\"@id\":\"https:\\\/\\\/dpress.ma\\\/fr\\\/2026\\\/04\\\/27\\\/agadir-lancement-officiel-de-la-22eme-edition-de-lexercice-african-lion\\\/#primaryimage\"},\"thumbnailUrl\":\"https:\\\/\\\/dpress.ma\\\/fr\\\/wp-content\\\/uploads\\\/sites\\\/2\\\/2026\\\/04\\\/61-5.jpg\",\"datePublished\":\"2026-04-27T16:50:29+00:00\",\"dateModified\":\"2026-04-27T16:50:39+00:00\",\"author\":{\"@id\":\"https:\\\/\\\/dpress.ma\\\/fr\\\/#\\\/schema\\\/person\\\/4898febf3ccd59e6578d838656a306a0\"},\"breadcrumb\":{\"@id\":\"https:\\\/\\\/dpress.ma\\\/fr\\\/2026\\\/04\\\/27\\\/agadir-lancement-officiel-de-la-22eme-edition-de-lexercice-african-lion\\\/#breadcrumb\"},\"inLanguage\":\"fr-FR\",\"potentialAction\":[{\"@type\":\"ReadAction\",\"target\":[\"https:\\\/\\\/dpress.ma\\\/fr\\\/2026\\\/04\\\/27\\\/agadir-lancement-officiel-de-la-22eme-edition-de-lexercice-african-lion\\\/\"]}]},{\"@type\":\"ImageObject\",\"inLanguage\":\"fr-FR\",\"@id\":\"https:\\\/\\\/dpress.ma\\\/fr\\\/2026\\\/04\\\/27\\\/agadir-lancement-officiel-de-la-22eme-edition-de-lexercice-african-lion\\\/#primaryimage\",\"url\":\"https:\\\/\\\/dpress.ma\\\/fr\\\/wp-content\\\/uploads\\\/sites\\\/2\\\/2026\\\/04\\\/61-5.jpg\",\"contentUrl\":\"https:\\\/\\\/dpress.ma\\\/fr\\\/wp-content\\\/uploads\\\/sites\\\/2\\\/2026\\\/04\\\/61-5.jpg\",\"width\":2539,\"height\":1594},{\"@type\":\"BreadcrumbList\",\"@id\":\"https:\\\/\\\/dpress.ma\\\/fr\\\/2026\\\/04\\\/27\\\/agadir-lancement-officiel-de-la-22eme-edition-de-lexercice-african-lion\\\/#breadcrumb\",\"itemListElement\":[{\"@type\":\"ListItem\",\"position\":1,\"name\":\"Home\",\"item\":\"https:\\\/\\\/dpress.ma\\\/fr\\\/\"},{\"@type\":\"ListItem\",\"position\":2,\"name\":\"Agadir : Lancement officiel de la 22\u00e8me \u00e9dition de l\u2019exercice \u201cAfrican Lion\u201d\"}]},{\"@type\":\"WebSite\",\"@id\":\"https:\\\/\\\/dpress.ma\\\/fr\\\/#website\",\"url\":\"https:\\\/\\\/dpress.ma\\\/fr\\\/\",\"name\":\"Dpress.ma\\\/fr\",\"description\":\"\",\"potentialAction\":[{\"@type\":\"SearchAction\",\"target\":{\"@type\":\"EntryPoint\",\"urlTemplate\":\"https:\\\/\\\/dpress.ma\\\/fr\\\/?s={search_term_string}\"},\"query-input\":{\"@type\":\"PropertyValueSpecification\",\"valueRequired\":true,\"valueName\":\"search_term_string\"}}],\"inLanguage\":\"fr-FR\"},{\"@type\":\"Person\",\"@id\":\"https:\\\/\\\/dpress.ma\\\/fr\\\/#\\\/schema\\\/person\\\/4898febf3ccd59e6578d838656a306a0\",\"name\":\"Dpress.ma\",\"image\":{\"@type\":\"ImageObject\",\"inLanguage\":\"fr-FR\",\"@id\":\"https:\\\/\\\/secure.gravatar.com\\\/avatar\\\/72ecc30e9db047a2e0e7176561eb9d564ed77c8108376495b19bd8336405198a?s=96&d=mm&r=g\",\"url\":\"https:\\\/\\\/secure.gravatar.com\\\/avatar\\\/72ecc30e9db047a2e0e7176561eb9d564ed77c8108376495b19bd8336405198a?s=96&d=mm&r=g\",\"contentUrl\":\"https:\\\/\\\/secure.gravatar.com\\\/avatar\\\/72ecc30e9db047a2e0e7176561eb9d564ed77c8108376495b19bd8336405198a?s=96&d=mm&r=g\",\"caption\":\"Dpress.ma\"},\"sameAs\":[\"https:\\\/\\\/www.dpress.ma\"],\"url\":\"https:\\\/\\\/dpress.ma\\\/fr\\\/author\\\/dpress-ma\\\/\"}]}<\/script>\n<!-- \/ Yoast SEO plugin. -->","yoast_head_json":{"title":"Agadir : Lancement officiel de la 22\u00e8me \u00e9dition de l\u2019exercice \u201cAfrican Lion\u201d - Dpress.ma\/fr","robots":{"index":"index","follow":"follow","max-snippet":"max-snippet:-1","max-image-preview":"max-image-preview:large","max-video-preview":"max-video-preview:-1"},"canonical":"https:\/\/dpress.ma\/fr\/2026\/04\/27\/agadir-lancement-officiel-de-la-22eme-edition-de-lexercice-african-lion\/","og_locale":"fr_FR","og_type":"article","og_title":"Agadir : Lancement officiel de la 22\u00e8me \u00e9dition de l\u2019exercice \u201cAfrican Lion\u201d - Dpress.ma\/fr","og_description":"Dpress Conform\u00e9ment aux Hautes Instructions de Sa Majest\u00e9 le Roi, Chef Supr\u00eame et Chef d\u2019\u00c9tat-Major G\u00e9n\u00e9ral des Forces Arm\u00e9es Royales, les Forces marocaines et am\u00e9ricaines co-organisent, jusqu\u2019au 08 mai, la 22\u00e8me \u00e9dition de l\u2019exercice \u201cAfrican Lion\u201d. Au si\u00e8ge de l\u2019\u00c9tat-Major de la Zone Sud \u00e0 Agadir, une c\u00e9r\u00e9monie d\u2019ouverture a \u00e9t\u00e9 organis\u00e9e lundi annon\u00e7ant le &hellip;","og_url":"https:\/\/dpress.ma\/fr\/2026\/04\/27\/agadir-lancement-officiel-de-la-22eme-edition-de-lexercice-african-lion\/","og_site_name":"Dpress.ma\/fr","article_published_time":"2026-04-27T16:50:29+00:00","article_modified_time":"2026-04-27T16:50:39+00:00","og_image":[{"width":2539,"height":1594,"url":"https:\/\/dpress.ma\/fr\/wp-content\/uploads\/sites\/2\/2026\/04\/61-5.jpg","type":"image\/jpeg"}],"author":"Dpress.ma","twitter_card":"summary_large_image","twitter_misc":{"\u00c9crit par":"Dpress.ma","Dur\u00e9e de lecture estim\u00e9e":"4 minutes"},"schema":{"@context":"https:\/\/schema.org","@graph":[{"@type":"Article","@id":"https:\/\/dpress.ma\/fr\/2026\/04\/27\/agadir-lancement-officiel-de-la-22eme-edition-de-lexercice-african-lion\/#article","isPartOf":{"@id":"https:\/\/dpress.ma\/fr\/2026\/04\/27\/agadir-lancement-officiel-de-la-22eme-edition-de-lexercice-african-lion\/"},"author":{"name":"Dpress.ma","@id":"https:\/\/dpress.ma\/fr\/#\/schema\/person\/4898febf3ccd59e6578d838656a306a0"},"headline":"Agadir : Lancement officiel de la 22\u00e8me \u00e9dition de l\u2019exercice \u201cAfrican Lion\u201d","datePublished":"2026-04-27T16:50:29+00:00","dateModified":"2026-04-27T16:50:39+00:00","mainEntityOfPage":{"@id":"https:\/\/dpress.ma\/fr\/2026\/04\/27\/agadir-lancement-officiel-de-la-22eme-edition-de-lexercice-african-lion\/"},"wordCount":768,"commentCount":0,"image":{"@id":"https:\/\/dpress.ma\/fr\/2026\/04\/27\/agadir-lancement-officiel-de-la-22eme-edition-de-lexercice-african-lion\/#primaryimage"},"thumbnailUrl":"https:\/\/dpress.ma\/fr\/wp-content\/uploads\/sites\/2\/2026\/04\/61-5.jpg","articleSection":["societe et regions"],"inLanguage":"fr-FR","potentialAction":[{"@type":"CommentAction","name":"Comment","target":["https:\/\/dpress.ma\/fr\/2026\/04\/27\/agadir-lancement-officiel-de-la-22eme-edition-de-lexercice-african-lion\/#respond"]}]},{"@type":"WebPage","@id":"https:\/\/dpress.ma\/fr\/2026\/04\/27\/agadir-lancement-officiel-de-la-22eme-edition-de-lexercice-african-lion\/","url":"https:\/\/dpress.ma\/fr\/2026\/04\/27\/agadir-lancement-officiel-de-la-22eme-edition-de-lexercice-african-lion\/","name":"Agadir : Lancement officiel de la 22\u00e8me \u00e9dition de l\u2019exercice \u201cAfrican Lion\u201d - Dpress.ma\/fr","isPartOf":{"@id":"https:\/\/dpress.ma\/fr\/#website"},"primaryImageOfPage":{"@id":"https:\/\/dpress.ma\/fr\/2026\/04\/27\/agadir-lancement-officiel-de-la-22eme-edition-de-lexercice-african-lion\/#primaryimage"},"image":{"@id":"https:\/\/dpress.ma\/fr\/2026\/04\/27\/agadir-lancement-officiel-de-la-22eme-edition-de-lexercice-african-lion\/#primaryimage"},"thumbnailUrl":"https:\/\/dpress.ma\/fr\/wp-content\/uploads\/sites\/2\/2026\/04\/61-5.jpg","datePublished":"2026-04-27T16:50:29+00:00","dateModified":"2026-04-27T16:50:39+00:00","author":{"@id":"https:\/\/dpress.ma\/fr\/#\/schema\/person\/4898febf3ccd59e6578d838656a306a0"},"breadcrumb":{"@id":"https:\/\/dpress.ma\/fr\/2026\/04\/27\/agadir-lancement-officiel-de-la-22eme-edition-de-lexercice-african-lion\/#breadcrumb"},"inLanguage":"fr-FR","potentialAction":[{"@type":"ReadAction","target":["https:\/\/dpress.ma\/fr\/2026\/04\/27\/agadir-lancement-officiel-de-la-22eme-edition-de-lexercice-african-lion\/"]}]},{"@type":"ImageObject","inLanguage":"fr-FR","@id":"https:\/\/dpress.ma\/fr\/2026\/04\/27\/agadir-lancement-officiel-de-la-22eme-edition-de-lexercice-african-lion\/#primaryimage","url":"https:\/\/dpress.ma\/fr\/wp-content\/uploads\/sites\/2\/2026\/04\/61-5.jpg","contentUrl":"https:\/\/dpress.ma\/fr\/wp-content\/uploads\/sites\/2\/2026\/04\/61-5.jpg","width":2539,"height":1594},{"@type":"BreadcrumbList","@id":"https:\/\/dpress.ma\/fr\/2026\/04\/27\/agadir-lancement-officiel-de-la-22eme-edition-de-lexercice-african-lion\/#breadcrumb","itemListElement":[{"@type":"ListItem","position":1,"name":"Home","item":"https:\/\/dpress.ma\/fr\/"},{"@type":"ListItem","position":2,"name":"Agadir : Lancement officiel de la 22\u00e8me \u00e9dition de l\u2019exercice \u201cAfrican Lion\u201d"}]},{"@type":"WebSite","@id":"https:\/\/dpress.ma\/fr\/#website","url":"https:\/\/dpress.ma\/fr\/","name":"Dpress.ma\/fr","description":"","potentialAction":[{"@type":"SearchAction","target":{"@type":"EntryPoint","urlTemplate":"https:\/\/dpress.ma\/fr\/?s={search_term_string}"},"query-input":{"@type":"PropertyValueSpecification","valueRequired":true,"valueName":"search_term_string"}}],"inLanguage":"fr-FR"},{"@type":"Person","@id":"https:\/\/dpress.ma\/fr\/#\/schema\/person\/4898febf3ccd59e6578d838656a306a0","name":"Dpress.ma","image":{"@type":"ImageObject","inLanguage":"fr-FR","@id":"https:\/\/secure.gravatar.com\/avatar\/72ecc30e9db047a2e0e7176561eb9d564ed77c8108376495b19bd8336405198a?s=96&d=mm&r=g","url":"https:\/\/secure.gravatar.com\/avatar\/72ecc30e9db047a2e0e7176561eb9d564ed77c8108376495b19bd8336405198a?s=96&d=mm&r=g","contentUrl":"https:\/\/secure.gravatar.com\/avatar\/72ecc30e9db047a2e0e7176561eb9d564ed77c8108376495b19bd8336405198a?s=96&d=mm&r=g","caption":"Dpress.ma"},"sameAs":["https:\/\/www.dpress.ma"],"url":"https:\/\/dpress.ma\/fr\/author\/dpress-ma\/"}]}},"amp_enabled":true,"_links":{"self":[{"href":"https:\/\/dpress.ma\/fr\/wp-json\/wp\/v2\/posts\/29468","targetHints":{"allow":["GET"]}}],"collection":[{"href":"https:\/\/dpress.ma\/fr\/wp-json\/wp\/v2\/posts"}],"about":[{"href":"https:\/\/dpress.ma\/fr\/wp-json\/wp\/v2\/types\/post"}],"author":[{"embeddable":true,"href":"https:\/\/dpress.ma\/fr\/wp-json\/wp\/v2\/users\/2"}],"replies":[{"embeddable":true,"href":"https:\/\/dpress.ma\/fr\/wp-json\/wp\/v2\/comments?post=29468"}],"version-history":[{"count":1,"href":"https:\/\/dpress.ma\/fr\/wp-json\/wp\/v2\/posts\/29468\/revisions"}],"predecessor-version":[{"id":29470,"href":"https:\/\/dpress.ma\/fr\/wp-json\/wp\/v2\/posts\/29468\/revisions\/29470"}],"wp:featuredmedia":[{"embeddable":true,"href":"https:\/\/dpress.ma\/fr\/wp-json\/wp\/v2\/media\/29469"}],"wp:attachment":[{"href":"https:\/\/dpress.ma\/fr\/wp-json\/wp\/v2\/media?parent=29468"}],"wp:term":[{"taxonomy":"category","embeddable":true,"href":"https:\/\/dpress.ma\/fr\/wp-json\/wp\/v2\/categories?post=29468"},{"taxonomy":"post_tag","embeddable":true,"href":"https:\/\/dpress.ma\/fr\/wp-json\/wp\/v2\/tags?post=29468"}],"curies":[{"name":"wp","href":"https:\/\/api.w.org\/{rel}","templated":true}]}}