{"id":29465,"date":"2026-04-27T16:48:00","date_gmt":"2026-04-27T16:48:00","guid":{"rendered":"https:\/\/dpress.ma\/fr\/?p=29465"},"modified":"2026-04-27T16:48:15","modified_gmt":"2026-04-27T16:48:15","slug":"m-balaoui-sentretient-avec-la-procureure-generale-de-la-republique-dautriche","status":"publish","type":"post","link":"https:\/\/dpress.ma\/fr\/2026\/04\/27\/m-balaoui-sentretient-avec-la-procureure-generale-de-la-republique-dautriche\/","title":{"rendered":"M. Balaoui s\u2019entretient avec la Procureure g\u00e9n\u00e9rale de la R\u00e9publique d\u2019Autriche"},"content":{"rendered":"\n<p class=\"wp-block-paragraph\">Dpress<\/p>\n\n\n\n<p class=\"wp-block-paragraph\">Le Procureur g\u00e9n\u00e9ral du Roi pr\u00e8s la Cour de cassation, Pr\u00e9sident du Minist\u00e8re public, Hicham Balaoui, s\u2019est entretenu, lundi \u00e0 Rabat, avec la Procureure g\u00e9n\u00e9rale de la R\u00e9publique d\u2019Autriche, Margit Wachberger, actuellement en visite de travail au Maroc.<\/p>\n\n\n\n<p class=\"wp-block-paragraph\">Cette entrevue a port\u00e9 notamment sur les leviers de renforcement de la coop\u00e9ration bilat\u00e9rale dans le domaine de la lutte contre la criminalit\u00e9 organis\u00e9e et transnationale et la cybercriminalit\u00e9, qui requi\u00e8rent la conjugaison des efforts.<\/p>\n\n\n\n<p class=\"wp-block-paragraph\">Les deux parties ont soulign\u00e9 \u00e9galement l\u2019importance de l\u2019\u00e9change d\u2019exp\u00e9riences relatives au fonctionnement des Minist\u00e8res publics des deux pays, \u00e0 travers notamment l\u2019\u00e9change d\u2019expertises et le renforcement des comp\u00e9tences professionnelles des magistrats du Minist\u00e8re public dans les domaines relevant de leur ressort.<\/p>\n\n\n\n<p class=\"wp-block-paragraph\">L\u2019entrevue a aussi \u00e9t\u00e9 l\u2019occasion de passer en revue l\u2019\u00e9volution qu\u2019a connue le syst\u00e8me judiciaire national et de mettre en avant l\u2019exp\u00e9rience marocaine en mati\u00e8re d\u2019ind\u00e9pendance du pouvoir judiciaire en g\u00e9n\u00e9ral, et du Minist\u00e8re public en particulier.<\/p>\n\n\n\n<p class=\"wp-block-paragraph\">Elle a \u00e9galement permis d\u2019offrir un large aper\u00e7u sur l\u2019organisation judiciaire du Royaume et les diff\u00e9rents chantiers pilot\u00e9s par la Pr\u00e9sidence du Minist\u00e8re public, notamment en mati\u00e8re de digitalisation des services.<\/p>\n\n\n\n<p class=\"wp-block-paragraph\">Dans une d\u00e9claration \u00e0 la MAP, M. Balaoui a indiqu\u00e9 que cette entrevue a permis d\u2019explorer les moyens de promouvoir la coop\u00e9ration entre le Minist\u00e8re public du Maroc et son homologue autrichien, tout en mettant en avant l\u2019exp\u00e9rience marocaine dans le domaine judiciaire.<\/p>\n\n\n\n<p class=\"wp-block-paragraph\">Lors de cette r\u00e9union, il a \u00e9t\u00e9 convenu d\u2019organiser des \u00e9changes de visites au profit des magistrats marocains et autrichiens, en vue de favoriser le partage des exp\u00e9riences et des bonnes pratiques li\u00e9es \u00e0 la lutte contre la criminalit\u00e9, a-t-il pr\u00e9cis\u00e9.<\/p>\n\n\n\n<p class=\"wp-block-paragraph\">La Procureure g\u00e9n\u00e9rale de la R\u00e9publique d\u2019Autriche, Margit Wachberger, accompagn\u00e9e d\u2019une d\u00e9l\u00e9gation de haut niveau, effectue du 26 au 28 avril, une visite de travail au Maroc dans le cadre du renforcement des relations de coop\u00e9ration entre les Minist\u00e8res publics des deux pays.<\/p>\n","protected":false},"excerpt":{"rendered":"<p>Dpress Le Procureur g\u00e9n\u00e9ral du Roi pr\u00e8s la Cour de cassation, Pr\u00e9sident du Minist\u00e8re public, Hicham Balaoui, s\u2019est entretenu, lundi \u00e0 Rabat, avec la Procureure g\u00e9n\u00e9rale de la R\u00e9publique d\u2019Autriche, Margit Wachberger, actuellement en visite de travail au Maroc. Cette entrevue a port\u00e9 notamment sur les leviers de renforcement de la coop\u00e9ration bilat\u00e9rale dans le &hellip;<\/p>\n","protected":false},"author":2,"featured_media":29466,"comment_status":"open","ping_status":"open","sticky":false,"template":"","format":"standard","meta":{"footnotes":""},"categories":[26],"tags":[],"class_list":["post-29465","post","type-post","status-publish","format-standard","has-post-thumbnail","hentry","category-politiques"],"yoast_head":"<!-- This site is optimized with the Yoast SEO plugin v28.0 - https:\/\/yoast.com\/product\/yoast-seo-wordpress\/ -->\n<title>M. Balaoui s\u2019entretient avec la Procureure g\u00e9n\u00e9rale de la R\u00e9publique d\u2019Autriche - Dpress.ma\/fr<\/title>\n<meta name=\"robots\" content=\"index, follow, max-snippet:-1, max-image-preview:large, max-video-preview:-1\" \/>\n<link rel=\"canonical\" href=\"https:\/\/dpress.ma\/fr\/2026\/04\/27\/m-balaoui-sentretient-avec-la-procureure-generale-de-la-republique-dautriche\/\" \/>\n<meta property=\"og:locale\" content=\"fr_FR\" \/>\n<meta property=\"og:type\" content=\"article\" \/>\n<meta property=\"og:title\" content=\"M. Balaoui s\u2019entretient avec la Procureure g\u00e9n\u00e9rale de la R\u00e9publique d\u2019Autriche - Dpress.ma\/fr\" \/>\n<meta property=\"og:description\" content=\"Dpress Le Procureur g\u00e9n\u00e9ral du Roi pr\u00e8s la Cour de cassation, Pr\u00e9sident du Minist\u00e8re public, Hicham Balaoui, s\u2019est entretenu, lundi \u00e0 Rabat, avec la Procureure g\u00e9n\u00e9rale de la R\u00e9publique d\u2019Autriche, Margit Wachberger, actuellement en visite de travail au Maroc. Cette entrevue a port\u00e9 notamment sur les leviers de renforcement de la coop\u00e9ration bilat\u00e9rale dans le &hellip;\" \/>\n<meta property=\"og:url\" content=\"https:\/\/dpress.ma\/fr\/2026\/04\/27\/m-balaoui-sentretient-avec-la-procureure-generale-de-la-republique-dautriche\/\" \/>\n<meta property=\"og:site_name\" content=\"Dpress.ma\/fr\" \/>\n<meta property=\"article:published_time\" content=\"2026-04-27T16:48:00+00:00\" \/>\n<meta property=\"article:modified_time\" content=\"2026-04-27T16:48:15+00:00\" \/>\n<meta property=\"og:image\" content=\"https:\/\/dpress.ma\/fr\/wp-content\/uploads\/sites\/2\/2026\/04\/60-4.jpg\" \/>\n\t<meta property=\"og:image:width\" content=\"2539\" \/>\n\t<meta property=\"og:image:height\" content=\"1594\" \/>\n\t<meta property=\"og:image:type\" content=\"image\/jpeg\" \/>\n<meta name=\"author\" content=\"Dpress.ma\" \/>\n<meta name=\"twitter:card\" content=\"summary_large_image\" \/>\n<meta name=\"twitter:label1\" content=\"\u00c9crit par\" \/>\n\t<meta name=\"twitter:data1\" content=\"Dpress.ma\" \/>\n\t<meta name=\"twitter:label2\" content=\"Dur\u00e9e de lecture estim\u00e9e\" \/>\n\t<meta name=\"twitter:data2\" content=\"2 minutes\" \/>\n<script type=\"application\/ld+json\" class=\"yoast-schema-graph\">{\"@context\":\"https:\\\/\\\/schema.org\",\"@graph\":[{\"@type\":\"Article\",\"@id\":\"https:\\\/\\\/dpress.ma\\\/fr\\\/2026\\\/04\\\/27\\\/m-balaoui-sentretient-avec-la-procureure-generale-de-la-republique-dautriche\\\/#article\",\"isPartOf\":{\"@id\":\"https:\\\/\\\/dpress.ma\\\/fr\\\/2026\\\/04\\\/27\\\/m-balaoui-sentretient-avec-la-procureure-generale-de-la-republique-dautriche\\\/\"},\"author\":{\"name\":\"Dpress.ma\",\"@id\":\"https:\\\/\\\/dpress.ma\\\/fr\\\/#\\\/schema\\\/person\\\/4898febf3ccd59e6578d838656a306a0\"},\"headline\":\"M. Balaoui s\u2019entretient avec la Procureure g\u00e9n\u00e9rale de la R\u00e9publique d\u2019Autriche\",\"datePublished\":\"2026-04-27T16:48:00+00:00\",\"dateModified\":\"2026-04-27T16:48:15+00:00\",\"mainEntityOfPage\":{\"@id\":\"https:\\\/\\\/dpress.ma\\\/fr\\\/2026\\\/04\\\/27\\\/m-balaoui-sentretient-avec-la-procureure-generale-de-la-republique-dautriche\\\/\"},\"wordCount\":386,\"commentCount\":0,\"image\":{\"@id\":\"https:\\\/\\\/dpress.ma\\\/fr\\\/2026\\\/04\\\/27\\\/m-balaoui-sentretient-avec-la-procureure-generale-de-la-republique-dautriche\\\/#primaryimage\"},\"thumbnailUrl\":\"https:\\\/\\\/dpress.ma\\\/fr\\\/wp-content\\\/uploads\\\/sites\\\/2\\\/2026\\\/04\\\/60-4.jpg\",\"articleSection\":[\"Politiques\"],\"inLanguage\":\"fr-FR\",\"potentialAction\":[{\"@type\":\"CommentAction\",\"name\":\"Comment\",\"target\":[\"https:\\\/\\\/dpress.ma\\\/fr\\\/2026\\\/04\\\/27\\\/m-balaoui-sentretient-avec-la-procureure-generale-de-la-republique-dautriche\\\/#respond\"]}]},{\"@type\":\"WebPage\",\"@id\":\"https:\\\/\\\/dpress.ma\\\/fr\\\/2026\\\/04\\\/27\\\/m-balaoui-sentretient-avec-la-procureure-generale-de-la-republique-dautriche\\\/\",\"url\":\"https:\\\/\\\/dpress.ma\\\/fr\\\/2026\\\/04\\\/27\\\/m-balaoui-sentretient-avec-la-procureure-generale-de-la-republique-dautriche\\\/\",\"name\":\"M. Balaoui s\u2019entretient avec la Procureure g\u00e9n\u00e9rale de la R\u00e9publique d\u2019Autriche - Dpress.ma\\\/fr\",\"isPartOf\":{\"@id\":\"https:\\\/\\\/dpress.ma\\\/fr\\\/#website\"},\"primaryImageOfPage\":{\"@id\":\"https:\\\/\\\/dpress.ma\\\/fr\\\/2026\\\/04\\\/27\\\/m-balaoui-sentretient-avec-la-procureure-generale-de-la-republique-dautriche\\\/#primaryimage\"},\"image\":{\"@id\":\"https:\\\/\\\/dpress.ma\\\/fr\\\/2026\\\/04\\\/27\\\/m-balaoui-sentretient-avec-la-procureure-generale-de-la-republique-dautriche\\\/#primaryimage\"},\"thumbnailUrl\":\"https:\\\/\\\/dpress.ma\\\/fr\\\/wp-content\\\/uploads\\\/sites\\\/2\\\/2026\\\/04\\\/60-4.jpg\",\"datePublished\":\"2026-04-27T16:48:00+00:00\",\"dateModified\":\"2026-04-27T16:48:15+00:00\",\"author\":{\"@id\":\"https:\\\/\\\/dpress.ma\\\/fr\\\/#\\\/schema\\\/person\\\/4898febf3ccd59e6578d838656a306a0\"},\"breadcrumb\":{\"@id\":\"https:\\\/\\\/dpress.ma\\\/fr\\\/2026\\\/04\\\/27\\\/m-balaoui-sentretient-avec-la-procureure-generale-de-la-republique-dautriche\\\/#breadcrumb\"},\"inLanguage\":\"fr-FR\",\"potentialAction\":[{\"@type\":\"ReadAction\",\"target\":[\"https:\\\/\\\/dpress.ma\\\/fr\\\/2026\\\/04\\\/27\\\/m-balaoui-sentretient-avec-la-procureure-generale-de-la-republique-dautriche\\\/\"]}]},{\"@type\":\"ImageObject\",\"inLanguage\":\"fr-FR\",\"@id\":\"https:\\\/\\\/dpress.ma\\\/fr\\\/2026\\\/04\\\/27\\\/m-balaoui-sentretient-avec-la-procureure-generale-de-la-republique-dautriche\\\/#primaryimage\",\"url\":\"https:\\\/\\\/dpress.ma\\\/fr\\\/wp-content\\\/uploads\\\/sites\\\/2\\\/2026\\\/04\\\/60-4.jpg\",\"contentUrl\":\"https:\\\/\\\/dpress.ma\\\/fr\\\/wp-content\\\/uploads\\\/sites\\\/2\\\/2026\\\/04\\\/60-4.jpg\",\"width\":2539,\"height\":1594},{\"@type\":\"BreadcrumbList\",\"@id\":\"https:\\\/\\\/dpress.ma\\\/fr\\\/2026\\\/04\\\/27\\\/m-balaoui-sentretient-avec-la-procureure-generale-de-la-republique-dautriche\\\/#breadcrumb\",\"itemListElement\":[{\"@type\":\"ListItem\",\"position\":1,\"name\":\"Home\",\"item\":\"https:\\\/\\\/dpress.ma\\\/fr\\\/\"},{\"@type\":\"ListItem\",\"position\":2,\"name\":\"M. Balaoui s\u2019entretient avec la Procureure g\u00e9n\u00e9rale de la R\u00e9publique d\u2019Autriche\"}]},{\"@type\":\"WebSite\",\"@id\":\"https:\\\/\\\/dpress.ma\\\/fr\\\/#website\",\"url\":\"https:\\\/\\\/dpress.ma\\\/fr\\\/\",\"name\":\"Dpress.ma\\\/fr\",\"description\":\"\",\"potentialAction\":[{\"@type\":\"SearchAction\",\"target\":{\"@type\":\"EntryPoint\",\"urlTemplate\":\"https:\\\/\\\/dpress.ma\\\/fr\\\/?s={search_term_string}\"},\"query-input\":{\"@type\":\"PropertyValueSpecification\",\"valueRequired\":true,\"valueName\":\"search_term_string\"}}],\"inLanguage\":\"fr-FR\"},{\"@type\":\"Person\",\"@id\":\"https:\\\/\\\/dpress.ma\\\/fr\\\/#\\\/schema\\\/person\\\/4898febf3ccd59e6578d838656a306a0\",\"name\":\"Dpress.ma\",\"image\":{\"@type\":\"ImageObject\",\"inLanguage\":\"fr-FR\",\"@id\":\"https:\\\/\\\/secure.gravatar.com\\\/avatar\\\/72ecc30e9db047a2e0e7176561eb9d564ed77c8108376495b19bd8336405198a?s=96&d=mm&r=g\",\"url\":\"https:\\\/\\\/secure.gravatar.com\\\/avatar\\\/72ecc30e9db047a2e0e7176561eb9d564ed77c8108376495b19bd8336405198a?s=96&d=mm&r=g\",\"contentUrl\":\"https:\\\/\\\/secure.gravatar.com\\\/avatar\\\/72ecc30e9db047a2e0e7176561eb9d564ed77c8108376495b19bd8336405198a?s=96&d=mm&r=g\",\"caption\":\"Dpress.ma\"},\"sameAs\":[\"https:\\\/\\\/www.dpress.ma\"],\"url\":\"https:\\\/\\\/dpress.ma\\\/fr\\\/author\\\/dpress-ma\\\/\"}]}<\/script>\n<!-- \/ Yoast SEO plugin. -->","yoast_head_json":{"title":"M. Balaoui s\u2019entretient avec la Procureure g\u00e9n\u00e9rale de la R\u00e9publique d\u2019Autriche - Dpress.ma\/fr","robots":{"index":"index","follow":"follow","max-snippet":"max-snippet:-1","max-image-preview":"max-image-preview:large","max-video-preview":"max-video-preview:-1"},"canonical":"https:\/\/dpress.ma\/fr\/2026\/04\/27\/m-balaoui-sentretient-avec-la-procureure-generale-de-la-republique-dautriche\/","og_locale":"fr_FR","og_type":"article","og_title":"M. Balaoui s\u2019entretient avec la Procureure g\u00e9n\u00e9rale de la R\u00e9publique d\u2019Autriche - Dpress.ma\/fr","og_description":"Dpress Le Procureur g\u00e9n\u00e9ral du Roi pr\u00e8s la Cour de cassation, Pr\u00e9sident du Minist\u00e8re public, Hicham Balaoui, s\u2019est entretenu, lundi \u00e0 Rabat, avec la Procureure g\u00e9n\u00e9rale de la R\u00e9publique d\u2019Autriche, Margit Wachberger, actuellement en visite de travail au Maroc. Cette entrevue a port\u00e9 notamment sur les leviers de renforcement de la coop\u00e9ration bilat\u00e9rale dans le &hellip;","og_url":"https:\/\/dpress.ma\/fr\/2026\/04\/27\/m-balaoui-sentretient-avec-la-procureure-generale-de-la-republique-dautriche\/","og_site_name":"Dpress.ma\/fr","article_published_time":"2026-04-27T16:48:00+00:00","article_modified_time":"2026-04-27T16:48:15+00:00","og_image":[{"width":2539,"height":1594,"url":"https:\/\/dpress.ma\/fr\/wp-content\/uploads\/sites\/2\/2026\/04\/60-4.jpg","type":"image\/jpeg"}],"author":"Dpress.ma","twitter_card":"summary_large_image","twitter_misc":{"\u00c9crit par":"Dpress.ma","Dur\u00e9e de lecture estim\u00e9e":"2 minutes"},"schema":{"@context":"https:\/\/schema.org","@graph":[{"@type":"Article","@id":"https:\/\/dpress.ma\/fr\/2026\/04\/27\/m-balaoui-sentretient-avec-la-procureure-generale-de-la-republique-dautriche\/#article","isPartOf":{"@id":"https:\/\/dpress.ma\/fr\/2026\/04\/27\/m-balaoui-sentretient-avec-la-procureure-generale-de-la-republique-dautriche\/"},"author":{"name":"Dpress.ma","@id":"https:\/\/dpress.ma\/fr\/#\/schema\/person\/4898febf3ccd59e6578d838656a306a0"},"headline":"M. Balaoui s\u2019entretient avec la Procureure g\u00e9n\u00e9rale de la R\u00e9publique d\u2019Autriche","datePublished":"2026-04-27T16:48:00+00:00","dateModified":"2026-04-27T16:48:15+00:00","mainEntityOfPage":{"@id":"https:\/\/dpress.ma\/fr\/2026\/04\/27\/m-balaoui-sentretient-avec-la-procureure-generale-de-la-republique-dautriche\/"},"wordCount":386,"commentCount":0,"image":{"@id":"https:\/\/dpress.ma\/fr\/2026\/04\/27\/m-balaoui-sentretient-avec-la-procureure-generale-de-la-republique-dautriche\/#primaryimage"},"thumbnailUrl":"https:\/\/dpress.ma\/fr\/wp-content\/uploads\/sites\/2\/2026\/04\/60-4.jpg","articleSection":["Politiques"],"inLanguage":"fr-FR","potentialAction":[{"@type":"CommentAction","name":"Comment","target":["https:\/\/dpress.ma\/fr\/2026\/04\/27\/m-balaoui-sentretient-avec-la-procureure-generale-de-la-republique-dautriche\/#respond"]}]},{"@type":"WebPage","@id":"https:\/\/dpress.ma\/fr\/2026\/04\/27\/m-balaoui-sentretient-avec-la-procureure-generale-de-la-republique-dautriche\/","url":"https:\/\/dpress.ma\/fr\/2026\/04\/27\/m-balaoui-sentretient-avec-la-procureure-generale-de-la-republique-dautriche\/","name":"M. Balaoui s\u2019entretient avec la Procureure g\u00e9n\u00e9rale de la R\u00e9publique d\u2019Autriche - Dpress.ma\/fr","isPartOf":{"@id":"https:\/\/dpress.ma\/fr\/#website"},"primaryImageOfPage":{"@id":"https:\/\/dpress.ma\/fr\/2026\/04\/27\/m-balaoui-sentretient-avec-la-procureure-generale-de-la-republique-dautriche\/#primaryimage"},"image":{"@id":"https:\/\/dpress.ma\/fr\/2026\/04\/27\/m-balaoui-sentretient-avec-la-procureure-generale-de-la-republique-dautriche\/#primaryimage"},"thumbnailUrl":"https:\/\/dpress.ma\/fr\/wp-content\/uploads\/sites\/2\/2026\/04\/60-4.jpg","datePublished":"2026-04-27T16:48:00+00:00","dateModified":"2026-04-27T16:48:15+00:00","author":{"@id":"https:\/\/dpress.ma\/fr\/#\/schema\/person\/4898febf3ccd59e6578d838656a306a0"},"breadcrumb":{"@id":"https:\/\/dpress.ma\/fr\/2026\/04\/27\/m-balaoui-sentretient-avec-la-procureure-generale-de-la-republique-dautriche\/#breadcrumb"},"inLanguage":"fr-FR","potentialAction":[{"@type":"ReadAction","target":["https:\/\/dpress.ma\/fr\/2026\/04\/27\/m-balaoui-sentretient-avec-la-procureure-generale-de-la-republique-dautriche\/"]}]},{"@type":"ImageObject","inLanguage":"fr-FR","@id":"https:\/\/dpress.ma\/fr\/2026\/04\/27\/m-balaoui-sentretient-avec-la-procureure-generale-de-la-republique-dautriche\/#primaryimage","url":"https:\/\/dpress.ma\/fr\/wp-content\/uploads\/sites\/2\/2026\/04\/60-4.jpg","contentUrl":"https:\/\/dpress.ma\/fr\/wp-content\/uploads\/sites\/2\/2026\/04\/60-4.jpg","width":2539,"height":1594},{"@type":"BreadcrumbList","@id":"https:\/\/dpress.ma\/fr\/2026\/04\/27\/m-balaoui-sentretient-avec-la-procureure-generale-de-la-republique-dautriche\/#breadcrumb","itemListElement":[{"@type":"ListItem","position":1,"name":"Home","item":"https:\/\/dpress.ma\/fr\/"},{"@type":"ListItem","position":2,"name":"M. Balaoui s\u2019entretient avec la Procureure g\u00e9n\u00e9rale de la R\u00e9publique d\u2019Autriche"}]},{"@type":"WebSite","@id":"https:\/\/dpress.ma\/fr\/#website","url":"https:\/\/dpress.ma\/fr\/","name":"Dpress.ma\/fr","description":"","potentialAction":[{"@type":"SearchAction","target":{"@type":"EntryPoint","urlTemplate":"https:\/\/dpress.ma\/fr\/?s={search_term_string}"},"query-input":{"@type":"PropertyValueSpecification","valueRequired":true,"valueName":"search_term_string"}}],"inLanguage":"fr-FR"},{"@type":"Person","@id":"https:\/\/dpress.ma\/fr\/#\/schema\/person\/4898febf3ccd59e6578d838656a306a0","name":"Dpress.ma","image":{"@type":"ImageObject","inLanguage":"fr-FR","@id":"https:\/\/secure.gravatar.com\/avatar\/72ecc30e9db047a2e0e7176561eb9d564ed77c8108376495b19bd8336405198a?s=96&d=mm&r=g","url":"https:\/\/secure.gravatar.com\/avatar\/72ecc30e9db047a2e0e7176561eb9d564ed77c8108376495b19bd8336405198a?s=96&d=mm&r=g","contentUrl":"https:\/\/secure.gravatar.com\/avatar\/72ecc30e9db047a2e0e7176561eb9d564ed77c8108376495b19bd8336405198a?s=96&d=mm&r=g","caption":"Dpress.ma"},"sameAs":["https:\/\/www.dpress.ma"],"url":"https:\/\/dpress.ma\/fr\/author\/dpress-ma\/"}]}},"amp_enabled":true,"_links":{"self":[{"href":"https:\/\/dpress.ma\/fr\/wp-json\/wp\/v2\/posts\/29465","targetHints":{"allow":["GET"]}}],"collection":[{"href":"https:\/\/dpress.ma\/fr\/wp-json\/wp\/v2\/posts"}],"about":[{"href":"https:\/\/dpress.ma\/fr\/wp-json\/wp\/v2\/types\/post"}],"author":[{"embeddable":true,"href":"https:\/\/dpress.ma\/fr\/wp-json\/wp\/v2\/users\/2"}],"replies":[{"embeddable":true,"href":"https:\/\/dpress.ma\/fr\/wp-json\/wp\/v2\/comments?post=29465"}],"version-history":[{"count":1,"href":"https:\/\/dpress.ma\/fr\/wp-json\/wp\/v2\/posts\/29465\/revisions"}],"predecessor-version":[{"id":29467,"href":"https:\/\/dpress.ma\/fr\/wp-json\/wp\/v2\/posts\/29465\/revisions\/29467"}],"wp:featuredmedia":[{"embeddable":true,"href":"https:\/\/dpress.ma\/fr\/wp-json\/wp\/v2\/media\/29466"}],"wp:attachment":[{"href":"https:\/\/dpress.ma\/fr\/wp-json\/wp\/v2\/media?parent=29465"}],"wp:term":[{"taxonomy":"category","embeddable":true,"href":"https:\/\/dpress.ma\/fr\/wp-json\/wp\/v2\/categories?post=29465"},{"taxonomy":"post_tag","embeddable":true,"href":"https:\/\/dpress.ma\/fr\/wp-json\/wp\/v2\/tags?post=29465"}],"curies":[{"name":"wp","href":"https:\/\/api.w.org\/{rel}","templated":true}]}}