{"id":29462,"date":"2026-04-27T16:45:15","date_gmt":"2026-04-27T16:45:15","guid":{"rendered":"https:\/\/dpress.ma\/fr\/?p=29462"},"modified":"2026-04-27T16:45:21","modified_gmt":"2026-04-27T16:45:21","slug":"dakhla-oued-eddahab-tenue-du-conseil-dadministration-du-cri","status":"publish","type":"post","link":"https:\/\/dpress.ma\/fr\/2026\/04\/27\/dakhla-oued-eddahab-tenue-du-conseil-dadministration-du-cri\/","title":{"rendered":"Dakhla-Oued Eddahab : Tenue du Conseil d\u2019administration du CRI"},"content":{"rendered":"\n<p class=\"wp-block-paragraph\">Dpress<\/p>\n\n\n\n<p class=\"wp-block-paragraph\">Le Conseil d\u2019administration du Centre r\u00e9gional d\u2019investissement (CRI) de la r\u00e9gion Dakhla-Oued Eddahab s\u2019est r\u00e9uni, lundi, en session ordinaire au titre de l\u2019exercice 2026, sous la pr\u00e9sidence du ministre d\u00e9l\u00e9gu\u00e9 charg\u00e9 de l\u2019Investissement, de la Convergence et de l\u2019\u00c9valuation des politiques publiques, Karim Zidane<\/p>\n\n\n\n<p class=\"wp-block-paragraph\">Dans une allocution de circonstance, M. Zidane a soulign\u00e9 que cette r\u00e9union intervient dans un contexte marqu\u00e9 par la dynamique de l\u2019investissement au Maroc, trois ans apr\u00e8s l\u2019adoption de la Nouvelle Charte de l\u2019investissement, destin\u00e9e \u00e0 stimuler l\u2019investissement productif et \u00e0 renforcer son r\u00f4le dans la croissance \u00e9conomique et la cr\u00e9ation d\u2019emplois.<\/p>\n\n\n\n<p class=\"wp-block-paragraph\">Dans ce sens, le ministre a fait savoir que la Commission Nationale des Investissements (CNI) a approuv\u00e9, au cours de dix sessions, 297 projets d\u2019investissement, pour un montant global d\u00e9passant 513 milliards de dirhams, devant permettre la cr\u00e9ation de plus de 201.800 emplois directs et indirects.<\/p>\n\n\n\n<p class=\"wp-block-paragraph\">Six projets d\u2019investissement ont \u00e9t\u00e9 approuv\u00e9s au niveau de Dakhla-Oued Eddahab, repr\u00e9sentant un volume global de plus de 5 milliards de dirhams, avec \u00e0 la cl\u00e9 la cr\u00e9ation de plus de 3.730 emplois directs et indirects, a-t-il pr\u00e9cis\u00e9.<\/p>\n\n\n\n<p class=\"wp-block-paragraph\">Le ministre a \u00e9galement rappel\u00e9 que l\u2019ann\u00e9e \u00e9coul\u00e9e a constitu\u00e9 une \u00e9tape importante dans la mise en \u0153uvre de la Nouvelle Charte de l\u2019investissement, notamment \u00e0 travers l\u2019op\u00e9rationnalisation du dispositif de soutien sp\u00e9cifique d\u00e9di\u00e9 aux Tr\u00e8s Petites, Petites et Moyennes Entreprises (TPME), lanc\u00e9 en novembre 2025.<\/p>\n\n\n\n<p class=\"wp-block-paragraph\">M. Zidane a, en outre, insist\u00e9 sur la n\u00e9cessit\u00e9 de poursuivre les efforts et de renforcer la coordination entre les diff\u00e9rents intervenants, en vue d\u2019am\u00e9liorer l\u2019attractivit\u00e9 de la r\u00e9gion et de consolider sa comp\u00e9titivit\u00e9 \u00e9conomique, afin d\u2019attirer davantage d\u2019investissements productifs.<\/p>\n\n\n\n<p class=\"wp-block-paragraph\">De son c\u00f4t\u00e9, le directeur g\u00e9n\u00e9ral par int\u00e9rim du CRI de la r\u00e9gion Dakhla-Oued Eddahab, Fay\u00e7al Sahmani, a pr\u00e9sent\u00e9 le bilan des activit\u00e9s du Centre au titre de l\u2019ann\u00e9e 2025, ainsi que les \u00e9tats de synth\u00e8se relatifs au m\u00eame exercice, qui ont \u00e9t\u00e9 examin\u00e9s et approuv\u00e9s par le Conseil.<\/p>\n\n\n\n<p class=\"wp-block-paragraph\">Les travaux du Conseil ont, par ailleurs, port\u00e9 sur plusieurs points li\u00e9s \u00e0 la gestion administrative et financi\u00e8re du Centre, notamment l\u2019approbation du proc\u00e8s-verbal de la pr\u00e9c\u00e9dente r\u00e9union tenue en septembre 2025, la pr\u00e9sentation des rapports annuels et des \u00e9tats de synth\u00e8se, ainsi que des d\u00e9lais de paiement des fournisseurs et le rapport du commissaire aux comptes.<\/p>\n\n\n\n<p class=\"wp-block-paragraph\">Les discussions ont \u00e9galement port\u00e9 sur le suivi de la mise en \u0153uvre des recommandations du Conseil d\u2019administration, la pr\u00e9sentation du projet de budget modificatif au titre de l\u2019exercice 2026, ainsi que l\u2019examen des conclusions de l\u2019audit interne et des rapports des comit\u00e9s sp\u00e9cialis\u00e9s, notamment le comit\u00e9 des nominations, des r\u00e9mun\u00e9rations et de la gouvernance, avant l\u2019adoption du projet de r\u00e9solutions du Conseil.<\/p>\n","protected":false},"excerpt":{"rendered":"<p>Dpress Le Conseil d\u2019administration du Centre r\u00e9gional d\u2019investissement (CRI) de la r\u00e9gion Dakhla-Oued Eddahab s\u2019est r\u00e9uni, lundi, en session ordinaire au titre de l\u2019exercice 2026, sous la pr\u00e9sidence du ministre d\u00e9l\u00e9gu\u00e9 charg\u00e9 de l\u2019Investissement, de la Convergence et de l\u2019\u00c9valuation des politiques publiques, Karim Zidane Dans une allocution de circonstance, M. Zidane a soulign\u00e9 que &hellip;<\/p>\n","protected":false},"author":2,"featured_media":29463,"comment_status":"open","ping_status":"open","sticky":false,"template":"","format":"standard","meta":{"footnotes":""},"categories":[40],"tags":[],"class_list":["post-29462","post","type-post","status-publish","format-standard","has-post-thumbnail","hentry","category-societe-et-regions"],"yoast_head":"<!-- This site is optimized with the Yoast SEO plugin v28.0 - https:\/\/yoast.com\/product\/yoast-seo-wordpress\/ -->\n<title>Dakhla-Oued Eddahab : Tenue du Conseil d\u2019administration du CRI - Dpress.ma\/fr<\/title>\n<meta name=\"robots\" content=\"index, follow, max-snippet:-1, max-image-preview:large, max-video-preview:-1\" \/>\n<link rel=\"canonical\" href=\"https:\/\/dpress.ma\/fr\/2026\/04\/27\/dakhla-oued-eddahab-tenue-du-conseil-dadministration-du-cri\/\" \/>\n<meta property=\"og:locale\" content=\"fr_FR\" \/>\n<meta property=\"og:type\" content=\"article\" \/>\n<meta property=\"og:title\" content=\"Dakhla-Oued Eddahab : Tenue du Conseil d\u2019administration du CRI - Dpress.ma\/fr\" \/>\n<meta property=\"og:description\" content=\"Dpress Le Conseil d\u2019administration du Centre r\u00e9gional d\u2019investissement (CRI) de la r\u00e9gion Dakhla-Oued Eddahab s\u2019est r\u00e9uni, lundi, en session ordinaire au titre de l\u2019exercice 2026, sous la pr\u00e9sidence du ministre d\u00e9l\u00e9gu\u00e9 charg\u00e9 de l\u2019Investissement, de la Convergence et de l\u2019\u00c9valuation des politiques publiques, Karim Zidane Dans une allocution de circonstance, M. Zidane a soulign\u00e9 que &hellip;\" \/>\n<meta property=\"og:url\" content=\"https:\/\/dpress.ma\/fr\/2026\/04\/27\/dakhla-oued-eddahab-tenue-du-conseil-dadministration-du-cri\/\" \/>\n<meta property=\"og:site_name\" content=\"Dpress.ma\/fr\" \/>\n<meta property=\"article:published_time\" content=\"2026-04-27T16:45:15+00:00\" \/>\n<meta property=\"article:modified_time\" content=\"2026-04-27T16:45:21+00:00\" \/>\n<meta property=\"og:image\" content=\"https:\/\/dpress.ma\/fr\/wp-content\/uploads\/sites\/2\/2026\/04\/59-6.jpg\" \/>\n\t<meta property=\"og:image:width\" content=\"2539\" \/>\n\t<meta property=\"og:image:height\" content=\"1594\" \/>\n\t<meta property=\"og:image:type\" content=\"image\/jpeg\" \/>\n<meta name=\"author\" content=\"Dpress.ma\" \/>\n<meta name=\"twitter:card\" content=\"summary_large_image\" \/>\n<meta name=\"twitter:label1\" content=\"\u00c9crit par\" \/>\n\t<meta name=\"twitter:data1\" content=\"Dpress.ma\" \/>\n\t<meta name=\"twitter:label2\" content=\"Dur\u00e9e de lecture estim\u00e9e\" \/>\n\t<meta name=\"twitter:data2\" content=\"3 minutes\" \/>\n<script type=\"application\/ld+json\" class=\"yoast-schema-graph\">{\"@context\":\"https:\\\/\\\/schema.org\",\"@graph\":[{\"@type\":\"Article\",\"@id\":\"https:\\\/\\\/dpress.ma\\\/fr\\\/2026\\\/04\\\/27\\\/dakhla-oued-eddahab-tenue-du-conseil-dadministration-du-cri\\\/#article\",\"isPartOf\":{\"@id\":\"https:\\\/\\\/dpress.ma\\\/fr\\\/2026\\\/04\\\/27\\\/dakhla-oued-eddahab-tenue-du-conseil-dadministration-du-cri\\\/\"},\"author\":{\"name\":\"Dpress.ma\",\"@id\":\"https:\\\/\\\/dpress.ma\\\/fr\\\/#\\\/schema\\\/person\\\/4898febf3ccd59e6578d838656a306a0\"},\"headline\":\"Dakhla-Oued Eddahab : Tenue du Conseil d\u2019administration du CRI\",\"datePublished\":\"2026-04-27T16:45:15+00:00\",\"dateModified\":\"2026-04-27T16:45:21+00:00\",\"mainEntityOfPage\":{\"@id\":\"https:\\\/\\\/dpress.ma\\\/fr\\\/2026\\\/04\\\/27\\\/dakhla-oued-eddahab-tenue-du-conseil-dadministration-du-cri\\\/\"},\"wordCount\":514,\"commentCount\":0,\"image\":{\"@id\":\"https:\\\/\\\/dpress.ma\\\/fr\\\/2026\\\/04\\\/27\\\/dakhla-oued-eddahab-tenue-du-conseil-dadministration-du-cri\\\/#primaryimage\"},\"thumbnailUrl\":\"https:\\\/\\\/dpress.ma\\\/fr\\\/wp-content\\\/uploads\\\/sites\\\/2\\\/2026\\\/04\\\/59-6.jpg\",\"articleSection\":[\"societe et regions\"],\"inLanguage\":\"fr-FR\",\"potentialAction\":[{\"@type\":\"CommentAction\",\"name\":\"Comment\",\"target\":[\"https:\\\/\\\/dpress.ma\\\/fr\\\/2026\\\/04\\\/27\\\/dakhla-oued-eddahab-tenue-du-conseil-dadministration-du-cri\\\/#respond\"]}]},{\"@type\":\"WebPage\",\"@id\":\"https:\\\/\\\/dpress.ma\\\/fr\\\/2026\\\/04\\\/27\\\/dakhla-oued-eddahab-tenue-du-conseil-dadministration-du-cri\\\/\",\"url\":\"https:\\\/\\\/dpress.ma\\\/fr\\\/2026\\\/04\\\/27\\\/dakhla-oued-eddahab-tenue-du-conseil-dadministration-du-cri\\\/\",\"name\":\"Dakhla-Oued Eddahab : Tenue du Conseil d\u2019administration du CRI - Dpress.ma\\\/fr\",\"isPartOf\":{\"@id\":\"https:\\\/\\\/dpress.ma\\\/fr\\\/#website\"},\"primaryImageOfPage\":{\"@id\":\"https:\\\/\\\/dpress.ma\\\/fr\\\/2026\\\/04\\\/27\\\/dakhla-oued-eddahab-tenue-du-conseil-dadministration-du-cri\\\/#primaryimage\"},\"image\":{\"@id\":\"https:\\\/\\\/dpress.ma\\\/fr\\\/2026\\\/04\\\/27\\\/dakhla-oued-eddahab-tenue-du-conseil-dadministration-du-cri\\\/#primaryimage\"},\"thumbnailUrl\":\"https:\\\/\\\/dpress.ma\\\/fr\\\/wp-content\\\/uploads\\\/sites\\\/2\\\/2026\\\/04\\\/59-6.jpg\",\"datePublished\":\"2026-04-27T16:45:15+00:00\",\"dateModified\":\"2026-04-27T16:45:21+00:00\",\"author\":{\"@id\":\"https:\\\/\\\/dpress.ma\\\/fr\\\/#\\\/schema\\\/person\\\/4898febf3ccd59e6578d838656a306a0\"},\"breadcrumb\":{\"@id\":\"https:\\\/\\\/dpress.ma\\\/fr\\\/2026\\\/04\\\/27\\\/dakhla-oued-eddahab-tenue-du-conseil-dadministration-du-cri\\\/#breadcrumb\"},\"inLanguage\":\"fr-FR\",\"potentialAction\":[{\"@type\":\"ReadAction\",\"target\":[\"https:\\\/\\\/dpress.ma\\\/fr\\\/2026\\\/04\\\/27\\\/dakhla-oued-eddahab-tenue-du-conseil-dadministration-du-cri\\\/\"]}]},{\"@type\":\"ImageObject\",\"inLanguage\":\"fr-FR\",\"@id\":\"https:\\\/\\\/dpress.ma\\\/fr\\\/2026\\\/04\\\/27\\\/dakhla-oued-eddahab-tenue-du-conseil-dadministration-du-cri\\\/#primaryimage\",\"url\":\"https:\\\/\\\/dpress.ma\\\/fr\\\/wp-content\\\/uploads\\\/sites\\\/2\\\/2026\\\/04\\\/59-6.jpg\",\"contentUrl\":\"https:\\\/\\\/dpress.ma\\\/fr\\\/wp-content\\\/uploads\\\/sites\\\/2\\\/2026\\\/04\\\/59-6.jpg\",\"width\":2539,\"height\":1594},{\"@type\":\"BreadcrumbList\",\"@id\":\"https:\\\/\\\/dpress.ma\\\/fr\\\/2026\\\/04\\\/27\\\/dakhla-oued-eddahab-tenue-du-conseil-dadministration-du-cri\\\/#breadcrumb\",\"itemListElement\":[{\"@type\":\"ListItem\",\"position\":1,\"name\":\"Home\",\"item\":\"https:\\\/\\\/dpress.ma\\\/fr\\\/\"},{\"@type\":\"ListItem\",\"position\":2,\"name\":\"Dakhla-Oued Eddahab : Tenue du Conseil d\u2019administration du CRI\"}]},{\"@type\":\"WebSite\",\"@id\":\"https:\\\/\\\/dpress.ma\\\/fr\\\/#website\",\"url\":\"https:\\\/\\\/dpress.ma\\\/fr\\\/\",\"name\":\"Dpress.ma\\\/fr\",\"description\":\"\",\"potentialAction\":[{\"@type\":\"SearchAction\",\"target\":{\"@type\":\"EntryPoint\",\"urlTemplate\":\"https:\\\/\\\/dpress.ma\\\/fr\\\/?s={search_term_string}\"},\"query-input\":{\"@type\":\"PropertyValueSpecification\",\"valueRequired\":true,\"valueName\":\"search_term_string\"}}],\"inLanguage\":\"fr-FR\"},{\"@type\":\"Person\",\"@id\":\"https:\\\/\\\/dpress.ma\\\/fr\\\/#\\\/schema\\\/person\\\/4898febf3ccd59e6578d838656a306a0\",\"name\":\"Dpress.ma\",\"image\":{\"@type\":\"ImageObject\",\"inLanguage\":\"fr-FR\",\"@id\":\"https:\\\/\\\/secure.gravatar.com\\\/avatar\\\/72ecc30e9db047a2e0e7176561eb9d564ed77c8108376495b19bd8336405198a?s=96&d=mm&r=g\",\"url\":\"https:\\\/\\\/secure.gravatar.com\\\/avatar\\\/72ecc30e9db047a2e0e7176561eb9d564ed77c8108376495b19bd8336405198a?s=96&d=mm&r=g\",\"contentUrl\":\"https:\\\/\\\/secure.gravatar.com\\\/avatar\\\/72ecc30e9db047a2e0e7176561eb9d564ed77c8108376495b19bd8336405198a?s=96&d=mm&r=g\",\"caption\":\"Dpress.ma\"},\"sameAs\":[\"https:\\\/\\\/www.dpress.ma\"],\"url\":\"https:\\\/\\\/dpress.ma\\\/fr\\\/author\\\/dpress-ma\\\/\"}]}<\/script>\n<!-- \/ Yoast SEO plugin. -->","yoast_head_json":{"title":"Dakhla-Oued Eddahab : Tenue du Conseil d\u2019administration du CRI - Dpress.ma\/fr","robots":{"index":"index","follow":"follow","max-snippet":"max-snippet:-1","max-image-preview":"max-image-preview:large","max-video-preview":"max-video-preview:-1"},"canonical":"https:\/\/dpress.ma\/fr\/2026\/04\/27\/dakhla-oued-eddahab-tenue-du-conseil-dadministration-du-cri\/","og_locale":"fr_FR","og_type":"article","og_title":"Dakhla-Oued Eddahab : Tenue du Conseil d\u2019administration du CRI - Dpress.ma\/fr","og_description":"Dpress Le Conseil d\u2019administration du Centre r\u00e9gional d\u2019investissement (CRI) de la r\u00e9gion Dakhla-Oued Eddahab s\u2019est r\u00e9uni, lundi, en session ordinaire au titre de l\u2019exercice 2026, sous la pr\u00e9sidence du ministre d\u00e9l\u00e9gu\u00e9 charg\u00e9 de l\u2019Investissement, de la Convergence et de l\u2019\u00c9valuation des politiques publiques, Karim Zidane Dans une allocution de circonstance, M. Zidane a soulign\u00e9 que &hellip;","og_url":"https:\/\/dpress.ma\/fr\/2026\/04\/27\/dakhla-oued-eddahab-tenue-du-conseil-dadministration-du-cri\/","og_site_name":"Dpress.ma\/fr","article_published_time":"2026-04-27T16:45:15+00:00","article_modified_time":"2026-04-27T16:45:21+00:00","og_image":[{"width":2539,"height":1594,"url":"https:\/\/dpress.ma\/fr\/wp-content\/uploads\/sites\/2\/2026\/04\/59-6.jpg","type":"image\/jpeg"}],"author":"Dpress.ma","twitter_card":"summary_large_image","twitter_misc":{"\u00c9crit par":"Dpress.ma","Dur\u00e9e de lecture estim\u00e9e":"3 minutes"},"schema":{"@context":"https:\/\/schema.org","@graph":[{"@type":"Article","@id":"https:\/\/dpress.ma\/fr\/2026\/04\/27\/dakhla-oued-eddahab-tenue-du-conseil-dadministration-du-cri\/#article","isPartOf":{"@id":"https:\/\/dpress.ma\/fr\/2026\/04\/27\/dakhla-oued-eddahab-tenue-du-conseil-dadministration-du-cri\/"},"author":{"name":"Dpress.ma","@id":"https:\/\/dpress.ma\/fr\/#\/schema\/person\/4898febf3ccd59e6578d838656a306a0"},"headline":"Dakhla-Oued Eddahab : Tenue du Conseil d\u2019administration du CRI","datePublished":"2026-04-27T16:45:15+00:00","dateModified":"2026-04-27T16:45:21+00:00","mainEntityOfPage":{"@id":"https:\/\/dpress.ma\/fr\/2026\/04\/27\/dakhla-oued-eddahab-tenue-du-conseil-dadministration-du-cri\/"},"wordCount":514,"commentCount":0,"image":{"@id":"https:\/\/dpress.ma\/fr\/2026\/04\/27\/dakhla-oued-eddahab-tenue-du-conseil-dadministration-du-cri\/#primaryimage"},"thumbnailUrl":"https:\/\/dpress.ma\/fr\/wp-content\/uploads\/sites\/2\/2026\/04\/59-6.jpg","articleSection":["societe et regions"],"inLanguage":"fr-FR","potentialAction":[{"@type":"CommentAction","name":"Comment","target":["https:\/\/dpress.ma\/fr\/2026\/04\/27\/dakhla-oued-eddahab-tenue-du-conseil-dadministration-du-cri\/#respond"]}]},{"@type":"WebPage","@id":"https:\/\/dpress.ma\/fr\/2026\/04\/27\/dakhla-oued-eddahab-tenue-du-conseil-dadministration-du-cri\/","url":"https:\/\/dpress.ma\/fr\/2026\/04\/27\/dakhla-oued-eddahab-tenue-du-conseil-dadministration-du-cri\/","name":"Dakhla-Oued Eddahab : Tenue du Conseil d\u2019administration du CRI - Dpress.ma\/fr","isPartOf":{"@id":"https:\/\/dpress.ma\/fr\/#website"},"primaryImageOfPage":{"@id":"https:\/\/dpress.ma\/fr\/2026\/04\/27\/dakhla-oued-eddahab-tenue-du-conseil-dadministration-du-cri\/#primaryimage"},"image":{"@id":"https:\/\/dpress.ma\/fr\/2026\/04\/27\/dakhla-oued-eddahab-tenue-du-conseil-dadministration-du-cri\/#primaryimage"},"thumbnailUrl":"https:\/\/dpress.ma\/fr\/wp-content\/uploads\/sites\/2\/2026\/04\/59-6.jpg","datePublished":"2026-04-27T16:45:15+00:00","dateModified":"2026-04-27T16:45:21+00:00","author":{"@id":"https:\/\/dpress.ma\/fr\/#\/schema\/person\/4898febf3ccd59e6578d838656a306a0"},"breadcrumb":{"@id":"https:\/\/dpress.ma\/fr\/2026\/04\/27\/dakhla-oued-eddahab-tenue-du-conseil-dadministration-du-cri\/#breadcrumb"},"inLanguage":"fr-FR","potentialAction":[{"@type":"ReadAction","target":["https:\/\/dpress.ma\/fr\/2026\/04\/27\/dakhla-oued-eddahab-tenue-du-conseil-dadministration-du-cri\/"]}]},{"@type":"ImageObject","inLanguage":"fr-FR","@id":"https:\/\/dpress.ma\/fr\/2026\/04\/27\/dakhla-oued-eddahab-tenue-du-conseil-dadministration-du-cri\/#primaryimage","url":"https:\/\/dpress.ma\/fr\/wp-content\/uploads\/sites\/2\/2026\/04\/59-6.jpg","contentUrl":"https:\/\/dpress.ma\/fr\/wp-content\/uploads\/sites\/2\/2026\/04\/59-6.jpg","width":2539,"height":1594},{"@type":"BreadcrumbList","@id":"https:\/\/dpress.ma\/fr\/2026\/04\/27\/dakhla-oued-eddahab-tenue-du-conseil-dadministration-du-cri\/#breadcrumb","itemListElement":[{"@type":"ListItem","position":1,"name":"Home","item":"https:\/\/dpress.ma\/fr\/"},{"@type":"ListItem","position":2,"name":"Dakhla-Oued Eddahab : Tenue du Conseil d\u2019administration du CRI"}]},{"@type":"WebSite","@id":"https:\/\/dpress.ma\/fr\/#website","url":"https:\/\/dpress.ma\/fr\/","name":"Dpress.ma\/fr","description":"","potentialAction":[{"@type":"SearchAction","target":{"@type":"EntryPoint","urlTemplate":"https:\/\/dpress.ma\/fr\/?s={search_term_string}"},"query-input":{"@type":"PropertyValueSpecification","valueRequired":true,"valueName":"search_term_string"}}],"inLanguage":"fr-FR"},{"@type":"Person","@id":"https:\/\/dpress.ma\/fr\/#\/schema\/person\/4898febf3ccd59e6578d838656a306a0","name":"Dpress.ma","image":{"@type":"ImageObject","inLanguage":"fr-FR","@id":"https:\/\/secure.gravatar.com\/avatar\/72ecc30e9db047a2e0e7176561eb9d564ed77c8108376495b19bd8336405198a?s=96&d=mm&r=g","url":"https:\/\/secure.gravatar.com\/avatar\/72ecc30e9db047a2e0e7176561eb9d564ed77c8108376495b19bd8336405198a?s=96&d=mm&r=g","contentUrl":"https:\/\/secure.gravatar.com\/avatar\/72ecc30e9db047a2e0e7176561eb9d564ed77c8108376495b19bd8336405198a?s=96&d=mm&r=g","caption":"Dpress.ma"},"sameAs":["https:\/\/www.dpress.ma"],"url":"https:\/\/dpress.ma\/fr\/author\/dpress-ma\/"}]}},"amp_enabled":true,"_links":{"self":[{"href":"https:\/\/dpress.ma\/fr\/wp-json\/wp\/v2\/posts\/29462","targetHints":{"allow":["GET"]}}],"collection":[{"href":"https:\/\/dpress.ma\/fr\/wp-json\/wp\/v2\/posts"}],"about":[{"href":"https:\/\/dpress.ma\/fr\/wp-json\/wp\/v2\/types\/post"}],"author":[{"embeddable":true,"href":"https:\/\/dpress.ma\/fr\/wp-json\/wp\/v2\/users\/2"}],"replies":[{"embeddable":true,"href":"https:\/\/dpress.ma\/fr\/wp-json\/wp\/v2\/comments?post=29462"}],"version-history":[{"count":1,"href":"https:\/\/dpress.ma\/fr\/wp-json\/wp\/v2\/posts\/29462\/revisions"}],"predecessor-version":[{"id":29464,"href":"https:\/\/dpress.ma\/fr\/wp-json\/wp\/v2\/posts\/29462\/revisions\/29464"}],"wp:featuredmedia":[{"embeddable":true,"href":"https:\/\/dpress.ma\/fr\/wp-json\/wp\/v2\/media\/29463"}],"wp:attachment":[{"href":"https:\/\/dpress.ma\/fr\/wp-json\/wp\/v2\/media?parent=29462"}],"wp:term":[{"taxonomy":"category","embeddable":true,"href":"https:\/\/dpress.ma\/fr\/wp-json\/wp\/v2\/categories?post=29462"},{"taxonomy":"post_tag","embeddable":true,"href":"https:\/\/dpress.ma\/fr\/wp-json\/wp\/v2\/tags?post=29462"}],"curies":[{"name":"wp","href":"https:\/\/api.w.org\/{rel}","templated":true}]}}