{"id":29460,"date":"2026-04-27T13:30:43","date_gmt":"2026-04-27T13:30:43","guid":{"rendered":"https:\/\/dpress.ma\/fr\/?p=29460"},"modified":"2026-04-27T13:30:46","modified_gmt":"2026-04-27T13:30:46","slug":"marrakech-abrite-le-forum-national-du-commerce-pour-debattre-de-la-mise-a-niveau-et-de-la-competitivite-du-secteur","status":"publish","type":"post","link":"https:\/\/dpress.ma\/fr\/2026\/04\/27\/marrakech-abrite-le-forum-national-du-commerce-pour-debattre-de-la-mise-a-niveau-et-de-la-competitivite-du-secteur\/","title":{"rendered":"Marrakech abrite le Forum national du commerce pour d\u00e9battre de la mise \u00e0 niveau et de la comp\u00e9titivit\u00e9 du secteur"},"content":{"rendered":"\n<p class=\"wp-block-paragraph\">Dpress<\/p>\n\n\n\n<p class=\"wp-block-paragraph\">Des acteurs institutionnels des secteurs public et priv\u00e9 ainsi que des repr\u00e9sentants des commer\u00e7ants se r\u00e9unissent, lundi \u00e0 Marrakech, dans le cadre du Forum national du commerce, pour examiner les voies de d\u00e9veloppement du secteur, renforcer sa comp\u00e9titivit\u00e9 et d\u00e9battre des m\u00e9canismes de sa mise \u00e0 niveau et de sa modernisation face aux mutations \u00e9conomiques et num\u00e9riques.<\/p>\n\n\n\n<p class=\"wp-block-paragraph\">Plac\u00e9 sous le Haut Patronage de Sa Majest\u00e9 le Roi Mohammed VI, cet \u00e9v\u00e9nement, initi\u00e9 par le minist\u00e8re de l\u2019Industrie et du Commerce en partenariat avec la F\u00e9d\u00e9ration des Chambres de commerce, d\u2019industrie et de services et les associations professionnelles de commer\u00e7ants, constitue une \u00e9tape nationale visant \u00e0 faire la lumi\u00e8re sur les transformations que conna\u00eet le secteur, \u00e0 en anticiper les perspectives d\u2019\u00e9volution et \u00e0 favoriser l\u2019\u00e9change d\u2019expertises ainsi que le dialogue entre les diff\u00e9rents acteurs \u00e9conomiques et institutionnels.<\/p>\n\n\n\n<p class=\"wp-block-paragraph\">Ce forum, organis\u00e9 sous le th\u00e8me \u201cCommerce du Maroc 2030\u201d, se veut \u00e9galement une plateforme d\u2019\u00e9change et de mobilisation visant \u00e0 consolider le r\u00f4le du commerce dans le d\u00e9veloppement des provinces et des r\u00e9gions, \u00e0 travers sa mise \u00e0 niveau et sa modernisation, en ad\u00e9quation avec les \u00e9volutions \u00e9conomiques, contribuant ainsi \u00e0 une croissance inclusive et durable au service du citoyen.<\/p>\n\n\n\n<p class=\"wp-block-paragraph\">Au programme figurent plusieurs ateliers th\u00e9matiques portant notamment sur \u201cFinancement et digitalisation\u201d, \u201cRenforcement du cadre r\u00e9glementaire pour un climat incitatif en faveur des commer\u00e7ants\u201d, \u201cStrat\u00e9gies d\u2019urbanisme commercial\u201d, \u201cVers une nouvelle g\u00e9n\u00e9ration de plateformes commerciales\u201d, \u201cMise \u00e0 niveau du commer\u00e7ant : du d\u00e9veloppement des comp\u00e9tences \u00e0 l\u2019am\u00e9lioration des services sociaux\u201d et \u201cLe commerce rural au service des territoires\u201d.<\/p>\n\n\n\n<p class=\"wp-block-paragraph\">Ce rendez-vous \u00e9conomique sera cl\u00f4tur\u00e9 par une s\u00e9ance pl\u00e9ni\u00e8re consacr\u00e9e au th\u00e8me \u201cQuel mod\u00e8le pour le commerce de proximit\u00e9 \u00e0 l\u2019horizon Maroc 2030 ?\u201d.<\/p>\n\n\n\n<p class=\"wp-block-paragraph\">Le secteur du commerce au Maroc se distingue par sa large implantation, avec plus de 600.000 points de vente r\u00e9partis \u00e0 travers les diff\u00e9rentes r\u00e9gions du Royaume, et emploie pr\u00e8s de 1,6 million de commer\u00e7ants, ce qui en fait l\u2019un des secteurs cl\u00e9s du tissu \u00e9conomique national et un levier essentiel de la dynamique commerciale.<\/p>\n","protected":false},"excerpt":{"rendered":"<p>Dpress Des acteurs institutionnels des secteurs public et priv\u00e9 ainsi que des repr\u00e9sentants des commer\u00e7ants se r\u00e9unissent, lundi \u00e0 Marrakech, dans le cadre du Forum national du commerce, pour examiner les voies de d\u00e9veloppement du secteur, renforcer sa comp\u00e9titivit\u00e9 et d\u00e9battre des m\u00e9canismes de sa mise \u00e0 niveau et de sa modernisation face aux mutations &hellip;<\/p>\n","protected":false},"author":2,"featured_media":29458,"comment_status":"open","ping_status":"open","sticky":false,"template":"","format":"standard","meta":{"footnotes":""},"categories":[25],"tags":[],"class_list":["post-29460","post","type-post","status-publish","format-standard","has-post-thumbnail","hentry","category-economie"],"yoast_head":"<!-- This site is optimized with the Yoast SEO plugin v28.0 - https:\/\/yoast.com\/product\/yoast-seo-wordpress\/ -->\n<title>Marrakech abrite le Forum national du commerce pour d\u00e9battre de la mise \u00e0 niveau et de la comp\u00e9titivit\u00e9 du secteur - Dpress.ma\/fr<\/title>\n<meta name=\"robots\" content=\"index, follow, max-snippet:-1, max-image-preview:large, max-video-preview:-1\" \/>\n<link rel=\"canonical\" href=\"https:\/\/dpress.ma\/fr\/2026\/04\/27\/marrakech-abrite-le-forum-national-du-commerce-pour-debattre-de-la-mise-a-niveau-et-de-la-competitivite-du-secteur\/\" \/>\n<meta property=\"og:locale\" content=\"fr_FR\" \/>\n<meta property=\"og:type\" content=\"article\" \/>\n<meta property=\"og:title\" content=\"Marrakech abrite le Forum national du commerce pour d\u00e9battre de la mise \u00e0 niveau et de la comp\u00e9titivit\u00e9 du secteur - Dpress.ma\/fr\" \/>\n<meta property=\"og:description\" content=\"Dpress Des acteurs institutionnels des secteurs public et priv\u00e9 ainsi que des repr\u00e9sentants des commer\u00e7ants se r\u00e9unissent, lundi \u00e0 Marrakech, dans le cadre du Forum national du commerce, pour examiner les voies de d\u00e9veloppement du secteur, renforcer sa comp\u00e9titivit\u00e9 et d\u00e9battre des m\u00e9canismes de sa mise \u00e0 niveau et de sa modernisation face aux mutations &hellip;\" \/>\n<meta property=\"og:url\" content=\"https:\/\/dpress.ma\/fr\/2026\/04\/27\/marrakech-abrite-le-forum-national-du-commerce-pour-debattre-de-la-mise-a-niveau-et-de-la-competitivite-du-secteur\/\" \/>\n<meta property=\"og:site_name\" content=\"Dpress.ma\/fr\" \/>\n<meta property=\"article:published_time\" content=\"2026-04-27T13:30:43+00:00\" \/>\n<meta property=\"article:modified_time\" content=\"2026-04-27T13:30:46+00:00\" \/>\n<meta property=\"og:image\" content=\"https:\/\/dpress.ma\/fr\/wp-content\/uploads\/sites\/2\/2026\/04\/46-14.jpg\" \/>\n\t<meta property=\"og:image:width\" content=\"2539\" \/>\n\t<meta property=\"og:image:height\" content=\"1594\" \/>\n\t<meta property=\"og:image:type\" content=\"image\/jpeg\" \/>\n<meta name=\"author\" content=\"Dpress.ma\" \/>\n<meta name=\"twitter:card\" content=\"summary_large_image\" \/>\n<meta name=\"twitter:label1\" content=\"\u00c9crit par\" \/>\n\t<meta name=\"twitter:data1\" content=\"Dpress.ma\" \/>\n\t<meta name=\"twitter:label2\" content=\"Dur\u00e9e de lecture estim\u00e9e\" \/>\n\t<meta name=\"twitter:data2\" content=\"2 minutes\" \/>\n<script type=\"application\/ld+json\" class=\"yoast-schema-graph\">{\"@context\":\"https:\\\/\\\/schema.org\",\"@graph\":[{\"@type\":\"Article\",\"@id\":\"https:\\\/\\\/dpress.ma\\\/fr\\\/2026\\\/04\\\/27\\\/marrakech-abrite-le-forum-national-du-commerce-pour-debattre-de-la-mise-a-niveau-et-de-la-competitivite-du-secteur\\\/#article\",\"isPartOf\":{\"@id\":\"https:\\\/\\\/dpress.ma\\\/fr\\\/2026\\\/04\\\/27\\\/marrakech-abrite-le-forum-national-du-commerce-pour-debattre-de-la-mise-a-niveau-et-de-la-competitivite-du-secteur\\\/\"},\"author\":{\"name\":\"Dpress.ma\",\"@id\":\"https:\\\/\\\/dpress.ma\\\/fr\\\/#\\\/schema\\\/person\\\/4898febf3ccd59e6578d838656a306a0\"},\"headline\":\"Marrakech abrite le Forum national du commerce pour d\u00e9battre de la mise \u00e0 niveau et de la comp\u00e9titivit\u00e9 du secteur\",\"datePublished\":\"2026-04-27T13:30:43+00:00\",\"dateModified\":\"2026-04-27T13:30:46+00:00\",\"mainEntityOfPage\":{\"@id\":\"https:\\\/\\\/dpress.ma\\\/fr\\\/2026\\\/04\\\/27\\\/marrakech-abrite-le-forum-national-du-commerce-pour-debattre-de-la-mise-a-niveau-et-de-la-competitivite-du-secteur\\\/\"},\"wordCount\":391,\"commentCount\":0,\"image\":{\"@id\":\"https:\\\/\\\/dpress.ma\\\/fr\\\/2026\\\/04\\\/27\\\/marrakech-abrite-le-forum-national-du-commerce-pour-debattre-de-la-mise-a-niveau-et-de-la-competitivite-du-secteur\\\/#primaryimage\"},\"thumbnailUrl\":\"https:\\\/\\\/dpress.ma\\\/fr\\\/wp-content\\\/uploads\\\/sites\\\/2\\\/2026\\\/04\\\/46-14.jpg\",\"articleSection\":[\"\u00c9conomie\"],\"inLanguage\":\"fr-FR\",\"potentialAction\":[{\"@type\":\"CommentAction\",\"name\":\"Comment\",\"target\":[\"https:\\\/\\\/dpress.ma\\\/fr\\\/2026\\\/04\\\/27\\\/marrakech-abrite-le-forum-national-du-commerce-pour-debattre-de-la-mise-a-niveau-et-de-la-competitivite-du-secteur\\\/#respond\"]}]},{\"@type\":\"WebPage\",\"@id\":\"https:\\\/\\\/dpress.ma\\\/fr\\\/2026\\\/04\\\/27\\\/marrakech-abrite-le-forum-national-du-commerce-pour-debattre-de-la-mise-a-niveau-et-de-la-competitivite-du-secteur\\\/\",\"url\":\"https:\\\/\\\/dpress.ma\\\/fr\\\/2026\\\/04\\\/27\\\/marrakech-abrite-le-forum-national-du-commerce-pour-debattre-de-la-mise-a-niveau-et-de-la-competitivite-du-secteur\\\/\",\"name\":\"Marrakech abrite le Forum national du commerce pour d\u00e9battre de la mise \u00e0 niveau et de la comp\u00e9titivit\u00e9 du secteur - Dpress.ma\\\/fr\",\"isPartOf\":{\"@id\":\"https:\\\/\\\/dpress.ma\\\/fr\\\/#website\"},\"primaryImageOfPage\":{\"@id\":\"https:\\\/\\\/dpress.ma\\\/fr\\\/2026\\\/04\\\/27\\\/marrakech-abrite-le-forum-national-du-commerce-pour-debattre-de-la-mise-a-niveau-et-de-la-competitivite-du-secteur\\\/#primaryimage\"},\"image\":{\"@id\":\"https:\\\/\\\/dpress.ma\\\/fr\\\/2026\\\/04\\\/27\\\/marrakech-abrite-le-forum-national-du-commerce-pour-debattre-de-la-mise-a-niveau-et-de-la-competitivite-du-secteur\\\/#primaryimage\"},\"thumbnailUrl\":\"https:\\\/\\\/dpress.ma\\\/fr\\\/wp-content\\\/uploads\\\/sites\\\/2\\\/2026\\\/04\\\/46-14.jpg\",\"datePublished\":\"2026-04-27T13:30:43+00:00\",\"dateModified\":\"2026-04-27T13:30:46+00:00\",\"author\":{\"@id\":\"https:\\\/\\\/dpress.ma\\\/fr\\\/#\\\/schema\\\/person\\\/4898febf3ccd59e6578d838656a306a0\"},\"breadcrumb\":{\"@id\":\"https:\\\/\\\/dpress.ma\\\/fr\\\/2026\\\/04\\\/27\\\/marrakech-abrite-le-forum-national-du-commerce-pour-debattre-de-la-mise-a-niveau-et-de-la-competitivite-du-secteur\\\/#breadcrumb\"},\"inLanguage\":\"fr-FR\",\"potentialAction\":[{\"@type\":\"ReadAction\",\"target\":[\"https:\\\/\\\/dpress.ma\\\/fr\\\/2026\\\/04\\\/27\\\/marrakech-abrite-le-forum-national-du-commerce-pour-debattre-de-la-mise-a-niveau-et-de-la-competitivite-du-secteur\\\/\"]}]},{\"@type\":\"ImageObject\",\"inLanguage\":\"fr-FR\",\"@id\":\"https:\\\/\\\/dpress.ma\\\/fr\\\/2026\\\/04\\\/27\\\/marrakech-abrite-le-forum-national-du-commerce-pour-debattre-de-la-mise-a-niveau-et-de-la-competitivite-du-secteur\\\/#primaryimage\",\"url\":\"https:\\\/\\\/dpress.ma\\\/fr\\\/wp-content\\\/uploads\\\/sites\\\/2\\\/2026\\\/04\\\/46-14.jpg\",\"contentUrl\":\"https:\\\/\\\/dpress.ma\\\/fr\\\/wp-content\\\/uploads\\\/sites\\\/2\\\/2026\\\/04\\\/46-14.jpg\",\"width\":2539,\"height\":1594},{\"@type\":\"BreadcrumbList\",\"@id\":\"https:\\\/\\\/dpress.ma\\\/fr\\\/2026\\\/04\\\/27\\\/marrakech-abrite-le-forum-national-du-commerce-pour-debattre-de-la-mise-a-niveau-et-de-la-competitivite-du-secteur\\\/#breadcrumb\",\"itemListElement\":[{\"@type\":\"ListItem\",\"position\":1,\"name\":\"Home\",\"item\":\"https:\\\/\\\/dpress.ma\\\/fr\\\/\"},{\"@type\":\"ListItem\",\"position\":2,\"name\":\"Marrakech abrite le Forum national du commerce pour d\u00e9battre de la mise \u00e0 niveau et de la comp\u00e9titivit\u00e9 du secteur\"}]},{\"@type\":\"WebSite\",\"@id\":\"https:\\\/\\\/dpress.ma\\\/fr\\\/#website\",\"url\":\"https:\\\/\\\/dpress.ma\\\/fr\\\/\",\"name\":\"Dpress.ma\\\/fr\",\"description\":\"\",\"potentialAction\":[{\"@type\":\"SearchAction\",\"target\":{\"@type\":\"EntryPoint\",\"urlTemplate\":\"https:\\\/\\\/dpress.ma\\\/fr\\\/?s={search_term_string}\"},\"query-input\":{\"@type\":\"PropertyValueSpecification\",\"valueRequired\":true,\"valueName\":\"search_term_string\"}}],\"inLanguage\":\"fr-FR\"},{\"@type\":\"Person\",\"@id\":\"https:\\\/\\\/dpress.ma\\\/fr\\\/#\\\/schema\\\/person\\\/4898febf3ccd59e6578d838656a306a0\",\"name\":\"Dpress.ma\",\"image\":{\"@type\":\"ImageObject\",\"inLanguage\":\"fr-FR\",\"@id\":\"https:\\\/\\\/secure.gravatar.com\\\/avatar\\\/72ecc30e9db047a2e0e7176561eb9d564ed77c8108376495b19bd8336405198a?s=96&d=mm&r=g\",\"url\":\"https:\\\/\\\/secure.gravatar.com\\\/avatar\\\/72ecc30e9db047a2e0e7176561eb9d564ed77c8108376495b19bd8336405198a?s=96&d=mm&r=g\",\"contentUrl\":\"https:\\\/\\\/secure.gravatar.com\\\/avatar\\\/72ecc30e9db047a2e0e7176561eb9d564ed77c8108376495b19bd8336405198a?s=96&d=mm&r=g\",\"caption\":\"Dpress.ma\"},\"sameAs\":[\"https:\\\/\\\/www.dpress.ma\"],\"url\":\"https:\\\/\\\/dpress.ma\\\/fr\\\/author\\\/dpress-ma\\\/\"}]}<\/script>\n<!-- \/ Yoast SEO plugin. -->","yoast_head_json":{"title":"Marrakech abrite le Forum national du commerce pour d\u00e9battre de la mise \u00e0 niveau et de la comp\u00e9titivit\u00e9 du secteur - Dpress.ma\/fr","robots":{"index":"index","follow":"follow","max-snippet":"max-snippet:-1","max-image-preview":"max-image-preview:large","max-video-preview":"max-video-preview:-1"},"canonical":"https:\/\/dpress.ma\/fr\/2026\/04\/27\/marrakech-abrite-le-forum-national-du-commerce-pour-debattre-de-la-mise-a-niveau-et-de-la-competitivite-du-secteur\/","og_locale":"fr_FR","og_type":"article","og_title":"Marrakech abrite le Forum national du commerce pour d\u00e9battre de la mise \u00e0 niveau et de la comp\u00e9titivit\u00e9 du secteur - Dpress.ma\/fr","og_description":"Dpress Des acteurs institutionnels des secteurs public et priv\u00e9 ainsi que des repr\u00e9sentants des commer\u00e7ants se r\u00e9unissent, lundi \u00e0 Marrakech, dans le cadre du Forum national du commerce, pour examiner les voies de d\u00e9veloppement du secteur, renforcer sa comp\u00e9titivit\u00e9 et d\u00e9battre des m\u00e9canismes de sa mise \u00e0 niveau et de sa modernisation face aux mutations &hellip;","og_url":"https:\/\/dpress.ma\/fr\/2026\/04\/27\/marrakech-abrite-le-forum-national-du-commerce-pour-debattre-de-la-mise-a-niveau-et-de-la-competitivite-du-secteur\/","og_site_name":"Dpress.ma\/fr","article_published_time":"2026-04-27T13:30:43+00:00","article_modified_time":"2026-04-27T13:30:46+00:00","og_image":[{"width":2539,"height":1594,"url":"https:\/\/dpress.ma\/fr\/wp-content\/uploads\/sites\/2\/2026\/04\/46-14.jpg","type":"image\/jpeg"}],"author":"Dpress.ma","twitter_card":"summary_large_image","twitter_misc":{"\u00c9crit par":"Dpress.ma","Dur\u00e9e de lecture estim\u00e9e":"2 minutes"},"schema":{"@context":"https:\/\/schema.org","@graph":[{"@type":"Article","@id":"https:\/\/dpress.ma\/fr\/2026\/04\/27\/marrakech-abrite-le-forum-national-du-commerce-pour-debattre-de-la-mise-a-niveau-et-de-la-competitivite-du-secteur\/#article","isPartOf":{"@id":"https:\/\/dpress.ma\/fr\/2026\/04\/27\/marrakech-abrite-le-forum-national-du-commerce-pour-debattre-de-la-mise-a-niveau-et-de-la-competitivite-du-secteur\/"},"author":{"name":"Dpress.ma","@id":"https:\/\/dpress.ma\/fr\/#\/schema\/person\/4898febf3ccd59e6578d838656a306a0"},"headline":"Marrakech abrite le Forum national du commerce pour d\u00e9battre de la mise \u00e0 niveau et de la comp\u00e9titivit\u00e9 du secteur","datePublished":"2026-04-27T13:30:43+00:00","dateModified":"2026-04-27T13:30:46+00:00","mainEntityOfPage":{"@id":"https:\/\/dpress.ma\/fr\/2026\/04\/27\/marrakech-abrite-le-forum-national-du-commerce-pour-debattre-de-la-mise-a-niveau-et-de-la-competitivite-du-secteur\/"},"wordCount":391,"commentCount":0,"image":{"@id":"https:\/\/dpress.ma\/fr\/2026\/04\/27\/marrakech-abrite-le-forum-national-du-commerce-pour-debattre-de-la-mise-a-niveau-et-de-la-competitivite-du-secteur\/#primaryimage"},"thumbnailUrl":"https:\/\/dpress.ma\/fr\/wp-content\/uploads\/sites\/2\/2026\/04\/46-14.jpg","articleSection":["\u00c9conomie"],"inLanguage":"fr-FR","potentialAction":[{"@type":"CommentAction","name":"Comment","target":["https:\/\/dpress.ma\/fr\/2026\/04\/27\/marrakech-abrite-le-forum-national-du-commerce-pour-debattre-de-la-mise-a-niveau-et-de-la-competitivite-du-secteur\/#respond"]}]},{"@type":"WebPage","@id":"https:\/\/dpress.ma\/fr\/2026\/04\/27\/marrakech-abrite-le-forum-national-du-commerce-pour-debattre-de-la-mise-a-niveau-et-de-la-competitivite-du-secteur\/","url":"https:\/\/dpress.ma\/fr\/2026\/04\/27\/marrakech-abrite-le-forum-national-du-commerce-pour-debattre-de-la-mise-a-niveau-et-de-la-competitivite-du-secteur\/","name":"Marrakech abrite le Forum national du commerce pour d\u00e9battre de la mise \u00e0 niveau et de la comp\u00e9titivit\u00e9 du secteur - Dpress.ma\/fr","isPartOf":{"@id":"https:\/\/dpress.ma\/fr\/#website"},"primaryImageOfPage":{"@id":"https:\/\/dpress.ma\/fr\/2026\/04\/27\/marrakech-abrite-le-forum-national-du-commerce-pour-debattre-de-la-mise-a-niveau-et-de-la-competitivite-du-secteur\/#primaryimage"},"image":{"@id":"https:\/\/dpress.ma\/fr\/2026\/04\/27\/marrakech-abrite-le-forum-national-du-commerce-pour-debattre-de-la-mise-a-niveau-et-de-la-competitivite-du-secteur\/#primaryimage"},"thumbnailUrl":"https:\/\/dpress.ma\/fr\/wp-content\/uploads\/sites\/2\/2026\/04\/46-14.jpg","datePublished":"2026-04-27T13:30:43+00:00","dateModified":"2026-04-27T13:30:46+00:00","author":{"@id":"https:\/\/dpress.ma\/fr\/#\/schema\/person\/4898febf3ccd59e6578d838656a306a0"},"breadcrumb":{"@id":"https:\/\/dpress.ma\/fr\/2026\/04\/27\/marrakech-abrite-le-forum-national-du-commerce-pour-debattre-de-la-mise-a-niveau-et-de-la-competitivite-du-secteur\/#breadcrumb"},"inLanguage":"fr-FR","potentialAction":[{"@type":"ReadAction","target":["https:\/\/dpress.ma\/fr\/2026\/04\/27\/marrakech-abrite-le-forum-national-du-commerce-pour-debattre-de-la-mise-a-niveau-et-de-la-competitivite-du-secteur\/"]}]},{"@type":"ImageObject","inLanguage":"fr-FR","@id":"https:\/\/dpress.ma\/fr\/2026\/04\/27\/marrakech-abrite-le-forum-national-du-commerce-pour-debattre-de-la-mise-a-niveau-et-de-la-competitivite-du-secteur\/#primaryimage","url":"https:\/\/dpress.ma\/fr\/wp-content\/uploads\/sites\/2\/2026\/04\/46-14.jpg","contentUrl":"https:\/\/dpress.ma\/fr\/wp-content\/uploads\/sites\/2\/2026\/04\/46-14.jpg","width":2539,"height":1594},{"@type":"BreadcrumbList","@id":"https:\/\/dpress.ma\/fr\/2026\/04\/27\/marrakech-abrite-le-forum-national-du-commerce-pour-debattre-de-la-mise-a-niveau-et-de-la-competitivite-du-secteur\/#breadcrumb","itemListElement":[{"@type":"ListItem","position":1,"name":"Home","item":"https:\/\/dpress.ma\/fr\/"},{"@type":"ListItem","position":2,"name":"Marrakech abrite le Forum national du commerce pour d\u00e9battre de la mise \u00e0 niveau et de la comp\u00e9titivit\u00e9 du secteur"}]},{"@type":"WebSite","@id":"https:\/\/dpress.ma\/fr\/#website","url":"https:\/\/dpress.ma\/fr\/","name":"Dpress.ma\/fr","description":"","potentialAction":[{"@type":"SearchAction","target":{"@type":"EntryPoint","urlTemplate":"https:\/\/dpress.ma\/fr\/?s={search_term_string}"},"query-input":{"@type":"PropertyValueSpecification","valueRequired":true,"valueName":"search_term_string"}}],"inLanguage":"fr-FR"},{"@type":"Person","@id":"https:\/\/dpress.ma\/fr\/#\/schema\/person\/4898febf3ccd59e6578d838656a306a0","name":"Dpress.ma","image":{"@type":"ImageObject","inLanguage":"fr-FR","@id":"https:\/\/secure.gravatar.com\/avatar\/72ecc30e9db047a2e0e7176561eb9d564ed77c8108376495b19bd8336405198a?s=96&d=mm&r=g","url":"https:\/\/secure.gravatar.com\/avatar\/72ecc30e9db047a2e0e7176561eb9d564ed77c8108376495b19bd8336405198a?s=96&d=mm&r=g","contentUrl":"https:\/\/secure.gravatar.com\/avatar\/72ecc30e9db047a2e0e7176561eb9d564ed77c8108376495b19bd8336405198a?s=96&d=mm&r=g","caption":"Dpress.ma"},"sameAs":["https:\/\/www.dpress.ma"],"url":"https:\/\/dpress.ma\/fr\/author\/dpress-ma\/"}]}},"amp_enabled":true,"_links":{"self":[{"href":"https:\/\/dpress.ma\/fr\/wp-json\/wp\/v2\/posts\/29460","targetHints":{"allow":["GET"]}}],"collection":[{"href":"https:\/\/dpress.ma\/fr\/wp-json\/wp\/v2\/posts"}],"about":[{"href":"https:\/\/dpress.ma\/fr\/wp-json\/wp\/v2\/types\/post"}],"author":[{"embeddable":true,"href":"https:\/\/dpress.ma\/fr\/wp-json\/wp\/v2\/users\/2"}],"replies":[{"embeddable":true,"href":"https:\/\/dpress.ma\/fr\/wp-json\/wp\/v2\/comments?post=29460"}],"version-history":[{"count":1,"href":"https:\/\/dpress.ma\/fr\/wp-json\/wp\/v2\/posts\/29460\/revisions"}],"predecessor-version":[{"id":29461,"href":"https:\/\/dpress.ma\/fr\/wp-json\/wp\/v2\/posts\/29460\/revisions\/29461"}],"wp:featuredmedia":[{"embeddable":true,"href":"https:\/\/dpress.ma\/fr\/wp-json\/wp\/v2\/media\/29458"}],"wp:attachment":[{"href":"https:\/\/dpress.ma\/fr\/wp-json\/wp\/v2\/media?parent=29460"}],"wp:term":[{"taxonomy":"category","embeddable":true,"href":"https:\/\/dpress.ma\/fr\/wp-json\/wp\/v2\/categories?post=29460"},{"taxonomy":"post_tag","embeddable":true,"href":"https:\/\/dpress.ma\/fr\/wp-json\/wp\/v2\/tags?post=29460"}],"curies":[{"name":"wp","href":"https:\/\/api.w.org\/{rel}","templated":true}]}}