{"id":29454,"date":"2026-04-27T13:27:32","date_gmt":"2026-04-27T13:27:32","guid":{"rendered":"https:\/\/dpress.ma\/fr\/?p=29454"},"modified":"2026-04-27T13:27:34","modified_gmt":"2026-04-27T13:27:34","slug":"entraide-nationale-69-ans-dengagement-soutenu-en-faveur-du-renforcement-de-la-cohesion-sociale","status":"publish","type":"post","link":"https:\/\/dpress.ma\/fr\/2026\/04\/27\/entraide-nationale-69-ans-dengagement-soutenu-en-faveur-du-renforcement-de-la-cohesion-sociale\/","title":{"rendered":"Entraide nationale : 69 ans d\u2019engagement soutenu en faveur du renforcement de la coh\u00e9sion sociale"},"content":{"rendered":"\n<p class=\"wp-block-paragraph\">Dpress<\/p>\n\n\n\n<p class=\"wp-block-paragraph\">L\u2019Entraide nationale (EN) c\u00e9l\u00e8bre, ce lundi 27 avril, son 69e anniversaire, l\u2019occasion de mettre en avant les efforts consentis par cette institution en vue d\u2019am\u00e9liorer les conditions de vie des personnes d\u00e9munies et de promouvoir les valeurs d\u2019\u00e9quit\u00e9 et de justice sociale.<\/p>\n\n\n\n<p class=\"wp-block-paragraph\">Cr\u00e9\u00e9e en 1957 par feu Sa Majest\u00e9 le Roi Mohammed V, l\u2019Entraide nationale s\u2019est impos\u00e9e, au fil des ans, comme un acteur majeur de l\u2019action sociale de par son engagement soutenu dans la lutte contre l\u2019exclusion sociale et la pr\u00e9carit\u00e9.<\/p>\n\n\n\n<p class=\"wp-block-paragraph\">En effet, cette institution n\u2019a cess\u00e9 de faire \u00e9voluer ses services afin de mieux r\u00e9pondre aux besoins des populations en situation de vuln\u00e9rabilit\u00e9, en \u00e9largissant ses interventions, initialement centr\u00e9es sur l\u2019assistance et&nbsp;la prise en charge des d\u00e9munis, pour inclure de&nbsp;nouvelles&nbsp;actions&nbsp;tourn\u00e9es davantage vers l\u2019insertion et l\u2019autonomisation.<\/p>\n\n\n\n<p class=\"wp-block-paragraph\">Ainsi, de nouveaux dispositifs ont \u00e9t\u00e9 d\u00e9velopp\u00e9s en faveur des femmes, des enfants et des personnes \u00e2g\u00e9es en situation de vuln\u00e9rabilit\u00e9 et\/ou de handicap, \u00e0 travers notamment la cr\u00e9ation de centres d\u2019\u00e9ducation et de formation, de structures d\u00e9di\u00e9es \u00e0 la petite enfance et de centres de soutien \u00e0 la scolarisation des enfants en situation de handicap.<\/p>\n\n\n\n<p class=\"wp-block-paragraph\">Parall\u00e8lement, l\u2019Entraide nationale s\u2019est employ\u00e9e \u00e0 renforcer ses ressources humaines \u00e0 travers des programmes de formation continue et de nouveaux recrutements, sachant qu\u2019en&nbsp;2025, 249 nouveaux profils ont \u00e9t\u00e9 int\u00e9gr\u00e9s, portant l\u2019effectif global \u00e0 2.773 agents.<\/p>\n\n\n\n<p class=\"wp-block-paragraph\">Cette mobilisation a permis \u00e0 plus de 1,38 million de personnes en situation de vuln\u00e9rabilit\u00e9 de b\u00e9n\u00e9ficier annuellement des services de l\u2019institution, a indiqu\u00e9 le directeur de l\u2019Entraide nationale, Khatar El Mojahidi, dans une d\u00e9claration \u00e0 la MAP.<\/p>\n\n\n\n<p class=\"wp-block-paragraph\">\u201cRien qu\u2019en 2025, un total de 1.383.516 b\u00e9n\u00e9ficiaires a \u00e9t\u00e9 enregistr\u00e9&nbsp;\u00e0 travers le Royaume, avec 33 % de femmes, 30 % de personnes en situation de handicap, 28 % d\u2019enfants en situation difficile et 9 % de personnes \u00e2g\u00e9es\u201d, a-t-il pr\u00e9cis\u00e9.<\/p>\n\n\n\n<p class=\"wp-block-paragraph\">Selon lui, l\u2019Entraide nationale adopte une approche de proximit\u00e9 fond\u00e9e sur l\u2019anticipation des vuln\u00e9rabilit\u00e9s et la promotion de l\u2019inclusion socio-\u00e9conomique, en s\u2019appuyant sur un maillage territorial dense, compos\u00e9 de 12 directions r\u00e9gionales et 82 directions provinciales, ainsi que sur un r\u00e9seau de plus de 3.000 associations partenaires et pr\u00e8s de 4.000 \u00e9tablissements et centres sociaux r\u00e9partis \u00e0 travers le Royaume.<\/p>\n\n\n\n<p class=\"wp-block-paragraph\">L\u2019objectif \u00e9tant, a-t-il dit, de garantir&nbsp;une pr\u00e9sence effective de l\u2019EN dans les zones les plus expos\u00e9es \u00e0 la vuln\u00e9rabilit\u00e9 et&nbsp;de proposer une offre int\u00e9gr\u00e9e de services couvrant la veille sociale, l\u2019assistance, la prise en charge et l\u2019appui \u00e0 l\u2019insertion, outre les aides d\u2019urgence et les actions humanitaires.<\/p>\n\n\n\n<p class=\"wp-block-paragraph\">En mati\u00e8re de veille sociale, l\u2019institution a mis en place&nbsp;un m\u00e9canisme de collecte et d\u2019analyse de donn\u00e9es sur les conditions socio-\u00e9conomiques des populations cibles, \u00e0 travers notamment des \u00e9tudes de terrain, afin d\u2019anticiper les besoins et d\u2019\u00e9tablir des bases de donn\u00e9es qui permettront d\u2019\u00e9laborer des programmes adapt\u00e9s.<\/p>\n\n\n\n<p class=\"wp-block-paragraph\">S\u2019agissant des services d\u2019assistance sociale, ils consistent principalement en l\u2019accueil, l\u2019\u00e9coute et l\u2019orientation des b\u00e9n\u00e9ficiaires, outre l\u2019\u00e9laboration de diagnostics individualis\u00e9s permettant de d\u00e9terminer les dispositifs de prise en charge appropri\u00e9s, tant sur le plan social que psychologique.<\/p>\n\n\n\n<p class=\"wp-block-paragraph\">Dans ce sens, plusieurs prestations,&nbsp;ax\u00e9es notamment sur la protection, l\u2019accompagnement juridique, le soutien psychologique, l\u2019h\u00e9bergement et l\u2019autonomisation,&nbsp;sont propos\u00e9es aux femmes en situation de vuln\u00e9rabilit\u00e9, \u00e0 travers les institutions multifonctionnelles et les centres d\u2019assistance sociale.<\/p>\n\n\n\n<p class=\"wp-block-paragraph\">L\u2019Entraide nationale propose \u00e9galement des programmes d\u2019alphab\u00e9tisation et des formations qualifiantes dans des domaines g\u00e9n\u00e9rateurs de revenus,&nbsp;tels que la p\u00e2tisserie, la couture et la coiffure, tout en soutenant l\u2019entrepreneuriat f\u00e9minin et la cr\u00e9ation de coop\u00e9ratives.<\/p>\n\n\n\n<p class=\"wp-block-paragraph\">\u201cL\u2019autonomisation \u00e9conomique et sociale des femmes en situation de vuln\u00e9rabilit\u00e9 constitue une priorit\u00e9 majeure pour l\u2019Entraide nationale, qui demeure convaincue qu\u2019il ne peut y avoir de coh\u00e9sion sociale durable sans protection effective des femmes expos\u00e9es \u00e0 la pr\u00e9carit\u00e9 et de cr\u00e9ation des conditions r\u00e9elles \u00e0 leur \u00e9mancipation\u201d, a expliqu\u00e9 M. El Mojahidi.<\/p>\n\n\n\n<p class=\"wp-block-paragraph\">L\u2019EN d\u00e9ploie, en outre, des dispositifs d\u00e9di\u00e9s \u00e0 la protection de l\u2019enfance, notamment le SAMU social, les unit\u00e9s de protection de l\u2019enfance et les centres d\u2019accompagnement, tout en luttant contre la d\u00e9perdition scolaire, particuli\u00e8rement en milieu rural, \u00e0 travers les structures \u201cDar Talib\u201d, \u201cDar Taliba\u201d et \u201cDar Al Atfal\u201d,&nbsp;auxquels s\u2019ajoutent les cr\u00e8ches sociales et les jardins d\u2019enfants, qui contribuent \u00e0 la promotion des valeurs d\u2019\u00e9galit\u00e9 des chances d\u00e8s la petite enfance.<\/p>\n\n\n\n<p class=\"wp-block-paragraph\">S\u2019agissant des personnes en situation de handicap, un montant de 396 millions de dirhams a \u00e9t\u00e9 mobilis\u00e9 en 2025 dans le cadre du Fonds d\u2019appui \u00e0 la protection sociale et \u00e0 la coh\u00e9sion sociale, ce qui a permis d\u2019am\u00e9liorer les conditions de scolarisation de 27.884 enfants, en partenariat avec 416 associations.<\/p>\n\n\n\n<p class=\"wp-block-paragraph\">L\u2019institution fournit \u00e9galement des services de r\u00e9adaptation et d\u2019ergoth\u00e9rapie ainsi que des aides techniques et des appareillages sp\u00e9cialis\u00e9s.<\/p>\n\n\n\n<p class=\"wp-block-paragraph\">Pour ce qui est des aides d\u2019urgence, l\u2019Entraide nationale d\u00e9ploie, lors des crises et catastrophes naturelles, une r\u00e9ponse rapide et coordonn\u00e9e combinant assistance, h\u00e9bergement et accompagnement psychosocial.&nbsp;Les inondations&nbsp;ayant touch\u00e9 plusieurs provinces du Royaume d\u00e9but 2026 en sont une parfaite illustration. En cette p\u00e9riode, l\u2019institution a mobilis\u00e9 ses \u00e9quipes et ouvert plusieurs de ses structures pour accueillir les populations sinistr\u00e9es dans les meilleures conditions.<\/p>\n\n\n\n<p class=\"wp-block-paragraph\">Forte de pr\u00e8s de sept d\u00e9cennies d\u2019engagement, l\u2019Entraide nationale s\u2019\u00e9rige en un acteur de premier plan dans le domaine social, qui contribue activement \u00e0 la consolidation des valeurs de solidarit\u00e9, d\u2019\u00e9quit\u00e9 et de coh\u00e9sion sociale, pour b\u00e2tir une soci\u00e9t\u00e9 plus inclusive.<\/p>\n","protected":false},"excerpt":{"rendered":"<p>Dpress L\u2019Entraide nationale (EN) c\u00e9l\u00e8bre, ce lundi 27 avril, son 69e anniversaire, l\u2019occasion de mettre en avant les efforts consentis par cette institution en vue d\u2019am\u00e9liorer les conditions de vie des personnes d\u00e9munies et de promouvoir les valeurs d\u2019\u00e9quit\u00e9 et de justice sociale. Cr\u00e9\u00e9e en 1957 par feu Sa Majest\u00e9 le Roi Mohammed V, l\u2019Entraide &hellip;<\/p>\n","protected":false},"author":2,"featured_media":29455,"comment_status":"open","ping_status":"open","sticky":false,"template":"","format":"standard","meta":{"footnotes":""},"categories":[40],"tags":[],"class_list":["post-29454","post","type-post","status-publish","format-standard","has-post-thumbnail","hentry","category-societe-et-regions"],"yoast_head":"<!-- This site is optimized with the Yoast SEO plugin v28.0 - https:\/\/yoast.com\/product\/yoast-seo-wordpress\/ -->\n<title>Entraide nationale : 69 ans d\u2019engagement soutenu en faveur du renforcement de la coh\u00e9sion sociale - Dpress.ma\/fr<\/title>\n<meta name=\"robots\" content=\"index, follow, max-snippet:-1, max-image-preview:large, max-video-preview:-1\" \/>\n<link rel=\"canonical\" href=\"https:\/\/dpress.ma\/fr\/2026\/04\/27\/entraide-nationale-69-ans-dengagement-soutenu-en-faveur-du-renforcement-de-la-cohesion-sociale\/\" \/>\n<meta property=\"og:locale\" content=\"fr_FR\" \/>\n<meta property=\"og:type\" content=\"article\" \/>\n<meta property=\"og:title\" content=\"Entraide nationale : 69 ans d\u2019engagement soutenu en faveur du renforcement de la coh\u00e9sion sociale - Dpress.ma\/fr\" \/>\n<meta property=\"og:description\" content=\"Dpress L\u2019Entraide nationale (EN) c\u00e9l\u00e8bre, ce lundi 27 avril, son 69e anniversaire, l\u2019occasion de mettre en avant les efforts consentis par cette institution en vue d\u2019am\u00e9liorer les conditions de vie des personnes d\u00e9munies et de promouvoir les valeurs d\u2019\u00e9quit\u00e9 et de justice sociale. Cr\u00e9\u00e9e en 1957 par feu Sa Majest\u00e9 le Roi Mohammed V, l\u2019Entraide &hellip;\" \/>\n<meta property=\"og:url\" content=\"https:\/\/dpress.ma\/fr\/2026\/04\/27\/entraide-nationale-69-ans-dengagement-soutenu-en-faveur-du-renforcement-de-la-cohesion-sociale\/\" \/>\n<meta property=\"og:site_name\" content=\"Dpress.ma\/fr\" \/>\n<meta property=\"article:published_time\" content=\"2026-04-27T13:27:32+00:00\" \/>\n<meta property=\"article:modified_time\" content=\"2026-04-27T13:27:34+00:00\" \/>\n<meta property=\"og:image\" content=\"https:\/\/dpress.ma\/fr\/wp-content\/uploads\/sites\/2\/2026\/04\/45-15.jpg\" \/>\n\t<meta property=\"og:image:width\" content=\"2539\" \/>\n\t<meta property=\"og:image:height\" content=\"1594\" \/>\n\t<meta property=\"og:image:type\" content=\"image\/jpeg\" \/>\n<meta name=\"author\" content=\"Dpress.ma\" \/>\n<meta name=\"twitter:card\" content=\"summary_large_image\" \/>\n<meta name=\"twitter:label1\" content=\"\u00c9crit par\" \/>\n\t<meta name=\"twitter:data1\" content=\"Dpress.ma\" \/>\n\t<meta name=\"twitter:label2\" content=\"Dur\u00e9e de lecture estim\u00e9e\" \/>\n\t<meta name=\"twitter:data2\" content=\"5 minutes\" \/>\n<script type=\"application\/ld+json\" class=\"yoast-schema-graph\">{\"@context\":\"https:\\\/\\\/schema.org\",\"@graph\":[{\"@type\":\"Article\",\"@id\":\"https:\\\/\\\/dpress.ma\\\/fr\\\/2026\\\/04\\\/27\\\/entraide-nationale-69-ans-dengagement-soutenu-en-faveur-du-renforcement-de-la-cohesion-sociale\\\/#article\",\"isPartOf\":{\"@id\":\"https:\\\/\\\/dpress.ma\\\/fr\\\/2026\\\/04\\\/27\\\/entraide-nationale-69-ans-dengagement-soutenu-en-faveur-du-renforcement-de-la-cohesion-sociale\\\/\"},\"author\":{\"name\":\"Dpress.ma\",\"@id\":\"https:\\\/\\\/dpress.ma\\\/fr\\\/#\\\/schema\\\/person\\\/4898febf3ccd59e6578d838656a306a0\"},\"headline\":\"Entraide nationale : 69 ans d\u2019engagement soutenu en faveur du renforcement de la coh\u00e9sion sociale\",\"datePublished\":\"2026-04-27T13:27:32+00:00\",\"dateModified\":\"2026-04-27T13:27:34+00:00\",\"mainEntityOfPage\":{\"@id\":\"https:\\\/\\\/dpress.ma\\\/fr\\\/2026\\\/04\\\/27\\\/entraide-nationale-69-ans-dengagement-soutenu-en-faveur-du-renforcement-de-la-cohesion-sociale\\\/\"},\"wordCount\":1022,\"commentCount\":0,\"image\":{\"@id\":\"https:\\\/\\\/dpress.ma\\\/fr\\\/2026\\\/04\\\/27\\\/entraide-nationale-69-ans-dengagement-soutenu-en-faveur-du-renforcement-de-la-cohesion-sociale\\\/#primaryimage\"},\"thumbnailUrl\":\"https:\\\/\\\/dpress.ma\\\/fr\\\/wp-content\\\/uploads\\\/sites\\\/2\\\/2026\\\/04\\\/45-15.jpg\",\"articleSection\":[\"societe et regions\"],\"inLanguage\":\"fr-FR\",\"potentialAction\":[{\"@type\":\"CommentAction\",\"name\":\"Comment\",\"target\":[\"https:\\\/\\\/dpress.ma\\\/fr\\\/2026\\\/04\\\/27\\\/entraide-nationale-69-ans-dengagement-soutenu-en-faveur-du-renforcement-de-la-cohesion-sociale\\\/#respond\"]}]},{\"@type\":\"WebPage\",\"@id\":\"https:\\\/\\\/dpress.ma\\\/fr\\\/2026\\\/04\\\/27\\\/entraide-nationale-69-ans-dengagement-soutenu-en-faveur-du-renforcement-de-la-cohesion-sociale\\\/\",\"url\":\"https:\\\/\\\/dpress.ma\\\/fr\\\/2026\\\/04\\\/27\\\/entraide-nationale-69-ans-dengagement-soutenu-en-faveur-du-renforcement-de-la-cohesion-sociale\\\/\",\"name\":\"Entraide nationale : 69 ans d\u2019engagement soutenu en faveur du renforcement de la coh\u00e9sion sociale - Dpress.ma\\\/fr\",\"isPartOf\":{\"@id\":\"https:\\\/\\\/dpress.ma\\\/fr\\\/#website\"},\"primaryImageOfPage\":{\"@id\":\"https:\\\/\\\/dpress.ma\\\/fr\\\/2026\\\/04\\\/27\\\/entraide-nationale-69-ans-dengagement-soutenu-en-faveur-du-renforcement-de-la-cohesion-sociale\\\/#primaryimage\"},\"image\":{\"@id\":\"https:\\\/\\\/dpress.ma\\\/fr\\\/2026\\\/04\\\/27\\\/entraide-nationale-69-ans-dengagement-soutenu-en-faveur-du-renforcement-de-la-cohesion-sociale\\\/#primaryimage\"},\"thumbnailUrl\":\"https:\\\/\\\/dpress.ma\\\/fr\\\/wp-content\\\/uploads\\\/sites\\\/2\\\/2026\\\/04\\\/45-15.jpg\",\"datePublished\":\"2026-04-27T13:27:32+00:00\",\"dateModified\":\"2026-04-27T13:27:34+00:00\",\"author\":{\"@id\":\"https:\\\/\\\/dpress.ma\\\/fr\\\/#\\\/schema\\\/person\\\/4898febf3ccd59e6578d838656a306a0\"},\"breadcrumb\":{\"@id\":\"https:\\\/\\\/dpress.ma\\\/fr\\\/2026\\\/04\\\/27\\\/entraide-nationale-69-ans-dengagement-soutenu-en-faveur-du-renforcement-de-la-cohesion-sociale\\\/#breadcrumb\"},\"inLanguage\":\"fr-FR\",\"potentialAction\":[{\"@type\":\"ReadAction\",\"target\":[\"https:\\\/\\\/dpress.ma\\\/fr\\\/2026\\\/04\\\/27\\\/entraide-nationale-69-ans-dengagement-soutenu-en-faveur-du-renforcement-de-la-cohesion-sociale\\\/\"]}]},{\"@type\":\"ImageObject\",\"inLanguage\":\"fr-FR\",\"@id\":\"https:\\\/\\\/dpress.ma\\\/fr\\\/2026\\\/04\\\/27\\\/entraide-nationale-69-ans-dengagement-soutenu-en-faveur-du-renforcement-de-la-cohesion-sociale\\\/#primaryimage\",\"url\":\"https:\\\/\\\/dpress.ma\\\/fr\\\/wp-content\\\/uploads\\\/sites\\\/2\\\/2026\\\/04\\\/45-15.jpg\",\"contentUrl\":\"https:\\\/\\\/dpress.ma\\\/fr\\\/wp-content\\\/uploads\\\/sites\\\/2\\\/2026\\\/04\\\/45-15.jpg\",\"width\":2539,\"height\":1594},{\"@type\":\"BreadcrumbList\",\"@id\":\"https:\\\/\\\/dpress.ma\\\/fr\\\/2026\\\/04\\\/27\\\/entraide-nationale-69-ans-dengagement-soutenu-en-faveur-du-renforcement-de-la-cohesion-sociale\\\/#breadcrumb\",\"itemListElement\":[{\"@type\":\"ListItem\",\"position\":1,\"name\":\"Home\",\"item\":\"https:\\\/\\\/dpress.ma\\\/fr\\\/\"},{\"@type\":\"ListItem\",\"position\":2,\"name\":\"Entraide nationale : 69 ans d\u2019engagement soutenu en faveur du renforcement de la coh\u00e9sion sociale\"}]},{\"@type\":\"WebSite\",\"@id\":\"https:\\\/\\\/dpress.ma\\\/fr\\\/#website\",\"url\":\"https:\\\/\\\/dpress.ma\\\/fr\\\/\",\"name\":\"Dpress.ma\\\/fr\",\"description\":\"\",\"potentialAction\":[{\"@type\":\"SearchAction\",\"target\":{\"@type\":\"EntryPoint\",\"urlTemplate\":\"https:\\\/\\\/dpress.ma\\\/fr\\\/?s={search_term_string}\"},\"query-input\":{\"@type\":\"PropertyValueSpecification\",\"valueRequired\":true,\"valueName\":\"search_term_string\"}}],\"inLanguage\":\"fr-FR\"},{\"@type\":\"Person\",\"@id\":\"https:\\\/\\\/dpress.ma\\\/fr\\\/#\\\/schema\\\/person\\\/4898febf3ccd59e6578d838656a306a0\",\"name\":\"Dpress.ma\",\"image\":{\"@type\":\"ImageObject\",\"inLanguage\":\"fr-FR\",\"@id\":\"https:\\\/\\\/secure.gravatar.com\\\/avatar\\\/72ecc30e9db047a2e0e7176561eb9d564ed77c8108376495b19bd8336405198a?s=96&d=mm&r=g\",\"url\":\"https:\\\/\\\/secure.gravatar.com\\\/avatar\\\/72ecc30e9db047a2e0e7176561eb9d564ed77c8108376495b19bd8336405198a?s=96&d=mm&r=g\",\"contentUrl\":\"https:\\\/\\\/secure.gravatar.com\\\/avatar\\\/72ecc30e9db047a2e0e7176561eb9d564ed77c8108376495b19bd8336405198a?s=96&d=mm&r=g\",\"caption\":\"Dpress.ma\"},\"sameAs\":[\"https:\\\/\\\/www.dpress.ma\"],\"url\":\"https:\\\/\\\/dpress.ma\\\/fr\\\/author\\\/dpress-ma\\\/\"}]}<\/script>\n<!-- \/ Yoast SEO plugin. -->","yoast_head_json":{"title":"Entraide nationale : 69 ans d\u2019engagement soutenu en faveur du renforcement de la coh\u00e9sion sociale - Dpress.ma\/fr","robots":{"index":"index","follow":"follow","max-snippet":"max-snippet:-1","max-image-preview":"max-image-preview:large","max-video-preview":"max-video-preview:-1"},"canonical":"https:\/\/dpress.ma\/fr\/2026\/04\/27\/entraide-nationale-69-ans-dengagement-soutenu-en-faveur-du-renforcement-de-la-cohesion-sociale\/","og_locale":"fr_FR","og_type":"article","og_title":"Entraide nationale : 69 ans d\u2019engagement soutenu en faveur du renforcement de la coh\u00e9sion sociale - Dpress.ma\/fr","og_description":"Dpress L\u2019Entraide nationale (EN) c\u00e9l\u00e8bre, ce lundi 27 avril, son 69e anniversaire, l\u2019occasion de mettre en avant les efforts consentis par cette institution en vue d\u2019am\u00e9liorer les conditions de vie des personnes d\u00e9munies et de promouvoir les valeurs d\u2019\u00e9quit\u00e9 et de justice sociale. Cr\u00e9\u00e9e en 1957 par feu Sa Majest\u00e9 le Roi Mohammed V, l\u2019Entraide &hellip;","og_url":"https:\/\/dpress.ma\/fr\/2026\/04\/27\/entraide-nationale-69-ans-dengagement-soutenu-en-faveur-du-renforcement-de-la-cohesion-sociale\/","og_site_name":"Dpress.ma\/fr","article_published_time":"2026-04-27T13:27:32+00:00","article_modified_time":"2026-04-27T13:27:34+00:00","og_image":[{"width":2539,"height":1594,"url":"https:\/\/dpress.ma\/fr\/wp-content\/uploads\/sites\/2\/2026\/04\/45-15.jpg","type":"image\/jpeg"}],"author":"Dpress.ma","twitter_card":"summary_large_image","twitter_misc":{"\u00c9crit par":"Dpress.ma","Dur\u00e9e de lecture estim\u00e9e":"5 minutes"},"schema":{"@context":"https:\/\/schema.org","@graph":[{"@type":"Article","@id":"https:\/\/dpress.ma\/fr\/2026\/04\/27\/entraide-nationale-69-ans-dengagement-soutenu-en-faveur-du-renforcement-de-la-cohesion-sociale\/#article","isPartOf":{"@id":"https:\/\/dpress.ma\/fr\/2026\/04\/27\/entraide-nationale-69-ans-dengagement-soutenu-en-faveur-du-renforcement-de-la-cohesion-sociale\/"},"author":{"name":"Dpress.ma","@id":"https:\/\/dpress.ma\/fr\/#\/schema\/person\/4898febf3ccd59e6578d838656a306a0"},"headline":"Entraide nationale : 69 ans d\u2019engagement soutenu en faveur du renforcement de la coh\u00e9sion sociale","datePublished":"2026-04-27T13:27:32+00:00","dateModified":"2026-04-27T13:27:34+00:00","mainEntityOfPage":{"@id":"https:\/\/dpress.ma\/fr\/2026\/04\/27\/entraide-nationale-69-ans-dengagement-soutenu-en-faveur-du-renforcement-de-la-cohesion-sociale\/"},"wordCount":1022,"commentCount":0,"image":{"@id":"https:\/\/dpress.ma\/fr\/2026\/04\/27\/entraide-nationale-69-ans-dengagement-soutenu-en-faveur-du-renforcement-de-la-cohesion-sociale\/#primaryimage"},"thumbnailUrl":"https:\/\/dpress.ma\/fr\/wp-content\/uploads\/sites\/2\/2026\/04\/45-15.jpg","articleSection":["societe et regions"],"inLanguage":"fr-FR","potentialAction":[{"@type":"CommentAction","name":"Comment","target":["https:\/\/dpress.ma\/fr\/2026\/04\/27\/entraide-nationale-69-ans-dengagement-soutenu-en-faveur-du-renforcement-de-la-cohesion-sociale\/#respond"]}]},{"@type":"WebPage","@id":"https:\/\/dpress.ma\/fr\/2026\/04\/27\/entraide-nationale-69-ans-dengagement-soutenu-en-faveur-du-renforcement-de-la-cohesion-sociale\/","url":"https:\/\/dpress.ma\/fr\/2026\/04\/27\/entraide-nationale-69-ans-dengagement-soutenu-en-faveur-du-renforcement-de-la-cohesion-sociale\/","name":"Entraide nationale : 69 ans d\u2019engagement soutenu en faveur du renforcement de la coh\u00e9sion sociale - Dpress.ma\/fr","isPartOf":{"@id":"https:\/\/dpress.ma\/fr\/#website"},"primaryImageOfPage":{"@id":"https:\/\/dpress.ma\/fr\/2026\/04\/27\/entraide-nationale-69-ans-dengagement-soutenu-en-faveur-du-renforcement-de-la-cohesion-sociale\/#primaryimage"},"image":{"@id":"https:\/\/dpress.ma\/fr\/2026\/04\/27\/entraide-nationale-69-ans-dengagement-soutenu-en-faveur-du-renforcement-de-la-cohesion-sociale\/#primaryimage"},"thumbnailUrl":"https:\/\/dpress.ma\/fr\/wp-content\/uploads\/sites\/2\/2026\/04\/45-15.jpg","datePublished":"2026-04-27T13:27:32+00:00","dateModified":"2026-04-27T13:27:34+00:00","author":{"@id":"https:\/\/dpress.ma\/fr\/#\/schema\/person\/4898febf3ccd59e6578d838656a306a0"},"breadcrumb":{"@id":"https:\/\/dpress.ma\/fr\/2026\/04\/27\/entraide-nationale-69-ans-dengagement-soutenu-en-faveur-du-renforcement-de-la-cohesion-sociale\/#breadcrumb"},"inLanguage":"fr-FR","potentialAction":[{"@type":"ReadAction","target":["https:\/\/dpress.ma\/fr\/2026\/04\/27\/entraide-nationale-69-ans-dengagement-soutenu-en-faveur-du-renforcement-de-la-cohesion-sociale\/"]}]},{"@type":"ImageObject","inLanguage":"fr-FR","@id":"https:\/\/dpress.ma\/fr\/2026\/04\/27\/entraide-nationale-69-ans-dengagement-soutenu-en-faveur-du-renforcement-de-la-cohesion-sociale\/#primaryimage","url":"https:\/\/dpress.ma\/fr\/wp-content\/uploads\/sites\/2\/2026\/04\/45-15.jpg","contentUrl":"https:\/\/dpress.ma\/fr\/wp-content\/uploads\/sites\/2\/2026\/04\/45-15.jpg","width":2539,"height":1594},{"@type":"BreadcrumbList","@id":"https:\/\/dpress.ma\/fr\/2026\/04\/27\/entraide-nationale-69-ans-dengagement-soutenu-en-faveur-du-renforcement-de-la-cohesion-sociale\/#breadcrumb","itemListElement":[{"@type":"ListItem","position":1,"name":"Home","item":"https:\/\/dpress.ma\/fr\/"},{"@type":"ListItem","position":2,"name":"Entraide nationale : 69 ans d\u2019engagement soutenu en faveur du renforcement de la coh\u00e9sion sociale"}]},{"@type":"WebSite","@id":"https:\/\/dpress.ma\/fr\/#website","url":"https:\/\/dpress.ma\/fr\/","name":"Dpress.ma\/fr","description":"","potentialAction":[{"@type":"SearchAction","target":{"@type":"EntryPoint","urlTemplate":"https:\/\/dpress.ma\/fr\/?s={search_term_string}"},"query-input":{"@type":"PropertyValueSpecification","valueRequired":true,"valueName":"search_term_string"}}],"inLanguage":"fr-FR"},{"@type":"Person","@id":"https:\/\/dpress.ma\/fr\/#\/schema\/person\/4898febf3ccd59e6578d838656a306a0","name":"Dpress.ma","image":{"@type":"ImageObject","inLanguage":"fr-FR","@id":"https:\/\/secure.gravatar.com\/avatar\/72ecc30e9db047a2e0e7176561eb9d564ed77c8108376495b19bd8336405198a?s=96&d=mm&r=g","url":"https:\/\/secure.gravatar.com\/avatar\/72ecc30e9db047a2e0e7176561eb9d564ed77c8108376495b19bd8336405198a?s=96&d=mm&r=g","contentUrl":"https:\/\/secure.gravatar.com\/avatar\/72ecc30e9db047a2e0e7176561eb9d564ed77c8108376495b19bd8336405198a?s=96&d=mm&r=g","caption":"Dpress.ma"},"sameAs":["https:\/\/www.dpress.ma"],"url":"https:\/\/dpress.ma\/fr\/author\/dpress-ma\/"}]}},"amp_enabled":true,"_links":{"self":[{"href":"https:\/\/dpress.ma\/fr\/wp-json\/wp\/v2\/posts\/29454","targetHints":{"allow":["GET"]}}],"collection":[{"href":"https:\/\/dpress.ma\/fr\/wp-json\/wp\/v2\/posts"}],"about":[{"href":"https:\/\/dpress.ma\/fr\/wp-json\/wp\/v2\/types\/post"}],"author":[{"embeddable":true,"href":"https:\/\/dpress.ma\/fr\/wp-json\/wp\/v2\/users\/2"}],"replies":[{"embeddable":true,"href":"https:\/\/dpress.ma\/fr\/wp-json\/wp\/v2\/comments?post=29454"}],"version-history":[{"count":1,"href":"https:\/\/dpress.ma\/fr\/wp-json\/wp\/v2\/posts\/29454\/revisions"}],"predecessor-version":[{"id":29456,"href":"https:\/\/dpress.ma\/fr\/wp-json\/wp\/v2\/posts\/29454\/revisions\/29456"}],"wp:featuredmedia":[{"embeddable":true,"href":"https:\/\/dpress.ma\/fr\/wp-json\/wp\/v2\/media\/29455"}],"wp:attachment":[{"href":"https:\/\/dpress.ma\/fr\/wp-json\/wp\/v2\/media?parent=29454"}],"wp:term":[{"taxonomy":"category","embeddable":true,"href":"https:\/\/dpress.ma\/fr\/wp-json\/wp\/v2\/categories?post=29454"},{"taxonomy":"post_tag","embeddable":true,"href":"https:\/\/dpress.ma\/fr\/wp-json\/wp\/v2\/tags?post=29454"}],"curies":[{"name":"wp","href":"https:\/\/api.w.org\/{rel}","templated":true}]}}