{"id":29452,"date":"2026-04-27T13:26:39","date_gmt":"2026-04-27T13:26:39","guid":{"rendered":"https:\/\/dpress.ma\/fr\/?p=29452"},"modified":"2026-04-27T13:26:41","modified_gmt":"2026-04-27T13:26:41","slug":"averses-orageuses-localement-fortes-lundi-et-mardi-dans-certaines-provinces-du-royaume","status":"publish","type":"post","link":"https:\/\/dpress.ma\/fr\/2026\/04\/27\/averses-orageuses-localement-fortes-lundi-et-mardi-dans-certaines-provinces-du-royaume\/","title":{"rendered":"Averses orageuses localement fortes lundi et mardi dans certaines provinces du Royaume"},"content":{"rendered":"\n<p class=\"wp-block-paragraph\">Dpress<\/p>\n\n\n\n<p class=\"wp-block-paragraph\">Des&nbsp;averses orageuses localement fortes sont pr\u00e9vues, lundi et mardi,&nbsp;dans certaines provinces du Royaume,&nbsp;a indiqu\u00e9 la Direction g\u00e9n\u00e9rale de la m\u00e9t\u00e9orologie (DGM).<\/p>\n\n\n\n<p class=\"wp-block-paragraph\">Ainsi, des averses orageuses localement fortes (30 \u00e0 40 mm) avec rafales sous orages et gr\u00eale locale&nbsp;sont attendues, lundi de 14H00 \u00e0 23H00, dans les provinces de Kh\u00e9misset, Sidi Slimane, Kh\u00e9nifra, Khouribga, Fquih Ben Saleh, Azilal, B\u00e9ni Mellal, Settat, Marrakech, El Kalaa des Sraghna, Al Haouz et Rehamna, a pr\u00e9cis\u00e9 la DGM dans un bulletin d\u2019alerte de niveau de vigilance orange.<\/p>\n\n\n\n<p class=\"wp-block-paragraph\">Le&nbsp;m\u00eame&nbsp;ph\u00e9nom\u00e8ne (25 \u00e0 30 mm) est pr\u00e9vu du lundi \u00e0 18h00 au mardi \u00e0 6h00&nbsp;dans les provinces de Chefchaouen, Al Hoceima, Driouch, Taza et Taounat.<\/p>\n","protected":false},"excerpt":{"rendered":"<p>Dpress Des&nbsp;averses orageuses localement fortes sont pr\u00e9vues, lundi et mardi,&nbsp;dans certaines provinces du Royaume,&nbsp;a indiqu\u00e9 la Direction g\u00e9n\u00e9rale de la m\u00e9t\u00e9orologie (DGM). Ainsi, des averses orageuses localement fortes (30 \u00e0 40 mm) avec rafales sous orages et gr\u00eale locale&nbsp;sont attendues, lundi de 14H00 \u00e0 23H00, dans les provinces de Kh\u00e9misset, Sidi Slimane, Kh\u00e9nifra, Khouribga, Fquih &hellip;<\/p>\n","protected":false},"author":2,"featured_media":29203,"comment_status":"open","ping_status":"open","sticky":false,"template":"","format":"standard","meta":{"footnotes":""},"categories":[40],"tags":[],"class_list":["post-29452","post","type-post","status-publish","format-standard","has-post-thumbnail","hentry","category-societe-et-regions"],"yoast_head":"<!-- This site is optimized with the Yoast SEO plugin v28.0 - https:\/\/yoast.com\/product\/yoast-seo-wordpress\/ -->\n<title>Averses orageuses localement fortes lundi et mardi dans certaines provinces du Royaume - Dpress.ma\/fr<\/title>\n<meta name=\"robots\" content=\"index, follow, max-snippet:-1, max-image-preview:large, max-video-preview:-1\" \/>\n<link rel=\"canonical\" href=\"https:\/\/dpress.ma\/fr\/2026\/04\/27\/averses-orageuses-localement-fortes-lundi-et-mardi-dans-certaines-provinces-du-royaume\/\" \/>\n<meta property=\"og:locale\" content=\"fr_FR\" \/>\n<meta property=\"og:type\" content=\"article\" \/>\n<meta property=\"og:title\" content=\"Averses orageuses localement fortes lundi et mardi dans certaines provinces du Royaume - Dpress.ma\/fr\" \/>\n<meta property=\"og:description\" content=\"Dpress Des&nbsp;averses orageuses localement fortes sont pr\u00e9vues, lundi et mardi,&nbsp;dans certaines provinces du Royaume,&nbsp;a indiqu\u00e9 la Direction g\u00e9n\u00e9rale de la m\u00e9t\u00e9orologie (DGM). Ainsi, des averses orageuses localement fortes (30 \u00e0 40 mm) avec rafales sous orages et gr\u00eale locale&nbsp;sont attendues, lundi de 14H00 \u00e0 23H00, dans les provinces de Kh\u00e9misset, Sidi Slimane, Kh\u00e9nifra, Khouribga, Fquih &hellip;\" \/>\n<meta property=\"og:url\" content=\"https:\/\/dpress.ma\/fr\/2026\/04\/27\/averses-orageuses-localement-fortes-lundi-et-mardi-dans-certaines-provinces-du-royaume\/\" \/>\n<meta property=\"og:site_name\" content=\"Dpress.ma\/fr\" \/>\n<meta property=\"article:published_time\" content=\"2026-04-27T13:26:39+00:00\" \/>\n<meta property=\"article:modified_time\" content=\"2026-04-27T13:26:41+00:00\" \/>\n<meta property=\"og:image\" content=\"https:\/\/dpress.ma\/fr\/wp-content\/uploads\/sites\/2\/2026\/04\/13-6.jpg\" \/>\n\t<meta property=\"og:image:width\" content=\"2539\" \/>\n\t<meta property=\"og:image:height\" content=\"1594\" \/>\n\t<meta property=\"og:image:type\" content=\"image\/jpeg\" \/>\n<meta name=\"author\" content=\"Dpress.ma\" \/>\n<meta name=\"twitter:card\" content=\"summary_large_image\" \/>\n<meta name=\"twitter:label1\" content=\"\u00c9crit par\" \/>\n\t<meta name=\"twitter:data1\" content=\"Dpress.ma\" \/>\n\t<meta name=\"twitter:label2\" content=\"Dur\u00e9e de lecture estim\u00e9e\" \/>\n\t<meta name=\"twitter:data2\" content=\"1 minute\" \/>\n<script type=\"application\/ld+json\" class=\"yoast-schema-graph\">{\"@context\":\"https:\\\/\\\/schema.org\",\"@graph\":[{\"@type\":\"Article\",\"@id\":\"https:\\\/\\\/dpress.ma\\\/fr\\\/2026\\\/04\\\/27\\\/averses-orageuses-localement-fortes-lundi-et-mardi-dans-certaines-provinces-du-royaume\\\/#article\",\"isPartOf\":{\"@id\":\"https:\\\/\\\/dpress.ma\\\/fr\\\/2026\\\/04\\\/27\\\/averses-orageuses-localement-fortes-lundi-et-mardi-dans-certaines-provinces-du-royaume\\\/\"},\"author\":{\"name\":\"Dpress.ma\",\"@id\":\"https:\\\/\\\/dpress.ma\\\/fr\\\/#\\\/schema\\\/person\\\/4898febf3ccd59e6578d838656a306a0\"},\"headline\":\"Averses orageuses localement fortes lundi et mardi dans certaines provinces du Royaume\",\"datePublished\":\"2026-04-27T13:26:39+00:00\",\"dateModified\":\"2026-04-27T13:26:41+00:00\",\"mainEntityOfPage\":{\"@id\":\"https:\\\/\\\/dpress.ma\\\/fr\\\/2026\\\/04\\\/27\\\/averses-orageuses-localement-fortes-lundi-et-mardi-dans-certaines-provinces-du-royaume\\\/\"},\"wordCount\":140,\"commentCount\":0,\"image\":{\"@id\":\"https:\\\/\\\/dpress.ma\\\/fr\\\/2026\\\/04\\\/27\\\/averses-orageuses-localement-fortes-lundi-et-mardi-dans-certaines-provinces-du-royaume\\\/#primaryimage\"},\"thumbnailUrl\":\"https:\\\/\\\/dpress.ma\\\/fr\\\/wp-content\\\/uploads\\\/sites\\\/2\\\/2026\\\/04\\\/13-6.jpg\",\"articleSection\":[\"societe et regions\"],\"inLanguage\":\"fr-FR\",\"potentialAction\":[{\"@type\":\"CommentAction\",\"name\":\"Comment\",\"target\":[\"https:\\\/\\\/dpress.ma\\\/fr\\\/2026\\\/04\\\/27\\\/averses-orageuses-localement-fortes-lundi-et-mardi-dans-certaines-provinces-du-royaume\\\/#respond\"]}]},{\"@type\":\"WebPage\",\"@id\":\"https:\\\/\\\/dpress.ma\\\/fr\\\/2026\\\/04\\\/27\\\/averses-orageuses-localement-fortes-lundi-et-mardi-dans-certaines-provinces-du-royaume\\\/\",\"url\":\"https:\\\/\\\/dpress.ma\\\/fr\\\/2026\\\/04\\\/27\\\/averses-orageuses-localement-fortes-lundi-et-mardi-dans-certaines-provinces-du-royaume\\\/\",\"name\":\"Averses orageuses localement fortes lundi et mardi dans certaines provinces du Royaume - Dpress.ma\\\/fr\",\"isPartOf\":{\"@id\":\"https:\\\/\\\/dpress.ma\\\/fr\\\/#website\"},\"primaryImageOfPage\":{\"@id\":\"https:\\\/\\\/dpress.ma\\\/fr\\\/2026\\\/04\\\/27\\\/averses-orageuses-localement-fortes-lundi-et-mardi-dans-certaines-provinces-du-royaume\\\/#primaryimage\"},\"image\":{\"@id\":\"https:\\\/\\\/dpress.ma\\\/fr\\\/2026\\\/04\\\/27\\\/averses-orageuses-localement-fortes-lundi-et-mardi-dans-certaines-provinces-du-royaume\\\/#primaryimage\"},\"thumbnailUrl\":\"https:\\\/\\\/dpress.ma\\\/fr\\\/wp-content\\\/uploads\\\/sites\\\/2\\\/2026\\\/04\\\/13-6.jpg\",\"datePublished\":\"2026-04-27T13:26:39+00:00\",\"dateModified\":\"2026-04-27T13:26:41+00:00\",\"author\":{\"@id\":\"https:\\\/\\\/dpress.ma\\\/fr\\\/#\\\/schema\\\/person\\\/4898febf3ccd59e6578d838656a306a0\"},\"breadcrumb\":{\"@id\":\"https:\\\/\\\/dpress.ma\\\/fr\\\/2026\\\/04\\\/27\\\/averses-orageuses-localement-fortes-lundi-et-mardi-dans-certaines-provinces-du-royaume\\\/#breadcrumb\"},\"inLanguage\":\"fr-FR\",\"potentialAction\":[{\"@type\":\"ReadAction\",\"target\":[\"https:\\\/\\\/dpress.ma\\\/fr\\\/2026\\\/04\\\/27\\\/averses-orageuses-localement-fortes-lundi-et-mardi-dans-certaines-provinces-du-royaume\\\/\"]}]},{\"@type\":\"ImageObject\",\"inLanguage\":\"fr-FR\",\"@id\":\"https:\\\/\\\/dpress.ma\\\/fr\\\/2026\\\/04\\\/27\\\/averses-orageuses-localement-fortes-lundi-et-mardi-dans-certaines-provinces-du-royaume\\\/#primaryimage\",\"url\":\"https:\\\/\\\/dpress.ma\\\/fr\\\/wp-content\\\/uploads\\\/sites\\\/2\\\/2026\\\/04\\\/13-6.jpg\",\"contentUrl\":\"https:\\\/\\\/dpress.ma\\\/fr\\\/wp-content\\\/uploads\\\/sites\\\/2\\\/2026\\\/04\\\/13-6.jpg\",\"width\":2539,\"height\":1594},{\"@type\":\"BreadcrumbList\",\"@id\":\"https:\\\/\\\/dpress.ma\\\/fr\\\/2026\\\/04\\\/27\\\/averses-orageuses-localement-fortes-lundi-et-mardi-dans-certaines-provinces-du-royaume\\\/#breadcrumb\",\"itemListElement\":[{\"@type\":\"ListItem\",\"position\":1,\"name\":\"Home\",\"item\":\"https:\\\/\\\/dpress.ma\\\/fr\\\/\"},{\"@type\":\"ListItem\",\"position\":2,\"name\":\"Averses orageuses localement fortes lundi et mardi dans certaines provinces du Royaume\"}]},{\"@type\":\"WebSite\",\"@id\":\"https:\\\/\\\/dpress.ma\\\/fr\\\/#website\",\"url\":\"https:\\\/\\\/dpress.ma\\\/fr\\\/\",\"name\":\"Dpress.ma\\\/fr\",\"description\":\"\",\"potentialAction\":[{\"@type\":\"SearchAction\",\"target\":{\"@type\":\"EntryPoint\",\"urlTemplate\":\"https:\\\/\\\/dpress.ma\\\/fr\\\/?s={search_term_string}\"},\"query-input\":{\"@type\":\"PropertyValueSpecification\",\"valueRequired\":true,\"valueName\":\"search_term_string\"}}],\"inLanguage\":\"fr-FR\"},{\"@type\":\"Person\",\"@id\":\"https:\\\/\\\/dpress.ma\\\/fr\\\/#\\\/schema\\\/person\\\/4898febf3ccd59e6578d838656a306a0\",\"name\":\"Dpress.ma\",\"image\":{\"@type\":\"ImageObject\",\"inLanguage\":\"fr-FR\",\"@id\":\"https:\\\/\\\/secure.gravatar.com\\\/avatar\\\/72ecc30e9db047a2e0e7176561eb9d564ed77c8108376495b19bd8336405198a?s=96&d=mm&r=g\",\"url\":\"https:\\\/\\\/secure.gravatar.com\\\/avatar\\\/72ecc30e9db047a2e0e7176561eb9d564ed77c8108376495b19bd8336405198a?s=96&d=mm&r=g\",\"contentUrl\":\"https:\\\/\\\/secure.gravatar.com\\\/avatar\\\/72ecc30e9db047a2e0e7176561eb9d564ed77c8108376495b19bd8336405198a?s=96&d=mm&r=g\",\"caption\":\"Dpress.ma\"},\"sameAs\":[\"https:\\\/\\\/www.dpress.ma\"],\"url\":\"https:\\\/\\\/dpress.ma\\\/fr\\\/author\\\/dpress-ma\\\/\"}]}<\/script>\n<!-- \/ Yoast SEO plugin. -->","yoast_head_json":{"title":"Averses orageuses localement fortes lundi et mardi dans certaines provinces du Royaume - Dpress.ma\/fr","robots":{"index":"index","follow":"follow","max-snippet":"max-snippet:-1","max-image-preview":"max-image-preview:large","max-video-preview":"max-video-preview:-1"},"canonical":"https:\/\/dpress.ma\/fr\/2026\/04\/27\/averses-orageuses-localement-fortes-lundi-et-mardi-dans-certaines-provinces-du-royaume\/","og_locale":"fr_FR","og_type":"article","og_title":"Averses orageuses localement fortes lundi et mardi dans certaines provinces du Royaume - Dpress.ma\/fr","og_description":"Dpress Des&nbsp;averses orageuses localement fortes sont pr\u00e9vues, lundi et mardi,&nbsp;dans certaines provinces du Royaume,&nbsp;a indiqu\u00e9 la Direction g\u00e9n\u00e9rale de la m\u00e9t\u00e9orologie (DGM). Ainsi, des averses orageuses localement fortes (30 \u00e0 40 mm) avec rafales sous orages et gr\u00eale locale&nbsp;sont attendues, lundi de 14H00 \u00e0 23H00, dans les provinces de Kh\u00e9misset, Sidi Slimane, Kh\u00e9nifra, Khouribga, Fquih &hellip;","og_url":"https:\/\/dpress.ma\/fr\/2026\/04\/27\/averses-orageuses-localement-fortes-lundi-et-mardi-dans-certaines-provinces-du-royaume\/","og_site_name":"Dpress.ma\/fr","article_published_time":"2026-04-27T13:26:39+00:00","article_modified_time":"2026-04-27T13:26:41+00:00","og_image":[{"width":2539,"height":1594,"url":"https:\/\/dpress.ma\/fr\/wp-content\/uploads\/sites\/2\/2026\/04\/13-6.jpg","type":"image\/jpeg"}],"author":"Dpress.ma","twitter_card":"summary_large_image","twitter_misc":{"\u00c9crit par":"Dpress.ma","Dur\u00e9e de lecture estim\u00e9e":"1 minute"},"schema":{"@context":"https:\/\/schema.org","@graph":[{"@type":"Article","@id":"https:\/\/dpress.ma\/fr\/2026\/04\/27\/averses-orageuses-localement-fortes-lundi-et-mardi-dans-certaines-provinces-du-royaume\/#article","isPartOf":{"@id":"https:\/\/dpress.ma\/fr\/2026\/04\/27\/averses-orageuses-localement-fortes-lundi-et-mardi-dans-certaines-provinces-du-royaume\/"},"author":{"name":"Dpress.ma","@id":"https:\/\/dpress.ma\/fr\/#\/schema\/person\/4898febf3ccd59e6578d838656a306a0"},"headline":"Averses orageuses localement fortes lundi et mardi dans certaines provinces du Royaume","datePublished":"2026-04-27T13:26:39+00:00","dateModified":"2026-04-27T13:26:41+00:00","mainEntityOfPage":{"@id":"https:\/\/dpress.ma\/fr\/2026\/04\/27\/averses-orageuses-localement-fortes-lundi-et-mardi-dans-certaines-provinces-du-royaume\/"},"wordCount":140,"commentCount":0,"image":{"@id":"https:\/\/dpress.ma\/fr\/2026\/04\/27\/averses-orageuses-localement-fortes-lundi-et-mardi-dans-certaines-provinces-du-royaume\/#primaryimage"},"thumbnailUrl":"https:\/\/dpress.ma\/fr\/wp-content\/uploads\/sites\/2\/2026\/04\/13-6.jpg","articleSection":["societe et regions"],"inLanguage":"fr-FR","potentialAction":[{"@type":"CommentAction","name":"Comment","target":["https:\/\/dpress.ma\/fr\/2026\/04\/27\/averses-orageuses-localement-fortes-lundi-et-mardi-dans-certaines-provinces-du-royaume\/#respond"]}]},{"@type":"WebPage","@id":"https:\/\/dpress.ma\/fr\/2026\/04\/27\/averses-orageuses-localement-fortes-lundi-et-mardi-dans-certaines-provinces-du-royaume\/","url":"https:\/\/dpress.ma\/fr\/2026\/04\/27\/averses-orageuses-localement-fortes-lundi-et-mardi-dans-certaines-provinces-du-royaume\/","name":"Averses orageuses localement fortes lundi et mardi dans certaines provinces du Royaume - Dpress.ma\/fr","isPartOf":{"@id":"https:\/\/dpress.ma\/fr\/#website"},"primaryImageOfPage":{"@id":"https:\/\/dpress.ma\/fr\/2026\/04\/27\/averses-orageuses-localement-fortes-lundi-et-mardi-dans-certaines-provinces-du-royaume\/#primaryimage"},"image":{"@id":"https:\/\/dpress.ma\/fr\/2026\/04\/27\/averses-orageuses-localement-fortes-lundi-et-mardi-dans-certaines-provinces-du-royaume\/#primaryimage"},"thumbnailUrl":"https:\/\/dpress.ma\/fr\/wp-content\/uploads\/sites\/2\/2026\/04\/13-6.jpg","datePublished":"2026-04-27T13:26:39+00:00","dateModified":"2026-04-27T13:26:41+00:00","author":{"@id":"https:\/\/dpress.ma\/fr\/#\/schema\/person\/4898febf3ccd59e6578d838656a306a0"},"breadcrumb":{"@id":"https:\/\/dpress.ma\/fr\/2026\/04\/27\/averses-orageuses-localement-fortes-lundi-et-mardi-dans-certaines-provinces-du-royaume\/#breadcrumb"},"inLanguage":"fr-FR","potentialAction":[{"@type":"ReadAction","target":["https:\/\/dpress.ma\/fr\/2026\/04\/27\/averses-orageuses-localement-fortes-lundi-et-mardi-dans-certaines-provinces-du-royaume\/"]}]},{"@type":"ImageObject","inLanguage":"fr-FR","@id":"https:\/\/dpress.ma\/fr\/2026\/04\/27\/averses-orageuses-localement-fortes-lundi-et-mardi-dans-certaines-provinces-du-royaume\/#primaryimage","url":"https:\/\/dpress.ma\/fr\/wp-content\/uploads\/sites\/2\/2026\/04\/13-6.jpg","contentUrl":"https:\/\/dpress.ma\/fr\/wp-content\/uploads\/sites\/2\/2026\/04\/13-6.jpg","width":2539,"height":1594},{"@type":"BreadcrumbList","@id":"https:\/\/dpress.ma\/fr\/2026\/04\/27\/averses-orageuses-localement-fortes-lundi-et-mardi-dans-certaines-provinces-du-royaume\/#breadcrumb","itemListElement":[{"@type":"ListItem","position":1,"name":"Home","item":"https:\/\/dpress.ma\/fr\/"},{"@type":"ListItem","position":2,"name":"Averses orageuses localement fortes lundi et mardi dans certaines provinces du Royaume"}]},{"@type":"WebSite","@id":"https:\/\/dpress.ma\/fr\/#website","url":"https:\/\/dpress.ma\/fr\/","name":"Dpress.ma\/fr","description":"","potentialAction":[{"@type":"SearchAction","target":{"@type":"EntryPoint","urlTemplate":"https:\/\/dpress.ma\/fr\/?s={search_term_string}"},"query-input":{"@type":"PropertyValueSpecification","valueRequired":true,"valueName":"search_term_string"}}],"inLanguage":"fr-FR"},{"@type":"Person","@id":"https:\/\/dpress.ma\/fr\/#\/schema\/person\/4898febf3ccd59e6578d838656a306a0","name":"Dpress.ma","image":{"@type":"ImageObject","inLanguage":"fr-FR","@id":"https:\/\/secure.gravatar.com\/avatar\/72ecc30e9db047a2e0e7176561eb9d564ed77c8108376495b19bd8336405198a?s=96&d=mm&r=g","url":"https:\/\/secure.gravatar.com\/avatar\/72ecc30e9db047a2e0e7176561eb9d564ed77c8108376495b19bd8336405198a?s=96&d=mm&r=g","contentUrl":"https:\/\/secure.gravatar.com\/avatar\/72ecc30e9db047a2e0e7176561eb9d564ed77c8108376495b19bd8336405198a?s=96&d=mm&r=g","caption":"Dpress.ma"},"sameAs":["https:\/\/www.dpress.ma"],"url":"https:\/\/dpress.ma\/fr\/author\/dpress-ma\/"}]}},"amp_enabled":true,"_links":{"self":[{"href":"https:\/\/dpress.ma\/fr\/wp-json\/wp\/v2\/posts\/29452","targetHints":{"allow":["GET"]}}],"collection":[{"href":"https:\/\/dpress.ma\/fr\/wp-json\/wp\/v2\/posts"}],"about":[{"href":"https:\/\/dpress.ma\/fr\/wp-json\/wp\/v2\/types\/post"}],"author":[{"embeddable":true,"href":"https:\/\/dpress.ma\/fr\/wp-json\/wp\/v2\/users\/2"}],"replies":[{"embeddable":true,"href":"https:\/\/dpress.ma\/fr\/wp-json\/wp\/v2\/comments?post=29452"}],"version-history":[{"count":1,"href":"https:\/\/dpress.ma\/fr\/wp-json\/wp\/v2\/posts\/29452\/revisions"}],"predecessor-version":[{"id":29453,"href":"https:\/\/dpress.ma\/fr\/wp-json\/wp\/v2\/posts\/29452\/revisions\/29453"}],"wp:featuredmedia":[{"embeddable":true,"href":"https:\/\/dpress.ma\/fr\/wp-json\/wp\/v2\/media\/29203"}],"wp:attachment":[{"href":"https:\/\/dpress.ma\/fr\/wp-json\/wp\/v2\/media?parent=29452"}],"wp:term":[{"taxonomy":"category","embeddable":true,"href":"https:\/\/dpress.ma\/fr\/wp-json\/wp\/v2\/categories?post=29452"},{"taxonomy":"post_tag","embeddable":true,"href":"https:\/\/dpress.ma\/fr\/wp-json\/wp\/v2\/tags?post=29452"}],"curies":[{"name":"wp","href":"https:\/\/api.w.org\/{rel}","templated":true}]}}