{"id":29443,"date":"2026-04-27T10:32:06","date_gmt":"2026-04-27T10:32:06","guid":{"rendered":"https:\/\/dpress.ma\/fr\/?p=29443"},"modified":"2026-04-27T10:32:08","modified_gmt":"2026-04-27T10:32:08","slug":"la-tour-mohammed-vi-serige-comme-le-nouveau-symbole-de-la-modernite-marocaine","status":"publish","type":"post","link":"https:\/\/dpress.ma\/fr\/2026\/04\/27\/la-tour-mohammed-vi-serige-comme-le-nouveau-symbole-de-la-modernite-marocaine\/","title":{"rendered":"La Tour Mohammed VI s\u2019\u00e9rige comme le nouveau symbole de la modernit\u00e9 marocaine"},"content":{"rendered":"\n<p class=\"wp-block-paragraph\">Dpress<\/p>\n\n\n\n<p class=\"wp-block-paragraph\">Dominant fi\u00e8rement l\u2019embouchure du fleuve Bouregreg, entre Rabat et Sal\u00e9, la Tour Mohammed VI s\u2019\u00e9rige comme le nouveau symbole de la modernit\u00e9 marocaine, red\u00e9finissant les standards des destinations touristiques urbaines \u00e0 travers une offre hybride d\u2019une richesse exceptionnelle, \u00e9crit, lundi, le m\u00e9dia fran\u00e7ais d\u00e9di\u00e9 au tourisme \u201cla Quotidienne.fr\u201d.<\/p>\n\n\n\n<p class=\"wp-block-paragraph\">\u201cRabat fait l\u2019actualit\u00e9 avec l\u2019inauguration r\u00e9cente de la Tour Mohammed VI, l\u2019une des plus hautes tours d\u2019Afrique\u201d, souligne le m\u00e9dia dans un article intitul\u00e9&nbsp;\u201cDestination Maroc: Rabat prend de la hauteur avec la Tour Mohammed VI\u201d.<\/p>\n\n\n\n<p class=\"wp-block-paragraph\">Au-del\u00e0 de sa dimension architecturale, ce projet marque surtout l\u2019\u00e9mergence d\u2019une nouvelle destination au c\u0153ur de la capitale marocaine, \u00e0 la crois\u00e9e du tourisme, de la culture et de l\u2019hospitalit\u00e9, poursuit la publication.<\/p>\n\n\n\n<p class=\"wp-block-paragraph\">Ce projet, note la m\u00eame source, se distingue particuli\u00e8rement par sa dimension intellectuelle et esth\u00e9tique, abritant des espaces d\u00e9di\u00e9s \u00e0 la culture et au patrimoine, ainsi qu\u2019un observatoire immersif \u00e0 la pointe de la technologie.<\/p>\n\n\n\n<p class=\"wp-block-paragraph\">D\u2019apr\u00e8s&nbsp;\u201cla Quotidienne\u201d, la programmation artistique y est d\u2019une envergure monumentale, avec une collection permanente de pr\u00e8s de 7.000 \u0153uvres, faisant de la tour une galerie d\u2019art verticale sans \u00e9quivalent sur le continent africain.<\/p>\n\n\n\n<p class=\"wp-block-paragraph\">\u201cCe positionnement illustre une mutation profonde de l\u2019urbanisme contemporain en 2026, o\u00f9 les \u00e9difices iconiques cessent d\u2019\u00eatre de simples centres d\u2019affaires pour devenir des p\u00f4les d\u2019attractivit\u00e9 touristique et culturelle \u00e0 part enti\u00e8re\u201d, fait observer l\u2019auteur de l\u2019article.<\/p>\n\n\n\n<p class=\"wp-block-paragraph\">En fusionnant ainsi prouesse technologique, patrimoine et art de vivre, la Tour Mohammed VI s\u2019impose comme le moteur du rayonnement international de la vall\u00e9e du Bouregreg, invitant le monde \u00e0 d\u00e9couvrir un Maroc qui regarde vers le ciel tout en honorant ses racines, conclut la publication.<\/p>\n","protected":false},"excerpt":{"rendered":"<p>Dpress Dominant fi\u00e8rement l\u2019embouchure du fleuve Bouregreg, entre Rabat et Sal\u00e9, la Tour Mohammed VI s\u2019\u00e9rige comme le nouveau symbole de la modernit\u00e9 marocaine, red\u00e9finissant les standards des destinations touristiques urbaines \u00e0 travers une offre hybride d\u2019une richesse exceptionnelle, \u00e9crit, lundi, le m\u00e9dia fran\u00e7ais d\u00e9di\u00e9 au tourisme \u201cla Quotidienne.fr\u201d. \u201cRabat fait l\u2019actualit\u00e9 avec l\u2019inauguration r\u00e9cente &hellip;<\/p>\n","protected":false},"author":2,"featured_media":29444,"comment_status":"open","ping_status":"open","sticky":false,"template":"","format":"standard","meta":{"footnotes":""},"categories":[42],"tags":[],"class_list":["post-29443","post","type-post","status-publish","format-standard","has-post-thumbnail","hentry","category-monde"],"yoast_head":"<!-- This site is optimized with the Yoast SEO plugin v28.0 - https:\/\/yoast.com\/product\/yoast-seo-wordpress\/ -->\n<title>La Tour Mohammed VI s\u2019\u00e9rige comme le nouveau symbole de la modernit\u00e9 marocaine - Dpress.ma\/fr<\/title>\n<meta name=\"robots\" content=\"index, follow, max-snippet:-1, max-image-preview:large, max-video-preview:-1\" \/>\n<link rel=\"canonical\" href=\"https:\/\/dpress.ma\/fr\/2026\/04\/27\/la-tour-mohammed-vi-serige-comme-le-nouveau-symbole-de-la-modernite-marocaine\/\" \/>\n<meta property=\"og:locale\" content=\"fr_FR\" \/>\n<meta property=\"og:type\" content=\"article\" \/>\n<meta property=\"og:title\" content=\"La Tour Mohammed VI s\u2019\u00e9rige comme le nouveau symbole de la modernit\u00e9 marocaine - Dpress.ma\/fr\" \/>\n<meta property=\"og:description\" content=\"Dpress Dominant fi\u00e8rement l\u2019embouchure du fleuve Bouregreg, entre Rabat et Sal\u00e9, la Tour Mohammed VI s\u2019\u00e9rige comme le nouveau symbole de la modernit\u00e9 marocaine, red\u00e9finissant les standards des destinations touristiques urbaines \u00e0 travers une offre hybride d\u2019une richesse exceptionnelle, \u00e9crit, lundi, le m\u00e9dia fran\u00e7ais d\u00e9di\u00e9 au tourisme \u201cla Quotidienne.fr\u201d. \u201cRabat fait l\u2019actualit\u00e9 avec l\u2019inauguration r\u00e9cente &hellip;\" \/>\n<meta property=\"og:url\" content=\"https:\/\/dpress.ma\/fr\/2026\/04\/27\/la-tour-mohammed-vi-serige-comme-le-nouveau-symbole-de-la-modernite-marocaine\/\" \/>\n<meta property=\"og:site_name\" content=\"Dpress.ma\/fr\" \/>\n<meta property=\"article:published_time\" content=\"2026-04-27T10:32:06+00:00\" \/>\n<meta property=\"article:modified_time\" content=\"2026-04-27T10:32:08+00:00\" \/>\n<meta property=\"og:image\" content=\"https:\/\/dpress.ma\/fr\/wp-content\/uploads\/sites\/2\/2026\/04\/30-7.jpg\" \/>\n\t<meta property=\"og:image:width\" content=\"2539\" \/>\n\t<meta property=\"og:image:height\" content=\"1594\" \/>\n\t<meta property=\"og:image:type\" content=\"image\/jpeg\" \/>\n<meta name=\"author\" content=\"Dpress.ma\" \/>\n<meta name=\"twitter:card\" content=\"summary_large_image\" \/>\n<meta name=\"twitter:label1\" content=\"\u00c9crit par\" \/>\n\t<meta name=\"twitter:data1\" content=\"Dpress.ma\" \/>\n\t<meta name=\"twitter:label2\" content=\"Dur\u00e9e de lecture estim\u00e9e\" \/>\n\t<meta name=\"twitter:data2\" content=\"2 minutes\" \/>\n<script type=\"application\/ld+json\" class=\"yoast-schema-graph\">{\"@context\":\"https:\\\/\\\/schema.org\",\"@graph\":[{\"@type\":\"Article\",\"@id\":\"https:\\\/\\\/dpress.ma\\\/fr\\\/2026\\\/04\\\/27\\\/la-tour-mohammed-vi-serige-comme-le-nouveau-symbole-de-la-modernite-marocaine\\\/#article\",\"isPartOf\":{\"@id\":\"https:\\\/\\\/dpress.ma\\\/fr\\\/2026\\\/04\\\/27\\\/la-tour-mohammed-vi-serige-comme-le-nouveau-symbole-de-la-modernite-marocaine\\\/\"},\"author\":{\"name\":\"Dpress.ma\",\"@id\":\"https:\\\/\\\/dpress.ma\\\/fr\\\/#\\\/schema\\\/person\\\/4898febf3ccd59e6578d838656a306a0\"},\"headline\":\"La Tour Mohammed VI s\u2019\u00e9rige comme le nouveau symbole de la modernit\u00e9 marocaine\",\"datePublished\":\"2026-04-27T10:32:06+00:00\",\"dateModified\":\"2026-04-27T10:32:08+00:00\",\"mainEntityOfPage\":{\"@id\":\"https:\\\/\\\/dpress.ma\\\/fr\\\/2026\\\/04\\\/27\\\/la-tour-mohammed-vi-serige-comme-le-nouveau-symbole-de-la-modernite-marocaine\\\/\"},\"wordCount\":320,\"commentCount\":0,\"image\":{\"@id\":\"https:\\\/\\\/dpress.ma\\\/fr\\\/2026\\\/04\\\/27\\\/la-tour-mohammed-vi-serige-comme-le-nouveau-symbole-de-la-modernite-marocaine\\\/#primaryimage\"},\"thumbnailUrl\":\"https:\\\/\\\/dpress.ma\\\/fr\\\/wp-content\\\/uploads\\\/sites\\\/2\\\/2026\\\/04\\\/30-7.jpg\",\"articleSection\":[\"monde\"],\"inLanguage\":\"fr-FR\",\"potentialAction\":[{\"@type\":\"CommentAction\",\"name\":\"Comment\",\"target\":[\"https:\\\/\\\/dpress.ma\\\/fr\\\/2026\\\/04\\\/27\\\/la-tour-mohammed-vi-serige-comme-le-nouveau-symbole-de-la-modernite-marocaine\\\/#respond\"]}]},{\"@type\":\"WebPage\",\"@id\":\"https:\\\/\\\/dpress.ma\\\/fr\\\/2026\\\/04\\\/27\\\/la-tour-mohammed-vi-serige-comme-le-nouveau-symbole-de-la-modernite-marocaine\\\/\",\"url\":\"https:\\\/\\\/dpress.ma\\\/fr\\\/2026\\\/04\\\/27\\\/la-tour-mohammed-vi-serige-comme-le-nouveau-symbole-de-la-modernite-marocaine\\\/\",\"name\":\"La Tour Mohammed VI s\u2019\u00e9rige comme le nouveau symbole de la modernit\u00e9 marocaine - Dpress.ma\\\/fr\",\"isPartOf\":{\"@id\":\"https:\\\/\\\/dpress.ma\\\/fr\\\/#website\"},\"primaryImageOfPage\":{\"@id\":\"https:\\\/\\\/dpress.ma\\\/fr\\\/2026\\\/04\\\/27\\\/la-tour-mohammed-vi-serige-comme-le-nouveau-symbole-de-la-modernite-marocaine\\\/#primaryimage\"},\"image\":{\"@id\":\"https:\\\/\\\/dpress.ma\\\/fr\\\/2026\\\/04\\\/27\\\/la-tour-mohammed-vi-serige-comme-le-nouveau-symbole-de-la-modernite-marocaine\\\/#primaryimage\"},\"thumbnailUrl\":\"https:\\\/\\\/dpress.ma\\\/fr\\\/wp-content\\\/uploads\\\/sites\\\/2\\\/2026\\\/04\\\/30-7.jpg\",\"datePublished\":\"2026-04-27T10:32:06+00:00\",\"dateModified\":\"2026-04-27T10:32:08+00:00\",\"author\":{\"@id\":\"https:\\\/\\\/dpress.ma\\\/fr\\\/#\\\/schema\\\/person\\\/4898febf3ccd59e6578d838656a306a0\"},\"breadcrumb\":{\"@id\":\"https:\\\/\\\/dpress.ma\\\/fr\\\/2026\\\/04\\\/27\\\/la-tour-mohammed-vi-serige-comme-le-nouveau-symbole-de-la-modernite-marocaine\\\/#breadcrumb\"},\"inLanguage\":\"fr-FR\",\"potentialAction\":[{\"@type\":\"ReadAction\",\"target\":[\"https:\\\/\\\/dpress.ma\\\/fr\\\/2026\\\/04\\\/27\\\/la-tour-mohammed-vi-serige-comme-le-nouveau-symbole-de-la-modernite-marocaine\\\/\"]}]},{\"@type\":\"ImageObject\",\"inLanguage\":\"fr-FR\",\"@id\":\"https:\\\/\\\/dpress.ma\\\/fr\\\/2026\\\/04\\\/27\\\/la-tour-mohammed-vi-serige-comme-le-nouveau-symbole-de-la-modernite-marocaine\\\/#primaryimage\",\"url\":\"https:\\\/\\\/dpress.ma\\\/fr\\\/wp-content\\\/uploads\\\/sites\\\/2\\\/2026\\\/04\\\/30-7.jpg\",\"contentUrl\":\"https:\\\/\\\/dpress.ma\\\/fr\\\/wp-content\\\/uploads\\\/sites\\\/2\\\/2026\\\/04\\\/30-7.jpg\",\"width\":2539,\"height\":1594},{\"@type\":\"BreadcrumbList\",\"@id\":\"https:\\\/\\\/dpress.ma\\\/fr\\\/2026\\\/04\\\/27\\\/la-tour-mohammed-vi-serige-comme-le-nouveau-symbole-de-la-modernite-marocaine\\\/#breadcrumb\",\"itemListElement\":[{\"@type\":\"ListItem\",\"position\":1,\"name\":\"Home\",\"item\":\"https:\\\/\\\/dpress.ma\\\/fr\\\/\"},{\"@type\":\"ListItem\",\"position\":2,\"name\":\"La Tour Mohammed VI s\u2019\u00e9rige comme le nouveau symbole de la modernit\u00e9 marocaine\"}]},{\"@type\":\"WebSite\",\"@id\":\"https:\\\/\\\/dpress.ma\\\/fr\\\/#website\",\"url\":\"https:\\\/\\\/dpress.ma\\\/fr\\\/\",\"name\":\"Dpress.ma\\\/fr\",\"description\":\"\",\"potentialAction\":[{\"@type\":\"SearchAction\",\"target\":{\"@type\":\"EntryPoint\",\"urlTemplate\":\"https:\\\/\\\/dpress.ma\\\/fr\\\/?s={search_term_string}\"},\"query-input\":{\"@type\":\"PropertyValueSpecification\",\"valueRequired\":true,\"valueName\":\"search_term_string\"}}],\"inLanguage\":\"fr-FR\"},{\"@type\":\"Person\",\"@id\":\"https:\\\/\\\/dpress.ma\\\/fr\\\/#\\\/schema\\\/person\\\/4898febf3ccd59e6578d838656a306a0\",\"name\":\"Dpress.ma\",\"image\":{\"@type\":\"ImageObject\",\"inLanguage\":\"fr-FR\",\"@id\":\"https:\\\/\\\/secure.gravatar.com\\\/avatar\\\/72ecc30e9db047a2e0e7176561eb9d564ed77c8108376495b19bd8336405198a?s=96&d=mm&r=g\",\"url\":\"https:\\\/\\\/secure.gravatar.com\\\/avatar\\\/72ecc30e9db047a2e0e7176561eb9d564ed77c8108376495b19bd8336405198a?s=96&d=mm&r=g\",\"contentUrl\":\"https:\\\/\\\/secure.gravatar.com\\\/avatar\\\/72ecc30e9db047a2e0e7176561eb9d564ed77c8108376495b19bd8336405198a?s=96&d=mm&r=g\",\"caption\":\"Dpress.ma\"},\"sameAs\":[\"https:\\\/\\\/www.dpress.ma\"],\"url\":\"https:\\\/\\\/dpress.ma\\\/fr\\\/author\\\/dpress-ma\\\/\"}]}<\/script>\n<!-- \/ Yoast SEO plugin. -->","yoast_head_json":{"title":"La Tour Mohammed VI s\u2019\u00e9rige comme le nouveau symbole de la modernit\u00e9 marocaine - Dpress.ma\/fr","robots":{"index":"index","follow":"follow","max-snippet":"max-snippet:-1","max-image-preview":"max-image-preview:large","max-video-preview":"max-video-preview:-1"},"canonical":"https:\/\/dpress.ma\/fr\/2026\/04\/27\/la-tour-mohammed-vi-serige-comme-le-nouveau-symbole-de-la-modernite-marocaine\/","og_locale":"fr_FR","og_type":"article","og_title":"La Tour Mohammed VI s\u2019\u00e9rige comme le nouveau symbole de la modernit\u00e9 marocaine - Dpress.ma\/fr","og_description":"Dpress Dominant fi\u00e8rement l\u2019embouchure du fleuve Bouregreg, entre Rabat et Sal\u00e9, la Tour Mohammed VI s\u2019\u00e9rige comme le nouveau symbole de la modernit\u00e9 marocaine, red\u00e9finissant les standards des destinations touristiques urbaines \u00e0 travers une offre hybride d\u2019une richesse exceptionnelle, \u00e9crit, lundi, le m\u00e9dia fran\u00e7ais d\u00e9di\u00e9 au tourisme \u201cla Quotidienne.fr\u201d. \u201cRabat fait l\u2019actualit\u00e9 avec l\u2019inauguration r\u00e9cente &hellip;","og_url":"https:\/\/dpress.ma\/fr\/2026\/04\/27\/la-tour-mohammed-vi-serige-comme-le-nouveau-symbole-de-la-modernite-marocaine\/","og_site_name":"Dpress.ma\/fr","article_published_time":"2026-04-27T10:32:06+00:00","article_modified_time":"2026-04-27T10:32:08+00:00","og_image":[{"width":2539,"height":1594,"url":"https:\/\/dpress.ma\/fr\/wp-content\/uploads\/sites\/2\/2026\/04\/30-7.jpg","type":"image\/jpeg"}],"author":"Dpress.ma","twitter_card":"summary_large_image","twitter_misc":{"\u00c9crit par":"Dpress.ma","Dur\u00e9e de lecture estim\u00e9e":"2 minutes"},"schema":{"@context":"https:\/\/schema.org","@graph":[{"@type":"Article","@id":"https:\/\/dpress.ma\/fr\/2026\/04\/27\/la-tour-mohammed-vi-serige-comme-le-nouveau-symbole-de-la-modernite-marocaine\/#article","isPartOf":{"@id":"https:\/\/dpress.ma\/fr\/2026\/04\/27\/la-tour-mohammed-vi-serige-comme-le-nouveau-symbole-de-la-modernite-marocaine\/"},"author":{"name":"Dpress.ma","@id":"https:\/\/dpress.ma\/fr\/#\/schema\/person\/4898febf3ccd59e6578d838656a306a0"},"headline":"La Tour Mohammed VI s\u2019\u00e9rige comme le nouveau symbole de la modernit\u00e9 marocaine","datePublished":"2026-04-27T10:32:06+00:00","dateModified":"2026-04-27T10:32:08+00:00","mainEntityOfPage":{"@id":"https:\/\/dpress.ma\/fr\/2026\/04\/27\/la-tour-mohammed-vi-serige-comme-le-nouveau-symbole-de-la-modernite-marocaine\/"},"wordCount":320,"commentCount":0,"image":{"@id":"https:\/\/dpress.ma\/fr\/2026\/04\/27\/la-tour-mohammed-vi-serige-comme-le-nouveau-symbole-de-la-modernite-marocaine\/#primaryimage"},"thumbnailUrl":"https:\/\/dpress.ma\/fr\/wp-content\/uploads\/sites\/2\/2026\/04\/30-7.jpg","articleSection":["monde"],"inLanguage":"fr-FR","potentialAction":[{"@type":"CommentAction","name":"Comment","target":["https:\/\/dpress.ma\/fr\/2026\/04\/27\/la-tour-mohammed-vi-serige-comme-le-nouveau-symbole-de-la-modernite-marocaine\/#respond"]}]},{"@type":"WebPage","@id":"https:\/\/dpress.ma\/fr\/2026\/04\/27\/la-tour-mohammed-vi-serige-comme-le-nouveau-symbole-de-la-modernite-marocaine\/","url":"https:\/\/dpress.ma\/fr\/2026\/04\/27\/la-tour-mohammed-vi-serige-comme-le-nouveau-symbole-de-la-modernite-marocaine\/","name":"La Tour Mohammed VI s\u2019\u00e9rige comme le nouveau symbole de la modernit\u00e9 marocaine - Dpress.ma\/fr","isPartOf":{"@id":"https:\/\/dpress.ma\/fr\/#website"},"primaryImageOfPage":{"@id":"https:\/\/dpress.ma\/fr\/2026\/04\/27\/la-tour-mohammed-vi-serige-comme-le-nouveau-symbole-de-la-modernite-marocaine\/#primaryimage"},"image":{"@id":"https:\/\/dpress.ma\/fr\/2026\/04\/27\/la-tour-mohammed-vi-serige-comme-le-nouveau-symbole-de-la-modernite-marocaine\/#primaryimage"},"thumbnailUrl":"https:\/\/dpress.ma\/fr\/wp-content\/uploads\/sites\/2\/2026\/04\/30-7.jpg","datePublished":"2026-04-27T10:32:06+00:00","dateModified":"2026-04-27T10:32:08+00:00","author":{"@id":"https:\/\/dpress.ma\/fr\/#\/schema\/person\/4898febf3ccd59e6578d838656a306a0"},"breadcrumb":{"@id":"https:\/\/dpress.ma\/fr\/2026\/04\/27\/la-tour-mohammed-vi-serige-comme-le-nouveau-symbole-de-la-modernite-marocaine\/#breadcrumb"},"inLanguage":"fr-FR","potentialAction":[{"@type":"ReadAction","target":["https:\/\/dpress.ma\/fr\/2026\/04\/27\/la-tour-mohammed-vi-serige-comme-le-nouveau-symbole-de-la-modernite-marocaine\/"]}]},{"@type":"ImageObject","inLanguage":"fr-FR","@id":"https:\/\/dpress.ma\/fr\/2026\/04\/27\/la-tour-mohammed-vi-serige-comme-le-nouveau-symbole-de-la-modernite-marocaine\/#primaryimage","url":"https:\/\/dpress.ma\/fr\/wp-content\/uploads\/sites\/2\/2026\/04\/30-7.jpg","contentUrl":"https:\/\/dpress.ma\/fr\/wp-content\/uploads\/sites\/2\/2026\/04\/30-7.jpg","width":2539,"height":1594},{"@type":"BreadcrumbList","@id":"https:\/\/dpress.ma\/fr\/2026\/04\/27\/la-tour-mohammed-vi-serige-comme-le-nouveau-symbole-de-la-modernite-marocaine\/#breadcrumb","itemListElement":[{"@type":"ListItem","position":1,"name":"Home","item":"https:\/\/dpress.ma\/fr\/"},{"@type":"ListItem","position":2,"name":"La Tour Mohammed VI s\u2019\u00e9rige comme le nouveau symbole de la modernit\u00e9 marocaine"}]},{"@type":"WebSite","@id":"https:\/\/dpress.ma\/fr\/#website","url":"https:\/\/dpress.ma\/fr\/","name":"Dpress.ma\/fr","description":"","potentialAction":[{"@type":"SearchAction","target":{"@type":"EntryPoint","urlTemplate":"https:\/\/dpress.ma\/fr\/?s={search_term_string}"},"query-input":{"@type":"PropertyValueSpecification","valueRequired":true,"valueName":"search_term_string"}}],"inLanguage":"fr-FR"},{"@type":"Person","@id":"https:\/\/dpress.ma\/fr\/#\/schema\/person\/4898febf3ccd59e6578d838656a306a0","name":"Dpress.ma","image":{"@type":"ImageObject","inLanguage":"fr-FR","@id":"https:\/\/secure.gravatar.com\/avatar\/72ecc30e9db047a2e0e7176561eb9d564ed77c8108376495b19bd8336405198a?s=96&d=mm&r=g","url":"https:\/\/secure.gravatar.com\/avatar\/72ecc30e9db047a2e0e7176561eb9d564ed77c8108376495b19bd8336405198a?s=96&d=mm&r=g","contentUrl":"https:\/\/secure.gravatar.com\/avatar\/72ecc30e9db047a2e0e7176561eb9d564ed77c8108376495b19bd8336405198a?s=96&d=mm&r=g","caption":"Dpress.ma"},"sameAs":["https:\/\/www.dpress.ma"],"url":"https:\/\/dpress.ma\/fr\/author\/dpress-ma\/"}]}},"amp_enabled":true,"_links":{"self":[{"href":"https:\/\/dpress.ma\/fr\/wp-json\/wp\/v2\/posts\/29443","targetHints":{"allow":["GET"]}}],"collection":[{"href":"https:\/\/dpress.ma\/fr\/wp-json\/wp\/v2\/posts"}],"about":[{"href":"https:\/\/dpress.ma\/fr\/wp-json\/wp\/v2\/types\/post"}],"author":[{"embeddable":true,"href":"https:\/\/dpress.ma\/fr\/wp-json\/wp\/v2\/users\/2"}],"replies":[{"embeddable":true,"href":"https:\/\/dpress.ma\/fr\/wp-json\/wp\/v2\/comments?post=29443"}],"version-history":[{"count":1,"href":"https:\/\/dpress.ma\/fr\/wp-json\/wp\/v2\/posts\/29443\/revisions"}],"predecessor-version":[{"id":29445,"href":"https:\/\/dpress.ma\/fr\/wp-json\/wp\/v2\/posts\/29443\/revisions\/29445"}],"wp:featuredmedia":[{"embeddable":true,"href":"https:\/\/dpress.ma\/fr\/wp-json\/wp\/v2\/media\/29444"}],"wp:attachment":[{"href":"https:\/\/dpress.ma\/fr\/wp-json\/wp\/v2\/media?parent=29443"}],"wp:term":[{"taxonomy":"category","embeddable":true,"href":"https:\/\/dpress.ma\/fr\/wp-json\/wp\/v2\/categories?post=29443"},{"taxonomy":"post_tag","embeddable":true,"href":"https:\/\/dpress.ma\/fr\/wp-json\/wp\/v2\/tags?post=29443"}],"curies":[{"name":"wp","href":"https:\/\/api.w.org\/{rel}","templated":true}]}}