{"id":29425,"date":"2026-04-27T09:22:41","date_gmt":"2026-04-27T09:22:41","guid":{"rendered":"https:\/\/dpress.ma\/fr\/?p=29425"},"modified":"2026-04-27T09:22:42","modified_gmt":"2026-04-27T09:22:42","slug":"prix-de-poesie-argana-des-poetes-palestiniens-a-lhonneur-a-rabat","status":"publish","type":"post","link":"https:\/\/dpress.ma\/fr\/2026\/04\/27\/prix-de-poesie-argana-des-poetes-palestiniens-a-lhonneur-a-rabat\/","title":{"rendered":"Prix de po\u00e9sie \u201cArgana\u201d: Des po\u00e8tes palestiniens \u00e0 l\u2019honneur \u00e0 Rabat"},"content":{"rendered":"\n<p>Dpress<\/p>\n\n\n\n<p>Quatre \u00e9minents po\u00e8tes palestiniens ont \u00e9t\u00e9 distingu\u00e9s lors de la 8\u00e8 \u00e9dition du Prix international de po\u00e9sie \u201cArgana\u201d, d\u00e9cern\u00e9 \u00e0 l\u2019occasion d\u2019une c\u00e9r\u00e9monie organis\u00e9e samedi soir au mus\u00e9e Mohammed VI d\u2019art moderne et contemporain de Rabat.<\/p>\n\n\n\n<p>Il s\u2019agit de Youssef Abdel Aziz, Taher Riyad, Zouheir Abu Sha\u00efb et Ghassan Zaqtan. Ce dernier n\u2019a pas pu assister \u00e0 la c\u00e9r\u00e9monie pour des raisons de sant\u00e9.<\/p>\n\n\n\n<p>En recevant ce prix remis par la Maison de la po\u00e9sie au Maroc avec le soutien du minist\u00e8re de la Jeunesse, de la Culture et de la Communication, les laur\u00e9ats ont exprim\u00e9 leur sinc\u00e8re gratitude envers un \u201cMaroc culturel qui a toujours embrass\u00e9 la Palestine\u201d, en se disant fiers de cette distinction qui a \u00e9tabli un lien \u201cparticulier et solide\u201d entre le Royaume et la Palestine.<\/p>\n\n\n\n<p>Prenant la parole \u00e0 cette occasion, Zouheir Abu Sha\u00efb&nbsp;a d\u00e9clar\u00e9 que ce prix rappelle aux po\u00e8tes que la Palestine \u201cest aussi une question esth\u00e9tique\u201d, o\u00f9 l\u2019homme de lettres donne libre cours \u00e0 l\u2019acte de cr\u00e9ation \u201csans sacrifier la beaut\u00e9\u201d sur l\u2019autel de la souffrance.<\/p>\n\n\n\n<p>Tahir Riyad, lui, a salu\u00e9 l\u2019engagement du Maroc \u00e0 \u201cc\u00e9l\u00e9brer les po\u00e8tes qui, avec une conviction et une certitude in\u00e9branlable continuent d\u2019illuminer l\u2019obscurit\u00e9 pour que la vie retrouve son plein sens\u201d.<\/p>\n\n\n\n<p>Abondant dans le m\u00eame sens, le po\u00e8te Youssef Abdel Aziz a partag\u00e9 son p\u00e9riple avec le verbe, une histoire puis\u00e9e dans une enfance pass\u00e9e \u00e0 contempler la nature d\u2019un village palestinien.<\/p>\n\n\n\n<p>Intervenant \u00e0 cette c\u00e9r\u00e9monie, le po\u00e8te Mourad&nbsp;El Kadiri, directeur de la Maison de la Po\u00e9sie au Maroc, a soulign\u00e9 que l\u2019attribution du prix \u201cArgana\u201d \u00e0 ces po\u00e8tes distingu\u00e9s ne proc\u00e8de pas d\u2019une volont\u00e9 d\u2019\u00e9largir le cercle de reconnaissance de la po\u00e9sie palestinienne, \u201cqui est rest\u00e9e pr\u00e9sente et influente dans notre conscience collective arabe et humaine depuis le milieu du si\u00e8cle dernier\u201d.&nbsp;Il s\u2019agit plut\u00f4t d\u2019une nouvelle vision qui rend hommage \u00e0 la \u201cmultiplicit\u00e9 cr\u00e9ative\u201d et c\u00e9l\u00e8bre la diversit\u00e9 des r\u00e9f\u00e9rences et des sensibilit\u00e9s artistiques et esth\u00e9tiques au sein m\u00eame de la po\u00e9sie palestinienne.<\/p>\n\n\n\n<p>Il a, par ailleurs, relev\u00e9 que les po\u00e8tes palestiniens sont parvenus, au fil des ann\u00e9es, \u00e0 \u00e9lever leur cause par l\u2019entremise de la po\u00e9sie, de la m\u00e9taphore et du r\u00eave, \u00e0 telle enseigne que \u201cla Palestine n\u2019est plus tant une question politique qu\u2019une question culturelle et po\u00e9tique\u201d.<\/p>\n\n\n\n<p>Pour sa part, le ministre de la Jeunesse, de la Culture et de la Communication,&nbsp;Mohamed Mehdi&nbsp;Bensaid, a d\u00e9clar\u00e9 que le Prix \u201cArgana\u201d rev\u00eat cette ann\u00e9e une signification profonde \u00e0 la faveur de son soutien \u00e0 la po\u00e9sie palestinienne, notant que cette initiative va au-del\u00e0 de la reconnaissance litt\u00e9raire pour devenir \u201cune c\u00e9l\u00e9bration de la beaut\u00e9 face \u00e0 la douleur, et de la vie face \u00e0 l\u2019oubli\u201d.<\/p>\n\n\n\n<p>Lors de cette c\u00e9r\u00e9monie, \u00e0 laquelle ont assist\u00e9 plusieurs personnalit\u00e9s, dont l\u2019ambassadeur palestinien \u00e0 Rabat,&nbsp;Jamal Al-Shobaki, le directeur du bureau r\u00e9gional de l\u2019UNESCO pour le Maghreb,&nbsp;Charaf Ahmimedet le maire de Rabat, M. Bensaid a affirm\u00e9 que cette c\u00e9l\u00e9bration s\u2019inscrit dans le droit fil des positions fermes de Sa Majest\u00e9 le Roi Mohammed VI, Pr\u00e9sident du Comit\u00e9 Al-Qods, qui consid\u00e8re la cause palestinienne comme une question nationale.&nbsp;Le ministre a transmis, \u00e0 cette occasion, les salutations sinc\u00e8res du Maroc \u2013 Roi, gouvernement et peuple \u2013 \u00e0 \u201cla Palestine qui vit dans nos c\u0153urs\u201d.<\/p>\n\n\n\n<p>Dans la m\u00eame veine,&nbsp;Mohamed Salem Echarkaoui, directeur de l\u2019agence Bayt Mal Al-Qods Acharif, qui a soutenu la 8\u00e8 \u00e9dition de ce prix, a soulign\u00e9 que l\u2019influence de l\u2019\u201cArgana marocaine\u201d s\u2019\u00e9tend aujourd\u2019hui \u201cpour nous faire l\u2019honneur de communiquer avec nos fr\u00e8res palestiniens\u201d en rendant hommage \u00e0 l\u2019esprit cr\u00e9atif et vibrant de ces po\u00e8tes.<\/p>\n\n\n\n<p>Le couronnement de l\u2019exp\u00e9rience po\u00e9tique palestinienne repr\u00e9sente \u00e0 juste titre l\u2019expression la plus \u00e9loquente de l\u2019engagement marocain de principe et in\u00e9branlable envers la Palestine, a-t-il dit.<\/p>\n\n\n\n<p>Le jury de la 8\u00e8 \u00e9dition du Prix international de po\u00e9sie \u201cArgana\u201d, qui s\u2019inscrit dans le cadre de la c\u00e9l\u00e9bration de \u201cRabat, Capitale mondiale du livre en 2026\u201d, \u00e9tait compos\u00e9 de la po\u00e8te Wafae El Omrani (pr\u00e9sidente), de l\u2019acad\u00e9micien Abderrahmane Tankoul, de l\u2019artiste peintre Ahmed Jarid, de l\u2019acad\u00e9micien Jamal Eddine Benhayoun et du po\u00e8te et traducteur Noureddine Zouitni, outre le po\u00e8te Hassan Najmi, secr\u00e9taire g\u00e9n\u00e9ral du prix.<\/p>\n","protected":false},"excerpt":{"rendered":"<p>Dpress Quatre \u00e9minents po\u00e8tes palestiniens ont \u00e9t\u00e9 distingu\u00e9s lors de la 8\u00e8 \u00e9dition du Prix international de po\u00e9sie \u201cArgana\u201d, d\u00e9cern\u00e9 \u00e0 l\u2019occasion d\u2019une c\u00e9r\u00e9monie organis\u00e9e samedi soir au mus\u00e9e Mohammed VI d\u2019art moderne et contemporain de Rabat. Il s\u2019agit de Youssef Abdel Aziz, Taher Riyad, Zouheir Abu Sha\u00efb et Ghassan Zaqtan. Ce dernier n\u2019a pas &hellip;<\/p>\n","protected":false},"author":2,"featured_media":29426,"comment_status":"open","ping_status":"open","sticky":false,"template":"","format":"standard","meta":{"footnotes":""},"categories":[31],"tags":[],"class_list":["post-29425","post","type-post","status-publish","format-standard","has-post-thumbnail","hentry","category-art-et-culture"],"yoast_head":"<!-- This site is optimized with the Yoast SEO plugin v27.4 - https:\/\/yoast.com\/product\/yoast-seo-wordpress\/ -->\n<title>Prix de po\u00e9sie \u201cArgana\u201d: Des po\u00e8tes palestiniens \u00e0 l\u2019honneur \u00e0 Rabat - Dpress.ma\/fr<\/title>\n<meta name=\"robots\" content=\"index, follow, max-snippet:-1, max-image-preview:large, max-video-preview:-1\" \/>\n<link rel=\"canonical\" href=\"https:\/\/dpress.ma\/fr\/2026\/04\/27\/prix-de-poesie-argana-des-poetes-palestiniens-a-lhonneur-a-rabat\/\" \/>\n<meta property=\"og:locale\" content=\"fr_FR\" \/>\n<meta property=\"og:type\" content=\"article\" \/>\n<meta property=\"og:title\" content=\"Prix de po\u00e9sie \u201cArgana\u201d: Des po\u00e8tes palestiniens \u00e0 l\u2019honneur \u00e0 Rabat - Dpress.ma\/fr\" \/>\n<meta property=\"og:description\" content=\"Dpress Quatre \u00e9minents po\u00e8tes palestiniens ont \u00e9t\u00e9 distingu\u00e9s lors de la 8\u00e8 \u00e9dition du Prix international de po\u00e9sie \u201cArgana\u201d, d\u00e9cern\u00e9 \u00e0 l\u2019occasion d\u2019une c\u00e9r\u00e9monie organis\u00e9e samedi soir au mus\u00e9e Mohammed VI d\u2019art moderne et contemporain de Rabat. Il s\u2019agit de Youssef Abdel Aziz, Taher Riyad, Zouheir Abu Sha\u00efb et Ghassan Zaqtan. Ce dernier n\u2019a pas &hellip;\" \/>\n<meta property=\"og:url\" content=\"https:\/\/dpress.ma\/fr\/2026\/04\/27\/prix-de-poesie-argana-des-poetes-palestiniens-a-lhonneur-a-rabat\/\" \/>\n<meta property=\"og:site_name\" content=\"Dpress.ma\/fr\" \/>\n<meta property=\"article:published_time\" content=\"2026-04-27T09:22:41+00:00\" \/>\n<meta property=\"article:modified_time\" content=\"2026-04-27T09:22:42+00:00\" \/>\n<meta property=\"og:image\" content=\"https:\/\/dpress.ma\/fr\/wp-content\/uploads\/sites\/2\/2026\/04\/18-7.jpg\" \/>\n\t<meta property=\"og:image:width\" content=\"2539\" \/>\n\t<meta property=\"og:image:height\" content=\"1594\" \/>\n\t<meta property=\"og:image:type\" content=\"image\/jpeg\" \/>\n<meta name=\"author\" content=\"Dpress.ma\" \/>\n<meta name=\"twitter:card\" content=\"summary_large_image\" \/>\n<meta name=\"twitter:label1\" content=\"\u00c9crit par\" \/>\n\t<meta name=\"twitter:data1\" content=\"Dpress.ma\" \/>\n\t<meta name=\"twitter:label2\" content=\"Dur\u00e9e de lecture estim\u00e9e\" \/>\n\t<meta name=\"twitter:data2\" content=\"4 minutes\" \/>\n<script type=\"application\/ld+json\" class=\"yoast-schema-graph\">{\"@context\":\"https:\\\/\\\/schema.org\",\"@graph\":[{\"@type\":\"Article\",\"@id\":\"https:\\\/\\\/dpress.ma\\\/fr\\\/2026\\\/04\\\/27\\\/prix-de-poesie-argana-des-poetes-palestiniens-a-lhonneur-a-rabat\\\/#article\",\"isPartOf\":{\"@id\":\"https:\\\/\\\/dpress.ma\\\/fr\\\/2026\\\/04\\\/27\\\/prix-de-poesie-argana-des-poetes-palestiniens-a-lhonneur-a-rabat\\\/\"},\"author\":{\"name\":\"Dpress.ma\",\"@id\":\"https:\\\/\\\/dpress.ma\\\/fr\\\/#\\\/schema\\\/person\\\/4898febf3ccd59e6578d838656a306a0\"},\"headline\":\"Prix de po\u00e9sie \u201cArgana\u201d: Des po\u00e8tes palestiniens \u00e0 l\u2019honneur \u00e0 Rabat\",\"datePublished\":\"2026-04-27T09:22:41+00:00\",\"dateModified\":\"2026-04-27T09:22:42+00:00\",\"mainEntityOfPage\":{\"@id\":\"https:\\\/\\\/dpress.ma\\\/fr\\\/2026\\\/04\\\/27\\\/prix-de-poesie-argana-des-poetes-palestiniens-a-lhonneur-a-rabat\\\/\"},\"wordCount\":812,\"commentCount\":0,\"image\":{\"@id\":\"https:\\\/\\\/dpress.ma\\\/fr\\\/2026\\\/04\\\/27\\\/prix-de-poesie-argana-des-poetes-palestiniens-a-lhonneur-a-rabat\\\/#primaryimage\"},\"thumbnailUrl\":\"https:\\\/\\\/dpress.ma\\\/fr\\\/wp-content\\\/uploads\\\/sites\\\/2\\\/2026\\\/04\\\/18-7.jpg\",\"articleSection\":[\"Art et Culture\"],\"inLanguage\":\"fr-FR\",\"potentialAction\":[{\"@type\":\"CommentAction\",\"name\":\"Comment\",\"target\":[\"https:\\\/\\\/dpress.ma\\\/fr\\\/2026\\\/04\\\/27\\\/prix-de-poesie-argana-des-poetes-palestiniens-a-lhonneur-a-rabat\\\/#respond\"]}]},{\"@type\":\"WebPage\",\"@id\":\"https:\\\/\\\/dpress.ma\\\/fr\\\/2026\\\/04\\\/27\\\/prix-de-poesie-argana-des-poetes-palestiniens-a-lhonneur-a-rabat\\\/\",\"url\":\"https:\\\/\\\/dpress.ma\\\/fr\\\/2026\\\/04\\\/27\\\/prix-de-poesie-argana-des-poetes-palestiniens-a-lhonneur-a-rabat\\\/\",\"name\":\"Prix de po\u00e9sie \u201cArgana\u201d: Des po\u00e8tes palestiniens \u00e0 l\u2019honneur \u00e0 Rabat - Dpress.ma\\\/fr\",\"isPartOf\":{\"@id\":\"https:\\\/\\\/dpress.ma\\\/fr\\\/#website\"},\"primaryImageOfPage\":{\"@id\":\"https:\\\/\\\/dpress.ma\\\/fr\\\/2026\\\/04\\\/27\\\/prix-de-poesie-argana-des-poetes-palestiniens-a-lhonneur-a-rabat\\\/#primaryimage\"},\"image\":{\"@id\":\"https:\\\/\\\/dpress.ma\\\/fr\\\/2026\\\/04\\\/27\\\/prix-de-poesie-argana-des-poetes-palestiniens-a-lhonneur-a-rabat\\\/#primaryimage\"},\"thumbnailUrl\":\"https:\\\/\\\/dpress.ma\\\/fr\\\/wp-content\\\/uploads\\\/sites\\\/2\\\/2026\\\/04\\\/18-7.jpg\",\"datePublished\":\"2026-04-27T09:22:41+00:00\",\"dateModified\":\"2026-04-27T09:22:42+00:00\",\"author\":{\"@id\":\"https:\\\/\\\/dpress.ma\\\/fr\\\/#\\\/schema\\\/person\\\/4898febf3ccd59e6578d838656a306a0\"},\"breadcrumb\":{\"@id\":\"https:\\\/\\\/dpress.ma\\\/fr\\\/2026\\\/04\\\/27\\\/prix-de-poesie-argana-des-poetes-palestiniens-a-lhonneur-a-rabat\\\/#breadcrumb\"},\"inLanguage\":\"fr-FR\",\"potentialAction\":[{\"@type\":\"ReadAction\",\"target\":[\"https:\\\/\\\/dpress.ma\\\/fr\\\/2026\\\/04\\\/27\\\/prix-de-poesie-argana-des-poetes-palestiniens-a-lhonneur-a-rabat\\\/\"]}]},{\"@type\":\"ImageObject\",\"inLanguage\":\"fr-FR\",\"@id\":\"https:\\\/\\\/dpress.ma\\\/fr\\\/2026\\\/04\\\/27\\\/prix-de-poesie-argana-des-poetes-palestiniens-a-lhonneur-a-rabat\\\/#primaryimage\",\"url\":\"https:\\\/\\\/dpress.ma\\\/fr\\\/wp-content\\\/uploads\\\/sites\\\/2\\\/2026\\\/04\\\/18-7.jpg\",\"contentUrl\":\"https:\\\/\\\/dpress.ma\\\/fr\\\/wp-content\\\/uploads\\\/sites\\\/2\\\/2026\\\/04\\\/18-7.jpg\",\"width\":2539,\"height\":1594},{\"@type\":\"BreadcrumbList\",\"@id\":\"https:\\\/\\\/dpress.ma\\\/fr\\\/2026\\\/04\\\/27\\\/prix-de-poesie-argana-des-poetes-palestiniens-a-lhonneur-a-rabat\\\/#breadcrumb\",\"itemListElement\":[{\"@type\":\"ListItem\",\"position\":1,\"name\":\"Home\",\"item\":\"https:\\\/\\\/dpress.ma\\\/fr\\\/\"},{\"@type\":\"ListItem\",\"position\":2,\"name\":\"Prix de po\u00e9sie \u201cArgana\u201d: Des po\u00e8tes palestiniens \u00e0 l\u2019honneur \u00e0 Rabat\"}]},{\"@type\":\"WebSite\",\"@id\":\"https:\\\/\\\/dpress.ma\\\/fr\\\/#website\",\"url\":\"https:\\\/\\\/dpress.ma\\\/fr\\\/\",\"name\":\"Dpress.ma\\\/fr\",\"description\":\"\",\"potentialAction\":[{\"@type\":\"SearchAction\",\"target\":{\"@type\":\"EntryPoint\",\"urlTemplate\":\"https:\\\/\\\/dpress.ma\\\/fr\\\/?s={search_term_string}\"},\"query-input\":{\"@type\":\"PropertyValueSpecification\",\"valueRequired\":true,\"valueName\":\"search_term_string\"}}],\"inLanguage\":\"fr-FR\"},{\"@type\":\"Person\",\"@id\":\"https:\\\/\\\/dpress.ma\\\/fr\\\/#\\\/schema\\\/person\\\/4898febf3ccd59e6578d838656a306a0\",\"name\":\"Dpress.ma\",\"image\":{\"@type\":\"ImageObject\",\"inLanguage\":\"fr-FR\",\"@id\":\"https:\\\/\\\/secure.gravatar.com\\\/avatar\\\/72ecc30e9db047a2e0e7176561eb9d564ed77c8108376495b19bd8336405198a?s=96&d=mm&r=g\",\"url\":\"https:\\\/\\\/secure.gravatar.com\\\/avatar\\\/72ecc30e9db047a2e0e7176561eb9d564ed77c8108376495b19bd8336405198a?s=96&d=mm&r=g\",\"contentUrl\":\"https:\\\/\\\/secure.gravatar.com\\\/avatar\\\/72ecc30e9db047a2e0e7176561eb9d564ed77c8108376495b19bd8336405198a?s=96&d=mm&r=g\",\"caption\":\"Dpress.ma\"},\"sameAs\":[\"https:\\\/\\\/www.dpress.ma\"],\"url\":\"https:\\\/\\\/dpress.ma\\\/fr\\\/author\\\/dpress-ma\\\/\"}]}<\/script>\n<!-- \/ Yoast SEO plugin. -->","yoast_head_json":{"title":"Prix de po\u00e9sie \u201cArgana\u201d: Des po\u00e8tes palestiniens \u00e0 l\u2019honneur \u00e0 Rabat - Dpress.ma\/fr","robots":{"index":"index","follow":"follow","max-snippet":"max-snippet:-1","max-image-preview":"max-image-preview:large","max-video-preview":"max-video-preview:-1"},"canonical":"https:\/\/dpress.ma\/fr\/2026\/04\/27\/prix-de-poesie-argana-des-poetes-palestiniens-a-lhonneur-a-rabat\/","og_locale":"fr_FR","og_type":"article","og_title":"Prix de po\u00e9sie \u201cArgana\u201d: Des po\u00e8tes palestiniens \u00e0 l\u2019honneur \u00e0 Rabat - Dpress.ma\/fr","og_description":"Dpress Quatre \u00e9minents po\u00e8tes palestiniens ont \u00e9t\u00e9 distingu\u00e9s lors de la 8\u00e8 \u00e9dition du Prix international de po\u00e9sie \u201cArgana\u201d, d\u00e9cern\u00e9 \u00e0 l\u2019occasion d\u2019une c\u00e9r\u00e9monie organis\u00e9e samedi soir au mus\u00e9e Mohammed VI d\u2019art moderne et contemporain de Rabat. Il s\u2019agit de Youssef Abdel Aziz, Taher Riyad, Zouheir Abu Sha\u00efb et Ghassan Zaqtan. Ce dernier n\u2019a pas &hellip;","og_url":"https:\/\/dpress.ma\/fr\/2026\/04\/27\/prix-de-poesie-argana-des-poetes-palestiniens-a-lhonneur-a-rabat\/","og_site_name":"Dpress.ma\/fr","article_published_time":"2026-04-27T09:22:41+00:00","article_modified_time":"2026-04-27T09:22:42+00:00","og_image":[{"width":2539,"height":1594,"url":"https:\/\/dpress.ma\/fr\/wp-content\/uploads\/sites\/2\/2026\/04\/18-7.jpg","type":"image\/jpeg"}],"author":"Dpress.ma","twitter_card":"summary_large_image","twitter_misc":{"\u00c9crit par":"Dpress.ma","Dur\u00e9e de lecture estim\u00e9e":"4 minutes"},"schema":{"@context":"https:\/\/schema.org","@graph":[{"@type":"Article","@id":"https:\/\/dpress.ma\/fr\/2026\/04\/27\/prix-de-poesie-argana-des-poetes-palestiniens-a-lhonneur-a-rabat\/#article","isPartOf":{"@id":"https:\/\/dpress.ma\/fr\/2026\/04\/27\/prix-de-poesie-argana-des-poetes-palestiniens-a-lhonneur-a-rabat\/"},"author":{"name":"Dpress.ma","@id":"https:\/\/dpress.ma\/fr\/#\/schema\/person\/4898febf3ccd59e6578d838656a306a0"},"headline":"Prix de po\u00e9sie \u201cArgana\u201d: Des po\u00e8tes palestiniens \u00e0 l\u2019honneur \u00e0 Rabat","datePublished":"2026-04-27T09:22:41+00:00","dateModified":"2026-04-27T09:22:42+00:00","mainEntityOfPage":{"@id":"https:\/\/dpress.ma\/fr\/2026\/04\/27\/prix-de-poesie-argana-des-poetes-palestiniens-a-lhonneur-a-rabat\/"},"wordCount":812,"commentCount":0,"image":{"@id":"https:\/\/dpress.ma\/fr\/2026\/04\/27\/prix-de-poesie-argana-des-poetes-palestiniens-a-lhonneur-a-rabat\/#primaryimage"},"thumbnailUrl":"https:\/\/dpress.ma\/fr\/wp-content\/uploads\/sites\/2\/2026\/04\/18-7.jpg","articleSection":["Art et Culture"],"inLanguage":"fr-FR","potentialAction":[{"@type":"CommentAction","name":"Comment","target":["https:\/\/dpress.ma\/fr\/2026\/04\/27\/prix-de-poesie-argana-des-poetes-palestiniens-a-lhonneur-a-rabat\/#respond"]}]},{"@type":"WebPage","@id":"https:\/\/dpress.ma\/fr\/2026\/04\/27\/prix-de-poesie-argana-des-poetes-palestiniens-a-lhonneur-a-rabat\/","url":"https:\/\/dpress.ma\/fr\/2026\/04\/27\/prix-de-poesie-argana-des-poetes-palestiniens-a-lhonneur-a-rabat\/","name":"Prix de po\u00e9sie \u201cArgana\u201d: Des po\u00e8tes palestiniens \u00e0 l\u2019honneur \u00e0 Rabat - Dpress.ma\/fr","isPartOf":{"@id":"https:\/\/dpress.ma\/fr\/#website"},"primaryImageOfPage":{"@id":"https:\/\/dpress.ma\/fr\/2026\/04\/27\/prix-de-poesie-argana-des-poetes-palestiniens-a-lhonneur-a-rabat\/#primaryimage"},"image":{"@id":"https:\/\/dpress.ma\/fr\/2026\/04\/27\/prix-de-poesie-argana-des-poetes-palestiniens-a-lhonneur-a-rabat\/#primaryimage"},"thumbnailUrl":"https:\/\/dpress.ma\/fr\/wp-content\/uploads\/sites\/2\/2026\/04\/18-7.jpg","datePublished":"2026-04-27T09:22:41+00:00","dateModified":"2026-04-27T09:22:42+00:00","author":{"@id":"https:\/\/dpress.ma\/fr\/#\/schema\/person\/4898febf3ccd59e6578d838656a306a0"},"breadcrumb":{"@id":"https:\/\/dpress.ma\/fr\/2026\/04\/27\/prix-de-poesie-argana-des-poetes-palestiniens-a-lhonneur-a-rabat\/#breadcrumb"},"inLanguage":"fr-FR","potentialAction":[{"@type":"ReadAction","target":["https:\/\/dpress.ma\/fr\/2026\/04\/27\/prix-de-poesie-argana-des-poetes-palestiniens-a-lhonneur-a-rabat\/"]}]},{"@type":"ImageObject","inLanguage":"fr-FR","@id":"https:\/\/dpress.ma\/fr\/2026\/04\/27\/prix-de-poesie-argana-des-poetes-palestiniens-a-lhonneur-a-rabat\/#primaryimage","url":"https:\/\/dpress.ma\/fr\/wp-content\/uploads\/sites\/2\/2026\/04\/18-7.jpg","contentUrl":"https:\/\/dpress.ma\/fr\/wp-content\/uploads\/sites\/2\/2026\/04\/18-7.jpg","width":2539,"height":1594},{"@type":"BreadcrumbList","@id":"https:\/\/dpress.ma\/fr\/2026\/04\/27\/prix-de-poesie-argana-des-poetes-palestiniens-a-lhonneur-a-rabat\/#breadcrumb","itemListElement":[{"@type":"ListItem","position":1,"name":"Home","item":"https:\/\/dpress.ma\/fr\/"},{"@type":"ListItem","position":2,"name":"Prix de po\u00e9sie \u201cArgana\u201d: Des po\u00e8tes palestiniens \u00e0 l\u2019honneur \u00e0 Rabat"}]},{"@type":"WebSite","@id":"https:\/\/dpress.ma\/fr\/#website","url":"https:\/\/dpress.ma\/fr\/","name":"Dpress.ma\/fr","description":"","potentialAction":[{"@type":"SearchAction","target":{"@type":"EntryPoint","urlTemplate":"https:\/\/dpress.ma\/fr\/?s={search_term_string}"},"query-input":{"@type":"PropertyValueSpecification","valueRequired":true,"valueName":"search_term_string"}}],"inLanguage":"fr-FR"},{"@type":"Person","@id":"https:\/\/dpress.ma\/fr\/#\/schema\/person\/4898febf3ccd59e6578d838656a306a0","name":"Dpress.ma","image":{"@type":"ImageObject","inLanguage":"fr-FR","@id":"https:\/\/secure.gravatar.com\/avatar\/72ecc30e9db047a2e0e7176561eb9d564ed77c8108376495b19bd8336405198a?s=96&d=mm&r=g","url":"https:\/\/secure.gravatar.com\/avatar\/72ecc30e9db047a2e0e7176561eb9d564ed77c8108376495b19bd8336405198a?s=96&d=mm&r=g","contentUrl":"https:\/\/secure.gravatar.com\/avatar\/72ecc30e9db047a2e0e7176561eb9d564ed77c8108376495b19bd8336405198a?s=96&d=mm&r=g","caption":"Dpress.ma"},"sameAs":["https:\/\/www.dpress.ma"],"url":"https:\/\/dpress.ma\/fr\/author\/dpress-ma\/"}]}},"amp_enabled":true,"_links":{"self":[{"href":"https:\/\/dpress.ma\/fr\/wp-json\/wp\/v2\/posts\/29425","targetHints":{"allow":["GET"]}}],"collection":[{"href":"https:\/\/dpress.ma\/fr\/wp-json\/wp\/v2\/posts"}],"about":[{"href":"https:\/\/dpress.ma\/fr\/wp-json\/wp\/v2\/types\/post"}],"author":[{"embeddable":true,"href":"https:\/\/dpress.ma\/fr\/wp-json\/wp\/v2\/users\/2"}],"replies":[{"embeddable":true,"href":"https:\/\/dpress.ma\/fr\/wp-json\/wp\/v2\/comments?post=29425"}],"version-history":[{"count":1,"href":"https:\/\/dpress.ma\/fr\/wp-json\/wp\/v2\/posts\/29425\/revisions"}],"predecessor-version":[{"id":29427,"href":"https:\/\/dpress.ma\/fr\/wp-json\/wp\/v2\/posts\/29425\/revisions\/29427"}],"wp:featuredmedia":[{"embeddable":true,"href":"https:\/\/dpress.ma\/fr\/wp-json\/wp\/v2\/media\/29426"}],"wp:attachment":[{"href":"https:\/\/dpress.ma\/fr\/wp-json\/wp\/v2\/media?parent=29425"}],"wp:term":[{"taxonomy":"category","embeddable":true,"href":"https:\/\/dpress.ma\/fr\/wp-json\/wp\/v2\/categories?post=29425"},{"taxonomy":"post_tag","embeddable":true,"href":"https:\/\/dpress.ma\/fr\/wp-json\/wp\/v2\/tags?post=29425"}],"curies":[{"name":"wp","href":"https:\/\/api.w.org\/{rel}","templated":true}]}}