{"id":29422,"date":"2026-04-27T09:20:56","date_gmt":"2026-04-27T09:20:56","guid":{"rendered":"https:\/\/dpress.ma\/fr\/?p=29422"},"modified":"2026-04-27T09:20:57","modified_gmt":"2026-04-27T09:20:57","slug":"festival-national-dabidat-rma-pleins-feux-sur-les-efforts-de-valorisation-et-de-preservation-dun-patrimoine-ancestral","status":"publish","type":"post","link":"https:\/\/dpress.ma\/fr\/2026\/04\/27\/festival-national-dabidat-rma-pleins-feux-sur-les-efforts-de-valorisation-et-de-preservation-dun-patrimoine-ancestral\/","title":{"rendered":"Festival national d\u2019Abidat Rma: Pleins feux sur les efforts de valorisation et de pr\u00e9servation d\u2019un patrimoine ancestral"},"content":{"rendered":"\n<p>Dpress<\/p>\n\n\n\n<p>La c\u00e9l\u00e9bration du quart de si\u00e8cle d\u2019existence du Festival national d\u2019\u00ab Abidat Rma \u00bb constitue une halte de choix pour revivifier la m\u00e9moire collective et consolider le rayonnement de cet art s\u00e9culaire dans le paysage culturel national, ont soulign\u00e9, vendredi \u00e0 Khouribga, les participants \u00e0 un colloque scientifique.<\/p>\n\n\n\n<p>Initi\u00e9e \u00e0 la Facult\u00e9 Polydisciplinaire de la cit\u00e9 phosphati\u00e8re, en marge de la 25\u00e8me \u00e9dition de ce festival embl\u00e9matique, cette rencontre a r\u00e9uni un parterre d\u2019acad\u00e9miciens, de chercheurs, d\u2019acteurs culturels et d\u2019\u00e9tudiants. L\u2019objectif \u00e9tant de jeter un regard r\u00e9trospectif et critique sur vingt-cinq ann\u00e9es de cr\u00e9ativit\u00e9 ininterrompue, tout en d\u00e9cortiquant les dimensions esth\u00e9tiques, culturelles et symboliques de ce legs populaire.<\/p>\n\n\n\n<p>Lors de ce conclave intellectuel, articul\u00e9 autour du th\u00e8me \u00ab Un quart de si\u00e8cle de c\u00e9l\u00e9bration du patrimoine d\u2019Abidat Rma \u00bb, les intervenants ont plaid\u00e9 pour la sauvegarde scrupuleuse de ce patrimoine immat\u00e9riel dans toute sa pluralit\u00e9. Ils l\u2019ont \u00e9rig\u00e9 en affluent incontournable de l\u2019identit\u00e9 marocaine aux multiples facettes et en v\u00e9ritable levier de d\u00e9veloppement culturel p\u00e9renne.<\/p>\n\n\n\n<p>Abordant les sp\u00e9cificit\u00e9s de cet art, Cherki Nasraoui, professeur de l\u2019enseignement sup\u00e9rieur, a fait observer que ce chant populaire, v\u00e9ritable carrefour d\u2019expressions artistiques, puise sa force dans des rythmiques \u00e9pur\u00e9es, pourtant charg\u00e9es de s\u00e9mantique. Il a, dans ce sens, mis en relief la forte r\u00e9sonance de la vie rurale, rythm\u00e9e par les ballets d\u2019oiseaux et les sc\u00e8nes agraires, dans le riche r\u00e9pertoire d\u2019Abidat Rma.<\/p>\n\n\n\n<p>Pour sa part, l\u2019acad\u00e9micien Hassan Abdouh a scrut\u00e9 l\u2019ancrage axiologique de ce chant, soutenant qu\u2019Abidat Rma v\u00e9hicule une matrice intellectuelle holistique illustrant la symbiose entre l\u2019Homme, sa terre et sa m\u00e9moire. Il s\u2019agit, selon le chercheur, d\u2019une v\u00e9ritable chronique orale de la vie quotidienne et de la courroie de transmission d\u2019une m\u00e9moire collective profond\u00e9ment enracin\u00e9e.<\/p>\n\n\n\n<p>Abondant dans le m\u00eame sens, le professeur-chercheur Abderrazak Khaldi a analys\u00e9 cet art comme une forme d\u2019expression symbolique qui fa\u00e7onne la conscience collective. Il a particuli\u00e8rement mis en exergue son corollaire historique avec les valeurs de r\u00e9sistance et de patriotisme dans les r\u00e9gions de Khouribga et d\u2019Oued Zem, rappelant que les rimes d\u2019Abidat Rma ont accompagn\u00e9 la lutte anticoloniale, agissant comme un bouclier protecteur de l\u2019identit\u00e9 culturelle marocaine.<\/p>\n\n\n\n<p>Au terme d\u2019\u00e9changes fructueux, les participants ont unanimement convenu que cet art patrimonial authentique demeure la cl\u00e9 de vo\u00fbte pour cimenter l\u2019identit\u00e9 nationale et arrimer les nouvelles g\u00e9n\u00e9rations \u00e0 leur socle culturel, garantissant ainsi la p\u00e9rennit\u00e9 et la transmission de ce legs face aux soubresauts des mutations soci\u00e9tales contemporaines.<\/p>\n","protected":false},"excerpt":{"rendered":"<p>Dpress La c\u00e9l\u00e9bration du quart de si\u00e8cle d\u2019existence du Festival national d\u2019\u00ab Abidat Rma \u00bb constitue une halte de choix pour revivifier la m\u00e9moire collective et consolider le rayonnement de cet art s\u00e9culaire dans le paysage culturel national, ont soulign\u00e9, vendredi \u00e0 Khouribga, les participants \u00e0 un colloque scientifique. Initi\u00e9e \u00e0 la Facult\u00e9 Polydisciplinaire de &hellip;<\/p>\n","protected":false},"author":2,"featured_media":29423,"comment_status":"open","ping_status":"open","sticky":false,"template":"","format":"standard","meta":{"footnotes":""},"categories":[31],"tags":[],"class_list":["post-29422","post","type-post","status-publish","format-standard","has-post-thumbnail","hentry","category-art-et-culture"],"yoast_head":"<!-- This site is optimized with the Yoast SEO plugin v27.4 - https:\/\/yoast.com\/product\/yoast-seo-wordpress\/ -->\n<title>Festival national d\u2019Abidat Rma: Pleins feux sur les efforts de valorisation et de pr\u00e9servation d\u2019un patrimoine ancestral - Dpress.ma\/fr<\/title>\n<meta name=\"robots\" content=\"index, follow, max-snippet:-1, max-image-preview:large, max-video-preview:-1\" \/>\n<link rel=\"canonical\" href=\"https:\/\/dpress.ma\/fr\/2026\/04\/27\/festival-national-dabidat-rma-pleins-feux-sur-les-efforts-de-valorisation-et-de-preservation-dun-patrimoine-ancestral\/\" \/>\n<meta property=\"og:locale\" content=\"fr_FR\" \/>\n<meta property=\"og:type\" content=\"article\" \/>\n<meta property=\"og:title\" content=\"Festival national d\u2019Abidat Rma: Pleins feux sur les efforts de valorisation et de pr\u00e9servation d\u2019un patrimoine ancestral - Dpress.ma\/fr\" \/>\n<meta property=\"og:description\" content=\"Dpress La c\u00e9l\u00e9bration du quart de si\u00e8cle d\u2019existence du Festival national d\u2019\u00ab Abidat Rma \u00bb constitue une halte de choix pour revivifier la m\u00e9moire collective et consolider le rayonnement de cet art s\u00e9culaire dans le paysage culturel national, ont soulign\u00e9, vendredi \u00e0 Khouribga, les participants \u00e0 un colloque scientifique. Initi\u00e9e \u00e0 la Facult\u00e9 Polydisciplinaire de &hellip;\" \/>\n<meta property=\"og:url\" content=\"https:\/\/dpress.ma\/fr\/2026\/04\/27\/festival-national-dabidat-rma-pleins-feux-sur-les-efforts-de-valorisation-et-de-preservation-dun-patrimoine-ancestral\/\" \/>\n<meta property=\"og:site_name\" content=\"Dpress.ma\/fr\" \/>\n<meta property=\"article:published_time\" content=\"2026-04-27T09:20:56+00:00\" \/>\n<meta property=\"article:modified_time\" content=\"2026-04-27T09:20:57+00:00\" \/>\n<meta property=\"og:image\" content=\"https:\/\/dpress.ma\/fr\/wp-content\/uploads\/sites\/2\/2026\/04\/17-5.jpg\" \/>\n\t<meta property=\"og:image:width\" content=\"2539\" \/>\n\t<meta property=\"og:image:height\" content=\"1594\" \/>\n\t<meta property=\"og:image:type\" content=\"image\/jpeg\" \/>\n<meta name=\"author\" content=\"Dpress.ma\" \/>\n<meta name=\"twitter:card\" content=\"summary_large_image\" \/>\n<meta name=\"twitter:label1\" content=\"\u00c9crit par\" \/>\n\t<meta name=\"twitter:data1\" content=\"Dpress.ma\" \/>\n\t<meta name=\"twitter:label2\" content=\"Dur\u00e9e de lecture estim\u00e9e\" \/>\n\t<meta name=\"twitter:data2\" content=\"3 minutes\" \/>\n<script type=\"application\/ld+json\" class=\"yoast-schema-graph\">{\"@context\":\"https:\\\/\\\/schema.org\",\"@graph\":[{\"@type\":\"Article\",\"@id\":\"https:\\\/\\\/dpress.ma\\\/fr\\\/2026\\\/04\\\/27\\\/festival-national-dabidat-rma-pleins-feux-sur-les-efforts-de-valorisation-et-de-preservation-dun-patrimoine-ancestral\\\/#article\",\"isPartOf\":{\"@id\":\"https:\\\/\\\/dpress.ma\\\/fr\\\/2026\\\/04\\\/27\\\/festival-national-dabidat-rma-pleins-feux-sur-les-efforts-de-valorisation-et-de-preservation-dun-patrimoine-ancestral\\\/\"},\"author\":{\"name\":\"Dpress.ma\",\"@id\":\"https:\\\/\\\/dpress.ma\\\/fr\\\/#\\\/schema\\\/person\\\/4898febf3ccd59e6578d838656a306a0\"},\"headline\":\"Festival national d\u2019Abidat Rma: Pleins feux sur les efforts de valorisation et de pr\u00e9servation d\u2019un patrimoine ancestral\",\"datePublished\":\"2026-04-27T09:20:56+00:00\",\"dateModified\":\"2026-04-27T09:20:57+00:00\",\"mainEntityOfPage\":{\"@id\":\"https:\\\/\\\/dpress.ma\\\/fr\\\/2026\\\/04\\\/27\\\/festival-national-dabidat-rma-pleins-feux-sur-les-efforts-de-valorisation-et-de-preservation-dun-patrimoine-ancestral\\\/\"},\"wordCount\":491,\"commentCount\":0,\"image\":{\"@id\":\"https:\\\/\\\/dpress.ma\\\/fr\\\/2026\\\/04\\\/27\\\/festival-national-dabidat-rma-pleins-feux-sur-les-efforts-de-valorisation-et-de-preservation-dun-patrimoine-ancestral\\\/#primaryimage\"},\"thumbnailUrl\":\"https:\\\/\\\/dpress.ma\\\/fr\\\/wp-content\\\/uploads\\\/sites\\\/2\\\/2026\\\/04\\\/17-5.jpg\",\"articleSection\":[\"Art et Culture\"],\"inLanguage\":\"fr-FR\",\"potentialAction\":[{\"@type\":\"CommentAction\",\"name\":\"Comment\",\"target\":[\"https:\\\/\\\/dpress.ma\\\/fr\\\/2026\\\/04\\\/27\\\/festival-national-dabidat-rma-pleins-feux-sur-les-efforts-de-valorisation-et-de-preservation-dun-patrimoine-ancestral\\\/#respond\"]}]},{\"@type\":\"WebPage\",\"@id\":\"https:\\\/\\\/dpress.ma\\\/fr\\\/2026\\\/04\\\/27\\\/festival-national-dabidat-rma-pleins-feux-sur-les-efforts-de-valorisation-et-de-preservation-dun-patrimoine-ancestral\\\/\",\"url\":\"https:\\\/\\\/dpress.ma\\\/fr\\\/2026\\\/04\\\/27\\\/festival-national-dabidat-rma-pleins-feux-sur-les-efforts-de-valorisation-et-de-preservation-dun-patrimoine-ancestral\\\/\",\"name\":\"Festival national d\u2019Abidat Rma: Pleins feux sur les efforts de valorisation et de pr\u00e9servation d\u2019un patrimoine ancestral - Dpress.ma\\\/fr\",\"isPartOf\":{\"@id\":\"https:\\\/\\\/dpress.ma\\\/fr\\\/#website\"},\"primaryImageOfPage\":{\"@id\":\"https:\\\/\\\/dpress.ma\\\/fr\\\/2026\\\/04\\\/27\\\/festival-national-dabidat-rma-pleins-feux-sur-les-efforts-de-valorisation-et-de-preservation-dun-patrimoine-ancestral\\\/#primaryimage\"},\"image\":{\"@id\":\"https:\\\/\\\/dpress.ma\\\/fr\\\/2026\\\/04\\\/27\\\/festival-national-dabidat-rma-pleins-feux-sur-les-efforts-de-valorisation-et-de-preservation-dun-patrimoine-ancestral\\\/#primaryimage\"},\"thumbnailUrl\":\"https:\\\/\\\/dpress.ma\\\/fr\\\/wp-content\\\/uploads\\\/sites\\\/2\\\/2026\\\/04\\\/17-5.jpg\",\"datePublished\":\"2026-04-27T09:20:56+00:00\",\"dateModified\":\"2026-04-27T09:20:57+00:00\",\"author\":{\"@id\":\"https:\\\/\\\/dpress.ma\\\/fr\\\/#\\\/schema\\\/person\\\/4898febf3ccd59e6578d838656a306a0\"},\"breadcrumb\":{\"@id\":\"https:\\\/\\\/dpress.ma\\\/fr\\\/2026\\\/04\\\/27\\\/festival-national-dabidat-rma-pleins-feux-sur-les-efforts-de-valorisation-et-de-preservation-dun-patrimoine-ancestral\\\/#breadcrumb\"},\"inLanguage\":\"fr-FR\",\"potentialAction\":[{\"@type\":\"ReadAction\",\"target\":[\"https:\\\/\\\/dpress.ma\\\/fr\\\/2026\\\/04\\\/27\\\/festival-national-dabidat-rma-pleins-feux-sur-les-efforts-de-valorisation-et-de-preservation-dun-patrimoine-ancestral\\\/\"]}]},{\"@type\":\"ImageObject\",\"inLanguage\":\"fr-FR\",\"@id\":\"https:\\\/\\\/dpress.ma\\\/fr\\\/2026\\\/04\\\/27\\\/festival-national-dabidat-rma-pleins-feux-sur-les-efforts-de-valorisation-et-de-preservation-dun-patrimoine-ancestral\\\/#primaryimage\",\"url\":\"https:\\\/\\\/dpress.ma\\\/fr\\\/wp-content\\\/uploads\\\/sites\\\/2\\\/2026\\\/04\\\/17-5.jpg\",\"contentUrl\":\"https:\\\/\\\/dpress.ma\\\/fr\\\/wp-content\\\/uploads\\\/sites\\\/2\\\/2026\\\/04\\\/17-5.jpg\",\"width\":2539,\"height\":1594},{\"@type\":\"BreadcrumbList\",\"@id\":\"https:\\\/\\\/dpress.ma\\\/fr\\\/2026\\\/04\\\/27\\\/festival-national-dabidat-rma-pleins-feux-sur-les-efforts-de-valorisation-et-de-preservation-dun-patrimoine-ancestral\\\/#breadcrumb\",\"itemListElement\":[{\"@type\":\"ListItem\",\"position\":1,\"name\":\"Home\",\"item\":\"https:\\\/\\\/dpress.ma\\\/fr\\\/\"},{\"@type\":\"ListItem\",\"position\":2,\"name\":\"Festival national d\u2019Abidat Rma: Pleins feux sur les efforts de valorisation et de pr\u00e9servation d\u2019un patrimoine ancestral\"}]},{\"@type\":\"WebSite\",\"@id\":\"https:\\\/\\\/dpress.ma\\\/fr\\\/#website\",\"url\":\"https:\\\/\\\/dpress.ma\\\/fr\\\/\",\"name\":\"Dpress.ma\\\/fr\",\"description\":\"\",\"potentialAction\":[{\"@type\":\"SearchAction\",\"target\":{\"@type\":\"EntryPoint\",\"urlTemplate\":\"https:\\\/\\\/dpress.ma\\\/fr\\\/?s={search_term_string}\"},\"query-input\":{\"@type\":\"PropertyValueSpecification\",\"valueRequired\":true,\"valueName\":\"search_term_string\"}}],\"inLanguage\":\"fr-FR\"},{\"@type\":\"Person\",\"@id\":\"https:\\\/\\\/dpress.ma\\\/fr\\\/#\\\/schema\\\/person\\\/4898febf3ccd59e6578d838656a306a0\",\"name\":\"Dpress.ma\",\"image\":{\"@type\":\"ImageObject\",\"inLanguage\":\"fr-FR\",\"@id\":\"https:\\\/\\\/secure.gravatar.com\\\/avatar\\\/72ecc30e9db047a2e0e7176561eb9d564ed77c8108376495b19bd8336405198a?s=96&d=mm&r=g\",\"url\":\"https:\\\/\\\/secure.gravatar.com\\\/avatar\\\/72ecc30e9db047a2e0e7176561eb9d564ed77c8108376495b19bd8336405198a?s=96&d=mm&r=g\",\"contentUrl\":\"https:\\\/\\\/secure.gravatar.com\\\/avatar\\\/72ecc30e9db047a2e0e7176561eb9d564ed77c8108376495b19bd8336405198a?s=96&d=mm&r=g\",\"caption\":\"Dpress.ma\"},\"sameAs\":[\"https:\\\/\\\/www.dpress.ma\"],\"url\":\"https:\\\/\\\/dpress.ma\\\/fr\\\/author\\\/dpress-ma\\\/\"}]}<\/script>\n<!-- \/ Yoast SEO plugin. -->","yoast_head_json":{"title":"Festival national d\u2019Abidat Rma: Pleins feux sur les efforts de valorisation et de pr\u00e9servation d\u2019un patrimoine ancestral - Dpress.ma\/fr","robots":{"index":"index","follow":"follow","max-snippet":"max-snippet:-1","max-image-preview":"max-image-preview:large","max-video-preview":"max-video-preview:-1"},"canonical":"https:\/\/dpress.ma\/fr\/2026\/04\/27\/festival-national-dabidat-rma-pleins-feux-sur-les-efforts-de-valorisation-et-de-preservation-dun-patrimoine-ancestral\/","og_locale":"fr_FR","og_type":"article","og_title":"Festival national d\u2019Abidat Rma: Pleins feux sur les efforts de valorisation et de pr\u00e9servation d\u2019un patrimoine ancestral - Dpress.ma\/fr","og_description":"Dpress La c\u00e9l\u00e9bration du quart de si\u00e8cle d\u2019existence du Festival national d\u2019\u00ab Abidat Rma \u00bb constitue une halte de choix pour revivifier la m\u00e9moire collective et consolider le rayonnement de cet art s\u00e9culaire dans le paysage culturel national, ont soulign\u00e9, vendredi \u00e0 Khouribga, les participants \u00e0 un colloque scientifique. Initi\u00e9e \u00e0 la Facult\u00e9 Polydisciplinaire de &hellip;","og_url":"https:\/\/dpress.ma\/fr\/2026\/04\/27\/festival-national-dabidat-rma-pleins-feux-sur-les-efforts-de-valorisation-et-de-preservation-dun-patrimoine-ancestral\/","og_site_name":"Dpress.ma\/fr","article_published_time":"2026-04-27T09:20:56+00:00","article_modified_time":"2026-04-27T09:20:57+00:00","og_image":[{"width":2539,"height":1594,"url":"https:\/\/dpress.ma\/fr\/wp-content\/uploads\/sites\/2\/2026\/04\/17-5.jpg","type":"image\/jpeg"}],"author":"Dpress.ma","twitter_card":"summary_large_image","twitter_misc":{"\u00c9crit par":"Dpress.ma","Dur\u00e9e de lecture estim\u00e9e":"3 minutes"},"schema":{"@context":"https:\/\/schema.org","@graph":[{"@type":"Article","@id":"https:\/\/dpress.ma\/fr\/2026\/04\/27\/festival-national-dabidat-rma-pleins-feux-sur-les-efforts-de-valorisation-et-de-preservation-dun-patrimoine-ancestral\/#article","isPartOf":{"@id":"https:\/\/dpress.ma\/fr\/2026\/04\/27\/festival-national-dabidat-rma-pleins-feux-sur-les-efforts-de-valorisation-et-de-preservation-dun-patrimoine-ancestral\/"},"author":{"name":"Dpress.ma","@id":"https:\/\/dpress.ma\/fr\/#\/schema\/person\/4898febf3ccd59e6578d838656a306a0"},"headline":"Festival national d\u2019Abidat Rma: Pleins feux sur les efforts de valorisation et de pr\u00e9servation d\u2019un patrimoine ancestral","datePublished":"2026-04-27T09:20:56+00:00","dateModified":"2026-04-27T09:20:57+00:00","mainEntityOfPage":{"@id":"https:\/\/dpress.ma\/fr\/2026\/04\/27\/festival-national-dabidat-rma-pleins-feux-sur-les-efforts-de-valorisation-et-de-preservation-dun-patrimoine-ancestral\/"},"wordCount":491,"commentCount":0,"image":{"@id":"https:\/\/dpress.ma\/fr\/2026\/04\/27\/festival-national-dabidat-rma-pleins-feux-sur-les-efforts-de-valorisation-et-de-preservation-dun-patrimoine-ancestral\/#primaryimage"},"thumbnailUrl":"https:\/\/dpress.ma\/fr\/wp-content\/uploads\/sites\/2\/2026\/04\/17-5.jpg","articleSection":["Art et Culture"],"inLanguage":"fr-FR","potentialAction":[{"@type":"CommentAction","name":"Comment","target":["https:\/\/dpress.ma\/fr\/2026\/04\/27\/festival-national-dabidat-rma-pleins-feux-sur-les-efforts-de-valorisation-et-de-preservation-dun-patrimoine-ancestral\/#respond"]}]},{"@type":"WebPage","@id":"https:\/\/dpress.ma\/fr\/2026\/04\/27\/festival-national-dabidat-rma-pleins-feux-sur-les-efforts-de-valorisation-et-de-preservation-dun-patrimoine-ancestral\/","url":"https:\/\/dpress.ma\/fr\/2026\/04\/27\/festival-national-dabidat-rma-pleins-feux-sur-les-efforts-de-valorisation-et-de-preservation-dun-patrimoine-ancestral\/","name":"Festival national d\u2019Abidat Rma: Pleins feux sur les efforts de valorisation et de pr\u00e9servation d\u2019un patrimoine ancestral - Dpress.ma\/fr","isPartOf":{"@id":"https:\/\/dpress.ma\/fr\/#website"},"primaryImageOfPage":{"@id":"https:\/\/dpress.ma\/fr\/2026\/04\/27\/festival-national-dabidat-rma-pleins-feux-sur-les-efforts-de-valorisation-et-de-preservation-dun-patrimoine-ancestral\/#primaryimage"},"image":{"@id":"https:\/\/dpress.ma\/fr\/2026\/04\/27\/festival-national-dabidat-rma-pleins-feux-sur-les-efforts-de-valorisation-et-de-preservation-dun-patrimoine-ancestral\/#primaryimage"},"thumbnailUrl":"https:\/\/dpress.ma\/fr\/wp-content\/uploads\/sites\/2\/2026\/04\/17-5.jpg","datePublished":"2026-04-27T09:20:56+00:00","dateModified":"2026-04-27T09:20:57+00:00","author":{"@id":"https:\/\/dpress.ma\/fr\/#\/schema\/person\/4898febf3ccd59e6578d838656a306a0"},"breadcrumb":{"@id":"https:\/\/dpress.ma\/fr\/2026\/04\/27\/festival-national-dabidat-rma-pleins-feux-sur-les-efforts-de-valorisation-et-de-preservation-dun-patrimoine-ancestral\/#breadcrumb"},"inLanguage":"fr-FR","potentialAction":[{"@type":"ReadAction","target":["https:\/\/dpress.ma\/fr\/2026\/04\/27\/festival-national-dabidat-rma-pleins-feux-sur-les-efforts-de-valorisation-et-de-preservation-dun-patrimoine-ancestral\/"]}]},{"@type":"ImageObject","inLanguage":"fr-FR","@id":"https:\/\/dpress.ma\/fr\/2026\/04\/27\/festival-national-dabidat-rma-pleins-feux-sur-les-efforts-de-valorisation-et-de-preservation-dun-patrimoine-ancestral\/#primaryimage","url":"https:\/\/dpress.ma\/fr\/wp-content\/uploads\/sites\/2\/2026\/04\/17-5.jpg","contentUrl":"https:\/\/dpress.ma\/fr\/wp-content\/uploads\/sites\/2\/2026\/04\/17-5.jpg","width":2539,"height":1594},{"@type":"BreadcrumbList","@id":"https:\/\/dpress.ma\/fr\/2026\/04\/27\/festival-national-dabidat-rma-pleins-feux-sur-les-efforts-de-valorisation-et-de-preservation-dun-patrimoine-ancestral\/#breadcrumb","itemListElement":[{"@type":"ListItem","position":1,"name":"Home","item":"https:\/\/dpress.ma\/fr\/"},{"@type":"ListItem","position":2,"name":"Festival national d\u2019Abidat Rma: Pleins feux sur les efforts de valorisation et de pr\u00e9servation d\u2019un patrimoine ancestral"}]},{"@type":"WebSite","@id":"https:\/\/dpress.ma\/fr\/#website","url":"https:\/\/dpress.ma\/fr\/","name":"Dpress.ma\/fr","description":"","potentialAction":[{"@type":"SearchAction","target":{"@type":"EntryPoint","urlTemplate":"https:\/\/dpress.ma\/fr\/?s={search_term_string}"},"query-input":{"@type":"PropertyValueSpecification","valueRequired":true,"valueName":"search_term_string"}}],"inLanguage":"fr-FR"},{"@type":"Person","@id":"https:\/\/dpress.ma\/fr\/#\/schema\/person\/4898febf3ccd59e6578d838656a306a0","name":"Dpress.ma","image":{"@type":"ImageObject","inLanguage":"fr-FR","@id":"https:\/\/secure.gravatar.com\/avatar\/72ecc30e9db047a2e0e7176561eb9d564ed77c8108376495b19bd8336405198a?s=96&d=mm&r=g","url":"https:\/\/secure.gravatar.com\/avatar\/72ecc30e9db047a2e0e7176561eb9d564ed77c8108376495b19bd8336405198a?s=96&d=mm&r=g","contentUrl":"https:\/\/secure.gravatar.com\/avatar\/72ecc30e9db047a2e0e7176561eb9d564ed77c8108376495b19bd8336405198a?s=96&d=mm&r=g","caption":"Dpress.ma"},"sameAs":["https:\/\/www.dpress.ma"],"url":"https:\/\/dpress.ma\/fr\/author\/dpress-ma\/"}]}},"amp_enabled":true,"_links":{"self":[{"href":"https:\/\/dpress.ma\/fr\/wp-json\/wp\/v2\/posts\/29422","targetHints":{"allow":["GET"]}}],"collection":[{"href":"https:\/\/dpress.ma\/fr\/wp-json\/wp\/v2\/posts"}],"about":[{"href":"https:\/\/dpress.ma\/fr\/wp-json\/wp\/v2\/types\/post"}],"author":[{"embeddable":true,"href":"https:\/\/dpress.ma\/fr\/wp-json\/wp\/v2\/users\/2"}],"replies":[{"embeddable":true,"href":"https:\/\/dpress.ma\/fr\/wp-json\/wp\/v2\/comments?post=29422"}],"version-history":[{"count":1,"href":"https:\/\/dpress.ma\/fr\/wp-json\/wp\/v2\/posts\/29422\/revisions"}],"predecessor-version":[{"id":29424,"href":"https:\/\/dpress.ma\/fr\/wp-json\/wp\/v2\/posts\/29422\/revisions\/29424"}],"wp:featuredmedia":[{"embeddable":true,"href":"https:\/\/dpress.ma\/fr\/wp-json\/wp\/v2\/media\/29423"}],"wp:attachment":[{"href":"https:\/\/dpress.ma\/fr\/wp-json\/wp\/v2\/media?parent=29422"}],"wp:term":[{"taxonomy":"category","embeddable":true,"href":"https:\/\/dpress.ma\/fr\/wp-json\/wp\/v2\/categories?post=29422"},{"taxonomy":"post_tag","embeddable":true,"href":"https:\/\/dpress.ma\/fr\/wp-json\/wp\/v2\/tags?post=29422"}],"curies":[{"name":"wp","href":"https:\/\/api.w.org\/{rel}","templated":true}]}}