{"id":29419,"date":"2026-04-27T09:19:51","date_gmt":"2026-04-27T09:19:51","guid":{"rendered":"https:\/\/dpress.ma\/fr\/?p=29419"},"modified":"2026-04-27T09:19:53","modified_gmt":"2026-04-27T09:19:53","slug":"ouled-taima-celebre-le-theatre-pour-enfant","status":"publish","type":"post","link":"https:\/\/dpress.ma\/fr\/2026\/04\/27\/ouled-taima-celebre-le-theatre-pour-enfant\/","title":{"rendered":"Ouled Ta\u00efma c\u00e9l\u00e8bre le th\u00e9\u00e2tre pour enfant"},"content":{"rendered":"\n<p>Dpress<\/p>\n\n\n\n<p>La troisi\u00e8me \u00e9dition du Festival national Houara du th\u00e9\u00e2tre pour enfant s\u2019est ouverte vendredi, au complexe culturel de la ville d\u2019Ouled Ta\u00efma (province de Taroudant).<\/p>\n\n\n\n<p>Organis\u00e9 par l\u2019Association \u201cAlwan pour la cr\u00e9ativit\u00e9 artistique \u201d sous le th\u00e8me \u201d Le th\u00e9\u00e2tre de l\u2019enfant, pilier de l\u2019\u00e9ducation\u201d, cet \u00e9v\u00e9nement culturel et artistique s\u2019inscrit dans le cadre des efforts visant \u00e0 ancrer la culture th\u00e9\u00e2trale chez les enfants et \u00e0 renforcer son r\u00f4le dans l\u2019\u00e9ducation et la formation artistique, ainsi qu\u2019\u00e0 offrir un espace de rencontre et d\u2019\u00e9change entre les diff\u00e9rentes troupes nationales du th\u00e9\u00e2tre de l\u2019enfant.<\/p>\n\n\n\n<p>La c\u00e9r\u00e9monie d\u2019ouverture de cette manifestation, organis\u00e9e avec le soutien du minist\u00e8re de la Jeunesse, de la Culture et de la Communication, en partenariat avec la commune d\u2019Ouled Ta\u00efma et en coordination avec l\u2019Acad\u00e9mie r\u00e9gionale de l\u2019\u00e9ducation et de la formation de la r\u00e9gion Souss-Massa, s\u2019est distingu\u00e9e par un hommage rendu \u00e0 plusieurs figures artistiques, culturelles et \u00e9ducatives, en reconnaissance de leurs contributions dans les domaines cr\u00e9atif et p\u00e9dagogique.<\/p>\n\n\n\n<p>Plusieurs \u00e9l\u00e8ves ont aussi \u00e9t\u00e9 honor\u00e9s, dans une initiative visant \u00e0 encourager les jeunes talents et \u00e0 les inciter \u00e0 poursuivre leur parcours cr\u00e9atif.<\/p>\n\n\n\n<p>\u00c0 cette occasion, le directeur du Festival, Massoud Ariba, a indiqu\u00e9 que cette manifestation vise principalement \u00e0 ancrer la culture du th\u00e9\u00e2tre chez les enfants, en tant qu\u2019outil \u00e9ducatif contribuant au d\u00e9veloppement de leurs capacit\u00e9s d\u2019expression et de cr\u00e9ativit\u00e9, tout en renfor\u00e7ant leur confiance en eux et leur esprit d\u2019\u00e9quipe.<\/p>\n\n\n\n<p>Elle a soulign\u00e9 que cet \u00e9v\u00e8nement \u00e0 travers sa programmation vari\u00e9e m\u00ealant spectacles, ateliers de formation et rencontres intellectuelles, vise \u00e0 offrir aux enfants de r\u00e9elles opportunit\u00e9s de d\u00e9couvrir l\u2019univers du th\u00e9\u00e2tre, de s\u2019ouvrir \u00e0 ses techniques et \u00e0 ses formes d\u2019expression, et de d\u00e9velopper leurs talents.<\/p>\n\n\n\n<p>Cette \u00e9dition conna\u00eet la participation de plusieurs \u00e9tablissements scolaires, associations et troupes th\u00e9\u00e2trales nationales qui concourent pour les diff\u00e9rents prix du festival, visant \u00e0 encourager les jeunes talents et \u00e0 am\u00e9liorer la qualit\u00e9 des productions destin\u00e9es aux enfants.<\/p>\n\n\n\n<p>Les prix du festival comprennent notamment : le prix de la meilleure interpr\u00e9tation (gar\u00e7ons), le prix de la meilleure interpr\u00e9tation (filles), le prix espoir (gar\u00e7ons), le prix espoir (filles), ainsi que les prix du meilleur texte, de la meilleure mise en sc\u00e8ne et de la meilleure sc\u00e9nographie.<\/p>\n\n\n\n<p>Le programme de cette \u00e9dition propose une vari\u00e9t\u00e9 de spectacles, ainsi que des ateliers de formation destin\u00e9s aux enfants dans les domaines du jeu th\u00e9\u00e2tral et de l\u2019expression corporelle, en plus de rencontres et de conf\u00e9rences consacr\u00e9es \u00e0 la r\u00e9alit\u00e9 et aux perspectives du th\u00e9\u00e2tre de l\u2019enfant au Maroc.<\/p>\n\n\n\n<p>Cet \u00e9v\u00e9nement culturel constitue \u00e9galement une occasion de mettre en avant l\u2019importance du th\u00e9\u00e2tre en tant que levier \u00e9ducatif et artistique contribuant au d\u00e9veloppement de la cr\u00e9ativit\u00e9 des enfants et \u00e0 l\u2019\u00e9panouissement de leurs talents.<\/p>\n","protected":false},"excerpt":{"rendered":"<p>Dpress La troisi\u00e8me \u00e9dition du Festival national Houara du th\u00e9\u00e2tre pour enfant s\u2019est ouverte vendredi, au complexe culturel de la ville d\u2019Ouled Ta\u00efma (province de Taroudant). Organis\u00e9 par l\u2019Association \u201cAlwan pour la cr\u00e9ativit\u00e9 artistique \u201d sous le th\u00e8me \u201d Le th\u00e9\u00e2tre de l\u2019enfant, pilier de l\u2019\u00e9ducation\u201d, cet \u00e9v\u00e9nement culturel et artistique s\u2019inscrit dans le cadre &hellip;<\/p>\n","protected":false},"author":2,"featured_media":29420,"comment_status":"open","ping_status":"open","sticky":false,"template":"","format":"standard","meta":{"footnotes":""},"categories":[31],"tags":[],"class_list":["post-29419","post","type-post","status-publish","format-standard","has-post-thumbnail","hentry","category-art-et-culture"],"yoast_head":"<!-- This site is optimized with the Yoast SEO plugin v27.4 - https:\/\/yoast.com\/product\/yoast-seo-wordpress\/ -->\n<title>Ouled Ta\u00efma c\u00e9l\u00e8bre le th\u00e9\u00e2tre pour enfant - Dpress.ma\/fr<\/title>\n<meta name=\"robots\" content=\"index, follow, max-snippet:-1, max-image-preview:large, max-video-preview:-1\" \/>\n<link rel=\"canonical\" href=\"https:\/\/dpress.ma\/fr\/2026\/04\/27\/ouled-taima-celebre-le-theatre-pour-enfant\/\" \/>\n<meta property=\"og:locale\" content=\"fr_FR\" \/>\n<meta property=\"og:type\" content=\"article\" \/>\n<meta property=\"og:title\" content=\"Ouled Ta\u00efma c\u00e9l\u00e8bre le th\u00e9\u00e2tre pour enfant - Dpress.ma\/fr\" \/>\n<meta property=\"og:description\" content=\"Dpress La troisi\u00e8me \u00e9dition du Festival national Houara du th\u00e9\u00e2tre pour enfant s\u2019est ouverte vendredi, au complexe culturel de la ville d\u2019Ouled Ta\u00efma (province de Taroudant). Organis\u00e9 par l\u2019Association \u201cAlwan pour la cr\u00e9ativit\u00e9 artistique \u201d sous le th\u00e8me \u201d Le th\u00e9\u00e2tre de l\u2019enfant, pilier de l\u2019\u00e9ducation\u201d, cet \u00e9v\u00e9nement culturel et artistique s\u2019inscrit dans le cadre &hellip;\" \/>\n<meta property=\"og:url\" content=\"https:\/\/dpress.ma\/fr\/2026\/04\/27\/ouled-taima-celebre-le-theatre-pour-enfant\/\" \/>\n<meta property=\"og:site_name\" content=\"Dpress.ma\/fr\" \/>\n<meta property=\"article:published_time\" content=\"2026-04-27T09:19:51+00:00\" \/>\n<meta property=\"article:modified_time\" content=\"2026-04-27T09:19:53+00:00\" \/>\n<meta property=\"og:image\" content=\"https:\/\/dpress.ma\/fr\/wp-content\/uploads\/sites\/2\/2026\/04\/16-7.jpg\" \/>\n\t<meta property=\"og:image:width\" content=\"2539\" \/>\n\t<meta property=\"og:image:height\" content=\"1594\" \/>\n\t<meta property=\"og:image:type\" content=\"image\/jpeg\" \/>\n<meta name=\"author\" content=\"Dpress.ma\" \/>\n<meta name=\"twitter:card\" content=\"summary_large_image\" \/>\n<meta name=\"twitter:label1\" content=\"\u00c9crit par\" \/>\n\t<meta name=\"twitter:data1\" content=\"Dpress.ma\" \/>\n\t<meta name=\"twitter:label2\" content=\"Dur\u00e9e de lecture estim\u00e9e\" \/>\n\t<meta name=\"twitter:data2\" content=\"3 minutes\" \/>\n<script type=\"application\/ld+json\" class=\"yoast-schema-graph\">{\"@context\":\"https:\\\/\\\/schema.org\",\"@graph\":[{\"@type\":\"Article\",\"@id\":\"https:\\\/\\\/dpress.ma\\\/fr\\\/2026\\\/04\\\/27\\\/ouled-taima-celebre-le-theatre-pour-enfant\\\/#article\",\"isPartOf\":{\"@id\":\"https:\\\/\\\/dpress.ma\\\/fr\\\/2026\\\/04\\\/27\\\/ouled-taima-celebre-le-theatre-pour-enfant\\\/\"},\"author\":{\"name\":\"Dpress.ma\",\"@id\":\"https:\\\/\\\/dpress.ma\\\/fr\\\/#\\\/schema\\\/person\\\/4898febf3ccd59e6578d838656a306a0\"},\"headline\":\"Ouled Ta\u00efma c\u00e9l\u00e8bre le th\u00e9\u00e2tre pour enfant\",\"datePublished\":\"2026-04-27T09:19:51+00:00\",\"dateModified\":\"2026-04-27T09:19:53+00:00\",\"mainEntityOfPage\":{\"@id\":\"https:\\\/\\\/dpress.ma\\\/fr\\\/2026\\\/04\\\/27\\\/ouled-taima-celebre-le-theatre-pour-enfant\\\/\"},\"wordCount\":530,\"commentCount\":0,\"image\":{\"@id\":\"https:\\\/\\\/dpress.ma\\\/fr\\\/2026\\\/04\\\/27\\\/ouled-taima-celebre-le-theatre-pour-enfant\\\/#primaryimage\"},\"thumbnailUrl\":\"https:\\\/\\\/dpress.ma\\\/fr\\\/wp-content\\\/uploads\\\/sites\\\/2\\\/2026\\\/04\\\/16-7.jpg\",\"articleSection\":[\"Art et Culture\"],\"inLanguage\":\"fr-FR\",\"potentialAction\":[{\"@type\":\"CommentAction\",\"name\":\"Comment\",\"target\":[\"https:\\\/\\\/dpress.ma\\\/fr\\\/2026\\\/04\\\/27\\\/ouled-taima-celebre-le-theatre-pour-enfant\\\/#respond\"]}]},{\"@type\":\"WebPage\",\"@id\":\"https:\\\/\\\/dpress.ma\\\/fr\\\/2026\\\/04\\\/27\\\/ouled-taima-celebre-le-theatre-pour-enfant\\\/\",\"url\":\"https:\\\/\\\/dpress.ma\\\/fr\\\/2026\\\/04\\\/27\\\/ouled-taima-celebre-le-theatre-pour-enfant\\\/\",\"name\":\"Ouled Ta\u00efma c\u00e9l\u00e8bre le th\u00e9\u00e2tre pour enfant - Dpress.ma\\\/fr\",\"isPartOf\":{\"@id\":\"https:\\\/\\\/dpress.ma\\\/fr\\\/#website\"},\"primaryImageOfPage\":{\"@id\":\"https:\\\/\\\/dpress.ma\\\/fr\\\/2026\\\/04\\\/27\\\/ouled-taima-celebre-le-theatre-pour-enfant\\\/#primaryimage\"},\"image\":{\"@id\":\"https:\\\/\\\/dpress.ma\\\/fr\\\/2026\\\/04\\\/27\\\/ouled-taima-celebre-le-theatre-pour-enfant\\\/#primaryimage\"},\"thumbnailUrl\":\"https:\\\/\\\/dpress.ma\\\/fr\\\/wp-content\\\/uploads\\\/sites\\\/2\\\/2026\\\/04\\\/16-7.jpg\",\"datePublished\":\"2026-04-27T09:19:51+00:00\",\"dateModified\":\"2026-04-27T09:19:53+00:00\",\"author\":{\"@id\":\"https:\\\/\\\/dpress.ma\\\/fr\\\/#\\\/schema\\\/person\\\/4898febf3ccd59e6578d838656a306a0\"},\"breadcrumb\":{\"@id\":\"https:\\\/\\\/dpress.ma\\\/fr\\\/2026\\\/04\\\/27\\\/ouled-taima-celebre-le-theatre-pour-enfant\\\/#breadcrumb\"},\"inLanguage\":\"fr-FR\",\"potentialAction\":[{\"@type\":\"ReadAction\",\"target\":[\"https:\\\/\\\/dpress.ma\\\/fr\\\/2026\\\/04\\\/27\\\/ouled-taima-celebre-le-theatre-pour-enfant\\\/\"]}]},{\"@type\":\"ImageObject\",\"inLanguage\":\"fr-FR\",\"@id\":\"https:\\\/\\\/dpress.ma\\\/fr\\\/2026\\\/04\\\/27\\\/ouled-taima-celebre-le-theatre-pour-enfant\\\/#primaryimage\",\"url\":\"https:\\\/\\\/dpress.ma\\\/fr\\\/wp-content\\\/uploads\\\/sites\\\/2\\\/2026\\\/04\\\/16-7.jpg\",\"contentUrl\":\"https:\\\/\\\/dpress.ma\\\/fr\\\/wp-content\\\/uploads\\\/sites\\\/2\\\/2026\\\/04\\\/16-7.jpg\",\"width\":2539,\"height\":1594},{\"@type\":\"BreadcrumbList\",\"@id\":\"https:\\\/\\\/dpress.ma\\\/fr\\\/2026\\\/04\\\/27\\\/ouled-taima-celebre-le-theatre-pour-enfant\\\/#breadcrumb\",\"itemListElement\":[{\"@type\":\"ListItem\",\"position\":1,\"name\":\"Home\",\"item\":\"https:\\\/\\\/dpress.ma\\\/fr\\\/\"},{\"@type\":\"ListItem\",\"position\":2,\"name\":\"Ouled Ta\u00efma c\u00e9l\u00e8bre le th\u00e9\u00e2tre pour enfant\"}]},{\"@type\":\"WebSite\",\"@id\":\"https:\\\/\\\/dpress.ma\\\/fr\\\/#website\",\"url\":\"https:\\\/\\\/dpress.ma\\\/fr\\\/\",\"name\":\"Dpress.ma\\\/fr\",\"description\":\"\",\"potentialAction\":[{\"@type\":\"SearchAction\",\"target\":{\"@type\":\"EntryPoint\",\"urlTemplate\":\"https:\\\/\\\/dpress.ma\\\/fr\\\/?s={search_term_string}\"},\"query-input\":{\"@type\":\"PropertyValueSpecification\",\"valueRequired\":true,\"valueName\":\"search_term_string\"}}],\"inLanguage\":\"fr-FR\"},{\"@type\":\"Person\",\"@id\":\"https:\\\/\\\/dpress.ma\\\/fr\\\/#\\\/schema\\\/person\\\/4898febf3ccd59e6578d838656a306a0\",\"name\":\"Dpress.ma\",\"image\":{\"@type\":\"ImageObject\",\"inLanguage\":\"fr-FR\",\"@id\":\"https:\\\/\\\/secure.gravatar.com\\\/avatar\\\/72ecc30e9db047a2e0e7176561eb9d564ed77c8108376495b19bd8336405198a?s=96&d=mm&r=g\",\"url\":\"https:\\\/\\\/secure.gravatar.com\\\/avatar\\\/72ecc30e9db047a2e0e7176561eb9d564ed77c8108376495b19bd8336405198a?s=96&d=mm&r=g\",\"contentUrl\":\"https:\\\/\\\/secure.gravatar.com\\\/avatar\\\/72ecc30e9db047a2e0e7176561eb9d564ed77c8108376495b19bd8336405198a?s=96&d=mm&r=g\",\"caption\":\"Dpress.ma\"},\"sameAs\":[\"https:\\\/\\\/www.dpress.ma\"],\"url\":\"https:\\\/\\\/dpress.ma\\\/fr\\\/author\\\/dpress-ma\\\/\"}]}<\/script>\n<!-- \/ Yoast SEO plugin. -->","yoast_head_json":{"title":"Ouled Ta\u00efma c\u00e9l\u00e8bre le th\u00e9\u00e2tre pour enfant - Dpress.ma\/fr","robots":{"index":"index","follow":"follow","max-snippet":"max-snippet:-1","max-image-preview":"max-image-preview:large","max-video-preview":"max-video-preview:-1"},"canonical":"https:\/\/dpress.ma\/fr\/2026\/04\/27\/ouled-taima-celebre-le-theatre-pour-enfant\/","og_locale":"fr_FR","og_type":"article","og_title":"Ouled Ta\u00efma c\u00e9l\u00e8bre le th\u00e9\u00e2tre pour enfant - Dpress.ma\/fr","og_description":"Dpress La troisi\u00e8me \u00e9dition du Festival national Houara du th\u00e9\u00e2tre pour enfant s\u2019est ouverte vendredi, au complexe culturel de la ville d\u2019Ouled Ta\u00efma (province de Taroudant). Organis\u00e9 par l\u2019Association \u201cAlwan pour la cr\u00e9ativit\u00e9 artistique \u201d sous le th\u00e8me \u201d Le th\u00e9\u00e2tre de l\u2019enfant, pilier de l\u2019\u00e9ducation\u201d, cet \u00e9v\u00e9nement culturel et artistique s\u2019inscrit dans le cadre &hellip;","og_url":"https:\/\/dpress.ma\/fr\/2026\/04\/27\/ouled-taima-celebre-le-theatre-pour-enfant\/","og_site_name":"Dpress.ma\/fr","article_published_time":"2026-04-27T09:19:51+00:00","article_modified_time":"2026-04-27T09:19:53+00:00","og_image":[{"width":2539,"height":1594,"url":"https:\/\/dpress.ma\/fr\/wp-content\/uploads\/sites\/2\/2026\/04\/16-7.jpg","type":"image\/jpeg"}],"author":"Dpress.ma","twitter_card":"summary_large_image","twitter_misc":{"\u00c9crit par":"Dpress.ma","Dur\u00e9e de lecture estim\u00e9e":"3 minutes"},"schema":{"@context":"https:\/\/schema.org","@graph":[{"@type":"Article","@id":"https:\/\/dpress.ma\/fr\/2026\/04\/27\/ouled-taima-celebre-le-theatre-pour-enfant\/#article","isPartOf":{"@id":"https:\/\/dpress.ma\/fr\/2026\/04\/27\/ouled-taima-celebre-le-theatre-pour-enfant\/"},"author":{"name":"Dpress.ma","@id":"https:\/\/dpress.ma\/fr\/#\/schema\/person\/4898febf3ccd59e6578d838656a306a0"},"headline":"Ouled Ta\u00efma c\u00e9l\u00e8bre le th\u00e9\u00e2tre pour enfant","datePublished":"2026-04-27T09:19:51+00:00","dateModified":"2026-04-27T09:19:53+00:00","mainEntityOfPage":{"@id":"https:\/\/dpress.ma\/fr\/2026\/04\/27\/ouled-taima-celebre-le-theatre-pour-enfant\/"},"wordCount":530,"commentCount":0,"image":{"@id":"https:\/\/dpress.ma\/fr\/2026\/04\/27\/ouled-taima-celebre-le-theatre-pour-enfant\/#primaryimage"},"thumbnailUrl":"https:\/\/dpress.ma\/fr\/wp-content\/uploads\/sites\/2\/2026\/04\/16-7.jpg","articleSection":["Art et Culture"],"inLanguage":"fr-FR","potentialAction":[{"@type":"CommentAction","name":"Comment","target":["https:\/\/dpress.ma\/fr\/2026\/04\/27\/ouled-taima-celebre-le-theatre-pour-enfant\/#respond"]}]},{"@type":"WebPage","@id":"https:\/\/dpress.ma\/fr\/2026\/04\/27\/ouled-taima-celebre-le-theatre-pour-enfant\/","url":"https:\/\/dpress.ma\/fr\/2026\/04\/27\/ouled-taima-celebre-le-theatre-pour-enfant\/","name":"Ouled Ta\u00efma c\u00e9l\u00e8bre le th\u00e9\u00e2tre pour enfant - Dpress.ma\/fr","isPartOf":{"@id":"https:\/\/dpress.ma\/fr\/#website"},"primaryImageOfPage":{"@id":"https:\/\/dpress.ma\/fr\/2026\/04\/27\/ouled-taima-celebre-le-theatre-pour-enfant\/#primaryimage"},"image":{"@id":"https:\/\/dpress.ma\/fr\/2026\/04\/27\/ouled-taima-celebre-le-theatre-pour-enfant\/#primaryimage"},"thumbnailUrl":"https:\/\/dpress.ma\/fr\/wp-content\/uploads\/sites\/2\/2026\/04\/16-7.jpg","datePublished":"2026-04-27T09:19:51+00:00","dateModified":"2026-04-27T09:19:53+00:00","author":{"@id":"https:\/\/dpress.ma\/fr\/#\/schema\/person\/4898febf3ccd59e6578d838656a306a0"},"breadcrumb":{"@id":"https:\/\/dpress.ma\/fr\/2026\/04\/27\/ouled-taima-celebre-le-theatre-pour-enfant\/#breadcrumb"},"inLanguage":"fr-FR","potentialAction":[{"@type":"ReadAction","target":["https:\/\/dpress.ma\/fr\/2026\/04\/27\/ouled-taima-celebre-le-theatre-pour-enfant\/"]}]},{"@type":"ImageObject","inLanguage":"fr-FR","@id":"https:\/\/dpress.ma\/fr\/2026\/04\/27\/ouled-taima-celebre-le-theatre-pour-enfant\/#primaryimage","url":"https:\/\/dpress.ma\/fr\/wp-content\/uploads\/sites\/2\/2026\/04\/16-7.jpg","contentUrl":"https:\/\/dpress.ma\/fr\/wp-content\/uploads\/sites\/2\/2026\/04\/16-7.jpg","width":2539,"height":1594},{"@type":"BreadcrumbList","@id":"https:\/\/dpress.ma\/fr\/2026\/04\/27\/ouled-taima-celebre-le-theatre-pour-enfant\/#breadcrumb","itemListElement":[{"@type":"ListItem","position":1,"name":"Home","item":"https:\/\/dpress.ma\/fr\/"},{"@type":"ListItem","position":2,"name":"Ouled Ta\u00efma c\u00e9l\u00e8bre le th\u00e9\u00e2tre pour enfant"}]},{"@type":"WebSite","@id":"https:\/\/dpress.ma\/fr\/#website","url":"https:\/\/dpress.ma\/fr\/","name":"Dpress.ma\/fr","description":"","potentialAction":[{"@type":"SearchAction","target":{"@type":"EntryPoint","urlTemplate":"https:\/\/dpress.ma\/fr\/?s={search_term_string}"},"query-input":{"@type":"PropertyValueSpecification","valueRequired":true,"valueName":"search_term_string"}}],"inLanguage":"fr-FR"},{"@type":"Person","@id":"https:\/\/dpress.ma\/fr\/#\/schema\/person\/4898febf3ccd59e6578d838656a306a0","name":"Dpress.ma","image":{"@type":"ImageObject","inLanguage":"fr-FR","@id":"https:\/\/secure.gravatar.com\/avatar\/72ecc30e9db047a2e0e7176561eb9d564ed77c8108376495b19bd8336405198a?s=96&d=mm&r=g","url":"https:\/\/secure.gravatar.com\/avatar\/72ecc30e9db047a2e0e7176561eb9d564ed77c8108376495b19bd8336405198a?s=96&d=mm&r=g","contentUrl":"https:\/\/secure.gravatar.com\/avatar\/72ecc30e9db047a2e0e7176561eb9d564ed77c8108376495b19bd8336405198a?s=96&d=mm&r=g","caption":"Dpress.ma"},"sameAs":["https:\/\/www.dpress.ma"],"url":"https:\/\/dpress.ma\/fr\/author\/dpress-ma\/"}]}},"amp_enabled":true,"_links":{"self":[{"href":"https:\/\/dpress.ma\/fr\/wp-json\/wp\/v2\/posts\/29419","targetHints":{"allow":["GET"]}}],"collection":[{"href":"https:\/\/dpress.ma\/fr\/wp-json\/wp\/v2\/posts"}],"about":[{"href":"https:\/\/dpress.ma\/fr\/wp-json\/wp\/v2\/types\/post"}],"author":[{"embeddable":true,"href":"https:\/\/dpress.ma\/fr\/wp-json\/wp\/v2\/users\/2"}],"replies":[{"embeddable":true,"href":"https:\/\/dpress.ma\/fr\/wp-json\/wp\/v2\/comments?post=29419"}],"version-history":[{"count":1,"href":"https:\/\/dpress.ma\/fr\/wp-json\/wp\/v2\/posts\/29419\/revisions"}],"predecessor-version":[{"id":29421,"href":"https:\/\/dpress.ma\/fr\/wp-json\/wp\/v2\/posts\/29419\/revisions\/29421"}],"wp:featuredmedia":[{"embeddable":true,"href":"https:\/\/dpress.ma\/fr\/wp-json\/wp\/v2\/media\/29420"}],"wp:attachment":[{"href":"https:\/\/dpress.ma\/fr\/wp-json\/wp\/v2\/media?parent=29419"}],"wp:term":[{"taxonomy":"category","embeddable":true,"href":"https:\/\/dpress.ma\/fr\/wp-json\/wp\/v2\/categories?post=29419"},{"taxonomy":"post_tag","embeddable":true,"href":"https:\/\/dpress.ma\/fr\/wp-json\/wp\/v2\/tags?post=29419"}],"curies":[{"name":"wp","href":"https:\/\/api.w.org\/{rel}","templated":true}]}}