{"id":29408,"date":"2026-04-26T11:34:00","date_gmt":"2026-04-26T11:34:00","guid":{"rendered":"https:\/\/dpress.ma\/fr\/?p=29408"},"modified":"2026-04-26T12:09:00","modified_gmt":"2026-04-26T12:09:00","slug":"casablanca-les-mangas-a-lhonneur-lors-de-la-4eme-edition-du-programme-culturel-maroc-terre-de-cultures","status":"publish","type":"post","link":"https:\/\/dpress.ma\/fr\/2026\/04\/26\/casablanca-les-mangas-a-lhonneur-lors-de-la-4eme-edition-du-programme-culturel-maroc-terre-de-cultures\/","title":{"rendered":"Casablanca: les mangas \u00e0 l\u2019honneur lors de la 4\u00e8me \u00e9dition du programme culturel \u201cMaroc, Terre de Cultures\u201d"},"content":{"rendered":"\n<p>Dpress<\/p>\n\n\n\n<p>&nbsp;Le Collectif 4.0, en partenariat avec la Fondation Al Mada, a organis\u00e9 samedi \u00e0 Casablanca la 4\u00e8me \u00e9dition de son programme culturel \u201cMaroc, Terre de Cultures\u201d, mettant en vedette la culture japonaise des mangas.<\/p>\n\n\n\n<p>Avec \u201cManga F\u2019lmdina\u201d, le Collectif 4.0 propose aux familles marocaines une v\u00e9ritable incursion dans l\u2019univers japonais \u00e0 travers ses formes d\u2019expression les plus populaires et cr\u00e9atives.<\/p>\n\n\n\n<p>Les participants ont pu s\u2019initier aux arts traditionnels japonais \u00e0 travers des ateliers d\u2019origami et de calligraphie, mais aussi exprimer leur cr\u00e9ativit\u00e9 avec des sessions de dessin manga, coloriage et cr\u00e9ation DIY (Do It Yourself).<\/p>\n\n\n\n<p>\u00c0 cette occasion, Leila El Oudghiri, membre fondatrice de Collectif 4.0, a expliqu\u00e9 que le programme de cette \u00e9dition consistait \u00e0 mettre \u00e0 l\u2019honneur la culture japonaise \u00e0 travers une s\u00e9rie d\u2019activit\u00e9s, dont \u201cManga F\u2019lmdina\u201d, ajoutant qu\u2019il s\u2019agit d\u2019une exp\u00e9rience immersive dans la culture japonaise \u00e0 travers ses formes d\u2019expression les plus cr\u00e9atives et populaires, o\u00f9 le manga, le dessin, les jeux et les productions artistiques sont devenus des portes d\u2019entr\u00e9e pour d\u00e9couvrir une culture mondiale riche et accessible \u00e0 tous.<\/p>\n\n\n\n<p>Elle a poursuivi, dans une d\u00e9claration \u00e0 la MAP, que cette exp\u00e9rience propos\u00e9e aux familles, dans l\u2019espace ext\u00e9rieur de la Villa des Arts de la capitale \u00e9conomique, a \u00e9t\u00e9 con\u00e7ue pour les petits comme pour les grands afin d\u2019explorer, d\u2019exp\u00e9rimenter et de s\u2019immerger dans un nouvel univers d\u2019imaginaire.<\/p>\n\n\n\n<p>Mme Oudghiri a soulign\u00e9 que cet atelier a \u00e9t\u00e9 con\u00e7u pour offrir une v\u00e9ritable exp\u00e9rience interactive, r\u00e9partie sur plusieurs espaces facilement accessibles, et qu\u2019il invite les familles \u00e0 d\u00e9couvrir la culture japonaise de mani\u00e8re ludique, cr\u00e9ative et participative.<\/p>\n\n\n\n<p>Quant \u00e0 l\u2019espace de lecture, a-t-elle expliqu\u00e9, il propose une s\u00e9lection de mangas \u00e0 feuilleter, permettant ainsi aux enfants comme aux adultes d\u2019explorer des univers vari\u00e9s. Il a \u00e9galement permis aux visiteurs de s\u2019essayer \u00e0 des jeux japonais, d\u2019assister \u00e0 des d\u00e9monstrations d\u2019arts martiaux et de rencontrer des amateurs de cosplay pour une exp\u00e9rience encore plus immersive.<\/p>\n\n\n\n<p>De son c\u00f4t\u00e9, Aymane Oukhira, responsable des ateliers d\u2019origami et de calligraphie, a affirm\u00e9 dans une d\u00e9claration similaire que cet \u00e9v\u00e9nement avait permis aux participants de d\u00e9couvrir les arts traditionnels japonais et d\u2019exprimer leur cr\u00e9ativit\u00e9 par le dessin de mangas, le coloriage et les travaux manuels.<\/p>\n\n\n\n<p>Il a ajout\u00e9 que cet atelier avait \u00e9t\u00e9 con\u00e7u pour offrir une v\u00e9ritable occasion d\u2019\u00e9change, en invitant les enfants et leurs familles \u00e0 apporter des mangas et \u00e0 les partager avec les autres participants. Cela permet \u00e0 chacun de faire de nouvelles d\u00e9couvertes, d\u2019une mani\u00e8re ludique et attrayante qui encourage la participation, la transmission et le partage d\u2019histoires.<\/p>\n\n\n\n<p>\u201cMaroc, Terre de Cultures\u201d est un rendez-vous culturel mensuel organis\u00e9 tous les derniers samedis du mois \u00e0 la Villa des Arts de Casablanca jusqu\u2019en juin 2026 inclus. Pens\u00e9 pour les familles, ce programme propose de d\u00e9couvrir les m\u00e9tiers et la culture du Maroc \u00e0 travers des ateliers ludiques, interactifs et \u00e9ducatifs favorisant la transmission et la d\u00e9couverte du patrimoine.<\/p>\n\n\n\n<p>Le Collectif 4.0 \u00e0 l\u2019origine de cette initiative est un studio de cr\u00e9ation d\u2019exp\u00e9riences culturelles et \u00e9v\u00e9nementielles qui imagine et produit des projets destin\u00e9s \u00e0 rassembler les publics et \u00e0 faire vivre des exp\u00e9riences culturelles qui rassemblent des g\u00e9n\u00e9rations.<\/p>\n","protected":false},"excerpt":{"rendered":"<p>Dpress &nbsp;Le Collectif 4.0, en partenariat avec la Fondation Al Mada, a organis\u00e9 samedi \u00e0 Casablanca la 4\u00e8me \u00e9dition de son programme culturel \u201cMaroc, Terre de Cultures\u201d, mettant en vedette la culture japonaise des mangas. Avec \u201cManga F\u2019lmdina\u201d, le Collectif 4.0 propose aux familles marocaines une v\u00e9ritable incursion dans l\u2019univers japonais \u00e0 travers ses formes &hellip;<\/p>\n","protected":false},"author":2,"featured_media":29409,"comment_status":"open","ping_status":"open","sticky":false,"template":"","format":"standard","meta":{"footnotes":""},"categories":[31],"tags":[],"class_list":["post-29408","post","type-post","status-publish","format-standard","has-post-thumbnail","hentry","category-art-et-culture"],"yoast_head":"<!-- This site is optimized with the Yoast SEO plugin v27.4 - https:\/\/yoast.com\/product\/yoast-seo-wordpress\/ -->\n<title>Casablanca: les mangas \u00e0 l\u2019honneur lors de la 4\u00e8me \u00e9dition du programme culturel \u201cMaroc, Terre de Cultures\u201d - Dpress.ma\/fr<\/title>\n<meta name=\"robots\" content=\"index, follow, max-snippet:-1, max-image-preview:large, max-video-preview:-1\" \/>\n<link rel=\"canonical\" href=\"https:\/\/dpress.ma\/fr\/2026\/04\/26\/casablanca-les-mangas-a-lhonneur-lors-de-la-4eme-edition-du-programme-culturel-maroc-terre-de-cultures\/\" \/>\n<meta property=\"og:locale\" content=\"fr_FR\" \/>\n<meta property=\"og:type\" content=\"article\" \/>\n<meta property=\"og:title\" content=\"Casablanca: les mangas \u00e0 l\u2019honneur lors de la 4\u00e8me \u00e9dition du programme culturel \u201cMaroc, Terre de Cultures\u201d - Dpress.ma\/fr\" \/>\n<meta property=\"og:description\" content=\"Dpress &nbsp;Le Collectif 4.0, en partenariat avec la Fondation Al Mada, a organis\u00e9 samedi \u00e0 Casablanca la 4\u00e8me \u00e9dition de son programme culturel \u201cMaroc, Terre de Cultures\u201d, mettant en vedette la culture japonaise des mangas. Avec \u201cManga F\u2019lmdina\u201d, le Collectif 4.0 propose aux familles marocaines une v\u00e9ritable incursion dans l\u2019univers japonais \u00e0 travers ses formes &hellip;\" \/>\n<meta property=\"og:url\" content=\"https:\/\/dpress.ma\/fr\/2026\/04\/26\/casablanca-les-mangas-a-lhonneur-lors-de-la-4eme-edition-du-programme-culturel-maroc-terre-de-cultures\/\" \/>\n<meta property=\"og:site_name\" content=\"Dpress.ma\/fr\" \/>\n<meta property=\"article:published_time\" content=\"2026-04-26T11:34:00+00:00\" \/>\n<meta property=\"article:modified_time\" content=\"2026-04-26T12:09:00+00:00\" \/>\n<meta property=\"og:image\" content=\"https:\/\/dpress.ma\/fr\/wp-content\/uploads\/sites\/2\/2026\/04\/CASA.png\" \/>\n\t<meta property=\"og:image:width\" content=\"780\" \/>\n\t<meta property=\"og:image:height\" content=\"470\" \/>\n\t<meta property=\"og:image:type\" content=\"image\/png\" \/>\n<meta name=\"author\" content=\"Dpress.ma\" \/>\n<meta name=\"twitter:card\" content=\"summary_large_image\" \/>\n<meta name=\"twitter:label1\" content=\"\u00c9crit par\" \/>\n\t<meta name=\"twitter:data1\" content=\"Dpress.ma\" \/>\n\t<meta name=\"twitter:label2\" content=\"Dur\u00e9e de lecture estim\u00e9e\" \/>\n\t<meta name=\"twitter:data2\" content=\"3 minutes\" \/>\n<script type=\"application\/ld+json\" class=\"yoast-schema-graph\">{\"@context\":\"https:\\\/\\\/schema.org\",\"@graph\":[{\"@type\":\"Article\",\"@id\":\"https:\\\/\\\/dpress.ma\\\/fr\\\/2026\\\/04\\\/26\\\/casablanca-les-mangas-a-lhonneur-lors-de-la-4eme-edition-du-programme-culturel-maroc-terre-de-cultures\\\/#article\",\"isPartOf\":{\"@id\":\"https:\\\/\\\/dpress.ma\\\/fr\\\/2026\\\/04\\\/26\\\/casablanca-les-mangas-a-lhonneur-lors-de-la-4eme-edition-du-programme-culturel-maroc-terre-de-cultures\\\/\"},\"author\":{\"name\":\"Dpress.ma\",\"@id\":\"https:\\\/\\\/dpress.ma\\\/fr\\\/#\\\/schema\\\/person\\\/4898febf3ccd59e6578d838656a306a0\"},\"headline\":\"Casablanca: les mangas \u00e0 l\u2019honneur lors de la 4\u00e8me \u00e9dition du programme culturel \u201cMaroc, Terre de Cultures\u201d\",\"datePublished\":\"2026-04-26T11:34:00+00:00\",\"dateModified\":\"2026-04-26T12:09:00+00:00\",\"mainEntityOfPage\":{\"@id\":\"https:\\\/\\\/dpress.ma\\\/fr\\\/2026\\\/04\\\/26\\\/casablanca-les-mangas-a-lhonneur-lors-de-la-4eme-edition-du-programme-culturel-maroc-terre-de-cultures\\\/\"},\"wordCount\":590,\"commentCount\":0,\"image\":{\"@id\":\"https:\\\/\\\/dpress.ma\\\/fr\\\/2026\\\/04\\\/26\\\/casablanca-les-mangas-a-lhonneur-lors-de-la-4eme-edition-du-programme-culturel-maroc-terre-de-cultures\\\/#primaryimage\"},\"thumbnailUrl\":\"https:\\\/\\\/dpress.ma\\\/fr\\\/wp-content\\\/uploads\\\/sites\\\/2\\\/2026\\\/04\\\/CASA.png\",\"articleSection\":[\"Art et Culture\"],\"inLanguage\":\"fr-FR\",\"potentialAction\":[{\"@type\":\"CommentAction\",\"name\":\"Comment\",\"target\":[\"https:\\\/\\\/dpress.ma\\\/fr\\\/2026\\\/04\\\/26\\\/casablanca-les-mangas-a-lhonneur-lors-de-la-4eme-edition-du-programme-culturel-maroc-terre-de-cultures\\\/#respond\"]}]},{\"@type\":\"WebPage\",\"@id\":\"https:\\\/\\\/dpress.ma\\\/fr\\\/2026\\\/04\\\/26\\\/casablanca-les-mangas-a-lhonneur-lors-de-la-4eme-edition-du-programme-culturel-maroc-terre-de-cultures\\\/\",\"url\":\"https:\\\/\\\/dpress.ma\\\/fr\\\/2026\\\/04\\\/26\\\/casablanca-les-mangas-a-lhonneur-lors-de-la-4eme-edition-du-programme-culturel-maroc-terre-de-cultures\\\/\",\"name\":\"Casablanca: les mangas \u00e0 l\u2019honneur lors de la 4\u00e8me \u00e9dition du programme culturel \u201cMaroc, Terre de Cultures\u201d - Dpress.ma\\\/fr\",\"isPartOf\":{\"@id\":\"https:\\\/\\\/dpress.ma\\\/fr\\\/#website\"},\"primaryImageOfPage\":{\"@id\":\"https:\\\/\\\/dpress.ma\\\/fr\\\/2026\\\/04\\\/26\\\/casablanca-les-mangas-a-lhonneur-lors-de-la-4eme-edition-du-programme-culturel-maroc-terre-de-cultures\\\/#primaryimage\"},\"image\":{\"@id\":\"https:\\\/\\\/dpress.ma\\\/fr\\\/2026\\\/04\\\/26\\\/casablanca-les-mangas-a-lhonneur-lors-de-la-4eme-edition-du-programme-culturel-maroc-terre-de-cultures\\\/#primaryimage\"},\"thumbnailUrl\":\"https:\\\/\\\/dpress.ma\\\/fr\\\/wp-content\\\/uploads\\\/sites\\\/2\\\/2026\\\/04\\\/CASA.png\",\"datePublished\":\"2026-04-26T11:34:00+00:00\",\"dateModified\":\"2026-04-26T12:09:00+00:00\",\"author\":{\"@id\":\"https:\\\/\\\/dpress.ma\\\/fr\\\/#\\\/schema\\\/person\\\/4898febf3ccd59e6578d838656a306a0\"},\"breadcrumb\":{\"@id\":\"https:\\\/\\\/dpress.ma\\\/fr\\\/2026\\\/04\\\/26\\\/casablanca-les-mangas-a-lhonneur-lors-de-la-4eme-edition-du-programme-culturel-maroc-terre-de-cultures\\\/#breadcrumb\"},\"inLanguage\":\"fr-FR\",\"potentialAction\":[{\"@type\":\"ReadAction\",\"target\":[\"https:\\\/\\\/dpress.ma\\\/fr\\\/2026\\\/04\\\/26\\\/casablanca-les-mangas-a-lhonneur-lors-de-la-4eme-edition-du-programme-culturel-maroc-terre-de-cultures\\\/\"]}]},{\"@type\":\"ImageObject\",\"inLanguage\":\"fr-FR\",\"@id\":\"https:\\\/\\\/dpress.ma\\\/fr\\\/2026\\\/04\\\/26\\\/casablanca-les-mangas-a-lhonneur-lors-de-la-4eme-edition-du-programme-culturel-maroc-terre-de-cultures\\\/#primaryimage\",\"url\":\"https:\\\/\\\/dpress.ma\\\/fr\\\/wp-content\\\/uploads\\\/sites\\\/2\\\/2026\\\/04\\\/CASA.png\",\"contentUrl\":\"https:\\\/\\\/dpress.ma\\\/fr\\\/wp-content\\\/uploads\\\/sites\\\/2\\\/2026\\\/04\\\/CASA.png\",\"width\":780,\"height\":470},{\"@type\":\"BreadcrumbList\",\"@id\":\"https:\\\/\\\/dpress.ma\\\/fr\\\/2026\\\/04\\\/26\\\/casablanca-les-mangas-a-lhonneur-lors-de-la-4eme-edition-du-programme-culturel-maroc-terre-de-cultures\\\/#breadcrumb\",\"itemListElement\":[{\"@type\":\"ListItem\",\"position\":1,\"name\":\"Home\",\"item\":\"https:\\\/\\\/dpress.ma\\\/fr\\\/\"},{\"@type\":\"ListItem\",\"position\":2,\"name\":\"Casablanca: les mangas \u00e0 l\u2019honneur lors de la 4\u00e8me \u00e9dition du programme culturel \u201cMaroc, Terre de Cultures\u201d\"}]},{\"@type\":\"WebSite\",\"@id\":\"https:\\\/\\\/dpress.ma\\\/fr\\\/#website\",\"url\":\"https:\\\/\\\/dpress.ma\\\/fr\\\/\",\"name\":\"Dpress.ma\\\/fr\",\"description\":\"\",\"potentialAction\":[{\"@type\":\"SearchAction\",\"target\":{\"@type\":\"EntryPoint\",\"urlTemplate\":\"https:\\\/\\\/dpress.ma\\\/fr\\\/?s={search_term_string}\"},\"query-input\":{\"@type\":\"PropertyValueSpecification\",\"valueRequired\":true,\"valueName\":\"search_term_string\"}}],\"inLanguage\":\"fr-FR\"},{\"@type\":\"Person\",\"@id\":\"https:\\\/\\\/dpress.ma\\\/fr\\\/#\\\/schema\\\/person\\\/4898febf3ccd59e6578d838656a306a0\",\"name\":\"Dpress.ma\",\"image\":{\"@type\":\"ImageObject\",\"inLanguage\":\"fr-FR\",\"@id\":\"https:\\\/\\\/secure.gravatar.com\\\/avatar\\\/72ecc30e9db047a2e0e7176561eb9d564ed77c8108376495b19bd8336405198a?s=96&d=mm&r=g\",\"url\":\"https:\\\/\\\/secure.gravatar.com\\\/avatar\\\/72ecc30e9db047a2e0e7176561eb9d564ed77c8108376495b19bd8336405198a?s=96&d=mm&r=g\",\"contentUrl\":\"https:\\\/\\\/secure.gravatar.com\\\/avatar\\\/72ecc30e9db047a2e0e7176561eb9d564ed77c8108376495b19bd8336405198a?s=96&d=mm&r=g\",\"caption\":\"Dpress.ma\"},\"sameAs\":[\"https:\\\/\\\/www.dpress.ma\"],\"url\":\"https:\\\/\\\/dpress.ma\\\/fr\\\/author\\\/dpress-ma\\\/\"}]}<\/script>\n<!-- \/ Yoast SEO plugin. -->","yoast_head_json":{"title":"Casablanca: les mangas \u00e0 l\u2019honneur lors de la 4\u00e8me \u00e9dition du programme culturel \u201cMaroc, Terre de Cultures\u201d - Dpress.ma\/fr","robots":{"index":"index","follow":"follow","max-snippet":"max-snippet:-1","max-image-preview":"max-image-preview:large","max-video-preview":"max-video-preview:-1"},"canonical":"https:\/\/dpress.ma\/fr\/2026\/04\/26\/casablanca-les-mangas-a-lhonneur-lors-de-la-4eme-edition-du-programme-culturel-maroc-terre-de-cultures\/","og_locale":"fr_FR","og_type":"article","og_title":"Casablanca: les mangas \u00e0 l\u2019honneur lors de la 4\u00e8me \u00e9dition du programme culturel \u201cMaroc, Terre de Cultures\u201d - Dpress.ma\/fr","og_description":"Dpress &nbsp;Le Collectif 4.0, en partenariat avec la Fondation Al Mada, a organis\u00e9 samedi \u00e0 Casablanca la 4\u00e8me \u00e9dition de son programme culturel \u201cMaroc, Terre de Cultures\u201d, mettant en vedette la culture japonaise des mangas. Avec \u201cManga F\u2019lmdina\u201d, le Collectif 4.0 propose aux familles marocaines une v\u00e9ritable incursion dans l\u2019univers japonais \u00e0 travers ses formes &hellip;","og_url":"https:\/\/dpress.ma\/fr\/2026\/04\/26\/casablanca-les-mangas-a-lhonneur-lors-de-la-4eme-edition-du-programme-culturel-maroc-terre-de-cultures\/","og_site_name":"Dpress.ma\/fr","article_published_time":"2026-04-26T11:34:00+00:00","article_modified_time":"2026-04-26T12:09:00+00:00","og_image":[{"width":780,"height":470,"url":"https:\/\/dpress.ma\/fr\/wp-content\/uploads\/sites\/2\/2026\/04\/CASA.png","type":"image\/png"}],"author":"Dpress.ma","twitter_card":"summary_large_image","twitter_misc":{"\u00c9crit par":"Dpress.ma","Dur\u00e9e de lecture estim\u00e9e":"3 minutes"},"schema":{"@context":"https:\/\/schema.org","@graph":[{"@type":"Article","@id":"https:\/\/dpress.ma\/fr\/2026\/04\/26\/casablanca-les-mangas-a-lhonneur-lors-de-la-4eme-edition-du-programme-culturel-maroc-terre-de-cultures\/#article","isPartOf":{"@id":"https:\/\/dpress.ma\/fr\/2026\/04\/26\/casablanca-les-mangas-a-lhonneur-lors-de-la-4eme-edition-du-programme-culturel-maroc-terre-de-cultures\/"},"author":{"name":"Dpress.ma","@id":"https:\/\/dpress.ma\/fr\/#\/schema\/person\/4898febf3ccd59e6578d838656a306a0"},"headline":"Casablanca: les mangas \u00e0 l\u2019honneur lors de la 4\u00e8me \u00e9dition du programme culturel \u201cMaroc, Terre de Cultures\u201d","datePublished":"2026-04-26T11:34:00+00:00","dateModified":"2026-04-26T12:09:00+00:00","mainEntityOfPage":{"@id":"https:\/\/dpress.ma\/fr\/2026\/04\/26\/casablanca-les-mangas-a-lhonneur-lors-de-la-4eme-edition-du-programme-culturel-maroc-terre-de-cultures\/"},"wordCount":590,"commentCount":0,"image":{"@id":"https:\/\/dpress.ma\/fr\/2026\/04\/26\/casablanca-les-mangas-a-lhonneur-lors-de-la-4eme-edition-du-programme-culturel-maroc-terre-de-cultures\/#primaryimage"},"thumbnailUrl":"https:\/\/dpress.ma\/fr\/wp-content\/uploads\/sites\/2\/2026\/04\/CASA.png","articleSection":["Art et Culture"],"inLanguage":"fr-FR","potentialAction":[{"@type":"CommentAction","name":"Comment","target":["https:\/\/dpress.ma\/fr\/2026\/04\/26\/casablanca-les-mangas-a-lhonneur-lors-de-la-4eme-edition-du-programme-culturel-maroc-terre-de-cultures\/#respond"]}]},{"@type":"WebPage","@id":"https:\/\/dpress.ma\/fr\/2026\/04\/26\/casablanca-les-mangas-a-lhonneur-lors-de-la-4eme-edition-du-programme-culturel-maroc-terre-de-cultures\/","url":"https:\/\/dpress.ma\/fr\/2026\/04\/26\/casablanca-les-mangas-a-lhonneur-lors-de-la-4eme-edition-du-programme-culturel-maroc-terre-de-cultures\/","name":"Casablanca: les mangas \u00e0 l\u2019honneur lors de la 4\u00e8me \u00e9dition du programme culturel \u201cMaroc, Terre de Cultures\u201d - Dpress.ma\/fr","isPartOf":{"@id":"https:\/\/dpress.ma\/fr\/#website"},"primaryImageOfPage":{"@id":"https:\/\/dpress.ma\/fr\/2026\/04\/26\/casablanca-les-mangas-a-lhonneur-lors-de-la-4eme-edition-du-programme-culturel-maroc-terre-de-cultures\/#primaryimage"},"image":{"@id":"https:\/\/dpress.ma\/fr\/2026\/04\/26\/casablanca-les-mangas-a-lhonneur-lors-de-la-4eme-edition-du-programme-culturel-maroc-terre-de-cultures\/#primaryimage"},"thumbnailUrl":"https:\/\/dpress.ma\/fr\/wp-content\/uploads\/sites\/2\/2026\/04\/CASA.png","datePublished":"2026-04-26T11:34:00+00:00","dateModified":"2026-04-26T12:09:00+00:00","author":{"@id":"https:\/\/dpress.ma\/fr\/#\/schema\/person\/4898febf3ccd59e6578d838656a306a0"},"breadcrumb":{"@id":"https:\/\/dpress.ma\/fr\/2026\/04\/26\/casablanca-les-mangas-a-lhonneur-lors-de-la-4eme-edition-du-programme-culturel-maroc-terre-de-cultures\/#breadcrumb"},"inLanguage":"fr-FR","potentialAction":[{"@type":"ReadAction","target":["https:\/\/dpress.ma\/fr\/2026\/04\/26\/casablanca-les-mangas-a-lhonneur-lors-de-la-4eme-edition-du-programme-culturel-maroc-terre-de-cultures\/"]}]},{"@type":"ImageObject","inLanguage":"fr-FR","@id":"https:\/\/dpress.ma\/fr\/2026\/04\/26\/casablanca-les-mangas-a-lhonneur-lors-de-la-4eme-edition-du-programme-culturel-maroc-terre-de-cultures\/#primaryimage","url":"https:\/\/dpress.ma\/fr\/wp-content\/uploads\/sites\/2\/2026\/04\/CASA.png","contentUrl":"https:\/\/dpress.ma\/fr\/wp-content\/uploads\/sites\/2\/2026\/04\/CASA.png","width":780,"height":470},{"@type":"BreadcrumbList","@id":"https:\/\/dpress.ma\/fr\/2026\/04\/26\/casablanca-les-mangas-a-lhonneur-lors-de-la-4eme-edition-du-programme-culturel-maroc-terre-de-cultures\/#breadcrumb","itemListElement":[{"@type":"ListItem","position":1,"name":"Home","item":"https:\/\/dpress.ma\/fr\/"},{"@type":"ListItem","position":2,"name":"Casablanca: les mangas \u00e0 l\u2019honneur lors de la 4\u00e8me \u00e9dition du programme culturel \u201cMaroc, Terre de Cultures\u201d"}]},{"@type":"WebSite","@id":"https:\/\/dpress.ma\/fr\/#website","url":"https:\/\/dpress.ma\/fr\/","name":"Dpress.ma\/fr","description":"","potentialAction":[{"@type":"SearchAction","target":{"@type":"EntryPoint","urlTemplate":"https:\/\/dpress.ma\/fr\/?s={search_term_string}"},"query-input":{"@type":"PropertyValueSpecification","valueRequired":true,"valueName":"search_term_string"}}],"inLanguage":"fr-FR"},{"@type":"Person","@id":"https:\/\/dpress.ma\/fr\/#\/schema\/person\/4898febf3ccd59e6578d838656a306a0","name":"Dpress.ma","image":{"@type":"ImageObject","inLanguage":"fr-FR","@id":"https:\/\/secure.gravatar.com\/avatar\/72ecc30e9db047a2e0e7176561eb9d564ed77c8108376495b19bd8336405198a?s=96&d=mm&r=g","url":"https:\/\/secure.gravatar.com\/avatar\/72ecc30e9db047a2e0e7176561eb9d564ed77c8108376495b19bd8336405198a?s=96&d=mm&r=g","contentUrl":"https:\/\/secure.gravatar.com\/avatar\/72ecc30e9db047a2e0e7176561eb9d564ed77c8108376495b19bd8336405198a?s=96&d=mm&r=g","caption":"Dpress.ma"},"sameAs":["https:\/\/www.dpress.ma"],"url":"https:\/\/dpress.ma\/fr\/author\/dpress-ma\/"}]}},"amp_enabled":true,"_links":{"self":[{"href":"https:\/\/dpress.ma\/fr\/wp-json\/wp\/v2\/posts\/29408","targetHints":{"allow":["GET"]}}],"collection":[{"href":"https:\/\/dpress.ma\/fr\/wp-json\/wp\/v2\/posts"}],"about":[{"href":"https:\/\/dpress.ma\/fr\/wp-json\/wp\/v2\/types\/post"}],"author":[{"embeddable":true,"href":"https:\/\/dpress.ma\/fr\/wp-json\/wp\/v2\/users\/2"}],"replies":[{"embeddable":true,"href":"https:\/\/dpress.ma\/fr\/wp-json\/wp\/v2\/comments?post=29408"}],"version-history":[{"count":1,"href":"https:\/\/dpress.ma\/fr\/wp-json\/wp\/v2\/posts\/29408\/revisions"}],"predecessor-version":[{"id":29410,"href":"https:\/\/dpress.ma\/fr\/wp-json\/wp\/v2\/posts\/29408\/revisions\/29410"}],"wp:featuredmedia":[{"embeddable":true,"href":"https:\/\/dpress.ma\/fr\/wp-json\/wp\/v2\/media\/29409"}],"wp:attachment":[{"href":"https:\/\/dpress.ma\/fr\/wp-json\/wp\/v2\/media?parent=29408"}],"wp:term":[{"taxonomy":"category","embeddable":true,"href":"https:\/\/dpress.ma\/fr\/wp-json\/wp\/v2\/categories?post=29408"},{"taxonomy":"post_tag","embeddable":true,"href":"https:\/\/dpress.ma\/fr\/wp-json\/wp\/v2\/tags?post=29408"}],"curies":[{"name":"wp","href":"https:\/\/api.w.org\/{rel}","templated":true}]}}