{"id":29406,"date":"2026-04-25T22:30:00","date_gmt":"2026-04-25T22:30:00","guid":{"rendered":"https:\/\/dpress.ma\/fr\/?p=29406"},"modified":"2026-04-26T11:53:53","modified_gmt":"2026-04-26T11:53:53","slug":"parution-dun-nouveau-numero-de-la-revue-des-far-3","status":"publish","type":"post","link":"https:\/\/dpress.ma\/fr\/2026\/04\/25\/parution-dun-nouveau-numero-de-la-revue-des-far-3\/","title":{"rendered":"Parution d\u2019un nouveau num\u00e9ro de la Revue des FAR"},"content":{"rendered":"\n<p>Dpress<\/p>\n\n\n\n<p>Un nouveau num\u00e9ro de la Revue des Forces Arm\u00e9es Royales (FAR) vient de para\u00eetre, comprenant une s\u00e9rie de sujets d\u2019actualit\u00e9, ainsi qu\u2019un dossier sp\u00e9cial consacr\u00e9 aux \u201cefforts d\u2019am\u00e9lioration de la qualit\u00e9 de vie des militaires dans la Zone Sud\u201d.<\/p>\n\n\n\n<p>Dans la rubrique \u201cActivit\u00e9s Royales\u201d, la revue, qui para\u00eet tous les deux mois (N\u00b0432, f\u00e9vrier-mars 2026), indique que SM le Roi Mohammed VI, Commandeur des croyants, accompagn\u00e9 de SAR le Prince H\u00e9ritier Moulay El Hassan et de SAR le Prince Moulay Rachid, a accompli, le vendredi 20 mars 2026, la pri\u00e8re de l\u2019A\u00efd Al-Fitr \u00e0 la mosqu\u00e9e Ahl F\u00e8s \u00e0 Rabat, et a re\u00e7u les f\u00e9licitations \u00e0 cette heureuse occasion.<\/p>\n\n\n\n<p>Elle rappelle \u00e9galement que SM le Roi Mohammed VI, Commandeur des croyants, accompagn\u00e9 de SAR le Prince H\u00e9ritier Moulay El Hassan, de SAR le Prince Moulay Rachid et de SAR le Prince Moulay Ahmed, a pr\u00e9sid\u00e9, dans la soir\u00e9e du 26 Ramadan 1447 de l\u2019H\u00e9gire (correspondant au 16 mars 2026), au Palais Royal de Rabat, une veill\u00e9e religieuse \u00e0 l\u2019occasion de Laylat Al Qadr.<\/p>\n\n\n\n<p>La revue note aussi que SM le Roi Mohammed VI, Commandeur des croyants, accompagn\u00e9 de SAR le Prince H\u00e9ritier Moulay El Hassan, de SAR le Prince Moulay Rachid et de SAR le Prince Moulay Ahmed, s\u2019est recueilli, le 28 f\u00e9vrier 2026 au Mausol\u00e9e Mohammed V, sur la tombe de Feu SM le Roi Mohammed V, \u00e0 l\u2019occasion du 10\u00e8 jour du mois sacr\u00e9 de Ramadan, marquant l\u2019anniversaire de la disparition du P\u00e8re de la Nation.<\/p>\n\n\n\n<p>Elle rappelle qu\u2019\u00e0 cette occasion, SM le Roi Mohammed VI s\u2019est \u00e9galement recueilli sur la tombe de Feu SM le Roi Hassan II, que Dieu ait Son \u00e2me.<\/p>\n\n\n\n<p>Ce num\u00e9ro met \u00e9galement en lumi\u00e8re la r\u00e9ception par SM le Roi Mohammed VI, le 26 f\u00e9vrier 2026 au Palais Royal de Rabat, de plusieurs ambassadeurs \u00e9trangers venus pr\u00e9senter leurs lettres de cr\u00e9ance en tant qu\u2019ambassadeurs extraordinaires et pl\u00e9nipotentiaires de leurs pays aupr\u00e8s du Royaume.<\/p>\n\n\n\n<p>La revue souligne, par ailleurs, que SM le Roi Mohammed VI, accompagn\u00e9 de SAR le Prince H\u00e9ritier Moulay El Hassan, a pr\u00e9sid\u00e9, le 21 f\u00e9vrier 2026 au quartier Al-Inbi\u00e2at \u00e0 Sal\u00e9, le lancement de l\u2019op\u00e9ration nationale \u201cRamadan 1447\u201d, organis\u00e9e par la Fondation Mohammed V pour la solidarit\u00e9 \u00e0 l\u2019occasion du mois sacr\u00e9 de Ramadan, et dont ont b\u00e9n\u00e9fici\u00e9 4.362.732 personnes.<\/p>\n\n\n\n<p>Elle revient \u00e9galement sur la c\u00e9r\u00e9monie pr\u00e9sid\u00e9e par SM le Roi Mohammed VI, le 13 f\u00e9vrier 2026 au Palais Royal de Casablanca, accompagn\u00e9 de SAR le Prince H\u00e9ritier Moulay El Hassan, pour la pr\u00e9sentation et le lancement du projet de construction d\u2019une usine \u00e0 Nouaceur pour la production de syst\u00e8mes d\u2019atterrissage d\u2019avions relevant du groupe Safran, un projet qui renforce la position du Maroc en tant que destination majeure et acteur industriel pleinement int\u00e9gr\u00e9 au c\u0153ur de l\u2019\u00e9conomie mondiale.<\/p>\n\n\n\n<p>Dans son \u00e9ditorial, la revue souligne que la volont\u00e9 des Forces Arm\u00e9es Royales, qui incarne celle de leur Chef supr\u00eame et Chef d\u2019\u00c9tat-Major g\u00e9n\u00e9ral, SM le Roi Mohammed VI, que Dieu L\u2019assiste, a \u00e9t\u00e9 plus forte que les sables du d\u00e9sert, relevant que dans la d\u00e9fense des provinces du Sud, les FAR ont r\u00e9ussi \u00e0 ma\u00eetriser cet environnement en pla\u00e7ant l\u2019humain au c\u0153ur de leur approche.<\/p>\n\n\n\n<p>Elle souligne, en ce sens, qu\u2019en raison de sa sp\u00e9cificit\u00e9 g\u00e9ographique et de son climat particulier oscillant entre deux extr\u00eames, une chaleur intense en \u00e9t\u00e9 et un froid rigoureux en hiver, accompagn\u00e9s de temp\u00eates de sable, ainsi que de son immensit\u00e9, le d\u00e9sert soumet quotidiennement les unit\u00e9s militaires d\u00e9ploy\u00e9es \u00e0 rude \u00e9preuve, notant que les soldats, face \u00e0 cet environnement hostile, font preuve d\u2019une grande capacit\u00e9 d\u2019adaptation et de r\u00e9silience pour accomplir pleinement leurs missions.<\/p>\n\n\n\n<p>Partant de la conviction profonde que l\u2019\u00e9l\u00e9ment humain constitue le pilier fondamental du succ\u00e8s, poursuit l\u2019\u00e9ditorial, l\u2019\u00c9tat-Major des Forces Arm\u00e9es Royales accorde une attention particuli\u00e8re, voire une priorit\u00e9 absolue, au bien-\u00eatre des militaires, tant sur le plan mat\u00e9riel que psychologique, ajoutant que cette orientation a permis, au fil des ann\u00e9es, de r\u00e9aliser des avanc\u00e9es concr\u00e8tes, notamment depuis la r\u00e9cup\u00e9ration des provinces du Sud.<\/p>\n\n\n\n<p>Dans ce contexte, elle souligne que la force de l\u2019approche adopt\u00e9e par l\u2019\u00c9tat-Major r\u00e9side dans sa capacit\u00e9 \u00e0 instaurer un \u00e9quilibre subtil entre les exigences op\u00e9rationnelles du d\u00e9ploiement et l\u2019\u00e9panouissement du personnel militaire, faisant observer que cet \u00e9quilibre est le fruit d\u2019une longue exp\u00e9rience de terrain acquise par les FAR au fil de d\u00e9cennies d\u2019engagement.<\/p>\n\n\n\n<p>Dans le domaine de la coop\u00e9ration militaire internationale, la revue \u00e9voque notamment la r\u00e9ception, par l\u2019Inspecteur g\u00e9n\u00e9ral des FAR commandant la Zone Sud, le G\u00e9n\u00e9ral de corps d\u2019arm\u00e9e Mohamed Berrid, sur Hautes Instructions de SM le Roi Mohammed VI, de la conseill\u00e8re militaire par int\u00e9rim de l\u2019ONU, la G\u00e9n\u00e9rale Cheryl Pearce.<\/p>\n\n\n\n<p>Elle mentionne \u00e9galement la tenue de la commission militaire mixte maroco-espagnole, ainsi que l\u2019organisation d\u2019un atelier consacr\u00e9 \u00e0 l\u2019\u00e9laboration d\u2019une strat\u00e9gie de l\u2019Union africaine en mati\u00e8re de soutien psychosocial au profit des participants aux op\u00e9rations de maintien de la paix.<\/p>\n\n\n\n<p>La revue se fait aussi l\u2019\u00e9cho d\u2019une rencontre entre des experts de l\u2019OTAN et des officiers marocains, dans le cadre d\u2019un atelier de formation organis\u00e9 au Coll\u00e8ge Royal de l\u2019Enseignement Militaire Sup\u00e9rieur \u00e0 K\u00e9nitra, encadr\u00e9 par des sp\u00e9cialistes du programme de renforcement de l\u2019enseignement de la d\u00e9fense de l\u2019OTAN.<\/p>\n\n\n\n<p>Dans la rubrique \u201c\u00c9clairage\u201d, \u00e0 l\u2019occasion de la Journ\u00e9e internationale de la femme, la revue met en lumi\u00e8re les femmes des Forces Arm\u00e9es Royales qui portent l\u2019uniforme avec fiert\u00e9 et d\u00e9termination et accomplissent leurs missions avec d\u00e9vouement et loyaut\u00e9 au service de la patrie.<\/p>\n\n\n\n<p>\u201cDes ing\u00e9nieures dans l\u2019a\u00e9ronautique et la marine, aux \u00e9l\u00e9ments de la Gendarmerie royale, en passant par les \u00e9l\u00e8ves officiers et les sous-officiers dans les diff\u00e9rentes armes, ces femmes incarnent la diversit\u00e9 des parcours militaires et l\u2019esprit d\u2019excellence dans sa plus noble expression\u201d, souligne-t-on.<\/p>\n\n\n\n<p>Dans la rubrique \u201cZoom\u201d, consacr\u00e9e \u00e0 la gestion des inondations, la revue indique que face aux crues cons\u00e9cutives aux pr\u00e9cipitations exceptionnelles qu\u2019a connues le Royaume, notamment dans les r\u00e9gions de Ksar El K\u00e9bir et de la plaine du Gharb, les Forces Arm\u00e9es Royales ont rapidement mobilis\u00e9, sur Hautes Instructions de SM le Roi Mohammed VI, des unit\u00e9s sp\u00e9cialis\u00e9es notamment du g\u00e9nie militaire et de la Marine Royale, permettant la conduite d\u2019importantes op\u00e9rations de secours et d\u2019\u00e9vacuation, ainsi que la fourniture d\u2019un appui humanitaire et logistique au profit des populations sinistr\u00e9es.<\/p>\n\n\n\n<p>Dans les autres rubriques, ce num\u00e9ro traite de divers sujets, en particulier une session de formation sur la digitalisation de la gestion de la pharmacie de l\u2019h\u00f4pital militaire Ibn Sina, la cinqui\u00e8me \u00e9dition du Prix SM le Roi Mohammed VI de m\u00e9morisation et de psalmodie du Saint Coran au profit des militaires, le championnat national militaire de cross-country et la Journ\u00e9e internationale du sport militaire.<\/p>\n","protected":false},"excerpt":{"rendered":"<p>Dpress Un nouveau num\u00e9ro de la Revue des Forces Arm\u00e9es Royales (FAR) vient de para\u00eetre, comprenant une s\u00e9rie de sujets d\u2019actualit\u00e9, ainsi qu\u2019un dossier sp\u00e9cial consacr\u00e9 aux \u201cefforts d\u2019am\u00e9lioration de la qualit\u00e9 de vie des militaires dans la Zone Sud\u201d. Dans la rubrique \u201cActivit\u00e9s Royales\u201d, la revue, qui para\u00eet tous les deux mois (N\u00b0432, f\u00e9vrier-mars &hellip;<\/p>\n","protected":false},"author":2,"featured_media":24890,"comment_status":"open","ping_status":"open","sticky":false,"template":"","format":"standard","meta":{"footnotes":""},"categories":[40],"tags":[],"class_list":["post-29406","post","type-post","status-publish","format-standard","has-post-thumbnail","hentry","category-societe-et-regions"],"yoast_head":"<!-- This site is optimized with the Yoast SEO plugin v27.4 - https:\/\/yoast.com\/product\/yoast-seo-wordpress\/ -->\n<title>Parution d\u2019un nouveau num\u00e9ro de la Revue des FAR - Dpress.ma\/fr<\/title>\n<meta name=\"robots\" content=\"index, follow, max-snippet:-1, max-image-preview:large, max-video-preview:-1\" \/>\n<link rel=\"canonical\" href=\"https:\/\/dpress.ma\/fr\/2026\/04\/25\/parution-dun-nouveau-numero-de-la-revue-des-far-3\/\" \/>\n<meta property=\"og:locale\" content=\"fr_FR\" \/>\n<meta property=\"og:type\" content=\"article\" \/>\n<meta property=\"og:title\" content=\"Parution d\u2019un nouveau num\u00e9ro de la Revue des FAR - Dpress.ma\/fr\" \/>\n<meta property=\"og:description\" content=\"Dpress Un nouveau num\u00e9ro de la Revue des Forces Arm\u00e9es Royales (FAR) vient de para\u00eetre, comprenant une s\u00e9rie de sujets d\u2019actualit\u00e9, ainsi qu\u2019un dossier sp\u00e9cial consacr\u00e9 aux \u201cefforts d\u2019am\u00e9lioration de la qualit\u00e9 de vie des militaires dans la Zone Sud\u201d. Dans la rubrique \u201cActivit\u00e9s Royales\u201d, la revue, qui para\u00eet tous les deux mois (N\u00b0432, f\u00e9vrier-mars &hellip;\" \/>\n<meta property=\"og:url\" content=\"https:\/\/dpress.ma\/fr\/2026\/04\/25\/parution-dun-nouveau-numero-de-la-revue-des-far-3\/\" \/>\n<meta property=\"og:site_name\" content=\"Dpress.ma\/fr\" \/>\n<meta property=\"article:published_time\" content=\"2026-04-25T22:30:00+00:00\" \/>\n<meta property=\"article:modified_time\" content=\"2026-04-26T11:53:53+00:00\" \/>\n<meta property=\"og:image\" content=\"https:\/\/dpress.ma\/fr\/wp-content\/uploads\/sites\/2\/2026\/02\/la-Revue-des-Forces-Armees-Royales-FAR.png\" \/>\n\t<meta property=\"og:image:width\" content=\"780\" \/>\n\t<meta property=\"og:image:height\" content=\"470\" \/>\n\t<meta property=\"og:image:type\" content=\"image\/png\" \/>\n<meta name=\"author\" content=\"Dpress.ma\" \/>\n<meta name=\"twitter:card\" content=\"summary_large_image\" \/>\n<meta name=\"twitter:label1\" content=\"\u00c9crit par\" \/>\n\t<meta name=\"twitter:data1\" content=\"Dpress.ma\" \/>\n\t<meta name=\"twitter:label2\" content=\"Dur\u00e9e de lecture estim\u00e9e\" \/>\n\t<meta name=\"twitter:data2\" content=\"6 minutes\" \/>\n<script type=\"application\/ld+json\" class=\"yoast-schema-graph\">{\"@context\":\"https:\\\/\\\/schema.org\",\"@graph\":[{\"@type\":\"Article\",\"@id\":\"https:\\\/\\\/dpress.ma\\\/fr\\\/2026\\\/04\\\/25\\\/parution-dun-nouveau-numero-de-la-revue-des-far-3\\\/#article\",\"isPartOf\":{\"@id\":\"https:\\\/\\\/dpress.ma\\\/fr\\\/2026\\\/04\\\/25\\\/parution-dun-nouveau-numero-de-la-revue-des-far-3\\\/\"},\"author\":{\"name\":\"Dpress.ma\",\"@id\":\"https:\\\/\\\/dpress.ma\\\/fr\\\/#\\\/schema\\\/person\\\/4898febf3ccd59e6578d838656a306a0\"},\"headline\":\"Parution d\u2019un nouveau num\u00e9ro de la Revue des FAR\",\"datePublished\":\"2026-04-25T22:30:00+00:00\",\"dateModified\":\"2026-04-26T11:53:53+00:00\",\"mainEntityOfPage\":{\"@id\":\"https:\\\/\\\/dpress.ma\\\/fr\\\/2026\\\/04\\\/25\\\/parution-dun-nouveau-numero-de-la-revue-des-far-3\\\/\"},\"wordCount\":1270,\"commentCount\":0,\"image\":{\"@id\":\"https:\\\/\\\/dpress.ma\\\/fr\\\/2026\\\/04\\\/25\\\/parution-dun-nouveau-numero-de-la-revue-des-far-3\\\/#primaryimage\"},\"thumbnailUrl\":\"https:\\\/\\\/dpress.ma\\\/fr\\\/wp-content\\\/uploads\\\/sites\\\/2\\\/2026\\\/02\\\/la-Revue-des-Forces-Armees-Royales-FAR.png\",\"articleSection\":[\"societe et regions\"],\"inLanguage\":\"fr-FR\",\"potentialAction\":[{\"@type\":\"CommentAction\",\"name\":\"Comment\",\"target\":[\"https:\\\/\\\/dpress.ma\\\/fr\\\/2026\\\/04\\\/25\\\/parution-dun-nouveau-numero-de-la-revue-des-far-3\\\/#respond\"]}]},{\"@type\":\"WebPage\",\"@id\":\"https:\\\/\\\/dpress.ma\\\/fr\\\/2026\\\/04\\\/25\\\/parution-dun-nouveau-numero-de-la-revue-des-far-3\\\/\",\"url\":\"https:\\\/\\\/dpress.ma\\\/fr\\\/2026\\\/04\\\/25\\\/parution-dun-nouveau-numero-de-la-revue-des-far-3\\\/\",\"name\":\"Parution d\u2019un nouveau num\u00e9ro de la Revue des FAR - Dpress.ma\\\/fr\",\"isPartOf\":{\"@id\":\"https:\\\/\\\/dpress.ma\\\/fr\\\/#website\"},\"primaryImageOfPage\":{\"@id\":\"https:\\\/\\\/dpress.ma\\\/fr\\\/2026\\\/04\\\/25\\\/parution-dun-nouveau-numero-de-la-revue-des-far-3\\\/#primaryimage\"},\"image\":{\"@id\":\"https:\\\/\\\/dpress.ma\\\/fr\\\/2026\\\/04\\\/25\\\/parution-dun-nouveau-numero-de-la-revue-des-far-3\\\/#primaryimage\"},\"thumbnailUrl\":\"https:\\\/\\\/dpress.ma\\\/fr\\\/wp-content\\\/uploads\\\/sites\\\/2\\\/2026\\\/02\\\/la-Revue-des-Forces-Armees-Royales-FAR.png\",\"datePublished\":\"2026-04-25T22:30:00+00:00\",\"dateModified\":\"2026-04-26T11:53:53+00:00\",\"author\":{\"@id\":\"https:\\\/\\\/dpress.ma\\\/fr\\\/#\\\/schema\\\/person\\\/4898febf3ccd59e6578d838656a306a0\"},\"breadcrumb\":{\"@id\":\"https:\\\/\\\/dpress.ma\\\/fr\\\/2026\\\/04\\\/25\\\/parution-dun-nouveau-numero-de-la-revue-des-far-3\\\/#breadcrumb\"},\"inLanguage\":\"fr-FR\",\"potentialAction\":[{\"@type\":\"ReadAction\",\"target\":[\"https:\\\/\\\/dpress.ma\\\/fr\\\/2026\\\/04\\\/25\\\/parution-dun-nouveau-numero-de-la-revue-des-far-3\\\/\"]}]},{\"@type\":\"ImageObject\",\"inLanguage\":\"fr-FR\",\"@id\":\"https:\\\/\\\/dpress.ma\\\/fr\\\/2026\\\/04\\\/25\\\/parution-dun-nouveau-numero-de-la-revue-des-far-3\\\/#primaryimage\",\"url\":\"https:\\\/\\\/dpress.ma\\\/fr\\\/wp-content\\\/uploads\\\/sites\\\/2\\\/2026\\\/02\\\/la-Revue-des-Forces-Armees-Royales-FAR.png\",\"contentUrl\":\"https:\\\/\\\/dpress.ma\\\/fr\\\/wp-content\\\/uploads\\\/sites\\\/2\\\/2026\\\/02\\\/la-Revue-des-Forces-Armees-Royales-FAR.png\",\"width\":780,\"height\":470},{\"@type\":\"BreadcrumbList\",\"@id\":\"https:\\\/\\\/dpress.ma\\\/fr\\\/2026\\\/04\\\/25\\\/parution-dun-nouveau-numero-de-la-revue-des-far-3\\\/#breadcrumb\",\"itemListElement\":[{\"@type\":\"ListItem\",\"position\":1,\"name\":\"Home\",\"item\":\"https:\\\/\\\/dpress.ma\\\/fr\\\/\"},{\"@type\":\"ListItem\",\"position\":2,\"name\":\"Parution d\u2019un nouveau num\u00e9ro de la Revue des FAR\"}]},{\"@type\":\"WebSite\",\"@id\":\"https:\\\/\\\/dpress.ma\\\/fr\\\/#website\",\"url\":\"https:\\\/\\\/dpress.ma\\\/fr\\\/\",\"name\":\"Dpress.ma\\\/fr\",\"description\":\"\",\"potentialAction\":[{\"@type\":\"SearchAction\",\"target\":{\"@type\":\"EntryPoint\",\"urlTemplate\":\"https:\\\/\\\/dpress.ma\\\/fr\\\/?s={search_term_string}\"},\"query-input\":{\"@type\":\"PropertyValueSpecification\",\"valueRequired\":true,\"valueName\":\"search_term_string\"}}],\"inLanguage\":\"fr-FR\"},{\"@type\":\"Person\",\"@id\":\"https:\\\/\\\/dpress.ma\\\/fr\\\/#\\\/schema\\\/person\\\/4898febf3ccd59e6578d838656a306a0\",\"name\":\"Dpress.ma\",\"image\":{\"@type\":\"ImageObject\",\"inLanguage\":\"fr-FR\",\"@id\":\"https:\\\/\\\/secure.gravatar.com\\\/avatar\\\/72ecc30e9db047a2e0e7176561eb9d564ed77c8108376495b19bd8336405198a?s=96&d=mm&r=g\",\"url\":\"https:\\\/\\\/secure.gravatar.com\\\/avatar\\\/72ecc30e9db047a2e0e7176561eb9d564ed77c8108376495b19bd8336405198a?s=96&d=mm&r=g\",\"contentUrl\":\"https:\\\/\\\/secure.gravatar.com\\\/avatar\\\/72ecc30e9db047a2e0e7176561eb9d564ed77c8108376495b19bd8336405198a?s=96&d=mm&r=g\",\"caption\":\"Dpress.ma\"},\"sameAs\":[\"https:\\\/\\\/www.dpress.ma\"],\"url\":\"https:\\\/\\\/dpress.ma\\\/fr\\\/author\\\/dpress-ma\\\/\"}]}<\/script>\n<!-- \/ Yoast SEO plugin. -->","yoast_head_json":{"title":"Parution d\u2019un nouveau num\u00e9ro de la Revue des FAR - Dpress.ma\/fr","robots":{"index":"index","follow":"follow","max-snippet":"max-snippet:-1","max-image-preview":"max-image-preview:large","max-video-preview":"max-video-preview:-1"},"canonical":"https:\/\/dpress.ma\/fr\/2026\/04\/25\/parution-dun-nouveau-numero-de-la-revue-des-far-3\/","og_locale":"fr_FR","og_type":"article","og_title":"Parution d\u2019un nouveau num\u00e9ro de la Revue des FAR - Dpress.ma\/fr","og_description":"Dpress Un nouveau num\u00e9ro de la Revue des Forces Arm\u00e9es Royales (FAR) vient de para\u00eetre, comprenant une s\u00e9rie de sujets d\u2019actualit\u00e9, ainsi qu\u2019un dossier sp\u00e9cial consacr\u00e9 aux \u201cefforts d\u2019am\u00e9lioration de la qualit\u00e9 de vie des militaires dans la Zone Sud\u201d. Dans la rubrique \u201cActivit\u00e9s Royales\u201d, la revue, qui para\u00eet tous les deux mois (N\u00b0432, f\u00e9vrier-mars &hellip;","og_url":"https:\/\/dpress.ma\/fr\/2026\/04\/25\/parution-dun-nouveau-numero-de-la-revue-des-far-3\/","og_site_name":"Dpress.ma\/fr","article_published_time":"2026-04-25T22:30:00+00:00","article_modified_time":"2026-04-26T11:53:53+00:00","og_image":[{"width":780,"height":470,"url":"https:\/\/dpress.ma\/fr\/wp-content\/uploads\/sites\/2\/2026\/02\/la-Revue-des-Forces-Armees-Royales-FAR.png","type":"image\/png"}],"author":"Dpress.ma","twitter_card":"summary_large_image","twitter_misc":{"\u00c9crit par":"Dpress.ma","Dur\u00e9e de lecture estim\u00e9e":"6 minutes"},"schema":{"@context":"https:\/\/schema.org","@graph":[{"@type":"Article","@id":"https:\/\/dpress.ma\/fr\/2026\/04\/25\/parution-dun-nouveau-numero-de-la-revue-des-far-3\/#article","isPartOf":{"@id":"https:\/\/dpress.ma\/fr\/2026\/04\/25\/parution-dun-nouveau-numero-de-la-revue-des-far-3\/"},"author":{"name":"Dpress.ma","@id":"https:\/\/dpress.ma\/fr\/#\/schema\/person\/4898febf3ccd59e6578d838656a306a0"},"headline":"Parution d\u2019un nouveau num\u00e9ro de la Revue des FAR","datePublished":"2026-04-25T22:30:00+00:00","dateModified":"2026-04-26T11:53:53+00:00","mainEntityOfPage":{"@id":"https:\/\/dpress.ma\/fr\/2026\/04\/25\/parution-dun-nouveau-numero-de-la-revue-des-far-3\/"},"wordCount":1270,"commentCount":0,"image":{"@id":"https:\/\/dpress.ma\/fr\/2026\/04\/25\/parution-dun-nouveau-numero-de-la-revue-des-far-3\/#primaryimage"},"thumbnailUrl":"https:\/\/dpress.ma\/fr\/wp-content\/uploads\/sites\/2\/2026\/02\/la-Revue-des-Forces-Armees-Royales-FAR.png","articleSection":["societe et regions"],"inLanguage":"fr-FR","potentialAction":[{"@type":"CommentAction","name":"Comment","target":["https:\/\/dpress.ma\/fr\/2026\/04\/25\/parution-dun-nouveau-numero-de-la-revue-des-far-3\/#respond"]}]},{"@type":"WebPage","@id":"https:\/\/dpress.ma\/fr\/2026\/04\/25\/parution-dun-nouveau-numero-de-la-revue-des-far-3\/","url":"https:\/\/dpress.ma\/fr\/2026\/04\/25\/parution-dun-nouveau-numero-de-la-revue-des-far-3\/","name":"Parution d\u2019un nouveau num\u00e9ro de la Revue des FAR - Dpress.ma\/fr","isPartOf":{"@id":"https:\/\/dpress.ma\/fr\/#website"},"primaryImageOfPage":{"@id":"https:\/\/dpress.ma\/fr\/2026\/04\/25\/parution-dun-nouveau-numero-de-la-revue-des-far-3\/#primaryimage"},"image":{"@id":"https:\/\/dpress.ma\/fr\/2026\/04\/25\/parution-dun-nouveau-numero-de-la-revue-des-far-3\/#primaryimage"},"thumbnailUrl":"https:\/\/dpress.ma\/fr\/wp-content\/uploads\/sites\/2\/2026\/02\/la-Revue-des-Forces-Armees-Royales-FAR.png","datePublished":"2026-04-25T22:30:00+00:00","dateModified":"2026-04-26T11:53:53+00:00","author":{"@id":"https:\/\/dpress.ma\/fr\/#\/schema\/person\/4898febf3ccd59e6578d838656a306a0"},"breadcrumb":{"@id":"https:\/\/dpress.ma\/fr\/2026\/04\/25\/parution-dun-nouveau-numero-de-la-revue-des-far-3\/#breadcrumb"},"inLanguage":"fr-FR","potentialAction":[{"@type":"ReadAction","target":["https:\/\/dpress.ma\/fr\/2026\/04\/25\/parution-dun-nouveau-numero-de-la-revue-des-far-3\/"]}]},{"@type":"ImageObject","inLanguage":"fr-FR","@id":"https:\/\/dpress.ma\/fr\/2026\/04\/25\/parution-dun-nouveau-numero-de-la-revue-des-far-3\/#primaryimage","url":"https:\/\/dpress.ma\/fr\/wp-content\/uploads\/sites\/2\/2026\/02\/la-Revue-des-Forces-Armees-Royales-FAR.png","contentUrl":"https:\/\/dpress.ma\/fr\/wp-content\/uploads\/sites\/2\/2026\/02\/la-Revue-des-Forces-Armees-Royales-FAR.png","width":780,"height":470},{"@type":"BreadcrumbList","@id":"https:\/\/dpress.ma\/fr\/2026\/04\/25\/parution-dun-nouveau-numero-de-la-revue-des-far-3\/#breadcrumb","itemListElement":[{"@type":"ListItem","position":1,"name":"Home","item":"https:\/\/dpress.ma\/fr\/"},{"@type":"ListItem","position":2,"name":"Parution d\u2019un nouveau num\u00e9ro de la Revue des FAR"}]},{"@type":"WebSite","@id":"https:\/\/dpress.ma\/fr\/#website","url":"https:\/\/dpress.ma\/fr\/","name":"Dpress.ma\/fr","description":"","potentialAction":[{"@type":"SearchAction","target":{"@type":"EntryPoint","urlTemplate":"https:\/\/dpress.ma\/fr\/?s={search_term_string}"},"query-input":{"@type":"PropertyValueSpecification","valueRequired":true,"valueName":"search_term_string"}}],"inLanguage":"fr-FR"},{"@type":"Person","@id":"https:\/\/dpress.ma\/fr\/#\/schema\/person\/4898febf3ccd59e6578d838656a306a0","name":"Dpress.ma","image":{"@type":"ImageObject","inLanguage":"fr-FR","@id":"https:\/\/secure.gravatar.com\/avatar\/72ecc30e9db047a2e0e7176561eb9d564ed77c8108376495b19bd8336405198a?s=96&d=mm&r=g","url":"https:\/\/secure.gravatar.com\/avatar\/72ecc30e9db047a2e0e7176561eb9d564ed77c8108376495b19bd8336405198a?s=96&d=mm&r=g","contentUrl":"https:\/\/secure.gravatar.com\/avatar\/72ecc30e9db047a2e0e7176561eb9d564ed77c8108376495b19bd8336405198a?s=96&d=mm&r=g","caption":"Dpress.ma"},"sameAs":["https:\/\/www.dpress.ma"],"url":"https:\/\/dpress.ma\/fr\/author\/dpress-ma\/"}]}},"amp_enabled":true,"_links":{"self":[{"href":"https:\/\/dpress.ma\/fr\/wp-json\/wp\/v2\/posts\/29406","targetHints":{"allow":["GET"]}}],"collection":[{"href":"https:\/\/dpress.ma\/fr\/wp-json\/wp\/v2\/posts"}],"about":[{"href":"https:\/\/dpress.ma\/fr\/wp-json\/wp\/v2\/types\/post"}],"author":[{"embeddable":true,"href":"https:\/\/dpress.ma\/fr\/wp-json\/wp\/v2\/users\/2"}],"replies":[{"embeddable":true,"href":"https:\/\/dpress.ma\/fr\/wp-json\/wp\/v2\/comments?post=29406"}],"version-history":[{"count":1,"href":"https:\/\/dpress.ma\/fr\/wp-json\/wp\/v2\/posts\/29406\/revisions"}],"predecessor-version":[{"id":29407,"href":"https:\/\/dpress.ma\/fr\/wp-json\/wp\/v2\/posts\/29406\/revisions\/29407"}],"wp:featuredmedia":[{"embeddable":true,"href":"https:\/\/dpress.ma\/fr\/wp-json\/wp\/v2\/media\/24890"}],"wp:attachment":[{"href":"https:\/\/dpress.ma\/fr\/wp-json\/wp\/v2\/media?parent=29406"}],"wp:term":[{"taxonomy":"category","embeddable":true,"href":"https:\/\/dpress.ma\/fr\/wp-json\/wp\/v2\/categories?post=29406"},{"taxonomy":"post_tag","embeddable":true,"href":"https:\/\/dpress.ma\/fr\/wp-json\/wp\/v2\/tags?post=29406"}],"curies":[{"name":"wp","href":"https:\/\/api.w.org\/{rel}","templated":true}]}}