{"id":29382,"date":"2026-04-25T10:33:51","date_gmt":"2026-04-25T10:33:51","guid":{"rendered":"https:\/\/dpress.ma\/fr\/?p=29382"},"modified":"2026-04-25T10:33:52","modified_gmt":"2026-04-25T10:33:52","slug":"10eme-grand-prix-national-de-la-presse-agricole-et-rurale-10-journalistes-primes","status":"publish","type":"post","link":"https:\/\/dpress.ma\/fr\/2026\/04\/25\/10eme-grand-prix-national-de-la-presse-agricole-et-rurale-10-journalistes-primes\/","title":{"rendered":"10\u00e8me Grand prix national de la presse agricole et rurale : 10 journalistes prim\u00e9s"},"content":{"rendered":"\n<p class=\"wp-block-paragraph\">Dpress<\/p>\n\n\n\n<p class=\"wp-block-paragraph\">Dix journalistes ont \u00e9t\u00e9 prim\u00e9s lors de la c\u00e9r\u00e9monie de remise des prix de la 10\u00e8me \u00e9dition du Grand prix national de la presse agricole et rurale, tenue vendredi \u00e0 Mekn\u00e8s, sous la pr\u00e9sidence du ministre de l\u2019Agriculture, de la P\u00eache maritime, du D\u00e9veloppement rural et des Eaux et For\u00eats, Ahmed El Bouari, en marge de la 18\u00e8me \u00e9dition du Salon International de l\u2019Agriculture au Maroc (SIAM).<\/p>\n\n\n\n<p class=\"wp-block-paragraph\">Dans la cat\u00e9gorie \u201cPresse \u00e9lectronique\u201d, le premier prix est revenu \u00e0 Fatima-Zahra&nbsp;Elaouni&nbsp;de \u201cLe 360\u201d pour son travail intitul\u00e9 \u201cL\u2019ins\u00e9mination artificielle et l\u2019am\u00e9lioration g\u00e9n\u00e9tique : la recherche agricole m\u00e8ne une r\u00e9volution scientifique pour remodeler le cheptel national et renforcer la s\u00e9curit\u00e9 alimentaire\u201d.<\/p>\n\n\n\n<p class=\"wp-block-paragraph\">Le deuxi\u00e8me prix a \u00e9t\u00e9 d\u00e9cern\u00e9 \u00e0 Yassin&nbsp;Eddamiri&nbsp;de \u201cHibapress\u201d pour \u201cL\u2019agriculture pluviale&nbsp;: la terre est comme une m\u00e8re, m\u00eame fatigu\u00e9e, on ne peut l\u2019abandonner\u201d, et \u00e0 Ali&nbsp;Benharar&nbsp;de \u201cHespress\u201d pour \u201cLes incendies des oasis au Maroc et la r\u00e9silience des agricultures palm\u00e9raies et datti\u00e8res apr\u00e8s les chocs du feu\u201d.<\/p>\n\n\n\n<p class=\"wp-block-paragraph\">S\u2019agissant de la cat\u00e9gorie \u201cPresse \u00e9crite\u201d, le premier prix a \u00e9t\u00e9 attribu\u00e9 \u00e0 Nargys Es-sette&nbsp;de \u201cFood Magazine\u201d pour son article \u201cL\u2019huile d\u2019olive marocaine : entre puissance agricole, enjeux de valorisation et ambitions internationales\u201d.<\/p>\n\n\n\n<p class=\"wp-block-paragraph\">Le deuxi\u00e8me prix a, quant \u00e0 lui, \u00e9t\u00e9 accord\u00e9 \u00e0 Abdessamad&nbsp;Dniden&nbsp;de \u201cBayane Al Yaoum\u201d pour \u201cLe dessalement de l\u2019eau et l\u2019intelligence artificielle redessinant l\u2019agriculture au Maroc face au stress hydrique et aux d\u00e9fis de production\u201d.<\/p>\n\n\n\n<p class=\"wp-block-paragraph\">Dans la cat\u00e9gorie \u201cT\u00e9l\u00e9vision\u201d, le premier prix a \u00e9t\u00e9 donn\u00e9 \u00e0 Anas Benhdid&nbsp;de la Soci\u00e9t\u00e9 Nationale de Radiodiffusion et de T\u00e9l\u00e9vision (SNRT) pour l\u2019\u00e9mission \u201c45 minutes : le lait et la volaille\u2026 sous surveillance\u201d. Le deuxi\u00e8me prix est revenu \u00e0 Youssef&nbsp;Zouitni&nbsp;de \u201c2M TV\u201d pour \u201cLa r\u00e9volution du Kif\u201d.<\/p>\n\n\n\n<p class=\"wp-block-paragraph\">Pour ce qui est de la cat\u00e9gorie \u201cRadio\u201d, le premier prix a \u00e9t\u00e9 remport\u00e9 par Lamrani Amine de la Radio Nationale pour \u201cDes enqu\u00eates des entrailles de la terre aux champs du monde : les engrais marocains, une puissance douce au service de la s\u00e9curit\u00e9 alimentaire\u201d.<\/p>\n\n\n\n<p class=\"wp-block-paragraph\">Le deuxi\u00e8me prix a \u00e9t\u00e9 accord\u00e9 \u00e0 Mohammed Bellaoui&nbsp;de la Radio Nationale pour \u201cLe syst\u00e8me des khettaras (galeries drainantes)&nbsp;de l\u2019oasis de Figuig et son r\u00f4le dans la valorisation des dattes Aziza\u201d.<\/p>\n\n\n\n<p class=\"wp-block-paragraph\">Le prix \u201cCoup de c\u0153ur\u201d du jury a \u00e9t\u00e9 attribu\u00e9 \u00e0 Abdelltif Salhi&nbsp;pour \u201cDes semences oubli\u00e9es depuis des si\u00e8cles renaissent au c\u0153ur des montagnes de la province de Chefchaouen entre les mains de femmes rurales\u201d.<\/p>\n\n\n\n<p class=\"wp-block-paragraph\">Intervenant \u00e0 cette occasion, M. El Bouari a salu\u00e9 l\u2019engagement des professionnels des m\u00e9dias, soulignant qu\u2019une presse sp\u00e9cialis\u00e9e, rigoureuse et responsable, constitue un levier essentiel pour accompagner les transformations du secteur agricole, \u00e9clairer les enjeux et rapprocher les politiques publiques des citoyens, notamment dans un contexte marqu\u00e9 par les d\u00e9fis climatiques et alimentaires.<\/p>\n\n\n\n<p class=\"wp-block-paragraph\">Le r\u00f4le des m\u00e9dias ne se limite pas \u00e0 transmettre l\u2019information, mais s\u2019\u00e9tend \u00e0 jouer un r\u00f4le pivot \u00e0 travers la sensibilisation, l\u2019analyse et la contribution \u00e0 l\u2019enrichissement du d\u00e9bat public sur les questions vitales du secteur, a-t-il soulign\u00e9.<\/p>\n\n\n\n<p class=\"wp-block-paragraph\">La presse agricole est, selon lui, une force de proposition qui accompagne les transformations, porte la voix du monde rural et met en avant les mod\u00e8les de r\u00e9ussite et les bonnes pratiques.<\/p>\n\n\n\n<p class=\"wp-block-paragraph\">Pour sa part, le ministre d\u00e9l\u00e9gu\u00e9 charg\u00e9 des Relations avec le Parlement, porte-parole du gouvernement, Mustapha Baitas, a relev\u00e9 que face aux d\u00e9fis de la s\u00e9cheresse, le Maroc a su mobiliser ses ressources et acc\u00e9l\u00e9rer ses chantiers strat\u00e9giques, mettant en avant le r\u00f4le central jou\u00e9 par les m\u00e9dias dans l\u2019accompagnement de cette dynamique.<\/p>\n\n\n\n<p class=\"wp-block-paragraph\">Parall\u00e8lement, il a mis en garde contre les amalgames et les falsifications qui ont entour\u00e9 certains chantiers, soulignant l\u2019importance d\u2019une presse engag\u00e9e, p\u00e9dagogue et critique, dont la boussole demeure l\u2019int\u00e9r\u00eat sup\u00e9rieur du pays.<\/p>\n\n\n\n<p class=\"wp-block-paragraph\">Cette 10\u00e8me \u00e9dition, qui marque une d\u00e9cennie d\u2019existence du Prix depuis son lancement en 2014, a enregistr\u00e9 une participation soutenue avec un total de 75 candidatures, r\u00e9parties entre la presse \u00e9lectronique (29), la presse \u00e9crite (23), la t\u00e9l\u00e9vision (14) et la radio (9). Les contributions ont \u00e9t\u00e9 pr\u00e9sent\u00e9es en plusieurs langues, dont 58 en arabe, 13 en fran\u00e7ais, 2 en amazigh, une en anglais et une en espagnol.<\/p>\n\n\n\n<p class=\"wp-block-paragraph\">Les travaux, qui ont explor\u00e9 des th\u00e9matiques au c\u0153ur des priorit\u00e9s nationales, notamment la gestion de l\u2019eau, l\u2019adaptation au changement climatique, l\u2019agriculture durable et la s\u00e9curit\u00e9 alimentaire, ont \u00e9t\u00e9 \u00e9valu\u00e9s par un jury pluridisciplinaire pr\u00e9sid\u00e9 par Ilham Bouriqui, professeure \u00e0 l\u2019Institut Sup\u00e9rieur de l\u2019Information et de la Communication (ISIC).<\/p>\n\n\n\n<p class=\"wp-block-paragraph\">Devenu un rendez-vous annuel incontournable, ce prix a pour objectif de valoriser les efforts des journalistes et professionnels des m\u00e9dias qui contribuent activement \u00e0 la diffusion de l\u2019information autour du secteur agricole et du d\u00e9veloppement rural au Maroc.<\/p>\n\n\n\n<p class=\"wp-block-paragraph\">Plac\u00e9 sous le Haut Patronage de Sa Majest\u00e9 le Roi Mohammed VI, le SIAM 2026 se poursuit \u00e0 Mekn\u00e8s sous le th\u00e8me&nbsp;\u201cDurabilit\u00e9 de la production animale et souverainet\u00e9 alimentaire\u201d.<\/p>\n","protected":false},"excerpt":{"rendered":"<p>Dpress Dix journalistes ont \u00e9t\u00e9 prim\u00e9s lors de la c\u00e9r\u00e9monie de remise des prix de la 10\u00e8me \u00e9dition du Grand prix national de la presse agricole et rurale, tenue vendredi \u00e0 Mekn\u00e8s, sous la pr\u00e9sidence du ministre de l\u2019Agriculture, de la P\u00eache maritime, du D\u00e9veloppement rural et des Eaux et For\u00eats, Ahmed El Bouari, en &hellip;<\/p>\n","protected":false},"author":2,"featured_media":29383,"comment_status":"open","ping_status":"open","sticky":false,"template":"","format":"standard","meta":{"footnotes":""},"categories":[31],"tags":[],"class_list":["post-29382","post","type-post","status-publish","format-standard","has-post-thumbnail","hentry","category-art-et-culture"],"yoast_head":"<!-- This site is optimized with the Yoast SEO plugin v28.0 - https:\/\/yoast.com\/product\/yoast-seo-wordpress\/ -->\n<title>10\u00e8me Grand prix national de la presse agricole et rurale : 10 journalistes prim\u00e9s - Dpress.ma\/fr<\/title>\n<meta name=\"robots\" content=\"index, follow, max-snippet:-1, max-image-preview:large, max-video-preview:-1\" \/>\n<link rel=\"canonical\" href=\"https:\/\/dpress.ma\/fr\/2026\/04\/25\/10eme-grand-prix-national-de-la-presse-agricole-et-rurale-10-journalistes-primes\/\" \/>\n<meta property=\"og:locale\" content=\"fr_FR\" \/>\n<meta property=\"og:type\" content=\"article\" \/>\n<meta property=\"og:title\" content=\"10\u00e8me Grand prix national de la presse agricole et rurale : 10 journalistes prim\u00e9s - Dpress.ma\/fr\" \/>\n<meta property=\"og:description\" content=\"Dpress Dix journalistes ont \u00e9t\u00e9 prim\u00e9s lors de la c\u00e9r\u00e9monie de remise des prix de la 10\u00e8me \u00e9dition du Grand prix national de la presse agricole et rurale, tenue vendredi \u00e0 Mekn\u00e8s, sous la pr\u00e9sidence du ministre de l\u2019Agriculture, de la P\u00eache maritime, du D\u00e9veloppement rural et des Eaux et For\u00eats, Ahmed El Bouari, en &hellip;\" \/>\n<meta property=\"og:url\" content=\"https:\/\/dpress.ma\/fr\/2026\/04\/25\/10eme-grand-prix-national-de-la-presse-agricole-et-rurale-10-journalistes-primes\/\" \/>\n<meta property=\"og:site_name\" content=\"Dpress.ma\/fr\" \/>\n<meta property=\"article:published_time\" content=\"2026-04-25T10:33:51+00:00\" \/>\n<meta property=\"article:modified_time\" content=\"2026-04-25T10:33:52+00:00\" \/>\n<meta property=\"og:image\" content=\"https:\/\/dpress.ma\/fr\/wp-content\/uploads\/sites\/2\/2026\/04\/45-14.jpg\" \/>\n\t<meta property=\"og:image:width\" content=\"2539\" \/>\n\t<meta property=\"og:image:height\" content=\"1594\" \/>\n\t<meta property=\"og:image:type\" content=\"image\/jpeg\" \/>\n<meta name=\"author\" content=\"Dpress.ma\" \/>\n<meta name=\"twitter:card\" content=\"summary_large_image\" \/>\n<meta name=\"twitter:label1\" content=\"\u00c9crit par\" \/>\n\t<meta name=\"twitter:data1\" content=\"Dpress.ma\" \/>\n\t<meta name=\"twitter:label2\" content=\"Dur\u00e9e de lecture estim\u00e9e\" \/>\n\t<meta name=\"twitter:data2\" content=\"5 minutes\" \/>\n<script type=\"application\/ld+json\" class=\"yoast-schema-graph\">{\"@context\":\"https:\\\/\\\/schema.org\",\"@graph\":[{\"@type\":\"Article\",\"@id\":\"https:\\\/\\\/dpress.ma\\\/fr\\\/2026\\\/04\\\/25\\\/10eme-grand-prix-national-de-la-presse-agricole-et-rurale-10-journalistes-primes\\\/#article\",\"isPartOf\":{\"@id\":\"https:\\\/\\\/dpress.ma\\\/fr\\\/2026\\\/04\\\/25\\\/10eme-grand-prix-national-de-la-presse-agricole-et-rurale-10-journalistes-primes\\\/\"},\"author\":{\"name\":\"Dpress.ma\",\"@id\":\"https:\\\/\\\/dpress.ma\\\/fr\\\/#\\\/schema\\\/person\\\/4898febf3ccd59e6578d838656a306a0\"},\"headline\":\"10\u00e8me Grand prix national de la presse agricole et rurale : 10 journalistes prim\u00e9s\",\"datePublished\":\"2026-04-25T10:33:51+00:00\",\"dateModified\":\"2026-04-25T10:33:52+00:00\",\"mainEntityOfPage\":{\"@id\":\"https:\\\/\\\/dpress.ma\\\/fr\\\/2026\\\/04\\\/25\\\/10eme-grand-prix-national-de-la-presse-agricole-et-rurale-10-journalistes-primes\\\/\"},\"wordCount\":910,\"commentCount\":0,\"image\":{\"@id\":\"https:\\\/\\\/dpress.ma\\\/fr\\\/2026\\\/04\\\/25\\\/10eme-grand-prix-national-de-la-presse-agricole-et-rurale-10-journalistes-primes\\\/#primaryimage\"},\"thumbnailUrl\":\"https:\\\/\\\/dpress.ma\\\/fr\\\/wp-content\\\/uploads\\\/sites\\\/2\\\/2026\\\/04\\\/45-14.jpg\",\"articleSection\":[\"Art et Culture\"],\"inLanguage\":\"fr-FR\",\"potentialAction\":[{\"@type\":\"CommentAction\",\"name\":\"Comment\",\"target\":[\"https:\\\/\\\/dpress.ma\\\/fr\\\/2026\\\/04\\\/25\\\/10eme-grand-prix-national-de-la-presse-agricole-et-rurale-10-journalistes-primes\\\/#respond\"]}]},{\"@type\":\"WebPage\",\"@id\":\"https:\\\/\\\/dpress.ma\\\/fr\\\/2026\\\/04\\\/25\\\/10eme-grand-prix-national-de-la-presse-agricole-et-rurale-10-journalistes-primes\\\/\",\"url\":\"https:\\\/\\\/dpress.ma\\\/fr\\\/2026\\\/04\\\/25\\\/10eme-grand-prix-national-de-la-presse-agricole-et-rurale-10-journalistes-primes\\\/\",\"name\":\"10\u00e8me Grand prix national de la presse agricole et rurale : 10 journalistes prim\u00e9s - Dpress.ma\\\/fr\",\"isPartOf\":{\"@id\":\"https:\\\/\\\/dpress.ma\\\/fr\\\/#website\"},\"primaryImageOfPage\":{\"@id\":\"https:\\\/\\\/dpress.ma\\\/fr\\\/2026\\\/04\\\/25\\\/10eme-grand-prix-national-de-la-presse-agricole-et-rurale-10-journalistes-primes\\\/#primaryimage\"},\"image\":{\"@id\":\"https:\\\/\\\/dpress.ma\\\/fr\\\/2026\\\/04\\\/25\\\/10eme-grand-prix-national-de-la-presse-agricole-et-rurale-10-journalistes-primes\\\/#primaryimage\"},\"thumbnailUrl\":\"https:\\\/\\\/dpress.ma\\\/fr\\\/wp-content\\\/uploads\\\/sites\\\/2\\\/2026\\\/04\\\/45-14.jpg\",\"datePublished\":\"2026-04-25T10:33:51+00:00\",\"dateModified\":\"2026-04-25T10:33:52+00:00\",\"author\":{\"@id\":\"https:\\\/\\\/dpress.ma\\\/fr\\\/#\\\/schema\\\/person\\\/4898febf3ccd59e6578d838656a306a0\"},\"breadcrumb\":{\"@id\":\"https:\\\/\\\/dpress.ma\\\/fr\\\/2026\\\/04\\\/25\\\/10eme-grand-prix-national-de-la-presse-agricole-et-rurale-10-journalistes-primes\\\/#breadcrumb\"},\"inLanguage\":\"fr-FR\",\"potentialAction\":[{\"@type\":\"ReadAction\",\"target\":[\"https:\\\/\\\/dpress.ma\\\/fr\\\/2026\\\/04\\\/25\\\/10eme-grand-prix-national-de-la-presse-agricole-et-rurale-10-journalistes-primes\\\/\"]}]},{\"@type\":\"ImageObject\",\"inLanguage\":\"fr-FR\",\"@id\":\"https:\\\/\\\/dpress.ma\\\/fr\\\/2026\\\/04\\\/25\\\/10eme-grand-prix-national-de-la-presse-agricole-et-rurale-10-journalistes-primes\\\/#primaryimage\",\"url\":\"https:\\\/\\\/dpress.ma\\\/fr\\\/wp-content\\\/uploads\\\/sites\\\/2\\\/2026\\\/04\\\/45-14.jpg\",\"contentUrl\":\"https:\\\/\\\/dpress.ma\\\/fr\\\/wp-content\\\/uploads\\\/sites\\\/2\\\/2026\\\/04\\\/45-14.jpg\",\"width\":2539,\"height\":1594},{\"@type\":\"BreadcrumbList\",\"@id\":\"https:\\\/\\\/dpress.ma\\\/fr\\\/2026\\\/04\\\/25\\\/10eme-grand-prix-national-de-la-presse-agricole-et-rurale-10-journalistes-primes\\\/#breadcrumb\",\"itemListElement\":[{\"@type\":\"ListItem\",\"position\":1,\"name\":\"Home\",\"item\":\"https:\\\/\\\/dpress.ma\\\/fr\\\/\"},{\"@type\":\"ListItem\",\"position\":2,\"name\":\"10\u00e8me Grand prix national de la presse agricole et rurale : 10 journalistes prim\u00e9s\"}]},{\"@type\":\"WebSite\",\"@id\":\"https:\\\/\\\/dpress.ma\\\/fr\\\/#website\",\"url\":\"https:\\\/\\\/dpress.ma\\\/fr\\\/\",\"name\":\"Dpress.ma\\\/fr\",\"description\":\"\",\"potentialAction\":[{\"@type\":\"SearchAction\",\"target\":{\"@type\":\"EntryPoint\",\"urlTemplate\":\"https:\\\/\\\/dpress.ma\\\/fr\\\/?s={search_term_string}\"},\"query-input\":{\"@type\":\"PropertyValueSpecification\",\"valueRequired\":true,\"valueName\":\"search_term_string\"}}],\"inLanguage\":\"fr-FR\"},{\"@type\":\"Person\",\"@id\":\"https:\\\/\\\/dpress.ma\\\/fr\\\/#\\\/schema\\\/person\\\/4898febf3ccd59e6578d838656a306a0\",\"name\":\"Dpress.ma\",\"image\":{\"@type\":\"ImageObject\",\"inLanguage\":\"fr-FR\",\"@id\":\"https:\\\/\\\/secure.gravatar.com\\\/avatar\\\/72ecc30e9db047a2e0e7176561eb9d564ed77c8108376495b19bd8336405198a?s=96&d=mm&r=g\",\"url\":\"https:\\\/\\\/secure.gravatar.com\\\/avatar\\\/72ecc30e9db047a2e0e7176561eb9d564ed77c8108376495b19bd8336405198a?s=96&d=mm&r=g\",\"contentUrl\":\"https:\\\/\\\/secure.gravatar.com\\\/avatar\\\/72ecc30e9db047a2e0e7176561eb9d564ed77c8108376495b19bd8336405198a?s=96&d=mm&r=g\",\"caption\":\"Dpress.ma\"},\"sameAs\":[\"https:\\\/\\\/www.dpress.ma\"],\"url\":\"https:\\\/\\\/dpress.ma\\\/fr\\\/author\\\/dpress-ma\\\/\"}]}<\/script>\n<!-- \/ Yoast SEO plugin. -->","yoast_head_json":{"title":"10\u00e8me Grand prix national de la presse agricole et rurale : 10 journalistes prim\u00e9s - Dpress.ma\/fr","robots":{"index":"index","follow":"follow","max-snippet":"max-snippet:-1","max-image-preview":"max-image-preview:large","max-video-preview":"max-video-preview:-1"},"canonical":"https:\/\/dpress.ma\/fr\/2026\/04\/25\/10eme-grand-prix-national-de-la-presse-agricole-et-rurale-10-journalistes-primes\/","og_locale":"fr_FR","og_type":"article","og_title":"10\u00e8me Grand prix national de la presse agricole et rurale : 10 journalistes prim\u00e9s - Dpress.ma\/fr","og_description":"Dpress Dix journalistes ont \u00e9t\u00e9 prim\u00e9s lors de la c\u00e9r\u00e9monie de remise des prix de la 10\u00e8me \u00e9dition du Grand prix national de la presse agricole et rurale, tenue vendredi \u00e0 Mekn\u00e8s, sous la pr\u00e9sidence du ministre de l\u2019Agriculture, de la P\u00eache maritime, du D\u00e9veloppement rural et des Eaux et For\u00eats, Ahmed El Bouari, en &hellip;","og_url":"https:\/\/dpress.ma\/fr\/2026\/04\/25\/10eme-grand-prix-national-de-la-presse-agricole-et-rurale-10-journalistes-primes\/","og_site_name":"Dpress.ma\/fr","article_published_time":"2026-04-25T10:33:51+00:00","article_modified_time":"2026-04-25T10:33:52+00:00","og_image":[{"width":2539,"height":1594,"url":"https:\/\/dpress.ma\/fr\/wp-content\/uploads\/sites\/2\/2026\/04\/45-14.jpg","type":"image\/jpeg"}],"author":"Dpress.ma","twitter_card":"summary_large_image","twitter_misc":{"\u00c9crit par":"Dpress.ma","Dur\u00e9e de lecture estim\u00e9e":"5 minutes"},"schema":{"@context":"https:\/\/schema.org","@graph":[{"@type":"Article","@id":"https:\/\/dpress.ma\/fr\/2026\/04\/25\/10eme-grand-prix-national-de-la-presse-agricole-et-rurale-10-journalistes-primes\/#article","isPartOf":{"@id":"https:\/\/dpress.ma\/fr\/2026\/04\/25\/10eme-grand-prix-national-de-la-presse-agricole-et-rurale-10-journalistes-primes\/"},"author":{"name":"Dpress.ma","@id":"https:\/\/dpress.ma\/fr\/#\/schema\/person\/4898febf3ccd59e6578d838656a306a0"},"headline":"10\u00e8me Grand prix national de la presse agricole et rurale : 10 journalistes prim\u00e9s","datePublished":"2026-04-25T10:33:51+00:00","dateModified":"2026-04-25T10:33:52+00:00","mainEntityOfPage":{"@id":"https:\/\/dpress.ma\/fr\/2026\/04\/25\/10eme-grand-prix-national-de-la-presse-agricole-et-rurale-10-journalistes-primes\/"},"wordCount":910,"commentCount":0,"image":{"@id":"https:\/\/dpress.ma\/fr\/2026\/04\/25\/10eme-grand-prix-national-de-la-presse-agricole-et-rurale-10-journalistes-primes\/#primaryimage"},"thumbnailUrl":"https:\/\/dpress.ma\/fr\/wp-content\/uploads\/sites\/2\/2026\/04\/45-14.jpg","articleSection":["Art et Culture"],"inLanguage":"fr-FR","potentialAction":[{"@type":"CommentAction","name":"Comment","target":["https:\/\/dpress.ma\/fr\/2026\/04\/25\/10eme-grand-prix-national-de-la-presse-agricole-et-rurale-10-journalistes-primes\/#respond"]}]},{"@type":"WebPage","@id":"https:\/\/dpress.ma\/fr\/2026\/04\/25\/10eme-grand-prix-national-de-la-presse-agricole-et-rurale-10-journalistes-primes\/","url":"https:\/\/dpress.ma\/fr\/2026\/04\/25\/10eme-grand-prix-national-de-la-presse-agricole-et-rurale-10-journalistes-primes\/","name":"10\u00e8me Grand prix national de la presse agricole et rurale : 10 journalistes prim\u00e9s - Dpress.ma\/fr","isPartOf":{"@id":"https:\/\/dpress.ma\/fr\/#website"},"primaryImageOfPage":{"@id":"https:\/\/dpress.ma\/fr\/2026\/04\/25\/10eme-grand-prix-national-de-la-presse-agricole-et-rurale-10-journalistes-primes\/#primaryimage"},"image":{"@id":"https:\/\/dpress.ma\/fr\/2026\/04\/25\/10eme-grand-prix-national-de-la-presse-agricole-et-rurale-10-journalistes-primes\/#primaryimage"},"thumbnailUrl":"https:\/\/dpress.ma\/fr\/wp-content\/uploads\/sites\/2\/2026\/04\/45-14.jpg","datePublished":"2026-04-25T10:33:51+00:00","dateModified":"2026-04-25T10:33:52+00:00","author":{"@id":"https:\/\/dpress.ma\/fr\/#\/schema\/person\/4898febf3ccd59e6578d838656a306a0"},"breadcrumb":{"@id":"https:\/\/dpress.ma\/fr\/2026\/04\/25\/10eme-grand-prix-national-de-la-presse-agricole-et-rurale-10-journalistes-primes\/#breadcrumb"},"inLanguage":"fr-FR","potentialAction":[{"@type":"ReadAction","target":["https:\/\/dpress.ma\/fr\/2026\/04\/25\/10eme-grand-prix-national-de-la-presse-agricole-et-rurale-10-journalistes-primes\/"]}]},{"@type":"ImageObject","inLanguage":"fr-FR","@id":"https:\/\/dpress.ma\/fr\/2026\/04\/25\/10eme-grand-prix-national-de-la-presse-agricole-et-rurale-10-journalistes-primes\/#primaryimage","url":"https:\/\/dpress.ma\/fr\/wp-content\/uploads\/sites\/2\/2026\/04\/45-14.jpg","contentUrl":"https:\/\/dpress.ma\/fr\/wp-content\/uploads\/sites\/2\/2026\/04\/45-14.jpg","width":2539,"height":1594},{"@type":"BreadcrumbList","@id":"https:\/\/dpress.ma\/fr\/2026\/04\/25\/10eme-grand-prix-national-de-la-presse-agricole-et-rurale-10-journalistes-primes\/#breadcrumb","itemListElement":[{"@type":"ListItem","position":1,"name":"Home","item":"https:\/\/dpress.ma\/fr\/"},{"@type":"ListItem","position":2,"name":"10\u00e8me Grand prix national de la presse agricole et rurale : 10 journalistes prim\u00e9s"}]},{"@type":"WebSite","@id":"https:\/\/dpress.ma\/fr\/#website","url":"https:\/\/dpress.ma\/fr\/","name":"Dpress.ma\/fr","description":"","potentialAction":[{"@type":"SearchAction","target":{"@type":"EntryPoint","urlTemplate":"https:\/\/dpress.ma\/fr\/?s={search_term_string}"},"query-input":{"@type":"PropertyValueSpecification","valueRequired":true,"valueName":"search_term_string"}}],"inLanguage":"fr-FR"},{"@type":"Person","@id":"https:\/\/dpress.ma\/fr\/#\/schema\/person\/4898febf3ccd59e6578d838656a306a0","name":"Dpress.ma","image":{"@type":"ImageObject","inLanguage":"fr-FR","@id":"https:\/\/secure.gravatar.com\/avatar\/72ecc30e9db047a2e0e7176561eb9d564ed77c8108376495b19bd8336405198a?s=96&d=mm&r=g","url":"https:\/\/secure.gravatar.com\/avatar\/72ecc30e9db047a2e0e7176561eb9d564ed77c8108376495b19bd8336405198a?s=96&d=mm&r=g","contentUrl":"https:\/\/secure.gravatar.com\/avatar\/72ecc30e9db047a2e0e7176561eb9d564ed77c8108376495b19bd8336405198a?s=96&d=mm&r=g","caption":"Dpress.ma"},"sameAs":["https:\/\/www.dpress.ma"],"url":"https:\/\/dpress.ma\/fr\/author\/dpress-ma\/"}]}},"amp_enabled":true,"_links":{"self":[{"href":"https:\/\/dpress.ma\/fr\/wp-json\/wp\/v2\/posts\/29382","targetHints":{"allow":["GET"]}}],"collection":[{"href":"https:\/\/dpress.ma\/fr\/wp-json\/wp\/v2\/posts"}],"about":[{"href":"https:\/\/dpress.ma\/fr\/wp-json\/wp\/v2\/types\/post"}],"author":[{"embeddable":true,"href":"https:\/\/dpress.ma\/fr\/wp-json\/wp\/v2\/users\/2"}],"replies":[{"embeddable":true,"href":"https:\/\/dpress.ma\/fr\/wp-json\/wp\/v2\/comments?post=29382"}],"version-history":[{"count":1,"href":"https:\/\/dpress.ma\/fr\/wp-json\/wp\/v2\/posts\/29382\/revisions"}],"predecessor-version":[{"id":29384,"href":"https:\/\/dpress.ma\/fr\/wp-json\/wp\/v2\/posts\/29382\/revisions\/29384"}],"wp:featuredmedia":[{"embeddable":true,"href":"https:\/\/dpress.ma\/fr\/wp-json\/wp\/v2\/media\/29383"}],"wp:attachment":[{"href":"https:\/\/dpress.ma\/fr\/wp-json\/wp\/v2\/media?parent=29382"}],"wp:term":[{"taxonomy":"category","embeddable":true,"href":"https:\/\/dpress.ma\/fr\/wp-json\/wp\/v2\/categories?post=29382"},{"taxonomy":"post_tag","embeddable":true,"href":"https:\/\/dpress.ma\/fr\/wp-json\/wp\/v2\/tags?post=29382"}],"curies":[{"name":"wp","href":"https:\/\/api.w.org\/{rel}","templated":true}]}}