{"id":29287,"date":"2026-04-24T10:59:06","date_gmt":"2026-04-24T10:59:06","guid":{"rendered":"https:\/\/dpress.ma\/fr\/?p=29287"},"modified":"2026-04-24T10:59:08","modified_gmt":"2026-04-24T10:59:08","slug":"la-1ere-edition-des-dialogues-pluriels-ouvre-a-casablanca-un-espace-dechange-autour-du-vivre-ensemble","status":"publish","type":"post","link":"https:\/\/dpress.ma\/fr\/2026\/04\/24\/la-1ere-edition-des-dialogues-pluriels-ouvre-a-casablanca-un-espace-dechange-autour-du-vivre-ensemble\/","title":{"rendered":"La 1\u00e8re \u00e9dition des \u201cDialogues pluriels\u201d ouvre \u00e0 Casablanca un espace d\u2019\u00e9change autour du vivre-ensemble"},"content":{"rendered":"\n<p>Dpress<\/p>\n\n\n\n<p>La premi\u00e8re \u00e9dition des \u201cDialogues pluriels\u201d s\u2019est tenue, jeudi soir \u00e0 Casablanca, ouvrant un espace d\u2019\u00e9change et de r\u00e9flexion autour des valeurs du vivre-ensemble.<\/p>\n\n\n\n<p>Organis\u00e9e par l\u2019association \u201cMarocains Pluriels\u201d, cette rencontre, plac\u00e9e sous le th\u00e8me \u201cDes voix diff\u00e9rentes, un avenir commun\u201d, vise \u00e0 promouvoir le dialogue interreligieux et interculturel, ainsi qu\u2019\u00e0 consolider les valeurs de fraternit\u00e9, de paix et de respect mutuel.<\/p>\n\n\n\n<p>Lors des \u00e9changes, les intervenants, repr\u00e9sentant les trois religions monoth\u00e9istes, \u00e0 savoir le juda\u00efsme, le christianisme et l\u2019islam, ont soulign\u00e9 l\u2019importance du dialogue interreligieux en tant que levier de rapprochement entre les peuples et de consolidation des valeurs du vivre-ensemble.<\/p>\n\n\n\n<p>Ils ont \u00e9galement relev\u00e9 que les valeurs de solidarit\u00e9, de justice et de paix, port\u00e9es par ces religions, sont de nature \u00e0 favoriser le rapprochement entre les populations et \u00e0 faire du dialogue interreligieux un vecteur de coop\u00e9ration, de compr\u00e9hension mutuelle et de coexistence.<\/p>\n\n\n\n<p>Par ailleurs, les intervenants ont \u00e9galement insist\u00e9 sur la n\u00e9cessit\u00e9 de maintenir les canaux de discussion et d\u2019\u00e9change entre les peuples, tout en rappelant que les religions doivent constituer un facteur de rapprochement et contribuer \u00e0 la recherche de solutions aux crises contemporaines.<\/p>\n\n\n\n<p>De son c\u00f4t\u00e9, le pr\u00e9sident de l\u2019association \u201cMarocains Pluriels\u201d, Ahmed Ghayat, a indiqu\u00e9 que cette premi\u00e8re \u00e9dition, qu\u2019il a pr\u00e9sent\u00e9e comme le prolongement d\u2019une dynamique engag\u00e9e durant plusieurs ann\u00e9es \u00e0 travers les rencontres mensuelles du \u201cCaf\u00e9 Politis\u201d, se veut un espace de dialogue faisant entendre trois voix, au service du vivre-ensemble au Maroc.<\/p>\n\n\n\n<p>Cette rencontre rassemble diff\u00e9rentes g\u00e9n\u00e9rations ainsi que des personnalit\u00e9s issues des milieux artistique, sportif et associatif, a-t-il fait savoir, notant que la reprise de cette initiative traduit la volont\u00e9 de recr\u00e9er un cadre d\u2019\u00e9change spontan\u00e9 et convivial autour des valeurs de coexistence et de fraternit\u00e9 au Maroc.<\/p>\n\n\n\n<p>Cette premi\u00e8re \u00e9dition, marqu\u00e9e par la pr\u00e9sence de l\u2019ambassadrice fran\u00e7aise pour la M\u00e9diterran\u00e9e, Nadia Hai, a offert un espace d\u2019\u00e9change entre diff\u00e9rentes composantes religieuses et culturelles, dans un esprit de dialogue et d\u2019ouvertu<\/p>\n","protected":false},"excerpt":{"rendered":"<p>Dpress La premi\u00e8re \u00e9dition des \u201cDialogues pluriels\u201d s\u2019est tenue, jeudi soir \u00e0 Casablanca, ouvrant un espace d\u2019\u00e9change et de r\u00e9flexion autour des valeurs du vivre-ensemble. Organis\u00e9e par l\u2019association \u201cMarocains Pluriels\u201d, cette rencontre, plac\u00e9e sous le th\u00e8me \u201cDes voix diff\u00e9rentes, un avenir commun\u201d, vise \u00e0 promouvoir le dialogue interreligieux et interculturel, ainsi qu\u2019\u00e0 consolider les valeurs &hellip;<\/p>\n","protected":false},"author":2,"featured_media":29288,"comment_status":"open","ping_status":"open","sticky":false,"template":"","format":"standard","meta":{"footnotes":""},"categories":[40],"tags":[],"class_list":["post-29287","post","type-post","status-publish","format-standard","has-post-thumbnail","hentry","category-societe-et-regions"],"yoast_head":"<!-- This site is optimized with the Yoast SEO plugin v27.4 - https:\/\/yoast.com\/product\/yoast-seo-wordpress\/ -->\n<title>La 1\u00e8re \u00e9dition des \u201cDialogues pluriels\u201d ouvre \u00e0 Casablanca un espace d\u2019\u00e9change autour du vivre-ensemble - Dpress.ma\/fr<\/title>\n<meta name=\"robots\" content=\"index, follow, max-snippet:-1, max-image-preview:large, max-video-preview:-1\" \/>\n<link rel=\"canonical\" href=\"https:\/\/dpress.ma\/fr\/2026\/04\/24\/la-1ere-edition-des-dialogues-pluriels-ouvre-a-casablanca-un-espace-dechange-autour-du-vivre-ensemble\/\" \/>\n<meta property=\"og:locale\" content=\"fr_FR\" \/>\n<meta property=\"og:type\" content=\"article\" \/>\n<meta property=\"og:title\" content=\"La 1\u00e8re \u00e9dition des \u201cDialogues pluriels\u201d ouvre \u00e0 Casablanca un espace d\u2019\u00e9change autour du vivre-ensemble - Dpress.ma\/fr\" \/>\n<meta property=\"og:description\" content=\"Dpress La premi\u00e8re \u00e9dition des \u201cDialogues pluriels\u201d s\u2019est tenue, jeudi soir \u00e0 Casablanca, ouvrant un espace d\u2019\u00e9change et de r\u00e9flexion autour des valeurs du vivre-ensemble. Organis\u00e9e par l\u2019association \u201cMarocains Pluriels\u201d, cette rencontre, plac\u00e9e sous le th\u00e8me \u201cDes voix diff\u00e9rentes, un avenir commun\u201d, vise \u00e0 promouvoir le dialogue interreligieux et interculturel, ainsi qu\u2019\u00e0 consolider les valeurs &hellip;\" \/>\n<meta property=\"og:url\" content=\"https:\/\/dpress.ma\/fr\/2026\/04\/24\/la-1ere-edition-des-dialogues-pluriels-ouvre-a-casablanca-un-espace-dechange-autour-du-vivre-ensemble\/\" \/>\n<meta property=\"og:site_name\" content=\"Dpress.ma\/fr\" \/>\n<meta property=\"article:published_time\" content=\"2026-04-24T10:59:06+00:00\" \/>\n<meta property=\"article:modified_time\" content=\"2026-04-24T10:59:08+00:00\" \/>\n<meta property=\"og:image\" content=\"https:\/\/dpress.ma\/fr\/wp-content\/uploads\/sites\/2\/2026\/04\/56-7.jpg\" \/>\n\t<meta property=\"og:image:width\" content=\"2539\" \/>\n\t<meta property=\"og:image:height\" content=\"1594\" \/>\n\t<meta property=\"og:image:type\" content=\"image\/jpeg\" \/>\n<meta name=\"author\" content=\"Dpress.ma\" \/>\n<meta name=\"twitter:card\" content=\"summary_large_image\" \/>\n<meta name=\"twitter:label1\" content=\"\u00c9crit par\" \/>\n\t<meta name=\"twitter:data1\" content=\"Dpress.ma\" \/>\n\t<meta name=\"twitter:label2\" content=\"Dur\u00e9e de lecture estim\u00e9e\" \/>\n\t<meta name=\"twitter:data2\" content=\"2 minutes\" \/>\n<script type=\"application\/ld+json\" class=\"yoast-schema-graph\">{\"@context\":\"https:\\\/\\\/schema.org\",\"@graph\":[{\"@type\":\"Article\",\"@id\":\"https:\\\/\\\/dpress.ma\\\/fr\\\/2026\\\/04\\\/24\\\/la-1ere-edition-des-dialogues-pluriels-ouvre-a-casablanca-un-espace-dechange-autour-du-vivre-ensemble\\\/#article\",\"isPartOf\":{\"@id\":\"https:\\\/\\\/dpress.ma\\\/fr\\\/2026\\\/04\\\/24\\\/la-1ere-edition-des-dialogues-pluriels-ouvre-a-casablanca-un-espace-dechange-autour-du-vivre-ensemble\\\/\"},\"author\":{\"name\":\"Dpress.ma\",\"@id\":\"https:\\\/\\\/dpress.ma\\\/fr\\\/#\\\/schema\\\/person\\\/4898febf3ccd59e6578d838656a306a0\"},\"headline\":\"La 1\u00e8re \u00e9dition des \u201cDialogues pluriels\u201d ouvre \u00e0 Casablanca un espace d\u2019\u00e9change autour du vivre-ensemble\",\"datePublished\":\"2026-04-24T10:59:06+00:00\",\"dateModified\":\"2026-04-24T10:59:08+00:00\",\"mainEntityOfPage\":{\"@id\":\"https:\\\/\\\/dpress.ma\\\/fr\\\/2026\\\/04\\\/24\\\/la-1ere-edition-des-dialogues-pluriels-ouvre-a-casablanca-un-espace-dechange-autour-du-vivre-ensemble\\\/\"},\"wordCount\":376,\"commentCount\":0,\"image\":{\"@id\":\"https:\\\/\\\/dpress.ma\\\/fr\\\/2026\\\/04\\\/24\\\/la-1ere-edition-des-dialogues-pluriels-ouvre-a-casablanca-un-espace-dechange-autour-du-vivre-ensemble\\\/#primaryimage\"},\"thumbnailUrl\":\"https:\\\/\\\/dpress.ma\\\/fr\\\/wp-content\\\/uploads\\\/sites\\\/2\\\/2026\\\/04\\\/56-7.jpg\",\"articleSection\":[\"societe et regions\"],\"inLanguage\":\"fr-FR\",\"potentialAction\":[{\"@type\":\"CommentAction\",\"name\":\"Comment\",\"target\":[\"https:\\\/\\\/dpress.ma\\\/fr\\\/2026\\\/04\\\/24\\\/la-1ere-edition-des-dialogues-pluriels-ouvre-a-casablanca-un-espace-dechange-autour-du-vivre-ensemble\\\/#respond\"]}]},{\"@type\":\"WebPage\",\"@id\":\"https:\\\/\\\/dpress.ma\\\/fr\\\/2026\\\/04\\\/24\\\/la-1ere-edition-des-dialogues-pluriels-ouvre-a-casablanca-un-espace-dechange-autour-du-vivre-ensemble\\\/\",\"url\":\"https:\\\/\\\/dpress.ma\\\/fr\\\/2026\\\/04\\\/24\\\/la-1ere-edition-des-dialogues-pluriels-ouvre-a-casablanca-un-espace-dechange-autour-du-vivre-ensemble\\\/\",\"name\":\"La 1\u00e8re \u00e9dition des \u201cDialogues pluriels\u201d ouvre \u00e0 Casablanca un espace d\u2019\u00e9change autour du vivre-ensemble - Dpress.ma\\\/fr\",\"isPartOf\":{\"@id\":\"https:\\\/\\\/dpress.ma\\\/fr\\\/#website\"},\"primaryImageOfPage\":{\"@id\":\"https:\\\/\\\/dpress.ma\\\/fr\\\/2026\\\/04\\\/24\\\/la-1ere-edition-des-dialogues-pluriels-ouvre-a-casablanca-un-espace-dechange-autour-du-vivre-ensemble\\\/#primaryimage\"},\"image\":{\"@id\":\"https:\\\/\\\/dpress.ma\\\/fr\\\/2026\\\/04\\\/24\\\/la-1ere-edition-des-dialogues-pluriels-ouvre-a-casablanca-un-espace-dechange-autour-du-vivre-ensemble\\\/#primaryimage\"},\"thumbnailUrl\":\"https:\\\/\\\/dpress.ma\\\/fr\\\/wp-content\\\/uploads\\\/sites\\\/2\\\/2026\\\/04\\\/56-7.jpg\",\"datePublished\":\"2026-04-24T10:59:06+00:00\",\"dateModified\":\"2026-04-24T10:59:08+00:00\",\"author\":{\"@id\":\"https:\\\/\\\/dpress.ma\\\/fr\\\/#\\\/schema\\\/person\\\/4898febf3ccd59e6578d838656a306a0\"},\"breadcrumb\":{\"@id\":\"https:\\\/\\\/dpress.ma\\\/fr\\\/2026\\\/04\\\/24\\\/la-1ere-edition-des-dialogues-pluriels-ouvre-a-casablanca-un-espace-dechange-autour-du-vivre-ensemble\\\/#breadcrumb\"},\"inLanguage\":\"fr-FR\",\"potentialAction\":[{\"@type\":\"ReadAction\",\"target\":[\"https:\\\/\\\/dpress.ma\\\/fr\\\/2026\\\/04\\\/24\\\/la-1ere-edition-des-dialogues-pluriels-ouvre-a-casablanca-un-espace-dechange-autour-du-vivre-ensemble\\\/\"]}]},{\"@type\":\"ImageObject\",\"inLanguage\":\"fr-FR\",\"@id\":\"https:\\\/\\\/dpress.ma\\\/fr\\\/2026\\\/04\\\/24\\\/la-1ere-edition-des-dialogues-pluriels-ouvre-a-casablanca-un-espace-dechange-autour-du-vivre-ensemble\\\/#primaryimage\",\"url\":\"https:\\\/\\\/dpress.ma\\\/fr\\\/wp-content\\\/uploads\\\/sites\\\/2\\\/2026\\\/04\\\/56-7.jpg\",\"contentUrl\":\"https:\\\/\\\/dpress.ma\\\/fr\\\/wp-content\\\/uploads\\\/sites\\\/2\\\/2026\\\/04\\\/56-7.jpg\",\"width\":2539,\"height\":1594},{\"@type\":\"BreadcrumbList\",\"@id\":\"https:\\\/\\\/dpress.ma\\\/fr\\\/2026\\\/04\\\/24\\\/la-1ere-edition-des-dialogues-pluriels-ouvre-a-casablanca-un-espace-dechange-autour-du-vivre-ensemble\\\/#breadcrumb\",\"itemListElement\":[{\"@type\":\"ListItem\",\"position\":1,\"name\":\"Home\",\"item\":\"https:\\\/\\\/dpress.ma\\\/fr\\\/\"},{\"@type\":\"ListItem\",\"position\":2,\"name\":\"La 1\u00e8re \u00e9dition des \u201cDialogues pluriels\u201d ouvre \u00e0 Casablanca un espace d\u2019\u00e9change autour du vivre-ensemble\"}]},{\"@type\":\"WebSite\",\"@id\":\"https:\\\/\\\/dpress.ma\\\/fr\\\/#website\",\"url\":\"https:\\\/\\\/dpress.ma\\\/fr\\\/\",\"name\":\"Dpress.ma\\\/fr\",\"description\":\"\",\"potentialAction\":[{\"@type\":\"SearchAction\",\"target\":{\"@type\":\"EntryPoint\",\"urlTemplate\":\"https:\\\/\\\/dpress.ma\\\/fr\\\/?s={search_term_string}\"},\"query-input\":{\"@type\":\"PropertyValueSpecification\",\"valueRequired\":true,\"valueName\":\"search_term_string\"}}],\"inLanguage\":\"fr-FR\"},{\"@type\":\"Person\",\"@id\":\"https:\\\/\\\/dpress.ma\\\/fr\\\/#\\\/schema\\\/person\\\/4898febf3ccd59e6578d838656a306a0\",\"name\":\"Dpress.ma\",\"image\":{\"@type\":\"ImageObject\",\"inLanguage\":\"fr-FR\",\"@id\":\"https:\\\/\\\/secure.gravatar.com\\\/avatar\\\/72ecc30e9db047a2e0e7176561eb9d564ed77c8108376495b19bd8336405198a?s=96&d=mm&r=g\",\"url\":\"https:\\\/\\\/secure.gravatar.com\\\/avatar\\\/72ecc30e9db047a2e0e7176561eb9d564ed77c8108376495b19bd8336405198a?s=96&d=mm&r=g\",\"contentUrl\":\"https:\\\/\\\/secure.gravatar.com\\\/avatar\\\/72ecc30e9db047a2e0e7176561eb9d564ed77c8108376495b19bd8336405198a?s=96&d=mm&r=g\",\"caption\":\"Dpress.ma\"},\"sameAs\":[\"https:\\\/\\\/www.dpress.ma\"],\"url\":\"https:\\\/\\\/dpress.ma\\\/fr\\\/author\\\/dpress-ma\\\/\"}]}<\/script>\n<!-- \/ Yoast SEO plugin. -->","yoast_head_json":{"title":"La 1\u00e8re \u00e9dition des \u201cDialogues pluriels\u201d ouvre \u00e0 Casablanca un espace d\u2019\u00e9change autour du vivre-ensemble - Dpress.ma\/fr","robots":{"index":"index","follow":"follow","max-snippet":"max-snippet:-1","max-image-preview":"max-image-preview:large","max-video-preview":"max-video-preview:-1"},"canonical":"https:\/\/dpress.ma\/fr\/2026\/04\/24\/la-1ere-edition-des-dialogues-pluriels-ouvre-a-casablanca-un-espace-dechange-autour-du-vivre-ensemble\/","og_locale":"fr_FR","og_type":"article","og_title":"La 1\u00e8re \u00e9dition des \u201cDialogues pluriels\u201d ouvre \u00e0 Casablanca un espace d\u2019\u00e9change autour du vivre-ensemble - Dpress.ma\/fr","og_description":"Dpress La premi\u00e8re \u00e9dition des \u201cDialogues pluriels\u201d s\u2019est tenue, jeudi soir \u00e0 Casablanca, ouvrant un espace d\u2019\u00e9change et de r\u00e9flexion autour des valeurs du vivre-ensemble. Organis\u00e9e par l\u2019association \u201cMarocains Pluriels\u201d, cette rencontre, plac\u00e9e sous le th\u00e8me \u201cDes voix diff\u00e9rentes, un avenir commun\u201d, vise \u00e0 promouvoir le dialogue interreligieux et interculturel, ainsi qu\u2019\u00e0 consolider les valeurs &hellip;","og_url":"https:\/\/dpress.ma\/fr\/2026\/04\/24\/la-1ere-edition-des-dialogues-pluriels-ouvre-a-casablanca-un-espace-dechange-autour-du-vivre-ensemble\/","og_site_name":"Dpress.ma\/fr","article_published_time":"2026-04-24T10:59:06+00:00","article_modified_time":"2026-04-24T10:59:08+00:00","og_image":[{"width":2539,"height":1594,"url":"https:\/\/dpress.ma\/fr\/wp-content\/uploads\/sites\/2\/2026\/04\/56-7.jpg","type":"image\/jpeg"}],"author":"Dpress.ma","twitter_card":"summary_large_image","twitter_misc":{"\u00c9crit par":"Dpress.ma","Dur\u00e9e de lecture estim\u00e9e":"2 minutes"},"schema":{"@context":"https:\/\/schema.org","@graph":[{"@type":"Article","@id":"https:\/\/dpress.ma\/fr\/2026\/04\/24\/la-1ere-edition-des-dialogues-pluriels-ouvre-a-casablanca-un-espace-dechange-autour-du-vivre-ensemble\/#article","isPartOf":{"@id":"https:\/\/dpress.ma\/fr\/2026\/04\/24\/la-1ere-edition-des-dialogues-pluriels-ouvre-a-casablanca-un-espace-dechange-autour-du-vivre-ensemble\/"},"author":{"name":"Dpress.ma","@id":"https:\/\/dpress.ma\/fr\/#\/schema\/person\/4898febf3ccd59e6578d838656a306a0"},"headline":"La 1\u00e8re \u00e9dition des \u201cDialogues pluriels\u201d ouvre \u00e0 Casablanca un espace d\u2019\u00e9change autour du vivre-ensemble","datePublished":"2026-04-24T10:59:06+00:00","dateModified":"2026-04-24T10:59:08+00:00","mainEntityOfPage":{"@id":"https:\/\/dpress.ma\/fr\/2026\/04\/24\/la-1ere-edition-des-dialogues-pluriels-ouvre-a-casablanca-un-espace-dechange-autour-du-vivre-ensemble\/"},"wordCount":376,"commentCount":0,"image":{"@id":"https:\/\/dpress.ma\/fr\/2026\/04\/24\/la-1ere-edition-des-dialogues-pluriels-ouvre-a-casablanca-un-espace-dechange-autour-du-vivre-ensemble\/#primaryimage"},"thumbnailUrl":"https:\/\/dpress.ma\/fr\/wp-content\/uploads\/sites\/2\/2026\/04\/56-7.jpg","articleSection":["societe et regions"],"inLanguage":"fr-FR","potentialAction":[{"@type":"CommentAction","name":"Comment","target":["https:\/\/dpress.ma\/fr\/2026\/04\/24\/la-1ere-edition-des-dialogues-pluriels-ouvre-a-casablanca-un-espace-dechange-autour-du-vivre-ensemble\/#respond"]}]},{"@type":"WebPage","@id":"https:\/\/dpress.ma\/fr\/2026\/04\/24\/la-1ere-edition-des-dialogues-pluriels-ouvre-a-casablanca-un-espace-dechange-autour-du-vivre-ensemble\/","url":"https:\/\/dpress.ma\/fr\/2026\/04\/24\/la-1ere-edition-des-dialogues-pluriels-ouvre-a-casablanca-un-espace-dechange-autour-du-vivre-ensemble\/","name":"La 1\u00e8re \u00e9dition des \u201cDialogues pluriels\u201d ouvre \u00e0 Casablanca un espace d\u2019\u00e9change autour du vivre-ensemble - Dpress.ma\/fr","isPartOf":{"@id":"https:\/\/dpress.ma\/fr\/#website"},"primaryImageOfPage":{"@id":"https:\/\/dpress.ma\/fr\/2026\/04\/24\/la-1ere-edition-des-dialogues-pluriels-ouvre-a-casablanca-un-espace-dechange-autour-du-vivre-ensemble\/#primaryimage"},"image":{"@id":"https:\/\/dpress.ma\/fr\/2026\/04\/24\/la-1ere-edition-des-dialogues-pluriels-ouvre-a-casablanca-un-espace-dechange-autour-du-vivre-ensemble\/#primaryimage"},"thumbnailUrl":"https:\/\/dpress.ma\/fr\/wp-content\/uploads\/sites\/2\/2026\/04\/56-7.jpg","datePublished":"2026-04-24T10:59:06+00:00","dateModified":"2026-04-24T10:59:08+00:00","author":{"@id":"https:\/\/dpress.ma\/fr\/#\/schema\/person\/4898febf3ccd59e6578d838656a306a0"},"breadcrumb":{"@id":"https:\/\/dpress.ma\/fr\/2026\/04\/24\/la-1ere-edition-des-dialogues-pluriels-ouvre-a-casablanca-un-espace-dechange-autour-du-vivre-ensemble\/#breadcrumb"},"inLanguage":"fr-FR","potentialAction":[{"@type":"ReadAction","target":["https:\/\/dpress.ma\/fr\/2026\/04\/24\/la-1ere-edition-des-dialogues-pluriels-ouvre-a-casablanca-un-espace-dechange-autour-du-vivre-ensemble\/"]}]},{"@type":"ImageObject","inLanguage":"fr-FR","@id":"https:\/\/dpress.ma\/fr\/2026\/04\/24\/la-1ere-edition-des-dialogues-pluriels-ouvre-a-casablanca-un-espace-dechange-autour-du-vivre-ensemble\/#primaryimage","url":"https:\/\/dpress.ma\/fr\/wp-content\/uploads\/sites\/2\/2026\/04\/56-7.jpg","contentUrl":"https:\/\/dpress.ma\/fr\/wp-content\/uploads\/sites\/2\/2026\/04\/56-7.jpg","width":2539,"height":1594},{"@type":"BreadcrumbList","@id":"https:\/\/dpress.ma\/fr\/2026\/04\/24\/la-1ere-edition-des-dialogues-pluriels-ouvre-a-casablanca-un-espace-dechange-autour-du-vivre-ensemble\/#breadcrumb","itemListElement":[{"@type":"ListItem","position":1,"name":"Home","item":"https:\/\/dpress.ma\/fr\/"},{"@type":"ListItem","position":2,"name":"La 1\u00e8re \u00e9dition des \u201cDialogues pluriels\u201d ouvre \u00e0 Casablanca un espace d\u2019\u00e9change autour du vivre-ensemble"}]},{"@type":"WebSite","@id":"https:\/\/dpress.ma\/fr\/#website","url":"https:\/\/dpress.ma\/fr\/","name":"Dpress.ma\/fr","description":"","potentialAction":[{"@type":"SearchAction","target":{"@type":"EntryPoint","urlTemplate":"https:\/\/dpress.ma\/fr\/?s={search_term_string}"},"query-input":{"@type":"PropertyValueSpecification","valueRequired":true,"valueName":"search_term_string"}}],"inLanguage":"fr-FR"},{"@type":"Person","@id":"https:\/\/dpress.ma\/fr\/#\/schema\/person\/4898febf3ccd59e6578d838656a306a0","name":"Dpress.ma","image":{"@type":"ImageObject","inLanguage":"fr-FR","@id":"https:\/\/secure.gravatar.com\/avatar\/72ecc30e9db047a2e0e7176561eb9d564ed77c8108376495b19bd8336405198a?s=96&d=mm&r=g","url":"https:\/\/secure.gravatar.com\/avatar\/72ecc30e9db047a2e0e7176561eb9d564ed77c8108376495b19bd8336405198a?s=96&d=mm&r=g","contentUrl":"https:\/\/secure.gravatar.com\/avatar\/72ecc30e9db047a2e0e7176561eb9d564ed77c8108376495b19bd8336405198a?s=96&d=mm&r=g","caption":"Dpress.ma"},"sameAs":["https:\/\/www.dpress.ma"],"url":"https:\/\/dpress.ma\/fr\/author\/dpress-ma\/"}]}},"amp_enabled":true,"_links":{"self":[{"href":"https:\/\/dpress.ma\/fr\/wp-json\/wp\/v2\/posts\/29287","targetHints":{"allow":["GET"]}}],"collection":[{"href":"https:\/\/dpress.ma\/fr\/wp-json\/wp\/v2\/posts"}],"about":[{"href":"https:\/\/dpress.ma\/fr\/wp-json\/wp\/v2\/types\/post"}],"author":[{"embeddable":true,"href":"https:\/\/dpress.ma\/fr\/wp-json\/wp\/v2\/users\/2"}],"replies":[{"embeddable":true,"href":"https:\/\/dpress.ma\/fr\/wp-json\/wp\/v2\/comments?post=29287"}],"version-history":[{"count":1,"href":"https:\/\/dpress.ma\/fr\/wp-json\/wp\/v2\/posts\/29287\/revisions"}],"predecessor-version":[{"id":29289,"href":"https:\/\/dpress.ma\/fr\/wp-json\/wp\/v2\/posts\/29287\/revisions\/29289"}],"wp:featuredmedia":[{"embeddable":true,"href":"https:\/\/dpress.ma\/fr\/wp-json\/wp\/v2\/media\/29288"}],"wp:attachment":[{"href":"https:\/\/dpress.ma\/fr\/wp-json\/wp\/v2\/media?parent=29287"}],"wp:term":[{"taxonomy":"category","embeddable":true,"href":"https:\/\/dpress.ma\/fr\/wp-json\/wp\/v2\/categories?post=29287"},{"taxonomy":"post_tag","embeddable":true,"href":"https:\/\/dpress.ma\/fr\/wp-json\/wp\/v2\/tags?post=29287"}],"curies":[{"name":"wp","href":"https:\/\/api.w.org\/{rel}","templated":true}]}}