{"id":2920,"date":"2022-12-14T10:42:03","date_gmt":"2022-12-14T10:42:03","guid":{"rendered":"https:\/\/dpress.ma\/fr\/?p=2920"},"modified":"2022-12-14T10:42:05","modified_gmt":"2022-12-14T10:42:05","slug":"mondial-contre-la-france-herve-renard-soutient-le-maroc-pays-qui-la-marque","status":"publish","type":"post","link":"https:\/\/dpress.ma\/fr\/2022\/12\/14\/mondial-contre-la-france-herve-renard-soutient-le-maroc-pays-qui-la-marque\/","title":{"rendered":"Mondial: Contre la France, Herv\u00e9 Renard soutient le Maroc, pays qui l\u2019a marqu\u00e9"},"content":{"rendered":"\n<p>Dpress<\/p>\n\n\n\n<p>L\u2019ancien s\u00e9lectionneur des Lions de l\u2019Atlas, le Fran\u00e7ais Herv\u00e9 Renard, a d\u00e9clar\u00e9 mardi, que lors de la demi-finale contre la France, il soutiendra le Maroc, pays qui l&rsquo;a marqu\u00e9.<\/p>\n\n\n\n<p>\u201cJe suis fran\u00e7ais, je suis n\u00e9 en France, j&rsquo;ai un passeport fran\u00e7ais, mais demain, je suis d\u00e9sol\u00e9 je supporterai l&rsquo;\u00e9quipe du Maroc, parce que ce pays m&rsquo;a marqu\u00e9 et les gens m\u2019ont port\u00e9 de l&rsquo;amour \u00e0 un point que vous ne pouvez m\u00eame pas imaginer\u201d, a-t-il affirm\u00e9 au micro de RMC sport.<\/p>\n\n\n\n<p>\u201cJ&rsquo;ai re\u00e7u tellement de choses que je partage un peu leur joie aujourd&rsquo;hui (&#8230;). Je leur souhaite le meilleur du monde pour demain\u201d, a-t-il ajout\u00e9.<\/p>\n\n\n\n<p>Il affirme avoir v\u00e9cu au Maroc une \u201caventure fantastique\u201d avec un groupe de joueurs dans un pays qui \u00ab\u00a0adore le football\u00a0\u00bb, soulignant qu\u2019aujourd&rsquo;hui, \u201cla terre tremble au Maroc, tellement ils sont fiers et ils le m\u00e9ritent\u201d parce que il y a \u201cune telle passion\u00a0\u00bb et qui constitue aujourd&rsquo;hui une r\u00e9compense \u00ab\u00a0exceptionnelle\u201d.<\/p>\n\n\n\n<p>La performance des Lions de l\u2019Atlas durant cette Coupe du monde, en devenant la premi\u00e8re s\u00e9lection africaine et arabe \u00e0 se qualifier pour le dernier carr\u00e9, constitue, aux yeux d\u2019Herv\u00e9 Renard, \u201cune grande r\u00e9compense\u201d pour le continent africain, estimant que les Lions de l\u2019Atlas \u201cvont donner un \u00e9lan exceptionnel pour les autres nations africaines, qui doivent certainement croire plus en elles aujourd&rsquo;hui\u201d.<\/p>\n\n\n\n<p>Selon lui, cette Coupe du Monde au Qatar restera comme quelque chose de magnifique pour les peuples marocain et africain.<\/p>\n","protected":false},"excerpt":{"rendered":"<p>Dpress L\u2019ancien s\u00e9lectionneur des Lions de l\u2019Atlas, le Fran\u00e7ais Herv\u00e9 Renard, a d\u00e9clar\u00e9 mardi, que lors de la demi-finale contre la France, il soutiendra le Maroc, pays qui l&rsquo;a marqu\u00e9. \u201cJe suis fran\u00e7ais, je suis n\u00e9 en France, j&rsquo;ai un passeport fran\u00e7ais, mais demain, je suis d\u00e9sol\u00e9 je supporterai l&rsquo;\u00e9quipe du Maroc, parce que ce &hellip;<\/p>\n","protected":false},"author":2,"featured_media":2921,"comment_status":"open","ping_status":"open","sticky":false,"template":"","format":"standard","meta":{"footnotes":""},"categories":[27],"tags":[],"class_list":["post-2920","post","type-post","status-publish","format-standard","has-post-thumbnail","hentry","category-sport"],"yoast_head":"<!-- This site is optimized with the Yoast SEO plugin v27.5 - https:\/\/yoast.com\/product\/yoast-seo-wordpress\/ -->\n<title>Mondial: Contre la France, Herv\u00e9 Renard soutient le Maroc, pays qui l\u2019a marqu\u00e9 - Dpress.ma\/fr<\/title>\n<meta name=\"description\" content=\"\u2019L&#039;ancien s\u00e9lectionneur des Lions de l\u2019Atlas, le Fran\u00e7ais Herv\u00e9 Renard, a d\u00e9clar\u00e9 mardi, que lors de la demi-\" \/>\n<meta name=\"robots\" content=\"index, follow, max-snippet:-1, max-image-preview:large, max-video-preview:-1\" \/>\n<link rel=\"canonical\" href=\"https:\/\/dpress.ma\/fr\/2022\/12\/14\/mondial-contre-la-france-herve-renard-soutient-le-maroc-pays-qui-la-marque\/\" \/>\n<meta property=\"og:locale\" content=\"fr_FR\" \/>\n<meta property=\"og:type\" content=\"article\" \/>\n<meta property=\"og:title\" content=\"Mondial: Contre la France, Herv\u00e9 Renard soutient le Maroc, pays qui l\u2019a marqu\u00e9 - Dpress.ma\/fr\" \/>\n<meta property=\"og:description\" content=\"\u2019L&#039;ancien s\u00e9lectionneur des Lions de l\u2019Atlas, le Fran\u00e7ais Herv\u00e9 Renard, a d\u00e9clar\u00e9 mardi, que lors de la demi-\" \/>\n<meta property=\"og:url\" content=\"https:\/\/dpress.ma\/fr\/2022\/12\/14\/mondial-contre-la-france-herve-renard-soutient-le-maroc-pays-qui-la-marque\/\" \/>\n<meta property=\"og:site_name\" content=\"Dpress.ma\/fr\" \/>\n<meta property=\"article:published_time\" content=\"2022-12-14T10:42:03+00:00\" \/>\n<meta property=\"article:modified_time\" content=\"2022-12-14T10:42:05+00:00\" \/>\n<meta property=\"og:image\" content=\"https:\/\/dpress.ma\/fr\/wp-content\/uploads\/sites\/2\/2022\/12\/dimensions2-55.jpg\" \/>\n\t<meta property=\"og:image:width\" content=\"2539\" \/>\n\t<meta property=\"og:image:height\" content=\"1594\" \/>\n\t<meta property=\"og:image:type\" content=\"image\/jpeg\" \/>\n<meta name=\"author\" content=\"Dpress.ma\" \/>\n<meta name=\"twitter:card\" content=\"summary_large_image\" \/>\n<meta name=\"twitter:label1\" content=\"\u00c9crit par\" \/>\n\t<meta name=\"twitter:data1\" content=\"Dpress.ma\" \/>\n\t<meta name=\"twitter:label2\" content=\"Dur\u00e9e de lecture estim\u00e9e\" \/>\n\t<meta name=\"twitter:data2\" content=\"2 minutes\" \/>\n<script type=\"application\/ld+json\" class=\"yoast-schema-graph\">{\"@context\":\"https:\\\/\\\/schema.org\",\"@graph\":[{\"@type\":\"Article\",\"@id\":\"https:\\\/\\\/dpress.ma\\\/fr\\\/2022\\\/12\\\/14\\\/mondial-contre-la-france-herve-renard-soutient-le-maroc-pays-qui-la-marque\\\/#article\",\"isPartOf\":{\"@id\":\"https:\\\/\\\/dpress.ma\\\/fr\\\/2022\\\/12\\\/14\\\/mondial-contre-la-france-herve-renard-soutient-le-maroc-pays-qui-la-marque\\\/\"},\"author\":{\"name\":\"Dpress.ma\",\"@id\":\"https:\\\/\\\/dpress.ma\\\/fr\\\/#\\\/schema\\\/person\\\/4898febf3ccd59e6578d838656a306a0\"},\"headline\":\"Mondial: Contre la France, Herv\u00e9 Renard soutient le Maroc, pays qui l\u2019a marqu\u00e9\",\"datePublished\":\"2022-12-14T10:42:03+00:00\",\"dateModified\":\"2022-12-14T10:42:05+00:00\",\"mainEntityOfPage\":{\"@id\":\"https:\\\/\\\/dpress.ma\\\/fr\\\/2022\\\/12\\\/14\\\/mondial-contre-la-france-herve-renard-soutient-le-maroc-pays-qui-la-marque\\\/\"},\"wordCount\":273,\"commentCount\":0,\"image\":{\"@id\":\"https:\\\/\\\/dpress.ma\\\/fr\\\/2022\\\/12\\\/14\\\/mondial-contre-la-france-herve-renard-soutient-le-maroc-pays-qui-la-marque\\\/#primaryimage\"},\"thumbnailUrl\":\"https:\\\/\\\/dpress.ma\\\/fr\\\/wp-content\\\/uploads\\\/sites\\\/2\\\/2022\\\/12\\\/dimensions2-55.jpg\",\"articleSection\":[\"Sport\"],\"inLanguage\":\"fr-FR\",\"potentialAction\":[{\"@type\":\"CommentAction\",\"name\":\"Comment\",\"target\":[\"https:\\\/\\\/dpress.ma\\\/fr\\\/2022\\\/12\\\/14\\\/mondial-contre-la-france-herve-renard-soutient-le-maroc-pays-qui-la-marque\\\/#respond\"]}]},{\"@type\":\"WebPage\",\"@id\":\"https:\\\/\\\/dpress.ma\\\/fr\\\/2022\\\/12\\\/14\\\/mondial-contre-la-france-herve-renard-soutient-le-maroc-pays-qui-la-marque\\\/\",\"url\":\"https:\\\/\\\/dpress.ma\\\/fr\\\/2022\\\/12\\\/14\\\/mondial-contre-la-france-herve-renard-soutient-le-maroc-pays-qui-la-marque\\\/\",\"name\":\"Mondial: Contre la France, Herv\u00e9 Renard soutient le Maroc, pays qui l\u2019a marqu\u00e9 - Dpress.ma\\\/fr\",\"isPartOf\":{\"@id\":\"https:\\\/\\\/dpress.ma\\\/fr\\\/#website\"},\"primaryImageOfPage\":{\"@id\":\"https:\\\/\\\/dpress.ma\\\/fr\\\/2022\\\/12\\\/14\\\/mondial-contre-la-france-herve-renard-soutient-le-maroc-pays-qui-la-marque\\\/#primaryimage\"},\"image\":{\"@id\":\"https:\\\/\\\/dpress.ma\\\/fr\\\/2022\\\/12\\\/14\\\/mondial-contre-la-france-herve-renard-soutient-le-maroc-pays-qui-la-marque\\\/#primaryimage\"},\"thumbnailUrl\":\"https:\\\/\\\/dpress.ma\\\/fr\\\/wp-content\\\/uploads\\\/sites\\\/2\\\/2022\\\/12\\\/dimensions2-55.jpg\",\"datePublished\":\"2022-12-14T10:42:03+00:00\",\"dateModified\":\"2022-12-14T10:42:05+00:00\",\"author\":{\"@id\":\"https:\\\/\\\/dpress.ma\\\/fr\\\/#\\\/schema\\\/person\\\/4898febf3ccd59e6578d838656a306a0\"},\"description\":\"\u2019L'ancien s\u00e9lectionneur des Lions de l\u2019Atlas, le Fran\u00e7ais Herv\u00e9 Renard, a d\u00e9clar\u00e9 mardi, que lors de la demi-\",\"breadcrumb\":{\"@id\":\"https:\\\/\\\/dpress.ma\\\/fr\\\/2022\\\/12\\\/14\\\/mondial-contre-la-france-herve-renard-soutient-le-maroc-pays-qui-la-marque\\\/#breadcrumb\"},\"inLanguage\":\"fr-FR\",\"potentialAction\":[{\"@type\":\"ReadAction\",\"target\":[\"https:\\\/\\\/dpress.ma\\\/fr\\\/2022\\\/12\\\/14\\\/mondial-contre-la-france-herve-renard-soutient-le-maroc-pays-qui-la-marque\\\/\"]}]},{\"@type\":\"ImageObject\",\"inLanguage\":\"fr-FR\",\"@id\":\"https:\\\/\\\/dpress.ma\\\/fr\\\/2022\\\/12\\\/14\\\/mondial-contre-la-france-herve-renard-soutient-le-maroc-pays-qui-la-marque\\\/#primaryimage\",\"url\":\"https:\\\/\\\/dpress.ma\\\/fr\\\/wp-content\\\/uploads\\\/sites\\\/2\\\/2022\\\/12\\\/dimensions2-55.jpg\",\"contentUrl\":\"https:\\\/\\\/dpress.ma\\\/fr\\\/wp-content\\\/uploads\\\/sites\\\/2\\\/2022\\\/12\\\/dimensions2-55.jpg\",\"width\":2539,\"height\":1594},{\"@type\":\"BreadcrumbList\",\"@id\":\"https:\\\/\\\/dpress.ma\\\/fr\\\/2022\\\/12\\\/14\\\/mondial-contre-la-france-herve-renard-soutient-le-maroc-pays-qui-la-marque\\\/#breadcrumb\",\"itemListElement\":[{\"@type\":\"ListItem\",\"position\":1,\"name\":\"Home\",\"item\":\"https:\\\/\\\/dpress.ma\\\/fr\\\/\"},{\"@type\":\"ListItem\",\"position\":2,\"name\":\"Mondial: Contre la France, Herv\u00e9 Renard soutient le Maroc, pays qui l\u2019a marqu\u00e9\"}]},{\"@type\":\"WebSite\",\"@id\":\"https:\\\/\\\/dpress.ma\\\/fr\\\/#website\",\"url\":\"https:\\\/\\\/dpress.ma\\\/fr\\\/\",\"name\":\"Dpress.ma\\\/fr\",\"description\":\"\",\"potentialAction\":[{\"@type\":\"SearchAction\",\"target\":{\"@type\":\"EntryPoint\",\"urlTemplate\":\"https:\\\/\\\/dpress.ma\\\/fr\\\/?s={search_term_string}\"},\"query-input\":{\"@type\":\"PropertyValueSpecification\",\"valueRequired\":true,\"valueName\":\"search_term_string\"}}],\"inLanguage\":\"fr-FR\"},{\"@type\":\"Person\",\"@id\":\"https:\\\/\\\/dpress.ma\\\/fr\\\/#\\\/schema\\\/person\\\/4898febf3ccd59e6578d838656a306a0\",\"name\":\"Dpress.ma\",\"image\":{\"@type\":\"ImageObject\",\"inLanguage\":\"fr-FR\",\"@id\":\"https:\\\/\\\/secure.gravatar.com\\\/avatar\\\/72ecc30e9db047a2e0e7176561eb9d564ed77c8108376495b19bd8336405198a?s=96&d=mm&r=g\",\"url\":\"https:\\\/\\\/secure.gravatar.com\\\/avatar\\\/72ecc30e9db047a2e0e7176561eb9d564ed77c8108376495b19bd8336405198a?s=96&d=mm&r=g\",\"contentUrl\":\"https:\\\/\\\/secure.gravatar.com\\\/avatar\\\/72ecc30e9db047a2e0e7176561eb9d564ed77c8108376495b19bd8336405198a?s=96&d=mm&r=g\",\"caption\":\"Dpress.ma\"},\"sameAs\":[\"https:\\\/\\\/www.dpress.ma\"],\"url\":\"https:\\\/\\\/dpress.ma\\\/fr\\\/author\\\/dpress-ma\\\/\"}]}<\/script>\n<!-- \/ Yoast SEO plugin. -->","yoast_head_json":{"title":"Mondial: Contre la France, Herv\u00e9 Renard soutient le Maroc, pays qui l\u2019a marqu\u00e9 - Dpress.ma\/fr","description":"\u2019L'ancien s\u00e9lectionneur des Lions de l\u2019Atlas, le Fran\u00e7ais Herv\u00e9 Renard, a d\u00e9clar\u00e9 mardi, que lors de la demi-","robots":{"index":"index","follow":"follow","max-snippet":"max-snippet:-1","max-image-preview":"max-image-preview:large","max-video-preview":"max-video-preview:-1"},"canonical":"https:\/\/dpress.ma\/fr\/2022\/12\/14\/mondial-contre-la-france-herve-renard-soutient-le-maroc-pays-qui-la-marque\/","og_locale":"fr_FR","og_type":"article","og_title":"Mondial: Contre la France, Herv\u00e9 Renard soutient le Maroc, pays qui l\u2019a marqu\u00e9 - Dpress.ma\/fr","og_description":"\u2019L'ancien s\u00e9lectionneur des Lions de l\u2019Atlas, le Fran\u00e7ais Herv\u00e9 Renard, a d\u00e9clar\u00e9 mardi, que lors de la demi-","og_url":"https:\/\/dpress.ma\/fr\/2022\/12\/14\/mondial-contre-la-france-herve-renard-soutient-le-maroc-pays-qui-la-marque\/","og_site_name":"Dpress.ma\/fr","article_published_time":"2022-12-14T10:42:03+00:00","article_modified_time":"2022-12-14T10:42:05+00:00","og_image":[{"width":2539,"height":1594,"url":"https:\/\/dpress.ma\/fr\/wp-content\/uploads\/sites\/2\/2022\/12\/dimensions2-55.jpg","type":"image\/jpeg"}],"author":"Dpress.ma","twitter_card":"summary_large_image","twitter_misc":{"\u00c9crit par":"Dpress.ma","Dur\u00e9e de lecture estim\u00e9e":"2 minutes"},"schema":{"@context":"https:\/\/schema.org","@graph":[{"@type":"Article","@id":"https:\/\/dpress.ma\/fr\/2022\/12\/14\/mondial-contre-la-france-herve-renard-soutient-le-maroc-pays-qui-la-marque\/#article","isPartOf":{"@id":"https:\/\/dpress.ma\/fr\/2022\/12\/14\/mondial-contre-la-france-herve-renard-soutient-le-maroc-pays-qui-la-marque\/"},"author":{"name":"Dpress.ma","@id":"https:\/\/dpress.ma\/fr\/#\/schema\/person\/4898febf3ccd59e6578d838656a306a0"},"headline":"Mondial: Contre la France, Herv\u00e9 Renard soutient le Maroc, pays qui l\u2019a marqu\u00e9","datePublished":"2022-12-14T10:42:03+00:00","dateModified":"2022-12-14T10:42:05+00:00","mainEntityOfPage":{"@id":"https:\/\/dpress.ma\/fr\/2022\/12\/14\/mondial-contre-la-france-herve-renard-soutient-le-maroc-pays-qui-la-marque\/"},"wordCount":273,"commentCount":0,"image":{"@id":"https:\/\/dpress.ma\/fr\/2022\/12\/14\/mondial-contre-la-france-herve-renard-soutient-le-maroc-pays-qui-la-marque\/#primaryimage"},"thumbnailUrl":"https:\/\/dpress.ma\/fr\/wp-content\/uploads\/sites\/2\/2022\/12\/dimensions2-55.jpg","articleSection":["Sport"],"inLanguage":"fr-FR","potentialAction":[{"@type":"CommentAction","name":"Comment","target":["https:\/\/dpress.ma\/fr\/2022\/12\/14\/mondial-contre-la-france-herve-renard-soutient-le-maroc-pays-qui-la-marque\/#respond"]}]},{"@type":"WebPage","@id":"https:\/\/dpress.ma\/fr\/2022\/12\/14\/mondial-contre-la-france-herve-renard-soutient-le-maroc-pays-qui-la-marque\/","url":"https:\/\/dpress.ma\/fr\/2022\/12\/14\/mondial-contre-la-france-herve-renard-soutient-le-maroc-pays-qui-la-marque\/","name":"Mondial: Contre la France, Herv\u00e9 Renard soutient le Maroc, pays qui l\u2019a marqu\u00e9 - Dpress.ma\/fr","isPartOf":{"@id":"https:\/\/dpress.ma\/fr\/#website"},"primaryImageOfPage":{"@id":"https:\/\/dpress.ma\/fr\/2022\/12\/14\/mondial-contre-la-france-herve-renard-soutient-le-maroc-pays-qui-la-marque\/#primaryimage"},"image":{"@id":"https:\/\/dpress.ma\/fr\/2022\/12\/14\/mondial-contre-la-france-herve-renard-soutient-le-maroc-pays-qui-la-marque\/#primaryimage"},"thumbnailUrl":"https:\/\/dpress.ma\/fr\/wp-content\/uploads\/sites\/2\/2022\/12\/dimensions2-55.jpg","datePublished":"2022-12-14T10:42:03+00:00","dateModified":"2022-12-14T10:42:05+00:00","author":{"@id":"https:\/\/dpress.ma\/fr\/#\/schema\/person\/4898febf3ccd59e6578d838656a306a0"},"description":"\u2019L'ancien s\u00e9lectionneur des Lions de l\u2019Atlas, le Fran\u00e7ais Herv\u00e9 Renard, a d\u00e9clar\u00e9 mardi, que lors de la demi-","breadcrumb":{"@id":"https:\/\/dpress.ma\/fr\/2022\/12\/14\/mondial-contre-la-france-herve-renard-soutient-le-maroc-pays-qui-la-marque\/#breadcrumb"},"inLanguage":"fr-FR","potentialAction":[{"@type":"ReadAction","target":["https:\/\/dpress.ma\/fr\/2022\/12\/14\/mondial-contre-la-france-herve-renard-soutient-le-maroc-pays-qui-la-marque\/"]}]},{"@type":"ImageObject","inLanguage":"fr-FR","@id":"https:\/\/dpress.ma\/fr\/2022\/12\/14\/mondial-contre-la-france-herve-renard-soutient-le-maroc-pays-qui-la-marque\/#primaryimage","url":"https:\/\/dpress.ma\/fr\/wp-content\/uploads\/sites\/2\/2022\/12\/dimensions2-55.jpg","contentUrl":"https:\/\/dpress.ma\/fr\/wp-content\/uploads\/sites\/2\/2022\/12\/dimensions2-55.jpg","width":2539,"height":1594},{"@type":"BreadcrumbList","@id":"https:\/\/dpress.ma\/fr\/2022\/12\/14\/mondial-contre-la-france-herve-renard-soutient-le-maroc-pays-qui-la-marque\/#breadcrumb","itemListElement":[{"@type":"ListItem","position":1,"name":"Home","item":"https:\/\/dpress.ma\/fr\/"},{"@type":"ListItem","position":2,"name":"Mondial: Contre la France, Herv\u00e9 Renard soutient le Maroc, pays qui l\u2019a marqu\u00e9"}]},{"@type":"WebSite","@id":"https:\/\/dpress.ma\/fr\/#website","url":"https:\/\/dpress.ma\/fr\/","name":"Dpress.ma\/fr","description":"","potentialAction":[{"@type":"SearchAction","target":{"@type":"EntryPoint","urlTemplate":"https:\/\/dpress.ma\/fr\/?s={search_term_string}"},"query-input":{"@type":"PropertyValueSpecification","valueRequired":true,"valueName":"search_term_string"}}],"inLanguage":"fr-FR"},{"@type":"Person","@id":"https:\/\/dpress.ma\/fr\/#\/schema\/person\/4898febf3ccd59e6578d838656a306a0","name":"Dpress.ma","image":{"@type":"ImageObject","inLanguage":"fr-FR","@id":"https:\/\/secure.gravatar.com\/avatar\/72ecc30e9db047a2e0e7176561eb9d564ed77c8108376495b19bd8336405198a?s=96&d=mm&r=g","url":"https:\/\/secure.gravatar.com\/avatar\/72ecc30e9db047a2e0e7176561eb9d564ed77c8108376495b19bd8336405198a?s=96&d=mm&r=g","contentUrl":"https:\/\/secure.gravatar.com\/avatar\/72ecc30e9db047a2e0e7176561eb9d564ed77c8108376495b19bd8336405198a?s=96&d=mm&r=g","caption":"Dpress.ma"},"sameAs":["https:\/\/www.dpress.ma"],"url":"https:\/\/dpress.ma\/fr\/author\/dpress-ma\/"}]}},"amp_enabled":true,"_links":{"self":[{"href":"https:\/\/dpress.ma\/fr\/wp-json\/wp\/v2\/posts\/2920","targetHints":{"allow":["GET"]}}],"collection":[{"href":"https:\/\/dpress.ma\/fr\/wp-json\/wp\/v2\/posts"}],"about":[{"href":"https:\/\/dpress.ma\/fr\/wp-json\/wp\/v2\/types\/post"}],"author":[{"embeddable":true,"href":"https:\/\/dpress.ma\/fr\/wp-json\/wp\/v2\/users\/2"}],"replies":[{"embeddable":true,"href":"https:\/\/dpress.ma\/fr\/wp-json\/wp\/v2\/comments?post=2920"}],"version-history":[{"count":1,"href":"https:\/\/dpress.ma\/fr\/wp-json\/wp\/v2\/posts\/2920\/revisions"}],"predecessor-version":[{"id":2922,"href":"https:\/\/dpress.ma\/fr\/wp-json\/wp\/v2\/posts\/2920\/revisions\/2922"}],"wp:featuredmedia":[{"embeddable":true,"href":"https:\/\/dpress.ma\/fr\/wp-json\/wp\/v2\/media\/2921"}],"wp:attachment":[{"href":"https:\/\/dpress.ma\/fr\/wp-json\/wp\/v2\/media?parent=2920"}],"wp:term":[{"taxonomy":"category","embeddable":true,"href":"https:\/\/dpress.ma\/fr\/wp-json\/wp\/v2\/categories?post=2920"},{"taxonomy":"post_tag","embeddable":true,"href":"https:\/\/dpress.ma\/fr\/wp-json\/wp\/v2\/tags?post=2920"}],"curies":[{"name":"wp","href":"https:\/\/api.w.org\/{rel}","templated":true}]}}