{"id":2917,"date":"2022-12-14T10:36:38","date_gmt":"2022-12-14T10:36:38","guid":{"rendered":"https:\/\/dpress.ma\/fr\/?p=2917"},"modified":"2022-12-14T10:36:39","modified_gmt":"2022-12-14T10:36:39","slug":"mondial-qatar-2022-lacademie-mohammed-vi-de-football-cle-du-succes-de-la-selection-marocaine-fifa","status":"publish","type":"post","link":"https:\/\/dpress.ma\/fr\/2022\/12\/14\/mondial-qatar-2022-lacademie-mohammed-vi-de-football-cle-du-succes-de-la-selection-marocaine-fifa\/","title":{"rendered":"Mondial Qatar-2022: l\u2019Acad\u00e9mie Mohammed VI de football, cl\u00e9 du succ\u00e8s de la s\u00e9lection marocaine (FIFA)"},"content":{"rendered":"\n<p>Dpress<\/p>\n\n\n\n<p>&nbsp;L\u2019Acad\u00e9mie Mohammed VI de football est la cl\u00e9 de la r\u00e9ussite de la s\u00e9lection marocaine au Mondial (Qatar-2022), \u00e9crit la F\u00e9d\u00e9ration internationale de football (FIFA).<\/p>\n\n\n\n<p>Sous le titre, \u201cAcad\u00e9mie Mohammed VI, cl\u00e9 du succ\u00e8s du Maroc\u201d, l\u2019instance dirigeante du football mondial indique que \u201cSM le Roi Mohammed VI a lanc\u00e9 plusieurs projets de d\u00e9veloppement dans diff\u00e9rents domaines, dont l\u2019acad\u00e9mie Mohammed VI de football, qui vise \u00e0 d\u00e9couvrir des talents dans diff\u00e9rentes r\u00e9gions du Maroc, les d\u00e9velopper, et faciliter leur transfert vers des clubs europ\u00e9ens\u201d.<\/p>\n\n\n\n<p>L\u2019\u00e9quipe nationale du Maroc a r\u00e9alis\u00e9 un exploit historique en devenant la premi\u00e8re s\u00e9lection africaine \u00e0 atteindre les demi-finales du Mondial, apr\u00e8s sa victoire face au Portugal (1-0) en quart de finale, gr\u00e2ce au but de Youssef En-Nesyri, laur\u00e9at de l\u2019acad\u00e9mie.<\/p>\n\n\n\n<p>L\u2019Acad\u00e9mie a \u00e9t\u00e9 ouverte en 2009 et un budget de 15 millions de dollars a \u00e9t\u00e9 allou\u00e9 \u00e0 sa construction. Elle a \u00e9t\u00e9 implant\u00e9e \u00e0 Sala Al Jadida, sur une superficie d\u2019environ 18 hectares, comprenant plusieurs installations sportives, sanitaires, d\u2019enseignement et des terrains de football, ajoute la m\u00eame source, pr\u00e9cisant que l\u2019Acad\u00e9mie allie sport et \u00e9tudes, soit le m\u00eame mod\u00e8le adopt\u00e9 par les \u00e9coles de formation de jeunes en Europe.<\/p>\n\n\n\n<p>Dans ce sens, la FIFA fait observer que le trio form\u00e9 d\u2019Azzedine Ounahi, Youssef En-Nesyri et Nayef Aguerd, issus de l\u2019acad\u00e9mie, sont aujourd\u2019hui les stars les plus en vue de l\u2019\u00e9quipe nationale marocaine.<\/p>\n\n\n\n<p>\u201cJe suis heureux de voir les fruits de ce projet fond\u00e9 par SM le Roi Mohammed VI. L\u2019Acad\u00e9mie supporte d\u00e9sormais toutes les \u00e9quipes nationales\u201d, a ajout\u00e9 le site, citant Nasser Larguet, ancien directeur de l\u2019Acad\u00e9mie Mohammed VI, relevant que cet exploit est \u201cune fiert\u00e9 pour nous\u201d.<\/p>\n","protected":false},"excerpt":{"rendered":"<p>Dpress &nbsp;L\u2019Acad\u00e9mie Mohammed VI de football est la cl\u00e9 de la r\u00e9ussite de la s\u00e9lection marocaine au Mondial (Qatar-2022), \u00e9crit la F\u00e9d\u00e9ration internationale de football (FIFA). Sous le titre, \u201cAcad\u00e9mie Mohammed VI, cl\u00e9 du succ\u00e8s du Maroc\u201d, l\u2019instance dirigeante du football mondial indique que \u201cSM le Roi Mohammed VI a lanc\u00e9 plusieurs projets de d\u00e9veloppement &hellip;<\/p>\n","protected":false},"author":2,"featured_media":2918,"comment_status":"open","ping_status":"open","sticky":false,"template":"","format":"standard","meta":{"footnotes":""},"categories":[27],"tags":[],"class_list":["post-2917","post","type-post","status-publish","format-standard","has-post-thumbnail","hentry","category-sport"],"yoast_head":"<!-- This site is optimized with the Yoast SEO plugin v27.5 - https:\/\/yoast.com\/product\/yoast-seo-wordpress\/ -->\n<title>Mondial Qatar-2022: l\u2019Acad\u00e9mie Mohammed VI de football, cl\u00e9 du succ\u00e8s de la s\u00e9lection marocaine (FIFA) - Dpress.ma\/fr<\/title>\n<meta name=\"description\" content=\"L\u2019Acad\u00e9mie Mohammed VI de football est la cl\u00e9 de la r\u00e9ussite de la s\u00e9lection marocaine au Mondial (Qatar-2022), \u00e9crit la F\u00e9d\u00e9ration internationale de football (FIFA).\" \/>\n<meta name=\"robots\" content=\"index, follow, max-snippet:-1, max-image-preview:large, max-video-preview:-1\" \/>\n<link rel=\"canonical\" href=\"https:\/\/dpress.ma\/fr\/2022\/12\/14\/mondial-qatar-2022-lacademie-mohammed-vi-de-football-cle-du-succes-de-la-selection-marocaine-fifa\/\" \/>\n<meta property=\"og:locale\" content=\"fr_FR\" \/>\n<meta property=\"og:type\" content=\"article\" \/>\n<meta property=\"og:title\" content=\"Mondial Qatar-2022: l\u2019Acad\u00e9mie Mohammed VI de football, cl\u00e9 du succ\u00e8s de la s\u00e9lection marocaine (FIFA) - Dpress.ma\/fr\" \/>\n<meta property=\"og:description\" content=\"L\u2019Acad\u00e9mie Mohammed VI de football est la cl\u00e9 de la r\u00e9ussite de la s\u00e9lection marocaine au Mondial (Qatar-2022), \u00e9crit la F\u00e9d\u00e9ration internationale de football (FIFA).\" \/>\n<meta property=\"og:url\" content=\"https:\/\/dpress.ma\/fr\/2022\/12\/14\/mondial-qatar-2022-lacademie-mohammed-vi-de-football-cle-du-succes-de-la-selection-marocaine-fifa\/\" \/>\n<meta property=\"og:site_name\" content=\"Dpress.ma\/fr\" \/>\n<meta property=\"article:published_time\" content=\"2022-12-14T10:36:38+00:00\" \/>\n<meta property=\"article:modified_time\" content=\"2022-12-14T10:36:39+00:00\" \/>\n<meta property=\"og:image\" content=\"https:\/\/dpress.ma\/fr\/wp-content\/uploads\/sites\/2\/2022\/12\/dimensions2-54.jpg\" \/>\n\t<meta property=\"og:image:width\" content=\"2539\" \/>\n\t<meta property=\"og:image:height\" content=\"1594\" \/>\n\t<meta property=\"og:image:type\" content=\"image\/jpeg\" \/>\n<meta name=\"author\" content=\"Dpress.ma\" \/>\n<meta name=\"twitter:card\" content=\"summary_large_image\" \/>\n<meta name=\"twitter:label1\" content=\"\u00c9crit par\" \/>\n\t<meta name=\"twitter:data1\" content=\"Dpress.ma\" \/>\n\t<meta name=\"twitter:label2\" content=\"Dur\u00e9e de lecture estim\u00e9e\" \/>\n\t<meta name=\"twitter:data2\" content=\"2 minutes\" \/>\n<script type=\"application\/ld+json\" class=\"yoast-schema-graph\">{\"@context\":\"https:\\\/\\\/schema.org\",\"@graph\":[{\"@type\":\"Article\",\"@id\":\"https:\\\/\\\/dpress.ma\\\/fr\\\/2022\\\/12\\\/14\\\/mondial-qatar-2022-lacademie-mohammed-vi-de-football-cle-du-succes-de-la-selection-marocaine-fifa\\\/#article\",\"isPartOf\":{\"@id\":\"https:\\\/\\\/dpress.ma\\\/fr\\\/2022\\\/12\\\/14\\\/mondial-qatar-2022-lacademie-mohammed-vi-de-football-cle-du-succes-de-la-selection-marocaine-fifa\\\/\"},\"author\":{\"name\":\"Dpress.ma\",\"@id\":\"https:\\\/\\\/dpress.ma\\\/fr\\\/#\\\/schema\\\/person\\\/4898febf3ccd59e6578d838656a306a0\"},\"headline\":\"Mondial Qatar-2022: l\u2019Acad\u00e9mie Mohammed VI de football, cl\u00e9 du succ\u00e8s de la s\u00e9lection marocaine (FIFA)\",\"datePublished\":\"2022-12-14T10:36:38+00:00\",\"dateModified\":\"2022-12-14T10:36:39+00:00\",\"mainEntityOfPage\":{\"@id\":\"https:\\\/\\\/dpress.ma\\\/fr\\\/2022\\\/12\\\/14\\\/mondial-qatar-2022-lacademie-mohammed-vi-de-football-cle-du-succes-de-la-selection-marocaine-fifa\\\/\"},\"wordCount\":336,\"commentCount\":0,\"image\":{\"@id\":\"https:\\\/\\\/dpress.ma\\\/fr\\\/2022\\\/12\\\/14\\\/mondial-qatar-2022-lacademie-mohammed-vi-de-football-cle-du-succes-de-la-selection-marocaine-fifa\\\/#primaryimage\"},\"thumbnailUrl\":\"https:\\\/\\\/dpress.ma\\\/fr\\\/wp-content\\\/uploads\\\/sites\\\/2\\\/2022\\\/12\\\/dimensions2-54.jpg\",\"articleSection\":[\"Sport\"],\"inLanguage\":\"fr-FR\",\"potentialAction\":[{\"@type\":\"CommentAction\",\"name\":\"Comment\",\"target\":[\"https:\\\/\\\/dpress.ma\\\/fr\\\/2022\\\/12\\\/14\\\/mondial-qatar-2022-lacademie-mohammed-vi-de-football-cle-du-succes-de-la-selection-marocaine-fifa\\\/#respond\"]}]},{\"@type\":\"WebPage\",\"@id\":\"https:\\\/\\\/dpress.ma\\\/fr\\\/2022\\\/12\\\/14\\\/mondial-qatar-2022-lacademie-mohammed-vi-de-football-cle-du-succes-de-la-selection-marocaine-fifa\\\/\",\"url\":\"https:\\\/\\\/dpress.ma\\\/fr\\\/2022\\\/12\\\/14\\\/mondial-qatar-2022-lacademie-mohammed-vi-de-football-cle-du-succes-de-la-selection-marocaine-fifa\\\/\",\"name\":\"Mondial Qatar-2022: l\u2019Acad\u00e9mie Mohammed VI de football, cl\u00e9 du succ\u00e8s de la s\u00e9lection marocaine (FIFA) - Dpress.ma\\\/fr\",\"isPartOf\":{\"@id\":\"https:\\\/\\\/dpress.ma\\\/fr\\\/#website\"},\"primaryImageOfPage\":{\"@id\":\"https:\\\/\\\/dpress.ma\\\/fr\\\/2022\\\/12\\\/14\\\/mondial-qatar-2022-lacademie-mohammed-vi-de-football-cle-du-succes-de-la-selection-marocaine-fifa\\\/#primaryimage\"},\"image\":{\"@id\":\"https:\\\/\\\/dpress.ma\\\/fr\\\/2022\\\/12\\\/14\\\/mondial-qatar-2022-lacademie-mohammed-vi-de-football-cle-du-succes-de-la-selection-marocaine-fifa\\\/#primaryimage\"},\"thumbnailUrl\":\"https:\\\/\\\/dpress.ma\\\/fr\\\/wp-content\\\/uploads\\\/sites\\\/2\\\/2022\\\/12\\\/dimensions2-54.jpg\",\"datePublished\":\"2022-12-14T10:36:38+00:00\",\"dateModified\":\"2022-12-14T10:36:39+00:00\",\"author\":{\"@id\":\"https:\\\/\\\/dpress.ma\\\/fr\\\/#\\\/schema\\\/person\\\/4898febf3ccd59e6578d838656a306a0\"},\"description\":\"L\u2019Acad\u00e9mie Mohammed VI de football est la cl\u00e9 de la r\u00e9ussite de la s\u00e9lection marocaine au Mondial (Qatar-2022), \u00e9crit la F\u00e9d\u00e9ration internationale de football (FIFA).\",\"breadcrumb\":{\"@id\":\"https:\\\/\\\/dpress.ma\\\/fr\\\/2022\\\/12\\\/14\\\/mondial-qatar-2022-lacademie-mohammed-vi-de-football-cle-du-succes-de-la-selection-marocaine-fifa\\\/#breadcrumb\"},\"inLanguage\":\"fr-FR\",\"potentialAction\":[{\"@type\":\"ReadAction\",\"target\":[\"https:\\\/\\\/dpress.ma\\\/fr\\\/2022\\\/12\\\/14\\\/mondial-qatar-2022-lacademie-mohammed-vi-de-football-cle-du-succes-de-la-selection-marocaine-fifa\\\/\"]}]},{\"@type\":\"ImageObject\",\"inLanguage\":\"fr-FR\",\"@id\":\"https:\\\/\\\/dpress.ma\\\/fr\\\/2022\\\/12\\\/14\\\/mondial-qatar-2022-lacademie-mohammed-vi-de-football-cle-du-succes-de-la-selection-marocaine-fifa\\\/#primaryimage\",\"url\":\"https:\\\/\\\/dpress.ma\\\/fr\\\/wp-content\\\/uploads\\\/sites\\\/2\\\/2022\\\/12\\\/dimensions2-54.jpg\",\"contentUrl\":\"https:\\\/\\\/dpress.ma\\\/fr\\\/wp-content\\\/uploads\\\/sites\\\/2\\\/2022\\\/12\\\/dimensions2-54.jpg\",\"width\":2539,\"height\":1594},{\"@type\":\"BreadcrumbList\",\"@id\":\"https:\\\/\\\/dpress.ma\\\/fr\\\/2022\\\/12\\\/14\\\/mondial-qatar-2022-lacademie-mohammed-vi-de-football-cle-du-succes-de-la-selection-marocaine-fifa\\\/#breadcrumb\",\"itemListElement\":[{\"@type\":\"ListItem\",\"position\":1,\"name\":\"Home\",\"item\":\"https:\\\/\\\/dpress.ma\\\/fr\\\/\"},{\"@type\":\"ListItem\",\"position\":2,\"name\":\"Mondial Qatar-2022: l\u2019Acad\u00e9mie Mohammed VI de football, cl\u00e9 du succ\u00e8s de la s\u00e9lection marocaine (FIFA)\"}]},{\"@type\":\"WebSite\",\"@id\":\"https:\\\/\\\/dpress.ma\\\/fr\\\/#website\",\"url\":\"https:\\\/\\\/dpress.ma\\\/fr\\\/\",\"name\":\"Dpress.ma\\\/fr\",\"description\":\"\",\"potentialAction\":[{\"@type\":\"SearchAction\",\"target\":{\"@type\":\"EntryPoint\",\"urlTemplate\":\"https:\\\/\\\/dpress.ma\\\/fr\\\/?s={search_term_string}\"},\"query-input\":{\"@type\":\"PropertyValueSpecification\",\"valueRequired\":true,\"valueName\":\"search_term_string\"}}],\"inLanguage\":\"fr-FR\"},{\"@type\":\"Person\",\"@id\":\"https:\\\/\\\/dpress.ma\\\/fr\\\/#\\\/schema\\\/person\\\/4898febf3ccd59e6578d838656a306a0\",\"name\":\"Dpress.ma\",\"image\":{\"@type\":\"ImageObject\",\"inLanguage\":\"fr-FR\",\"@id\":\"https:\\\/\\\/secure.gravatar.com\\\/avatar\\\/72ecc30e9db047a2e0e7176561eb9d564ed77c8108376495b19bd8336405198a?s=96&d=mm&r=g\",\"url\":\"https:\\\/\\\/secure.gravatar.com\\\/avatar\\\/72ecc30e9db047a2e0e7176561eb9d564ed77c8108376495b19bd8336405198a?s=96&d=mm&r=g\",\"contentUrl\":\"https:\\\/\\\/secure.gravatar.com\\\/avatar\\\/72ecc30e9db047a2e0e7176561eb9d564ed77c8108376495b19bd8336405198a?s=96&d=mm&r=g\",\"caption\":\"Dpress.ma\"},\"sameAs\":[\"https:\\\/\\\/www.dpress.ma\"],\"url\":\"https:\\\/\\\/dpress.ma\\\/fr\\\/author\\\/dpress-ma\\\/\"}]}<\/script>\n<!-- \/ Yoast SEO plugin. -->","yoast_head_json":{"title":"Mondial Qatar-2022: l\u2019Acad\u00e9mie Mohammed VI de football, cl\u00e9 du succ\u00e8s de la s\u00e9lection marocaine (FIFA) - Dpress.ma\/fr","description":"L\u2019Acad\u00e9mie Mohammed VI de football est la cl\u00e9 de la r\u00e9ussite de la s\u00e9lection marocaine au Mondial (Qatar-2022), \u00e9crit la F\u00e9d\u00e9ration internationale de football (FIFA).","robots":{"index":"index","follow":"follow","max-snippet":"max-snippet:-1","max-image-preview":"max-image-preview:large","max-video-preview":"max-video-preview:-1"},"canonical":"https:\/\/dpress.ma\/fr\/2022\/12\/14\/mondial-qatar-2022-lacademie-mohammed-vi-de-football-cle-du-succes-de-la-selection-marocaine-fifa\/","og_locale":"fr_FR","og_type":"article","og_title":"Mondial Qatar-2022: l\u2019Acad\u00e9mie Mohammed VI de football, cl\u00e9 du succ\u00e8s de la s\u00e9lection marocaine (FIFA) - Dpress.ma\/fr","og_description":"L\u2019Acad\u00e9mie Mohammed VI de football est la cl\u00e9 de la r\u00e9ussite de la s\u00e9lection marocaine au Mondial (Qatar-2022), \u00e9crit la F\u00e9d\u00e9ration internationale de football (FIFA).","og_url":"https:\/\/dpress.ma\/fr\/2022\/12\/14\/mondial-qatar-2022-lacademie-mohammed-vi-de-football-cle-du-succes-de-la-selection-marocaine-fifa\/","og_site_name":"Dpress.ma\/fr","article_published_time":"2022-12-14T10:36:38+00:00","article_modified_time":"2022-12-14T10:36:39+00:00","og_image":[{"width":2539,"height":1594,"url":"https:\/\/dpress.ma\/fr\/wp-content\/uploads\/sites\/2\/2022\/12\/dimensions2-54.jpg","type":"image\/jpeg"}],"author":"Dpress.ma","twitter_card":"summary_large_image","twitter_misc":{"\u00c9crit par":"Dpress.ma","Dur\u00e9e de lecture estim\u00e9e":"2 minutes"},"schema":{"@context":"https:\/\/schema.org","@graph":[{"@type":"Article","@id":"https:\/\/dpress.ma\/fr\/2022\/12\/14\/mondial-qatar-2022-lacademie-mohammed-vi-de-football-cle-du-succes-de-la-selection-marocaine-fifa\/#article","isPartOf":{"@id":"https:\/\/dpress.ma\/fr\/2022\/12\/14\/mondial-qatar-2022-lacademie-mohammed-vi-de-football-cle-du-succes-de-la-selection-marocaine-fifa\/"},"author":{"name":"Dpress.ma","@id":"https:\/\/dpress.ma\/fr\/#\/schema\/person\/4898febf3ccd59e6578d838656a306a0"},"headline":"Mondial Qatar-2022: l\u2019Acad\u00e9mie Mohammed VI de football, cl\u00e9 du succ\u00e8s de la s\u00e9lection marocaine (FIFA)","datePublished":"2022-12-14T10:36:38+00:00","dateModified":"2022-12-14T10:36:39+00:00","mainEntityOfPage":{"@id":"https:\/\/dpress.ma\/fr\/2022\/12\/14\/mondial-qatar-2022-lacademie-mohammed-vi-de-football-cle-du-succes-de-la-selection-marocaine-fifa\/"},"wordCount":336,"commentCount":0,"image":{"@id":"https:\/\/dpress.ma\/fr\/2022\/12\/14\/mondial-qatar-2022-lacademie-mohammed-vi-de-football-cle-du-succes-de-la-selection-marocaine-fifa\/#primaryimage"},"thumbnailUrl":"https:\/\/dpress.ma\/fr\/wp-content\/uploads\/sites\/2\/2022\/12\/dimensions2-54.jpg","articleSection":["Sport"],"inLanguage":"fr-FR","potentialAction":[{"@type":"CommentAction","name":"Comment","target":["https:\/\/dpress.ma\/fr\/2022\/12\/14\/mondial-qatar-2022-lacademie-mohammed-vi-de-football-cle-du-succes-de-la-selection-marocaine-fifa\/#respond"]}]},{"@type":"WebPage","@id":"https:\/\/dpress.ma\/fr\/2022\/12\/14\/mondial-qatar-2022-lacademie-mohammed-vi-de-football-cle-du-succes-de-la-selection-marocaine-fifa\/","url":"https:\/\/dpress.ma\/fr\/2022\/12\/14\/mondial-qatar-2022-lacademie-mohammed-vi-de-football-cle-du-succes-de-la-selection-marocaine-fifa\/","name":"Mondial Qatar-2022: l\u2019Acad\u00e9mie Mohammed VI de football, cl\u00e9 du succ\u00e8s de la s\u00e9lection marocaine (FIFA) - Dpress.ma\/fr","isPartOf":{"@id":"https:\/\/dpress.ma\/fr\/#website"},"primaryImageOfPage":{"@id":"https:\/\/dpress.ma\/fr\/2022\/12\/14\/mondial-qatar-2022-lacademie-mohammed-vi-de-football-cle-du-succes-de-la-selection-marocaine-fifa\/#primaryimage"},"image":{"@id":"https:\/\/dpress.ma\/fr\/2022\/12\/14\/mondial-qatar-2022-lacademie-mohammed-vi-de-football-cle-du-succes-de-la-selection-marocaine-fifa\/#primaryimage"},"thumbnailUrl":"https:\/\/dpress.ma\/fr\/wp-content\/uploads\/sites\/2\/2022\/12\/dimensions2-54.jpg","datePublished":"2022-12-14T10:36:38+00:00","dateModified":"2022-12-14T10:36:39+00:00","author":{"@id":"https:\/\/dpress.ma\/fr\/#\/schema\/person\/4898febf3ccd59e6578d838656a306a0"},"description":"L\u2019Acad\u00e9mie Mohammed VI de football est la cl\u00e9 de la r\u00e9ussite de la s\u00e9lection marocaine au Mondial (Qatar-2022), \u00e9crit la F\u00e9d\u00e9ration internationale de football (FIFA).","breadcrumb":{"@id":"https:\/\/dpress.ma\/fr\/2022\/12\/14\/mondial-qatar-2022-lacademie-mohammed-vi-de-football-cle-du-succes-de-la-selection-marocaine-fifa\/#breadcrumb"},"inLanguage":"fr-FR","potentialAction":[{"@type":"ReadAction","target":["https:\/\/dpress.ma\/fr\/2022\/12\/14\/mondial-qatar-2022-lacademie-mohammed-vi-de-football-cle-du-succes-de-la-selection-marocaine-fifa\/"]}]},{"@type":"ImageObject","inLanguage":"fr-FR","@id":"https:\/\/dpress.ma\/fr\/2022\/12\/14\/mondial-qatar-2022-lacademie-mohammed-vi-de-football-cle-du-succes-de-la-selection-marocaine-fifa\/#primaryimage","url":"https:\/\/dpress.ma\/fr\/wp-content\/uploads\/sites\/2\/2022\/12\/dimensions2-54.jpg","contentUrl":"https:\/\/dpress.ma\/fr\/wp-content\/uploads\/sites\/2\/2022\/12\/dimensions2-54.jpg","width":2539,"height":1594},{"@type":"BreadcrumbList","@id":"https:\/\/dpress.ma\/fr\/2022\/12\/14\/mondial-qatar-2022-lacademie-mohammed-vi-de-football-cle-du-succes-de-la-selection-marocaine-fifa\/#breadcrumb","itemListElement":[{"@type":"ListItem","position":1,"name":"Home","item":"https:\/\/dpress.ma\/fr\/"},{"@type":"ListItem","position":2,"name":"Mondial Qatar-2022: l\u2019Acad\u00e9mie Mohammed VI de football, cl\u00e9 du succ\u00e8s de la s\u00e9lection marocaine (FIFA)"}]},{"@type":"WebSite","@id":"https:\/\/dpress.ma\/fr\/#website","url":"https:\/\/dpress.ma\/fr\/","name":"Dpress.ma\/fr","description":"","potentialAction":[{"@type":"SearchAction","target":{"@type":"EntryPoint","urlTemplate":"https:\/\/dpress.ma\/fr\/?s={search_term_string}"},"query-input":{"@type":"PropertyValueSpecification","valueRequired":true,"valueName":"search_term_string"}}],"inLanguage":"fr-FR"},{"@type":"Person","@id":"https:\/\/dpress.ma\/fr\/#\/schema\/person\/4898febf3ccd59e6578d838656a306a0","name":"Dpress.ma","image":{"@type":"ImageObject","inLanguage":"fr-FR","@id":"https:\/\/secure.gravatar.com\/avatar\/72ecc30e9db047a2e0e7176561eb9d564ed77c8108376495b19bd8336405198a?s=96&d=mm&r=g","url":"https:\/\/secure.gravatar.com\/avatar\/72ecc30e9db047a2e0e7176561eb9d564ed77c8108376495b19bd8336405198a?s=96&d=mm&r=g","contentUrl":"https:\/\/secure.gravatar.com\/avatar\/72ecc30e9db047a2e0e7176561eb9d564ed77c8108376495b19bd8336405198a?s=96&d=mm&r=g","caption":"Dpress.ma"},"sameAs":["https:\/\/www.dpress.ma"],"url":"https:\/\/dpress.ma\/fr\/author\/dpress-ma\/"}]}},"amp_enabled":true,"_links":{"self":[{"href":"https:\/\/dpress.ma\/fr\/wp-json\/wp\/v2\/posts\/2917","targetHints":{"allow":["GET"]}}],"collection":[{"href":"https:\/\/dpress.ma\/fr\/wp-json\/wp\/v2\/posts"}],"about":[{"href":"https:\/\/dpress.ma\/fr\/wp-json\/wp\/v2\/types\/post"}],"author":[{"embeddable":true,"href":"https:\/\/dpress.ma\/fr\/wp-json\/wp\/v2\/users\/2"}],"replies":[{"embeddable":true,"href":"https:\/\/dpress.ma\/fr\/wp-json\/wp\/v2\/comments?post=2917"}],"version-history":[{"count":1,"href":"https:\/\/dpress.ma\/fr\/wp-json\/wp\/v2\/posts\/2917\/revisions"}],"predecessor-version":[{"id":2919,"href":"https:\/\/dpress.ma\/fr\/wp-json\/wp\/v2\/posts\/2917\/revisions\/2919"}],"wp:featuredmedia":[{"embeddable":true,"href":"https:\/\/dpress.ma\/fr\/wp-json\/wp\/v2\/media\/2918"}],"wp:attachment":[{"href":"https:\/\/dpress.ma\/fr\/wp-json\/wp\/v2\/media?parent=2917"}],"wp:term":[{"taxonomy":"category","embeddable":true,"href":"https:\/\/dpress.ma\/fr\/wp-json\/wp\/v2\/categories?post=2917"},{"taxonomy":"post_tag","embeddable":true,"href":"https:\/\/dpress.ma\/fr\/wp-json\/wp\/v2\/tags?post=2917"}],"curies":[{"name":"wp","href":"https:\/\/api.w.org\/{rel}","templated":true}]}}