{"id":2914,"date":"2022-12-14T10:29:23","date_gmt":"2022-12-14T10:29:23","guid":{"rendered":"https:\/\/dpress.ma\/fr\/?p=2914"},"modified":"2022-12-14T10:29:24","modified_gmt":"2022-12-14T10:29:24","slug":"projection-a-rabat-du-film-fatema-la-sultane-inoubliable-en-lhonneur-de-la-lintellectuelle-et-feministe-marocaine-feue-fatima-mernissi","status":"publish","type":"post","link":"https:\/\/dpress.ma\/fr\/2022\/12\/14\/projection-a-rabat-du-film-fatema-la-sultane-inoubliable-en-lhonneur-de-la-lintellectuelle-et-feministe-marocaine-feue-fatima-mernissi\/","title":{"rendered":"Projection \u00e0 Rabat du film \u201cFatema, la sultane inoubliable\u201d en l\u2019honneur de la l\u2019intellectuelle et f\u00e9ministe marocaine feue Fatima Mernissi"},"content":{"rendered":"\n<p>Dpress<\/p>\n\n\n\n<p>&nbsp;Le film \u00ab\u00a0Fatema, la sultane inoubliable\u00a0\u00bb du r\u00e9alisateur Mohamed Abderrahman Tazi a \u00e9t\u00e9 projet\u00e9, mardi soir au lyc\u00e9e Descartes \u00e0 Rabat, en l&rsquo;honneur de l&rsquo;ic\u00f4ne du f\u00e9minisme marocain Fatima Mernissi, dans le cadre de la c\u00e9l\u00e9bration de la Journ\u00e9e mondiale de la langue arabe qui intervient le 18 d\u00e9cembre.<\/p>\n\n\n\n<p>Depuis que l&rsquo;UNESCO a act\u00e9 cette date comme Journ\u00e9e mondiale de la langue arabe, les \u00e9tablissements fran\u00e7ais c\u00e9l\u00e8brent tous les ans la langue et la culture arabes en organisant \u00e0 cette occasion des moments forts qui mobilisent les \u00e9l\u00e8ves et les \u00e9quipes p\u00e9dagogiques.<\/p>\n","protected":false},"excerpt":{"rendered":"<p>Dpress &nbsp;Le film \u00ab\u00a0Fatema, la sultane inoubliable\u00a0\u00bb du r\u00e9alisateur Mohamed Abderrahman Tazi a \u00e9t\u00e9 projet\u00e9, mardi soir au lyc\u00e9e Descartes \u00e0 Rabat, en l&rsquo;honneur de l&rsquo;ic\u00f4ne du f\u00e9minisme marocain Fatima Mernissi, dans le cadre de la c\u00e9l\u00e9bration de la Journ\u00e9e mondiale de la langue arabe qui intervient le 18 d\u00e9cembre. Depuis que l&rsquo;UNESCO a act\u00e9 &hellip;<\/p>\n","protected":false},"author":2,"featured_media":2915,"comment_status":"open","ping_status":"open","sticky":false,"template":"","format":"standard","meta":{"footnotes":""},"categories":[31],"tags":[],"class_list":["post-2914","post","type-post","status-publish","format-standard","has-post-thumbnail","hentry","category-art-et-culture"],"yoast_head":"<!-- This site is optimized with the Yoast SEO plugin v27.5 - https:\/\/yoast.com\/product\/yoast-seo-wordpress\/ -->\n<title>Projection \u00e0 Rabat du film \u201cFatema, la sultane inoubliable\u201d en l\u2019honneur de la l\u2019intellectuelle et f\u00e9ministe marocaine feue Fatima Mernissi - Dpress.ma\/fr<\/title>\n<meta name=\"description\" content=\"Le film &quot;Fatema, la sultane inoubliable&quot; du r\u00e9alisateur Mohamed Abderrahman Tazi a \u00e9t\u00e9 projet\u00e9, mardi soir au lyc\u00e9e Descartes \u00e0 Rabat, en l&#039;honneur de l&#039;ic\u00f4ne du f\u00e9minisme marocain Fatima Mernissi, dans le cadre de la c\u00e9l\u00e9bration de la Journ\u00e9e mondiale de la langue arabe qui intervient le 18 d\u00e9cembre.\" \/>\n<meta name=\"robots\" content=\"index, follow, max-snippet:-1, max-image-preview:large, max-video-preview:-1\" \/>\n<link rel=\"canonical\" href=\"https:\/\/dpress.ma\/fr\/2022\/12\/14\/projection-a-rabat-du-film-fatema-la-sultane-inoubliable-en-lhonneur-de-la-lintellectuelle-et-feministe-marocaine-feue-fatima-mernissi\/\" \/>\n<meta property=\"og:locale\" content=\"fr_FR\" \/>\n<meta property=\"og:type\" content=\"article\" \/>\n<meta property=\"og:title\" content=\"Projection \u00e0 Rabat du film \u201cFatema, la sultane inoubliable\u201d en l\u2019honneur de la l\u2019intellectuelle et f\u00e9ministe marocaine feue Fatima Mernissi - Dpress.ma\/fr\" \/>\n<meta property=\"og:description\" content=\"Le film &quot;Fatema, la sultane inoubliable&quot; du r\u00e9alisateur Mohamed Abderrahman Tazi a \u00e9t\u00e9 projet\u00e9, mardi soir au lyc\u00e9e Descartes \u00e0 Rabat, en l&#039;honneur de l&#039;ic\u00f4ne du f\u00e9minisme marocain Fatima Mernissi, dans le cadre de la c\u00e9l\u00e9bration de la Journ\u00e9e mondiale de la langue arabe qui intervient le 18 d\u00e9cembre.\" \/>\n<meta property=\"og:url\" content=\"https:\/\/dpress.ma\/fr\/2022\/12\/14\/projection-a-rabat-du-film-fatema-la-sultane-inoubliable-en-lhonneur-de-la-lintellectuelle-et-feministe-marocaine-feue-fatima-mernissi\/\" \/>\n<meta property=\"og:site_name\" content=\"Dpress.ma\/fr\" \/>\n<meta property=\"article:published_time\" content=\"2022-12-14T10:29:23+00:00\" \/>\n<meta property=\"article:modified_time\" content=\"2022-12-14T10:29:24+00:00\" \/>\n<meta property=\"og:image\" content=\"https:\/\/dpress.ma\/fr\/wp-content\/uploads\/sites\/2\/2022\/12\/dimensions2-53.jpg\" \/>\n\t<meta property=\"og:image:width\" content=\"2539\" \/>\n\t<meta property=\"og:image:height\" content=\"1594\" \/>\n\t<meta property=\"og:image:type\" content=\"image\/jpeg\" \/>\n<meta name=\"author\" content=\"Dpress.ma\" \/>\n<meta name=\"twitter:card\" content=\"summary_large_image\" \/>\n<meta name=\"twitter:label1\" content=\"\u00c9crit par\" \/>\n\t<meta name=\"twitter:data1\" content=\"Dpress.ma\" \/>\n\t<meta name=\"twitter:label2\" content=\"Dur\u00e9e de lecture estim\u00e9e\" \/>\n\t<meta name=\"twitter:data2\" content=\"1 minute\" \/>\n<script type=\"application\/ld+json\" class=\"yoast-schema-graph\">{\"@context\":\"https:\\\/\\\/schema.org\",\"@graph\":[{\"@type\":\"Article\",\"@id\":\"https:\\\/\\\/dpress.ma\\\/fr\\\/2022\\\/12\\\/14\\\/projection-a-rabat-du-film-fatema-la-sultane-inoubliable-en-lhonneur-de-la-lintellectuelle-et-feministe-marocaine-feue-fatima-mernissi\\\/#article\",\"isPartOf\":{\"@id\":\"https:\\\/\\\/dpress.ma\\\/fr\\\/2022\\\/12\\\/14\\\/projection-a-rabat-du-film-fatema-la-sultane-inoubliable-en-lhonneur-de-la-lintellectuelle-et-feministe-marocaine-feue-fatima-mernissi\\\/\"},\"author\":{\"name\":\"Dpress.ma\",\"@id\":\"https:\\\/\\\/dpress.ma\\\/fr\\\/#\\\/schema\\\/person\\\/4898febf3ccd59e6578d838656a306a0\"},\"headline\":\"Projection \u00e0 Rabat du film \u201cFatema, la sultane inoubliable\u201d en l\u2019honneur de la l\u2019intellectuelle et f\u00e9ministe marocaine feue Fatima Mernissi\",\"datePublished\":\"2022-12-14T10:29:23+00:00\",\"dateModified\":\"2022-12-14T10:29:24+00:00\",\"mainEntityOfPage\":{\"@id\":\"https:\\\/\\\/dpress.ma\\\/fr\\\/2022\\\/12\\\/14\\\/projection-a-rabat-du-film-fatema-la-sultane-inoubliable-en-lhonneur-de-la-lintellectuelle-et-feministe-marocaine-feue-fatima-mernissi\\\/\"},\"wordCount\":127,\"commentCount\":0,\"image\":{\"@id\":\"https:\\\/\\\/dpress.ma\\\/fr\\\/2022\\\/12\\\/14\\\/projection-a-rabat-du-film-fatema-la-sultane-inoubliable-en-lhonneur-de-la-lintellectuelle-et-feministe-marocaine-feue-fatima-mernissi\\\/#primaryimage\"},\"thumbnailUrl\":\"https:\\\/\\\/dpress.ma\\\/fr\\\/wp-content\\\/uploads\\\/sites\\\/2\\\/2022\\\/12\\\/dimensions2-53.jpg\",\"articleSection\":[\"Art et Culture\"],\"inLanguage\":\"fr-FR\",\"potentialAction\":[{\"@type\":\"CommentAction\",\"name\":\"Comment\",\"target\":[\"https:\\\/\\\/dpress.ma\\\/fr\\\/2022\\\/12\\\/14\\\/projection-a-rabat-du-film-fatema-la-sultane-inoubliable-en-lhonneur-de-la-lintellectuelle-et-feministe-marocaine-feue-fatima-mernissi\\\/#respond\"]}]},{\"@type\":\"WebPage\",\"@id\":\"https:\\\/\\\/dpress.ma\\\/fr\\\/2022\\\/12\\\/14\\\/projection-a-rabat-du-film-fatema-la-sultane-inoubliable-en-lhonneur-de-la-lintellectuelle-et-feministe-marocaine-feue-fatima-mernissi\\\/\",\"url\":\"https:\\\/\\\/dpress.ma\\\/fr\\\/2022\\\/12\\\/14\\\/projection-a-rabat-du-film-fatema-la-sultane-inoubliable-en-lhonneur-de-la-lintellectuelle-et-feministe-marocaine-feue-fatima-mernissi\\\/\",\"name\":\"Projection \u00e0 Rabat du film \u201cFatema, la sultane inoubliable\u201d en l\u2019honneur de la l\u2019intellectuelle et f\u00e9ministe marocaine feue Fatima Mernissi - Dpress.ma\\\/fr\",\"isPartOf\":{\"@id\":\"https:\\\/\\\/dpress.ma\\\/fr\\\/#website\"},\"primaryImageOfPage\":{\"@id\":\"https:\\\/\\\/dpress.ma\\\/fr\\\/2022\\\/12\\\/14\\\/projection-a-rabat-du-film-fatema-la-sultane-inoubliable-en-lhonneur-de-la-lintellectuelle-et-feministe-marocaine-feue-fatima-mernissi\\\/#primaryimage\"},\"image\":{\"@id\":\"https:\\\/\\\/dpress.ma\\\/fr\\\/2022\\\/12\\\/14\\\/projection-a-rabat-du-film-fatema-la-sultane-inoubliable-en-lhonneur-de-la-lintellectuelle-et-feministe-marocaine-feue-fatima-mernissi\\\/#primaryimage\"},\"thumbnailUrl\":\"https:\\\/\\\/dpress.ma\\\/fr\\\/wp-content\\\/uploads\\\/sites\\\/2\\\/2022\\\/12\\\/dimensions2-53.jpg\",\"datePublished\":\"2022-12-14T10:29:23+00:00\",\"dateModified\":\"2022-12-14T10:29:24+00:00\",\"author\":{\"@id\":\"https:\\\/\\\/dpress.ma\\\/fr\\\/#\\\/schema\\\/person\\\/4898febf3ccd59e6578d838656a306a0\"},\"description\":\"Le film \\\"Fatema, la sultane inoubliable\\\" du r\u00e9alisateur Mohamed Abderrahman Tazi a \u00e9t\u00e9 projet\u00e9, mardi soir au lyc\u00e9e Descartes \u00e0 Rabat, en l'honneur de l'ic\u00f4ne du f\u00e9minisme marocain Fatima Mernissi, dans le cadre de la c\u00e9l\u00e9bration de la Journ\u00e9e mondiale de la langue arabe qui intervient le 18 d\u00e9cembre.\",\"breadcrumb\":{\"@id\":\"https:\\\/\\\/dpress.ma\\\/fr\\\/2022\\\/12\\\/14\\\/projection-a-rabat-du-film-fatema-la-sultane-inoubliable-en-lhonneur-de-la-lintellectuelle-et-feministe-marocaine-feue-fatima-mernissi\\\/#breadcrumb\"},\"inLanguage\":\"fr-FR\",\"potentialAction\":[{\"@type\":\"ReadAction\",\"target\":[\"https:\\\/\\\/dpress.ma\\\/fr\\\/2022\\\/12\\\/14\\\/projection-a-rabat-du-film-fatema-la-sultane-inoubliable-en-lhonneur-de-la-lintellectuelle-et-feministe-marocaine-feue-fatima-mernissi\\\/\"]}]},{\"@type\":\"ImageObject\",\"inLanguage\":\"fr-FR\",\"@id\":\"https:\\\/\\\/dpress.ma\\\/fr\\\/2022\\\/12\\\/14\\\/projection-a-rabat-du-film-fatema-la-sultane-inoubliable-en-lhonneur-de-la-lintellectuelle-et-feministe-marocaine-feue-fatima-mernissi\\\/#primaryimage\",\"url\":\"https:\\\/\\\/dpress.ma\\\/fr\\\/wp-content\\\/uploads\\\/sites\\\/2\\\/2022\\\/12\\\/dimensions2-53.jpg\",\"contentUrl\":\"https:\\\/\\\/dpress.ma\\\/fr\\\/wp-content\\\/uploads\\\/sites\\\/2\\\/2022\\\/12\\\/dimensions2-53.jpg\",\"width\":2539,\"height\":1594},{\"@type\":\"BreadcrumbList\",\"@id\":\"https:\\\/\\\/dpress.ma\\\/fr\\\/2022\\\/12\\\/14\\\/projection-a-rabat-du-film-fatema-la-sultane-inoubliable-en-lhonneur-de-la-lintellectuelle-et-feministe-marocaine-feue-fatima-mernissi\\\/#breadcrumb\",\"itemListElement\":[{\"@type\":\"ListItem\",\"position\":1,\"name\":\"Home\",\"item\":\"https:\\\/\\\/dpress.ma\\\/fr\\\/\"},{\"@type\":\"ListItem\",\"position\":2,\"name\":\"Projection \u00e0 Rabat du film \u201cFatema, la sultane inoubliable\u201d en l\u2019honneur de la l\u2019intellectuelle et f\u00e9ministe marocaine feue Fatima Mernissi\"}]},{\"@type\":\"WebSite\",\"@id\":\"https:\\\/\\\/dpress.ma\\\/fr\\\/#website\",\"url\":\"https:\\\/\\\/dpress.ma\\\/fr\\\/\",\"name\":\"Dpress.ma\\\/fr\",\"description\":\"\",\"potentialAction\":[{\"@type\":\"SearchAction\",\"target\":{\"@type\":\"EntryPoint\",\"urlTemplate\":\"https:\\\/\\\/dpress.ma\\\/fr\\\/?s={search_term_string}\"},\"query-input\":{\"@type\":\"PropertyValueSpecification\",\"valueRequired\":true,\"valueName\":\"search_term_string\"}}],\"inLanguage\":\"fr-FR\"},{\"@type\":\"Person\",\"@id\":\"https:\\\/\\\/dpress.ma\\\/fr\\\/#\\\/schema\\\/person\\\/4898febf3ccd59e6578d838656a306a0\",\"name\":\"Dpress.ma\",\"image\":{\"@type\":\"ImageObject\",\"inLanguage\":\"fr-FR\",\"@id\":\"https:\\\/\\\/secure.gravatar.com\\\/avatar\\\/72ecc30e9db047a2e0e7176561eb9d564ed77c8108376495b19bd8336405198a?s=96&d=mm&r=g\",\"url\":\"https:\\\/\\\/secure.gravatar.com\\\/avatar\\\/72ecc30e9db047a2e0e7176561eb9d564ed77c8108376495b19bd8336405198a?s=96&d=mm&r=g\",\"contentUrl\":\"https:\\\/\\\/secure.gravatar.com\\\/avatar\\\/72ecc30e9db047a2e0e7176561eb9d564ed77c8108376495b19bd8336405198a?s=96&d=mm&r=g\",\"caption\":\"Dpress.ma\"},\"sameAs\":[\"https:\\\/\\\/www.dpress.ma\"],\"url\":\"https:\\\/\\\/dpress.ma\\\/fr\\\/author\\\/dpress-ma\\\/\"}]}<\/script>\n<!-- \/ Yoast SEO plugin. -->","yoast_head_json":{"title":"Projection \u00e0 Rabat du film \u201cFatema, la sultane inoubliable\u201d en l\u2019honneur de la l\u2019intellectuelle et f\u00e9ministe marocaine feue Fatima Mernissi - Dpress.ma\/fr","description":"Le film \"Fatema, la sultane inoubliable\" du r\u00e9alisateur Mohamed Abderrahman Tazi a \u00e9t\u00e9 projet\u00e9, mardi soir au lyc\u00e9e Descartes \u00e0 Rabat, en l'honneur de l'ic\u00f4ne du f\u00e9minisme marocain Fatima Mernissi, dans le cadre de la c\u00e9l\u00e9bration de la Journ\u00e9e mondiale de la langue arabe qui intervient le 18 d\u00e9cembre.","robots":{"index":"index","follow":"follow","max-snippet":"max-snippet:-1","max-image-preview":"max-image-preview:large","max-video-preview":"max-video-preview:-1"},"canonical":"https:\/\/dpress.ma\/fr\/2022\/12\/14\/projection-a-rabat-du-film-fatema-la-sultane-inoubliable-en-lhonneur-de-la-lintellectuelle-et-feministe-marocaine-feue-fatima-mernissi\/","og_locale":"fr_FR","og_type":"article","og_title":"Projection \u00e0 Rabat du film \u201cFatema, la sultane inoubliable\u201d en l\u2019honneur de la l\u2019intellectuelle et f\u00e9ministe marocaine feue Fatima Mernissi - Dpress.ma\/fr","og_description":"Le film \"Fatema, la sultane inoubliable\" du r\u00e9alisateur Mohamed Abderrahman Tazi a \u00e9t\u00e9 projet\u00e9, mardi soir au lyc\u00e9e Descartes \u00e0 Rabat, en l'honneur de l'ic\u00f4ne du f\u00e9minisme marocain Fatima Mernissi, dans le cadre de la c\u00e9l\u00e9bration de la Journ\u00e9e mondiale de la langue arabe qui intervient le 18 d\u00e9cembre.","og_url":"https:\/\/dpress.ma\/fr\/2022\/12\/14\/projection-a-rabat-du-film-fatema-la-sultane-inoubliable-en-lhonneur-de-la-lintellectuelle-et-feministe-marocaine-feue-fatima-mernissi\/","og_site_name":"Dpress.ma\/fr","article_published_time":"2022-12-14T10:29:23+00:00","article_modified_time":"2022-12-14T10:29:24+00:00","og_image":[{"width":2539,"height":1594,"url":"https:\/\/dpress.ma\/fr\/wp-content\/uploads\/sites\/2\/2022\/12\/dimensions2-53.jpg","type":"image\/jpeg"}],"author":"Dpress.ma","twitter_card":"summary_large_image","twitter_misc":{"\u00c9crit par":"Dpress.ma","Dur\u00e9e de lecture estim\u00e9e":"1 minute"},"schema":{"@context":"https:\/\/schema.org","@graph":[{"@type":"Article","@id":"https:\/\/dpress.ma\/fr\/2022\/12\/14\/projection-a-rabat-du-film-fatema-la-sultane-inoubliable-en-lhonneur-de-la-lintellectuelle-et-feministe-marocaine-feue-fatima-mernissi\/#article","isPartOf":{"@id":"https:\/\/dpress.ma\/fr\/2022\/12\/14\/projection-a-rabat-du-film-fatema-la-sultane-inoubliable-en-lhonneur-de-la-lintellectuelle-et-feministe-marocaine-feue-fatima-mernissi\/"},"author":{"name":"Dpress.ma","@id":"https:\/\/dpress.ma\/fr\/#\/schema\/person\/4898febf3ccd59e6578d838656a306a0"},"headline":"Projection \u00e0 Rabat du film \u201cFatema, la sultane inoubliable\u201d en l\u2019honneur de la l\u2019intellectuelle et f\u00e9ministe marocaine feue Fatima Mernissi","datePublished":"2022-12-14T10:29:23+00:00","dateModified":"2022-12-14T10:29:24+00:00","mainEntityOfPage":{"@id":"https:\/\/dpress.ma\/fr\/2022\/12\/14\/projection-a-rabat-du-film-fatema-la-sultane-inoubliable-en-lhonneur-de-la-lintellectuelle-et-feministe-marocaine-feue-fatima-mernissi\/"},"wordCount":127,"commentCount":0,"image":{"@id":"https:\/\/dpress.ma\/fr\/2022\/12\/14\/projection-a-rabat-du-film-fatema-la-sultane-inoubliable-en-lhonneur-de-la-lintellectuelle-et-feministe-marocaine-feue-fatima-mernissi\/#primaryimage"},"thumbnailUrl":"https:\/\/dpress.ma\/fr\/wp-content\/uploads\/sites\/2\/2022\/12\/dimensions2-53.jpg","articleSection":["Art et Culture"],"inLanguage":"fr-FR","potentialAction":[{"@type":"CommentAction","name":"Comment","target":["https:\/\/dpress.ma\/fr\/2022\/12\/14\/projection-a-rabat-du-film-fatema-la-sultane-inoubliable-en-lhonneur-de-la-lintellectuelle-et-feministe-marocaine-feue-fatima-mernissi\/#respond"]}]},{"@type":"WebPage","@id":"https:\/\/dpress.ma\/fr\/2022\/12\/14\/projection-a-rabat-du-film-fatema-la-sultane-inoubliable-en-lhonneur-de-la-lintellectuelle-et-feministe-marocaine-feue-fatima-mernissi\/","url":"https:\/\/dpress.ma\/fr\/2022\/12\/14\/projection-a-rabat-du-film-fatema-la-sultane-inoubliable-en-lhonneur-de-la-lintellectuelle-et-feministe-marocaine-feue-fatima-mernissi\/","name":"Projection \u00e0 Rabat du film \u201cFatema, la sultane inoubliable\u201d en l\u2019honneur de la l\u2019intellectuelle et f\u00e9ministe marocaine feue Fatima Mernissi - Dpress.ma\/fr","isPartOf":{"@id":"https:\/\/dpress.ma\/fr\/#website"},"primaryImageOfPage":{"@id":"https:\/\/dpress.ma\/fr\/2022\/12\/14\/projection-a-rabat-du-film-fatema-la-sultane-inoubliable-en-lhonneur-de-la-lintellectuelle-et-feministe-marocaine-feue-fatima-mernissi\/#primaryimage"},"image":{"@id":"https:\/\/dpress.ma\/fr\/2022\/12\/14\/projection-a-rabat-du-film-fatema-la-sultane-inoubliable-en-lhonneur-de-la-lintellectuelle-et-feministe-marocaine-feue-fatima-mernissi\/#primaryimage"},"thumbnailUrl":"https:\/\/dpress.ma\/fr\/wp-content\/uploads\/sites\/2\/2022\/12\/dimensions2-53.jpg","datePublished":"2022-12-14T10:29:23+00:00","dateModified":"2022-12-14T10:29:24+00:00","author":{"@id":"https:\/\/dpress.ma\/fr\/#\/schema\/person\/4898febf3ccd59e6578d838656a306a0"},"description":"Le film \"Fatema, la sultane inoubliable\" du r\u00e9alisateur Mohamed Abderrahman Tazi a \u00e9t\u00e9 projet\u00e9, mardi soir au lyc\u00e9e Descartes \u00e0 Rabat, en l'honneur de l'ic\u00f4ne du f\u00e9minisme marocain Fatima Mernissi, dans le cadre de la c\u00e9l\u00e9bration de la Journ\u00e9e mondiale de la langue arabe qui intervient le 18 d\u00e9cembre.","breadcrumb":{"@id":"https:\/\/dpress.ma\/fr\/2022\/12\/14\/projection-a-rabat-du-film-fatema-la-sultane-inoubliable-en-lhonneur-de-la-lintellectuelle-et-feministe-marocaine-feue-fatima-mernissi\/#breadcrumb"},"inLanguage":"fr-FR","potentialAction":[{"@type":"ReadAction","target":["https:\/\/dpress.ma\/fr\/2022\/12\/14\/projection-a-rabat-du-film-fatema-la-sultane-inoubliable-en-lhonneur-de-la-lintellectuelle-et-feministe-marocaine-feue-fatima-mernissi\/"]}]},{"@type":"ImageObject","inLanguage":"fr-FR","@id":"https:\/\/dpress.ma\/fr\/2022\/12\/14\/projection-a-rabat-du-film-fatema-la-sultane-inoubliable-en-lhonneur-de-la-lintellectuelle-et-feministe-marocaine-feue-fatima-mernissi\/#primaryimage","url":"https:\/\/dpress.ma\/fr\/wp-content\/uploads\/sites\/2\/2022\/12\/dimensions2-53.jpg","contentUrl":"https:\/\/dpress.ma\/fr\/wp-content\/uploads\/sites\/2\/2022\/12\/dimensions2-53.jpg","width":2539,"height":1594},{"@type":"BreadcrumbList","@id":"https:\/\/dpress.ma\/fr\/2022\/12\/14\/projection-a-rabat-du-film-fatema-la-sultane-inoubliable-en-lhonneur-de-la-lintellectuelle-et-feministe-marocaine-feue-fatima-mernissi\/#breadcrumb","itemListElement":[{"@type":"ListItem","position":1,"name":"Home","item":"https:\/\/dpress.ma\/fr\/"},{"@type":"ListItem","position":2,"name":"Projection \u00e0 Rabat du film \u201cFatema, la sultane inoubliable\u201d en l\u2019honneur de la l\u2019intellectuelle et f\u00e9ministe marocaine feue Fatima Mernissi"}]},{"@type":"WebSite","@id":"https:\/\/dpress.ma\/fr\/#website","url":"https:\/\/dpress.ma\/fr\/","name":"Dpress.ma\/fr","description":"","potentialAction":[{"@type":"SearchAction","target":{"@type":"EntryPoint","urlTemplate":"https:\/\/dpress.ma\/fr\/?s={search_term_string}"},"query-input":{"@type":"PropertyValueSpecification","valueRequired":true,"valueName":"search_term_string"}}],"inLanguage":"fr-FR"},{"@type":"Person","@id":"https:\/\/dpress.ma\/fr\/#\/schema\/person\/4898febf3ccd59e6578d838656a306a0","name":"Dpress.ma","image":{"@type":"ImageObject","inLanguage":"fr-FR","@id":"https:\/\/secure.gravatar.com\/avatar\/72ecc30e9db047a2e0e7176561eb9d564ed77c8108376495b19bd8336405198a?s=96&d=mm&r=g","url":"https:\/\/secure.gravatar.com\/avatar\/72ecc30e9db047a2e0e7176561eb9d564ed77c8108376495b19bd8336405198a?s=96&d=mm&r=g","contentUrl":"https:\/\/secure.gravatar.com\/avatar\/72ecc30e9db047a2e0e7176561eb9d564ed77c8108376495b19bd8336405198a?s=96&d=mm&r=g","caption":"Dpress.ma"},"sameAs":["https:\/\/www.dpress.ma"],"url":"https:\/\/dpress.ma\/fr\/author\/dpress-ma\/"}]}},"amp_enabled":true,"_links":{"self":[{"href":"https:\/\/dpress.ma\/fr\/wp-json\/wp\/v2\/posts\/2914","targetHints":{"allow":["GET"]}}],"collection":[{"href":"https:\/\/dpress.ma\/fr\/wp-json\/wp\/v2\/posts"}],"about":[{"href":"https:\/\/dpress.ma\/fr\/wp-json\/wp\/v2\/types\/post"}],"author":[{"embeddable":true,"href":"https:\/\/dpress.ma\/fr\/wp-json\/wp\/v2\/users\/2"}],"replies":[{"embeddable":true,"href":"https:\/\/dpress.ma\/fr\/wp-json\/wp\/v2\/comments?post=2914"}],"version-history":[{"count":1,"href":"https:\/\/dpress.ma\/fr\/wp-json\/wp\/v2\/posts\/2914\/revisions"}],"predecessor-version":[{"id":2916,"href":"https:\/\/dpress.ma\/fr\/wp-json\/wp\/v2\/posts\/2914\/revisions\/2916"}],"wp:featuredmedia":[{"embeddable":true,"href":"https:\/\/dpress.ma\/fr\/wp-json\/wp\/v2\/media\/2915"}],"wp:attachment":[{"href":"https:\/\/dpress.ma\/fr\/wp-json\/wp\/v2\/media?parent=2914"}],"wp:term":[{"taxonomy":"category","embeddable":true,"href":"https:\/\/dpress.ma\/fr\/wp-json\/wp\/v2\/categories?post=2914"},{"taxonomy":"post_tag","embeddable":true,"href":"https:\/\/dpress.ma\/fr\/wp-json\/wp\/v2\/tags?post=2914"}],"curies":[{"name":"wp","href":"https:\/\/api.w.org\/{rel}","templated":true}]}}