{"id":2900,"date":"2022-12-13T15:04:00","date_gmt":"2022-12-13T15:04:00","guid":{"rendered":"https:\/\/dpress.ma\/fr\/?p=2900"},"modified":"2022-12-13T15:04:01","modified_gmt":"2022-12-13T15:04:01","slug":"mondial-qatar-2022-la-combativite-et-lesprit-de-groupe-cles-de-voute-pour-atteindre-la-finale-regragui","status":"publish","type":"post","link":"https:\/\/dpress.ma\/fr\/2022\/12\/13\/mondial-qatar-2022-la-combativite-et-lesprit-de-groupe-cles-de-voute-pour-atteindre-la-finale-regragui\/","title":{"rendered":"Mondial Qatar-2022 : la combativit\u00e9 et l\u2019esprit de groupe, cl\u00e9s de vo\u00fbte pour atteindre la finale (Regragui)"},"content":{"rendered":"\n<p>Dpress<\/p>\n\n\n\n<p>&nbsp;La combativit\u00e9 et l\u2019esprit de groupe sont les cl\u00e9s de vo\u00fbte pour battre la France mercredi en demi-finale de la Coupe du monde de football, a assur\u00e9 le s\u00e9lectionneur national Walid Regragui.<\/p>\n\n\n\n<p>\u201cL\u2019\u00e9quipe de France regorge de grands joueurs et dispose d\u2019une entraineur de gros calibre. Les joueurs ont h\u00e2te de jouer cette demi-finale et d\u00e9crocher le billet de la finale\u201d, a-t-il dit lors d\u2019un point de presse tenu en compagnie du milieu de terrain Ilyas Chair.<\/p>\n\n\n\n<p>L\u2019\u00e9quipe nationale poursuit son parcours au Qatar avec la m\u00eame rage de vaincre, a-t-il dit, notant que \u201cnous ne nous sommes pas fatigu\u00e9s\u201d et que \u201cles joueurs ont toujours faim\u201d.<\/p>\n\n\n\n<p>\u201cNous sommes confiants en nos talents et capacit\u00e9s physiques et mentales pour battre le champion du monde et \u00e9crire une nouvelle page dans l\u2019histoire du Mondial\u201d, a-t-il dit.<\/p>\n\n\n\n<p>\u201cLe r\u00eave de d\u00e9crocher la Coupe du monde grandit jour apr\u00e8s jour. Nous sommes d\u00e9termin\u00e9s \u00e0 cr\u00e9er la surprise et atteindre la finale\u201d, a-t-il lanc\u00e9.<\/p>\n\n\n\n<p>\u201cL\u2019\u00e9quipe nationale ne va pas se contenter d\u2019atteindre le dernier carr\u00e9. Il faut changer les mentalit\u00e9s\u201d, a-t-il martel\u00e9, relevant que le Maroc jouera mercredi pour l\u2019Afrique et le monde arabe.<\/p>\n\n\n\n<p>S\u2019agissant des blessures au sein de l\u2019\u00e9quipe nationale, Regragui a soulign\u00e9 que le banc de touche des Lions de l\u2019Atlas dispose de joueurs qui peuvent remplacer les \u00e9ventuels absents, notant que tous les joueurs sont fins pr\u00eats pour jouer contre la France.<\/p>\n\n\n\n<p>\u201cNous n\u2019allons pas changer notre strat\u00e9gie contre la France. Nous allons courir et presser l\u2019adversaire, comme on l\u2019a d\u00e9j\u00e0 fait\u201d, a-t-il ajout\u00e9.<\/p>\n\n\n\n<p>De son c\u00f4t\u00e9, Ilyas Chair a relev\u00e9 que les joueurs sont d\u00e9termin\u00e9s \u00e0 faire un grand match contre la France, mettant en avant l\u2019esprit de groupe qui pr\u00e9vaut au sein des Lions de l\u2019Atlas.<\/p>\n\n\n\n<p>Il a estim\u00e9 que la pr\u00e9sence du public marocain au stade encouragera les joueurs \u00e0 donner le maximum face \u00e0 une s\u00e9lection candidate \u00e0 la victoire finale.<\/p>\n\n\n\n<p>Apr\u00e8s avoir soulign\u00e9 les qualit\u00e9s humaines du s\u00e9lectionneur national, il a affirm\u00e9 que les joueurs entretiennent une relation particuli\u00e8re avec Regragui et sont confiants quant \u00e0 leur capacit\u00e9 d\u2019atteindre la finale.<\/p>\n\n\n\n<p>La demi-finale entre le Maroc et la France se jouera mercredi en nocturne (20h00) au stade El Beyt \u00e0 Al Khor.<\/p>\n\n\n\n<p>En quart de finale, le Maroc a \u00e9limin\u00e9 le Portugal (1-0), alors que la France a poin\u00e7onn\u00e9 son ticket au d\u00e9triment de l\u2019Angleterre (2-1).<\/p>\n\n\n\n<p>L\u2019autre demi-finale opposera ce soir l\u2019Argentine \u00e0 la Croatie.<\/p>\n","protected":false},"excerpt":{"rendered":"<p>Dpress &nbsp;La combativit\u00e9 et l\u2019esprit de groupe sont les cl\u00e9s de vo\u00fbte pour battre la France mercredi en demi-finale de la Coupe du monde de football, a assur\u00e9 le s\u00e9lectionneur national Walid Regragui. \u201cL\u2019\u00e9quipe de France regorge de grands joueurs et dispose d\u2019une entraineur de gros calibre. Les joueurs ont h\u00e2te de jouer cette demi-finale &hellip;<\/p>\n","protected":false},"author":2,"featured_media":2901,"comment_status":"open","ping_status":"open","sticky":false,"template":"","format":"standard","meta":{"footnotes":""},"categories":[27],"tags":[],"class_list":["post-2900","post","type-post","status-publish","format-standard","has-post-thumbnail","hentry","category-sport"],"yoast_head":"<!-- This site is optimized with the Yoast SEO plugin v27.5 - https:\/\/yoast.com\/product\/yoast-seo-wordpress\/ -->\n<title>Mondial Qatar-2022 : la combativit\u00e9 et l\u2019esprit de groupe, cl\u00e9s de vo\u00fbte pour atteindre la finale (Regragui) - Dpress.ma\/fr<\/title>\n<meta name=\"description\" content=\"La combativit\u00e9 et l\u2019esprit de groupe sont les cl\u00e9s de vo\u00fbte pour battre la France mercredi en demi-finale de la Coupe du monde de football, a assur\u00e9 le s\u00e9lectionneur national Walid Regragui.\" \/>\n<meta name=\"robots\" content=\"index, follow, max-snippet:-1, max-image-preview:large, max-video-preview:-1\" \/>\n<link rel=\"canonical\" href=\"https:\/\/dpress.ma\/fr\/2022\/12\/13\/mondial-qatar-2022-la-combativite-et-lesprit-de-groupe-cles-de-voute-pour-atteindre-la-finale-regragui\/\" \/>\n<meta property=\"og:locale\" content=\"fr_FR\" \/>\n<meta property=\"og:type\" content=\"article\" \/>\n<meta property=\"og:title\" content=\"Mondial Qatar-2022 : la combativit\u00e9 et l\u2019esprit de groupe, cl\u00e9s de vo\u00fbte pour atteindre la finale (Regragui) - Dpress.ma\/fr\" \/>\n<meta property=\"og:description\" content=\"La combativit\u00e9 et l\u2019esprit de groupe sont les cl\u00e9s de vo\u00fbte pour battre la France mercredi en demi-finale de la Coupe du monde de football, a assur\u00e9 le s\u00e9lectionneur national Walid Regragui.\" \/>\n<meta property=\"og:url\" content=\"https:\/\/dpress.ma\/fr\/2022\/12\/13\/mondial-qatar-2022-la-combativite-et-lesprit-de-groupe-cles-de-voute-pour-atteindre-la-finale-regragui\/\" \/>\n<meta property=\"og:site_name\" content=\"Dpress.ma\/fr\" \/>\n<meta property=\"article:published_time\" content=\"2022-12-13T15:04:00+00:00\" \/>\n<meta property=\"article:modified_time\" content=\"2022-12-13T15:04:01+00:00\" \/>\n<meta property=\"og:image\" content=\"https:\/\/dpress.ma\/fr\/wp-content\/uploads\/sites\/2\/2022\/12\/dimensions2-49.jpg\" \/>\n\t<meta property=\"og:image:width\" content=\"2539\" \/>\n\t<meta property=\"og:image:height\" content=\"1594\" \/>\n\t<meta property=\"og:image:type\" content=\"image\/jpeg\" \/>\n<meta name=\"author\" content=\"Dpress.ma\" \/>\n<meta name=\"twitter:card\" content=\"summary_large_image\" \/>\n<meta name=\"twitter:label1\" content=\"\u00c9crit par\" \/>\n\t<meta name=\"twitter:data1\" content=\"Dpress.ma\" \/>\n\t<meta name=\"twitter:label2\" content=\"Dur\u00e9e de lecture estim\u00e9e\" \/>\n\t<meta name=\"twitter:data2\" content=\"3 minutes\" \/>\n<script type=\"application\/ld+json\" class=\"yoast-schema-graph\">{\"@context\":\"https:\\\/\\\/schema.org\",\"@graph\":[{\"@type\":\"Article\",\"@id\":\"https:\\\/\\\/dpress.ma\\\/fr\\\/2022\\\/12\\\/13\\\/mondial-qatar-2022-la-combativite-et-lesprit-de-groupe-cles-de-voute-pour-atteindre-la-finale-regragui\\\/#article\",\"isPartOf\":{\"@id\":\"https:\\\/\\\/dpress.ma\\\/fr\\\/2022\\\/12\\\/13\\\/mondial-qatar-2022-la-combativite-et-lesprit-de-groupe-cles-de-voute-pour-atteindre-la-finale-regragui\\\/\"},\"author\":{\"name\":\"Dpress.ma\",\"@id\":\"https:\\\/\\\/dpress.ma\\\/fr\\\/#\\\/schema\\\/person\\\/4898febf3ccd59e6578d838656a306a0\"},\"headline\":\"Mondial Qatar-2022 : la combativit\u00e9 et l\u2019esprit de groupe, cl\u00e9s de vo\u00fbte pour atteindre la finale (Regragui)\",\"datePublished\":\"2022-12-13T15:04:00+00:00\",\"dateModified\":\"2022-12-13T15:04:01+00:00\",\"mainEntityOfPage\":{\"@id\":\"https:\\\/\\\/dpress.ma\\\/fr\\\/2022\\\/12\\\/13\\\/mondial-qatar-2022-la-combativite-et-lesprit-de-groupe-cles-de-voute-pour-atteindre-la-finale-regragui\\\/\"},\"wordCount\":464,\"commentCount\":0,\"image\":{\"@id\":\"https:\\\/\\\/dpress.ma\\\/fr\\\/2022\\\/12\\\/13\\\/mondial-qatar-2022-la-combativite-et-lesprit-de-groupe-cles-de-voute-pour-atteindre-la-finale-regragui\\\/#primaryimage\"},\"thumbnailUrl\":\"https:\\\/\\\/dpress.ma\\\/fr\\\/wp-content\\\/uploads\\\/sites\\\/2\\\/2022\\\/12\\\/dimensions2-49.jpg\",\"articleSection\":[\"Sport\"],\"inLanguage\":\"fr-FR\",\"potentialAction\":[{\"@type\":\"CommentAction\",\"name\":\"Comment\",\"target\":[\"https:\\\/\\\/dpress.ma\\\/fr\\\/2022\\\/12\\\/13\\\/mondial-qatar-2022-la-combativite-et-lesprit-de-groupe-cles-de-voute-pour-atteindre-la-finale-regragui\\\/#respond\"]}]},{\"@type\":\"WebPage\",\"@id\":\"https:\\\/\\\/dpress.ma\\\/fr\\\/2022\\\/12\\\/13\\\/mondial-qatar-2022-la-combativite-et-lesprit-de-groupe-cles-de-voute-pour-atteindre-la-finale-regragui\\\/\",\"url\":\"https:\\\/\\\/dpress.ma\\\/fr\\\/2022\\\/12\\\/13\\\/mondial-qatar-2022-la-combativite-et-lesprit-de-groupe-cles-de-voute-pour-atteindre-la-finale-regragui\\\/\",\"name\":\"Mondial Qatar-2022 : la combativit\u00e9 et l\u2019esprit de groupe, cl\u00e9s de vo\u00fbte pour atteindre la finale (Regragui) - Dpress.ma\\\/fr\",\"isPartOf\":{\"@id\":\"https:\\\/\\\/dpress.ma\\\/fr\\\/#website\"},\"primaryImageOfPage\":{\"@id\":\"https:\\\/\\\/dpress.ma\\\/fr\\\/2022\\\/12\\\/13\\\/mondial-qatar-2022-la-combativite-et-lesprit-de-groupe-cles-de-voute-pour-atteindre-la-finale-regragui\\\/#primaryimage\"},\"image\":{\"@id\":\"https:\\\/\\\/dpress.ma\\\/fr\\\/2022\\\/12\\\/13\\\/mondial-qatar-2022-la-combativite-et-lesprit-de-groupe-cles-de-voute-pour-atteindre-la-finale-regragui\\\/#primaryimage\"},\"thumbnailUrl\":\"https:\\\/\\\/dpress.ma\\\/fr\\\/wp-content\\\/uploads\\\/sites\\\/2\\\/2022\\\/12\\\/dimensions2-49.jpg\",\"datePublished\":\"2022-12-13T15:04:00+00:00\",\"dateModified\":\"2022-12-13T15:04:01+00:00\",\"author\":{\"@id\":\"https:\\\/\\\/dpress.ma\\\/fr\\\/#\\\/schema\\\/person\\\/4898febf3ccd59e6578d838656a306a0\"},\"description\":\"La combativit\u00e9 et l\u2019esprit de groupe sont les cl\u00e9s de vo\u00fbte pour battre la France mercredi en demi-finale de la Coupe du monde de football, a assur\u00e9 le s\u00e9lectionneur national Walid Regragui.\",\"breadcrumb\":{\"@id\":\"https:\\\/\\\/dpress.ma\\\/fr\\\/2022\\\/12\\\/13\\\/mondial-qatar-2022-la-combativite-et-lesprit-de-groupe-cles-de-voute-pour-atteindre-la-finale-regragui\\\/#breadcrumb\"},\"inLanguage\":\"fr-FR\",\"potentialAction\":[{\"@type\":\"ReadAction\",\"target\":[\"https:\\\/\\\/dpress.ma\\\/fr\\\/2022\\\/12\\\/13\\\/mondial-qatar-2022-la-combativite-et-lesprit-de-groupe-cles-de-voute-pour-atteindre-la-finale-regragui\\\/\"]}]},{\"@type\":\"ImageObject\",\"inLanguage\":\"fr-FR\",\"@id\":\"https:\\\/\\\/dpress.ma\\\/fr\\\/2022\\\/12\\\/13\\\/mondial-qatar-2022-la-combativite-et-lesprit-de-groupe-cles-de-voute-pour-atteindre-la-finale-regragui\\\/#primaryimage\",\"url\":\"https:\\\/\\\/dpress.ma\\\/fr\\\/wp-content\\\/uploads\\\/sites\\\/2\\\/2022\\\/12\\\/dimensions2-49.jpg\",\"contentUrl\":\"https:\\\/\\\/dpress.ma\\\/fr\\\/wp-content\\\/uploads\\\/sites\\\/2\\\/2022\\\/12\\\/dimensions2-49.jpg\",\"width\":2539,\"height\":1594},{\"@type\":\"BreadcrumbList\",\"@id\":\"https:\\\/\\\/dpress.ma\\\/fr\\\/2022\\\/12\\\/13\\\/mondial-qatar-2022-la-combativite-et-lesprit-de-groupe-cles-de-voute-pour-atteindre-la-finale-regragui\\\/#breadcrumb\",\"itemListElement\":[{\"@type\":\"ListItem\",\"position\":1,\"name\":\"Home\",\"item\":\"https:\\\/\\\/dpress.ma\\\/fr\\\/\"},{\"@type\":\"ListItem\",\"position\":2,\"name\":\"Mondial Qatar-2022 : la combativit\u00e9 et l\u2019esprit de groupe, cl\u00e9s de vo\u00fbte pour atteindre la finale (Regragui)\"}]},{\"@type\":\"WebSite\",\"@id\":\"https:\\\/\\\/dpress.ma\\\/fr\\\/#website\",\"url\":\"https:\\\/\\\/dpress.ma\\\/fr\\\/\",\"name\":\"Dpress.ma\\\/fr\",\"description\":\"\",\"potentialAction\":[{\"@type\":\"SearchAction\",\"target\":{\"@type\":\"EntryPoint\",\"urlTemplate\":\"https:\\\/\\\/dpress.ma\\\/fr\\\/?s={search_term_string}\"},\"query-input\":{\"@type\":\"PropertyValueSpecification\",\"valueRequired\":true,\"valueName\":\"search_term_string\"}}],\"inLanguage\":\"fr-FR\"},{\"@type\":\"Person\",\"@id\":\"https:\\\/\\\/dpress.ma\\\/fr\\\/#\\\/schema\\\/person\\\/4898febf3ccd59e6578d838656a306a0\",\"name\":\"Dpress.ma\",\"image\":{\"@type\":\"ImageObject\",\"inLanguage\":\"fr-FR\",\"@id\":\"https:\\\/\\\/secure.gravatar.com\\\/avatar\\\/72ecc30e9db047a2e0e7176561eb9d564ed77c8108376495b19bd8336405198a?s=96&d=mm&r=g\",\"url\":\"https:\\\/\\\/secure.gravatar.com\\\/avatar\\\/72ecc30e9db047a2e0e7176561eb9d564ed77c8108376495b19bd8336405198a?s=96&d=mm&r=g\",\"contentUrl\":\"https:\\\/\\\/secure.gravatar.com\\\/avatar\\\/72ecc30e9db047a2e0e7176561eb9d564ed77c8108376495b19bd8336405198a?s=96&d=mm&r=g\",\"caption\":\"Dpress.ma\"},\"sameAs\":[\"https:\\\/\\\/www.dpress.ma\"],\"url\":\"https:\\\/\\\/dpress.ma\\\/fr\\\/author\\\/dpress-ma\\\/\"}]}<\/script>\n<!-- \/ Yoast SEO plugin. -->","yoast_head_json":{"title":"Mondial Qatar-2022 : la combativit\u00e9 et l\u2019esprit de groupe, cl\u00e9s de vo\u00fbte pour atteindre la finale (Regragui) - Dpress.ma\/fr","description":"La combativit\u00e9 et l\u2019esprit de groupe sont les cl\u00e9s de vo\u00fbte pour battre la France mercredi en demi-finale de la Coupe du monde de football, a assur\u00e9 le s\u00e9lectionneur national Walid Regragui.","robots":{"index":"index","follow":"follow","max-snippet":"max-snippet:-1","max-image-preview":"max-image-preview:large","max-video-preview":"max-video-preview:-1"},"canonical":"https:\/\/dpress.ma\/fr\/2022\/12\/13\/mondial-qatar-2022-la-combativite-et-lesprit-de-groupe-cles-de-voute-pour-atteindre-la-finale-regragui\/","og_locale":"fr_FR","og_type":"article","og_title":"Mondial Qatar-2022 : la combativit\u00e9 et l\u2019esprit de groupe, cl\u00e9s de vo\u00fbte pour atteindre la finale (Regragui) - Dpress.ma\/fr","og_description":"La combativit\u00e9 et l\u2019esprit de groupe sont les cl\u00e9s de vo\u00fbte pour battre la France mercredi en demi-finale de la Coupe du monde de football, a assur\u00e9 le s\u00e9lectionneur national Walid Regragui.","og_url":"https:\/\/dpress.ma\/fr\/2022\/12\/13\/mondial-qatar-2022-la-combativite-et-lesprit-de-groupe-cles-de-voute-pour-atteindre-la-finale-regragui\/","og_site_name":"Dpress.ma\/fr","article_published_time":"2022-12-13T15:04:00+00:00","article_modified_time":"2022-12-13T15:04:01+00:00","og_image":[{"width":2539,"height":1594,"url":"https:\/\/dpress.ma\/fr\/wp-content\/uploads\/sites\/2\/2022\/12\/dimensions2-49.jpg","type":"image\/jpeg"}],"author":"Dpress.ma","twitter_card":"summary_large_image","twitter_misc":{"\u00c9crit par":"Dpress.ma","Dur\u00e9e de lecture estim\u00e9e":"3 minutes"},"schema":{"@context":"https:\/\/schema.org","@graph":[{"@type":"Article","@id":"https:\/\/dpress.ma\/fr\/2022\/12\/13\/mondial-qatar-2022-la-combativite-et-lesprit-de-groupe-cles-de-voute-pour-atteindre-la-finale-regragui\/#article","isPartOf":{"@id":"https:\/\/dpress.ma\/fr\/2022\/12\/13\/mondial-qatar-2022-la-combativite-et-lesprit-de-groupe-cles-de-voute-pour-atteindre-la-finale-regragui\/"},"author":{"name":"Dpress.ma","@id":"https:\/\/dpress.ma\/fr\/#\/schema\/person\/4898febf3ccd59e6578d838656a306a0"},"headline":"Mondial Qatar-2022 : la combativit\u00e9 et l\u2019esprit de groupe, cl\u00e9s de vo\u00fbte pour atteindre la finale (Regragui)","datePublished":"2022-12-13T15:04:00+00:00","dateModified":"2022-12-13T15:04:01+00:00","mainEntityOfPage":{"@id":"https:\/\/dpress.ma\/fr\/2022\/12\/13\/mondial-qatar-2022-la-combativite-et-lesprit-de-groupe-cles-de-voute-pour-atteindre-la-finale-regragui\/"},"wordCount":464,"commentCount":0,"image":{"@id":"https:\/\/dpress.ma\/fr\/2022\/12\/13\/mondial-qatar-2022-la-combativite-et-lesprit-de-groupe-cles-de-voute-pour-atteindre-la-finale-regragui\/#primaryimage"},"thumbnailUrl":"https:\/\/dpress.ma\/fr\/wp-content\/uploads\/sites\/2\/2022\/12\/dimensions2-49.jpg","articleSection":["Sport"],"inLanguage":"fr-FR","potentialAction":[{"@type":"CommentAction","name":"Comment","target":["https:\/\/dpress.ma\/fr\/2022\/12\/13\/mondial-qatar-2022-la-combativite-et-lesprit-de-groupe-cles-de-voute-pour-atteindre-la-finale-regragui\/#respond"]}]},{"@type":"WebPage","@id":"https:\/\/dpress.ma\/fr\/2022\/12\/13\/mondial-qatar-2022-la-combativite-et-lesprit-de-groupe-cles-de-voute-pour-atteindre-la-finale-regragui\/","url":"https:\/\/dpress.ma\/fr\/2022\/12\/13\/mondial-qatar-2022-la-combativite-et-lesprit-de-groupe-cles-de-voute-pour-atteindre-la-finale-regragui\/","name":"Mondial Qatar-2022 : la combativit\u00e9 et l\u2019esprit de groupe, cl\u00e9s de vo\u00fbte pour atteindre la finale (Regragui) - Dpress.ma\/fr","isPartOf":{"@id":"https:\/\/dpress.ma\/fr\/#website"},"primaryImageOfPage":{"@id":"https:\/\/dpress.ma\/fr\/2022\/12\/13\/mondial-qatar-2022-la-combativite-et-lesprit-de-groupe-cles-de-voute-pour-atteindre-la-finale-regragui\/#primaryimage"},"image":{"@id":"https:\/\/dpress.ma\/fr\/2022\/12\/13\/mondial-qatar-2022-la-combativite-et-lesprit-de-groupe-cles-de-voute-pour-atteindre-la-finale-regragui\/#primaryimage"},"thumbnailUrl":"https:\/\/dpress.ma\/fr\/wp-content\/uploads\/sites\/2\/2022\/12\/dimensions2-49.jpg","datePublished":"2022-12-13T15:04:00+00:00","dateModified":"2022-12-13T15:04:01+00:00","author":{"@id":"https:\/\/dpress.ma\/fr\/#\/schema\/person\/4898febf3ccd59e6578d838656a306a0"},"description":"La combativit\u00e9 et l\u2019esprit de groupe sont les cl\u00e9s de vo\u00fbte pour battre la France mercredi en demi-finale de la Coupe du monde de football, a assur\u00e9 le s\u00e9lectionneur national Walid Regragui.","breadcrumb":{"@id":"https:\/\/dpress.ma\/fr\/2022\/12\/13\/mondial-qatar-2022-la-combativite-et-lesprit-de-groupe-cles-de-voute-pour-atteindre-la-finale-regragui\/#breadcrumb"},"inLanguage":"fr-FR","potentialAction":[{"@type":"ReadAction","target":["https:\/\/dpress.ma\/fr\/2022\/12\/13\/mondial-qatar-2022-la-combativite-et-lesprit-de-groupe-cles-de-voute-pour-atteindre-la-finale-regragui\/"]}]},{"@type":"ImageObject","inLanguage":"fr-FR","@id":"https:\/\/dpress.ma\/fr\/2022\/12\/13\/mondial-qatar-2022-la-combativite-et-lesprit-de-groupe-cles-de-voute-pour-atteindre-la-finale-regragui\/#primaryimage","url":"https:\/\/dpress.ma\/fr\/wp-content\/uploads\/sites\/2\/2022\/12\/dimensions2-49.jpg","contentUrl":"https:\/\/dpress.ma\/fr\/wp-content\/uploads\/sites\/2\/2022\/12\/dimensions2-49.jpg","width":2539,"height":1594},{"@type":"BreadcrumbList","@id":"https:\/\/dpress.ma\/fr\/2022\/12\/13\/mondial-qatar-2022-la-combativite-et-lesprit-de-groupe-cles-de-voute-pour-atteindre-la-finale-regragui\/#breadcrumb","itemListElement":[{"@type":"ListItem","position":1,"name":"Home","item":"https:\/\/dpress.ma\/fr\/"},{"@type":"ListItem","position":2,"name":"Mondial Qatar-2022 : la combativit\u00e9 et l\u2019esprit de groupe, cl\u00e9s de vo\u00fbte pour atteindre la finale (Regragui)"}]},{"@type":"WebSite","@id":"https:\/\/dpress.ma\/fr\/#website","url":"https:\/\/dpress.ma\/fr\/","name":"Dpress.ma\/fr","description":"","potentialAction":[{"@type":"SearchAction","target":{"@type":"EntryPoint","urlTemplate":"https:\/\/dpress.ma\/fr\/?s={search_term_string}"},"query-input":{"@type":"PropertyValueSpecification","valueRequired":true,"valueName":"search_term_string"}}],"inLanguage":"fr-FR"},{"@type":"Person","@id":"https:\/\/dpress.ma\/fr\/#\/schema\/person\/4898febf3ccd59e6578d838656a306a0","name":"Dpress.ma","image":{"@type":"ImageObject","inLanguage":"fr-FR","@id":"https:\/\/secure.gravatar.com\/avatar\/72ecc30e9db047a2e0e7176561eb9d564ed77c8108376495b19bd8336405198a?s=96&d=mm&r=g","url":"https:\/\/secure.gravatar.com\/avatar\/72ecc30e9db047a2e0e7176561eb9d564ed77c8108376495b19bd8336405198a?s=96&d=mm&r=g","contentUrl":"https:\/\/secure.gravatar.com\/avatar\/72ecc30e9db047a2e0e7176561eb9d564ed77c8108376495b19bd8336405198a?s=96&d=mm&r=g","caption":"Dpress.ma"},"sameAs":["https:\/\/www.dpress.ma"],"url":"https:\/\/dpress.ma\/fr\/author\/dpress-ma\/"}]}},"amp_enabled":true,"_links":{"self":[{"href":"https:\/\/dpress.ma\/fr\/wp-json\/wp\/v2\/posts\/2900","targetHints":{"allow":["GET"]}}],"collection":[{"href":"https:\/\/dpress.ma\/fr\/wp-json\/wp\/v2\/posts"}],"about":[{"href":"https:\/\/dpress.ma\/fr\/wp-json\/wp\/v2\/types\/post"}],"author":[{"embeddable":true,"href":"https:\/\/dpress.ma\/fr\/wp-json\/wp\/v2\/users\/2"}],"replies":[{"embeddable":true,"href":"https:\/\/dpress.ma\/fr\/wp-json\/wp\/v2\/comments?post=2900"}],"version-history":[{"count":1,"href":"https:\/\/dpress.ma\/fr\/wp-json\/wp\/v2\/posts\/2900\/revisions"}],"predecessor-version":[{"id":2902,"href":"https:\/\/dpress.ma\/fr\/wp-json\/wp\/v2\/posts\/2900\/revisions\/2902"}],"wp:featuredmedia":[{"embeddable":true,"href":"https:\/\/dpress.ma\/fr\/wp-json\/wp\/v2\/media\/2901"}],"wp:attachment":[{"href":"https:\/\/dpress.ma\/fr\/wp-json\/wp\/v2\/media?parent=2900"}],"wp:term":[{"taxonomy":"category","embeddable":true,"href":"https:\/\/dpress.ma\/fr\/wp-json\/wp\/v2\/categories?post=2900"},{"taxonomy":"post_tag","embeddable":true,"href":"https:\/\/dpress.ma\/fr\/wp-json\/wp\/v2\/tags?post=2900"}],"curies":[{"name":"wp","href":"https:\/\/api.w.org\/{rel}","templated":true}]}}