{"id":2894,"date":"2022-12-13T14:44:30","date_gmt":"2022-12-13T14:44:30","guid":{"rendered":"https:\/\/dpress.ma\/fr\/?p=2894"},"modified":"2022-12-13T14:44:32","modified_gmt":"2022-12-13T14:44:32","slug":"plus-de-20-000-visiteurs-au-musee-de-la-sira-annabaouia-et-de-la-civilisation-islamique-icesco","status":"publish","type":"post","link":"https:\/\/dpress.ma\/fr\/2022\/12\/13\/plus-de-20-000-visiteurs-au-musee-de-la-sira-annabaouia-et-de-la-civilisation-islamique-icesco\/","title":{"rendered":"Plus de 20.000 visiteurs au Mus\u00e9e de la Sira Annabaouia et de la civilisation islamique (ICESCO)"},"content":{"rendered":"\n<p>Dpress<\/p>\n\n\n\n<p>&nbsp;L\u2019exposition et le Mus\u00e9e international de la Sira Annabaouia et de la civilisation islamique, qu\u2019abrite actuellement le si\u00e8ge de l\u2019Organisation du monde islamique pour l\u2019\u00e9ducation, les sciences et la culture (ICESCO) \u00e0 Rabat, ont accueilli, dimanche, plus de 20.000 visiteurs.<\/p>\n\n\n\n<p>Depuis son inauguration officielle, le 17 novembre 2022, par Son Altesse Royale le Prince H\u00e9ritier Moulay El Hassan, le Mus\u00e9e de la Sira Annabaouia et de la civilisation islamique enregistre une affluence accrue du public d\u00e9sireux de d\u00e9couvrir les diff\u00e9rents pavillons et sections de l\u2019exposition, qui pr\u00e9sentent la S\u00eerah Annabaouia et mettent en exergue les divers aspects de la vie du Proph\u00e8te, de ses compagnons et des membres de sa famille, \u00e0 travers des moyens qui interpellent l\u2019esprit et la conscience, a indiqu\u00e9 l\u2019ICESCO dans un communiqu\u00e9.<\/p>\n\n\n\n<p>Organis\u00e9e sous le Haut patronage de Sa Majest\u00e9 le Roi Mohammed VI, cette exposition est tr\u00e8s pris\u00e9e par les visiteurs de diff\u00e9rents \u00e2ges qui appr\u00e9cient la pr\u00e9sentation et les explications d\u00e9taill\u00e9es sur la vie du Proph\u00e8te, en ayant recours aux derni\u00e8res technologies, a fait savoir le communiqu\u00e9, notant que les visiteurs ont \u00e9t\u00e9 profond\u00e9ment marqu\u00e9s et emport\u00e9s, \u00e0 premi\u00e8re vue, dans un voyage dans le temps.<\/p>\n\n\n\n<p>Cette exposition, qui constitue l\u2019aboutissement du partenariat strat\u00e9gique entre l\u2019ICESCO, la Ligue islamique mondiale et la Rabita Mohammadia des Oul\u00e9mas, vise \u00e0 mettre en exergue le message de l\u2019Islam incarnant la justice, la paix, la mis\u00e9ricorde, la tol\u00e9rance, la coexistence et la mod\u00e9ration, et fond\u00e9 sur le Saint Coran, la Sunna du proph\u00e8te et l\u2019histoire islamique rayonnante, pr\u00e9cise la m\u00eame source.<\/p>\n\n\n\n<p>L\u2019exposition est ouverte gratuitement au grand public, du mardi au dimanche, de 10h \u00e0 17h.<\/p>\n\n\n\n<p>L\u2019exposition et le Mus\u00e9e de la S\u00eerah du Proph\u00e8te et de la civilisation islamique contient des maquettes qui fournissent une description visuelle du chemin de migration du proph\u00e8te, de Makkah Al-Mukarramah \u00e0 M\u00e9dine, les sites les plus importants qu\u2019il a travers\u00e9s et les \u00e9v\u00e9nements qui ont accompagn\u00e9 sa migration.<\/p>\n\n\n\n<p>Le Mus\u00e9e comporte \u00e9galement un mod\u00e8le de la Kaaba et de M\u00e9dine incarnant l\u2019environnement naturel et b\u00e2ti \u00e0 l\u2019\u00e9poque du Proph\u00e8te, outre un aper\u00e7u sur les faits marquant de la construction et l\u2019\u00e9volution d\u2019Al-Masjid al-\u1e24ar\u00e2m et Al Masjid al-Nabawi.<\/p>\n\n\n\n<p>L\u2019exposition comprend, par ailleurs, des moyens d\u2019affichage sophistiqu\u00e9s et modernes pour pr\u00e9senter des faits et des informations li\u00e9s \u00e0 la Sunna du Proph\u00e8te, sa biographie, ainsi que les sciences et connaissances y aff\u00e9rentes, \u00e0 travers une r\u00e9f\u00e9rence scientifique \u00e9minente, et une diffusion innovante en mati\u00e8re de programmation, de structuration, de tabulation et de classification, par le biais de multiples m\u00e9thodes de pr\u00e9sentation modernes.<\/p>\n","protected":false},"excerpt":{"rendered":"<p>Dpress &nbsp;L\u2019exposition et le Mus\u00e9e international de la Sira Annabaouia et de la civilisation islamique, qu\u2019abrite actuellement le si\u00e8ge de l\u2019Organisation du monde islamique pour l\u2019\u00e9ducation, les sciences et la culture (ICESCO) \u00e0 Rabat, ont accueilli, dimanche, plus de 20.000 visiteurs. Depuis son inauguration officielle, le 17 novembre 2022, par Son Altesse Royale le Prince &hellip;<\/p>\n","protected":false},"author":2,"featured_media":2895,"comment_status":"open","ping_status":"open","sticky":false,"template":"","format":"standard","meta":{"footnotes":""},"categories":[31],"tags":[],"class_list":["post-2894","post","type-post","status-publish","format-standard","has-post-thumbnail","hentry","category-art-et-culture"],"yoast_head":"<!-- This site is optimized with the Yoast SEO plugin v27.5 - https:\/\/yoast.com\/product\/yoast-seo-wordpress\/ -->\n<title>Plus de 20.000 visiteurs au Mus\u00e9e de la Sira Annabaouia et de la civilisation islamique (ICESCO) - Dpress.ma\/fr<\/title>\n<meta name=\"description\" content=\"L\u2019exposition et le Mus\u00e9e international de la Sira Annabaouia et de la civilisation islamique, qu\u2019abrite actuellement le si\u00e8ge de l\u2019Organisation du monde islamique pour l\u2019\u00e9ducation, les sciences et la culture (ICESCO) \u00e0 Rabat, ont accueilli, dimanche, plus de 20.000 visiteurs\" \/>\n<meta name=\"robots\" content=\"index, follow, max-snippet:-1, max-image-preview:large, max-video-preview:-1\" \/>\n<link rel=\"canonical\" href=\"https:\/\/dpress.ma\/fr\/2022\/12\/13\/plus-de-20-000-visiteurs-au-musee-de-la-sira-annabaouia-et-de-la-civilisation-islamique-icesco\/\" \/>\n<meta property=\"og:locale\" content=\"fr_FR\" \/>\n<meta property=\"og:type\" content=\"article\" \/>\n<meta property=\"og:title\" content=\"Plus de 20.000 visiteurs au Mus\u00e9e de la Sira Annabaouia et de la civilisation islamique (ICESCO) - Dpress.ma\/fr\" \/>\n<meta property=\"og:description\" content=\"L\u2019exposition et le Mus\u00e9e international de la Sira Annabaouia et de la civilisation islamique, qu\u2019abrite actuellement le si\u00e8ge de l\u2019Organisation du monde islamique pour l\u2019\u00e9ducation, les sciences et la culture (ICESCO) \u00e0 Rabat, ont accueilli, dimanche, plus de 20.000 visiteurs\" \/>\n<meta property=\"og:url\" content=\"https:\/\/dpress.ma\/fr\/2022\/12\/13\/plus-de-20-000-visiteurs-au-musee-de-la-sira-annabaouia-et-de-la-civilisation-islamique-icesco\/\" \/>\n<meta property=\"og:site_name\" content=\"Dpress.ma\/fr\" \/>\n<meta property=\"article:published_time\" content=\"2022-12-13T14:44:30+00:00\" \/>\n<meta property=\"article:modified_time\" content=\"2022-12-13T14:44:32+00:00\" \/>\n<meta property=\"og:image\" content=\"https:\/\/dpress.ma\/fr\/wp-content\/uploads\/sites\/2\/2022\/12\/dimensions2-47.jpg\" \/>\n\t<meta property=\"og:image:width\" content=\"2539\" \/>\n\t<meta property=\"og:image:height\" content=\"1594\" \/>\n\t<meta property=\"og:image:type\" content=\"image\/jpeg\" \/>\n<meta name=\"author\" content=\"Dpress.ma\" \/>\n<meta name=\"twitter:card\" content=\"summary_large_image\" \/>\n<meta name=\"twitter:label1\" content=\"\u00c9crit par\" \/>\n\t<meta name=\"twitter:data1\" content=\"Dpress.ma\" \/>\n\t<meta name=\"twitter:label2\" content=\"Dur\u00e9e de lecture estim\u00e9e\" \/>\n\t<meta name=\"twitter:data2\" content=\"3 minutes\" \/>\n<script type=\"application\/ld+json\" class=\"yoast-schema-graph\">{\"@context\":\"https:\\\/\\\/schema.org\",\"@graph\":[{\"@type\":\"Article\",\"@id\":\"https:\\\/\\\/dpress.ma\\\/fr\\\/2022\\\/12\\\/13\\\/plus-de-20-000-visiteurs-au-musee-de-la-sira-annabaouia-et-de-la-civilisation-islamique-icesco\\\/#article\",\"isPartOf\":{\"@id\":\"https:\\\/\\\/dpress.ma\\\/fr\\\/2022\\\/12\\\/13\\\/plus-de-20-000-visiteurs-au-musee-de-la-sira-annabaouia-et-de-la-civilisation-islamique-icesco\\\/\"},\"author\":{\"name\":\"Dpress.ma\",\"@id\":\"https:\\\/\\\/dpress.ma\\\/fr\\\/#\\\/schema\\\/person\\\/4898febf3ccd59e6578d838656a306a0\"},\"headline\":\"Plus de 20.000 visiteurs au Mus\u00e9e de la Sira Annabaouia et de la civilisation islamique (ICESCO)\",\"datePublished\":\"2022-12-13T14:44:30+00:00\",\"dateModified\":\"2022-12-13T14:44:32+00:00\",\"mainEntityOfPage\":{\"@id\":\"https:\\\/\\\/dpress.ma\\\/fr\\\/2022\\\/12\\\/13\\\/plus-de-20-000-visiteurs-au-musee-de-la-sira-annabaouia-et-de-la-civilisation-islamique-icesco\\\/\"},\"wordCount\":503,\"commentCount\":0,\"image\":{\"@id\":\"https:\\\/\\\/dpress.ma\\\/fr\\\/2022\\\/12\\\/13\\\/plus-de-20-000-visiteurs-au-musee-de-la-sira-annabaouia-et-de-la-civilisation-islamique-icesco\\\/#primaryimage\"},\"thumbnailUrl\":\"https:\\\/\\\/dpress.ma\\\/fr\\\/wp-content\\\/uploads\\\/sites\\\/2\\\/2022\\\/12\\\/dimensions2-47.jpg\",\"articleSection\":[\"Art et Culture\"],\"inLanguage\":\"fr-FR\",\"potentialAction\":[{\"@type\":\"CommentAction\",\"name\":\"Comment\",\"target\":[\"https:\\\/\\\/dpress.ma\\\/fr\\\/2022\\\/12\\\/13\\\/plus-de-20-000-visiteurs-au-musee-de-la-sira-annabaouia-et-de-la-civilisation-islamique-icesco\\\/#respond\"]}]},{\"@type\":\"WebPage\",\"@id\":\"https:\\\/\\\/dpress.ma\\\/fr\\\/2022\\\/12\\\/13\\\/plus-de-20-000-visiteurs-au-musee-de-la-sira-annabaouia-et-de-la-civilisation-islamique-icesco\\\/\",\"url\":\"https:\\\/\\\/dpress.ma\\\/fr\\\/2022\\\/12\\\/13\\\/plus-de-20-000-visiteurs-au-musee-de-la-sira-annabaouia-et-de-la-civilisation-islamique-icesco\\\/\",\"name\":\"Plus de 20.000 visiteurs au Mus\u00e9e de la Sira Annabaouia et de la civilisation islamique (ICESCO) - Dpress.ma\\\/fr\",\"isPartOf\":{\"@id\":\"https:\\\/\\\/dpress.ma\\\/fr\\\/#website\"},\"primaryImageOfPage\":{\"@id\":\"https:\\\/\\\/dpress.ma\\\/fr\\\/2022\\\/12\\\/13\\\/plus-de-20-000-visiteurs-au-musee-de-la-sira-annabaouia-et-de-la-civilisation-islamique-icesco\\\/#primaryimage\"},\"image\":{\"@id\":\"https:\\\/\\\/dpress.ma\\\/fr\\\/2022\\\/12\\\/13\\\/plus-de-20-000-visiteurs-au-musee-de-la-sira-annabaouia-et-de-la-civilisation-islamique-icesco\\\/#primaryimage\"},\"thumbnailUrl\":\"https:\\\/\\\/dpress.ma\\\/fr\\\/wp-content\\\/uploads\\\/sites\\\/2\\\/2022\\\/12\\\/dimensions2-47.jpg\",\"datePublished\":\"2022-12-13T14:44:30+00:00\",\"dateModified\":\"2022-12-13T14:44:32+00:00\",\"author\":{\"@id\":\"https:\\\/\\\/dpress.ma\\\/fr\\\/#\\\/schema\\\/person\\\/4898febf3ccd59e6578d838656a306a0\"},\"description\":\"L\u2019exposition et le Mus\u00e9e international de la Sira Annabaouia et de la civilisation islamique, qu\u2019abrite actuellement le si\u00e8ge de l\u2019Organisation du monde islamique pour l\u2019\u00e9ducation, les sciences et la culture (ICESCO) \u00e0 Rabat, ont accueilli, dimanche, plus de 20.000 visiteurs\",\"breadcrumb\":{\"@id\":\"https:\\\/\\\/dpress.ma\\\/fr\\\/2022\\\/12\\\/13\\\/plus-de-20-000-visiteurs-au-musee-de-la-sira-annabaouia-et-de-la-civilisation-islamique-icesco\\\/#breadcrumb\"},\"inLanguage\":\"fr-FR\",\"potentialAction\":[{\"@type\":\"ReadAction\",\"target\":[\"https:\\\/\\\/dpress.ma\\\/fr\\\/2022\\\/12\\\/13\\\/plus-de-20-000-visiteurs-au-musee-de-la-sira-annabaouia-et-de-la-civilisation-islamique-icesco\\\/\"]}]},{\"@type\":\"ImageObject\",\"inLanguage\":\"fr-FR\",\"@id\":\"https:\\\/\\\/dpress.ma\\\/fr\\\/2022\\\/12\\\/13\\\/plus-de-20-000-visiteurs-au-musee-de-la-sira-annabaouia-et-de-la-civilisation-islamique-icesco\\\/#primaryimage\",\"url\":\"https:\\\/\\\/dpress.ma\\\/fr\\\/wp-content\\\/uploads\\\/sites\\\/2\\\/2022\\\/12\\\/dimensions2-47.jpg\",\"contentUrl\":\"https:\\\/\\\/dpress.ma\\\/fr\\\/wp-content\\\/uploads\\\/sites\\\/2\\\/2022\\\/12\\\/dimensions2-47.jpg\",\"width\":2539,\"height\":1594},{\"@type\":\"BreadcrumbList\",\"@id\":\"https:\\\/\\\/dpress.ma\\\/fr\\\/2022\\\/12\\\/13\\\/plus-de-20-000-visiteurs-au-musee-de-la-sira-annabaouia-et-de-la-civilisation-islamique-icesco\\\/#breadcrumb\",\"itemListElement\":[{\"@type\":\"ListItem\",\"position\":1,\"name\":\"Home\",\"item\":\"https:\\\/\\\/dpress.ma\\\/fr\\\/\"},{\"@type\":\"ListItem\",\"position\":2,\"name\":\"Plus de 20.000 visiteurs au Mus\u00e9e de la Sira Annabaouia et de la civilisation islamique (ICESCO)\"}]},{\"@type\":\"WebSite\",\"@id\":\"https:\\\/\\\/dpress.ma\\\/fr\\\/#website\",\"url\":\"https:\\\/\\\/dpress.ma\\\/fr\\\/\",\"name\":\"Dpress.ma\\\/fr\",\"description\":\"\",\"potentialAction\":[{\"@type\":\"SearchAction\",\"target\":{\"@type\":\"EntryPoint\",\"urlTemplate\":\"https:\\\/\\\/dpress.ma\\\/fr\\\/?s={search_term_string}\"},\"query-input\":{\"@type\":\"PropertyValueSpecification\",\"valueRequired\":true,\"valueName\":\"search_term_string\"}}],\"inLanguage\":\"fr-FR\"},{\"@type\":\"Person\",\"@id\":\"https:\\\/\\\/dpress.ma\\\/fr\\\/#\\\/schema\\\/person\\\/4898febf3ccd59e6578d838656a306a0\",\"name\":\"Dpress.ma\",\"image\":{\"@type\":\"ImageObject\",\"inLanguage\":\"fr-FR\",\"@id\":\"https:\\\/\\\/secure.gravatar.com\\\/avatar\\\/72ecc30e9db047a2e0e7176561eb9d564ed77c8108376495b19bd8336405198a?s=96&d=mm&r=g\",\"url\":\"https:\\\/\\\/secure.gravatar.com\\\/avatar\\\/72ecc30e9db047a2e0e7176561eb9d564ed77c8108376495b19bd8336405198a?s=96&d=mm&r=g\",\"contentUrl\":\"https:\\\/\\\/secure.gravatar.com\\\/avatar\\\/72ecc30e9db047a2e0e7176561eb9d564ed77c8108376495b19bd8336405198a?s=96&d=mm&r=g\",\"caption\":\"Dpress.ma\"},\"sameAs\":[\"https:\\\/\\\/www.dpress.ma\"],\"url\":\"https:\\\/\\\/dpress.ma\\\/fr\\\/author\\\/dpress-ma\\\/\"}]}<\/script>\n<!-- \/ Yoast SEO plugin. -->","yoast_head_json":{"title":"Plus de 20.000 visiteurs au Mus\u00e9e de la Sira Annabaouia et de la civilisation islamique (ICESCO) - Dpress.ma\/fr","description":"L\u2019exposition et le Mus\u00e9e international de la Sira Annabaouia et de la civilisation islamique, qu\u2019abrite actuellement le si\u00e8ge de l\u2019Organisation du monde islamique pour l\u2019\u00e9ducation, les sciences et la culture (ICESCO) \u00e0 Rabat, ont accueilli, dimanche, plus de 20.000 visiteurs","robots":{"index":"index","follow":"follow","max-snippet":"max-snippet:-1","max-image-preview":"max-image-preview:large","max-video-preview":"max-video-preview:-1"},"canonical":"https:\/\/dpress.ma\/fr\/2022\/12\/13\/plus-de-20-000-visiteurs-au-musee-de-la-sira-annabaouia-et-de-la-civilisation-islamique-icesco\/","og_locale":"fr_FR","og_type":"article","og_title":"Plus de 20.000 visiteurs au Mus\u00e9e de la Sira Annabaouia et de la civilisation islamique (ICESCO) - Dpress.ma\/fr","og_description":"L\u2019exposition et le Mus\u00e9e international de la Sira Annabaouia et de la civilisation islamique, qu\u2019abrite actuellement le si\u00e8ge de l\u2019Organisation du monde islamique pour l\u2019\u00e9ducation, les sciences et la culture (ICESCO) \u00e0 Rabat, ont accueilli, dimanche, plus de 20.000 visiteurs","og_url":"https:\/\/dpress.ma\/fr\/2022\/12\/13\/plus-de-20-000-visiteurs-au-musee-de-la-sira-annabaouia-et-de-la-civilisation-islamique-icesco\/","og_site_name":"Dpress.ma\/fr","article_published_time":"2022-12-13T14:44:30+00:00","article_modified_time":"2022-12-13T14:44:32+00:00","og_image":[{"width":2539,"height":1594,"url":"https:\/\/dpress.ma\/fr\/wp-content\/uploads\/sites\/2\/2022\/12\/dimensions2-47.jpg","type":"image\/jpeg"}],"author":"Dpress.ma","twitter_card":"summary_large_image","twitter_misc":{"\u00c9crit par":"Dpress.ma","Dur\u00e9e de lecture estim\u00e9e":"3 minutes"},"schema":{"@context":"https:\/\/schema.org","@graph":[{"@type":"Article","@id":"https:\/\/dpress.ma\/fr\/2022\/12\/13\/plus-de-20-000-visiteurs-au-musee-de-la-sira-annabaouia-et-de-la-civilisation-islamique-icesco\/#article","isPartOf":{"@id":"https:\/\/dpress.ma\/fr\/2022\/12\/13\/plus-de-20-000-visiteurs-au-musee-de-la-sira-annabaouia-et-de-la-civilisation-islamique-icesco\/"},"author":{"name":"Dpress.ma","@id":"https:\/\/dpress.ma\/fr\/#\/schema\/person\/4898febf3ccd59e6578d838656a306a0"},"headline":"Plus de 20.000 visiteurs au Mus\u00e9e de la Sira Annabaouia et de la civilisation islamique (ICESCO)","datePublished":"2022-12-13T14:44:30+00:00","dateModified":"2022-12-13T14:44:32+00:00","mainEntityOfPage":{"@id":"https:\/\/dpress.ma\/fr\/2022\/12\/13\/plus-de-20-000-visiteurs-au-musee-de-la-sira-annabaouia-et-de-la-civilisation-islamique-icesco\/"},"wordCount":503,"commentCount":0,"image":{"@id":"https:\/\/dpress.ma\/fr\/2022\/12\/13\/plus-de-20-000-visiteurs-au-musee-de-la-sira-annabaouia-et-de-la-civilisation-islamique-icesco\/#primaryimage"},"thumbnailUrl":"https:\/\/dpress.ma\/fr\/wp-content\/uploads\/sites\/2\/2022\/12\/dimensions2-47.jpg","articleSection":["Art et Culture"],"inLanguage":"fr-FR","potentialAction":[{"@type":"CommentAction","name":"Comment","target":["https:\/\/dpress.ma\/fr\/2022\/12\/13\/plus-de-20-000-visiteurs-au-musee-de-la-sira-annabaouia-et-de-la-civilisation-islamique-icesco\/#respond"]}]},{"@type":"WebPage","@id":"https:\/\/dpress.ma\/fr\/2022\/12\/13\/plus-de-20-000-visiteurs-au-musee-de-la-sira-annabaouia-et-de-la-civilisation-islamique-icesco\/","url":"https:\/\/dpress.ma\/fr\/2022\/12\/13\/plus-de-20-000-visiteurs-au-musee-de-la-sira-annabaouia-et-de-la-civilisation-islamique-icesco\/","name":"Plus de 20.000 visiteurs au Mus\u00e9e de la Sira Annabaouia et de la civilisation islamique (ICESCO) - Dpress.ma\/fr","isPartOf":{"@id":"https:\/\/dpress.ma\/fr\/#website"},"primaryImageOfPage":{"@id":"https:\/\/dpress.ma\/fr\/2022\/12\/13\/plus-de-20-000-visiteurs-au-musee-de-la-sira-annabaouia-et-de-la-civilisation-islamique-icesco\/#primaryimage"},"image":{"@id":"https:\/\/dpress.ma\/fr\/2022\/12\/13\/plus-de-20-000-visiteurs-au-musee-de-la-sira-annabaouia-et-de-la-civilisation-islamique-icesco\/#primaryimage"},"thumbnailUrl":"https:\/\/dpress.ma\/fr\/wp-content\/uploads\/sites\/2\/2022\/12\/dimensions2-47.jpg","datePublished":"2022-12-13T14:44:30+00:00","dateModified":"2022-12-13T14:44:32+00:00","author":{"@id":"https:\/\/dpress.ma\/fr\/#\/schema\/person\/4898febf3ccd59e6578d838656a306a0"},"description":"L\u2019exposition et le Mus\u00e9e international de la Sira Annabaouia et de la civilisation islamique, qu\u2019abrite actuellement le si\u00e8ge de l\u2019Organisation du monde islamique pour l\u2019\u00e9ducation, les sciences et la culture (ICESCO) \u00e0 Rabat, ont accueilli, dimanche, plus de 20.000 visiteurs","breadcrumb":{"@id":"https:\/\/dpress.ma\/fr\/2022\/12\/13\/plus-de-20-000-visiteurs-au-musee-de-la-sira-annabaouia-et-de-la-civilisation-islamique-icesco\/#breadcrumb"},"inLanguage":"fr-FR","potentialAction":[{"@type":"ReadAction","target":["https:\/\/dpress.ma\/fr\/2022\/12\/13\/plus-de-20-000-visiteurs-au-musee-de-la-sira-annabaouia-et-de-la-civilisation-islamique-icesco\/"]}]},{"@type":"ImageObject","inLanguage":"fr-FR","@id":"https:\/\/dpress.ma\/fr\/2022\/12\/13\/plus-de-20-000-visiteurs-au-musee-de-la-sira-annabaouia-et-de-la-civilisation-islamique-icesco\/#primaryimage","url":"https:\/\/dpress.ma\/fr\/wp-content\/uploads\/sites\/2\/2022\/12\/dimensions2-47.jpg","contentUrl":"https:\/\/dpress.ma\/fr\/wp-content\/uploads\/sites\/2\/2022\/12\/dimensions2-47.jpg","width":2539,"height":1594},{"@type":"BreadcrumbList","@id":"https:\/\/dpress.ma\/fr\/2022\/12\/13\/plus-de-20-000-visiteurs-au-musee-de-la-sira-annabaouia-et-de-la-civilisation-islamique-icesco\/#breadcrumb","itemListElement":[{"@type":"ListItem","position":1,"name":"Home","item":"https:\/\/dpress.ma\/fr\/"},{"@type":"ListItem","position":2,"name":"Plus de 20.000 visiteurs au Mus\u00e9e de la Sira Annabaouia et de la civilisation islamique (ICESCO)"}]},{"@type":"WebSite","@id":"https:\/\/dpress.ma\/fr\/#website","url":"https:\/\/dpress.ma\/fr\/","name":"Dpress.ma\/fr","description":"","potentialAction":[{"@type":"SearchAction","target":{"@type":"EntryPoint","urlTemplate":"https:\/\/dpress.ma\/fr\/?s={search_term_string}"},"query-input":{"@type":"PropertyValueSpecification","valueRequired":true,"valueName":"search_term_string"}}],"inLanguage":"fr-FR"},{"@type":"Person","@id":"https:\/\/dpress.ma\/fr\/#\/schema\/person\/4898febf3ccd59e6578d838656a306a0","name":"Dpress.ma","image":{"@type":"ImageObject","inLanguage":"fr-FR","@id":"https:\/\/secure.gravatar.com\/avatar\/72ecc30e9db047a2e0e7176561eb9d564ed77c8108376495b19bd8336405198a?s=96&d=mm&r=g","url":"https:\/\/secure.gravatar.com\/avatar\/72ecc30e9db047a2e0e7176561eb9d564ed77c8108376495b19bd8336405198a?s=96&d=mm&r=g","contentUrl":"https:\/\/secure.gravatar.com\/avatar\/72ecc30e9db047a2e0e7176561eb9d564ed77c8108376495b19bd8336405198a?s=96&d=mm&r=g","caption":"Dpress.ma"},"sameAs":["https:\/\/www.dpress.ma"],"url":"https:\/\/dpress.ma\/fr\/author\/dpress-ma\/"}]}},"amp_enabled":true,"_links":{"self":[{"href":"https:\/\/dpress.ma\/fr\/wp-json\/wp\/v2\/posts\/2894","targetHints":{"allow":["GET"]}}],"collection":[{"href":"https:\/\/dpress.ma\/fr\/wp-json\/wp\/v2\/posts"}],"about":[{"href":"https:\/\/dpress.ma\/fr\/wp-json\/wp\/v2\/types\/post"}],"author":[{"embeddable":true,"href":"https:\/\/dpress.ma\/fr\/wp-json\/wp\/v2\/users\/2"}],"replies":[{"embeddable":true,"href":"https:\/\/dpress.ma\/fr\/wp-json\/wp\/v2\/comments?post=2894"}],"version-history":[{"count":1,"href":"https:\/\/dpress.ma\/fr\/wp-json\/wp\/v2\/posts\/2894\/revisions"}],"predecessor-version":[{"id":2896,"href":"https:\/\/dpress.ma\/fr\/wp-json\/wp\/v2\/posts\/2894\/revisions\/2896"}],"wp:featuredmedia":[{"embeddable":true,"href":"https:\/\/dpress.ma\/fr\/wp-json\/wp\/v2\/media\/2895"}],"wp:attachment":[{"href":"https:\/\/dpress.ma\/fr\/wp-json\/wp\/v2\/media?parent=2894"}],"wp:term":[{"taxonomy":"category","embeddable":true,"href":"https:\/\/dpress.ma\/fr\/wp-json\/wp\/v2\/categories?post=2894"},{"taxonomy":"post_tag","embeddable":true,"href":"https:\/\/dpress.ma\/fr\/wp-json\/wp\/v2\/tags?post=2894"}],"curies":[{"name":"wp","href":"https:\/\/api.w.org\/{rel}","templated":true}]}}