{"id":28635,"date":"2026-04-15T17:15:56","date_gmt":"2026-04-15T17:15:56","guid":{"rendered":"https:\/\/dpress.ma\/fr\/?p=28635"},"modified":"2026-04-15T17:15:58","modified_gmt":"2026-04-15T17:15:58","slug":"la-3eme-edition-des-regionales-de-linvestissement-du-groupe-bcp-fait-escale-a-casablanca","status":"publish","type":"post","link":"https:\/\/dpress.ma\/fr\/2026\/04\/15\/la-3eme-edition-des-regionales-de-linvestissement-du-groupe-bcp-fait-escale-a-casablanca\/","title":{"rendered":"La 3\u00e8me \u00e9dition des R\u00e9gionales de l\u2019Investissement du groupe BCP fait escale \u00e0 Casablanca"},"content":{"rendered":"\n<p>Dpress<\/p>\n\n\n\n<p>La capitale \u00e9conomique du Royaume a accueilli, mercredi, la 3\u00e8me \u00e9dition des R\u00e9gionales de l\u2019Investissement du Groupe BCP, un rendez-vous d\u00e9di\u00e9 \u00e0 la promotion de l\u2019investissement productif et au renforcement de l\u2019accompagnement des entreprises, dans un contexte marqu\u00e9 notamment par la mise en \u0153uvre de la Charte de l\u2019investissement.<\/p>\n\n\n\n<p>S\u2019exprimant \u00e0 cette occasion, Naziha Belkeziz, Pr\u00e9sident Directeur G\u00e9n\u00e9ral du Groupe BCP, a mis en avant l\u2019importance de la r\u00e9gion Casablanca-Settat qui constitue un v\u00e9ritable acc\u00e9l\u00e9rateur de croissance pour l\u2019\u00e9conomie nationale.<\/p>\n\n\n\n<p>Elle a, dans ce sens, rappel\u00e9 que cette r\u00e9gion contribue \u00e0 pr\u00e8s de 32% du produit int\u00e9rieur brut (PIB) national, concentre plus de 60% de l\u2019activit\u00e9 industrielle, repr\u00e9sente plus du tiers du tissu entrepreneurial et capte l\u2019essentiel des investissements priv\u00e9s du Royaume.<\/p>\n\n\n\n<p>Et d\u2019ajouter : \u201cLa v\u00e9ritable force de Casablanca r\u00e9side dans la richesse de son tissu entrepreneurial. Plus de 90% des entreprises y sont des PME (petites et moyennes entreprises), qui constituent le principal moteur de cr\u00e9ation d\u2019emplois dans la r\u00e9gion. Par leur capacit\u00e9 d\u2019innovation, d\u2019adaptation et de r\u00e9silience, ces entreprises contribuent quotidiennement \u00e0 la dynamique \u00e9conomique\u201d.<\/p>\n\n\n\n<p>Dans un environnement \u00e0 la fois dynamique et fortement concurrentiel, ces PME font face \u00e0 des d\u00e9fis majeurs, notamment en mati\u00e8re de structuration, d\u2019acc\u00e8s au financement, mais aussi de transformation digitale, de transition \u00e9nerg\u00e9tique et d\u2019int\u00e9gration de l\u2019intelligence artificielle (IA) \u00e0 tous les niveaux, a relev\u00e9 Mme. Belkeziz.<\/p>\n\n\n\n<p>C\u2019est dans ce contexte que le r\u00f4le du groupe BCP, qui c\u00e9l\u00e8bre son centenaire, prend tout son sens, a-t-elle not\u00e9. \u201cNotre mod\u00e8le est clair : \u00eatre une banque au service de l\u2019\u00e9conomie r\u00e9elle. Au-del\u00e0 du financement, qui constitue notre vocation premi\u00e8re, nous nous attachons \u00e0 conseiller, structurer, orienter et accompagner les porteurs de projets ainsi que les entreprises\u201d, a expliqu\u00e9 Mme. Belkeziz.<\/p>\n\n\n\n<p>De son c\u00f4t\u00e9, le secr\u00e9taire g\u00e9n\u00e9ral de l\u2019Investissement, de la Convergence et de l\u2019\u00c9valuation des politiques publiques, Brahim Benmoussa\u200f, a soulign\u00e9 que cet \u00e9v\u00e9nement s\u2019inscrit d\u00e9sormais dans la dur\u00e9e et t\u00e9moigne de l\u2019engagement concret du secteur bancaire marocain aux c\u00f4t\u00e9s de l\u2019Etat pour promouvoir et encourager l\u2019investissement priv\u00e9, en particulier l\u2019investissement productif, \u00e0 l\u2019\u00e9chelle de l\u2019ensemble du territoire national.<\/p>\n\n\n\n<p>Intervenant au nom du ministre d\u00e9l\u00e9gu\u00e9 charg\u00e9 de l\u2019Investissement, de la Convergence et de l\u2019\u00c9valuation des politiques publiques, Karim Zidane, M. Benmoussa a fait remarquer que c\u2019est dans ce m\u00eame esprit, et conform\u00e9ment aux Hautes Orientations de Sa Majest\u00e9 le Roi Mohammed VI, qu\u2019a \u00e9t\u00e9 \u00e9labor\u00e9e la nouvelle Charte de l\u2019investissement, pla\u00e7ant l\u2019entrepreneuriat, l\u2019appui financier et l\u2019investissement au c\u0153ur de son dispositif.<\/p>\n\n\n\n<p>Cette Charte, a-t-il soutenu, constitue aussi un levier essentiel pour la cr\u00e9ation d\u2019emplois stables, la g\u00e9n\u00e9ration de valeur ajout\u00e9e, la valorisation des territoires et la r\u00e9duction des disparit\u00e9s territoriales, avec pour objectif ultime de faire de l\u2019investissement un moteur de croissance et de relance \u00e9conomique.<\/p>\n\n\n\n<p>Par ailleurs, M. Benmoussa a indiqu\u00e9 que les investissements r\u00e9alis\u00e9s dans des secteurs strat\u00e9giques tels que l\u2019industrie automobile, l\u2019a\u00e9ronautique, l\u2019industrie pharmaceutique ou encore l\u2019agroalimentaire, permettent au Maroc de monter en gamme dans les cha\u00eenes de valeur mondiales et de s\u2019affirmer comme un maillon essentiel dans les nouvelles dynamiques de recomposition \u00e9conomique internationale.<\/p>\n\n\n\n<p>Il a estim\u00e9 que l\u2019investissement devrait d\u00e9sormais \u00eatre davantage port\u00e9 par les tr\u00e8s petites, petites et moyennes entreprises (TPME), qui, bien qu\u2019\u00e9voluant aux c\u00f4t\u00e9s des grandes entreprises, sont appel\u00e9es \u00e0 jouer un r\u00f4le accru en mati\u00e8re de cr\u00e9ation de valeur, d\u2019innovation et d\u2019emplois stables.<\/p>\n\n\n\n<p>Pour sa part, le pr\u00e9sident de la Conf\u00e9d\u00e9ration g\u00e9n\u00e9rale des entreprises du Maroc (CGEM), Chakib Alj, a fait part de la mobilisation de la Conf\u00e9d\u00e9ration pour accompagner, au quotidien, le d\u00e9veloppement des TPME.<\/p>\n\n\n\n<p>Cet engagement se traduit d\u2019abord par un effort constant de mont\u00e9e en comp\u00e9tence, \u00e0 travers des formations r\u00e9guli\u00e8res sur des sujets structurants, qu\u2019il s\u2019agisse de l\u2019intelligence artificielle, du financement ou encore de l\u2019organisation et de la gouvernance, ainsi que par des initiatives concr\u00e8tes, pens\u00e9es pour r\u00e9pondre aux besoins r\u00e9els du terrain, a-t-il fait savoir.<\/p>\n\n\n\n<p>\u201cMais notre action ne s\u2019arr\u00eate pas \u00e0 l\u2019accompagnement direct des entreprises. Elle s\u2019inscrit aussi dans un travail de fond pour faire \u00e9voluer l\u2019environnement dans lequel elles op\u00e8rent. Nous avons ainsi contribu\u00e9 activement \u00e0 plusieurs avanc\u00e9es structurantes en mati\u00e8re de politiques publiques\u201d, a soutenu M. Alj, citant \u00e0 cet \u00e9gard la loi 69-21 sur les d\u00e9lais de paiement, le nouveau d\u00e9cret des march\u00e9s publics et la mise en place d\u2019une charte de financement d\u00e9di\u00e9e aux tr\u00e8s petites entreprises (TPE).<\/p>\n\n\n\n<p>Quant au directeur g\u00e9n\u00e9ral en charge de la Banque de D\u00e9tail (Retail) du groupe BCP, Idriss Bensma\u00efl, il a expliqu\u00e9 que \u201cLes R\u00e9gionales de l\u2019investissement\u201d repr\u00e9sentent \u00e0 la fois un carrefour de promotion des m\u00e9canismes de partenariat public et parapublic, et une plateforme d\u2019un accompagnement concret.<\/p>\n\n\n\n<p>\u201cApr\u00e8s le lancement de l\u2019\u00e9dition 2026 \u00e0 Rabat, nous poursuivrons cette dynamique \u00e0 travers l\u2019ensemble des r\u00e9gions et territoires du Royaume, avec l\u2019implication de nos partenaires publics. Cette ann\u00e9e est d\u2019ailleurs marqu\u00e9e par un renforcement de ces partenariats, avec la signature de deux nouvelles conventions, l\u2019une avec l\u2019AMDIE (Agence Marocaine de D\u00e9veloppement des Investissements et des Exportations) et l\u2019autre avec Maroc PME\u201d, a-t-il rappel\u00e9.<\/p>\n\n\n\n<p>Cette \u00e9tape des R\u00e9gionales de l\u2019Investissement s\u2019est articul\u00e9e autour de deux panels portant sur \u201cles dispositifs d\u2019appui \u00e0 l\u2019investissement\u201d et \u201cla dynamique sectorielle et le d\u00e9veloppement des exportations\u201d, en plus d\u2019une keynote sur le potentiel de l\u2019IA pour les PME au Maroc.<\/p>\n\n\n\n<p>La troisi\u00e8me \u00e9dition des R\u00e9gionales de l\u2019Investissement va sillonner d\u2019autres villes du Royaume, couvrant les principaux bassins \u00e9conomiques r\u00e9gionaux. \u00c0 chaque \u00e9tape, des panels th\u00e9matiques, des ateliers op\u00e9rationnels, des sessions de diagnostic personnalis\u00e9 ainsi que des rencontres B2B permettront aux porteurs de projets d\u2019interagir directement avec les partenaires institutionnels et les \u00e9quipes d\u2019experts du Groupe.<\/p>\n","protected":false},"excerpt":{"rendered":"<p>Dpress La capitale \u00e9conomique du Royaume a accueilli, mercredi, la 3\u00e8me \u00e9dition des R\u00e9gionales de l\u2019Investissement du Groupe BCP, un rendez-vous d\u00e9di\u00e9 \u00e0 la promotion de l\u2019investissement productif et au renforcement de l\u2019accompagnement des entreprises, dans un contexte marqu\u00e9 notamment par la mise en \u0153uvre de la Charte de l\u2019investissement. S\u2019exprimant \u00e0 cette occasion, Naziha &hellip;<\/p>\n","protected":false},"author":2,"featured_media":28636,"comment_status":"open","ping_status":"open","sticky":false,"template":"","format":"standard","meta":{"footnotes":""},"categories":[25],"tags":[],"class_list":["post-28635","post","type-post","status-publish","format-standard","has-post-thumbnail","hentry","category-economie"],"yoast_head":"<!-- This site is optimized with the Yoast SEO plugin v27.4 - https:\/\/yoast.com\/product\/yoast-seo-wordpress\/ -->\n<title>La 3\u00e8me \u00e9dition des R\u00e9gionales de l\u2019Investissement du groupe BCP fait escale \u00e0 Casablanca - Dpress.ma\/fr<\/title>\n<meta name=\"robots\" content=\"index, follow, max-snippet:-1, max-image-preview:large, max-video-preview:-1\" \/>\n<link rel=\"canonical\" href=\"https:\/\/dpress.ma\/fr\/2026\/04\/15\/la-3eme-edition-des-regionales-de-linvestissement-du-groupe-bcp-fait-escale-a-casablanca\/\" \/>\n<meta property=\"og:locale\" content=\"fr_FR\" \/>\n<meta property=\"og:type\" content=\"article\" \/>\n<meta property=\"og:title\" content=\"La 3\u00e8me \u00e9dition des R\u00e9gionales de l\u2019Investissement du groupe BCP fait escale \u00e0 Casablanca - Dpress.ma\/fr\" \/>\n<meta property=\"og:description\" content=\"Dpress La capitale \u00e9conomique du Royaume a accueilli, mercredi, la 3\u00e8me \u00e9dition des R\u00e9gionales de l\u2019Investissement du Groupe BCP, un rendez-vous d\u00e9di\u00e9 \u00e0 la promotion de l\u2019investissement productif et au renforcement de l\u2019accompagnement des entreprises, dans un contexte marqu\u00e9 notamment par la mise en \u0153uvre de la Charte de l\u2019investissement. S\u2019exprimant \u00e0 cette occasion, Naziha &hellip;\" \/>\n<meta property=\"og:url\" content=\"https:\/\/dpress.ma\/fr\/2026\/04\/15\/la-3eme-edition-des-regionales-de-linvestissement-du-groupe-bcp-fait-escale-a-casablanca\/\" \/>\n<meta property=\"og:site_name\" content=\"Dpress.ma\/fr\" \/>\n<meta property=\"article:published_time\" content=\"2026-04-15T17:15:56+00:00\" \/>\n<meta property=\"article:modified_time\" content=\"2026-04-15T17:15:58+00:00\" \/>\n<meta property=\"og:image\" content=\"https:\/\/dpress.ma\/fr\/wp-content\/uploads\/sites\/2\/2026\/04\/18-5.jpg\" \/>\n\t<meta property=\"og:image:width\" content=\"2539\" \/>\n\t<meta property=\"og:image:height\" content=\"1594\" \/>\n\t<meta property=\"og:image:type\" content=\"image\/jpeg\" \/>\n<meta name=\"author\" content=\"Dpress.ma\" \/>\n<meta name=\"twitter:card\" content=\"summary_large_image\" \/>\n<meta name=\"twitter:label1\" content=\"\u00c9crit par\" \/>\n\t<meta name=\"twitter:data1\" content=\"Dpress.ma\" \/>\n\t<meta name=\"twitter:label2\" content=\"Dur\u00e9e de lecture estim\u00e9e\" \/>\n\t<meta name=\"twitter:data2\" content=\"5 minutes\" \/>\n<script type=\"application\/ld+json\" class=\"yoast-schema-graph\">{\"@context\":\"https:\\\/\\\/schema.org\",\"@graph\":[{\"@type\":\"Article\",\"@id\":\"https:\\\/\\\/dpress.ma\\\/fr\\\/2026\\\/04\\\/15\\\/la-3eme-edition-des-regionales-de-linvestissement-du-groupe-bcp-fait-escale-a-casablanca\\\/#article\",\"isPartOf\":{\"@id\":\"https:\\\/\\\/dpress.ma\\\/fr\\\/2026\\\/04\\\/15\\\/la-3eme-edition-des-regionales-de-linvestissement-du-groupe-bcp-fait-escale-a-casablanca\\\/\"},\"author\":{\"name\":\"Dpress.ma\",\"@id\":\"https:\\\/\\\/dpress.ma\\\/fr\\\/#\\\/schema\\\/person\\\/4898febf3ccd59e6578d838656a306a0\"},\"headline\":\"La 3\u00e8me \u00e9dition des R\u00e9gionales de l\u2019Investissement du groupe BCP fait escale \u00e0 Casablanca\",\"datePublished\":\"2026-04-15T17:15:56+00:00\",\"dateModified\":\"2026-04-15T17:15:58+00:00\",\"mainEntityOfPage\":{\"@id\":\"https:\\\/\\\/dpress.ma\\\/fr\\\/2026\\\/04\\\/15\\\/la-3eme-edition-des-regionales-de-linvestissement-du-groupe-bcp-fait-escale-a-casablanca\\\/\"},\"wordCount\":1101,\"commentCount\":0,\"image\":{\"@id\":\"https:\\\/\\\/dpress.ma\\\/fr\\\/2026\\\/04\\\/15\\\/la-3eme-edition-des-regionales-de-linvestissement-du-groupe-bcp-fait-escale-a-casablanca\\\/#primaryimage\"},\"thumbnailUrl\":\"https:\\\/\\\/dpress.ma\\\/fr\\\/wp-content\\\/uploads\\\/sites\\\/2\\\/2026\\\/04\\\/18-5.jpg\",\"articleSection\":[\"\u00c9conomie\"],\"inLanguage\":\"fr-FR\",\"potentialAction\":[{\"@type\":\"CommentAction\",\"name\":\"Comment\",\"target\":[\"https:\\\/\\\/dpress.ma\\\/fr\\\/2026\\\/04\\\/15\\\/la-3eme-edition-des-regionales-de-linvestissement-du-groupe-bcp-fait-escale-a-casablanca\\\/#respond\"]}]},{\"@type\":\"WebPage\",\"@id\":\"https:\\\/\\\/dpress.ma\\\/fr\\\/2026\\\/04\\\/15\\\/la-3eme-edition-des-regionales-de-linvestissement-du-groupe-bcp-fait-escale-a-casablanca\\\/\",\"url\":\"https:\\\/\\\/dpress.ma\\\/fr\\\/2026\\\/04\\\/15\\\/la-3eme-edition-des-regionales-de-linvestissement-du-groupe-bcp-fait-escale-a-casablanca\\\/\",\"name\":\"La 3\u00e8me \u00e9dition des R\u00e9gionales de l\u2019Investissement du groupe BCP fait escale \u00e0 Casablanca - Dpress.ma\\\/fr\",\"isPartOf\":{\"@id\":\"https:\\\/\\\/dpress.ma\\\/fr\\\/#website\"},\"primaryImageOfPage\":{\"@id\":\"https:\\\/\\\/dpress.ma\\\/fr\\\/2026\\\/04\\\/15\\\/la-3eme-edition-des-regionales-de-linvestissement-du-groupe-bcp-fait-escale-a-casablanca\\\/#primaryimage\"},\"image\":{\"@id\":\"https:\\\/\\\/dpress.ma\\\/fr\\\/2026\\\/04\\\/15\\\/la-3eme-edition-des-regionales-de-linvestissement-du-groupe-bcp-fait-escale-a-casablanca\\\/#primaryimage\"},\"thumbnailUrl\":\"https:\\\/\\\/dpress.ma\\\/fr\\\/wp-content\\\/uploads\\\/sites\\\/2\\\/2026\\\/04\\\/18-5.jpg\",\"datePublished\":\"2026-04-15T17:15:56+00:00\",\"dateModified\":\"2026-04-15T17:15:58+00:00\",\"author\":{\"@id\":\"https:\\\/\\\/dpress.ma\\\/fr\\\/#\\\/schema\\\/person\\\/4898febf3ccd59e6578d838656a306a0\"},\"breadcrumb\":{\"@id\":\"https:\\\/\\\/dpress.ma\\\/fr\\\/2026\\\/04\\\/15\\\/la-3eme-edition-des-regionales-de-linvestissement-du-groupe-bcp-fait-escale-a-casablanca\\\/#breadcrumb\"},\"inLanguage\":\"fr-FR\",\"potentialAction\":[{\"@type\":\"ReadAction\",\"target\":[\"https:\\\/\\\/dpress.ma\\\/fr\\\/2026\\\/04\\\/15\\\/la-3eme-edition-des-regionales-de-linvestissement-du-groupe-bcp-fait-escale-a-casablanca\\\/\"]}]},{\"@type\":\"ImageObject\",\"inLanguage\":\"fr-FR\",\"@id\":\"https:\\\/\\\/dpress.ma\\\/fr\\\/2026\\\/04\\\/15\\\/la-3eme-edition-des-regionales-de-linvestissement-du-groupe-bcp-fait-escale-a-casablanca\\\/#primaryimage\",\"url\":\"https:\\\/\\\/dpress.ma\\\/fr\\\/wp-content\\\/uploads\\\/sites\\\/2\\\/2026\\\/04\\\/18-5.jpg\",\"contentUrl\":\"https:\\\/\\\/dpress.ma\\\/fr\\\/wp-content\\\/uploads\\\/sites\\\/2\\\/2026\\\/04\\\/18-5.jpg\",\"width\":2539,\"height\":1594},{\"@type\":\"BreadcrumbList\",\"@id\":\"https:\\\/\\\/dpress.ma\\\/fr\\\/2026\\\/04\\\/15\\\/la-3eme-edition-des-regionales-de-linvestissement-du-groupe-bcp-fait-escale-a-casablanca\\\/#breadcrumb\",\"itemListElement\":[{\"@type\":\"ListItem\",\"position\":1,\"name\":\"Home\",\"item\":\"https:\\\/\\\/dpress.ma\\\/fr\\\/\"},{\"@type\":\"ListItem\",\"position\":2,\"name\":\"La 3\u00e8me \u00e9dition des R\u00e9gionales de l\u2019Investissement du groupe BCP fait escale \u00e0 Casablanca\"}]},{\"@type\":\"WebSite\",\"@id\":\"https:\\\/\\\/dpress.ma\\\/fr\\\/#website\",\"url\":\"https:\\\/\\\/dpress.ma\\\/fr\\\/\",\"name\":\"Dpress.ma\\\/fr\",\"description\":\"\",\"potentialAction\":[{\"@type\":\"SearchAction\",\"target\":{\"@type\":\"EntryPoint\",\"urlTemplate\":\"https:\\\/\\\/dpress.ma\\\/fr\\\/?s={search_term_string}\"},\"query-input\":{\"@type\":\"PropertyValueSpecification\",\"valueRequired\":true,\"valueName\":\"search_term_string\"}}],\"inLanguage\":\"fr-FR\"},{\"@type\":\"Person\",\"@id\":\"https:\\\/\\\/dpress.ma\\\/fr\\\/#\\\/schema\\\/person\\\/4898febf3ccd59e6578d838656a306a0\",\"name\":\"Dpress.ma\",\"image\":{\"@type\":\"ImageObject\",\"inLanguage\":\"fr-FR\",\"@id\":\"https:\\\/\\\/secure.gravatar.com\\\/avatar\\\/72ecc30e9db047a2e0e7176561eb9d564ed77c8108376495b19bd8336405198a?s=96&d=mm&r=g\",\"url\":\"https:\\\/\\\/secure.gravatar.com\\\/avatar\\\/72ecc30e9db047a2e0e7176561eb9d564ed77c8108376495b19bd8336405198a?s=96&d=mm&r=g\",\"contentUrl\":\"https:\\\/\\\/secure.gravatar.com\\\/avatar\\\/72ecc30e9db047a2e0e7176561eb9d564ed77c8108376495b19bd8336405198a?s=96&d=mm&r=g\",\"caption\":\"Dpress.ma\"},\"sameAs\":[\"https:\\\/\\\/www.dpress.ma\"],\"url\":\"https:\\\/\\\/dpress.ma\\\/fr\\\/author\\\/dpress-ma\\\/\"}]}<\/script>\n<!-- \/ Yoast SEO plugin. -->","yoast_head_json":{"title":"La 3\u00e8me \u00e9dition des R\u00e9gionales de l\u2019Investissement du groupe BCP fait escale \u00e0 Casablanca - Dpress.ma\/fr","robots":{"index":"index","follow":"follow","max-snippet":"max-snippet:-1","max-image-preview":"max-image-preview:large","max-video-preview":"max-video-preview:-1"},"canonical":"https:\/\/dpress.ma\/fr\/2026\/04\/15\/la-3eme-edition-des-regionales-de-linvestissement-du-groupe-bcp-fait-escale-a-casablanca\/","og_locale":"fr_FR","og_type":"article","og_title":"La 3\u00e8me \u00e9dition des R\u00e9gionales de l\u2019Investissement du groupe BCP fait escale \u00e0 Casablanca - Dpress.ma\/fr","og_description":"Dpress La capitale \u00e9conomique du Royaume a accueilli, mercredi, la 3\u00e8me \u00e9dition des R\u00e9gionales de l\u2019Investissement du Groupe BCP, un rendez-vous d\u00e9di\u00e9 \u00e0 la promotion de l\u2019investissement productif et au renforcement de l\u2019accompagnement des entreprises, dans un contexte marqu\u00e9 notamment par la mise en \u0153uvre de la Charte de l\u2019investissement. S\u2019exprimant \u00e0 cette occasion, Naziha &hellip;","og_url":"https:\/\/dpress.ma\/fr\/2026\/04\/15\/la-3eme-edition-des-regionales-de-linvestissement-du-groupe-bcp-fait-escale-a-casablanca\/","og_site_name":"Dpress.ma\/fr","article_published_time":"2026-04-15T17:15:56+00:00","article_modified_time":"2026-04-15T17:15:58+00:00","og_image":[{"width":2539,"height":1594,"url":"https:\/\/dpress.ma\/fr\/wp-content\/uploads\/sites\/2\/2026\/04\/18-5.jpg","type":"image\/jpeg"}],"author":"Dpress.ma","twitter_card":"summary_large_image","twitter_misc":{"\u00c9crit par":"Dpress.ma","Dur\u00e9e de lecture estim\u00e9e":"5 minutes"},"schema":{"@context":"https:\/\/schema.org","@graph":[{"@type":"Article","@id":"https:\/\/dpress.ma\/fr\/2026\/04\/15\/la-3eme-edition-des-regionales-de-linvestissement-du-groupe-bcp-fait-escale-a-casablanca\/#article","isPartOf":{"@id":"https:\/\/dpress.ma\/fr\/2026\/04\/15\/la-3eme-edition-des-regionales-de-linvestissement-du-groupe-bcp-fait-escale-a-casablanca\/"},"author":{"name":"Dpress.ma","@id":"https:\/\/dpress.ma\/fr\/#\/schema\/person\/4898febf3ccd59e6578d838656a306a0"},"headline":"La 3\u00e8me \u00e9dition des R\u00e9gionales de l\u2019Investissement du groupe BCP fait escale \u00e0 Casablanca","datePublished":"2026-04-15T17:15:56+00:00","dateModified":"2026-04-15T17:15:58+00:00","mainEntityOfPage":{"@id":"https:\/\/dpress.ma\/fr\/2026\/04\/15\/la-3eme-edition-des-regionales-de-linvestissement-du-groupe-bcp-fait-escale-a-casablanca\/"},"wordCount":1101,"commentCount":0,"image":{"@id":"https:\/\/dpress.ma\/fr\/2026\/04\/15\/la-3eme-edition-des-regionales-de-linvestissement-du-groupe-bcp-fait-escale-a-casablanca\/#primaryimage"},"thumbnailUrl":"https:\/\/dpress.ma\/fr\/wp-content\/uploads\/sites\/2\/2026\/04\/18-5.jpg","articleSection":["\u00c9conomie"],"inLanguage":"fr-FR","potentialAction":[{"@type":"CommentAction","name":"Comment","target":["https:\/\/dpress.ma\/fr\/2026\/04\/15\/la-3eme-edition-des-regionales-de-linvestissement-du-groupe-bcp-fait-escale-a-casablanca\/#respond"]}]},{"@type":"WebPage","@id":"https:\/\/dpress.ma\/fr\/2026\/04\/15\/la-3eme-edition-des-regionales-de-linvestissement-du-groupe-bcp-fait-escale-a-casablanca\/","url":"https:\/\/dpress.ma\/fr\/2026\/04\/15\/la-3eme-edition-des-regionales-de-linvestissement-du-groupe-bcp-fait-escale-a-casablanca\/","name":"La 3\u00e8me \u00e9dition des R\u00e9gionales de l\u2019Investissement du groupe BCP fait escale \u00e0 Casablanca - Dpress.ma\/fr","isPartOf":{"@id":"https:\/\/dpress.ma\/fr\/#website"},"primaryImageOfPage":{"@id":"https:\/\/dpress.ma\/fr\/2026\/04\/15\/la-3eme-edition-des-regionales-de-linvestissement-du-groupe-bcp-fait-escale-a-casablanca\/#primaryimage"},"image":{"@id":"https:\/\/dpress.ma\/fr\/2026\/04\/15\/la-3eme-edition-des-regionales-de-linvestissement-du-groupe-bcp-fait-escale-a-casablanca\/#primaryimage"},"thumbnailUrl":"https:\/\/dpress.ma\/fr\/wp-content\/uploads\/sites\/2\/2026\/04\/18-5.jpg","datePublished":"2026-04-15T17:15:56+00:00","dateModified":"2026-04-15T17:15:58+00:00","author":{"@id":"https:\/\/dpress.ma\/fr\/#\/schema\/person\/4898febf3ccd59e6578d838656a306a0"},"breadcrumb":{"@id":"https:\/\/dpress.ma\/fr\/2026\/04\/15\/la-3eme-edition-des-regionales-de-linvestissement-du-groupe-bcp-fait-escale-a-casablanca\/#breadcrumb"},"inLanguage":"fr-FR","potentialAction":[{"@type":"ReadAction","target":["https:\/\/dpress.ma\/fr\/2026\/04\/15\/la-3eme-edition-des-regionales-de-linvestissement-du-groupe-bcp-fait-escale-a-casablanca\/"]}]},{"@type":"ImageObject","inLanguage":"fr-FR","@id":"https:\/\/dpress.ma\/fr\/2026\/04\/15\/la-3eme-edition-des-regionales-de-linvestissement-du-groupe-bcp-fait-escale-a-casablanca\/#primaryimage","url":"https:\/\/dpress.ma\/fr\/wp-content\/uploads\/sites\/2\/2026\/04\/18-5.jpg","contentUrl":"https:\/\/dpress.ma\/fr\/wp-content\/uploads\/sites\/2\/2026\/04\/18-5.jpg","width":2539,"height":1594},{"@type":"BreadcrumbList","@id":"https:\/\/dpress.ma\/fr\/2026\/04\/15\/la-3eme-edition-des-regionales-de-linvestissement-du-groupe-bcp-fait-escale-a-casablanca\/#breadcrumb","itemListElement":[{"@type":"ListItem","position":1,"name":"Home","item":"https:\/\/dpress.ma\/fr\/"},{"@type":"ListItem","position":2,"name":"La 3\u00e8me \u00e9dition des R\u00e9gionales de l\u2019Investissement du groupe BCP fait escale \u00e0 Casablanca"}]},{"@type":"WebSite","@id":"https:\/\/dpress.ma\/fr\/#website","url":"https:\/\/dpress.ma\/fr\/","name":"Dpress.ma\/fr","description":"","potentialAction":[{"@type":"SearchAction","target":{"@type":"EntryPoint","urlTemplate":"https:\/\/dpress.ma\/fr\/?s={search_term_string}"},"query-input":{"@type":"PropertyValueSpecification","valueRequired":true,"valueName":"search_term_string"}}],"inLanguage":"fr-FR"},{"@type":"Person","@id":"https:\/\/dpress.ma\/fr\/#\/schema\/person\/4898febf3ccd59e6578d838656a306a0","name":"Dpress.ma","image":{"@type":"ImageObject","inLanguage":"fr-FR","@id":"https:\/\/secure.gravatar.com\/avatar\/72ecc30e9db047a2e0e7176561eb9d564ed77c8108376495b19bd8336405198a?s=96&d=mm&r=g","url":"https:\/\/secure.gravatar.com\/avatar\/72ecc30e9db047a2e0e7176561eb9d564ed77c8108376495b19bd8336405198a?s=96&d=mm&r=g","contentUrl":"https:\/\/secure.gravatar.com\/avatar\/72ecc30e9db047a2e0e7176561eb9d564ed77c8108376495b19bd8336405198a?s=96&d=mm&r=g","caption":"Dpress.ma"},"sameAs":["https:\/\/www.dpress.ma"],"url":"https:\/\/dpress.ma\/fr\/author\/dpress-ma\/"}]}},"amp_enabled":true,"_links":{"self":[{"href":"https:\/\/dpress.ma\/fr\/wp-json\/wp\/v2\/posts\/28635","targetHints":{"allow":["GET"]}}],"collection":[{"href":"https:\/\/dpress.ma\/fr\/wp-json\/wp\/v2\/posts"}],"about":[{"href":"https:\/\/dpress.ma\/fr\/wp-json\/wp\/v2\/types\/post"}],"author":[{"embeddable":true,"href":"https:\/\/dpress.ma\/fr\/wp-json\/wp\/v2\/users\/2"}],"replies":[{"embeddable":true,"href":"https:\/\/dpress.ma\/fr\/wp-json\/wp\/v2\/comments?post=28635"}],"version-history":[{"count":1,"href":"https:\/\/dpress.ma\/fr\/wp-json\/wp\/v2\/posts\/28635\/revisions"}],"predecessor-version":[{"id":28637,"href":"https:\/\/dpress.ma\/fr\/wp-json\/wp\/v2\/posts\/28635\/revisions\/28637"}],"wp:featuredmedia":[{"embeddable":true,"href":"https:\/\/dpress.ma\/fr\/wp-json\/wp\/v2\/media\/28636"}],"wp:attachment":[{"href":"https:\/\/dpress.ma\/fr\/wp-json\/wp\/v2\/media?parent=28635"}],"wp:term":[{"taxonomy":"category","embeddable":true,"href":"https:\/\/dpress.ma\/fr\/wp-json\/wp\/v2\/categories?post=28635"},{"taxonomy":"post_tag","embeddable":true,"href":"https:\/\/dpress.ma\/fr\/wp-json\/wp\/v2\/tags?post=28635"}],"curies":[{"name":"wp","href":"https:\/\/api.w.org\/{rel}","templated":true}]}}