{"id":28632,"date":"2026-04-15T17:14:01","date_gmt":"2026-04-15T17:14:01","guid":{"rendered":"https:\/\/dpress.ma\/fr\/?p=28632"},"modified":"2026-04-15T17:14:02","modified_gmt":"2026-04-15T17:14:02","slug":"les-infrastructures-au-coeur-du-projet-de-developpement-global-mene-sous-limpulsion-de-sm-le-roi","status":"publish","type":"post","link":"https:\/\/dpress.ma\/fr\/2026\/04\/15\/les-infrastructures-au-coeur-du-projet-de-developpement-global-mene-sous-limpulsion-de-sm-le-roi\/","title":{"rendered":"Les infrastructures au c\u0153ur du projet de d\u00e9veloppement global men\u00e9 sous l\u2019impulsion de SM le Roi"},"content":{"rendered":"\n<p>Dpress<\/p>\n\n\n\n<p>Le gouvernement a plac\u00e9 la renforcement des infrastructures au c\u0153ur du projet de d\u00e9veloppement global, men\u00e9 sous l\u2019impulsion de Sa Majest\u00e9 le Roi Mohammed VI, a affirm\u00e9, mercredi, le Chef du gouvernement, Aziz Akhannouch.<\/p>\n\n\n\n<p>Les infrastructures constituent un pilier essentiel des diff\u00e9rentes strat\u00e9gies sectorielles et contribuent au renforcement du positionnement du Royaume en tant que plateforme logistique r\u00e9gionale de premier plan et \u00e0 l\u2019am\u00e9lioration des conditions de vie des citoyens, ainsi qu\u2019\u00e0 faciliter la promotion de l\u2019int\u00e9gration spatiale et de l\u2019attractivit\u00e9 du Maroc en tant que destination privil\u00e9gi\u00e9e pour l\u2019investissement, a indiqu\u00e9 M. Akhannouch lors d\u2019une s\u00e9ance pl\u00e9ni\u00e8re commune des deux chambres du Parlement consacr\u00e9e \u00e0 la pr\u00e9sentation du bilan de l\u2019action gouvernementale.<\/p>\n\n\n\n<p>Evoquant le domaine industriel, le Chef du gouvernement a fait savoir que l\u2019Ex\u00e9cutif a poursuivi la r\u00e9alisation, l\u2019extension et la r\u00e9habilitation des infrastructures industrielles, \u00e0 travers la signature de 64 projets d\u2019un investissement global de plus de 16 milliards de dirhams, auquel l\u2019\u00c9tat a contribu\u00e9 \u00e0 hauteur d\u2019environ 4,5 milliards de dirhams.<\/p>\n\n\n\n<p>Ces projets permettront de mobiliser pr\u00e8s de 4.400 hectares suppl\u00e9mentaires de foncier industriel, englobant les zones d\u2019acc\u00e9l\u00e9ration industrielle, les zones industrielles ainsi que les zones d\u2019activit\u00e9s \u00e9conomiques dans les diff\u00e9rentes r\u00e9gions du Royaume, a-t-il poursuivi.<\/p>\n\n\n\n<p>S\u2019agissant des infrastructures hydrauliques, M. Akhannouch a relev\u00e9 que le gouvernement, en ex\u00e9cution des Hautes Orientations Royales, a proc\u00e9d\u00e9 \u00e0 l\u2019actualisation du Programme national d\u2019approvisionnement en eau potable et d\u2019irrigation pour la p\u00e9riode 2020\u20132027, en portant son co\u00fbt global de 115 milliards de dirhams \u00e0 environ 143 milliards de dirhams, parall\u00e8lement, \u00e0 l\u2019acc\u00e9l\u00e9ration des programmes de dessalement de l\u2019eau de mer, dont la capacit\u00e9 de production a atteint pr\u00e8s de 415 millions de m\u00e8tres cubes \u00e0 fin 2025, avec des pr\u00e9visions visant 1,7 milliard de m\u00e8tres cubes \u00e0 l\u2019horizon 2030, ce qui permettra de couvrir environ 60 % des besoins nationaux en eau potable.<\/p>\n\n\n\n<p>Le gouvernement, a-t-il soulign\u00e9, a lanc\u00e9 des projets structurants de transfert d\u2019eau entre bassins, notamment entre les bassins de Sebou et de Bouregrag, afin de s\u00e9curiser l\u2019approvisionnement en eau de l\u2019axe Rabat-Casablanca au profit d\u2019environ 10 millions de citoyens, outre l\u2019interconnexion entre les barrages Oued El Makhazine et Dar Khrofa, dans le nord du Royaume, en vue de renforcer l\u2019approvisionnement en eau potable et l\u2019irrigation de milliers d\u2019hectares, concomitamment \u00e0 la r\u00e9alisation de sept grands barrages d\u2019une capacit\u00e9 de stockage avoisinant 1,7 milliard de m\u00e8tres cubes, contribuant ainsi \u00e0 consolider la s\u00e9curit\u00e9 hydrique et \u00e0 \u00e9tendre les superficies irrigu\u00e9es.<\/p>\n\n\n\n<p>D\u2019autre part, M. Akhannouch a fait observer que le l\u2019Ex\u00e9cutif s\u2019est attach\u00e9 \u00e0 moderniser les infrastructures sanitaires et \u00e0 en am\u00e9liorer la gouvernance. Ainsi, 29 projets hospitaliers r\u00e9gionaux ont \u00e9t\u00e9 r\u00e9alis\u00e9s entre 2022 et 2025, permettant la cr\u00e9ation de 3.168 lits suppl\u00e9mentaires.<\/p>\n\n\n\n<p>Il a \u00e9galement indiqu\u00e9 que l\u2019ach\u00e8vement de la r\u00e9alisation de 20 nouveaux h\u00f4pitaux est pr\u00e9vu au cours de l\u2019ann\u00e9e 2026, pour une capacit\u00e9 d\u2019accueil avoisinant 3.067 lits, ainsi que la programmation de 15 projets additionnels repr\u00e9sentant une capacit\u00e9 d\u2019environ 1.810 lits, dans le cadre du renforcement de l\u2019offre de soins au niveau r\u00e9gional.<\/p>\n\n\n\n<p>De m\u00eame, l\u2019Ex\u00e9cutif a honor\u00e9 ses engagements en parachevant la modernisation d\u2019environ 1.400 centres de sant\u00e9 primaire de nouvelle g\u00e9n\u00e9ration, gr\u00e2ce \u00e0 un budget de 6,4 milliards de dirhams, ce qui a permis de lancer une deuxi\u00e8me phase visant \u00e0 r\u00e9nover 1.600 centres suppl\u00e9mentaires, pour une enveloppe budg\u00e9taire d\u2019environ 6,8 milliards de dirhams, a-t-il expliqu\u00e9.<\/p>\n\n\n\n<p>Dans le m\u00eame contexte, M. Akhannouch a cit\u00e9 l\u2019ach\u00e8vement du programme de g\u00e9n\u00e9ralisation des facult\u00e9s de m\u00e9decine, de pharmacie et de m\u00e9decine dentaire, ainsi que des centres hospitaliers universitaires. Ainsi, leur nombre a atteint 11 \u00e9tablissements \u00e0 l\u2019\u00e9chelle nationale, \u00e0 la suite de la cr\u00e9ation de quatre nouvelles facult\u00e9s.<\/p>\n\n\n\n<p>De m\u00eame, il a \u00e9voqu\u00e9 la poursuite de la mise en \u0153uvre du programme de g\u00e9n\u00e9ralisation des centres hospitaliers universitaires au niveau de l\u2019ensemble des r\u00e9gions du Royaume \u00e0 l\u2019horizon 2027, la modernisation de leurs \u00e9quipements et le renforcement de leurs capacit\u00e9s p\u00e9dagogiques et hospitali\u00e8res.<\/p>\n\n\n\n<p>Pour ce qui est des infrastructures \u00e9ducatives, M. Akhannouch a fait savoir qu\u2019il a \u00e9t\u00e9 proc\u00e9d\u00e9 au d\u00e9veloppement du syst\u00e8me de l\u2019enseignement sup\u00e9rieur et de la recherche scientifique, \u00e0 travers la cr\u00e9ation de 15 nouveaux \u00e9tablissements universitaires, offrant plus de 70.000 places suppl\u00e9mentaires, ajoutant que le nombre d\u2019enseignants-chercheurs a connu une hausse de l\u2019ordre de 16 %, parall\u00e8lement au renforcement des services sociaux destin\u00e9s aux \u00e9tudiants, notamment par l\u2019augmentation de la capacit\u00e9 d\u2019accueil des cit\u00e9s universitaires de 15 %, pour atteindre 60.000 lits au titre de l\u2019ann\u00e9e universitaire 2024-2025.<\/p>\n\n\n\n<p>Il a \u00e9galement insist\u00e9 sur l\u2019importance accord\u00e9e par le gouvernement au d\u00e9veloppement de la formation professionnelle, \u00e0 travers la poursuite de l\u2019ouverture des Cit\u00e9s des m\u00e9tiers et des comp\u00e9tences dans toutes les r\u00e9gions, ainsi que la cr\u00e9ation de 59 nouveaux \u00e9tablissements de formation, outre le lancement de r\u00e9formes substantielles des programmes p\u00e9dagogiques, conform\u00e9ment aux Hautes Orientations Royales visant \u00e0 qualifier la jeunesse et \u00e0 adapter ce secteur aux exigences du march\u00e9 du travail.<\/p>\n\n\n\n<p>S\u2019agissant du num\u00e9rique, M. Akhannouch a relev\u00e9 que le gouvernement a lanc\u00e9 les premi\u00e8res phases de mise en \u0153uvre de la strat\u00e9gie \u201cMaroc num\u00e9rique 2030\u201d, dans le but d\u2019acc\u00e9l\u00e9rer la transformation digitale \u00e0 travers la d\u00e9mat\u00e9rialisation des services administratifs et le d\u00e9ploiement de plateformes \u00e9lectroniques avanc\u00e9es, pr\u00e9cisant que le budget d\u2019investissement du secteur est pass\u00e9 de 11,7 millions de dirhams en 2021 \u00e0 1,6 milliard de dirhams en 2024, contribuant ainsi \u00e0 la cr\u00e9ation de 148.000 emplois.<\/p>\n\n\n\n<p>Dans le m\u00eame sillage, M. Akhannouch a mis en avant le renforcement des infrastructures de t\u00e9l\u00e9communications, y compris les technologies de cinqui\u00e8me g\u00e9n\u00e9ration, l\u2019extension des services de cloud computing, le d\u00e9veloppement du secteur de l\u2019offshoring, le soutien aux start-up, ainsi que l\u2019accompagnement de ces chantiers par des formations avanc\u00e9es au profit des jeunes r\u00e9pondant aux standards internationaux.<\/p>\n\n\n\n<p>Cette dynamique est de nature \u00e0 contribuer \u00e0 la cr\u00e9ation d\u2019environ 240.000 opportunit\u00e9s d\u2019emploi \u00e0 l\u2019horizon 2030, tout en jetant les bases d\u2019un \u00e9cosyst\u00e8me incitatif en mati\u00e8re de formation, d\u2019investissement et d\u2019emploi, a-t-il conclu.<\/p>\n","protected":false},"excerpt":{"rendered":"<p>Dpress Le gouvernement a plac\u00e9 la renforcement des infrastructures au c\u0153ur du projet de d\u00e9veloppement global, men\u00e9 sous l\u2019impulsion de Sa Majest\u00e9 le Roi Mohammed VI, a affirm\u00e9, mercredi, le Chef du gouvernement, Aziz Akhannouch. Les infrastructures constituent un pilier essentiel des diff\u00e9rentes strat\u00e9gies sectorielles et contribuent au renforcement du positionnement du Royaume en tant &hellip;<\/p>\n","protected":false},"author":2,"featured_media":28633,"comment_status":"open","ping_status":"open","sticky":false,"template":"","format":"standard","meta":{"footnotes":""},"categories":[26],"tags":[],"class_list":["post-28632","post","type-post","status-publish","format-standard","has-post-thumbnail","hentry","category-politiques"],"yoast_head":"<!-- This site is optimized with the Yoast SEO plugin v27.4 - https:\/\/yoast.com\/product\/yoast-seo-wordpress\/ -->\n<title>Les infrastructures au c\u0153ur du projet de d\u00e9veloppement global men\u00e9 sous l\u2019impulsion de SM le Roi - Dpress.ma\/fr<\/title>\n<meta name=\"robots\" content=\"index, follow, max-snippet:-1, max-image-preview:large, max-video-preview:-1\" \/>\n<link rel=\"canonical\" href=\"https:\/\/dpress.ma\/fr\/2026\/04\/15\/les-infrastructures-au-coeur-du-projet-de-developpement-global-mene-sous-limpulsion-de-sm-le-roi\/\" \/>\n<meta property=\"og:locale\" content=\"fr_FR\" \/>\n<meta property=\"og:type\" content=\"article\" \/>\n<meta property=\"og:title\" content=\"Les infrastructures au c\u0153ur du projet de d\u00e9veloppement global men\u00e9 sous l\u2019impulsion de SM le Roi - Dpress.ma\/fr\" \/>\n<meta property=\"og:description\" content=\"Dpress Le gouvernement a plac\u00e9 la renforcement des infrastructures au c\u0153ur du projet de d\u00e9veloppement global, men\u00e9 sous l\u2019impulsion de Sa Majest\u00e9 le Roi Mohammed VI, a affirm\u00e9, mercredi, le Chef du gouvernement, Aziz Akhannouch. Les infrastructures constituent un pilier essentiel des diff\u00e9rentes strat\u00e9gies sectorielles et contribuent au renforcement du positionnement du Royaume en tant &hellip;\" \/>\n<meta property=\"og:url\" content=\"https:\/\/dpress.ma\/fr\/2026\/04\/15\/les-infrastructures-au-coeur-du-projet-de-developpement-global-mene-sous-limpulsion-de-sm-le-roi\/\" \/>\n<meta property=\"og:site_name\" content=\"Dpress.ma\/fr\" \/>\n<meta property=\"article:published_time\" content=\"2026-04-15T17:14:01+00:00\" \/>\n<meta property=\"article:modified_time\" content=\"2026-04-15T17:14:02+00:00\" \/>\n<meta property=\"og:image\" content=\"https:\/\/dpress.ma\/fr\/wp-content\/uploads\/sites\/2\/2026\/04\/17-3.jpg\" \/>\n\t<meta property=\"og:image:width\" content=\"2539\" \/>\n\t<meta property=\"og:image:height\" content=\"1594\" \/>\n\t<meta property=\"og:image:type\" content=\"image\/jpeg\" \/>\n<meta name=\"author\" content=\"Dpress.ma\" \/>\n<meta name=\"twitter:card\" content=\"summary_large_image\" \/>\n<meta name=\"twitter:label1\" content=\"\u00c9crit par\" \/>\n\t<meta name=\"twitter:data1\" content=\"Dpress.ma\" \/>\n\t<meta name=\"twitter:label2\" content=\"Dur\u00e9e de lecture estim\u00e9e\" \/>\n\t<meta name=\"twitter:data2\" content=\"6 minutes\" \/>\n<script type=\"application\/ld+json\" class=\"yoast-schema-graph\">{\"@context\":\"https:\\\/\\\/schema.org\",\"@graph\":[{\"@type\":\"Article\",\"@id\":\"https:\\\/\\\/dpress.ma\\\/fr\\\/2026\\\/04\\\/15\\\/les-infrastructures-au-coeur-du-projet-de-developpement-global-mene-sous-limpulsion-de-sm-le-roi\\\/#article\",\"isPartOf\":{\"@id\":\"https:\\\/\\\/dpress.ma\\\/fr\\\/2026\\\/04\\\/15\\\/les-infrastructures-au-coeur-du-projet-de-developpement-global-mene-sous-limpulsion-de-sm-le-roi\\\/\"},\"author\":{\"name\":\"Dpress.ma\",\"@id\":\"https:\\\/\\\/dpress.ma\\\/fr\\\/#\\\/schema\\\/person\\\/4898febf3ccd59e6578d838656a306a0\"},\"headline\":\"Les infrastructures au c\u0153ur du projet de d\u00e9veloppement global men\u00e9 sous l\u2019impulsion de SM le Roi\",\"datePublished\":\"2026-04-15T17:14:01+00:00\",\"dateModified\":\"2026-04-15T17:14:02+00:00\",\"mainEntityOfPage\":{\"@id\":\"https:\\\/\\\/dpress.ma\\\/fr\\\/2026\\\/04\\\/15\\\/les-infrastructures-au-coeur-du-projet-de-developpement-global-mene-sous-limpulsion-de-sm-le-roi\\\/\"},\"wordCount\":1112,\"commentCount\":0,\"image\":{\"@id\":\"https:\\\/\\\/dpress.ma\\\/fr\\\/2026\\\/04\\\/15\\\/les-infrastructures-au-coeur-du-projet-de-developpement-global-mene-sous-limpulsion-de-sm-le-roi\\\/#primaryimage\"},\"thumbnailUrl\":\"https:\\\/\\\/dpress.ma\\\/fr\\\/wp-content\\\/uploads\\\/sites\\\/2\\\/2026\\\/04\\\/17-3.jpg\",\"articleSection\":[\"Politiques\"],\"inLanguage\":\"fr-FR\",\"potentialAction\":[{\"@type\":\"CommentAction\",\"name\":\"Comment\",\"target\":[\"https:\\\/\\\/dpress.ma\\\/fr\\\/2026\\\/04\\\/15\\\/les-infrastructures-au-coeur-du-projet-de-developpement-global-mene-sous-limpulsion-de-sm-le-roi\\\/#respond\"]}]},{\"@type\":\"WebPage\",\"@id\":\"https:\\\/\\\/dpress.ma\\\/fr\\\/2026\\\/04\\\/15\\\/les-infrastructures-au-coeur-du-projet-de-developpement-global-mene-sous-limpulsion-de-sm-le-roi\\\/\",\"url\":\"https:\\\/\\\/dpress.ma\\\/fr\\\/2026\\\/04\\\/15\\\/les-infrastructures-au-coeur-du-projet-de-developpement-global-mene-sous-limpulsion-de-sm-le-roi\\\/\",\"name\":\"Les infrastructures au c\u0153ur du projet de d\u00e9veloppement global men\u00e9 sous l\u2019impulsion de SM le Roi - Dpress.ma\\\/fr\",\"isPartOf\":{\"@id\":\"https:\\\/\\\/dpress.ma\\\/fr\\\/#website\"},\"primaryImageOfPage\":{\"@id\":\"https:\\\/\\\/dpress.ma\\\/fr\\\/2026\\\/04\\\/15\\\/les-infrastructures-au-coeur-du-projet-de-developpement-global-mene-sous-limpulsion-de-sm-le-roi\\\/#primaryimage\"},\"image\":{\"@id\":\"https:\\\/\\\/dpress.ma\\\/fr\\\/2026\\\/04\\\/15\\\/les-infrastructures-au-coeur-du-projet-de-developpement-global-mene-sous-limpulsion-de-sm-le-roi\\\/#primaryimage\"},\"thumbnailUrl\":\"https:\\\/\\\/dpress.ma\\\/fr\\\/wp-content\\\/uploads\\\/sites\\\/2\\\/2026\\\/04\\\/17-3.jpg\",\"datePublished\":\"2026-04-15T17:14:01+00:00\",\"dateModified\":\"2026-04-15T17:14:02+00:00\",\"author\":{\"@id\":\"https:\\\/\\\/dpress.ma\\\/fr\\\/#\\\/schema\\\/person\\\/4898febf3ccd59e6578d838656a306a0\"},\"breadcrumb\":{\"@id\":\"https:\\\/\\\/dpress.ma\\\/fr\\\/2026\\\/04\\\/15\\\/les-infrastructures-au-coeur-du-projet-de-developpement-global-mene-sous-limpulsion-de-sm-le-roi\\\/#breadcrumb\"},\"inLanguage\":\"fr-FR\",\"potentialAction\":[{\"@type\":\"ReadAction\",\"target\":[\"https:\\\/\\\/dpress.ma\\\/fr\\\/2026\\\/04\\\/15\\\/les-infrastructures-au-coeur-du-projet-de-developpement-global-mene-sous-limpulsion-de-sm-le-roi\\\/\"]}]},{\"@type\":\"ImageObject\",\"inLanguage\":\"fr-FR\",\"@id\":\"https:\\\/\\\/dpress.ma\\\/fr\\\/2026\\\/04\\\/15\\\/les-infrastructures-au-coeur-du-projet-de-developpement-global-mene-sous-limpulsion-de-sm-le-roi\\\/#primaryimage\",\"url\":\"https:\\\/\\\/dpress.ma\\\/fr\\\/wp-content\\\/uploads\\\/sites\\\/2\\\/2026\\\/04\\\/17-3.jpg\",\"contentUrl\":\"https:\\\/\\\/dpress.ma\\\/fr\\\/wp-content\\\/uploads\\\/sites\\\/2\\\/2026\\\/04\\\/17-3.jpg\",\"width\":2539,\"height\":1594},{\"@type\":\"BreadcrumbList\",\"@id\":\"https:\\\/\\\/dpress.ma\\\/fr\\\/2026\\\/04\\\/15\\\/les-infrastructures-au-coeur-du-projet-de-developpement-global-mene-sous-limpulsion-de-sm-le-roi\\\/#breadcrumb\",\"itemListElement\":[{\"@type\":\"ListItem\",\"position\":1,\"name\":\"Home\",\"item\":\"https:\\\/\\\/dpress.ma\\\/fr\\\/\"},{\"@type\":\"ListItem\",\"position\":2,\"name\":\"Les infrastructures au c\u0153ur du projet de d\u00e9veloppement global men\u00e9 sous l\u2019impulsion de SM le Roi\"}]},{\"@type\":\"WebSite\",\"@id\":\"https:\\\/\\\/dpress.ma\\\/fr\\\/#website\",\"url\":\"https:\\\/\\\/dpress.ma\\\/fr\\\/\",\"name\":\"Dpress.ma\\\/fr\",\"description\":\"\",\"potentialAction\":[{\"@type\":\"SearchAction\",\"target\":{\"@type\":\"EntryPoint\",\"urlTemplate\":\"https:\\\/\\\/dpress.ma\\\/fr\\\/?s={search_term_string}\"},\"query-input\":{\"@type\":\"PropertyValueSpecification\",\"valueRequired\":true,\"valueName\":\"search_term_string\"}}],\"inLanguage\":\"fr-FR\"},{\"@type\":\"Person\",\"@id\":\"https:\\\/\\\/dpress.ma\\\/fr\\\/#\\\/schema\\\/person\\\/4898febf3ccd59e6578d838656a306a0\",\"name\":\"Dpress.ma\",\"image\":{\"@type\":\"ImageObject\",\"inLanguage\":\"fr-FR\",\"@id\":\"https:\\\/\\\/secure.gravatar.com\\\/avatar\\\/72ecc30e9db047a2e0e7176561eb9d564ed77c8108376495b19bd8336405198a?s=96&d=mm&r=g\",\"url\":\"https:\\\/\\\/secure.gravatar.com\\\/avatar\\\/72ecc30e9db047a2e0e7176561eb9d564ed77c8108376495b19bd8336405198a?s=96&d=mm&r=g\",\"contentUrl\":\"https:\\\/\\\/secure.gravatar.com\\\/avatar\\\/72ecc30e9db047a2e0e7176561eb9d564ed77c8108376495b19bd8336405198a?s=96&d=mm&r=g\",\"caption\":\"Dpress.ma\"},\"sameAs\":[\"https:\\\/\\\/www.dpress.ma\"],\"url\":\"https:\\\/\\\/dpress.ma\\\/fr\\\/author\\\/dpress-ma\\\/\"}]}<\/script>\n<!-- \/ Yoast SEO plugin. -->","yoast_head_json":{"title":"Les infrastructures au c\u0153ur du projet de d\u00e9veloppement global men\u00e9 sous l\u2019impulsion de SM le Roi - Dpress.ma\/fr","robots":{"index":"index","follow":"follow","max-snippet":"max-snippet:-1","max-image-preview":"max-image-preview:large","max-video-preview":"max-video-preview:-1"},"canonical":"https:\/\/dpress.ma\/fr\/2026\/04\/15\/les-infrastructures-au-coeur-du-projet-de-developpement-global-mene-sous-limpulsion-de-sm-le-roi\/","og_locale":"fr_FR","og_type":"article","og_title":"Les infrastructures au c\u0153ur du projet de d\u00e9veloppement global men\u00e9 sous l\u2019impulsion de SM le Roi - Dpress.ma\/fr","og_description":"Dpress Le gouvernement a plac\u00e9 la renforcement des infrastructures au c\u0153ur du projet de d\u00e9veloppement global, men\u00e9 sous l\u2019impulsion de Sa Majest\u00e9 le Roi Mohammed VI, a affirm\u00e9, mercredi, le Chef du gouvernement, Aziz Akhannouch. Les infrastructures constituent un pilier essentiel des diff\u00e9rentes strat\u00e9gies sectorielles et contribuent au renforcement du positionnement du Royaume en tant &hellip;","og_url":"https:\/\/dpress.ma\/fr\/2026\/04\/15\/les-infrastructures-au-coeur-du-projet-de-developpement-global-mene-sous-limpulsion-de-sm-le-roi\/","og_site_name":"Dpress.ma\/fr","article_published_time":"2026-04-15T17:14:01+00:00","article_modified_time":"2026-04-15T17:14:02+00:00","og_image":[{"width":2539,"height":1594,"url":"https:\/\/dpress.ma\/fr\/wp-content\/uploads\/sites\/2\/2026\/04\/17-3.jpg","type":"image\/jpeg"}],"author":"Dpress.ma","twitter_card":"summary_large_image","twitter_misc":{"\u00c9crit par":"Dpress.ma","Dur\u00e9e de lecture estim\u00e9e":"6 minutes"},"schema":{"@context":"https:\/\/schema.org","@graph":[{"@type":"Article","@id":"https:\/\/dpress.ma\/fr\/2026\/04\/15\/les-infrastructures-au-coeur-du-projet-de-developpement-global-mene-sous-limpulsion-de-sm-le-roi\/#article","isPartOf":{"@id":"https:\/\/dpress.ma\/fr\/2026\/04\/15\/les-infrastructures-au-coeur-du-projet-de-developpement-global-mene-sous-limpulsion-de-sm-le-roi\/"},"author":{"name":"Dpress.ma","@id":"https:\/\/dpress.ma\/fr\/#\/schema\/person\/4898febf3ccd59e6578d838656a306a0"},"headline":"Les infrastructures au c\u0153ur du projet de d\u00e9veloppement global men\u00e9 sous l\u2019impulsion de SM le Roi","datePublished":"2026-04-15T17:14:01+00:00","dateModified":"2026-04-15T17:14:02+00:00","mainEntityOfPage":{"@id":"https:\/\/dpress.ma\/fr\/2026\/04\/15\/les-infrastructures-au-coeur-du-projet-de-developpement-global-mene-sous-limpulsion-de-sm-le-roi\/"},"wordCount":1112,"commentCount":0,"image":{"@id":"https:\/\/dpress.ma\/fr\/2026\/04\/15\/les-infrastructures-au-coeur-du-projet-de-developpement-global-mene-sous-limpulsion-de-sm-le-roi\/#primaryimage"},"thumbnailUrl":"https:\/\/dpress.ma\/fr\/wp-content\/uploads\/sites\/2\/2026\/04\/17-3.jpg","articleSection":["Politiques"],"inLanguage":"fr-FR","potentialAction":[{"@type":"CommentAction","name":"Comment","target":["https:\/\/dpress.ma\/fr\/2026\/04\/15\/les-infrastructures-au-coeur-du-projet-de-developpement-global-mene-sous-limpulsion-de-sm-le-roi\/#respond"]}]},{"@type":"WebPage","@id":"https:\/\/dpress.ma\/fr\/2026\/04\/15\/les-infrastructures-au-coeur-du-projet-de-developpement-global-mene-sous-limpulsion-de-sm-le-roi\/","url":"https:\/\/dpress.ma\/fr\/2026\/04\/15\/les-infrastructures-au-coeur-du-projet-de-developpement-global-mene-sous-limpulsion-de-sm-le-roi\/","name":"Les infrastructures au c\u0153ur du projet de d\u00e9veloppement global men\u00e9 sous l\u2019impulsion de SM le Roi - Dpress.ma\/fr","isPartOf":{"@id":"https:\/\/dpress.ma\/fr\/#website"},"primaryImageOfPage":{"@id":"https:\/\/dpress.ma\/fr\/2026\/04\/15\/les-infrastructures-au-coeur-du-projet-de-developpement-global-mene-sous-limpulsion-de-sm-le-roi\/#primaryimage"},"image":{"@id":"https:\/\/dpress.ma\/fr\/2026\/04\/15\/les-infrastructures-au-coeur-du-projet-de-developpement-global-mene-sous-limpulsion-de-sm-le-roi\/#primaryimage"},"thumbnailUrl":"https:\/\/dpress.ma\/fr\/wp-content\/uploads\/sites\/2\/2026\/04\/17-3.jpg","datePublished":"2026-04-15T17:14:01+00:00","dateModified":"2026-04-15T17:14:02+00:00","author":{"@id":"https:\/\/dpress.ma\/fr\/#\/schema\/person\/4898febf3ccd59e6578d838656a306a0"},"breadcrumb":{"@id":"https:\/\/dpress.ma\/fr\/2026\/04\/15\/les-infrastructures-au-coeur-du-projet-de-developpement-global-mene-sous-limpulsion-de-sm-le-roi\/#breadcrumb"},"inLanguage":"fr-FR","potentialAction":[{"@type":"ReadAction","target":["https:\/\/dpress.ma\/fr\/2026\/04\/15\/les-infrastructures-au-coeur-du-projet-de-developpement-global-mene-sous-limpulsion-de-sm-le-roi\/"]}]},{"@type":"ImageObject","inLanguage":"fr-FR","@id":"https:\/\/dpress.ma\/fr\/2026\/04\/15\/les-infrastructures-au-coeur-du-projet-de-developpement-global-mene-sous-limpulsion-de-sm-le-roi\/#primaryimage","url":"https:\/\/dpress.ma\/fr\/wp-content\/uploads\/sites\/2\/2026\/04\/17-3.jpg","contentUrl":"https:\/\/dpress.ma\/fr\/wp-content\/uploads\/sites\/2\/2026\/04\/17-3.jpg","width":2539,"height":1594},{"@type":"BreadcrumbList","@id":"https:\/\/dpress.ma\/fr\/2026\/04\/15\/les-infrastructures-au-coeur-du-projet-de-developpement-global-mene-sous-limpulsion-de-sm-le-roi\/#breadcrumb","itemListElement":[{"@type":"ListItem","position":1,"name":"Home","item":"https:\/\/dpress.ma\/fr\/"},{"@type":"ListItem","position":2,"name":"Les infrastructures au c\u0153ur du projet de d\u00e9veloppement global men\u00e9 sous l\u2019impulsion de SM le Roi"}]},{"@type":"WebSite","@id":"https:\/\/dpress.ma\/fr\/#website","url":"https:\/\/dpress.ma\/fr\/","name":"Dpress.ma\/fr","description":"","potentialAction":[{"@type":"SearchAction","target":{"@type":"EntryPoint","urlTemplate":"https:\/\/dpress.ma\/fr\/?s={search_term_string}"},"query-input":{"@type":"PropertyValueSpecification","valueRequired":true,"valueName":"search_term_string"}}],"inLanguage":"fr-FR"},{"@type":"Person","@id":"https:\/\/dpress.ma\/fr\/#\/schema\/person\/4898febf3ccd59e6578d838656a306a0","name":"Dpress.ma","image":{"@type":"ImageObject","inLanguage":"fr-FR","@id":"https:\/\/secure.gravatar.com\/avatar\/72ecc30e9db047a2e0e7176561eb9d564ed77c8108376495b19bd8336405198a?s=96&d=mm&r=g","url":"https:\/\/secure.gravatar.com\/avatar\/72ecc30e9db047a2e0e7176561eb9d564ed77c8108376495b19bd8336405198a?s=96&d=mm&r=g","contentUrl":"https:\/\/secure.gravatar.com\/avatar\/72ecc30e9db047a2e0e7176561eb9d564ed77c8108376495b19bd8336405198a?s=96&d=mm&r=g","caption":"Dpress.ma"},"sameAs":["https:\/\/www.dpress.ma"],"url":"https:\/\/dpress.ma\/fr\/author\/dpress-ma\/"}]}},"amp_enabled":true,"_links":{"self":[{"href":"https:\/\/dpress.ma\/fr\/wp-json\/wp\/v2\/posts\/28632","targetHints":{"allow":["GET"]}}],"collection":[{"href":"https:\/\/dpress.ma\/fr\/wp-json\/wp\/v2\/posts"}],"about":[{"href":"https:\/\/dpress.ma\/fr\/wp-json\/wp\/v2\/types\/post"}],"author":[{"embeddable":true,"href":"https:\/\/dpress.ma\/fr\/wp-json\/wp\/v2\/users\/2"}],"replies":[{"embeddable":true,"href":"https:\/\/dpress.ma\/fr\/wp-json\/wp\/v2\/comments?post=28632"}],"version-history":[{"count":1,"href":"https:\/\/dpress.ma\/fr\/wp-json\/wp\/v2\/posts\/28632\/revisions"}],"predecessor-version":[{"id":28634,"href":"https:\/\/dpress.ma\/fr\/wp-json\/wp\/v2\/posts\/28632\/revisions\/28634"}],"wp:featuredmedia":[{"embeddable":true,"href":"https:\/\/dpress.ma\/fr\/wp-json\/wp\/v2\/media\/28633"}],"wp:attachment":[{"href":"https:\/\/dpress.ma\/fr\/wp-json\/wp\/v2\/media?parent=28632"}],"wp:term":[{"taxonomy":"category","embeddable":true,"href":"https:\/\/dpress.ma\/fr\/wp-json\/wp\/v2\/categories?post=28632"},{"taxonomy":"post_tag","embeddable":true,"href":"https:\/\/dpress.ma\/fr\/wp-json\/wp\/v2\/tags?post=28632"}],"curies":[{"name":"wp","href":"https:\/\/api.w.org\/{rel}","templated":true}]}}