{"id":28629,"date":"2026-04-15T17:11:22","date_gmt":"2026-04-15T17:11:22","guid":{"rendered":"https:\/\/dpress.ma\/fr\/?p=28629"},"modified":"2026-04-15T17:11:30","modified_gmt":"2026-04-15T17:11:30","slug":"le-gouvernement-a-reoriente-les-investissements-vers-les-veritables-priorites-sociales","status":"publish","type":"post","link":"https:\/\/dpress.ma\/fr\/2026\/04\/15\/le-gouvernement-a-reoriente-les-investissements-vers-les-veritables-priorites-sociales\/","title":{"rendered":"Le gouvernement a r\u00e9orient\u00e9 les investissements vers les v\u00e9ritables priorit\u00e9s sociales"},"content":{"rendered":"\n<p>Dpress<\/p>\n\n\n\n<p>Le Chef de gouvernement, Aziz Akhannouch, a affirm\u00e9 mercredi que l\u2019Ex\u00e9cutif a r\u00e9orient\u00e9 les investissements vers les v\u00e9ritables priorit\u00e9s sociales, soulignant que le Royaume amorce une transformation profonde de la notion de citoyennet\u00e9, concr\u00e9tis\u00e9e par l\u2019\u00e9largissement de la protection sociale \u00e0 environ 15,5 millions de personnes suppl\u00e9mentaires.<\/p>\n\n\n\n<p>Lors de la pr\u00e9sentation du bilan de l\u2019action gouvernementale devant les deux Chambres du Parlement, M. Akhannouch a pr\u00e9cis\u00e9 que l\u2019\u00c9tat a pris en charge des cotisations d\u00e9passant 27 milliards de dirhams (MMDH) au profit des cat\u00e9gories pr\u00e9caires dans le cadre du r\u00e9gime \u201cAMO Tadamon\u201d.<\/p>\n\n\n\n<p>Environ 4 millions de familles b\u00e9n\u00e9ficient de l\u2019aide sociale directe, dans le cadre d\u2019une nouvelle approche reposant sur un ciblage plus pr\u00e9cis et des m\u00e9canismes de gouvernance plus performants \u00e0 m\u00eame de garantir une meilleure efficacit\u00e9 dans l\u2019attribution du soutien aux cat\u00e9gories m\u00e9ritantes, tout en limitant la fragmentation des programmes et la multiplicit\u00e9 des intervenants, a-t-il fait observer.<\/p>\n\n\n\n<p>Le Chef de gouvernement a \u00e9galement fait savoir que le montant total vers\u00e9 au profit des b\u00e9n\u00e9ficiaires de ce soutien s\u2019est \u00e9lev\u00e9, \u00e0 fin janvier, \u00e0 environ 52 MMDH, dont 33 MMDH allou\u00e9s aux aides destin\u00e9es \u00e0 la protection de l\u2019enfance et 19 MMDH aux aides forfaitaires.<\/p>\n\n\n\n<p>Il a relev\u00e9 que ce soutien concerne \u00e9galement 5,5 millions d\u2019enfants et plus de 396.000 veuves dont environ 308.000 sans enfants, ainsi que plus d\u2019un million de b\u00e9n\u00e9ficiaires \u00e2g\u00e9s de plus de 60 ans.<\/p>\n\n\n\n<p>\u00c9voquant le secteur de la sant\u00e9, M. Akhannouch a rappel\u00e9 le lancement d\u2019une r\u00e9forme structurante globale visant \u00e0 refonder le syst\u00e8me de sant\u00e9 sur de nouvelles bases, afin de restaurer la confiance du citoyen dans le service public de sant\u00e9, pr\u00e9cisant que le budget de ce secteur est pass\u00e9 de 19,7 MMDH en 2021 \u00e0 42,4 MMDH en 2026, soit plus du double en l\u2019espace de cinq ans.<\/p>\n\n\n\n<p>Il s\u2019agit \u00e9galement du lancement du processus de transformation num\u00e9rique du secteur de la sant\u00e9, en vue d\u2019une v\u00e9ritable \u00e9quit\u00e9 territoriale dans l\u2019acc\u00e8s aux soins, a-t-il poursuivi, pr\u00e9cisant que le gouvernement a parachev\u00e9 la mise \u00e0 niveau d\u2019environ 1.400 \u00e9tablissements de soins de sant\u00e9 primaires \u201cnouvelle g\u00e9n\u00e9ration\u201d pour un budget de 6,4 MMDH.<\/p>\n\n\n\n<p>Cette \u00e9tape ouvre \u00e9galement la voie au lancement d\u2019une seconde phase du programme visant la r\u00e9habilitation de 1.600 centres de sant\u00e9 suppl\u00e9mentaires, pour une enveloppe budg\u00e9taire avoisinant les 7 MMDH.<\/p>\n\n\n\n<p>Le d\u00e9ploiement du programme de g\u00e9n\u00e9ralisation des Centres Hospitaliers Universitaires (CHU) dans les diff\u00e9rentes r\u00e9gions du Royaume se poursuit \u00e0 horizon 2027, avec la modernisation de leurs \u00e9quipements et le renforcement de leurs capacit\u00e9s p\u00e9dagogiques et hospitali\u00e8res, afin de favoriser un meilleur \u00e9quilibre territorial et de r\u00e9duire les disparit\u00e9s d\u2019acc\u00e8s, tant \u00e0 la formation qu\u2019aux services de sant\u00e9, a-t-il fait remarquer.<\/p>\n\n\n\n<p>Concernant le secteur de l\u2019\u00e9ducation et de la formation, le Chef du gouvernement a relev\u00e9 que ce chantier constitue un pilier fondamental pour l\u2019\u00e9dification de l\u2019avenir du Maroc, tout en affirmant que la r\u00e9forme de l\u2019\u00e9cole publique, la mise \u00e0 niveau de l\u2019universit\u00e9 et le renforcement des \u00e9tablissements de formation professionnelle repr\u00e9sentent un choix strat\u00e9gique irr\u00e9versible.<\/p>\n\n\n\n<p>Dans ce contexte, il a indiqu\u00e9 que le taux de couverture de l\u2019enseignement pr\u00e9scolaire est estim\u00e9 \u00e0 80% au titre de l\u2019actuelle ann\u00e9e scolaire (985.000 enfants), mettant en avant le d\u00e9veloppement notable de la qualit\u00e9 de l\u2019offre \u00e9ducative et de ses infrastructures.<\/p>\n\n\n\n<p>Les \u00e9coles pionni\u00e8res ont connu une expansion consid\u00e9rable, a-t-il ajout\u00e9, notant que leur nombre est pass\u00e9 de 626 en 2023 \u00e0 4.626 \u00e9tablissements pour l\u2019ann\u00e9e scolaire en cours, accueillant pr\u00e8s de deux millions d\u2019\u00e9l\u00e8ves, avec une couverture pr\u00e9vue de 80% \u00e0 partir de l\u2019ann\u00e9e prochaine.<\/p>\n\n\n\n<p>Dans ce sens, il a soulign\u00e9 que ce mod\u00e8le a \u00e9t\u00e9 \u00e9largi au cycle coll\u00e9gial, avec 786 \u00e9tablissements pour l\u2019ann\u00e9e en cours, \u00e9quip\u00e9s des moyens et des \u00e9quipements p\u00e9dagogiques les plus modernes, au b\u00e9n\u00e9fice de 677.000 \u00e9l\u00e8ves.<\/p>\n\n\n\n<p>Le nombre d\u2019\u00e9l\u00e8ves b\u00e9n\u00e9ficiant des internats a \u00e9t\u00e9 port\u00e9 \u00e0 plus de 172.000 cette ann\u00e9e, tandis qu\u2019environ 700.000 \u00e9l\u00e8ves b\u00e9n\u00e9ficient du transport scolaire, outre l\u2019octroi d\u2019une aide financi\u00e8re aux familles lors de la rentr\u00e9e scolaire au profit de 3,4 millions d\u2019\u00e9l\u00e8ves, pour un co\u00fbt total de 738 millions de dirhams (MDH), a-t-il indiqu\u00e9.<\/p>\n\n\n\n<p>Concernant la situation des cadres p\u00e9dagogiques et administratifs, le Chef du gouvernement a affirm\u00e9 que la valorisation de ces derniers constitue \u201cune priorit\u00e9 structurelle\u201d, rappelant les \u00e9tapes d\u00e9cisives qui ont marqu\u00e9 la fin de l\u2019ann\u00e9e 2023 et le d\u00e9but de 2024, ayant abouti \u00e0 des accords importants avec les syndicats sur certains dossiers.<\/p>\n\n\n\n<p>A cet \u00e9gard, le gouvernement a approuv\u00e9 le nouveau statut des fonctionnaires de l\u2019\u00c9ducation nationale, qui concerne environ 336.000 fonctionnaires, et a d\u00e9finitivement clos le dossier des enseignants contractuels, au nombre de plus de 114.000.<\/p>\n\n\n\n<p>D\u2019importantes augmentations salariales, \u00e0 partir de 1.500 dirhams, ont \u00e9t\u00e9 approuv\u00e9es pour les diff\u00e9rentes cat\u00e9gories, a-t-il ajout\u00e9, relevant que le co\u00fbt total de l\u2019accord conclu avec les syndicats de l\u2019enseignement d\u00e9passera les 17 MMDH d\u2019ici 2027, parall\u00e8lement \u00e0 la r\u00e9forme du statut des professeurs-chercheurs \u00e0 l\u2019universit\u00e9, avec \u00e0 une revalorisation mensuelle de 3.000 dirhams nets.<\/p>\n\n\n\n<p>Le gouvernement a \u0153uvr\u00e9 en faveur du d\u00e9veloppement du syst\u00e8me de l\u2019enseignement sup\u00e9rieur et de la recherche scientifique par une r\u00e9forme p\u00e9dagogique globale et l\u2019\u00e9largissement de l\u2019offre universitaire, a fait savoir M. Akhannouch, faisant \u00e9tat de l\u2019augmentation des fili\u00e8res p\u00e9dagogiques \u00e0 4.238 et de la capacit\u00e9 d\u2019accueil des universit\u00e9s publiques, gr\u00e2ce \u00e0 la cr\u00e9ation de 15 nouveaux \u00e9tablissements universitaires (plus de 70.000 nouvelles places), outre une hausse de 16% du nombre de professeurs.<\/p>\n\n\n\n<p>Les services sociaux destin\u00e9s aux \u00e9tudiants ont \u00e9t\u00e9 renforc\u00e9s \u00e0 la faveur d\u2019une augmentation de 15% de la capacit\u00e9 d\u2019accueil des cit\u00e9s universitaires, pour atteindre un total de 60.000 lits pour l\u2019ann\u00e9e universitaire 2024-2025, a relev\u00e9 le Chef du gouvernement, relevant que l\u2019Ex\u00e9cutif a accord\u00e9 une grande importance au d\u00e9veloppement du secteur de la formation professionnelle, \u00e0 travers l\u2019ouverture de cit\u00e9s des m\u00e9tiers et des comp\u00e9tences et la cr\u00e9ation de 59 nouveaux \u00e9tablissements.<\/p>\n\n\n\n<p>S\u2019agissant de la protection du pouvoir d\u2019achat, M. Akhannouch a indiqu\u00e9 que le gouvernement s\u2019\u00e9tait fix\u00e9 pour objectif d\u2019am\u00e9liorer les revenus des familles marocaines, rappelant que l\u2019\u00c9tat a pris en charge environ 135,6 MMDH via la Caisse de compensation afin de maintenir la stabilit\u00e9 des prix des produits de premi\u00e8re n\u00e9cessit\u00e9.<\/p>\n\n\n\n<p>\u00c9voquant le dialogue social, il a expliqu\u00e9 que le gouvernement a \u0153uvr\u00e9 \u00e0 le renforcer avec les diff\u00e9rents partenaires \u00e9conomiques et sociaux, ajoutant que d\u2019importants accords ont \u00e9t\u00e9 sign\u00e9s, dont ont b\u00e9n\u00e9fici\u00e9 plus de 4,2 millions de salari\u00e9s, avec l\u2019adoption d\u2019augmentations salariales dans les secteurs public et priv\u00e9 pour un co\u00fbt total avoisinant les 46 MMDH.<\/p>\n\n\n\n<p>Il a \u00e9galement rappel\u00e9 que l\u2019imp\u00f4t sur le revenu (IR) a \u00e9t\u00e9 r\u00e9vis\u00e9 gr\u00e2ce \u00e0 l\u2019exon\u00e9ration fiscale des salaires mensuels inf\u00e9rieurs \u00e0 6.000 dirhams, \u00e0 la r\u00e9duction du taux marginal sup\u00e9rieur (TMS) de 38% \u00e0 37% et \u00e0 l\u2019augmentation de l\u2019abattement annuel pour charges familiales de 360 \u00e0 500 dirhams par personne, pr\u00e9cisant qu\u2019\u201dun salaire d\u00e9cent n\u2019est pas seulement une exigence sociale, mais un levier essentiel de croissance \u00e9conomique\u201d.<\/p>\n\n\n\n<p>Au sujet de l\u2019aide directe au logement, le Chef du gouvernement a soulign\u00e9 que le programme Royal a \u00e9t\u00e9 mis en \u0153uvre, permettant \u00e0 plus de 96.000 familles d\u2019acc\u00e9der \u00e0 un logement d\u00e9cent, assurant que ce chantier \u201cconstitue un v\u00e9ritable investissement dans l\u2019avenir de la paix sociale et du d\u00e9veloppement humain\u201d.<\/p>\n","protected":false},"excerpt":{"rendered":"<p>Dpress Le Chef de gouvernement, Aziz Akhannouch, a affirm\u00e9 mercredi que l\u2019Ex\u00e9cutif a r\u00e9orient\u00e9 les investissements vers les v\u00e9ritables priorit\u00e9s sociales, soulignant que le Royaume amorce une transformation profonde de la notion de citoyennet\u00e9, concr\u00e9tis\u00e9e par l\u2019\u00e9largissement de la protection sociale \u00e0 environ 15,5 millions de personnes suppl\u00e9mentaires. Lors de la pr\u00e9sentation du bilan de &hellip;<\/p>\n","protected":false},"author":2,"featured_media":28630,"comment_status":"open","ping_status":"open","sticky":false,"template":"","format":"standard","meta":{"footnotes":""},"categories":[26],"tags":[],"class_list":["post-28629","post","type-post","status-publish","format-standard","has-post-thumbnail","hentry","category-politiques"],"yoast_head":"<!-- This site is optimized with the Yoast SEO plugin v27.4 - https:\/\/yoast.com\/product\/yoast-seo-wordpress\/ -->\n<title>Le gouvernement a r\u00e9orient\u00e9 les investissements vers les v\u00e9ritables priorit\u00e9s sociales - Dpress.ma\/fr<\/title>\n<meta name=\"robots\" content=\"index, follow, max-snippet:-1, max-image-preview:large, max-video-preview:-1\" \/>\n<link rel=\"canonical\" href=\"https:\/\/dpress.ma\/fr\/2026\/04\/15\/le-gouvernement-a-reoriente-les-investissements-vers-les-veritables-priorites-sociales\/\" \/>\n<meta property=\"og:locale\" content=\"fr_FR\" \/>\n<meta property=\"og:type\" content=\"article\" \/>\n<meta property=\"og:title\" content=\"Le gouvernement a r\u00e9orient\u00e9 les investissements vers les v\u00e9ritables priorit\u00e9s sociales - Dpress.ma\/fr\" \/>\n<meta property=\"og:description\" content=\"Dpress Le Chef de gouvernement, Aziz Akhannouch, a affirm\u00e9 mercredi que l\u2019Ex\u00e9cutif a r\u00e9orient\u00e9 les investissements vers les v\u00e9ritables priorit\u00e9s sociales, soulignant que le Royaume amorce une transformation profonde de la notion de citoyennet\u00e9, concr\u00e9tis\u00e9e par l\u2019\u00e9largissement de la protection sociale \u00e0 environ 15,5 millions de personnes suppl\u00e9mentaires. Lors de la pr\u00e9sentation du bilan de &hellip;\" \/>\n<meta property=\"og:url\" content=\"https:\/\/dpress.ma\/fr\/2026\/04\/15\/le-gouvernement-a-reoriente-les-investissements-vers-les-veritables-priorites-sociales\/\" \/>\n<meta property=\"og:site_name\" content=\"Dpress.ma\/fr\" \/>\n<meta property=\"article:published_time\" content=\"2026-04-15T17:11:22+00:00\" \/>\n<meta property=\"article:modified_time\" content=\"2026-04-15T17:11:30+00:00\" \/>\n<meta property=\"og:image\" content=\"https:\/\/dpress.ma\/fr\/wp-content\/uploads\/sites\/2\/2026\/04\/165.jpg\" \/>\n\t<meta property=\"og:image:width\" content=\"2539\" \/>\n\t<meta property=\"og:image:height\" content=\"1594\" \/>\n\t<meta property=\"og:image:type\" content=\"image\/jpeg\" \/>\n<meta name=\"author\" content=\"Dpress.ma\" \/>\n<meta name=\"twitter:card\" content=\"summary_large_image\" \/>\n<meta name=\"twitter:label1\" content=\"\u00c9crit par\" \/>\n\t<meta name=\"twitter:data1\" content=\"Dpress.ma\" \/>\n\t<meta name=\"twitter:label2\" content=\"Dur\u00e9e de lecture estim\u00e9e\" \/>\n\t<meta name=\"twitter:data2\" content=\"7 minutes\" \/>\n<script type=\"application\/ld+json\" class=\"yoast-schema-graph\">{\"@context\":\"https:\\\/\\\/schema.org\",\"@graph\":[{\"@type\":\"Article\",\"@id\":\"https:\\\/\\\/dpress.ma\\\/fr\\\/2026\\\/04\\\/15\\\/le-gouvernement-a-reoriente-les-investissements-vers-les-veritables-priorites-sociales\\\/#article\",\"isPartOf\":{\"@id\":\"https:\\\/\\\/dpress.ma\\\/fr\\\/2026\\\/04\\\/15\\\/le-gouvernement-a-reoriente-les-investissements-vers-les-veritables-priorites-sociales\\\/\"},\"author\":{\"name\":\"Dpress.ma\",\"@id\":\"https:\\\/\\\/dpress.ma\\\/fr\\\/#\\\/schema\\\/person\\\/4898febf3ccd59e6578d838656a306a0\"},\"headline\":\"Le gouvernement a r\u00e9orient\u00e9 les investissements vers les v\u00e9ritables priorit\u00e9s sociales\",\"datePublished\":\"2026-04-15T17:11:22+00:00\",\"dateModified\":\"2026-04-15T17:11:30+00:00\",\"mainEntityOfPage\":{\"@id\":\"https:\\\/\\\/dpress.ma\\\/fr\\\/2026\\\/04\\\/15\\\/le-gouvernement-a-reoriente-les-investissements-vers-les-veritables-priorites-sociales\\\/\"},\"wordCount\":1327,\"commentCount\":0,\"image\":{\"@id\":\"https:\\\/\\\/dpress.ma\\\/fr\\\/2026\\\/04\\\/15\\\/le-gouvernement-a-reoriente-les-investissements-vers-les-veritables-priorites-sociales\\\/#primaryimage\"},\"thumbnailUrl\":\"https:\\\/\\\/dpress.ma\\\/fr\\\/wp-content\\\/uploads\\\/sites\\\/2\\\/2026\\\/04\\\/165.jpg\",\"articleSection\":[\"Politiques\"],\"inLanguage\":\"fr-FR\",\"potentialAction\":[{\"@type\":\"CommentAction\",\"name\":\"Comment\",\"target\":[\"https:\\\/\\\/dpress.ma\\\/fr\\\/2026\\\/04\\\/15\\\/le-gouvernement-a-reoriente-les-investissements-vers-les-veritables-priorites-sociales\\\/#respond\"]}]},{\"@type\":\"WebPage\",\"@id\":\"https:\\\/\\\/dpress.ma\\\/fr\\\/2026\\\/04\\\/15\\\/le-gouvernement-a-reoriente-les-investissements-vers-les-veritables-priorites-sociales\\\/\",\"url\":\"https:\\\/\\\/dpress.ma\\\/fr\\\/2026\\\/04\\\/15\\\/le-gouvernement-a-reoriente-les-investissements-vers-les-veritables-priorites-sociales\\\/\",\"name\":\"Le gouvernement a r\u00e9orient\u00e9 les investissements vers les v\u00e9ritables priorit\u00e9s sociales - Dpress.ma\\\/fr\",\"isPartOf\":{\"@id\":\"https:\\\/\\\/dpress.ma\\\/fr\\\/#website\"},\"primaryImageOfPage\":{\"@id\":\"https:\\\/\\\/dpress.ma\\\/fr\\\/2026\\\/04\\\/15\\\/le-gouvernement-a-reoriente-les-investissements-vers-les-veritables-priorites-sociales\\\/#primaryimage\"},\"image\":{\"@id\":\"https:\\\/\\\/dpress.ma\\\/fr\\\/2026\\\/04\\\/15\\\/le-gouvernement-a-reoriente-les-investissements-vers-les-veritables-priorites-sociales\\\/#primaryimage\"},\"thumbnailUrl\":\"https:\\\/\\\/dpress.ma\\\/fr\\\/wp-content\\\/uploads\\\/sites\\\/2\\\/2026\\\/04\\\/165.jpg\",\"datePublished\":\"2026-04-15T17:11:22+00:00\",\"dateModified\":\"2026-04-15T17:11:30+00:00\",\"author\":{\"@id\":\"https:\\\/\\\/dpress.ma\\\/fr\\\/#\\\/schema\\\/person\\\/4898febf3ccd59e6578d838656a306a0\"},\"breadcrumb\":{\"@id\":\"https:\\\/\\\/dpress.ma\\\/fr\\\/2026\\\/04\\\/15\\\/le-gouvernement-a-reoriente-les-investissements-vers-les-veritables-priorites-sociales\\\/#breadcrumb\"},\"inLanguage\":\"fr-FR\",\"potentialAction\":[{\"@type\":\"ReadAction\",\"target\":[\"https:\\\/\\\/dpress.ma\\\/fr\\\/2026\\\/04\\\/15\\\/le-gouvernement-a-reoriente-les-investissements-vers-les-veritables-priorites-sociales\\\/\"]}]},{\"@type\":\"ImageObject\",\"inLanguage\":\"fr-FR\",\"@id\":\"https:\\\/\\\/dpress.ma\\\/fr\\\/2026\\\/04\\\/15\\\/le-gouvernement-a-reoriente-les-investissements-vers-les-veritables-priorites-sociales\\\/#primaryimage\",\"url\":\"https:\\\/\\\/dpress.ma\\\/fr\\\/wp-content\\\/uploads\\\/sites\\\/2\\\/2026\\\/04\\\/165.jpg\",\"contentUrl\":\"https:\\\/\\\/dpress.ma\\\/fr\\\/wp-content\\\/uploads\\\/sites\\\/2\\\/2026\\\/04\\\/165.jpg\",\"width\":2539,\"height\":1594},{\"@type\":\"BreadcrumbList\",\"@id\":\"https:\\\/\\\/dpress.ma\\\/fr\\\/2026\\\/04\\\/15\\\/le-gouvernement-a-reoriente-les-investissements-vers-les-veritables-priorites-sociales\\\/#breadcrumb\",\"itemListElement\":[{\"@type\":\"ListItem\",\"position\":1,\"name\":\"Home\",\"item\":\"https:\\\/\\\/dpress.ma\\\/fr\\\/\"},{\"@type\":\"ListItem\",\"position\":2,\"name\":\"Le gouvernement a r\u00e9orient\u00e9 les investissements vers les v\u00e9ritables priorit\u00e9s sociales\"}]},{\"@type\":\"WebSite\",\"@id\":\"https:\\\/\\\/dpress.ma\\\/fr\\\/#website\",\"url\":\"https:\\\/\\\/dpress.ma\\\/fr\\\/\",\"name\":\"Dpress.ma\\\/fr\",\"description\":\"\",\"potentialAction\":[{\"@type\":\"SearchAction\",\"target\":{\"@type\":\"EntryPoint\",\"urlTemplate\":\"https:\\\/\\\/dpress.ma\\\/fr\\\/?s={search_term_string}\"},\"query-input\":{\"@type\":\"PropertyValueSpecification\",\"valueRequired\":true,\"valueName\":\"search_term_string\"}}],\"inLanguage\":\"fr-FR\"},{\"@type\":\"Person\",\"@id\":\"https:\\\/\\\/dpress.ma\\\/fr\\\/#\\\/schema\\\/person\\\/4898febf3ccd59e6578d838656a306a0\",\"name\":\"Dpress.ma\",\"image\":{\"@type\":\"ImageObject\",\"inLanguage\":\"fr-FR\",\"@id\":\"https:\\\/\\\/secure.gravatar.com\\\/avatar\\\/72ecc30e9db047a2e0e7176561eb9d564ed77c8108376495b19bd8336405198a?s=96&d=mm&r=g\",\"url\":\"https:\\\/\\\/secure.gravatar.com\\\/avatar\\\/72ecc30e9db047a2e0e7176561eb9d564ed77c8108376495b19bd8336405198a?s=96&d=mm&r=g\",\"contentUrl\":\"https:\\\/\\\/secure.gravatar.com\\\/avatar\\\/72ecc30e9db047a2e0e7176561eb9d564ed77c8108376495b19bd8336405198a?s=96&d=mm&r=g\",\"caption\":\"Dpress.ma\"},\"sameAs\":[\"https:\\\/\\\/www.dpress.ma\"],\"url\":\"https:\\\/\\\/dpress.ma\\\/fr\\\/author\\\/dpress-ma\\\/\"}]}<\/script>\n<!-- \/ Yoast SEO plugin. -->","yoast_head_json":{"title":"Le gouvernement a r\u00e9orient\u00e9 les investissements vers les v\u00e9ritables priorit\u00e9s sociales - Dpress.ma\/fr","robots":{"index":"index","follow":"follow","max-snippet":"max-snippet:-1","max-image-preview":"max-image-preview:large","max-video-preview":"max-video-preview:-1"},"canonical":"https:\/\/dpress.ma\/fr\/2026\/04\/15\/le-gouvernement-a-reoriente-les-investissements-vers-les-veritables-priorites-sociales\/","og_locale":"fr_FR","og_type":"article","og_title":"Le gouvernement a r\u00e9orient\u00e9 les investissements vers les v\u00e9ritables priorit\u00e9s sociales - Dpress.ma\/fr","og_description":"Dpress Le Chef de gouvernement, Aziz Akhannouch, a affirm\u00e9 mercredi que l\u2019Ex\u00e9cutif a r\u00e9orient\u00e9 les investissements vers les v\u00e9ritables priorit\u00e9s sociales, soulignant que le Royaume amorce une transformation profonde de la notion de citoyennet\u00e9, concr\u00e9tis\u00e9e par l\u2019\u00e9largissement de la protection sociale \u00e0 environ 15,5 millions de personnes suppl\u00e9mentaires. Lors de la pr\u00e9sentation du bilan de &hellip;","og_url":"https:\/\/dpress.ma\/fr\/2026\/04\/15\/le-gouvernement-a-reoriente-les-investissements-vers-les-veritables-priorites-sociales\/","og_site_name":"Dpress.ma\/fr","article_published_time":"2026-04-15T17:11:22+00:00","article_modified_time":"2026-04-15T17:11:30+00:00","og_image":[{"width":2539,"height":1594,"url":"https:\/\/dpress.ma\/fr\/wp-content\/uploads\/sites\/2\/2026\/04\/165.jpg","type":"image\/jpeg"}],"author":"Dpress.ma","twitter_card":"summary_large_image","twitter_misc":{"\u00c9crit par":"Dpress.ma","Dur\u00e9e de lecture estim\u00e9e":"7 minutes"},"schema":{"@context":"https:\/\/schema.org","@graph":[{"@type":"Article","@id":"https:\/\/dpress.ma\/fr\/2026\/04\/15\/le-gouvernement-a-reoriente-les-investissements-vers-les-veritables-priorites-sociales\/#article","isPartOf":{"@id":"https:\/\/dpress.ma\/fr\/2026\/04\/15\/le-gouvernement-a-reoriente-les-investissements-vers-les-veritables-priorites-sociales\/"},"author":{"name":"Dpress.ma","@id":"https:\/\/dpress.ma\/fr\/#\/schema\/person\/4898febf3ccd59e6578d838656a306a0"},"headline":"Le gouvernement a r\u00e9orient\u00e9 les investissements vers les v\u00e9ritables priorit\u00e9s sociales","datePublished":"2026-04-15T17:11:22+00:00","dateModified":"2026-04-15T17:11:30+00:00","mainEntityOfPage":{"@id":"https:\/\/dpress.ma\/fr\/2026\/04\/15\/le-gouvernement-a-reoriente-les-investissements-vers-les-veritables-priorites-sociales\/"},"wordCount":1327,"commentCount":0,"image":{"@id":"https:\/\/dpress.ma\/fr\/2026\/04\/15\/le-gouvernement-a-reoriente-les-investissements-vers-les-veritables-priorites-sociales\/#primaryimage"},"thumbnailUrl":"https:\/\/dpress.ma\/fr\/wp-content\/uploads\/sites\/2\/2026\/04\/165.jpg","articleSection":["Politiques"],"inLanguage":"fr-FR","potentialAction":[{"@type":"CommentAction","name":"Comment","target":["https:\/\/dpress.ma\/fr\/2026\/04\/15\/le-gouvernement-a-reoriente-les-investissements-vers-les-veritables-priorites-sociales\/#respond"]}]},{"@type":"WebPage","@id":"https:\/\/dpress.ma\/fr\/2026\/04\/15\/le-gouvernement-a-reoriente-les-investissements-vers-les-veritables-priorites-sociales\/","url":"https:\/\/dpress.ma\/fr\/2026\/04\/15\/le-gouvernement-a-reoriente-les-investissements-vers-les-veritables-priorites-sociales\/","name":"Le gouvernement a r\u00e9orient\u00e9 les investissements vers les v\u00e9ritables priorit\u00e9s sociales - Dpress.ma\/fr","isPartOf":{"@id":"https:\/\/dpress.ma\/fr\/#website"},"primaryImageOfPage":{"@id":"https:\/\/dpress.ma\/fr\/2026\/04\/15\/le-gouvernement-a-reoriente-les-investissements-vers-les-veritables-priorites-sociales\/#primaryimage"},"image":{"@id":"https:\/\/dpress.ma\/fr\/2026\/04\/15\/le-gouvernement-a-reoriente-les-investissements-vers-les-veritables-priorites-sociales\/#primaryimage"},"thumbnailUrl":"https:\/\/dpress.ma\/fr\/wp-content\/uploads\/sites\/2\/2026\/04\/165.jpg","datePublished":"2026-04-15T17:11:22+00:00","dateModified":"2026-04-15T17:11:30+00:00","author":{"@id":"https:\/\/dpress.ma\/fr\/#\/schema\/person\/4898febf3ccd59e6578d838656a306a0"},"breadcrumb":{"@id":"https:\/\/dpress.ma\/fr\/2026\/04\/15\/le-gouvernement-a-reoriente-les-investissements-vers-les-veritables-priorites-sociales\/#breadcrumb"},"inLanguage":"fr-FR","potentialAction":[{"@type":"ReadAction","target":["https:\/\/dpress.ma\/fr\/2026\/04\/15\/le-gouvernement-a-reoriente-les-investissements-vers-les-veritables-priorites-sociales\/"]}]},{"@type":"ImageObject","inLanguage":"fr-FR","@id":"https:\/\/dpress.ma\/fr\/2026\/04\/15\/le-gouvernement-a-reoriente-les-investissements-vers-les-veritables-priorites-sociales\/#primaryimage","url":"https:\/\/dpress.ma\/fr\/wp-content\/uploads\/sites\/2\/2026\/04\/165.jpg","contentUrl":"https:\/\/dpress.ma\/fr\/wp-content\/uploads\/sites\/2\/2026\/04\/165.jpg","width":2539,"height":1594},{"@type":"BreadcrumbList","@id":"https:\/\/dpress.ma\/fr\/2026\/04\/15\/le-gouvernement-a-reoriente-les-investissements-vers-les-veritables-priorites-sociales\/#breadcrumb","itemListElement":[{"@type":"ListItem","position":1,"name":"Home","item":"https:\/\/dpress.ma\/fr\/"},{"@type":"ListItem","position":2,"name":"Le gouvernement a r\u00e9orient\u00e9 les investissements vers les v\u00e9ritables priorit\u00e9s sociales"}]},{"@type":"WebSite","@id":"https:\/\/dpress.ma\/fr\/#website","url":"https:\/\/dpress.ma\/fr\/","name":"Dpress.ma\/fr","description":"","potentialAction":[{"@type":"SearchAction","target":{"@type":"EntryPoint","urlTemplate":"https:\/\/dpress.ma\/fr\/?s={search_term_string}"},"query-input":{"@type":"PropertyValueSpecification","valueRequired":true,"valueName":"search_term_string"}}],"inLanguage":"fr-FR"},{"@type":"Person","@id":"https:\/\/dpress.ma\/fr\/#\/schema\/person\/4898febf3ccd59e6578d838656a306a0","name":"Dpress.ma","image":{"@type":"ImageObject","inLanguage":"fr-FR","@id":"https:\/\/secure.gravatar.com\/avatar\/72ecc30e9db047a2e0e7176561eb9d564ed77c8108376495b19bd8336405198a?s=96&d=mm&r=g","url":"https:\/\/secure.gravatar.com\/avatar\/72ecc30e9db047a2e0e7176561eb9d564ed77c8108376495b19bd8336405198a?s=96&d=mm&r=g","contentUrl":"https:\/\/secure.gravatar.com\/avatar\/72ecc30e9db047a2e0e7176561eb9d564ed77c8108376495b19bd8336405198a?s=96&d=mm&r=g","caption":"Dpress.ma"},"sameAs":["https:\/\/www.dpress.ma"],"url":"https:\/\/dpress.ma\/fr\/author\/dpress-ma\/"}]}},"amp_enabled":true,"_links":{"self":[{"href":"https:\/\/dpress.ma\/fr\/wp-json\/wp\/v2\/posts\/28629","targetHints":{"allow":["GET"]}}],"collection":[{"href":"https:\/\/dpress.ma\/fr\/wp-json\/wp\/v2\/posts"}],"about":[{"href":"https:\/\/dpress.ma\/fr\/wp-json\/wp\/v2\/types\/post"}],"author":[{"embeddable":true,"href":"https:\/\/dpress.ma\/fr\/wp-json\/wp\/v2\/users\/2"}],"replies":[{"embeddable":true,"href":"https:\/\/dpress.ma\/fr\/wp-json\/wp\/v2\/comments?post=28629"}],"version-history":[{"count":1,"href":"https:\/\/dpress.ma\/fr\/wp-json\/wp\/v2\/posts\/28629\/revisions"}],"predecessor-version":[{"id":28631,"href":"https:\/\/dpress.ma\/fr\/wp-json\/wp\/v2\/posts\/28629\/revisions\/28631"}],"wp:featuredmedia":[{"embeddable":true,"href":"https:\/\/dpress.ma\/fr\/wp-json\/wp\/v2\/media\/28630"}],"wp:attachment":[{"href":"https:\/\/dpress.ma\/fr\/wp-json\/wp\/v2\/media?parent=28629"}],"wp:term":[{"taxonomy":"category","embeddable":true,"href":"https:\/\/dpress.ma\/fr\/wp-json\/wp\/v2\/categories?post=28629"},{"taxonomy":"post_tag","embeddable":true,"href":"https:\/\/dpress.ma\/fr\/wp-json\/wp\/v2\/tags?post=28629"}],"curies":[{"name":"wp","href":"https:\/\/api.w.org\/{rel}","templated":true}]}}