{"id":28623,"date":"2026-04-15T16:47:07","date_gmt":"2026-04-15T16:47:07","guid":{"rendered":"https:\/\/dpress.ma\/fr\/?p=28623"},"modified":"2026-04-15T16:47:10","modified_gmt":"2026-04-15T16:47:10","slug":"la-diplomatie-culturelle-au-service-de-la-cause-palestinienne","status":"publish","type":"post","link":"https:\/\/dpress.ma\/fr\/2026\/04\/15\/la-diplomatie-culturelle-au-service-de-la-cause-palestinienne\/","title":{"rendered":"La diplomatie culturelle au service de la cause palestinienne"},"content":{"rendered":"\n<p>Dpress<\/p>\n\n\n\n<p>Dans le cadre de l\u2019activation des dynamiques de m\u00e9diation culturelle supervis\u00e9es par le Laboratoire de recherche et d\u2019innovation en design et communication, la fondation \u00ab Art Com Sup \u00bb organise, le jeudi 16 avril 2026 \u00e0 partir de 15h30, une rencontre acad\u00e9mique ouverte au public autour du th\u00e8me :<br><strong>\u00ab La diplomatie culturelle au service de la cause palestinienne : art, m\u00e9moire et r\u00e9sistance \u00bb<\/strong>.<\/p>\n\n\n\n<p>Cette rencontre s\u2019inscrit dans un contexte mondial marqu\u00e9 par une intensification des conflits, non seulement sur le terrain, mais aussi au niveau des r\u00e9cits, des repr\u00e9sentations et de la m\u00e9moire collective. Dans un monde travers\u00e9 par des tensions autour de la production du sens, de l\u2019orientation des images et du contr\u00f4le des archives, la culture appara\u00eet comme un champ strat\u00e9gique qui d\u00e9passe la simple expression esth\u00e9tique pour devenir un outil de production de savoir, de formation de la conscience critique et de r\u00e9sistance aux m\u00e9canismes d\u2019effacement et d\u2019exclusion. Dans cette perspective, aborder la question palestinienne \u00e0 travers l\u2019art, la litt\u00e9rature, les m\u00e9dias et le patrimoine permet d\u2019interroger ce qui perdure face aux politiques d\u2019effacement, ce qui se reconfigure \u00e0 travers la m\u00e9moire symbolique, et les potentialit\u00e9s offertes par les pratiques cr\u00e9atives pour pr\u00e9server et re-pr\u00e9senter les traces.<\/p>\n\n\n\n<p>Cette rencontre vise \u00e0 analyser les r\u00f4les de la diplomatie culturelle en tant qu\u2019horizon d\u2019interaction symbolique transnationale, o\u00f9 les pratiques artistiques, les r\u00e9cits m\u00e9diatiques et les dynamiques culturelles se croisent pour reconstruire la m\u00e9moire palestinienne et renforcer sa pr\u00e9sence dans l\u2019espace public international. Elle ambitionne \u00e9galement de mettre en lumi\u00e8re la mani\u00e8re dont ces formes d\u2019expression contribuent \u00e0 d\u00e9voiler les logiques de d\u00e9possession et d\u2019appropriation, tout en \u00e9laborant des formes multiples de solidarit\u00e9, \u00e0 la crois\u00e9e des dimensions esth\u00e9tiques, \u00e9thiques et politiques.<\/p>\n\n\n\n<p>Cette initiative t\u00e9moigne de l\u2019engagement de \u00ab Art Com Sup \u00bb \u00e0 consolider l\u2019espace acad\u00e9mique comme un lieu vivant de production de pens\u00e9e critique et de dialogue interdisciplinaire. La rencontre r\u00e9unira des chercheurs et des praticiens issus de divers champs de savoir afin d\u2019ouvrir un d\u00e9bat approfondi sur les intersections entre cr\u00e9ation et engagement, repr\u00e9sentation et narration, m\u00e9moire et justice. Elle offrira \u00e9galement un espace d\u2019expression aux \u00e9tudiants \u00e0 travers l\u2019exposition de travaux artistiques r\u00e9alis\u00e9s en lien avec la th\u00e9matique, illustrant leur implication dans les enjeux contemporains \u00e0 travers des supports cr\u00e9atifs.<\/p>\n\n\n\n<p>La s\u00e9ance sera ouverte et anim\u00e9e par la professeure Rania Zbiri, m\u00e9diatrice culturelle et enseignante-chercheuse, avec une intervention intitul\u00e9e :<br><strong>\u00ab L\u2019art de la r\u00e9sistance palestinienne : m\u00e9moire, effacement, cr\u00e9ation et solidarit\u00e9 internationale \u00bb<\/strong>, dans laquelle elle analysera les fonctions symboliques des pratiques artistiques comme formes de pr\u00e9servation, de questionnement et de r\u00e9cits alternatifs r\u00e9sistant aux tentatives d\u2019effacement et de reconfiguration de la conscience collective.<\/p>\n\n\n\n<p>La rencontre comprendra \u00e9galement des contributions scientifiques de grande qualit\u00e9, notamment celle de la docteure Nida Younes, po\u00e9tesse et chercheuse en sciences de l\u2019information et de la communication, qui interviendra sur :<br><strong>\u00ab R\u00e9sistance, diplomatie culturelle et m\u00e9dias \u00bb<\/strong>, en mettant l\u2019accent sur les enjeux de repr\u00e9sentation et de production discursive dans un contexte colonial, ainsi que sur l\u2019analyse des m\u00e9canismes de circulation des images et des r\u00e9cits li\u00e9s \u00e0 la cause palestinienne.<\/p>\n\n\n\n<p>De son c\u00f4t\u00e9, la docteure C\u00e9line Herv\u00e9-Bazin, \u00e9crivaine et chercheuse en sciences de l\u2019information, pr\u00e9sentera une communication intitul\u00e9e :<br><strong>\u00ab Mission de terrain, narration, communication et m\u00e9dias \u00bb<\/strong>, fond\u00e9e sur son exp\u00e9rience de recherche et de terrain, afin d\u2019analyser les r\u00f4les du r\u00e9cit dans la transmission des savoirs et d\u2019explorer les dimensions politiques de l\u2019acte de dire et de documenter.<\/p>\n\n\n\n<p>Quant \u00e0 monsieur Amine Alaoui, architecte et enseignant-chercheur, il abordera le th\u00e8me :<br><strong>\u00ab Espace, patrimoine, m\u00e9moire et r\u00e9sistance \u00bb<\/strong>, en montrant comment les espaces architecturaux et les sites patrimoniaux deviennent des enjeux centraux dans les luttes de m\u00e9moire et d\u2019identit\u00e9, et comment l\u2019architecture participe \u00e0 la production de sens et au renforcement des formes de r\u00e9sistance symbolique.<\/p>\n\n\n\n<p>\u00c0 travers cette programmation scientifique, \u00ab Art Com Sup \u00bb r\u00e9affirme son engagement en faveur d\u2019une vision critique de la culture, con\u00e7ue comme une force active dans la formation de la conscience collective, un espace de reconstruction de la m\u00e9moire et un outil de transmission des valeurs et de production de sens. Dans un contexte international marqu\u00e9 par des tensions g\u00e9opolitiques croissantes, cette rencontre se pr\u00e9sente comme une invitation \u00e0 repenser la diplomatie culturelle en tant que pratique symbolique capable de construire des ponts de dialogue entre diff\u00e9rents savoirs et sensibilit\u00e9s, et de contribuer \u00e0 l\u2019affirmation des valeurs de justice et de dignit\u00e9 \u00e0 l\u2019\u00e9chelle mondiale.<\/p>\n","protected":false},"excerpt":{"rendered":"<p>Dpress Dans le cadre de l\u2019activation des dynamiques de m\u00e9diation culturelle supervis\u00e9es par le Laboratoire de recherche et d\u2019innovation en design et communication, la fondation \u00ab Art Com Sup \u00bb organise, le jeudi 16 avril 2026 \u00e0 partir de 15h30, une rencontre acad\u00e9mique ouverte au public autour du th\u00e8me :\u00ab La diplomatie culturelle au service &hellip;<\/p>\n","protected":false},"author":2,"featured_media":28624,"comment_status":"open","ping_status":"open","sticky":false,"template":"","format":"standard","meta":{"footnotes":""},"categories":[40],"tags":[],"class_list":["post-28623","post","type-post","status-publish","format-standard","has-post-thumbnail","hentry","category-societe-et-regions"],"yoast_head":"<!-- This site is optimized with the Yoast SEO plugin v27.4 - https:\/\/yoast.com\/product\/yoast-seo-wordpress\/ -->\n<title>La diplomatie culturelle au service de la cause palestinienne - Dpress.ma\/fr<\/title>\n<meta name=\"robots\" content=\"index, follow, max-snippet:-1, max-image-preview:large, max-video-preview:-1\" \/>\n<link rel=\"canonical\" href=\"https:\/\/dpress.ma\/fr\/2026\/04\/15\/la-diplomatie-culturelle-au-service-de-la-cause-palestinienne\/\" \/>\n<meta property=\"og:locale\" content=\"fr_FR\" \/>\n<meta property=\"og:type\" content=\"article\" \/>\n<meta property=\"og:title\" content=\"La diplomatie culturelle au service de la cause palestinienne - Dpress.ma\/fr\" \/>\n<meta property=\"og:description\" content=\"Dpress Dans le cadre de l\u2019activation des dynamiques de m\u00e9diation culturelle supervis\u00e9es par le Laboratoire de recherche et d\u2019innovation en design et communication, la fondation \u00ab Art Com Sup \u00bb organise, le jeudi 16 avril 2026 \u00e0 partir de 15h30, une rencontre acad\u00e9mique ouverte au public autour du th\u00e8me :\u00ab La diplomatie culturelle au service &hellip;\" \/>\n<meta property=\"og:url\" content=\"https:\/\/dpress.ma\/fr\/2026\/04\/15\/la-diplomatie-culturelle-au-service-de-la-cause-palestinienne\/\" \/>\n<meta property=\"og:site_name\" content=\"Dpress.ma\/fr\" \/>\n<meta property=\"article:published_time\" content=\"2026-04-15T16:47:07+00:00\" \/>\n<meta property=\"article:modified_time\" content=\"2026-04-15T16:47:10+00:00\" \/>\n<meta property=\"og:image\" content=\"https:\/\/dpress.ma\/fr\/wp-content\/uploads\/sites\/2\/2026\/04\/102.jpg\" \/>\n\t<meta property=\"og:image:width\" content=\"2539\" \/>\n\t<meta property=\"og:image:height\" content=\"1594\" \/>\n\t<meta property=\"og:image:type\" content=\"image\/jpeg\" \/>\n<meta name=\"author\" content=\"Dpress.ma\" \/>\n<meta name=\"twitter:card\" content=\"summary_large_image\" \/>\n<meta name=\"twitter:label1\" content=\"\u00c9crit par\" \/>\n\t<meta name=\"twitter:data1\" content=\"Dpress.ma\" \/>\n\t<meta name=\"twitter:label2\" content=\"Dur\u00e9e de lecture estim\u00e9e\" \/>\n\t<meta name=\"twitter:data2\" content=\"4 minutes\" \/>\n<script type=\"application\/ld+json\" class=\"yoast-schema-graph\">{\"@context\":\"https:\\\/\\\/schema.org\",\"@graph\":[{\"@type\":\"Article\",\"@id\":\"https:\\\/\\\/dpress.ma\\\/fr\\\/2026\\\/04\\\/15\\\/la-diplomatie-culturelle-au-service-de-la-cause-palestinienne\\\/#article\",\"isPartOf\":{\"@id\":\"https:\\\/\\\/dpress.ma\\\/fr\\\/2026\\\/04\\\/15\\\/la-diplomatie-culturelle-au-service-de-la-cause-palestinienne\\\/\"},\"author\":{\"name\":\"Dpress.ma\",\"@id\":\"https:\\\/\\\/dpress.ma\\\/fr\\\/#\\\/schema\\\/person\\\/4898febf3ccd59e6578d838656a306a0\"},\"headline\":\"La diplomatie culturelle au service de la cause palestinienne\",\"datePublished\":\"2026-04-15T16:47:07+00:00\",\"dateModified\":\"2026-04-15T16:47:10+00:00\",\"mainEntityOfPage\":{\"@id\":\"https:\\\/\\\/dpress.ma\\\/fr\\\/2026\\\/04\\\/15\\\/la-diplomatie-culturelle-au-service-de-la-cause-palestinienne\\\/\"},\"wordCount\":825,\"commentCount\":0,\"image\":{\"@id\":\"https:\\\/\\\/dpress.ma\\\/fr\\\/2026\\\/04\\\/15\\\/la-diplomatie-culturelle-au-service-de-la-cause-palestinienne\\\/#primaryimage\"},\"thumbnailUrl\":\"https:\\\/\\\/dpress.ma\\\/fr\\\/wp-content\\\/uploads\\\/sites\\\/2\\\/2026\\\/04\\\/102.jpg\",\"articleSection\":[\"societe et regions\"],\"inLanguage\":\"fr-FR\",\"potentialAction\":[{\"@type\":\"CommentAction\",\"name\":\"Comment\",\"target\":[\"https:\\\/\\\/dpress.ma\\\/fr\\\/2026\\\/04\\\/15\\\/la-diplomatie-culturelle-au-service-de-la-cause-palestinienne\\\/#respond\"]}]},{\"@type\":\"WebPage\",\"@id\":\"https:\\\/\\\/dpress.ma\\\/fr\\\/2026\\\/04\\\/15\\\/la-diplomatie-culturelle-au-service-de-la-cause-palestinienne\\\/\",\"url\":\"https:\\\/\\\/dpress.ma\\\/fr\\\/2026\\\/04\\\/15\\\/la-diplomatie-culturelle-au-service-de-la-cause-palestinienne\\\/\",\"name\":\"La diplomatie culturelle au service de la cause palestinienne - Dpress.ma\\\/fr\",\"isPartOf\":{\"@id\":\"https:\\\/\\\/dpress.ma\\\/fr\\\/#website\"},\"primaryImageOfPage\":{\"@id\":\"https:\\\/\\\/dpress.ma\\\/fr\\\/2026\\\/04\\\/15\\\/la-diplomatie-culturelle-au-service-de-la-cause-palestinienne\\\/#primaryimage\"},\"image\":{\"@id\":\"https:\\\/\\\/dpress.ma\\\/fr\\\/2026\\\/04\\\/15\\\/la-diplomatie-culturelle-au-service-de-la-cause-palestinienne\\\/#primaryimage\"},\"thumbnailUrl\":\"https:\\\/\\\/dpress.ma\\\/fr\\\/wp-content\\\/uploads\\\/sites\\\/2\\\/2026\\\/04\\\/102.jpg\",\"datePublished\":\"2026-04-15T16:47:07+00:00\",\"dateModified\":\"2026-04-15T16:47:10+00:00\",\"author\":{\"@id\":\"https:\\\/\\\/dpress.ma\\\/fr\\\/#\\\/schema\\\/person\\\/4898febf3ccd59e6578d838656a306a0\"},\"breadcrumb\":{\"@id\":\"https:\\\/\\\/dpress.ma\\\/fr\\\/2026\\\/04\\\/15\\\/la-diplomatie-culturelle-au-service-de-la-cause-palestinienne\\\/#breadcrumb\"},\"inLanguage\":\"fr-FR\",\"potentialAction\":[{\"@type\":\"ReadAction\",\"target\":[\"https:\\\/\\\/dpress.ma\\\/fr\\\/2026\\\/04\\\/15\\\/la-diplomatie-culturelle-au-service-de-la-cause-palestinienne\\\/\"]}]},{\"@type\":\"ImageObject\",\"inLanguage\":\"fr-FR\",\"@id\":\"https:\\\/\\\/dpress.ma\\\/fr\\\/2026\\\/04\\\/15\\\/la-diplomatie-culturelle-au-service-de-la-cause-palestinienne\\\/#primaryimage\",\"url\":\"https:\\\/\\\/dpress.ma\\\/fr\\\/wp-content\\\/uploads\\\/sites\\\/2\\\/2026\\\/04\\\/102.jpg\",\"contentUrl\":\"https:\\\/\\\/dpress.ma\\\/fr\\\/wp-content\\\/uploads\\\/sites\\\/2\\\/2026\\\/04\\\/102.jpg\",\"width\":2539,\"height\":1594},{\"@type\":\"BreadcrumbList\",\"@id\":\"https:\\\/\\\/dpress.ma\\\/fr\\\/2026\\\/04\\\/15\\\/la-diplomatie-culturelle-au-service-de-la-cause-palestinienne\\\/#breadcrumb\",\"itemListElement\":[{\"@type\":\"ListItem\",\"position\":1,\"name\":\"Home\",\"item\":\"https:\\\/\\\/dpress.ma\\\/fr\\\/\"},{\"@type\":\"ListItem\",\"position\":2,\"name\":\"La diplomatie culturelle au service de la cause palestinienne\"}]},{\"@type\":\"WebSite\",\"@id\":\"https:\\\/\\\/dpress.ma\\\/fr\\\/#website\",\"url\":\"https:\\\/\\\/dpress.ma\\\/fr\\\/\",\"name\":\"Dpress.ma\\\/fr\",\"description\":\"\",\"potentialAction\":[{\"@type\":\"SearchAction\",\"target\":{\"@type\":\"EntryPoint\",\"urlTemplate\":\"https:\\\/\\\/dpress.ma\\\/fr\\\/?s={search_term_string}\"},\"query-input\":{\"@type\":\"PropertyValueSpecification\",\"valueRequired\":true,\"valueName\":\"search_term_string\"}}],\"inLanguage\":\"fr-FR\"},{\"@type\":\"Person\",\"@id\":\"https:\\\/\\\/dpress.ma\\\/fr\\\/#\\\/schema\\\/person\\\/4898febf3ccd59e6578d838656a306a0\",\"name\":\"Dpress.ma\",\"image\":{\"@type\":\"ImageObject\",\"inLanguage\":\"fr-FR\",\"@id\":\"https:\\\/\\\/secure.gravatar.com\\\/avatar\\\/72ecc30e9db047a2e0e7176561eb9d564ed77c8108376495b19bd8336405198a?s=96&d=mm&r=g\",\"url\":\"https:\\\/\\\/secure.gravatar.com\\\/avatar\\\/72ecc30e9db047a2e0e7176561eb9d564ed77c8108376495b19bd8336405198a?s=96&d=mm&r=g\",\"contentUrl\":\"https:\\\/\\\/secure.gravatar.com\\\/avatar\\\/72ecc30e9db047a2e0e7176561eb9d564ed77c8108376495b19bd8336405198a?s=96&d=mm&r=g\",\"caption\":\"Dpress.ma\"},\"sameAs\":[\"https:\\\/\\\/www.dpress.ma\"],\"url\":\"https:\\\/\\\/dpress.ma\\\/fr\\\/author\\\/dpress-ma\\\/\"}]}<\/script>\n<!-- \/ Yoast SEO plugin. -->","yoast_head_json":{"title":"La diplomatie culturelle au service de la cause palestinienne - Dpress.ma\/fr","robots":{"index":"index","follow":"follow","max-snippet":"max-snippet:-1","max-image-preview":"max-image-preview:large","max-video-preview":"max-video-preview:-1"},"canonical":"https:\/\/dpress.ma\/fr\/2026\/04\/15\/la-diplomatie-culturelle-au-service-de-la-cause-palestinienne\/","og_locale":"fr_FR","og_type":"article","og_title":"La diplomatie culturelle au service de la cause palestinienne - Dpress.ma\/fr","og_description":"Dpress Dans le cadre de l\u2019activation des dynamiques de m\u00e9diation culturelle supervis\u00e9es par le Laboratoire de recherche et d\u2019innovation en design et communication, la fondation \u00ab Art Com Sup \u00bb organise, le jeudi 16 avril 2026 \u00e0 partir de 15h30, une rencontre acad\u00e9mique ouverte au public autour du th\u00e8me :\u00ab La diplomatie culturelle au service &hellip;","og_url":"https:\/\/dpress.ma\/fr\/2026\/04\/15\/la-diplomatie-culturelle-au-service-de-la-cause-palestinienne\/","og_site_name":"Dpress.ma\/fr","article_published_time":"2026-04-15T16:47:07+00:00","article_modified_time":"2026-04-15T16:47:10+00:00","og_image":[{"width":2539,"height":1594,"url":"https:\/\/dpress.ma\/fr\/wp-content\/uploads\/sites\/2\/2026\/04\/102.jpg","type":"image\/jpeg"}],"author":"Dpress.ma","twitter_card":"summary_large_image","twitter_misc":{"\u00c9crit par":"Dpress.ma","Dur\u00e9e de lecture estim\u00e9e":"4 minutes"},"schema":{"@context":"https:\/\/schema.org","@graph":[{"@type":"Article","@id":"https:\/\/dpress.ma\/fr\/2026\/04\/15\/la-diplomatie-culturelle-au-service-de-la-cause-palestinienne\/#article","isPartOf":{"@id":"https:\/\/dpress.ma\/fr\/2026\/04\/15\/la-diplomatie-culturelle-au-service-de-la-cause-palestinienne\/"},"author":{"name":"Dpress.ma","@id":"https:\/\/dpress.ma\/fr\/#\/schema\/person\/4898febf3ccd59e6578d838656a306a0"},"headline":"La diplomatie culturelle au service de la cause palestinienne","datePublished":"2026-04-15T16:47:07+00:00","dateModified":"2026-04-15T16:47:10+00:00","mainEntityOfPage":{"@id":"https:\/\/dpress.ma\/fr\/2026\/04\/15\/la-diplomatie-culturelle-au-service-de-la-cause-palestinienne\/"},"wordCount":825,"commentCount":0,"image":{"@id":"https:\/\/dpress.ma\/fr\/2026\/04\/15\/la-diplomatie-culturelle-au-service-de-la-cause-palestinienne\/#primaryimage"},"thumbnailUrl":"https:\/\/dpress.ma\/fr\/wp-content\/uploads\/sites\/2\/2026\/04\/102.jpg","articleSection":["societe et regions"],"inLanguage":"fr-FR","potentialAction":[{"@type":"CommentAction","name":"Comment","target":["https:\/\/dpress.ma\/fr\/2026\/04\/15\/la-diplomatie-culturelle-au-service-de-la-cause-palestinienne\/#respond"]}]},{"@type":"WebPage","@id":"https:\/\/dpress.ma\/fr\/2026\/04\/15\/la-diplomatie-culturelle-au-service-de-la-cause-palestinienne\/","url":"https:\/\/dpress.ma\/fr\/2026\/04\/15\/la-diplomatie-culturelle-au-service-de-la-cause-palestinienne\/","name":"La diplomatie culturelle au service de la cause palestinienne - Dpress.ma\/fr","isPartOf":{"@id":"https:\/\/dpress.ma\/fr\/#website"},"primaryImageOfPage":{"@id":"https:\/\/dpress.ma\/fr\/2026\/04\/15\/la-diplomatie-culturelle-au-service-de-la-cause-palestinienne\/#primaryimage"},"image":{"@id":"https:\/\/dpress.ma\/fr\/2026\/04\/15\/la-diplomatie-culturelle-au-service-de-la-cause-palestinienne\/#primaryimage"},"thumbnailUrl":"https:\/\/dpress.ma\/fr\/wp-content\/uploads\/sites\/2\/2026\/04\/102.jpg","datePublished":"2026-04-15T16:47:07+00:00","dateModified":"2026-04-15T16:47:10+00:00","author":{"@id":"https:\/\/dpress.ma\/fr\/#\/schema\/person\/4898febf3ccd59e6578d838656a306a0"},"breadcrumb":{"@id":"https:\/\/dpress.ma\/fr\/2026\/04\/15\/la-diplomatie-culturelle-au-service-de-la-cause-palestinienne\/#breadcrumb"},"inLanguage":"fr-FR","potentialAction":[{"@type":"ReadAction","target":["https:\/\/dpress.ma\/fr\/2026\/04\/15\/la-diplomatie-culturelle-au-service-de-la-cause-palestinienne\/"]}]},{"@type":"ImageObject","inLanguage":"fr-FR","@id":"https:\/\/dpress.ma\/fr\/2026\/04\/15\/la-diplomatie-culturelle-au-service-de-la-cause-palestinienne\/#primaryimage","url":"https:\/\/dpress.ma\/fr\/wp-content\/uploads\/sites\/2\/2026\/04\/102.jpg","contentUrl":"https:\/\/dpress.ma\/fr\/wp-content\/uploads\/sites\/2\/2026\/04\/102.jpg","width":2539,"height":1594},{"@type":"BreadcrumbList","@id":"https:\/\/dpress.ma\/fr\/2026\/04\/15\/la-diplomatie-culturelle-au-service-de-la-cause-palestinienne\/#breadcrumb","itemListElement":[{"@type":"ListItem","position":1,"name":"Home","item":"https:\/\/dpress.ma\/fr\/"},{"@type":"ListItem","position":2,"name":"La diplomatie culturelle au service de la cause palestinienne"}]},{"@type":"WebSite","@id":"https:\/\/dpress.ma\/fr\/#website","url":"https:\/\/dpress.ma\/fr\/","name":"Dpress.ma\/fr","description":"","potentialAction":[{"@type":"SearchAction","target":{"@type":"EntryPoint","urlTemplate":"https:\/\/dpress.ma\/fr\/?s={search_term_string}"},"query-input":{"@type":"PropertyValueSpecification","valueRequired":true,"valueName":"search_term_string"}}],"inLanguage":"fr-FR"},{"@type":"Person","@id":"https:\/\/dpress.ma\/fr\/#\/schema\/person\/4898febf3ccd59e6578d838656a306a0","name":"Dpress.ma","image":{"@type":"ImageObject","inLanguage":"fr-FR","@id":"https:\/\/secure.gravatar.com\/avatar\/72ecc30e9db047a2e0e7176561eb9d564ed77c8108376495b19bd8336405198a?s=96&d=mm&r=g","url":"https:\/\/secure.gravatar.com\/avatar\/72ecc30e9db047a2e0e7176561eb9d564ed77c8108376495b19bd8336405198a?s=96&d=mm&r=g","contentUrl":"https:\/\/secure.gravatar.com\/avatar\/72ecc30e9db047a2e0e7176561eb9d564ed77c8108376495b19bd8336405198a?s=96&d=mm&r=g","caption":"Dpress.ma"},"sameAs":["https:\/\/www.dpress.ma"],"url":"https:\/\/dpress.ma\/fr\/author\/dpress-ma\/"}]}},"amp_enabled":true,"_links":{"self":[{"href":"https:\/\/dpress.ma\/fr\/wp-json\/wp\/v2\/posts\/28623","targetHints":{"allow":["GET"]}}],"collection":[{"href":"https:\/\/dpress.ma\/fr\/wp-json\/wp\/v2\/posts"}],"about":[{"href":"https:\/\/dpress.ma\/fr\/wp-json\/wp\/v2\/types\/post"}],"author":[{"embeddable":true,"href":"https:\/\/dpress.ma\/fr\/wp-json\/wp\/v2\/users\/2"}],"replies":[{"embeddable":true,"href":"https:\/\/dpress.ma\/fr\/wp-json\/wp\/v2\/comments?post=28623"}],"version-history":[{"count":1,"href":"https:\/\/dpress.ma\/fr\/wp-json\/wp\/v2\/posts\/28623\/revisions"}],"predecessor-version":[{"id":28625,"href":"https:\/\/dpress.ma\/fr\/wp-json\/wp\/v2\/posts\/28623\/revisions\/28625"}],"wp:featuredmedia":[{"embeddable":true,"href":"https:\/\/dpress.ma\/fr\/wp-json\/wp\/v2\/media\/28624"}],"wp:attachment":[{"href":"https:\/\/dpress.ma\/fr\/wp-json\/wp\/v2\/media?parent=28623"}],"wp:term":[{"taxonomy":"category","embeddable":true,"href":"https:\/\/dpress.ma\/fr\/wp-json\/wp\/v2\/categories?post=28623"},{"taxonomy":"post_tag","embeddable":true,"href":"https:\/\/dpress.ma\/fr\/wp-json\/wp\/v2\/tags?post=28623"}],"curies":[{"name":"wp","href":"https:\/\/api.w.org\/{rel}","templated":true}]}}