{"id":2856,"date":"2022-12-12T13:45:47","date_gmt":"2022-12-12T13:45:47","guid":{"rendered":"https:\/\/dpress.ma\/fr\/?p=2856"},"modified":"2022-12-12T13:45:50","modified_gmt":"2022-12-12T13:45:50","slug":"addis-abeba-m-ouahbi-sentretient-avec-la-ministre-detat-ministre-de-la-justice-et-garde-des-sceaux-de-la-rdc","status":"publish","type":"post","link":"https:\/\/dpress.ma\/fr\/2022\/12\/12\/addis-abeba-m-ouahbi-sentretient-avec-la-ministre-detat-ministre-de-la-justice-et-garde-des-sceaux-de-la-rdc\/","title":{"rendered":"Addis-Abeba: M. Ouahbi s\u2019entretient avec la ministre d\u2019\u00c9tat, ministre de la Justice et Garde des sceaux de la RDC"},"content":{"rendered":"\n<p>Dpress<\/p>\n\n\n\n<p>&nbsp;Le ministre de la Justice, Abdellatif Ouahbi, s\u2019est entretenu \u00e0 Addis-Abeba avec la ministre d\u2019\u00c9tat, ministre de la Justice et Garde des sceaux de la R\u00e9publique D\u00e9mocratique du Congo, Rose Mutombo Kiese, de la coop\u00e9ration bilat\u00e9rale.<\/p>\n\n\n\n<p>Lors de cette entrevue, les deux ministres ont eu un \u00e9change sur les questions d\u2019int\u00e9r\u00eat commun et ont convenu de renforcer la coop\u00e9ration entre leurs d\u00e9partements respectifs.<\/p>\n\n\n\n<p>M. Ouahbi a, \u00e0 cette occasion, adress\u00e9 une invitation \u00e0 la ministre Congolaise pour une visite au Maroc fin janvier prochain pour renforcer davantage cette coop\u00e9ration.<\/p>\n\n\n\n<p>Dans une d\u00e9claration \u00e0 la MAP \u00e0 l\u2019issue de cet entretien qui s\u2019est d\u00e9roul\u00e9 en marge de la R\u00e9union minist\u00e9rielle du Comit\u00e9 technique sp\u00e9cialis\u00e9 de la Justice et des affaires juridiques de l\u2019Union africaine qui se tient \u00e0 Addis-Abeba, la ministre d\u2019\u00c9tat, ministre de la Justice et Garde des sceaux de la RDC, a r\u00e9affirm\u00e9 la volont\u00e9 de son pays \u00e0 renforcer la coop\u00e9ration entre les deux pays amis.<\/p>\n\n\n\n<p>\u201cOn a parcouru un peu le travail dans nos diff\u00e9rents secteurs et nous avons conclu que dans les jours \u00e0 venir nous allons oeuvrer pour renforcer nos relations en tant que pays amis\u201d, a-t-elle notamment soulign\u00e9.<\/p>\n\n\n\n<p>Le ministre de la justice prend part \u00e0 Addis-Abeba \u00e0 la R\u00e9union minist\u00e9rielle du Comit\u00e9 technique sp\u00e9cialis\u00e9 (CTS) de la Justice et des affaires juridiques de l\u2019Union africaine (UA) qui a entam\u00e9 samedi les travaux de sa 8eme session ordinaire.<\/p>\n\n\n\n<p>M. Ouahbi conduit la d\u00e9l\u00e9gation marocaine \u00e0 cette session minist\u00e9rielle, compos\u00e9e notamment de l\u2019Ambassadeur, Repr\u00e9sentant permanent du Royaume aupr\u00e8s de l\u2019UA et la CEA-ONU, Mohamed Arrouchi.<\/p>\n","protected":false},"excerpt":{"rendered":"<p>Dpress &nbsp;Le ministre de la Justice, Abdellatif Ouahbi, s\u2019est entretenu \u00e0 Addis-Abeba avec la ministre d\u2019\u00c9tat, ministre de la Justice et Garde des sceaux de la R\u00e9publique D\u00e9mocratique du Congo, Rose Mutombo Kiese, de la coop\u00e9ration bilat\u00e9rale. Lors de cette entrevue, les deux ministres ont eu un \u00e9change sur les questions d\u2019int\u00e9r\u00eat commun et ont &hellip;<\/p>\n","protected":false},"author":2,"featured_media":2857,"comment_status":"open","ping_status":"open","sticky":false,"template":"","format":"standard","meta":{"footnotes":""},"categories":[33],"tags":[],"class_list":["post-2856","post","type-post","status-publish","format-standard","has-post-thumbnail","hentry","category-diplomatie-parallele"],"yoast_head":"<!-- This site is optimized with the Yoast SEO plugin v27.5 - https:\/\/yoast.com\/product\/yoast-seo-wordpress\/ -->\n<title>Addis-Abeba: M. Ouahbi s\u2019entretient avec la ministre d\u2019\u00c9tat, ministre de la Justice et Garde des sceaux de la RDC - Dpress.ma\/fr<\/title>\n<meta name=\"description\" content=\"Le ministre de la Justice, Abdellatif Ouahbi, s\u2019est entretenu \u00e0 Addis-Abeba avec la ministre d\u2019\u00c9tat, ministre de la Justice et Garde des sceaux de la R\u00e9publique D\u00e9mocratique du Congo, Rose Mutombo Kiese, de la coop\u00e9ration bilat\u00e9rale.\" \/>\n<meta name=\"robots\" content=\"index, follow, max-snippet:-1, max-image-preview:large, max-video-preview:-1\" \/>\n<link rel=\"canonical\" href=\"https:\/\/dpress.ma\/fr\/2022\/12\/12\/addis-abeba-m-ouahbi-sentretient-avec-la-ministre-detat-ministre-de-la-justice-et-garde-des-sceaux-de-la-rdc\/\" \/>\n<meta property=\"og:locale\" content=\"fr_FR\" \/>\n<meta property=\"og:type\" content=\"article\" \/>\n<meta property=\"og:title\" content=\"Addis-Abeba: M. Ouahbi s\u2019entretient avec la ministre d\u2019\u00c9tat, ministre de la Justice et Garde des sceaux de la RDC - Dpress.ma\/fr\" \/>\n<meta property=\"og:description\" content=\"Le ministre de la Justice, Abdellatif Ouahbi, s\u2019est entretenu \u00e0 Addis-Abeba avec la ministre d\u2019\u00c9tat, ministre de la Justice et Garde des sceaux de la R\u00e9publique D\u00e9mocratique du Congo, Rose Mutombo Kiese, de la coop\u00e9ration bilat\u00e9rale.\" \/>\n<meta property=\"og:url\" content=\"https:\/\/dpress.ma\/fr\/2022\/12\/12\/addis-abeba-m-ouahbi-sentretient-avec-la-ministre-detat-ministre-de-la-justice-et-garde-des-sceaux-de-la-rdc\/\" \/>\n<meta property=\"og:site_name\" content=\"Dpress.ma\/fr\" \/>\n<meta property=\"article:published_time\" content=\"2022-12-12T13:45:47+00:00\" \/>\n<meta property=\"article:modified_time\" content=\"2022-12-12T13:45:50+00:00\" \/>\n<meta property=\"og:image\" content=\"https:\/\/dpress.ma\/fr\/wp-content\/uploads\/sites\/2\/2022\/12\/dimensions2-37.jpg\" \/>\n\t<meta property=\"og:image:width\" content=\"2539\" \/>\n\t<meta property=\"og:image:height\" content=\"1594\" \/>\n\t<meta property=\"og:image:type\" content=\"image\/jpeg\" \/>\n<meta name=\"author\" content=\"Dpress.ma\" \/>\n<meta name=\"twitter:card\" content=\"summary_large_image\" \/>\n<meta name=\"twitter:label1\" content=\"\u00c9crit par\" \/>\n\t<meta name=\"twitter:data1\" content=\"Dpress.ma\" \/>\n\t<meta name=\"twitter:label2\" content=\"Dur\u00e9e de lecture estim\u00e9e\" \/>\n\t<meta name=\"twitter:data2\" content=\"2 minutes\" \/>\n<script type=\"application\/ld+json\" class=\"yoast-schema-graph\">{\"@context\":\"https:\\\/\\\/schema.org\",\"@graph\":[{\"@type\":\"Article\",\"@id\":\"https:\\\/\\\/dpress.ma\\\/fr\\\/2022\\\/12\\\/12\\\/addis-abeba-m-ouahbi-sentretient-avec-la-ministre-detat-ministre-de-la-justice-et-garde-des-sceaux-de-la-rdc\\\/#article\",\"isPartOf\":{\"@id\":\"https:\\\/\\\/dpress.ma\\\/fr\\\/2022\\\/12\\\/12\\\/addis-abeba-m-ouahbi-sentretient-avec-la-ministre-detat-ministre-de-la-justice-et-garde-des-sceaux-de-la-rdc\\\/\"},\"author\":{\"name\":\"Dpress.ma\",\"@id\":\"https:\\\/\\\/dpress.ma\\\/fr\\\/#\\\/schema\\\/person\\\/4898febf3ccd59e6578d838656a306a0\"},\"headline\":\"Addis-Abeba: M. Ouahbi s\u2019entretient avec la ministre d\u2019\u00c9tat, ministre de la Justice et Garde des sceaux de la RDC\",\"datePublished\":\"2022-12-12T13:45:47+00:00\",\"dateModified\":\"2022-12-12T13:45:50+00:00\",\"mainEntityOfPage\":{\"@id\":\"https:\\\/\\\/dpress.ma\\\/fr\\\/2022\\\/12\\\/12\\\/addis-abeba-m-ouahbi-sentretient-avec-la-ministre-detat-ministre-de-la-justice-et-garde-des-sceaux-de-la-rdc\\\/\"},\"wordCount\":308,\"commentCount\":0,\"image\":{\"@id\":\"https:\\\/\\\/dpress.ma\\\/fr\\\/2022\\\/12\\\/12\\\/addis-abeba-m-ouahbi-sentretient-avec-la-ministre-detat-ministre-de-la-justice-et-garde-des-sceaux-de-la-rdc\\\/#primaryimage\"},\"thumbnailUrl\":\"https:\\\/\\\/dpress.ma\\\/fr\\\/wp-content\\\/uploads\\\/sites\\\/2\\\/2022\\\/12\\\/dimensions2-37.jpg\",\"articleSection\":[\"Diplomatie Parall\u00e8le\"],\"inLanguage\":\"fr-FR\",\"potentialAction\":[{\"@type\":\"CommentAction\",\"name\":\"Comment\",\"target\":[\"https:\\\/\\\/dpress.ma\\\/fr\\\/2022\\\/12\\\/12\\\/addis-abeba-m-ouahbi-sentretient-avec-la-ministre-detat-ministre-de-la-justice-et-garde-des-sceaux-de-la-rdc\\\/#respond\"]}]},{\"@type\":\"WebPage\",\"@id\":\"https:\\\/\\\/dpress.ma\\\/fr\\\/2022\\\/12\\\/12\\\/addis-abeba-m-ouahbi-sentretient-avec-la-ministre-detat-ministre-de-la-justice-et-garde-des-sceaux-de-la-rdc\\\/\",\"url\":\"https:\\\/\\\/dpress.ma\\\/fr\\\/2022\\\/12\\\/12\\\/addis-abeba-m-ouahbi-sentretient-avec-la-ministre-detat-ministre-de-la-justice-et-garde-des-sceaux-de-la-rdc\\\/\",\"name\":\"Addis-Abeba: M. Ouahbi s\u2019entretient avec la ministre d\u2019\u00c9tat, ministre de la Justice et Garde des sceaux de la RDC - Dpress.ma\\\/fr\",\"isPartOf\":{\"@id\":\"https:\\\/\\\/dpress.ma\\\/fr\\\/#website\"},\"primaryImageOfPage\":{\"@id\":\"https:\\\/\\\/dpress.ma\\\/fr\\\/2022\\\/12\\\/12\\\/addis-abeba-m-ouahbi-sentretient-avec-la-ministre-detat-ministre-de-la-justice-et-garde-des-sceaux-de-la-rdc\\\/#primaryimage\"},\"image\":{\"@id\":\"https:\\\/\\\/dpress.ma\\\/fr\\\/2022\\\/12\\\/12\\\/addis-abeba-m-ouahbi-sentretient-avec-la-ministre-detat-ministre-de-la-justice-et-garde-des-sceaux-de-la-rdc\\\/#primaryimage\"},\"thumbnailUrl\":\"https:\\\/\\\/dpress.ma\\\/fr\\\/wp-content\\\/uploads\\\/sites\\\/2\\\/2022\\\/12\\\/dimensions2-37.jpg\",\"datePublished\":\"2022-12-12T13:45:47+00:00\",\"dateModified\":\"2022-12-12T13:45:50+00:00\",\"author\":{\"@id\":\"https:\\\/\\\/dpress.ma\\\/fr\\\/#\\\/schema\\\/person\\\/4898febf3ccd59e6578d838656a306a0\"},\"description\":\"Le ministre de la Justice, Abdellatif Ouahbi, s\u2019est entretenu \u00e0 Addis-Abeba avec la ministre d\u2019\u00c9tat, ministre de la Justice et Garde des sceaux de la R\u00e9publique D\u00e9mocratique du Congo, Rose Mutombo Kiese, de la coop\u00e9ration bilat\u00e9rale.\",\"breadcrumb\":{\"@id\":\"https:\\\/\\\/dpress.ma\\\/fr\\\/2022\\\/12\\\/12\\\/addis-abeba-m-ouahbi-sentretient-avec-la-ministre-detat-ministre-de-la-justice-et-garde-des-sceaux-de-la-rdc\\\/#breadcrumb\"},\"inLanguage\":\"fr-FR\",\"potentialAction\":[{\"@type\":\"ReadAction\",\"target\":[\"https:\\\/\\\/dpress.ma\\\/fr\\\/2022\\\/12\\\/12\\\/addis-abeba-m-ouahbi-sentretient-avec-la-ministre-detat-ministre-de-la-justice-et-garde-des-sceaux-de-la-rdc\\\/\"]}]},{\"@type\":\"ImageObject\",\"inLanguage\":\"fr-FR\",\"@id\":\"https:\\\/\\\/dpress.ma\\\/fr\\\/2022\\\/12\\\/12\\\/addis-abeba-m-ouahbi-sentretient-avec-la-ministre-detat-ministre-de-la-justice-et-garde-des-sceaux-de-la-rdc\\\/#primaryimage\",\"url\":\"https:\\\/\\\/dpress.ma\\\/fr\\\/wp-content\\\/uploads\\\/sites\\\/2\\\/2022\\\/12\\\/dimensions2-37.jpg\",\"contentUrl\":\"https:\\\/\\\/dpress.ma\\\/fr\\\/wp-content\\\/uploads\\\/sites\\\/2\\\/2022\\\/12\\\/dimensions2-37.jpg\",\"width\":2539,\"height\":1594},{\"@type\":\"BreadcrumbList\",\"@id\":\"https:\\\/\\\/dpress.ma\\\/fr\\\/2022\\\/12\\\/12\\\/addis-abeba-m-ouahbi-sentretient-avec-la-ministre-detat-ministre-de-la-justice-et-garde-des-sceaux-de-la-rdc\\\/#breadcrumb\",\"itemListElement\":[{\"@type\":\"ListItem\",\"position\":1,\"name\":\"Home\",\"item\":\"https:\\\/\\\/dpress.ma\\\/fr\\\/\"},{\"@type\":\"ListItem\",\"position\":2,\"name\":\"Addis-Abeba: M. Ouahbi s\u2019entretient avec la ministre d\u2019\u00c9tat, ministre de la Justice et Garde des sceaux de la RDC\"}]},{\"@type\":\"WebSite\",\"@id\":\"https:\\\/\\\/dpress.ma\\\/fr\\\/#website\",\"url\":\"https:\\\/\\\/dpress.ma\\\/fr\\\/\",\"name\":\"Dpress.ma\\\/fr\",\"description\":\"\",\"potentialAction\":[{\"@type\":\"SearchAction\",\"target\":{\"@type\":\"EntryPoint\",\"urlTemplate\":\"https:\\\/\\\/dpress.ma\\\/fr\\\/?s={search_term_string}\"},\"query-input\":{\"@type\":\"PropertyValueSpecification\",\"valueRequired\":true,\"valueName\":\"search_term_string\"}}],\"inLanguage\":\"fr-FR\"},{\"@type\":\"Person\",\"@id\":\"https:\\\/\\\/dpress.ma\\\/fr\\\/#\\\/schema\\\/person\\\/4898febf3ccd59e6578d838656a306a0\",\"name\":\"Dpress.ma\",\"image\":{\"@type\":\"ImageObject\",\"inLanguage\":\"fr-FR\",\"@id\":\"https:\\\/\\\/secure.gravatar.com\\\/avatar\\\/72ecc30e9db047a2e0e7176561eb9d564ed77c8108376495b19bd8336405198a?s=96&d=mm&r=g\",\"url\":\"https:\\\/\\\/secure.gravatar.com\\\/avatar\\\/72ecc30e9db047a2e0e7176561eb9d564ed77c8108376495b19bd8336405198a?s=96&d=mm&r=g\",\"contentUrl\":\"https:\\\/\\\/secure.gravatar.com\\\/avatar\\\/72ecc30e9db047a2e0e7176561eb9d564ed77c8108376495b19bd8336405198a?s=96&d=mm&r=g\",\"caption\":\"Dpress.ma\"},\"sameAs\":[\"https:\\\/\\\/www.dpress.ma\"],\"url\":\"https:\\\/\\\/dpress.ma\\\/fr\\\/author\\\/dpress-ma\\\/\"}]}<\/script>\n<!-- \/ Yoast SEO plugin. -->","yoast_head_json":{"title":"Addis-Abeba: M. Ouahbi s\u2019entretient avec la ministre d\u2019\u00c9tat, ministre de la Justice et Garde des sceaux de la RDC - Dpress.ma\/fr","description":"Le ministre de la Justice, Abdellatif Ouahbi, s\u2019est entretenu \u00e0 Addis-Abeba avec la ministre d\u2019\u00c9tat, ministre de la Justice et Garde des sceaux de la R\u00e9publique D\u00e9mocratique du Congo, Rose Mutombo Kiese, de la coop\u00e9ration bilat\u00e9rale.","robots":{"index":"index","follow":"follow","max-snippet":"max-snippet:-1","max-image-preview":"max-image-preview:large","max-video-preview":"max-video-preview:-1"},"canonical":"https:\/\/dpress.ma\/fr\/2022\/12\/12\/addis-abeba-m-ouahbi-sentretient-avec-la-ministre-detat-ministre-de-la-justice-et-garde-des-sceaux-de-la-rdc\/","og_locale":"fr_FR","og_type":"article","og_title":"Addis-Abeba: M. Ouahbi s\u2019entretient avec la ministre d\u2019\u00c9tat, ministre de la Justice et Garde des sceaux de la RDC - Dpress.ma\/fr","og_description":"Le ministre de la Justice, Abdellatif Ouahbi, s\u2019est entretenu \u00e0 Addis-Abeba avec la ministre d\u2019\u00c9tat, ministre de la Justice et Garde des sceaux de la R\u00e9publique D\u00e9mocratique du Congo, Rose Mutombo Kiese, de la coop\u00e9ration bilat\u00e9rale.","og_url":"https:\/\/dpress.ma\/fr\/2022\/12\/12\/addis-abeba-m-ouahbi-sentretient-avec-la-ministre-detat-ministre-de-la-justice-et-garde-des-sceaux-de-la-rdc\/","og_site_name":"Dpress.ma\/fr","article_published_time":"2022-12-12T13:45:47+00:00","article_modified_time":"2022-12-12T13:45:50+00:00","og_image":[{"width":2539,"height":1594,"url":"https:\/\/dpress.ma\/fr\/wp-content\/uploads\/sites\/2\/2022\/12\/dimensions2-37.jpg","type":"image\/jpeg"}],"author":"Dpress.ma","twitter_card":"summary_large_image","twitter_misc":{"\u00c9crit par":"Dpress.ma","Dur\u00e9e de lecture estim\u00e9e":"2 minutes"},"schema":{"@context":"https:\/\/schema.org","@graph":[{"@type":"Article","@id":"https:\/\/dpress.ma\/fr\/2022\/12\/12\/addis-abeba-m-ouahbi-sentretient-avec-la-ministre-detat-ministre-de-la-justice-et-garde-des-sceaux-de-la-rdc\/#article","isPartOf":{"@id":"https:\/\/dpress.ma\/fr\/2022\/12\/12\/addis-abeba-m-ouahbi-sentretient-avec-la-ministre-detat-ministre-de-la-justice-et-garde-des-sceaux-de-la-rdc\/"},"author":{"name":"Dpress.ma","@id":"https:\/\/dpress.ma\/fr\/#\/schema\/person\/4898febf3ccd59e6578d838656a306a0"},"headline":"Addis-Abeba: M. Ouahbi s\u2019entretient avec la ministre d\u2019\u00c9tat, ministre de la Justice et Garde des sceaux de la RDC","datePublished":"2022-12-12T13:45:47+00:00","dateModified":"2022-12-12T13:45:50+00:00","mainEntityOfPage":{"@id":"https:\/\/dpress.ma\/fr\/2022\/12\/12\/addis-abeba-m-ouahbi-sentretient-avec-la-ministre-detat-ministre-de-la-justice-et-garde-des-sceaux-de-la-rdc\/"},"wordCount":308,"commentCount":0,"image":{"@id":"https:\/\/dpress.ma\/fr\/2022\/12\/12\/addis-abeba-m-ouahbi-sentretient-avec-la-ministre-detat-ministre-de-la-justice-et-garde-des-sceaux-de-la-rdc\/#primaryimage"},"thumbnailUrl":"https:\/\/dpress.ma\/fr\/wp-content\/uploads\/sites\/2\/2022\/12\/dimensions2-37.jpg","articleSection":["Diplomatie Parall\u00e8le"],"inLanguage":"fr-FR","potentialAction":[{"@type":"CommentAction","name":"Comment","target":["https:\/\/dpress.ma\/fr\/2022\/12\/12\/addis-abeba-m-ouahbi-sentretient-avec-la-ministre-detat-ministre-de-la-justice-et-garde-des-sceaux-de-la-rdc\/#respond"]}]},{"@type":"WebPage","@id":"https:\/\/dpress.ma\/fr\/2022\/12\/12\/addis-abeba-m-ouahbi-sentretient-avec-la-ministre-detat-ministre-de-la-justice-et-garde-des-sceaux-de-la-rdc\/","url":"https:\/\/dpress.ma\/fr\/2022\/12\/12\/addis-abeba-m-ouahbi-sentretient-avec-la-ministre-detat-ministre-de-la-justice-et-garde-des-sceaux-de-la-rdc\/","name":"Addis-Abeba: M. Ouahbi s\u2019entretient avec la ministre d\u2019\u00c9tat, ministre de la Justice et Garde des sceaux de la RDC - Dpress.ma\/fr","isPartOf":{"@id":"https:\/\/dpress.ma\/fr\/#website"},"primaryImageOfPage":{"@id":"https:\/\/dpress.ma\/fr\/2022\/12\/12\/addis-abeba-m-ouahbi-sentretient-avec-la-ministre-detat-ministre-de-la-justice-et-garde-des-sceaux-de-la-rdc\/#primaryimage"},"image":{"@id":"https:\/\/dpress.ma\/fr\/2022\/12\/12\/addis-abeba-m-ouahbi-sentretient-avec-la-ministre-detat-ministre-de-la-justice-et-garde-des-sceaux-de-la-rdc\/#primaryimage"},"thumbnailUrl":"https:\/\/dpress.ma\/fr\/wp-content\/uploads\/sites\/2\/2022\/12\/dimensions2-37.jpg","datePublished":"2022-12-12T13:45:47+00:00","dateModified":"2022-12-12T13:45:50+00:00","author":{"@id":"https:\/\/dpress.ma\/fr\/#\/schema\/person\/4898febf3ccd59e6578d838656a306a0"},"description":"Le ministre de la Justice, Abdellatif Ouahbi, s\u2019est entretenu \u00e0 Addis-Abeba avec la ministre d\u2019\u00c9tat, ministre de la Justice et Garde des sceaux de la R\u00e9publique D\u00e9mocratique du Congo, Rose Mutombo Kiese, de la coop\u00e9ration bilat\u00e9rale.","breadcrumb":{"@id":"https:\/\/dpress.ma\/fr\/2022\/12\/12\/addis-abeba-m-ouahbi-sentretient-avec-la-ministre-detat-ministre-de-la-justice-et-garde-des-sceaux-de-la-rdc\/#breadcrumb"},"inLanguage":"fr-FR","potentialAction":[{"@type":"ReadAction","target":["https:\/\/dpress.ma\/fr\/2022\/12\/12\/addis-abeba-m-ouahbi-sentretient-avec-la-ministre-detat-ministre-de-la-justice-et-garde-des-sceaux-de-la-rdc\/"]}]},{"@type":"ImageObject","inLanguage":"fr-FR","@id":"https:\/\/dpress.ma\/fr\/2022\/12\/12\/addis-abeba-m-ouahbi-sentretient-avec-la-ministre-detat-ministre-de-la-justice-et-garde-des-sceaux-de-la-rdc\/#primaryimage","url":"https:\/\/dpress.ma\/fr\/wp-content\/uploads\/sites\/2\/2022\/12\/dimensions2-37.jpg","contentUrl":"https:\/\/dpress.ma\/fr\/wp-content\/uploads\/sites\/2\/2022\/12\/dimensions2-37.jpg","width":2539,"height":1594},{"@type":"BreadcrumbList","@id":"https:\/\/dpress.ma\/fr\/2022\/12\/12\/addis-abeba-m-ouahbi-sentretient-avec-la-ministre-detat-ministre-de-la-justice-et-garde-des-sceaux-de-la-rdc\/#breadcrumb","itemListElement":[{"@type":"ListItem","position":1,"name":"Home","item":"https:\/\/dpress.ma\/fr\/"},{"@type":"ListItem","position":2,"name":"Addis-Abeba: M. Ouahbi s\u2019entretient avec la ministre d\u2019\u00c9tat, ministre de la Justice et Garde des sceaux de la RDC"}]},{"@type":"WebSite","@id":"https:\/\/dpress.ma\/fr\/#website","url":"https:\/\/dpress.ma\/fr\/","name":"Dpress.ma\/fr","description":"","potentialAction":[{"@type":"SearchAction","target":{"@type":"EntryPoint","urlTemplate":"https:\/\/dpress.ma\/fr\/?s={search_term_string}"},"query-input":{"@type":"PropertyValueSpecification","valueRequired":true,"valueName":"search_term_string"}}],"inLanguage":"fr-FR"},{"@type":"Person","@id":"https:\/\/dpress.ma\/fr\/#\/schema\/person\/4898febf3ccd59e6578d838656a306a0","name":"Dpress.ma","image":{"@type":"ImageObject","inLanguage":"fr-FR","@id":"https:\/\/secure.gravatar.com\/avatar\/72ecc30e9db047a2e0e7176561eb9d564ed77c8108376495b19bd8336405198a?s=96&d=mm&r=g","url":"https:\/\/secure.gravatar.com\/avatar\/72ecc30e9db047a2e0e7176561eb9d564ed77c8108376495b19bd8336405198a?s=96&d=mm&r=g","contentUrl":"https:\/\/secure.gravatar.com\/avatar\/72ecc30e9db047a2e0e7176561eb9d564ed77c8108376495b19bd8336405198a?s=96&d=mm&r=g","caption":"Dpress.ma"},"sameAs":["https:\/\/www.dpress.ma"],"url":"https:\/\/dpress.ma\/fr\/author\/dpress-ma\/"}]}},"amp_enabled":true,"_links":{"self":[{"href":"https:\/\/dpress.ma\/fr\/wp-json\/wp\/v2\/posts\/2856","targetHints":{"allow":["GET"]}}],"collection":[{"href":"https:\/\/dpress.ma\/fr\/wp-json\/wp\/v2\/posts"}],"about":[{"href":"https:\/\/dpress.ma\/fr\/wp-json\/wp\/v2\/types\/post"}],"author":[{"embeddable":true,"href":"https:\/\/dpress.ma\/fr\/wp-json\/wp\/v2\/users\/2"}],"replies":[{"embeddable":true,"href":"https:\/\/dpress.ma\/fr\/wp-json\/wp\/v2\/comments?post=2856"}],"version-history":[{"count":1,"href":"https:\/\/dpress.ma\/fr\/wp-json\/wp\/v2\/posts\/2856\/revisions"}],"predecessor-version":[{"id":2858,"href":"https:\/\/dpress.ma\/fr\/wp-json\/wp\/v2\/posts\/2856\/revisions\/2858"}],"wp:featuredmedia":[{"embeddable":true,"href":"https:\/\/dpress.ma\/fr\/wp-json\/wp\/v2\/media\/2857"}],"wp:attachment":[{"href":"https:\/\/dpress.ma\/fr\/wp-json\/wp\/v2\/media?parent=2856"}],"wp:term":[{"taxonomy":"category","embeddable":true,"href":"https:\/\/dpress.ma\/fr\/wp-json\/wp\/v2\/categories?post=2856"},{"taxonomy":"post_tag","embeddable":true,"href":"https:\/\/dpress.ma\/fr\/wp-json\/wp\/v2\/tags?post=2856"}],"curies":[{"name":"wp","href":"https:\/\/api.w.org\/{rel}","templated":true}]}}