{"id":28557,"date":"2026-04-15T09:51:42","date_gmt":"2026-04-15T09:51:42","guid":{"rendered":"https:\/\/dpress.ma\/fr\/?p=28557"},"modified":"2026-04-15T09:51:45","modified_gmt":"2026-04-15T09:51:45","slug":"les-operateurs-de-lindustrie-cinematographique-appeles-a-sadapter-aux-dispositions-du-nouvel-arsenal-juridique-avant-le-31-aout-2026","status":"publish","type":"post","link":"https:\/\/dpress.ma\/fr\/2026\/04\/15\/les-operateurs-de-lindustrie-cinematographique-appeles-a-sadapter-aux-dispositions-du-nouvel-arsenal-juridique-avant-le-31-aout-2026\/","title":{"rendered":"Les op\u00e9rateurs de l\u2019industrie cin\u00e9matographique appel\u00e9s \u00e0 s\u2019adapter aux dispositions du nouvel arsenal juridique avant le 31 ao\u00fbt 2026"},"content":{"rendered":"\n<p>Dpress<\/p>\n\n\n\n<p>Le Centre cin\u00e9matographique marocain (CCM) a appel\u00e9 l\u2019ensemble des op\u00e9rateurs du secteur cin\u00e9matographique \u00e0 s\u2019adapter aux dispositions du nouvel arsenal juridique dans un d\u00e9lai n\u2019exc\u00e9dant pas le 31 ao\u00fbt 2026, eu \u00e9gard \u00e0 l\u2019ach\u00e8vement du dispositif r\u00e9glementaire aff\u00e9rent aux p\u00f4les de production cin\u00e9matographique, de distribution des films et d\u2019exploitation des salles de cin\u00e9ma, ainsi qu\u2019\u00e0 son entr\u00e9e en vigueur progressive depuis le 1er septembre 2025.<\/p>\n\n\n\n<p>Dans le cadre de l\u2019ach\u00e8vement de l\u2019arsenal juridique encadrant l\u2019industrie cin\u00e9matographique, r\u00e9gi par la loi n\u00b0 18.23 relative \u00e0 l\u2019industrie cin\u00e9matographique et \u00e0 la r\u00e9organisation du CCM, promulgu\u00e9e par le Dahir n\u00b0 1.24.67 du 18 Joumada II 1446 (20 d\u00e9cembre 2024), ainsi que par ses textes d\u2019application, quatre arr\u00eat\u00e9s du ministre de la Jeunesse, de la Culture et de la Communication ont \u00e9t\u00e9 publi\u00e9s au Bulletin officiel n\u00b0 7496 du 2 avril 2026, explique le Centre dans un communiqu\u00e9.<\/p>\n\n\n\n<p>Ces arr\u00eat\u00e9s fixent notamment les normes applicables aux salles de cin\u00e9ma, leur classification et leur reclassement, ainsi que les crit\u00e8res relatifs aux films cin\u00e9matographiques \u00e9ligibles \u00e0 l\u2019agr\u00e9ment national ou \u00e0 l\u2019agr\u00e9ment international, indique la m\u00eame source.<\/p>\n\n\n\n<p>Ils portent \u00e9galement sur la d\u00e9termination des cat\u00e9gories d\u2019activit\u00e9s professionnelles li\u00e9es \u00e0 l\u2019industrie cin\u00e9matographique, ainsi que sur la fixation des taux de techniciens et de stagiaires marocains que les exploitants de salles de cin\u00e9ma et les soci\u00e9t\u00e9s de production sont tenus d\u2019employer ou de mobiliser, ainsi que leurs domaines de sp\u00e9cialisation.<\/p>\n\n\n\n<p>Ces textes r\u00e9glementaires sont le fruit d\u2019un processus participatif \u00e9largi, marqu\u00e9 par l\u2019organisation de s\u00e9ances d\u2019\u00e9coute et de concertation avec l\u2019ensemble des organisations professionnelles op\u00e9rant dans les diff\u00e9rents segments de l\u2019industrie cin\u00e9matographique, notamment lors de la phase de formulation des propositions du 29 janvier au 4 f\u00e9vrier 2025, ainsi que lors de la phase de recueil des avis sur les versions finales des projets les 6 et 7 janvier 2026.<\/p>\n\n\n\n<p>Ces textes s\u2019inscrivent, par ailleurs, dans une dynamique l\u00e9gislative soutenue que conna\u00eet le secteur cin\u00e9matographique, ayant abouti \u00e0 la mise en place d\u2019un dispositif juridique coh\u00e9rent, int\u00e9gr\u00e9 et structur\u00e9, au service du d\u00e9veloppement et de la comp\u00e9titivit\u00e9 de l\u2019industrie cin\u00e9matographique nationale, conclut le communiqu\u00e9.<\/p>\n","protected":false},"excerpt":{"rendered":"<p>Dpress Le Centre cin\u00e9matographique marocain (CCM) a appel\u00e9 l\u2019ensemble des op\u00e9rateurs du secteur cin\u00e9matographique \u00e0 s\u2019adapter aux dispositions du nouvel arsenal juridique dans un d\u00e9lai n\u2019exc\u00e9dant pas le 31 ao\u00fbt 2026, eu \u00e9gard \u00e0 l\u2019ach\u00e8vement du dispositif r\u00e9glementaire aff\u00e9rent aux p\u00f4les de production cin\u00e9matographique, de distribution des films et d\u2019exploitation des salles de cin\u00e9ma, ainsi &hellip;<\/p>\n","protected":false},"author":2,"featured_media":28409,"comment_status":"open","ping_status":"open","sticky":false,"template":"","format":"standard","meta":{"footnotes":""},"categories":[31],"tags":[],"class_list":["post-28557","post","type-post","status-publish","format-standard","has-post-thumbnail","hentry","category-art-et-culture"],"yoast_head":"<!-- This site is optimized with the Yoast SEO plugin v27.5 - https:\/\/yoast.com\/product\/yoast-seo-wordpress\/ -->\n<title>Les op\u00e9rateurs de l\u2019industrie cin\u00e9matographique appel\u00e9s \u00e0 s\u2019adapter aux dispositions du nouvel arsenal juridique avant le 31 ao\u00fbt 2026 - Dpress.ma\/fr<\/title>\n<meta name=\"robots\" content=\"index, follow, max-snippet:-1, max-image-preview:large, max-video-preview:-1\" \/>\n<link rel=\"canonical\" href=\"https:\/\/dpress.ma\/fr\/2026\/04\/15\/les-operateurs-de-lindustrie-cinematographique-appeles-a-sadapter-aux-dispositions-du-nouvel-arsenal-juridique-avant-le-31-aout-2026\/\" \/>\n<meta property=\"og:locale\" content=\"fr_FR\" \/>\n<meta property=\"og:type\" content=\"article\" \/>\n<meta property=\"og:title\" content=\"Les op\u00e9rateurs de l\u2019industrie cin\u00e9matographique appel\u00e9s \u00e0 s\u2019adapter aux dispositions du nouvel arsenal juridique avant le 31 ao\u00fbt 2026 - Dpress.ma\/fr\" \/>\n<meta property=\"og:description\" content=\"Dpress Le Centre cin\u00e9matographique marocain (CCM) a appel\u00e9 l\u2019ensemble des op\u00e9rateurs du secteur cin\u00e9matographique \u00e0 s\u2019adapter aux dispositions du nouvel arsenal juridique dans un d\u00e9lai n\u2019exc\u00e9dant pas le 31 ao\u00fbt 2026, eu \u00e9gard \u00e0 l\u2019ach\u00e8vement du dispositif r\u00e9glementaire aff\u00e9rent aux p\u00f4les de production cin\u00e9matographique, de distribution des films et d\u2019exploitation des salles de cin\u00e9ma, ainsi &hellip;\" \/>\n<meta property=\"og:url\" content=\"https:\/\/dpress.ma\/fr\/2026\/04\/15\/les-operateurs-de-lindustrie-cinematographique-appeles-a-sadapter-aux-dispositions-du-nouvel-arsenal-juridique-avant-le-31-aout-2026\/\" \/>\n<meta property=\"og:site_name\" content=\"Dpress.ma\/fr\" \/>\n<meta property=\"article:published_time\" content=\"2026-04-15T09:51:42+00:00\" \/>\n<meta property=\"article:modified_time\" content=\"2026-04-15T09:51:45+00:00\" \/>\n<meta property=\"og:image\" content=\"https:\/\/dpress.ma\/fr\/wp-content\/uploads\/sites\/2\/2026\/04\/22-5.jpg\" \/>\n\t<meta property=\"og:image:width\" content=\"2539\" \/>\n\t<meta property=\"og:image:height\" content=\"1594\" \/>\n\t<meta property=\"og:image:type\" content=\"image\/jpeg\" \/>\n<meta name=\"author\" content=\"Dpress.ma\" \/>\n<meta name=\"twitter:card\" content=\"summary_large_image\" \/>\n<meta name=\"twitter:label1\" content=\"\u00c9crit par\" \/>\n\t<meta name=\"twitter:data1\" content=\"Dpress.ma\" \/>\n\t<meta name=\"twitter:label2\" content=\"Dur\u00e9e de lecture estim\u00e9e\" \/>\n\t<meta name=\"twitter:data2\" content=\"2 minutes\" \/>\n<script type=\"application\/ld+json\" class=\"yoast-schema-graph\">{\"@context\":\"https:\\\/\\\/schema.org\",\"@graph\":[{\"@type\":\"Article\",\"@id\":\"https:\\\/\\\/dpress.ma\\\/fr\\\/2026\\\/04\\\/15\\\/les-operateurs-de-lindustrie-cinematographique-appeles-a-sadapter-aux-dispositions-du-nouvel-arsenal-juridique-avant-le-31-aout-2026\\\/#article\",\"isPartOf\":{\"@id\":\"https:\\\/\\\/dpress.ma\\\/fr\\\/2026\\\/04\\\/15\\\/les-operateurs-de-lindustrie-cinematographique-appeles-a-sadapter-aux-dispositions-du-nouvel-arsenal-juridique-avant-le-31-aout-2026\\\/\"},\"author\":{\"name\":\"Dpress.ma\",\"@id\":\"https:\\\/\\\/dpress.ma\\\/fr\\\/#\\\/schema\\\/person\\\/4898febf3ccd59e6578d838656a306a0\"},\"headline\":\"Les op\u00e9rateurs de l\u2019industrie cin\u00e9matographique appel\u00e9s \u00e0 s\u2019adapter aux dispositions du nouvel arsenal juridique avant le 31 ao\u00fbt 2026\",\"datePublished\":\"2026-04-15T09:51:42+00:00\",\"dateModified\":\"2026-04-15T09:51:45+00:00\",\"mainEntityOfPage\":{\"@id\":\"https:\\\/\\\/dpress.ma\\\/fr\\\/2026\\\/04\\\/15\\\/les-operateurs-de-lindustrie-cinematographique-appeles-a-sadapter-aux-dispositions-du-nouvel-arsenal-juridique-avant-le-31-aout-2026\\\/\"},\"wordCount\":419,\"commentCount\":0,\"image\":{\"@id\":\"https:\\\/\\\/dpress.ma\\\/fr\\\/2026\\\/04\\\/15\\\/les-operateurs-de-lindustrie-cinematographique-appeles-a-sadapter-aux-dispositions-du-nouvel-arsenal-juridique-avant-le-31-aout-2026\\\/#primaryimage\"},\"thumbnailUrl\":\"https:\\\/\\\/dpress.ma\\\/fr\\\/wp-content\\\/uploads\\\/sites\\\/2\\\/2026\\\/04\\\/22-5.jpg\",\"articleSection\":[\"Art et Culture\"],\"inLanguage\":\"fr-FR\",\"potentialAction\":[{\"@type\":\"CommentAction\",\"name\":\"Comment\",\"target\":[\"https:\\\/\\\/dpress.ma\\\/fr\\\/2026\\\/04\\\/15\\\/les-operateurs-de-lindustrie-cinematographique-appeles-a-sadapter-aux-dispositions-du-nouvel-arsenal-juridique-avant-le-31-aout-2026\\\/#respond\"]}]},{\"@type\":\"WebPage\",\"@id\":\"https:\\\/\\\/dpress.ma\\\/fr\\\/2026\\\/04\\\/15\\\/les-operateurs-de-lindustrie-cinematographique-appeles-a-sadapter-aux-dispositions-du-nouvel-arsenal-juridique-avant-le-31-aout-2026\\\/\",\"url\":\"https:\\\/\\\/dpress.ma\\\/fr\\\/2026\\\/04\\\/15\\\/les-operateurs-de-lindustrie-cinematographique-appeles-a-sadapter-aux-dispositions-du-nouvel-arsenal-juridique-avant-le-31-aout-2026\\\/\",\"name\":\"Les op\u00e9rateurs de l\u2019industrie cin\u00e9matographique appel\u00e9s \u00e0 s\u2019adapter aux dispositions du nouvel arsenal juridique avant le 31 ao\u00fbt 2026 - Dpress.ma\\\/fr\",\"isPartOf\":{\"@id\":\"https:\\\/\\\/dpress.ma\\\/fr\\\/#website\"},\"primaryImageOfPage\":{\"@id\":\"https:\\\/\\\/dpress.ma\\\/fr\\\/2026\\\/04\\\/15\\\/les-operateurs-de-lindustrie-cinematographique-appeles-a-sadapter-aux-dispositions-du-nouvel-arsenal-juridique-avant-le-31-aout-2026\\\/#primaryimage\"},\"image\":{\"@id\":\"https:\\\/\\\/dpress.ma\\\/fr\\\/2026\\\/04\\\/15\\\/les-operateurs-de-lindustrie-cinematographique-appeles-a-sadapter-aux-dispositions-du-nouvel-arsenal-juridique-avant-le-31-aout-2026\\\/#primaryimage\"},\"thumbnailUrl\":\"https:\\\/\\\/dpress.ma\\\/fr\\\/wp-content\\\/uploads\\\/sites\\\/2\\\/2026\\\/04\\\/22-5.jpg\",\"datePublished\":\"2026-04-15T09:51:42+00:00\",\"dateModified\":\"2026-04-15T09:51:45+00:00\",\"author\":{\"@id\":\"https:\\\/\\\/dpress.ma\\\/fr\\\/#\\\/schema\\\/person\\\/4898febf3ccd59e6578d838656a306a0\"},\"breadcrumb\":{\"@id\":\"https:\\\/\\\/dpress.ma\\\/fr\\\/2026\\\/04\\\/15\\\/les-operateurs-de-lindustrie-cinematographique-appeles-a-sadapter-aux-dispositions-du-nouvel-arsenal-juridique-avant-le-31-aout-2026\\\/#breadcrumb\"},\"inLanguage\":\"fr-FR\",\"potentialAction\":[{\"@type\":\"ReadAction\",\"target\":[\"https:\\\/\\\/dpress.ma\\\/fr\\\/2026\\\/04\\\/15\\\/les-operateurs-de-lindustrie-cinematographique-appeles-a-sadapter-aux-dispositions-du-nouvel-arsenal-juridique-avant-le-31-aout-2026\\\/\"]}]},{\"@type\":\"ImageObject\",\"inLanguage\":\"fr-FR\",\"@id\":\"https:\\\/\\\/dpress.ma\\\/fr\\\/2026\\\/04\\\/15\\\/les-operateurs-de-lindustrie-cinematographique-appeles-a-sadapter-aux-dispositions-du-nouvel-arsenal-juridique-avant-le-31-aout-2026\\\/#primaryimage\",\"url\":\"https:\\\/\\\/dpress.ma\\\/fr\\\/wp-content\\\/uploads\\\/sites\\\/2\\\/2026\\\/04\\\/22-5.jpg\",\"contentUrl\":\"https:\\\/\\\/dpress.ma\\\/fr\\\/wp-content\\\/uploads\\\/sites\\\/2\\\/2026\\\/04\\\/22-5.jpg\",\"width\":2539,\"height\":1594},{\"@type\":\"BreadcrumbList\",\"@id\":\"https:\\\/\\\/dpress.ma\\\/fr\\\/2026\\\/04\\\/15\\\/les-operateurs-de-lindustrie-cinematographique-appeles-a-sadapter-aux-dispositions-du-nouvel-arsenal-juridique-avant-le-31-aout-2026\\\/#breadcrumb\",\"itemListElement\":[{\"@type\":\"ListItem\",\"position\":1,\"name\":\"Home\",\"item\":\"https:\\\/\\\/dpress.ma\\\/fr\\\/\"},{\"@type\":\"ListItem\",\"position\":2,\"name\":\"Les op\u00e9rateurs de l\u2019industrie cin\u00e9matographique appel\u00e9s \u00e0 s\u2019adapter aux dispositions du nouvel arsenal juridique avant le 31 ao\u00fbt 2026\"}]},{\"@type\":\"WebSite\",\"@id\":\"https:\\\/\\\/dpress.ma\\\/fr\\\/#website\",\"url\":\"https:\\\/\\\/dpress.ma\\\/fr\\\/\",\"name\":\"Dpress.ma\\\/fr\",\"description\":\"\",\"potentialAction\":[{\"@type\":\"SearchAction\",\"target\":{\"@type\":\"EntryPoint\",\"urlTemplate\":\"https:\\\/\\\/dpress.ma\\\/fr\\\/?s={search_term_string}\"},\"query-input\":{\"@type\":\"PropertyValueSpecification\",\"valueRequired\":true,\"valueName\":\"search_term_string\"}}],\"inLanguage\":\"fr-FR\"},{\"@type\":\"Person\",\"@id\":\"https:\\\/\\\/dpress.ma\\\/fr\\\/#\\\/schema\\\/person\\\/4898febf3ccd59e6578d838656a306a0\",\"name\":\"Dpress.ma\",\"image\":{\"@type\":\"ImageObject\",\"inLanguage\":\"fr-FR\",\"@id\":\"https:\\\/\\\/secure.gravatar.com\\\/avatar\\\/72ecc30e9db047a2e0e7176561eb9d564ed77c8108376495b19bd8336405198a?s=96&d=mm&r=g\",\"url\":\"https:\\\/\\\/secure.gravatar.com\\\/avatar\\\/72ecc30e9db047a2e0e7176561eb9d564ed77c8108376495b19bd8336405198a?s=96&d=mm&r=g\",\"contentUrl\":\"https:\\\/\\\/secure.gravatar.com\\\/avatar\\\/72ecc30e9db047a2e0e7176561eb9d564ed77c8108376495b19bd8336405198a?s=96&d=mm&r=g\",\"caption\":\"Dpress.ma\"},\"sameAs\":[\"https:\\\/\\\/www.dpress.ma\"],\"url\":\"https:\\\/\\\/dpress.ma\\\/fr\\\/author\\\/dpress-ma\\\/\"}]}<\/script>\n<!-- \/ Yoast SEO plugin. -->","yoast_head_json":{"title":"Les op\u00e9rateurs de l\u2019industrie cin\u00e9matographique appel\u00e9s \u00e0 s\u2019adapter aux dispositions du nouvel arsenal juridique avant le 31 ao\u00fbt 2026 - Dpress.ma\/fr","robots":{"index":"index","follow":"follow","max-snippet":"max-snippet:-1","max-image-preview":"max-image-preview:large","max-video-preview":"max-video-preview:-1"},"canonical":"https:\/\/dpress.ma\/fr\/2026\/04\/15\/les-operateurs-de-lindustrie-cinematographique-appeles-a-sadapter-aux-dispositions-du-nouvel-arsenal-juridique-avant-le-31-aout-2026\/","og_locale":"fr_FR","og_type":"article","og_title":"Les op\u00e9rateurs de l\u2019industrie cin\u00e9matographique appel\u00e9s \u00e0 s\u2019adapter aux dispositions du nouvel arsenal juridique avant le 31 ao\u00fbt 2026 - Dpress.ma\/fr","og_description":"Dpress Le Centre cin\u00e9matographique marocain (CCM) a appel\u00e9 l\u2019ensemble des op\u00e9rateurs du secteur cin\u00e9matographique \u00e0 s\u2019adapter aux dispositions du nouvel arsenal juridique dans un d\u00e9lai n\u2019exc\u00e9dant pas le 31 ao\u00fbt 2026, eu \u00e9gard \u00e0 l\u2019ach\u00e8vement du dispositif r\u00e9glementaire aff\u00e9rent aux p\u00f4les de production cin\u00e9matographique, de distribution des films et d\u2019exploitation des salles de cin\u00e9ma, ainsi &hellip;","og_url":"https:\/\/dpress.ma\/fr\/2026\/04\/15\/les-operateurs-de-lindustrie-cinematographique-appeles-a-sadapter-aux-dispositions-du-nouvel-arsenal-juridique-avant-le-31-aout-2026\/","og_site_name":"Dpress.ma\/fr","article_published_time":"2026-04-15T09:51:42+00:00","article_modified_time":"2026-04-15T09:51:45+00:00","og_image":[{"width":2539,"height":1594,"url":"https:\/\/dpress.ma\/fr\/wp-content\/uploads\/sites\/2\/2026\/04\/22-5.jpg","type":"image\/jpeg"}],"author":"Dpress.ma","twitter_card":"summary_large_image","twitter_misc":{"\u00c9crit par":"Dpress.ma","Dur\u00e9e de lecture estim\u00e9e":"2 minutes"},"schema":{"@context":"https:\/\/schema.org","@graph":[{"@type":"Article","@id":"https:\/\/dpress.ma\/fr\/2026\/04\/15\/les-operateurs-de-lindustrie-cinematographique-appeles-a-sadapter-aux-dispositions-du-nouvel-arsenal-juridique-avant-le-31-aout-2026\/#article","isPartOf":{"@id":"https:\/\/dpress.ma\/fr\/2026\/04\/15\/les-operateurs-de-lindustrie-cinematographique-appeles-a-sadapter-aux-dispositions-du-nouvel-arsenal-juridique-avant-le-31-aout-2026\/"},"author":{"name":"Dpress.ma","@id":"https:\/\/dpress.ma\/fr\/#\/schema\/person\/4898febf3ccd59e6578d838656a306a0"},"headline":"Les op\u00e9rateurs de l\u2019industrie cin\u00e9matographique appel\u00e9s \u00e0 s\u2019adapter aux dispositions du nouvel arsenal juridique avant le 31 ao\u00fbt 2026","datePublished":"2026-04-15T09:51:42+00:00","dateModified":"2026-04-15T09:51:45+00:00","mainEntityOfPage":{"@id":"https:\/\/dpress.ma\/fr\/2026\/04\/15\/les-operateurs-de-lindustrie-cinematographique-appeles-a-sadapter-aux-dispositions-du-nouvel-arsenal-juridique-avant-le-31-aout-2026\/"},"wordCount":419,"commentCount":0,"image":{"@id":"https:\/\/dpress.ma\/fr\/2026\/04\/15\/les-operateurs-de-lindustrie-cinematographique-appeles-a-sadapter-aux-dispositions-du-nouvel-arsenal-juridique-avant-le-31-aout-2026\/#primaryimage"},"thumbnailUrl":"https:\/\/dpress.ma\/fr\/wp-content\/uploads\/sites\/2\/2026\/04\/22-5.jpg","articleSection":["Art et Culture"],"inLanguage":"fr-FR","potentialAction":[{"@type":"CommentAction","name":"Comment","target":["https:\/\/dpress.ma\/fr\/2026\/04\/15\/les-operateurs-de-lindustrie-cinematographique-appeles-a-sadapter-aux-dispositions-du-nouvel-arsenal-juridique-avant-le-31-aout-2026\/#respond"]}]},{"@type":"WebPage","@id":"https:\/\/dpress.ma\/fr\/2026\/04\/15\/les-operateurs-de-lindustrie-cinematographique-appeles-a-sadapter-aux-dispositions-du-nouvel-arsenal-juridique-avant-le-31-aout-2026\/","url":"https:\/\/dpress.ma\/fr\/2026\/04\/15\/les-operateurs-de-lindustrie-cinematographique-appeles-a-sadapter-aux-dispositions-du-nouvel-arsenal-juridique-avant-le-31-aout-2026\/","name":"Les op\u00e9rateurs de l\u2019industrie cin\u00e9matographique appel\u00e9s \u00e0 s\u2019adapter aux dispositions du nouvel arsenal juridique avant le 31 ao\u00fbt 2026 - Dpress.ma\/fr","isPartOf":{"@id":"https:\/\/dpress.ma\/fr\/#website"},"primaryImageOfPage":{"@id":"https:\/\/dpress.ma\/fr\/2026\/04\/15\/les-operateurs-de-lindustrie-cinematographique-appeles-a-sadapter-aux-dispositions-du-nouvel-arsenal-juridique-avant-le-31-aout-2026\/#primaryimage"},"image":{"@id":"https:\/\/dpress.ma\/fr\/2026\/04\/15\/les-operateurs-de-lindustrie-cinematographique-appeles-a-sadapter-aux-dispositions-du-nouvel-arsenal-juridique-avant-le-31-aout-2026\/#primaryimage"},"thumbnailUrl":"https:\/\/dpress.ma\/fr\/wp-content\/uploads\/sites\/2\/2026\/04\/22-5.jpg","datePublished":"2026-04-15T09:51:42+00:00","dateModified":"2026-04-15T09:51:45+00:00","author":{"@id":"https:\/\/dpress.ma\/fr\/#\/schema\/person\/4898febf3ccd59e6578d838656a306a0"},"breadcrumb":{"@id":"https:\/\/dpress.ma\/fr\/2026\/04\/15\/les-operateurs-de-lindustrie-cinematographique-appeles-a-sadapter-aux-dispositions-du-nouvel-arsenal-juridique-avant-le-31-aout-2026\/#breadcrumb"},"inLanguage":"fr-FR","potentialAction":[{"@type":"ReadAction","target":["https:\/\/dpress.ma\/fr\/2026\/04\/15\/les-operateurs-de-lindustrie-cinematographique-appeles-a-sadapter-aux-dispositions-du-nouvel-arsenal-juridique-avant-le-31-aout-2026\/"]}]},{"@type":"ImageObject","inLanguage":"fr-FR","@id":"https:\/\/dpress.ma\/fr\/2026\/04\/15\/les-operateurs-de-lindustrie-cinematographique-appeles-a-sadapter-aux-dispositions-du-nouvel-arsenal-juridique-avant-le-31-aout-2026\/#primaryimage","url":"https:\/\/dpress.ma\/fr\/wp-content\/uploads\/sites\/2\/2026\/04\/22-5.jpg","contentUrl":"https:\/\/dpress.ma\/fr\/wp-content\/uploads\/sites\/2\/2026\/04\/22-5.jpg","width":2539,"height":1594},{"@type":"BreadcrumbList","@id":"https:\/\/dpress.ma\/fr\/2026\/04\/15\/les-operateurs-de-lindustrie-cinematographique-appeles-a-sadapter-aux-dispositions-du-nouvel-arsenal-juridique-avant-le-31-aout-2026\/#breadcrumb","itemListElement":[{"@type":"ListItem","position":1,"name":"Home","item":"https:\/\/dpress.ma\/fr\/"},{"@type":"ListItem","position":2,"name":"Les op\u00e9rateurs de l\u2019industrie cin\u00e9matographique appel\u00e9s \u00e0 s\u2019adapter aux dispositions du nouvel arsenal juridique avant le 31 ao\u00fbt 2026"}]},{"@type":"WebSite","@id":"https:\/\/dpress.ma\/fr\/#website","url":"https:\/\/dpress.ma\/fr\/","name":"Dpress.ma\/fr","description":"","potentialAction":[{"@type":"SearchAction","target":{"@type":"EntryPoint","urlTemplate":"https:\/\/dpress.ma\/fr\/?s={search_term_string}"},"query-input":{"@type":"PropertyValueSpecification","valueRequired":true,"valueName":"search_term_string"}}],"inLanguage":"fr-FR"},{"@type":"Person","@id":"https:\/\/dpress.ma\/fr\/#\/schema\/person\/4898febf3ccd59e6578d838656a306a0","name":"Dpress.ma","image":{"@type":"ImageObject","inLanguage":"fr-FR","@id":"https:\/\/secure.gravatar.com\/avatar\/72ecc30e9db047a2e0e7176561eb9d564ed77c8108376495b19bd8336405198a?s=96&d=mm&r=g","url":"https:\/\/secure.gravatar.com\/avatar\/72ecc30e9db047a2e0e7176561eb9d564ed77c8108376495b19bd8336405198a?s=96&d=mm&r=g","contentUrl":"https:\/\/secure.gravatar.com\/avatar\/72ecc30e9db047a2e0e7176561eb9d564ed77c8108376495b19bd8336405198a?s=96&d=mm&r=g","caption":"Dpress.ma"},"sameAs":["https:\/\/www.dpress.ma"],"url":"https:\/\/dpress.ma\/fr\/author\/dpress-ma\/"}]}},"amp_enabled":true,"_links":{"self":[{"href":"https:\/\/dpress.ma\/fr\/wp-json\/wp\/v2\/posts\/28557","targetHints":{"allow":["GET"]}}],"collection":[{"href":"https:\/\/dpress.ma\/fr\/wp-json\/wp\/v2\/posts"}],"about":[{"href":"https:\/\/dpress.ma\/fr\/wp-json\/wp\/v2\/types\/post"}],"author":[{"embeddable":true,"href":"https:\/\/dpress.ma\/fr\/wp-json\/wp\/v2\/users\/2"}],"replies":[{"embeddable":true,"href":"https:\/\/dpress.ma\/fr\/wp-json\/wp\/v2\/comments?post=28557"}],"version-history":[{"count":1,"href":"https:\/\/dpress.ma\/fr\/wp-json\/wp\/v2\/posts\/28557\/revisions"}],"predecessor-version":[{"id":28558,"href":"https:\/\/dpress.ma\/fr\/wp-json\/wp\/v2\/posts\/28557\/revisions\/28558"}],"wp:featuredmedia":[{"embeddable":true,"href":"https:\/\/dpress.ma\/fr\/wp-json\/wp\/v2\/media\/28409"}],"wp:attachment":[{"href":"https:\/\/dpress.ma\/fr\/wp-json\/wp\/v2\/media?parent=28557"}],"wp:term":[{"taxonomy":"category","embeddable":true,"href":"https:\/\/dpress.ma\/fr\/wp-json\/wp\/v2\/categories?post=28557"},{"taxonomy":"post_tag","embeddable":true,"href":"https:\/\/dpress.ma\/fr\/wp-json\/wp\/v2\/tags?post=28557"}],"curies":[{"name":"wp","href":"https:\/\/api.w.org\/{rel}","templated":true}]}}